{"id":10060,"date":"2021-08-16T05:56:08","date_gmt":"2021-08-16T03:56:08","guid":{"rendered":"https:\/\/radioleinewelle.de\/?p=10060"},"modified":"2021-08-16T05:56:08","modified_gmt":"2021-08-16T03:56:08","slug":"kultur-im-kreis-2021-programmheft-liegt-aus-festival-startet-im-september","status":"publish","type":"post","link":"https:\/\/radioleinewelle.de\/index.php\/2021\/08\/16\/kultur-im-kreis-2021-programmheft-liegt-aus-festival-startet-im-september\/","title":{"rendered":"Kultur im Kreis 2021: Programmheft liegt aus &#8211; Festival startet im September"},"content":{"rendered":"\n<p>Langsam nimmt das Kulturleben in der Region wieder Fahrt auf. Das Programmheft von \u201eKultur im Kreis 2021\u201c liegt aus. Das Kultur-Festival im G\u00f6ttinger Land startet am 03.09.2021 mit seinen anspruchsvollen Konzerten und Darbietungen an reizvollen Orten. Von Klassik bis Folk, von Gut Wi\u00dfmannshof bis zum Kurhaus Bad Lauterberg spannt sich der Bogen der diesj\u00e4hrigen Veranstaltungsreihe. Was wann und wo zu erleben ist, ist im handlichen Programmheft kompakt zusammengefasst. Es ist in Rath\u00e4usern und Gemeindeverwaltungen im Kreisgebiet erh\u00e4ltlich. Eine \u00dcbersicht ist zudem im Internet zu finden unter&nbsp;<a href=\"http:\/\/www.kulturimkreis.de\/\">www.kulturimkreis.de<\/a>.<\/p>\n","protected":false},"excerpt":{"rendered":"<p>Langsam nimmt das Kulturleben in der Region wieder Fahrt auf. Das Programmheft von \u201eKultur im Kreis 2021\u201c liegt aus. Das Kultur-Festival im G\u00f6ttinger Land startet am 03.09.2021 mit seinen anspruchsvollen Konzerten und Darbietungen an reizvollen Orten. Von Klassik bis Folk, von Gut Wi\u00dfmannshof bis zum Kurhaus Bad Lauterberg spannt sich der Bogen der diesj\u00e4hrigen Veranstaltungsreihe. [&hellip;]<\/p>\n","protected":false},"author":1,"featured_media":10063,"comment_status":"closed","ping_status":"closed","sticky":false,"template":"","format":"standard","meta":{"saved_in_kubio":false,"footnotes":""},"categories":[45],"tags":[2037,2038],"class_list":["post-10060","post","type-post","status-publish","format-standard","has-post-thumbnail","hentry","category-kultur","tag-kultur-im-kreis","tag-kultur-festival-im-goettinger-land"],"yoast_head":"<!-- This site is optimized with the Yoast SEO plugin v27.4 - https:\/\/yoast.com\/product\/yoast-seo-wordpress\/ -->\n<title>Kultur im Kreis 2021: Programmheft liegt aus - Festival startet im September - Radio Leinewelle<\/title>\n<meta name=\"robots\" content=\"index, follow, max-snippet:-1, max-image-preview:large, max-video-preview:-1\" \/>\n<link rel=\"canonical\" href=\"https:\/\/radioleinewelle.de\/index.php\/2021\/08\/16\/kultur-im-kreis-2021-programmheft-liegt-aus-festival-startet-im-september\/\" \/>\n<meta property=\"og:locale\" content=\"de_DE\" \/>\n<meta property=\"og:type\" content=\"article\" \/>\n<meta property=\"og:title\" content=\"Kultur im Kreis 2021: Programmheft liegt aus - Festival startet im September - Radio Leinewelle\" \/>\n<meta property=\"og:description\" content=\"Langsam nimmt das Kulturleben in der Region wieder Fahrt auf. Das Programmheft von \u201eKultur im Kreis 2021\u201c liegt aus. Das Kultur-Festival im G\u00f6ttinger Land startet am 03.09.2021 mit seinen anspruchsvollen Konzerten und Darbietungen an reizvollen Orten. Von Klassik bis Folk, von Gut Wi\u00dfmannshof bis zum Kurhaus Bad Lauterberg spannt sich der Bogen der diesj\u00e4hrigen Veranstaltungsreihe. [&hellip;]\" \/>\n<meta property=\"og:url\" content=\"https:\/\/radioleinewelle.de\/index.php\/2021\/08\/16\/kultur-im-kreis-2021-programmheft-liegt-aus-festival-startet-im-september\/\" \/>\n<meta property=\"og:site_name\" content=\"Radio Leinewelle\" \/>\n<meta property=\"article:publisher\" content=\"https:\/\/www.facebook.com\/radioleinewelle\" \/>\n<meta property=\"article:author\" content=\"https:\/\/www.facebook.com\/radioleinewelle\" \/>\n<meta property=\"article:published_time\" content=\"2021-08-16T03:56:08+00:00\" \/>\n<meta property=\"og:image\" content=\"https:\/\/radioleinewelle.de\/wp-content\/uploads\/2021\/08\/beitragsbild-header2.jpg\" \/>\n\t<meta property=\"og:image:width\" content=\"1900\" \/>\n\t<meta property=\"og:image:height\" content=\"413\" \/>\n\t<meta property=\"og:image:type\" content=\"image\/jpeg\" \/>\n<meta name=\"author\" content=\"Leinewelle\" \/>\n<meta name=\"twitter:card\" content=\"summary_large_image\" \/>\n<meta name=\"twitter:creator\" content=\"@https:\/\/twitter.com\/RLeinewelle?ref_src=twsrcgoogletwcampserptwgrauthor\" \/>\n<meta name=\"twitter:site\" content=\"@RLeinewelle\" \/>\n<meta name=\"twitter:label1\" content=\"Verfasst von\" \/>\n\t<meta name=\"twitter:data1\" content=\"Leinewelle\" \/>\n\t<meta name=\"twitter:label2\" content=\"Gesch\u00e4tzte Lesezeit\" \/>\n\t<meta name=\"twitter:data2\" content=\"1\u00a0Minute\" \/>\n<script type=\"application\/ld+json\" class=\"yoast-schema-graph\">{\"@context\":\"https:\\\/\\\/schema.org\",\"@graph\":[{\"@type\":\"Article\",\"@id\":\"https:\\\/\\\/radioleinewelle.de\\\/index.php\\\/2021\\\/08\\\/16\\\/kultur-im-kreis-2021-programmheft-liegt-aus-festival-startet-im-september\\\/#article\",\"isPartOf\":{\"@id\":\"https:\\\/\\\/radioleinewelle.de\\\/index.php\\\/2021\\\/08\\\/16\\\/kultur-im-kreis-2021-programmheft-liegt-aus-festival-startet-im-september\\\/\"},\"author\":{\"name\":\"Leinewelle\",\"@id\":\"https:\\\/\\\/radioleinewelle.de\\\/#\\\/schema\\\/person\\\/45606f348637df637192dc1b68399a63\"},\"headline\":\"Kultur im Kreis 2021: Programmheft liegt aus &#8211; Festival startet im September\",\"datePublished\":\"2021-08-16T03:56:08+00:00\",\"mainEntityOfPage\":{\"@id\":\"https:\\\/\\\/radioleinewelle.de\\\/index.php\\\/2021\\\/08\\\/16\\\/kultur-im-kreis-2021-programmheft-liegt-aus-festival-startet-im-september\\\/\"},\"wordCount\":104,\"publisher\":{\"@id\":\"https:\\\/\\\/radioleinewelle.de\\\/#organization\"},\"image\":{\"@id\":\"https:\\\/\\\/radioleinewelle.de\\\/index.php\\\/2021\\\/08\\\/16\\\/kultur-im-kreis-2021-programmheft-liegt-aus-festival-startet-im-september\\\/#primaryimage\"},\"thumbnailUrl\":\"https:\\\/\\\/radioleinewelle.de\\\/wp-content\\\/uploads\\\/2021\\\/08\\\/beitragsbild-header2.jpg\",\"keywords\":[\"Kultur im Kreis\",\"Kultur-Festival im G\u00f6ttinger Land\"],\"articleSection\":[\"Kultur\"],\"inLanguage\":\"de\"},{\"@type\":\"WebPage\",\"@id\":\"https:\\\/\\\/radioleinewelle.de\\\/index.php\\\/2021\\\/08\\\/16\\\/kultur-im-kreis-2021-programmheft-liegt-aus-festival-startet-im-september\\\/\",\"url\":\"https:\\\/\\\/radioleinewelle.de\\\/index.php\\\/2021\\\/08\\\/16\\\/kultur-im-kreis-2021-programmheft-liegt-aus-festival-startet-im-september\\\/\",\"name\":\"Kultur im Kreis 2021: Programmheft liegt aus - Festival startet im September - Radio Leinewelle\",\"isPartOf\":{\"@id\":\"https:\\\/\\\/radioleinewelle.de\\\/#website\"},\"primaryImageOfPage\":{\"@id\":\"https:\\\/\\\/radioleinewelle.de\\\/index.php\\\/2021\\\/08\\\/16\\\/kultur-im-kreis-2021-programmheft-liegt-aus-festival-startet-im-september\\\/#primaryimage\"},\"image\":{\"@id\":\"https:\\\/\\\/radioleinewelle.de\\\/index.php\\\/2021\\\/08\\\/16\\\/kultur-im-kreis-2021-programmheft-liegt-aus-festival-startet-im-september\\\/#primaryimage\"},\"thumbnailUrl\":\"https:\\\/\\\/radioleinewelle.de\\\/wp-content\\\/uploads\\\/2021\\\/08\\\/beitragsbild-header2.jpg\",\"datePublished\":\"2021-08-16T03:56:08+00:00\",\"breadcrumb\":{\"@id\":\"https:\\\/\\\/radioleinewelle.de\\\/index.php\\\/2021\\\/08\\\/16\\\/kultur-im-kreis-2021-programmheft-liegt-aus-festival-startet-im-september\\\/#breadcrumb\"},\"inLanguage\":\"de\",\"potentialAction\":[{\"@type\":\"ReadAction\",\"target\":[\"https:\\\/\\\/radioleinewelle.de\\\/index.php\\\/2021\\\/08\\\/16\\\/kultur-im-kreis-2021-programmheft-liegt-aus-festival-startet-im-september\\\/\"]}]},{\"@type\":\"ImageObject\",\"inLanguage\":\"de\",\"@id\":\"https:\\\/\\\/radioleinewelle.de\\\/index.php\\\/2021\\\/08\\\/16\\\/kultur-im-kreis-2021-programmheft-liegt-aus-festival-startet-im-september\\\/#primaryimage\",\"url\":\"https:\\\/\\\/radioleinewelle.de\\\/wp-content\\\/uploads\\\/2021\\\/08\\\/beitragsbild-header2.jpg\",\"contentUrl\":\"https:\\\/\\\/radioleinewelle.de\\\/wp-content\\\/uploads\\\/2021\\\/08\\\/beitragsbild-header2.jpg\",\"width\":1900,\"height\":413},{\"@type\":\"BreadcrumbList\",\"@id\":\"https:\\\/\\\/radioleinewelle.de\\\/index.php\\\/2021\\\/08\\\/16\\\/kultur-im-kreis-2021-programmheft-liegt-aus-festival-startet-im-september\\\/#breadcrumb\",\"itemListElement\":[{\"@type\":\"ListItem\",\"position\":1,\"name\":\"Startseite\",\"item\":\"https:\\\/\\\/radioleinewelle.de\\\/\"},{\"@type\":\"ListItem\",\"position\":2,\"name\":\"Kultur im Kreis 2021: Programmheft liegt aus &#8211; Festival startet im September\"}]},{\"@type\":\"WebSite\",\"@id\":\"https:\\\/\\\/radioleinewelle.de\\\/#website\",\"url\":\"https:\\\/\\\/radioleinewelle.de\\\/\",\"name\":\"Radio Leinewelle\",\"description\":\"\",\"publisher\":{\"@id\":\"https:\\\/\\\/radioleinewelle.de\\\/#organization\"},\"potentialAction\":[{\"@type\":\"SearchAction\",\"target\":{\"@type\":\"EntryPoint\",\"urlTemplate\":\"https:\\\/\\\/radioleinewelle.de\\\/?s={search_term_string}\"},\"query-input\":{\"@type\":\"PropertyValueSpecification\",\"valueRequired\":true,\"valueName\":\"search_term_string\"}}],\"inLanguage\":\"de\"},{\"@type\":\"Organization\",\"@id\":\"https:\\\/\\\/radioleinewelle.de\\\/#organization\",\"name\":\"Radio Leinewelle\",\"alternateName\":\"Mein Radio f\u00fcr S\u00fcdniedersachsen\",\"url\":\"https:\\\/\\\/radioleinewelle.de\\\/\",\"logo\":{\"@type\":\"ImageObject\",\"inLanguage\":\"de\",\"@id\":\"https:\\\/\\\/radioleinewelle.de\\\/#\\\/schema\\\/logo\\\/image\\\/\",\"url\":\"https:\\\/\\\/radioleinewelle.de\\\/wp-content\\\/uploads\\\/2023\\\/11\\\/cropped-Leinewelle_Logo_weiss.png\",\"contentUrl\":\"https:\\\/\\\/radioleinewelle.de\\\/wp-content\\\/uploads\\\/2023\\\/11\\\/cropped-Leinewelle_Logo_weiss.png\",\"width\":854,\"height\":260,\"caption\":\"Radio Leinewelle\"},\"image\":{\"@id\":\"https:\\\/\\\/radioleinewelle.de\\\/#\\\/schema\\\/logo\\\/image\\\/\"},\"sameAs\":[\"https:\\\/\\\/www.facebook.com\\\/radioleinewelle\",\"https:\\\/\\\/x.com\\\/RLeinewelle\",\"https:\\\/\\\/www.instagram.com\\\/radioleinewelle\\\/?hl=de\"]},{\"@type\":\"Person\",\"@id\":\"https:\\\/\\\/radioleinewelle.de\\\/#\\\/schema\\\/person\\\/45606f348637df637192dc1b68399a63\",\"name\":\"Leinewelle\",\"image\":{\"@type\":\"ImageObject\",\"inLanguage\":\"de\",\"@id\":\"https:\\\/\\\/secure.gravatar.com\\\/avatar\\\/05c9a17bc973052ee5d91549bd32fb4dd0dc85b7b85ae94b2e2b4943476bbea5?s=96&d=blank&r=g\",\"url\":\"https:\\\/\\\/secure.gravatar.com\\\/avatar\\\/05c9a17bc973052ee5d91549bd32fb4dd0dc85b7b85ae94b2e2b4943476bbea5?s=96&d=blank&r=g\",\"contentUrl\":\"https:\\\/\\\/secure.gravatar.com\\\/avatar\\\/05c9a17bc973052ee5d91549bd32fb4dd0dc85b7b85ae94b2e2b4943476bbea5?s=96&d=blank&r=g\",\"caption\":\"Leinewelle\"},\"sameAs\":[\"http:\\\/\\\/localhost\\\/radio%20leinewelle\\\/wordpress\",\"https:\\\/\\\/www.facebook.com\\\/radioleinewelle\",\"https:\\\/\\\/www.instagram.com\\\/radioleinewelle\",\"https:\\\/\\\/x.com\\\/https:\\\/\\\/twitter.com\\\/RLeinewelle?ref_src=twsrcgoogletwcampserptwgrauthor\",\"https:\\\/\\\/soundcloud.com\\\/foerderverein-lokalradio?utm_source=clipboard&utm_medium=text&utm_campaign=social_sharing\"],\"url\":\"https:\\\/\\\/radioleinewelle.de\\\/index.php\\\/author\\\/leinewelle\\\/\"}]}<\/script>\n<!-- \/ Yoast SEO plugin. -->","yoast_head_json":{"title":"Kultur im Kreis 2021: Programmheft liegt aus - Festival startet im September - Radio Leinewelle","robots":{"index":"index","follow":"follow","max-snippet":"max-snippet:-1","max-image-preview":"max-image-preview:large","max-video-preview":"max-video-preview:-1"},"canonical":"https:\/\/radioleinewelle.de\/index.php\/2021\/08\/16\/kultur-im-kreis-2021-programmheft-liegt-aus-festival-startet-im-september\/","og_locale":"de_DE","og_type":"article","og_title":"Kultur im Kreis 2021: Programmheft liegt aus - Festival startet im September - Radio Leinewelle","og_description":"Langsam nimmt das Kulturleben in der Region wieder Fahrt auf. Das Programmheft von \u201eKultur im Kreis 2021\u201c liegt aus. Das Kultur-Festival im G\u00f6ttinger Land startet am 03.09.2021 mit seinen anspruchsvollen Konzerten und Darbietungen an reizvollen Orten. Von Klassik bis Folk, von Gut Wi\u00dfmannshof bis zum Kurhaus Bad Lauterberg spannt sich der Bogen der diesj\u00e4hrigen Veranstaltungsreihe. [&hellip;]","og_url":"https:\/\/radioleinewelle.de\/index.php\/2021\/08\/16\/kultur-im-kreis-2021-programmheft-liegt-aus-festival-startet-im-september\/","og_site_name":"Radio Leinewelle","article_publisher":"https:\/\/www.facebook.com\/radioleinewelle","article_author":"https:\/\/www.facebook.com\/radioleinewelle","article_published_time":"2021-08-16T03:56:08+00:00","og_image":[{"width":1900,"height":413,"url":"https:\/\/radioleinewelle.de\/wp-content\/uploads\/2021\/08\/beitragsbild-header2.jpg","type":"image\/jpeg"}],"author":"Leinewelle","twitter_card":"summary_large_image","twitter_creator":"@https:\/\/twitter.com\/RLeinewelle?ref_src=twsrcgoogletwcampserptwgrauthor","twitter_site":"@RLeinewelle","twitter_misc":{"Verfasst von":"Leinewelle","Gesch\u00e4tzte Lesezeit":"1\u00a0Minute"},"schema":{"@context":"https:\/\/schema.org","@graph":[{"@type":"Article","@id":"https:\/\/radioleinewelle.de\/index.php\/2021\/08\/16\/kultur-im-kreis-2021-programmheft-liegt-aus-festival-startet-im-september\/#article","isPartOf":{"@id":"https:\/\/radioleinewelle.de\/index.php\/2021\/08\/16\/kultur-im-kreis-2021-programmheft-liegt-aus-festival-startet-im-september\/"},"author":{"name":"Leinewelle","@id":"https:\/\/radioleinewelle.de\/#\/schema\/person\/45606f348637df637192dc1b68399a63"},"headline":"Kultur im Kreis 2021: Programmheft liegt aus &#8211; Festival startet im September","datePublished":"2021-08-16T03:56:08+00:00","mainEntityOfPage":{"@id":"https:\/\/radioleinewelle.de\/index.php\/2021\/08\/16\/kultur-im-kreis-2021-programmheft-liegt-aus-festival-startet-im-september\/"},"wordCount":104,"publisher":{"@id":"https:\/\/radioleinewelle.de\/#organization"},"image":{"@id":"https:\/\/radioleinewelle.de\/index.php\/2021\/08\/16\/kultur-im-kreis-2021-programmheft-liegt-aus-festival-startet-im-september\/#primaryimage"},"thumbnailUrl":"https:\/\/radioleinewelle.de\/wp-content\/uploads\/2021\/08\/beitragsbild-header2.jpg","keywords":["Kultur im Kreis","Kultur-Festival im G\u00f6ttinger Land"],"articleSection":["Kultur"],"inLanguage":"de"},{"@type":"WebPage","@id":"https:\/\/radioleinewelle.de\/index.php\/2021\/08\/16\/kultur-im-kreis-2021-programmheft-liegt-aus-festival-startet-im-september\/","url":"https:\/\/radioleinewelle.de\/index.php\/2021\/08\/16\/kultur-im-kreis-2021-programmheft-liegt-aus-festival-startet-im-september\/","name":"Kultur im Kreis 2021: Programmheft liegt aus - Festival startet im September - Radio Leinewelle","isPartOf":{"@id":"https:\/\/radioleinewelle.de\/#website"},"primaryImageOfPage":{"@id":"https:\/\/radioleinewelle.de\/index.php\/2021\/08\/16\/kultur-im-kreis-2021-programmheft-liegt-aus-festival-startet-im-september\/#primaryimage"},"image":{"@id":"https:\/\/radioleinewelle.de\/index.php\/2021\/08\/16\/kultur-im-kreis-2021-programmheft-liegt-aus-festival-startet-im-september\/#primaryimage"},"thumbnailUrl":"https:\/\/radioleinewelle.de\/wp-content\/uploads\/2021\/08\/beitragsbild-header2.jpg","datePublished":"2021-08-16T03:56:08+00:00","breadcrumb":{"@id":"https:\/\/radioleinewelle.de\/index.php\/2021\/08\/16\/kultur-im-kreis-2021-programmheft-liegt-aus-festival-startet-im-september\/#breadcrumb"},"inLanguage":"de","potentialAction":[{"@type":"ReadAction","target":["https:\/\/radioleinewelle.de\/index.php\/2021\/08\/16\/kultur-im-kreis-2021-programmheft-liegt-aus-festival-startet-im-september\/"]}]},{"@type":"ImageObject","inLanguage":"de","@id":"https:\/\/radioleinewelle.de\/index.php\/2021\/08\/16\/kultur-im-kreis-2021-programmheft-liegt-aus-festival-startet-im-september\/#primaryimage","url":"https:\/\/radioleinewelle.de\/wp-content\/uploads\/2021\/08\/beitragsbild-header2.jpg","contentUrl":"https:\/\/radioleinewelle.de\/wp-content\/uploads\/2021\/08\/beitragsbild-header2.jpg","width":1900,"height":413},{"@type":"BreadcrumbList","@id":"https:\/\/radioleinewelle.de\/index.php\/2021\/08\/16\/kultur-im-kreis-2021-programmheft-liegt-aus-festival-startet-im-september\/#breadcrumb","itemListElement":[{"@type":"ListItem","position":1,"name":"Startseite","item":"https:\/\/radioleinewelle.de\/"},{"@type":"ListItem","position":2,"name":"Kultur im Kreis 2021: Programmheft liegt aus &#8211; Festival startet im September"}]},{"@type":"WebSite","@id":"https:\/\/radioleinewelle.de\/#website","url":"https:\/\/radioleinewelle.de\/","name":"Radio Leinewelle","description":"","publisher":{"@id":"https:\/\/radioleinewelle.de\/#organization"},"potentialAction":[{"@type":"SearchAction","target":{"@type":"EntryPoint","urlTemplate":"https:\/\/radioleinewelle.de\/?s={search_term_string}"},"query-input":{"@type":"PropertyValueSpecification","valueRequired":true,"valueName":"search_term_string"}}],"inLanguage":"de"},{"@type":"Organization","@id":"https:\/\/radioleinewelle.de\/#organization","name":"Radio Leinewelle","alternateName":"Mein Radio f\u00fcr S\u00fcdniedersachsen","url":"https:\/\/radioleinewelle.de\/","logo":{"@type":"ImageObject","inLanguage":"de","@id":"https:\/\/radioleinewelle.de\/#\/schema\/logo\/image\/","url":"https:\/\/radioleinewelle.de\/wp-content\/uploads\/2023\/11\/cropped-Leinewelle_Logo_weiss.png","contentUrl":"https:\/\/radioleinewelle.de\/wp-content\/uploads\/2023\/11\/cropped-Leinewelle_Logo_weiss.png","width":854,"height":260,"caption":"Radio Leinewelle"},"image":{"@id":"https:\/\/radioleinewelle.de\/#\/schema\/logo\/image\/"},"sameAs":["https:\/\/www.facebook.com\/radioleinewelle","https:\/\/x.com\/RLeinewelle","https:\/\/www.instagram.com\/radioleinewelle\/?hl=de"]},{"@type":"Person","@id":"https:\/\/radioleinewelle.de\/#\/schema\/person\/45606f348637df637192dc1b68399a63","name":"Leinewelle","image":{"@type":"ImageObject","inLanguage":"de","@id":"https:\/\/secure.gravatar.com\/avatar\/05c9a17bc973052ee5d91549bd32fb4dd0dc85b7b85ae94b2e2b4943476bbea5?s=96&d=blank&r=g","url":"https:\/\/secure.gravatar.com\/avatar\/05c9a17bc973052ee5d91549bd32fb4dd0dc85b7b85ae94b2e2b4943476bbea5?s=96&d=blank&r=g","contentUrl":"https:\/\/secure.gravatar.com\/avatar\/05c9a17bc973052ee5d91549bd32fb4dd0dc85b7b85ae94b2e2b4943476bbea5?s=96&d=blank&r=g","caption":"Leinewelle"},"sameAs":["http:\/\/localhost\/radio%20leinewelle\/wordpress","https:\/\/www.facebook.com\/radioleinewelle","https:\/\/www.instagram.com\/radioleinewelle","https:\/\/x.com\/https:\/\/twitter.com\/RLeinewelle?ref_src=twsrcgoogletwcampserptwgrauthor","https:\/\/soundcloud.com\/foerderverein-lokalradio?utm_source=clipboard&utm_medium=text&utm_campaign=social_sharing"],"url":"https:\/\/radioleinewelle.de\/index.php\/author\/leinewelle\/"}]}},"_links":{"self":[{"href":"https:\/\/radioleinewelle.de\/index.php\/wp-json\/wp\/v2\/posts\/10060","targetHints":{"allow":["GET"]}}],"collection":[{"href":"https:\/\/radioleinewelle.de\/index.php\/wp-json\/wp\/v2\/posts"}],"about":[{"href":"https:\/\/radioleinewelle.de\/index.php\/wp-json\/wp\/v2\/types\/post"}],"author":[{"embeddable":true,"href":"https:\/\/radioleinewelle.de\/index.php\/wp-json\/wp\/v2\/users\/1"}],"replies":[{"embeddable":true,"href":"https:\/\/radioleinewelle.de\/index.php\/wp-json\/wp\/v2\/comments?post=10060"}],"version-history":[{"count":0,"href":"https:\/\/radioleinewelle.de\/index.php\/wp-json\/wp\/v2\/posts\/10060\/revisions"}],"wp:featuredmedia":[{"embeddable":true,"href":"https:\/\/radioleinewelle.de\/index.php\/wp-json\/wp\/v2\/media\/10063"}],"wp:attachment":[{"href":"https:\/\/radioleinewelle.de\/index.php\/wp-json\/wp\/v2\/media?parent=10060"}],"wp:term":[{"taxonomy":"category","embeddable":true,"href":"https:\/\/radioleinewelle.de\/index.php\/wp-json\/wp\/v2\/categories?post=10060"},{"taxonomy":"post_tag","embeddable":true,"href":"https:\/\/radioleinewelle.de\/index.php\/wp-json\/wp\/v2\/tags?post=10060"}],"curies":[{"name":"wp","href":"https:\/\/api.w.org\/{rel}","templated":true}]}}