{"id":10570,"date":"2021-09-08T06:26:39","date_gmt":"2021-09-08T04:26:39","guid":{"rendered":"https:\/\/radioleinewelle.de\/?p=10570"},"modified":"2021-09-08T06:26:39","modified_gmt":"2021-09-08T04:26:39","slug":"erfolgreiches-examen-57-gesundheits-und-kranken-und-kinderkrankenpflegekraefte-der-umg-pflegefachschule-aus-sieben-nationen-feiern","status":"publish","type":"post","link":"https:\/\/radioleinewelle.de\/index.php\/2021\/09\/08\/erfolgreiches-examen-57-gesundheits-und-kranken-und-kinderkrankenpflegekraefte-der-umg-pflegefachschule-aus-sieben-nationen-feiern\/","title":{"rendered":"Erfolgreiches Examen: 57 Gesundheits- und Kranken- und Kinderkrankenpflegekr\u00e4fte der UMG-Pflegefachschule aus sieben Nationen feiern"},"content":{"rendered":"\n<p>(umg) 57 Absolvent*innen des Ausbildungszyklus 2018 bis 2021 an der Berufsfachschule Pflege der Bildungsakademie der Universit\u00e4tsmedizin G\u00f6ttingen (UMG) haben erfolgreich ihre staatlichen Examina in der Gesundheits- und Krankenpflege und der Gesundheits- und Kinderkrankenpflege abgelegt.<\/p>\n\n\n\n<p>Bedingt durch die Corona-Pandemie mussten die Absolvent*innen w\u00e4hrend der H\u00e4lfte ihrer Ausbildungzeit Einschr\u00e4nkungen in der Praxis und in der Theorie hinnehmen: \u00dcber mehrere Monate hinweg konnte keine Ausbildung direkt auf Station stattfinden und auch das sonst \u00fcbliche Anleitungsprojekt in der Kinderklinik war nicht durchf\u00fchrbar. Der theoretische Unterricht wurde als Distanzunterricht \u00fcber Zoom abgehalten, Pr\u00e4senzunterricht war nur in Teilgruppen m\u00f6glich. Am Ende war die Freude gro\u00df, dass die praktischen Pr\u00fcfungen nicht wie im Vorjahr an Demonstrationspuppen in der Schule, sondern auf den Stationen mit Patient*innen und den Praxisanleiter*innen als Zweitpr\u00fcfer*innen abgelegt werden konnten.<\/p>\n\n\n\n<p>Von den 57 erfolgreichen Absolvent*innen bleiben 47 als Mitarbeiter*innen an der UMG. Die Examinierten kommen aus insgesamt sieben Nationen: Afghanistan, Irak, Russland, Simbabwe, Syrien, T\u00fcrkei und Deutschland. \u201eDieser Ausbildungsjahrgang ist ein sehr gutes Beispiel f\u00fcr eine gelungene Integration\u201c, sagt Meike Tarwitz, Leiterin der Berufsfachschule Pflege der UMG.<\/p>\n\n\n\n<p>Die Berufsfachschule Pflege an der Bildungsakademie der UMG ist mit rund 225 Ausbildungspl\u00e4tzen \u00fcber drei Jahre hinweg (75 Ausbildungspl\u00e4tze pro Jahr) die gr\u00f6\u00dfte Ausbildungseinrichtung f\u00fcr Pflegeberufe in S\u00fcdniedersachsen.<\/p>\n\n\n\n<p>Am 1. September 2021 starteten zum zweiten Mal 74 Auszubildende mit der generalistischen Pflegeausbildung zum neuen Berufsbild \u201ePflegefachfrau und Pflegefachmann\u201c. 24 Auszubildende begannen gleichzeitig mit dem ausbildungsintegrierenden pflegewissenschaftlichen Bachelorstudiengang am Gesundheitscampus G\u00f6ttingen.<\/p>\n\n\n\n<p>Bewerbungen f\u00fcr den Ausbildungsstart am 1. September 2022 k\u00f6nnen ab sofort bis zum 31. Mai 2022 eingereicht werden.<\/p>\n","protected":false},"excerpt":{"rendered":"<p>(umg) 57 Absolvent*innen des Ausbildungszyklus 2018 bis 2021 an der Berufsfachschule Pflege der Bildungsakademie der Universit\u00e4tsmedizin G\u00f6ttingen (UMG) haben erfolgreich ihre staatlichen Examina in der Gesundheits- und Krankenpflege und der Gesundheits- und Kinderkrankenpflege abgelegt. Bedingt durch die Corona-Pandemie mussten die Absolvent*innen w\u00e4hrend der H\u00e4lfte ihrer Ausbildungzeit Einschr\u00e4nkungen in der Praxis und in der Theorie hinnehmen: [&hellip;]<\/p>\n","protected":false},"author":1,"featured_media":0,"comment_status":"closed","ping_status":"closed","sticky":false,"template":"","format":"standard","meta":{"saved_in_kubio":false,"footnotes":""},"categories":[1],"tags":[],"class_list":["post-10570","post","type-post","status-publish","format-standard","hentry","category-allgemein"],"yoast_head":"<!-- This site is optimized with the Yoast SEO plugin v27.5 - https:\/\/yoast.com\/product\/yoast-seo-wordpress\/ -->\n<title>Erfolgreiches Examen: 57 Gesundheits- und Kranken- und Kinderkrankenpflegekr\u00e4fte der UMG-Pflegefachschule aus sieben Nationen feiern - Radio Leinewelle<\/title>\n<meta name=\"robots\" content=\"index, follow, max-snippet:-1, max-image-preview:large, max-video-preview:-1\" \/>\n<link rel=\"canonical\" href=\"https:\/\/radioleinewelle.de\/index.php\/2021\/09\/08\/erfolgreiches-examen-57-gesundheits-und-kranken-und-kinderkrankenpflegekraefte-der-umg-pflegefachschule-aus-sieben-nationen-feiern\/\" \/>\n<meta property=\"og:locale\" content=\"de_DE\" \/>\n<meta property=\"og:type\" content=\"article\" \/>\n<meta property=\"og:title\" content=\"Erfolgreiches Examen: 57 Gesundheits- und Kranken- und Kinderkrankenpflegekr\u00e4fte der UMG-Pflegefachschule aus sieben Nationen feiern - Radio Leinewelle\" \/>\n<meta property=\"og:description\" content=\"(umg) 57 Absolvent*innen des Ausbildungszyklus 2018 bis 2021 an der Berufsfachschule Pflege der Bildungsakademie der Universit\u00e4tsmedizin G\u00f6ttingen (UMG) haben erfolgreich ihre staatlichen Examina in der Gesundheits- und Krankenpflege und der Gesundheits- und Kinderkrankenpflege abgelegt. Bedingt durch die Corona-Pandemie mussten die Absolvent*innen w\u00e4hrend der H\u00e4lfte ihrer Ausbildungzeit Einschr\u00e4nkungen in der Praxis und in der Theorie hinnehmen: [&hellip;]\" \/>\n<meta property=\"og:url\" content=\"https:\/\/radioleinewelle.de\/index.php\/2021\/09\/08\/erfolgreiches-examen-57-gesundheits-und-kranken-und-kinderkrankenpflegekraefte-der-umg-pflegefachschule-aus-sieben-nationen-feiern\/\" \/>\n<meta property=\"og:site_name\" content=\"Radio Leinewelle\" \/>\n<meta property=\"article:publisher\" content=\"https:\/\/www.facebook.com\/radioleinewelle\" \/>\n<meta property=\"article:author\" content=\"https:\/\/www.facebook.com\/radioleinewelle\" \/>\n<meta property=\"article:published_time\" content=\"2021-09-08T04:26:39+00:00\" \/>\n<meta name=\"author\" content=\"Leinewelle\" \/>\n<meta name=\"twitter:card\" content=\"summary_large_image\" \/>\n<meta name=\"twitter:creator\" content=\"@https:\/\/twitter.com\/RLeinewelle?ref_src=twsrcgoogletwcampserptwgrauthor\" \/>\n<meta name=\"twitter:site\" content=\"@RLeinewelle\" \/>\n<meta name=\"twitter:label1\" content=\"Verfasst von\" \/>\n\t<meta name=\"twitter:data1\" content=\"Leinewelle\" \/>\n\t<meta name=\"twitter:label2\" content=\"Gesch\u00e4tzte Lesezeit\" \/>\n\t<meta name=\"twitter:data2\" content=\"2\u00a0Minuten\" \/>\n<script type=\"application\/ld+json\" class=\"yoast-schema-graph\">{\"@context\":\"https:\\\/\\\/schema.org\",\"@graph\":[{\"@type\":\"Article\",\"@id\":\"https:\\\/\\\/radioleinewelle.de\\\/index.php\\\/2021\\\/09\\\/08\\\/erfolgreiches-examen-57-gesundheits-und-kranken-und-kinderkrankenpflegekraefte-der-umg-pflegefachschule-aus-sieben-nationen-feiern\\\/#article\",\"isPartOf\":{\"@id\":\"https:\\\/\\\/radioleinewelle.de\\\/index.php\\\/2021\\\/09\\\/08\\\/erfolgreiches-examen-57-gesundheits-und-kranken-und-kinderkrankenpflegekraefte-der-umg-pflegefachschule-aus-sieben-nationen-feiern\\\/\"},\"author\":{\"name\":\"Leinewelle\",\"@id\":\"https:\\\/\\\/radioleinewelle.de\\\/#\\\/schema\\\/person\\\/45606f348637df637192dc1b68399a63\"},\"headline\":\"Erfolgreiches Examen: 57 Gesundheits- und Kranken- und Kinderkrankenpflegekr\u00e4fte der UMG-Pflegefachschule aus sieben Nationen feiern\",\"datePublished\":\"2021-09-08T04:26:39+00:00\",\"mainEntityOfPage\":{\"@id\":\"https:\\\/\\\/radioleinewelle.de\\\/index.php\\\/2021\\\/09\\\/08\\\/erfolgreiches-examen-57-gesundheits-und-kranken-und-kinderkrankenpflegekraefte-der-umg-pflegefachschule-aus-sieben-nationen-feiern\\\/\"},\"wordCount\":277,\"publisher\":{\"@id\":\"https:\\\/\\\/radioleinewelle.de\\\/#organization\"},\"inLanguage\":\"de\"},{\"@type\":\"WebPage\",\"@id\":\"https:\\\/\\\/radioleinewelle.de\\\/index.php\\\/2021\\\/09\\\/08\\\/erfolgreiches-examen-57-gesundheits-und-kranken-und-kinderkrankenpflegekraefte-der-umg-pflegefachschule-aus-sieben-nationen-feiern\\\/\",\"url\":\"https:\\\/\\\/radioleinewelle.de\\\/index.php\\\/2021\\\/09\\\/08\\\/erfolgreiches-examen-57-gesundheits-und-kranken-und-kinderkrankenpflegekraefte-der-umg-pflegefachschule-aus-sieben-nationen-feiern\\\/\",\"name\":\"Erfolgreiches Examen: 57 Gesundheits- und Kranken- und Kinderkrankenpflegekr\u00e4fte der UMG-Pflegefachschule aus sieben Nationen feiern - Radio Leinewelle\",\"isPartOf\":{\"@id\":\"https:\\\/\\\/radioleinewelle.de\\\/#website\"},\"datePublished\":\"2021-09-08T04:26:39+00:00\",\"breadcrumb\":{\"@id\":\"https:\\\/\\\/radioleinewelle.de\\\/index.php\\\/2021\\\/09\\\/08\\\/erfolgreiches-examen-57-gesundheits-und-kranken-und-kinderkrankenpflegekraefte-der-umg-pflegefachschule-aus-sieben-nationen-feiern\\\/#breadcrumb\"},\"inLanguage\":\"de\",\"potentialAction\":[{\"@type\":\"ReadAction\",\"target\":[\"https:\\\/\\\/radioleinewelle.de\\\/index.php\\\/2021\\\/09\\\/08\\\/erfolgreiches-examen-57-gesundheits-und-kranken-und-kinderkrankenpflegekraefte-der-umg-pflegefachschule-aus-sieben-nationen-feiern\\\/\"]}]},{\"@type\":\"BreadcrumbList\",\"@id\":\"https:\\\/\\\/radioleinewelle.de\\\/index.php\\\/2021\\\/09\\\/08\\\/erfolgreiches-examen-57-gesundheits-und-kranken-und-kinderkrankenpflegekraefte-der-umg-pflegefachschule-aus-sieben-nationen-feiern\\\/#breadcrumb\",\"itemListElement\":[{\"@type\":\"ListItem\",\"position\":1,\"name\":\"Startseite\",\"item\":\"https:\\\/\\\/radioleinewelle.de\\\/\"},{\"@type\":\"ListItem\",\"position\":2,\"name\":\"Erfolgreiches Examen: 57 Gesundheits- und Kranken- und Kinderkrankenpflegekr\u00e4fte der UMG-Pflegefachschule aus sieben Nationen feiern\"}]},{\"@type\":\"WebSite\",\"@id\":\"https:\\\/\\\/radioleinewelle.de\\\/#website\",\"url\":\"https:\\\/\\\/radioleinewelle.de\\\/\",\"name\":\"Radio Leinewelle\",\"description\":\"\",\"publisher\":{\"@id\":\"https:\\\/\\\/radioleinewelle.de\\\/#organization\"},\"potentialAction\":[{\"@type\":\"SearchAction\",\"target\":{\"@type\":\"EntryPoint\",\"urlTemplate\":\"https:\\\/\\\/radioleinewelle.de\\\/?s={search_term_string}\"},\"query-input\":{\"@type\":\"PropertyValueSpecification\",\"valueRequired\":true,\"valueName\":\"search_term_string\"}}],\"inLanguage\":\"de\"},{\"@type\":\"Organization\",\"@id\":\"https:\\\/\\\/radioleinewelle.de\\\/#organization\",\"name\":\"Radio Leinewelle\",\"alternateName\":\"Mein Radio f\u00fcr S\u00fcdniedersachsen\",\"url\":\"https:\\\/\\\/radioleinewelle.de\\\/\",\"logo\":{\"@type\":\"ImageObject\",\"inLanguage\":\"de\",\"@id\":\"https:\\\/\\\/radioleinewelle.de\\\/#\\\/schema\\\/logo\\\/image\\\/\",\"url\":\"https:\\\/\\\/radioleinewelle.de\\\/wp-content\\\/uploads\\\/2023\\\/11\\\/cropped-Leinewelle_Logo_weiss.png\",\"contentUrl\":\"https:\\\/\\\/radioleinewelle.de\\\/wp-content\\\/uploads\\\/2023\\\/11\\\/cropped-Leinewelle_Logo_weiss.png\",\"width\":854,\"height\":260,\"caption\":\"Radio Leinewelle\"},\"image\":{\"@id\":\"https:\\\/\\\/radioleinewelle.de\\\/#\\\/schema\\\/logo\\\/image\\\/\"},\"sameAs\":[\"https:\\\/\\\/www.facebook.com\\\/radioleinewelle\",\"https:\\\/\\\/x.com\\\/RLeinewelle\",\"https:\\\/\\\/www.instagram.com\\\/radioleinewelle\\\/?hl=de\"]},{\"@type\":\"Person\",\"@id\":\"https:\\\/\\\/radioleinewelle.de\\\/#\\\/schema\\\/person\\\/45606f348637df637192dc1b68399a63\",\"name\":\"Leinewelle\",\"image\":{\"@type\":\"ImageObject\",\"inLanguage\":\"de\",\"@id\":\"https:\\\/\\\/secure.gravatar.com\\\/avatar\\\/05c9a17bc973052ee5d91549bd32fb4dd0dc85b7b85ae94b2e2b4943476bbea5?s=96&d=blank&r=g\",\"url\":\"https:\\\/\\\/secure.gravatar.com\\\/avatar\\\/05c9a17bc973052ee5d91549bd32fb4dd0dc85b7b85ae94b2e2b4943476bbea5?s=96&d=blank&r=g\",\"contentUrl\":\"https:\\\/\\\/secure.gravatar.com\\\/avatar\\\/05c9a17bc973052ee5d91549bd32fb4dd0dc85b7b85ae94b2e2b4943476bbea5?s=96&d=blank&r=g\",\"caption\":\"Leinewelle\"},\"sameAs\":[\"http:\\\/\\\/localhost\\\/radio%20leinewelle\\\/wordpress\",\"https:\\\/\\\/www.facebook.com\\\/radioleinewelle\",\"https:\\\/\\\/www.instagram.com\\\/radioleinewelle\",\"https:\\\/\\\/x.com\\\/https:\\\/\\\/twitter.com\\\/RLeinewelle?ref_src=twsrcgoogletwcampserptwgrauthor\",\"https:\\\/\\\/soundcloud.com\\\/foerderverein-lokalradio?utm_source=clipboard&utm_medium=text&utm_campaign=social_sharing\"],\"url\":\"https:\\\/\\\/radioleinewelle.de\\\/index.php\\\/author\\\/leinewelle\\\/\"}]}<\/script>\n<!-- \/ Yoast SEO plugin. -->","yoast_head_json":{"title":"Erfolgreiches Examen: 57 Gesundheits- und Kranken- und Kinderkrankenpflegekr\u00e4fte der UMG-Pflegefachschule aus sieben Nationen feiern - Radio Leinewelle","robots":{"index":"index","follow":"follow","max-snippet":"max-snippet:-1","max-image-preview":"max-image-preview:large","max-video-preview":"max-video-preview:-1"},"canonical":"https:\/\/radioleinewelle.de\/index.php\/2021\/09\/08\/erfolgreiches-examen-57-gesundheits-und-kranken-und-kinderkrankenpflegekraefte-der-umg-pflegefachschule-aus-sieben-nationen-feiern\/","og_locale":"de_DE","og_type":"article","og_title":"Erfolgreiches Examen: 57 Gesundheits- und Kranken- und Kinderkrankenpflegekr\u00e4fte der UMG-Pflegefachschule aus sieben Nationen feiern - Radio Leinewelle","og_description":"(umg) 57 Absolvent*innen des Ausbildungszyklus 2018 bis 2021 an der Berufsfachschule Pflege der Bildungsakademie der Universit\u00e4tsmedizin G\u00f6ttingen (UMG) haben erfolgreich ihre staatlichen Examina in der Gesundheits- und Krankenpflege und der Gesundheits- und Kinderkrankenpflege abgelegt. Bedingt durch die Corona-Pandemie mussten die Absolvent*innen w\u00e4hrend der H\u00e4lfte ihrer Ausbildungzeit Einschr\u00e4nkungen in der Praxis und in der Theorie hinnehmen: [&hellip;]","og_url":"https:\/\/radioleinewelle.de\/index.php\/2021\/09\/08\/erfolgreiches-examen-57-gesundheits-und-kranken-und-kinderkrankenpflegekraefte-der-umg-pflegefachschule-aus-sieben-nationen-feiern\/","og_site_name":"Radio Leinewelle","article_publisher":"https:\/\/www.facebook.com\/radioleinewelle","article_author":"https:\/\/www.facebook.com\/radioleinewelle","article_published_time":"2021-09-08T04:26:39+00:00","author":"Leinewelle","twitter_card":"summary_large_image","twitter_creator":"@https:\/\/twitter.com\/RLeinewelle?ref_src=twsrcgoogletwcampserptwgrauthor","twitter_site":"@RLeinewelle","twitter_misc":{"Verfasst von":"Leinewelle","Gesch\u00e4tzte Lesezeit":"2\u00a0Minuten"},"schema":{"@context":"https:\/\/schema.org","@graph":[{"@type":"Article","@id":"https:\/\/radioleinewelle.de\/index.php\/2021\/09\/08\/erfolgreiches-examen-57-gesundheits-und-kranken-und-kinderkrankenpflegekraefte-der-umg-pflegefachschule-aus-sieben-nationen-feiern\/#article","isPartOf":{"@id":"https:\/\/radioleinewelle.de\/index.php\/2021\/09\/08\/erfolgreiches-examen-57-gesundheits-und-kranken-und-kinderkrankenpflegekraefte-der-umg-pflegefachschule-aus-sieben-nationen-feiern\/"},"author":{"name":"Leinewelle","@id":"https:\/\/radioleinewelle.de\/#\/schema\/person\/45606f348637df637192dc1b68399a63"},"headline":"Erfolgreiches Examen: 57 Gesundheits- und Kranken- und Kinderkrankenpflegekr\u00e4fte der UMG-Pflegefachschule aus sieben Nationen feiern","datePublished":"2021-09-08T04:26:39+00:00","mainEntityOfPage":{"@id":"https:\/\/radioleinewelle.de\/index.php\/2021\/09\/08\/erfolgreiches-examen-57-gesundheits-und-kranken-und-kinderkrankenpflegekraefte-der-umg-pflegefachschule-aus-sieben-nationen-feiern\/"},"wordCount":277,"publisher":{"@id":"https:\/\/radioleinewelle.de\/#organization"},"inLanguage":"de"},{"@type":"WebPage","@id":"https:\/\/radioleinewelle.de\/index.php\/2021\/09\/08\/erfolgreiches-examen-57-gesundheits-und-kranken-und-kinderkrankenpflegekraefte-der-umg-pflegefachschule-aus-sieben-nationen-feiern\/","url":"https:\/\/radioleinewelle.de\/index.php\/2021\/09\/08\/erfolgreiches-examen-57-gesundheits-und-kranken-und-kinderkrankenpflegekraefte-der-umg-pflegefachschule-aus-sieben-nationen-feiern\/","name":"Erfolgreiches Examen: 57 Gesundheits- und Kranken- und Kinderkrankenpflegekr\u00e4fte der UMG-Pflegefachschule aus sieben Nationen feiern - Radio Leinewelle","isPartOf":{"@id":"https:\/\/radioleinewelle.de\/#website"},"datePublished":"2021-09-08T04:26:39+00:00","breadcrumb":{"@id":"https:\/\/radioleinewelle.de\/index.php\/2021\/09\/08\/erfolgreiches-examen-57-gesundheits-und-kranken-und-kinderkrankenpflegekraefte-der-umg-pflegefachschule-aus-sieben-nationen-feiern\/#breadcrumb"},"inLanguage":"de","potentialAction":[{"@type":"ReadAction","target":["https:\/\/radioleinewelle.de\/index.php\/2021\/09\/08\/erfolgreiches-examen-57-gesundheits-und-kranken-und-kinderkrankenpflegekraefte-der-umg-pflegefachschule-aus-sieben-nationen-feiern\/"]}]},{"@type":"BreadcrumbList","@id":"https:\/\/radioleinewelle.de\/index.php\/2021\/09\/08\/erfolgreiches-examen-57-gesundheits-und-kranken-und-kinderkrankenpflegekraefte-der-umg-pflegefachschule-aus-sieben-nationen-feiern\/#breadcrumb","itemListElement":[{"@type":"ListItem","position":1,"name":"Startseite","item":"https:\/\/radioleinewelle.de\/"},{"@type":"ListItem","position":2,"name":"Erfolgreiches Examen: 57 Gesundheits- und Kranken- und Kinderkrankenpflegekr\u00e4fte der UMG-Pflegefachschule aus sieben Nationen feiern"}]},{"@type":"WebSite","@id":"https:\/\/radioleinewelle.de\/#website","url":"https:\/\/radioleinewelle.de\/","name":"Radio Leinewelle","description":"","publisher":{"@id":"https:\/\/radioleinewelle.de\/#organization"},"potentialAction":[{"@type":"SearchAction","target":{"@type":"EntryPoint","urlTemplate":"https:\/\/radioleinewelle.de\/?s={search_term_string}"},"query-input":{"@type":"PropertyValueSpecification","valueRequired":true,"valueName":"search_term_string"}}],"inLanguage":"de"},{"@type":"Organization","@id":"https:\/\/radioleinewelle.de\/#organization","name":"Radio Leinewelle","alternateName":"Mein Radio f\u00fcr S\u00fcdniedersachsen","url":"https:\/\/radioleinewelle.de\/","logo":{"@type":"ImageObject","inLanguage":"de","@id":"https:\/\/radioleinewelle.de\/#\/schema\/logo\/image\/","url":"https:\/\/radioleinewelle.de\/wp-content\/uploads\/2023\/11\/cropped-Leinewelle_Logo_weiss.png","contentUrl":"https:\/\/radioleinewelle.de\/wp-content\/uploads\/2023\/11\/cropped-Leinewelle_Logo_weiss.png","width":854,"height":260,"caption":"Radio Leinewelle"},"image":{"@id":"https:\/\/radioleinewelle.de\/#\/schema\/logo\/image\/"},"sameAs":["https:\/\/www.facebook.com\/radioleinewelle","https:\/\/x.com\/RLeinewelle","https:\/\/www.instagram.com\/radioleinewelle\/?hl=de"]},{"@type":"Person","@id":"https:\/\/radioleinewelle.de\/#\/schema\/person\/45606f348637df637192dc1b68399a63","name":"Leinewelle","image":{"@type":"ImageObject","inLanguage":"de","@id":"https:\/\/secure.gravatar.com\/avatar\/05c9a17bc973052ee5d91549bd32fb4dd0dc85b7b85ae94b2e2b4943476bbea5?s=96&d=blank&r=g","url":"https:\/\/secure.gravatar.com\/avatar\/05c9a17bc973052ee5d91549bd32fb4dd0dc85b7b85ae94b2e2b4943476bbea5?s=96&d=blank&r=g","contentUrl":"https:\/\/secure.gravatar.com\/avatar\/05c9a17bc973052ee5d91549bd32fb4dd0dc85b7b85ae94b2e2b4943476bbea5?s=96&d=blank&r=g","caption":"Leinewelle"},"sameAs":["http:\/\/localhost\/radio%20leinewelle\/wordpress","https:\/\/www.facebook.com\/radioleinewelle","https:\/\/www.instagram.com\/radioleinewelle","https:\/\/x.com\/https:\/\/twitter.com\/RLeinewelle?ref_src=twsrcgoogletwcampserptwgrauthor","https:\/\/soundcloud.com\/foerderverein-lokalradio?utm_source=clipboard&utm_medium=text&utm_campaign=social_sharing"],"url":"https:\/\/radioleinewelle.de\/index.php\/author\/leinewelle\/"}]}},"_links":{"self":[{"href":"https:\/\/radioleinewelle.de\/index.php\/wp-json\/wp\/v2\/posts\/10570","targetHints":{"allow":["GET"]}}],"collection":[{"href":"https:\/\/radioleinewelle.de\/index.php\/wp-json\/wp\/v2\/posts"}],"about":[{"href":"https:\/\/radioleinewelle.de\/index.php\/wp-json\/wp\/v2\/types\/post"}],"author":[{"embeddable":true,"href":"https:\/\/radioleinewelle.de\/index.php\/wp-json\/wp\/v2\/users\/1"}],"replies":[{"embeddable":true,"href":"https:\/\/radioleinewelle.de\/index.php\/wp-json\/wp\/v2\/comments?post=10570"}],"version-history":[{"count":0,"href":"https:\/\/radioleinewelle.de\/index.php\/wp-json\/wp\/v2\/posts\/10570\/revisions"}],"wp:attachment":[{"href":"https:\/\/radioleinewelle.de\/index.php\/wp-json\/wp\/v2\/media?parent=10570"}],"wp:term":[{"taxonomy":"category","embeddable":true,"href":"https:\/\/radioleinewelle.de\/index.php\/wp-json\/wp\/v2\/categories?post=10570"},{"taxonomy":"post_tag","embeddable":true,"href":"https:\/\/radioleinewelle.de\/index.php\/wp-json\/wp\/v2\/tags?post=10570"}],"curies":[{"name":"wp","href":"https:\/\/api.w.org\/{rel}","templated":true}]}}