{"id":10660,"date":"2021-09-18T05:07:00","date_gmt":"2021-09-18T03:07:00","guid":{"rendered":"https:\/\/radioleinewelle.de\/?p=10660"},"modified":"2021-09-18T05:07:00","modified_gmt":"2021-09-18T03:07:00","slug":"podiumsdiskussion-ueber-faire-und-regionale-ernaehrung","status":"publish","type":"post","link":"https:\/\/radioleinewelle.de\/index.php\/2021\/09\/18\/podiumsdiskussion-ueber-faire-und-regionale-ernaehrung\/","title":{"rendered":"Heute: Podiumsdiskussion \u00fcber faire und regionale Ern\u00e4hrung"},"content":{"rendered":"\n<p>Im Rahmen der Fairen Woche 2021 sind Interessierte zur Podiumsdiskussion \u201eFaire und regionale Ern\u00e4hrung \u2013 Widerspruch oder sinnvolle Erg\u00e4nzung?\u201c f\u00fcr S<strong>onnabend, 18. September, 19.00 Uhr, ins Alte Rathaus<\/strong> eingeladen. Der Eintritt ist frei. Faire und regionale Ern\u00e4hrung werden oft als Gegensatz empfunden. Denn bei Fairem Handel geht es im klassischen Sinne um faire Arbeitsbedingungen in den L\u00e4ndern des globalen S\u00fcdens. Regionale Produkte hingegen sollen lokale Erzeuger*innen st\u00e4rken und sind oftmals nachhaltiger. <\/p>\n\n\n\n<h3 class=\"wp-block-heading\">Global denken, lokal handeln<\/h3>\n\n\n\n<p>Auf dem Podium sitzen Expert*innen aus der Region mit globalem Blick: Hermann Heldberg, Gr\u00fcnder der&nbsp;<a href=\"https:\/\/www.fair-bio-genossenschaft.de\/\" target=\"_blank\" rel=\"noreferrer noopener\">Fair-Bio-Genossenschaft&nbsp;<\/a>&nbsp;G\u00f6ttingen, Ingo Herbst, Gr\u00fcnder der&nbsp;<a href=\"https:\/\/contigo.de\/\" target=\"_blank\" rel=\"noreferrer noopener\">Contigo Fairtrade GmbH&nbsp;<\/a>, und Wiebke Beushausen, Referentin f\u00fcr Weltern\u00e4hrung beim&nbsp;<a href=\"https:\/\/www.inkota.de\/\" target=\"_blank\" rel=\"noreferrer noopener\">Inkota-Netzwerk e.V.&nbsp;<\/a>&nbsp;Zus\u00e4tzlich wird ein Videostatement von Amanda Luna, Koordinatorin eines Indigenenrates in Peru, eingespielt. Die Moderation des Abends liegt bei Clara Schmitt und Tim Wiedenmeier.<\/p>\n\n\n\n<p>Organisiert wird die Veranstaltung von der Steuerungsgruppe der&nbsp;<a href=\"https:\/\/www.fairtrade-regiongoettingen.de\/\" target=\"_blank\" rel=\"noreferrer noopener\">Fairtrade Region G\u00f6ttingen&nbsp;<\/a>, den Promotor*innen des Entwicklungspolitischen Informationszentrums G\u00f6ttingen&nbsp;<a href=\"https:\/\/epiz-goettingen.de\/blickpunkt-eine-welt.html\" target=\"_blank\" rel=\"noreferrer noopener\">EPIZ&nbsp;<\/a>&nbsp;und dem Projekt&nbsp;<a href=\"https:\/\/www.ven-nds.de\/projekte\/mehrwert\/mehr-wert-menschenrechte-in-globalen-lieferketten\" target=\"_blank\" rel=\"noreferrer noopener\">Niedersachsen macht mobil \u2013 f\u00fcr Unternehmensverantwortung&nbsp;<\/a>&nbsp;des Verbands Entwicklungspolitik Niedersachsen. Das&nbsp;<a href=\"https:\/\/www.einewelt-promotorinnen.de\/programm\/landesnetzwerke\/niedersachsen\/\" target=\"_blank\" rel=\"noreferrer noopener\">Eine Welt-Promotor*innen-Programm in Niedersachsen&nbsp;<\/a>wird von Engagement Global im Auftrag des Bundesministeriums f\u00fcr wirtschaftliche Zusammenarbeit und Entwicklung und dem Land Niedersachsen gef\u00f6rdert. <\/p>\n\n\n\n<p>Die Podiumsdiskussion geh\u00f6rt zu den H\u00f6hepunkten der&nbsp;<a href=\"https:\/\/www.goettingen.de\/aktuelles\/faire-woche-in-der-region-goettingen-2021-09-09.html\" target=\"_blank\" rel=\"noreferrer noopener\">Fairen Woche 2021&nbsp;mit einem vielseitigen&nbsp;<\/a><a href=\"https:\/\/klimaschutz.goettingen.de\/pics\/medien\/1_1631189769\/Programm_Faire_Woche_2021.pdf\" target=\"_blank\" rel=\"noreferrer noopener\">Programm&nbsp;<\/a>&nbsp;zum Informieren und Mitmachen. Die Veranstaltung erfolgt nach aktuellem Hygienekonzept und es greift die 3G-Regel.<\/p>\n\n\n\n<p>Symbolbild von&nbsp;<a href=\"https:\/\/pixabay.com\/de\/users\/luboshouska-198496\/?utm_source=link-attribution&amp;utm_medium=referral&amp;utm_campaign=image&amp;utm_content=2964084\">Lubos Houska<\/a>&nbsp;auf&nbsp;<a href=\"https:\/\/pixabay.com\/de\/?utm_source=link-attribution&amp;utm_medium=referral&amp;utm_campaign=image&amp;utm_content=2964084\">Pixabay<\/a><\/p>\n","protected":false},"excerpt":{"rendered":"<p>Im Rahmen der Fairen Woche 2021 sind Interessierte zur Podiumsdiskussion \u201eFaire und regionale Ern\u00e4hrung \u2013 Widerspruch oder sinnvolle Erg\u00e4nzung?\u201c f\u00fcr Sonnabend, 18. September, 19.00 Uhr, ins Alte Rathaus eingeladen. Der Eintritt ist frei. Faire und regionale Ern\u00e4hrung werden oft als Gegensatz empfunden. Denn bei Fairem Handel geht es im klassischen Sinne um faire Arbeitsbedingungen in [&hellip;]<\/p>\n","protected":false},"author":1,"featured_media":10664,"comment_status":"closed","ping_status":"closed","sticky":false,"template":"","format":"standard","meta":{"saved_in_kubio":false,"footnotes":""},"categories":[41],"tags":[2226,2227],"class_list":["post-10660","post","type-post","status-publish","format-standard","has-post-thumbnail","hentry","category-veranstaltungen","tag-faire-ernaehrung","tag-regionale-ernaehrung"],"yoast_head":"<!-- This site is optimized with the Yoast SEO plugin v27.5 - https:\/\/yoast.com\/product\/yoast-seo-wordpress\/ -->\n<title>Heute: Podiumsdiskussion \u00fcber faire und regionale Ern\u00e4hrung - Radio Leinewelle<\/title>\n<meta name=\"robots\" content=\"index, follow, max-snippet:-1, max-image-preview:large, max-video-preview:-1\" \/>\n<link rel=\"canonical\" href=\"https:\/\/radioleinewelle.de\/index.php\/2021\/09\/18\/podiumsdiskussion-ueber-faire-und-regionale-ernaehrung\/\" \/>\n<meta property=\"og:locale\" content=\"de_DE\" \/>\n<meta property=\"og:type\" content=\"article\" \/>\n<meta property=\"og:title\" content=\"Heute: Podiumsdiskussion \u00fcber faire und regionale Ern\u00e4hrung - Radio Leinewelle\" \/>\n<meta property=\"og:description\" content=\"Im Rahmen der Fairen Woche 2021 sind Interessierte zur Podiumsdiskussion \u201eFaire und regionale Ern\u00e4hrung \u2013 Widerspruch oder sinnvolle Erg\u00e4nzung?\u201c f\u00fcr Sonnabend, 18. September, 19.00 Uhr, ins Alte Rathaus eingeladen. Der Eintritt ist frei. Faire und regionale Ern\u00e4hrung werden oft als Gegensatz empfunden. Denn bei Fairem Handel geht es im klassischen Sinne um faire Arbeitsbedingungen in [&hellip;]\" \/>\n<meta property=\"og:url\" content=\"https:\/\/radioleinewelle.de\/index.php\/2021\/09\/18\/podiumsdiskussion-ueber-faire-und-regionale-ernaehrung\/\" \/>\n<meta property=\"og:site_name\" content=\"Radio Leinewelle\" \/>\n<meta property=\"article:publisher\" content=\"https:\/\/www.facebook.com\/radioleinewelle\" \/>\n<meta property=\"article:author\" content=\"https:\/\/www.facebook.com\/radioleinewelle\" \/>\n<meta property=\"article:published_time\" content=\"2021-09-18T03:07:00+00:00\" \/>\n<meta property=\"og:image\" content=\"https:\/\/radioleinewelle.de\/wp-content\/uploads\/2021\/09\/vegetables-2964084_640.jpg\" \/>\n\t<meta property=\"og:image:width\" content=\"640\" \/>\n\t<meta property=\"og:image:height\" content=\"400\" \/>\n\t<meta property=\"og:image:type\" content=\"image\/jpeg\" \/>\n<meta name=\"author\" content=\"Leinewelle\" \/>\n<meta name=\"twitter:card\" content=\"summary_large_image\" \/>\n<meta name=\"twitter:creator\" content=\"@https:\/\/twitter.com\/RLeinewelle?ref_src=twsrcgoogletwcampserptwgrauthor\" \/>\n<meta name=\"twitter:site\" content=\"@RLeinewelle\" \/>\n<meta name=\"twitter:label1\" content=\"Verfasst von\" \/>\n\t<meta name=\"twitter:data1\" content=\"Leinewelle\" \/>\n\t<meta name=\"twitter:label2\" content=\"Gesch\u00e4tzte Lesezeit\" \/>\n\t<meta name=\"twitter:data2\" content=\"1\u00a0Minute\" \/>\n<script type=\"application\/ld+json\" class=\"yoast-schema-graph\">{\"@context\":\"https:\\\/\\\/schema.org\",\"@graph\":[{\"@type\":\"Article\",\"@id\":\"https:\\\/\\\/radioleinewelle.de\\\/index.php\\\/2021\\\/09\\\/18\\\/podiumsdiskussion-ueber-faire-und-regionale-ernaehrung\\\/#article\",\"isPartOf\":{\"@id\":\"https:\\\/\\\/radioleinewelle.de\\\/index.php\\\/2021\\\/09\\\/18\\\/podiumsdiskussion-ueber-faire-und-regionale-ernaehrung\\\/\"},\"author\":{\"name\":\"Leinewelle\",\"@id\":\"https:\\\/\\\/radioleinewelle.de\\\/#\\\/schema\\\/person\\\/45606f348637df637192dc1b68399a63\"},\"headline\":\"Heute: Podiumsdiskussion \u00fcber faire und regionale Ern\u00e4hrung\",\"datePublished\":\"2021-09-18T03:07:00+00:00\",\"mainEntityOfPage\":{\"@id\":\"https:\\\/\\\/radioleinewelle.de\\\/index.php\\\/2021\\\/09\\\/18\\\/podiumsdiskussion-ueber-faire-und-regionale-ernaehrung\\\/\"},\"wordCount\":274,\"publisher\":{\"@id\":\"https:\\\/\\\/radioleinewelle.de\\\/#organization\"},\"image\":{\"@id\":\"https:\\\/\\\/radioleinewelle.de\\\/index.php\\\/2021\\\/09\\\/18\\\/podiumsdiskussion-ueber-faire-und-regionale-ernaehrung\\\/#primaryimage\"},\"thumbnailUrl\":\"https:\\\/\\\/radioleinewelle.de\\\/wp-content\\\/uploads\\\/2021\\\/09\\\/vegetables-2964084_640.jpg\",\"keywords\":[\"Faire Ern\u00e4hrung\",\"Regionale Ern\u00e4hrung\"],\"articleSection\":[\"Veranstaltungen\"],\"inLanguage\":\"de\"},{\"@type\":\"WebPage\",\"@id\":\"https:\\\/\\\/radioleinewelle.de\\\/index.php\\\/2021\\\/09\\\/18\\\/podiumsdiskussion-ueber-faire-und-regionale-ernaehrung\\\/\",\"url\":\"https:\\\/\\\/radioleinewelle.de\\\/index.php\\\/2021\\\/09\\\/18\\\/podiumsdiskussion-ueber-faire-und-regionale-ernaehrung\\\/\",\"name\":\"Heute: Podiumsdiskussion \u00fcber faire und regionale Ern\u00e4hrung - Radio Leinewelle\",\"isPartOf\":{\"@id\":\"https:\\\/\\\/radioleinewelle.de\\\/#website\"},\"primaryImageOfPage\":{\"@id\":\"https:\\\/\\\/radioleinewelle.de\\\/index.php\\\/2021\\\/09\\\/18\\\/podiumsdiskussion-ueber-faire-und-regionale-ernaehrung\\\/#primaryimage\"},\"image\":{\"@id\":\"https:\\\/\\\/radioleinewelle.de\\\/index.php\\\/2021\\\/09\\\/18\\\/podiumsdiskussion-ueber-faire-und-regionale-ernaehrung\\\/#primaryimage\"},\"thumbnailUrl\":\"https:\\\/\\\/radioleinewelle.de\\\/wp-content\\\/uploads\\\/2021\\\/09\\\/vegetables-2964084_640.jpg\",\"datePublished\":\"2021-09-18T03:07:00+00:00\",\"breadcrumb\":{\"@id\":\"https:\\\/\\\/radioleinewelle.de\\\/index.php\\\/2021\\\/09\\\/18\\\/podiumsdiskussion-ueber-faire-und-regionale-ernaehrung\\\/#breadcrumb\"},\"inLanguage\":\"de\",\"potentialAction\":[{\"@type\":\"ReadAction\",\"target\":[\"https:\\\/\\\/radioleinewelle.de\\\/index.php\\\/2021\\\/09\\\/18\\\/podiumsdiskussion-ueber-faire-und-regionale-ernaehrung\\\/\"]}]},{\"@type\":\"ImageObject\",\"inLanguage\":\"de\",\"@id\":\"https:\\\/\\\/radioleinewelle.de\\\/index.php\\\/2021\\\/09\\\/18\\\/podiumsdiskussion-ueber-faire-und-regionale-ernaehrung\\\/#primaryimage\",\"url\":\"https:\\\/\\\/radioleinewelle.de\\\/wp-content\\\/uploads\\\/2021\\\/09\\\/vegetables-2964084_640.jpg\",\"contentUrl\":\"https:\\\/\\\/radioleinewelle.de\\\/wp-content\\\/uploads\\\/2021\\\/09\\\/vegetables-2964084_640.jpg\",\"width\":640,\"height\":400},{\"@type\":\"BreadcrumbList\",\"@id\":\"https:\\\/\\\/radioleinewelle.de\\\/index.php\\\/2021\\\/09\\\/18\\\/podiumsdiskussion-ueber-faire-und-regionale-ernaehrung\\\/#breadcrumb\",\"itemListElement\":[{\"@type\":\"ListItem\",\"position\":1,\"name\":\"Startseite\",\"item\":\"https:\\\/\\\/radioleinewelle.de\\\/\"},{\"@type\":\"ListItem\",\"position\":2,\"name\":\"Heute: Podiumsdiskussion \u00fcber faire und regionale Ern\u00e4hrung\"}]},{\"@type\":\"WebSite\",\"@id\":\"https:\\\/\\\/radioleinewelle.de\\\/#website\",\"url\":\"https:\\\/\\\/radioleinewelle.de\\\/\",\"name\":\"Radio Leinewelle\",\"description\":\"\",\"publisher\":{\"@id\":\"https:\\\/\\\/radioleinewelle.de\\\/#organization\"},\"potentialAction\":[{\"@type\":\"SearchAction\",\"target\":{\"@type\":\"EntryPoint\",\"urlTemplate\":\"https:\\\/\\\/radioleinewelle.de\\\/?s={search_term_string}\"},\"query-input\":{\"@type\":\"PropertyValueSpecification\",\"valueRequired\":true,\"valueName\":\"search_term_string\"}}],\"inLanguage\":\"de\"},{\"@type\":\"Organization\",\"@id\":\"https:\\\/\\\/radioleinewelle.de\\\/#organization\",\"name\":\"Radio Leinewelle\",\"alternateName\":\"Mein Radio f\u00fcr S\u00fcdniedersachsen\",\"url\":\"https:\\\/\\\/radioleinewelle.de\\\/\",\"logo\":{\"@type\":\"ImageObject\",\"inLanguage\":\"de\",\"@id\":\"https:\\\/\\\/radioleinewelle.de\\\/#\\\/schema\\\/logo\\\/image\\\/\",\"url\":\"https:\\\/\\\/radioleinewelle.de\\\/wp-content\\\/uploads\\\/2023\\\/11\\\/cropped-Leinewelle_Logo_weiss.png\",\"contentUrl\":\"https:\\\/\\\/radioleinewelle.de\\\/wp-content\\\/uploads\\\/2023\\\/11\\\/cropped-Leinewelle_Logo_weiss.png\",\"width\":854,\"height\":260,\"caption\":\"Radio Leinewelle\"},\"image\":{\"@id\":\"https:\\\/\\\/radioleinewelle.de\\\/#\\\/schema\\\/logo\\\/image\\\/\"},\"sameAs\":[\"https:\\\/\\\/www.facebook.com\\\/radioleinewelle\",\"https:\\\/\\\/x.com\\\/RLeinewelle\",\"https:\\\/\\\/www.instagram.com\\\/radioleinewelle\\\/?hl=de\"]},{\"@type\":\"Person\",\"@id\":\"https:\\\/\\\/radioleinewelle.de\\\/#\\\/schema\\\/person\\\/45606f348637df637192dc1b68399a63\",\"name\":\"Leinewelle\",\"image\":{\"@type\":\"ImageObject\",\"inLanguage\":\"de\",\"@id\":\"https:\\\/\\\/secure.gravatar.com\\\/avatar\\\/05c9a17bc973052ee5d91549bd32fb4dd0dc85b7b85ae94b2e2b4943476bbea5?s=96&d=blank&r=g\",\"url\":\"https:\\\/\\\/secure.gravatar.com\\\/avatar\\\/05c9a17bc973052ee5d91549bd32fb4dd0dc85b7b85ae94b2e2b4943476bbea5?s=96&d=blank&r=g\",\"contentUrl\":\"https:\\\/\\\/secure.gravatar.com\\\/avatar\\\/05c9a17bc973052ee5d91549bd32fb4dd0dc85b7b85ae94b2e2b4943476bbea5?s=96&d=blank&r=g\",\"caption\":\"Leinewelle\"},\"sameAs\":[\"http:\\\/\\\/localhost\\\/radio%20leinewelle\\\/wordpress\",\"https:\\\/\\\/www.facebook.com\\\/radioleinewelle\",\"https:\\\/\\\/www.instagram.com\\\/radioleinewelle\",\"https:\\\/\\\/x.com\\\/https:\\\/\\\/twitter.com\\\/RLeinewelle?ref_src=twsrcgoogletwcampserptwgrauthor\",\"https:\\\/\\\/soundcloud.com\\\/foerderverein-lokalradio?utm_source=clipboard&utm_medium=text&utm_campaign=social_sharing\"],\"url\":\"https:\\\/\\\/radioleinewelle.de\\\/index.php\\\/author\\\/leinewelle\\\/\"}]}<\/script>\n<!-- \/ Yoast SEO plugin. -->","yoast_head_json":{"title":"Heute: Podiumsdiskussion \u00fcber faire und regionale Ern\u00e4hrung - Radio Leinewelle","robots":{"index":"index","follow":"follow","max-snippet":"max-snippet:-1","max-image-preview":"max-image-preview:large","max-video-preview":"max-video-preview:-1"},"canonical":"https:\/\/radioleinewelle.de\/index.php\/2021\/09\/18\/podiumsdiskussion-ueber-faire-und-regionale-ernaehrung\/","og_locale":"de_DE","og_type":"article","og_title":"Heute: Podiumsdiskussion \u00fcber faire und regionale Ern\u00e4hrung - Radio Leinewelle","og_description":"Im Rahmen der Fairen Woche 2021 sind Interessierte zur Podiumsdiskussion \u201eFaire und regionale Ern\u00e4hrung \u2013 Widerspruch oder sinnvolle Erg\u00e4nzung?\u201c f\u00fcr Sonnabend, 18. September, 19.00 Uhr, ins Alte Rathaus eingeladen. Der Eintritt ist frei. Faire und regionale Ern\u00e4hrung werden oft als Gegensatz empfunden. Denn bei Fairem Handel geht es im klassischen Sinne um faire Arbeitsbedingungen in [&hellip;]","og_url":"https:\/\/radioleinewelle.de\/index.php\/2021\/09\/18\/podiumsdiskussion-ueber-faire-und-regionale-ernaehrung\/","og_site_name":"Radio Leinewelle","article_publisher":"https:\/\/www.facebook.com\/radioleinewelle","article_author":"https:\/\/www.facebook.com\/radioleinewelle","article_published_time":"2021-09-18T03:07:00+00:00","og_image":[{"width":640,"height":400,"url":"https:\/\/radioleinewelle.de\/wp-content\/uploads\/2021\/09\/vegetables-2964084_640.jpg","type":"image\/jpeg"}],"author":"Leinewelle","twitter_card":"summary_large_image","twitter_creator":"@https:\/\/twitter.com\/RLeinewelle?ref_src=twsrcgoogletwcampserptwgrauthor","twitter_site":"@RLeinewelle","twitter_misc":{"Verfasst von":"Leinewelle","Gesch\u00e4tzte Lesezeit":"1\u00a0Minute"},"schema":{"@context":"https:\/\/schema.org","@graph":[{"@type":"Article","@id":"https:\/\/radioleinewelle.de\/index.php\/2021\/09\/18\/podiumsdiskussion-ueber-faire-und-regionale-ernaehrung\/#article","isPartOf":{"@id":"https:\/\/radioleinewelle.de\/index.php\/2021\/09\/18\/podiumsdiskussion-ueber-faire-und-regionale-ernaehrung\/"},"author":{"name":"Leinewelle","@id":"https:\/\/radioleinewelle.de\/#\/schema\/person\/45606f348637df637192dc1b68399a63"},"headline":"Heute: Podiumsdiskussion \u00fcber faire und regionale Ern\u00e4hrung","datePublished":"2021-09-18T03:07:00+00:00","mainEntityOfPage":{"@id":"https:\/\/radioleinewelle.de\/index.php\/2021\/09\/18\/podiumsdiskussion-ueber-faire-und-regionale-ernaehrung\/"},"wordCount":274,"publisher":{"@id":"https:\/\/radioleinewelle.de\/#organization"},"image":{"@id":"https:\/\/radioleinewelle.de\/index.php\/2021\/09\/18\/podiumsdiskussion-ueber-faire-und-regionale-ernaehrung\/#primaryimage"},"thumbnailUrl":"https:\/\/radioleinewelle.de\/wp-content\/uploads\/2021\/09\/vegetables-2964084_640.jpg","keywords":["Faire Ern\u00e4hrung","Regionale Ern\u00e4hrung"],"articleSection":["Veranstaltungen"],"inLanguage":"de"},{"@type":"WebPage","@id":"https:\/\/radioleinewelle.de\/index.php\/2021\/09\/18\/podiumsdiskussion-ueber-faire-und-regionale-ernaehrung\/","url":"https:\/\/radioleinewelle.de\/index.php\/2021\/09\/18\/podiumsdiskussion-ueber-faire-und-regionale-ernaehrung\/","name":"Heute: Podiumsdiskussion \u00fcber faire und regionale Ern\u00e4hrung - Radio Leinewelle","isPartOf":{"@id":"https:\/\/radioleinewelle.de\/#website"},"primaryImageOfPage":{"@id":"https:\/\/radioleinewelle.de\/index.php\/2021\/09\/18\/podiumsdiskussion-ueber-faire-und-regionale-ernaehrung\/#primaryimage"},"image":{"@id":"https:\/\/radioleinewelle.de\/index.php\/2021\/09\/18\/podiumsdiskussion-ueber-faire-und-regionale-ernaehrung\/#primaryimage"},"thumbnailUrl":"https:\/\/radioleinewelle.de\/wp-content\/uploads\/2021\/09\/vegetables-2964084_640.jpg","datePublished":"2021-09-18T03:07:00+00:00","breadcrumb":{"@id":"https:\/\/radioleinewelle.de\/index.php\/2021\/09\/18\/podiumsdiskussion-ueber-faire-und-regionale-ernaehrung\/#breadcrumb"},"inLanguage":"de","potentialAction":[{"@type":"ReadAction","target":["https:\/\/radioleinewelle.de\/index.php\/2021\/09\/18\/podiumsdiskussion-ueber-faire-und-regionale-ernaehrung\/"]}]},{"@type":"ImageObject","inLanguage":"de","@id":"https:\/\/radioleinewelle.de\/index.php\/2021\/09\/18\/podiumsdiskussion-ueber-faire-und-regionale-ernaehrung\/#primaryimage","url":"https:\/\/radioleinewelle.de\/wp-content\/uploads\/2021\/09\/vegetables-2964084_640.jpg","contentUrl":"https:\/\/radioleinewelle.de\/wp-content\/uploads\/2021\/09\/vegetables-2964084_640.jpg","width":640,"height":400},{"@type":"BreadcrumbList","@id":"https:\/\/radioleinewelle.de\/index.php\/2021\/09\/18\/podiumsdiskussion-ueber-faire-und-regionale-ernaehrung\/#breadcrumb","itemListElement":[{"@type":"ListItem","position":1,"name":"Startseite","item":"https:\/\/radioleinewelle.de\/"},{"@type":"ListItem","position":2,"name":"Heute: Podiumsdiskussion \u00fcber faire und regionale Ern\u00e4hrung"}]},{"@type":"WebSite","@id":"https:\/\/radioleinewelle.de\/#website","url":"https:\/\/radioleinewelle.de\/","name":"Radio Leinewelle","description":"","publisher":{"@id":"https:\/\/radioleinewelle.de\/#organization"},"potentialAction":[{"@type":"SearchAction","target":{"@type":"EntryPoint","urlTemplate":"https:\/\/radioleinewelle.de\/?s={search_term_string}"},"query-input":{"@type":"PropertyValueSpecification","valueRequired":true,"valueName":"search_term_string"}}],"inLanguage":"de"},{"@type":"Organization","@id":"https:\/\/radioleinewelle.de\/#organization","name":"Radio Leinewelle","alternateName":"Mein Radio f\u00fcr S\u00fcdniedersachsen","url":"https:\/\/radioleinewelle.de\/","logo":{"@type":"ImageObject","inLanguage":"de","@id":"https:\/\/radioleinewelle.de\/#\/schema\/logo\/image\/","url":"https:\/\/radioleinewelle.de\/wp-content\/uploads\/2023\/11\/cropped-Leinewelle_Logo_weiss.png","contentUrl":"https:\/\/radioleinewelle.de\/wp-content\/uploads\/2023\/11\/cropped-Leinewelle_Logo_weiss.png","width":854,"height":260,"caption":"Radio Leinewelle"},"image":{"@id":"https:\/\/radioleinewelle.de\/#\/schema\/logo\/image\/"},"sameAs":["https:\/\/www.facebook.com\/radioleinewelle","https:\/\/x.com\/RLeinewelle","https:\/\/www.instagram.com\/radioleinewelle\/?hl=de"]},{"@type":"Person","@id":"https:\/\/radioleinewelle.de\/#\/schema\/person\/45606f348637df637192dc1b68399a63","name":"Leinewelle","image":{"@type":"ImageObject","inLanguage":"de","@id":"https:\/\/secure.gravatar.com\/avatar\/05c9a17bc973052ee5d91549bd32fb4dd0dc85b7b85ae94b2e2b4943476bbea5?s=96&d=blank&r=g","url":"https:\/\/secure.gravatar.com\/avatar\/05c9a17bc973052ee5d91549bd32fb4dd0dc85b7b85ae94b2e2b4943476bbea5?s=96&d=blank&r=g","contentUrl":"https:\/\/secure.gravatar.com\/avatar\/05c9a17bc973052ee5d91549bd32fb4dd0dc85b7b85ae94b2e2b4943476bbea5?s=96&d=blank&r=g","caption":"Leinewelle"},"sameAs":["http:\/\/localhost\/radio%20leinewelle\/wordpress","https:\/\/www.facebook.com\/radioleinewelle","https:\/\/www.instagram.com\/radioleinewelle","https:\/\/x.com\/https:\/\/twitter.com\/RLeinewelle?ref_src=twsrcgoogletwcampserptwgrauthor","https:\/\/soundcloud.com\/foerderverein-lokalradio?utm_source=clipboard&utm_medium=text&utm_campaign=social_sharing"],"url":"https:\/\/radioleinewelle.de\/index.php\/author\/leinewelle\/"}]}},"_links":{"self":[{"href":"https:\/\/radioleinewelle.de\/index.php\/wp-json\/wp\/v2\/posts\/10660","targetHints":{"allow":["GET"]}}],"collection":[{"href":"https:\/\/radioleinewelle.de\/index.php\/wp-json\/wp\/v2\/posts"}],"about":[{"href":"https:\/\/radioleinewelle.de\/index.php\/wp-json\/wp\/v2\/types\/post"}],"author":[{"embeddable":true,"href":"https:\/\/radioleinewelle.de\/index.php\/wp-json\/wp\/v2\/users\/1"}],"replies":[{"embeddable":true,"href":"https:\/\/radioleinewelle.de\/index.php\/wp-json\/wp\/v2\/comments?post=10660"}],"version-history":[{"count":0,"href":"https:\/\/radioleinewelle.de\/index.php\/wp-json\/wp\/v2\/posts\/10660\/revisions"}],"wp:featuredmedia":[{"embeddable":true,"href":"https:\/\/radioleinewelle.de\/index.php\/wp-json\/wp\/v2\/media\/10664"}],"wp:attachment":[{"href":"https:\/\/radioleinewelle.de\/index.php\/wp-json\/wp\/v2\/media?parent=10660"}],"wp:term":[{"taxonomy":"category","embeddable":true,"href":"https:\/\/radioleinewelle.de\/index.php\/wp-json\/wp\/v2\/categories?post=10660"},{"taxonomy":"post_tag","embeddable":true,"href":"https:\/\/radioleinewelle.de\/index.php\/wp-json\/wp\/v2\/tags?post=10660"}],"curies":[{"name":"wp","href":"https:\/\/api.w.org\/{rel}","templated":true}]}}