{"id":1090,"date":"2020-07-29T16:10:32","date_gmt":"2020-07-29T14:10:32","guid":{"rendered":"https:\/\/radioleinewelle.de\/?p=1090"},"modified":"2020-07-29T16:10:32","modified_gmt":"2020-07-29T14:10:32","slug":"125-000-euro-fuer-soziokulturelle-vereine-und-projekte","status":"publish","type":"post","link":"https:\/\/radioleinewelle.de\/index.php\/2020\/07\/29\/125-000-euro-fuer-soziokulturelle-vereine-und-projekte\/","title":{"rendered":"125.000 Euro f\u00fcr soziokulturelle Vereine und Projekte"},"content":{"rendered":"<p><span style=\"font-family: Asap;\"><span style=\"font-size: small;\">Rund 125 000 Euro stellt das Nieders\u00e4chsische Ministerium f\u00fcr Wissenschaft und Kultur (MWK) dem Landesverband Soziokultur Niedersachsen im zweiten Halbjahr 2020 f\u00fcr die F\u00f6rderung von soziokulturellen Projekten und Strukturma\u00dfnahmen zur Verf\u00fcgung. Das hat der Soziokulturbeirat im Landesverband Soziokultur jetzt entschieden. Das Geld flie\u00dft in 16 Vereine und Projekte der Soziokultur. <\/span><\/span><\/p>\n<p>\u201e<span style=\"font-family: Asap;\"><span style=\"font-size: small;\">Kultur stiftet Gemeinschaft. Umso wichtiger ist es daher, auch in der Krise die Kultur verl\u00e4sslich zu unterst\u00fctzen und neue kreative Impulse zu erm\u00f6glichen\u201c, so Minister Th\u00fcmler.<\/span><\/span><\/p>\n<p><span style=\"font-family: Asap;\"><span style=\"font-size: small;\">Digitale und analoge Formate, die sich gegenseitig erg\u00e4nzen, haben den Beirat des Landesverbands besonders \u00fcberzeugt. <\/span><\/span><\/p>\n<p><a name=\"_GoBack\"><\/a><span style=\"font-family: Asap;\"><span style=\"font-size: small;\">Der Verein musa aus G\u00f6ttingen beispielsweise erforscht in einem Stadtteil mit hohem Entwicklungsbedarf gemeinsam mit den B\u00fcrgerinnen und B\u00fcrgern die Geschichte des Stadtteils, die Vorz\u00fcge und Interessen der Nachbarschaft und inszeniert gemeinsam mit der Bev\u00f6lkerung verschiedene Projekte von Urban Gardening bis zu Symphonieorchester-Konzerten.<\/span><\/span><\/p>\n<p><span style=\"font-family: Asap;\"><span style=\"font-size: small;\">Mehr Informationen unter: http:\/\/soziokultur-niedersachsen.de<\/span><\/span><\/p>\n","protected":false},"excerpt":{"rendered":"<p>Rund 125 000 Euro stellt das Nieders\u00e4chsische Ministerium f\u00fcr Wissenschaft und Kultur (MWK) dem Landesverband Soziokultur Niedersachsen im zweiten Halbjahr 2020 f\u00fcr die F\u00f6rderung von soziokulturellen Projekten und Strukturma\u00dfnahmen zur Verf\u00fcgung. Das hat der Soziokulturbeirat im Landesverband Soziokultur jetzt entschieden. Das Geld flie\u00dft in 16 Vereine und Projekte der Soziokultur. \u201eKultur stiftet Gemeinschaft. Umso wichtiger [&hellip;]<\/p>\n","protected":false},"author":1,"featured_media":0,"comment_status":"closed","ping_status":"closed","sticky":false,"template":"","format":"standard","meta":{"saved_in_kubio":false,"footnotes":""},"categories":[1],"tags":[],"class_list":["post-1090","post","type-post","status-publish","format-standard","hentry","category-allgemein"],"yoast_head":"<!-- This site is optimized with the Yoast SEO plugin v27.5 - https:\/\/yoast.com\/product\/yoast-seo-wordpress\/ -->\n<title>125.000 Euro f\u00fcr soziokulturelle Vereine und Projekte - Radio Leinewelle<\/title>\n<meta name=\"robots\" content=\"index, follow, max-snippet:-1, max-image-preview:large, max-video-preview:-1\" \/>\n<link rel=\"canonical\" href=\"https:\/\/radioleinewelle.de\/index.php\/2020\/07\/29\/125-000-euro-fuer-soziokulturelle-vereine-und-projekte\/\" \/>\n<meta property=\"og:locale\" content=\"de_DE\" \/>\n<meta property=\"og:type\" content=\"article\" \/>\n<meta property=\"og:title\" content=\"125.000 Euro f\u00fcr soziokulturelle Vereine und Projekte - Radio Leinewelle\" \/>\n<meta property=\"og:description\" content=\"Rund 125 000 Euro stellt das Nieders\u00e4chsische Ministerium f\u00fcr Wissenschaft und Kultur (MWK) dem Landesverband Soziokultur Niedersachsen im zweiten Halbjahr 2020 f\u00fcr die F\u00f6rderung von soziokulturellen Projekten und Strukturma\u00dfnahmen zur Verf\u00fcgung. Das hat der Soziokulturbeirat im Landesverband Soziokultur jetzt entschieden. Das Geld flie\u00dft in 16 Vereine und Projekte der Soziokultur. \u201eKultur stiftet Gemeinschaft. Umso wichtiger [&hellip;]\" \/>\n<meta property=\"og:url\" content=\"https:\/\/radioleinewelle.de\/index.php\/2020\/07\/29\/125-000-euro-fuer-soziokulturelle-vereine-und-projekte\/\" \/>\n<meta property=\"og:site_name\" content=\"Radio Leinewelle\" \/>\n<meta property=\"article:publisher\" content=\"https:\/\/www.facebook.com\/radioleinewelle\" \/>\n<meta property=\"article:author\" content=\"https:\/\/www.facebook.com\/radioleinewelle\" \/>\n<meta property=\"article:published_time\" content=\"2020-07-29T14:10:32+00:00\" \/>\n<meta name=\"author\" content=\"Leinewelle\" \/>\n<meta name=\"twitter:card\" content=\"summary_large_image\" \/>\n<meta name=\"twitter:creator\" content=\"@https:\/\/twitter.com\/RLeinewelle?ref_src=twsrcgoogletwcampserptwgrauthor\" \/>\n<meta name=\"twitter:site\" content=\"@RLeinewelle\" \/>\n<meta name=\"twitter:label1\" content=\"Verfasst von\" \/>\n\t<meta name=\"twitter:data1\" content=\"Leinewelle\" \/>\n\t<meta name=\"twitter:label2\" content=\"Gesch\u00e4tzte Lesezeit\" \/>\n\t<meta name=\"twitter:data2\" content=\"1\u00a0Minute\" \/>\n<script type=\"application\/ld+json\" class=\"yoast-schema-graph\">{\"@context\":\"https:\\\/\\\/schema.org\",\"@graph\":[{\"@type\":\"Article\",\"@id\":\"https:\\\/\\\/radioleinewelle.de\\\/index.php\\\/2020\\\/07\\\/29\\\/125-000-euro-fuer-soziokulturelle-vereine-und-projekte\\\/#article\",\"isPartOf\":{\"@id\":\"https:\\\/\\\/radioleinewelle.de\\\/index.php\\\/2020\\\/07\\\/29\\\/125-000-euro-fuer-soziokulturelle-vereine-und-projekte\\\/\"},\"author\":{\"name\":\"Leinewelle\",\"@id\":\"https:\\\/\\\/radioleinewelle.de\\\/#\\\/schema\\\/person\\\/45606f348637df637192dc1b68399a63\"},\"headline\":\"125.000 Euro f\u00fcr soziokulturelle Vereine und Projekte\",\"datePublished\":\"2020-07-29T14:10:32+00:00\",\"mainEntityOfPage\":{\"@id\":\"https:\\\/\\\/radioleinewelle.de\\\/index.php\\\/2020\\\/07\\\/29\\\/125-000-euro-fuer-soziokulturelle-vereine-und-projekte\\\/\"},\"wordCount\":160,\"publisher\":{\"@id\":\"https:\\\/\\\/radioleinewelle.de\\\/#organization\"},\"inLanguage\":\"de\"},{\"@type\":\"WebPage\",\"@id\":\"https:\\\/\\\/radioleinewelle.de\\\/index.php\\\/2020\\\/07\\\/29\\\/125-000-euro-fuer-soziokulturelle-vereine-und-projekte\\\/\",\"url\":\"https:\\\/\\\/radioleinewelle.de\\\/index.php\\\/2020\\\/07\\\/29\\\/125-000-euro-fuer-soziokulturelle-vereine-und-projekte\\\/\",\"name\":\"125.000 Euro f\u00fcr soziokulturelle Vereine und Projekte - Radio Leinewelle\",\"isPartOf\":{\"@id\":\"https:\\\/\\\/radioleinewelle.de\\\/#website\"},\"datePublished\":\"2020-07-29T14:10:32+00:00\",\"breadcrumb\":{\"@id\":\"https:\\\/\\\/radioleinewelle.de\\\/index.php\\\/2020\\\/07\\\/29\\\/125-000-euro-fuer-soziokulturelle-vereine-und-projekte\\\/#breadcrumb\"},\"inLanguage\":\"de\",\"potentialAction\":[{\"@type\":\"ReadAction\",\"target\":[\"https:\\\/\\\/radioleinewelle.de\\\/index.php\\\/2020\\\/07\\\/29\\\/125-000-euro-fuer-soziokulturelle-vereine-und-projekte\\\/\"]}]},{\"@type\":\"BreadcrumbList\",\"@id\":\"https:\\\/\\\/radioleinewelle.de\\\/index.php\\\/2020\\\/07\\\/29\\\/125-000-euro-fuer-soziokulturelle-vereine-und-projekte\\\/#breadcrumb\",\"itemListElement\":[{\"@type\":\"ListItem\",\"position\":1,\"name\":\"Startseite\",\"item\":\"https:\\\/\\\/radioleinewelle.de\\\/\"},{\"@type\":\"ListItem\",\"position\":2,\"name\":\"125.000 Euro f\u00fcr soziokulturelle Vereine und Projekte\"}]},{\"@type\":\"WebSite\",\"@id\":\"https:\\\/\\\/radioleinewelle.de\\\/#website\",\"url\":\"https:\\\/\\\/radioleinewelle.de\\\/\",\"name\":\"Radio Leinewelle\",\"description\":\"\",\"publisher\":{\"@id\":\"https:\\\/\\\/radioleinewelle.de\\\/#organization\"},\"potentialAction\":[{\"@type\":\"SearchAction\",\"target\":{\"@type\":\"EntryPoint\",\"urlTemplate\":\"https:\\\/\\\/radioleinewelle.de\\\/?s={search_term_string}\"},\"query-input\":{\"@type\":\"PropertyValueSpecification\",\"valueRequired\":true,\"valueName\":\"search_term_string\"}}],\"inLanguage\":\"de\"},{\"@type\":\"Organization\",\"@id\":\"https:\\\/\\\/radioleinewelle.de\\\/#organization\",\"name\":\"Radio Leinewelle\",\"alternateName\":\"Mein Radio f\u00fcr S\u00fcdniedersachsen\",\"url\":\"https:\\\/\\\/radioleinewelle.de\\\/\",\"logo\":{\"@type\":\"ImageObject\",\"inLanguage\":\"de\",\"@id\":\"https:\\\/\\\/radioleinewelle.de\\\/#\\\/schema\\\/logo\\\/image\\\/\",\"url\":\"https:\\\/\\\/radioleinewelle.de\\\/wp-content\\\/uploads\\\/2023\\\/11\\\/cropped-Leinewelle_Logo_weiss.png\",\"contentUrl\":\"https:\\\/\\\/radioleinewelle.de\\\/wp-content\\\/uploads\\\/2023\\\/11\\\/cropped-Leinewelle_Logo_weiss.png\",\"width\":854,\"height\":260,\"caption\":\"Radio Leinewelle\"},\"image\":{\"@id\":\"https:\\\/\\\/radioleinewelle.de\\\/#\\\/schema\\\/logo\\\/image\\\/\"},\"sameAs\":[\"https:\\\/\\\/www.facebook.com\\\/radioleinewelle\",\"https:\\\/\\\/x.com\\\/RLeinewelle\",\"https:\\\/\\\/www.instagram.com\\\/radioleinewelle\\\/?hl=de\"]},{\"@type\":\"Person\",\"@id\":\"https:\\\/\\\/radioleinewelle.de\\\/#\\\/schema\\\/person\\\/45606f348637df637192dc1b68399a63\",\"name\":\"Leinewelle\",\"image\":{\"@type\":\"ImageObject\",\"inLanguage\":\"de\",\"@id\":\"https:\\\/\\\/secure.gravatar.com\\\/avatar\\\/05c9a17bc973052ee5d91549bd32fb4dd0dc85b7b85ae94b2e2b4943476bbea5?s=96&d=blank&r=g\",\"url\":\"https:\\\/\\\/secure.gravatar.com\\\/avatar\\\/05c9a17bc973052ee5d91549bd32fb4dd0dc85b7b85ae94b2e2b4943476bbea5?s=96&d=blank&r=g\",\"contentUrl\":\"https:\\\/\\\/secure.gravatar.com\\\/avatar\\\/05c9a17bc973052ee5d91549bd32fb4dd0dc85b7b85ae94b2e2b4943476bbea5?s=96&d=blank&r=g\",\"caption\":\"Leinewelle\"},\"sameAs\":[\"http:\\\/\\\/localhost\\\/radio%20leinewelle\\\/wordpress\",\"https:\\\/\\\/www.facebook.com\\\/radioleinewelle\",\"https:\\\/\\\/www.instagram.com\\\/radioleinewelle\",\"https:\\\/\\\/x.com\\\/https:\\\/\\\/twitter.com\\\/RLeinewelle?ref_src=twsrcgoogletwcampserptwgrauthor\",\"https:\\\/\\\/soundcloud.com\\\/foerderverein-lokalradio?utm_source=clipboard&utm_medium=text&utm_campaign=social_sharing\"],\"url\":\"https:\\\/\\\/radioleinewelle.de\\\/index.php\\\/author\\\/leinewelle\\\/\"}]}<\/script>\n<!-- \/ Yoast SEO plugin. -->","yoast_head_json":{"title":"125.000 Euro f\u00fcr soziokulturelle Vereine und Projekte - Radio Leinewelle","robots":{"index":"index","follow":"follow","max-snippet":"max-snippet:-1","max-image-preview":"max-image-preview:large","max-video-preview":"max-video-preview:-1"},"canonical":"https:\/\/radioleinewelle.de\/index.php\/2020\/07\/29\/125-000-euro-fuer-soziokulturelle-vereine-und-projekte\/","og_locale":"de_DE","og_type":"article","og_title":"125.000 Euro f\u00fcr soziokulturelle Vereine und Projekte - Radio Leinewelle","og_description":"Rund 125 000 Euro stellt das Nieders\u00e4chsische Ministerium f\u00fcr Wissenschaft und Kultur (MWK) dem Landesverband Soziokultur Niedersachsen im zweiten Halbjahr 2020 f\u00fcr die F\u00f6rderung von soziokulturellen Projekten und Strukturma\u00dfnahmen zur Verf\u00fcgung. Das hat der Soziokulturbeirat im Landesverband Soziokultur jetzt entschieden. Das Geld flie\u00dft in 16 Vereine und Projekte der Soziokultur. \u201eKultur stiftet Gemeinschaft. Umso wichtiger [&hellip;]","og_url":"https:\/\/radioleinewelle.de\/index.php\/2020\/07\/29\/125-000-euro-fuer-soziokulturelle-vereine-und-projekte\/","og_site_name":"Radio Leinewelle","article_publisher":"https:\/\/www.facebook.com\/radioleinewelle","article_author":"https:\/\/www.facebook.com\/radioleinewelle","article_published_time":"2020-07-29T14:10:32+00:00","author":"Leinewelle","twitter_card":"summary_large_image","twitter_creator":"@https:\/\/twitter.com\/RLeinewelle?ref_src=twsrcgoogletwcampserptwgrauthor","twitter_site":"@RLeinewelle","twitter_misc":{"Verfasst von":"Leinewelle","Gesch\u00e4tzte Lesezeit":"1\u00a0Minute"},"schema":{"@context":"https:\/\/schema.org","@graph":[{"@type":"Article","@id":"https:\/\/radioleinewelle.de\/index.php\/2020\/07\/29\/125-000-euro-fuer-soziokulturelle-vereine-und-projekte\/#article","isPartOf":{"@id":"https:\/\/radioleinewelle.de\/index.php\/2020\/07\/29\/125-000-euro-fuer-soziokulturelle-vereine-und-projekte\/"},"author":{"name":"Leinewelle","@id":"https:\/\/radioleinewelle.de\/#\/schema\/person\/45606f348637df637192dc1b68399a63"},"headline":"125.000 Euro f\u00fcr soziokulturelle Vereine und Projekte","datePublished":"2020-07-29T14:10:32+00:00","mainEntityOfPage":{"@id":"https:\/\/radioleinewelle.de\/index.php\/2020\/07\/29\/125-000-euro-fuer-soziokulturelle-vereine-und-projekte\/"},"wordCount":160,"publisher":{"@id":"https:\/\/radioleinewelle.de\/#organization"},"inLanguage":"de"},{"@type":"WebPage","@id":"https:\/\/radioleinewelle.de\/index.php\/2020\/07\/29\/125-000-euro-fuer-soziokulturelle-vereine-und-projekte\/","url":"https:\/\/radioleinewelle.de\/index.php\/2020\/07\/29\/125-000-euro-fuer-soziokulturelle-vereine-und-projekte\/","name":"125.000 Euro f\u00fcr soziokulturelle Vereine und Projekte - Radio Leinewelle","isPartOf":{"@id":"https:\/\/radioleinewelle.de\/#website"},"datePublished":"2020-07-29T14:10:32+00:00","breadcrumb":{"@id":"https:\/\/radioleinewelle.de\/index.php\/2020\/07\/29\/125-000-euro-fuer-soziokulturelle-vereine-und-projekte\/#breadcrumb"},"inLanguage":"de","potentialAction":[{"@type":"ReadAction","target":["https:\/\/radioleinewelle.de\/index.php\/2020\/07\/29\/125-000-euro-fuer-soziokulturelle-vereine-und-projekte\/"]}]},{"@type":"BreadcrumbList","@id":"https:\/\/radioleinewelle.de\/index.php\/2020\/07\/29\/125-000-euro-fuer-soziokulturelle-vereine-und-projekte\/#breadcrumb","itemListElement":[{"@type":"ListItem","position":1,"name":"Startseite","item":"https:\/\/radioleinewelle.de\/"},{"@type":"ListItem","position":2,"name":"125.000 Euro f\u00fcr soziokulturelle Vereine und Projekte"}]},{"@type":"WebSite","@id":"https:\/\/radioleinewelle.de\/#website","url":"https:\/\/radioleinewelle.de\/","name":"Radio Leinewelle","description":"","publisher":{"@id":"https:\/\/radioleinewelle.de\/#organization"},"potentialAction":[{"@type":"SearchAction","target":{"@type":"EntryPoint","urlTemplate":"https:\/\/radioleinewelle.de\/?s={search_term_string}"},"query-input":{"@type":"PropertyValueSpecification","valueRequired":true,"valueName":"search_term_string"}}],"inLanguage":"de"},{"@type":"Organization","@id":"https:\/\/radioleinewelle.de\/#organization","name":"Radio Leinewelle","alternateName":"Mein Radio f\u00fcr S\u00fcdniedersachsen","url":"https:\/\/radioleinewelle.de\/","logo":{"@type":"ImageObject","inLanguage":"de","@id":"https:\/\/radioleinewelle.de\/#\/schema\/logo\/image\/","url":"https:\/\/radioleinewelle.de\/wp-content\/uploads\/2023\/11\/cropped-Leinewelle_Logo_weiss.png","contentUrl":"https:\/\/radioleinewelle.de\/wp-content\/uploads\/2023\/11\/cropped-Leinewelle_Logo_weiss.png","width":854,"height":260,"caption":"Radio Leinewelle"},"image":{"@id":"https:\/\/radioleinewelle.de\/#\/schema\/logo\/image\/"},"sameAs":["https:\/\/www.facebook.com\/radioleinewelle","https:\/\/x.com\/RLeinewelle","https:\/\/www.instagram.com\/radioleinewelle\/?hl=de"]},{"@type":"Person","@id":"https:\/\/radioleinewelle.de\/#\/schema\/person\/45606f348637df637192dc1b68399a63","name":"Leinewelle","image":{"@type":"ImageObject","inLanguage":"de","@id":"https:\/\/secure.gravatar.com\/avatar\/05c9a17bc973052ee5d91549bd32fb4dd0dc85b7b85ae94b2e2b4943476bbea5?s=96&d=blank&r=g","url":"https:\/\/secure.gravatar.com\/avatar\/05c9a17bc973052ee5d91549bd32fb4dd0dc85b7b85ae94b2e2b4943476bbea5?s=96&d=blank&r=g","contentUrl":"https:\/\/secure.gravatar.com\/avatar\/05c9a17bc973052ee5d91549bd32fb4dd0dc85b7b85ae94b2e2b4943476bbea5?s=96&d=blank&r=g","caption":"Leinewelle"},"sameAs":["http:\/\/localhost\/radio%20leinewelle\/wordpress","https:\/\/www.facebook.com\/radioleinewelle","https:\/\/www.instagram.com\/radioleinewelle","https:\/\/x.com\/https:\/\/twitter.com\/RLeinewelle?ref_src=twsrcgoogletwcampserptwgrauthor","https:\/\/soundcloud.com\/foerderverein-lokalradio?utm_source=clipboard&utm_medium=text&utm_campaign=social_sharing"],"url":"https:\/\/radioleinewelle.de\/index.php\/author\/leinewelle\/"}]}},"_links":{"self":[{"href":"https:\/\/radioleinewelle.de\/index.php\/wp-json\/wp\/v2\/posts\/1090","targetHints":{"allow":["GET"]}}],"collection":[{"href":"https:\/\/radioleinewelle.de\/index.php\/wp-json\/wp\/v2\/posts"}],"about":[{"href":"https:\/\/radioleinewelle.de\/index.php\/wp-json\/wp\/v2\/types\/post"}],"author":[{"embeddable":true,"href":"https:\/\/radioleinewelle.de\/index.php\/wp-json\/wp\/v2\/users\/1"}],"replies":[{"embeddable":true,"href":"https:\/\/radioleinewelle.de\/index.php\/wp-json\/wp\/v2\/comments?post=1090"}],"version-history":[{"count":0,"href":"https:\/\/radioleinewelle.de\/index.php\/wp-json\/wp\/v2\/posts\/1090\/revisions"}],"wp:attachment":[{"href":"https:\/\/radioleinewelle.de\/index.php\/wp-json\/wp\/v2\/media?parent=1090"}],"wp:term":[{"taxonomy":"category","embeddable":true,"href":"https:\/\/radioleinewelle.de\/index.php\/wp-json\/wp\/v2\/categories?post=1090"},{"taxonomy":"post_tag","embeddable":true,"href":"https:\/\/radioleinewelle.de\/index.php\/wp-json\/wp\/v2\/tags?post=1090"}],"curies":[{"name":"wp","href":"https:\/\/api.w.org\/{rel}","templated":true}]}}