{"id":11004,"date":"2021-10-12T14:50:24","date_gmt":"2021-10-12T12:50:24","guid":{"rendered":"https:\/\/radioleinewelle.de\/?p=11004"},"modified":"2021-10-12T14:50:24","modified_gmt":"2021-10-12T12:50:24","slug":"vsn-ticketpreise-bleiben-stabil","status":"publish","type":"post","link":"https:\/\/radioleinewelle.de\/index.php\/2021\/10\/12\/vsn-ticketpreise-bleiben-stabil\/","title":{"rendered":"VSN-Ticketpreise bleiben stabil"},"content":{"rendered":"\n<p>In einer Pressemitteilung weist der Verkehrsverbund S\u00fcdniedersachsen (VSN) darauf hin, dass die von der Deutschen Bahn AG angek\u00fcndigte Preiserh\u00f6hung ab 12. Dezember 2021 nicht f\u00fcr den Bereich des VSN gilt.<\/p>\n\n\n\n<p>In den Landkreisen G\u00f6ttingen, Northeim und Holzminden trat zum 01.01.2021 die VSN-Tarifreform in Kraft: Durch den Wegfall der Preisstufen 6\u20139 sowie die Einf\u00fchrung des Seniorentickets, des Sch\u00fclerFreizeitTickets und des SozialTickets gibt es f\u00fcr zahlreiche Fahrg\u00e4ste im Nahverkehr neue Tarifangebote. Mit weniger Preisstufen und besseren Angeboten sei das Bus- und Bahnfahren in S\u00fcd-Niedersachsen weiterhin g\u00fcnstig.<\/p>\n\n\n\n<p>Mehr zu den verschiedenen Tarifen:<br \/><a href=\"https:\/\/l.facebook.com\/l.php?u=http%3A%2F%2Fwww.vsn-tarifreform.de%2F%3Ffbclid%3DIwAR0dZdwiHhfuwXwSsC58yQhFuYkbJyIikn73HNCmyllnaojdGSJf_0lcB04&amp;h=AT0Hya5BZbfSFzUx2DwuL7IPAHBOoU4XibLnS7p7V4q6hPS9kyj1jD_aRfgSjzr3EdB5MXrGz17gWcp4ixo2nettxb4Cv5PcRrs5JFk6biCZO7FJfhICq8wwhbIcJLqcb2YEnsBMzg&amp;__tn__=-UK*F&amp;c[0]=AT1TgpKgfDtiuM1W9zwCy1vrqmJOHhx9aSfZJwY9zXsJMCqSExD2mLis2NYGdtLqisV4JqRKUuIe639Y2lPwYM4GyXTXXX_nMSZDRBO7sLc-DIuUwJmzHAfm1y5e3H3cKMJDqbk7bg9FcxHS0GDWn4ct6efpm_BrciQURuerplrh3KQKUdE9_osnNOWFoZ72HTNz2qQ\" rel=\"noreferrer noopener\" target=\"_blank\">www.vsn-tarifreform.de<\/a><\/p>\n","protected":false},"excerpt":{"rendered":"<p>In einer Pressemitteilung weist der Verkehrsverbund S\u00fcdniedersachsen (VSN) darauf hin, dass die von der Deutschen Bahn AG angek\u00fcndigte Preiserh\u00f6hung ab 12. Dezember 2021 nicht f\u00fcr den Bereich des VSN gilt. In den Landkreisen G\u00f6ttingen, Northeim und Holzminden trat zum 01.01.2021 die VSN-Tarifreform in Kraft: Durch den Wegfall der Preisstufen 6\u20139 sowie die Einf\u00fchrung des Seniorentickets, [&hellip;]<\/p>\n","protected":false},"author":1,"featured_media":11005,"comment_status":"closed","ping_status":"closed","sticky":false,"template":"","format":"standard","meta":{"saved_in_kubio":false,"footnotes":""},"categories":[31],"tags":[2326,2327],"class_list":["post-11004","post","type-post","status-publish","format-standard","has-post-thumbnail","hentry","category-bauen-verkehr","tag-ticketpreise-nahverkehr","tag-vsn"],"yoast_head":"<!-- This site is optimized with the Yoast SEO plugin v27.5 - https:\/\/yoast.com\/product\/yoast-seo-wordpress\/ -->\n<title>VSN-Ticketpreise bleiben stabil - Radio Leinewelle<\/title>\n<meta name=\"robots\" content=\"index, follow, max-snippet:-1, max-image-preview:large, max-video-preview:-1\" \/>\n<link rel=\"canonical\" href=\"https:\/\/radioleinewelle.de\/index.php\/2021\/10\/12\/vsn-ticketpreise-bleiben-stabil\/\" \/>\n<meta property=\"og:locale\" content=\"de_DE\" \/>\n<meta property=\"og:type\" content=\"article\" \/>\n<meta property=\"og:title\" content=\"VSN-Ticketpreise bleiben stabil - Radio Leinewelle\" \/>\n<meta property=\"og:description\" content=\"In einer Pressemitteilung weist der Verkehrsverbund S\u00fcdniedersachsen (VSN) darauf hin, dass die von der Deutschen Bahn AG angek\u00fcndigte Preiserh\u00f6hung ab 12. Dezember 2021 nicht f\u00fcr den Bereich des VSN gilt. In den Landkreisen G\u00f6ttingen, Northeim und Holzminden trat zum 01.01.2021 die VSN-Tarifreform in Kraft: Durch den Wegfall der Preisstufen 6\u20139 sowie die Einf\u00fchrung des Seniorentickets, [&hellip;]\" \/>\n<meta property=\"og:url\" content=\"https:\/\/radioleinewelle.de\/index.php\/2021\/10\/12\/vsn-ticketpreise-bleiben-stabil\/\" \/>\n<meta property=\"og:site_name\" content=\"Radio Leinewelle\" \/>\n<meta property=\"article:publisher\" content=\"https:\/\/www.facebook.com\/radioleinewelle\" \/>\n<meta property=\"article:author\" content=\"https:\/\/www.facebook.com\/radioleinewelle\" \/>\n<meta property=\"article:published_time\" content=\"2021-10-12T12:50:24+00:00\" \/>\n<meta property=\"og:image\" content=\"https:\/\/radioleinewelle.de\/wp-content\/uploads\/2021\/10\/245096904_1144250589314132_5473931530666221854_n-e1634043005977.jpg\" \/>\n\t<meta property=\"og:image:width\" content=\"1925\" \/>\n\t<meta property=\"og:image:height\" content=\"1280\" \/>\n\t<meta property=\"og:image:type\" content=\"image\/jpeg\" \/>\n<meta name=\"author\" content=\"Leinewelle\" \/>\n<meta name=\"twitter:card\" content=\"summary_large_image\" \/>\n<meta name=\"twitter:creator\" content=\"@https:\/\/twitter.com\/RLeinewelle?ref_src=twsrcgoogletwcampserptwgrauthor\" \/>\n<meta name=\"twitter:site\" content=\"@RLeinewelle\" \/>\n<meta name=\"twitter:label1\" content=\"Verfasst von\" \/>\n\t<meta name=\"twitter:data1\" content=\"Leinewelle\" \/>\n\t<meta name=\"twitter:label2\" content=\"Gesch\u00e4tzte Lesezeit\" \/>\n\t<meta name=\"twitter:data2\" content=\"1\u00a0Minute\" \/>\n<script type=\"application\/ld+json\" class=\"yoast-schema-graph\">{\"@context\":\"https:\\\/\\\/schema.org\",\"@graph\":[{\"@type\":\"Article\",\"@id\":\"https:\\\/\\\/radioleinewelle.de\\\/index.php\\\/2021\\\/10\\\/12\\\/vsn-ticketpreise-bleiben-stabil\\\/#article\",\"isPartOf\":{\"@id\":\"https:\\\/\\\/radioleinewelle.de\\\/index.php\\\/2021\\\/10\\\/12\\\/vsn-ticketpreise-bleiben-stabil\\\/\"},\"author\":{\"name\":\"Leinewelle\",\"@id\":\"https:\\\/\\\/radioleinewelle.de\\\/#\\\/schema\\\/person\\\/45606f348637df637192dc1b68399a63\"},\"headline\":\"VSN-Ticketpreise bleiben stabil\",\"datePublished\":\"2021-10-12T12:50:24+00:00\",\"mainEntityOfPage\":{\"@id\":\"https:\\\/\\\/radioleinewelle.de\\\/index.php\\\/2021\\\/10\\\/12\\\/vsn-ticketpreise-bleiben-stabil\\\/\"},\"wordCount\":102,\"publisher\":{\"@id\":\"https:\\\/\\\/radioleinewelle.de\\\/#organization\"},\"image\":{\"@id\":\"https:\\\/\\\/radioleinewelle.de\\\/index.php\\\/2021\\\/10\\\/12\\\/vsn-ticketpreise-bleiben-stabil\\\/#primaryimage\"},\"thumbnailUrl\":\"https:\\\/\\\/radioleinewelle.de\\\/wp-content\\\/uploads\\\/2021\\\/10\\\/245096904_1144250589314132_5473931530666221854_n-e1634043005977.jpg\",\"keywords\":[\"Ticketpreise Nahverkehr\",\"VSN\"],\"articleSection\":[\"Bauen &amp; Verkehr\"],\"inLanguage\":\"de\"},{\"@type\":\"WebPage\",\"@id\":\"https:\\\/\\\/radioleinewelle.de\\\/index.php\\\/2021\\\/10\\\/12\\\/vsn-ticketpreise-bleiben-stabil\\\/\",\"url\":\"https:\\\/\\\/radioleinewelle.de\\\/index.php\\\/2021\\\/10\\\/12\\\/vsn-ticketpreise-bleiben-stabil\\\/\",\"name\":\"VSN-Ticketpreise bleiben stabil - Radio Leinewelle\",\"isPartOf\":{\"@id\":\"https:\\\/\\\/radioleinewelle.de\\\/#website\"},\"primaryImageOfPage\":{\"@id\":\"https:\\\/\\\/radioleinewelle.de\\\/index.php\\\/2021\\\/10\\\/12\\\/vsn-ticketpreise-bleiben-stabil\\\/#primaryimage\"},\"image\":{\"@id\":\"https:\\\/\\\/radioleinewelle.de\\\/index.php\\\/2021\\\/10\\\/12\\\/vsn-ticketpreise-bleiben-stabil\\\/#primaryimage\"},\"thumbnailUrl\":\"https:\\\/\\\/radioleinewelle.de\\\/wp-content\\\/uploads\\\/2021\\\/10\\\/245096904_1144250589314132_5473931530666221854_n-e1634043005977.jpg\",\"datePublished\":\"2021-10-12T12:50:24+00:00\",\"breadcrumb\":{\"@id\":\"https:\\\/\\\/radioleinewelle.de\\\/index.php\\\/2021\\\/10\\\/12\\\/vsn-ticketpreise-bleiben-stabil\\\/#breadcrumb\"},\"inLanguage\":\"de\",\"potentialAction\":[{\"@type\":\"ReadAction\",\"target\":[\"https:\\\/\\\/radioleinewelle.de\\\/index.php\\\/2021\\\/10\\\/12\\\/vsn-ticketpreise-bleiben-stabil\\\/\"]}]},{\"@type\":\"ImageObject\",\"inLanguage\":\"de\",\"@id\":\"https:\\\/\\\/radioleinewelle.de\\\/index.php\\\/2021\\\/10\\\/12\\\/vsn-ticketpreise-bleiben-stabil\\\/#primaryimage\",\"url\":\"https:\\\/\\\/radioleinewelle.de\\\/wp-content\\\/uploads\\\/2021\\\/10\\\/245096904_1144250589314132_5473931530666221854_n-e1634043005977.jpg\",\"contentUrl\":\"https:\\\/\\\/radioleinewelle.de\\\/wp-content\\\/uploads\\\/2021\\\/10\\\/245096904_1144250589314132_5473931530666221854_n-e1634043005977.jpg\",\"width\":1925,\"height\":1280},{\"@type\":\"BreadcrumbList\",\"@id\":\"https:\\\/\\\/radioleinewelle.de\\\/index.php\\\/2021\\\/10\\\/12\\\/vsn-ticketpreise-bleiben-stabil\\\/#breadcrumb\",\"itemListElement\":[{\"@type\":\"ListItem\",\"position\":1,\"name\":\"Startseite\",\"item\":\"https:\\\/\\\/radioleinewelle.de\\\/\"},{\"@type\":\"ListItem\",\"position\":2,\"name\":\"VSN-Ticketpreise bleiben stabil\"}]},{\"@type\":\"WebSite\",\"@id\":\"https:\\\/\\\/radioleinewelle.de\\\/#website\",\"url\":\"https:\\\/\\\/radioleinewelle.de\\\/\",\"name\":\"Radio Leinewelle\",\"description\":\"\",\"publisher\":{\"@id\":\"https:\\\/\\\/radioleinewelle.de\\\/#organization\"},\"potentialAction\":[{\"@type\":\"SearchAction\",\"target\":{\"@type\":\"EntryPoint\",\"urlTemplate\":\"https:\\\/\\\/radioleinewelle.de\\\/?s={search_term_string}\"},\"query-input\":{\"@type\":\"PropertyValueSpecification\",\"valueRequired\":true,\"valueName\":\"search_term_string\"}}],\"inLanguage\":\"de\"},{\"@type\":\"Organization\",\"@id\":\"https:\\\/\\\/radioleinewelle.de\\\/#organization\",\"name\":\"Radio Leinewelle\",\"alternateName\":\"Mein Radio f\u00fcr S\u00fcdniedersachsen\",\"url\":\"https:\\\/\\\/radioleinewelle.de\\\/\",\"logo\":{\"@type\":\"ImageObject\",\"inLanguage\":\"de\",\"@id\":\"https:\\\/\\\/radioleinewelle.de\\\/#\\\/schema\\\/logo\\\/image\\\/\",\"url\":\"https:\\\/\\\/radioleinewelle.de\\\/wp-content\\\/uploads\\\/2023\\\/11\\\/cropped-Leinewelle_Logo_weiss.png\",\"contentUrl\":\"https:\\\/\\\/radioleinewelle.de\\\/wp-content\\\/uploads\\\/2023\\\/11\\\/cropped-Leinewelle_Logo_weiss.png\",\"width\":854,\"height\":260,\"caption\":\"Radio Leinewelle\"},\"image\":{\"@id\":\"https:\\\/\\\/radioleinewelle.de\\\/#\\\/schema\\\/logo\\\/image\\\/\"},\"sameAs\":[\"https:\\\/\\\/www.facebook.com\\\/radioleinewelle\",\"https:\\\/\\\/x.com\\\/RLeinewelle\",\"https:\\\/\\\/www.instagram.com\\\/radioleinewelle\\\/?hl=de\"]},{\"@type\":\"Person\",\"@id\":\"https:\\\/\\\/radioleinewelle.de\\\/#\\\/schema\\\/person\\\/45606f348637df637192dc1b68399a63\",\"name\":\"Leinewelle\",\"image\":{\"@type\":\"ImageObject\",\"inLanguage\":\"de\",\"@id\":\"https:\\\/\\\/secure.gravatar.com\\\/avatar\\\/05c9a17bc973052ee5d91549bd32fb4dd0dc85b7b85ae94b2e2b4943476bbea5?s=96&d=blank&r=g\",\"url\":\"https:\\\/\\\/secure.gravatar.com\\\/avatar\\\/05c9a17bc973052ee5d91549bd32fb4dd0dc85b7b85ae94b2e2b4943476bbea5?s=96&d=blank&r=g\",\"contentUrl\":\"https:\\\/\\\/secure.gravatar.com\\\/avatar\\\/05c9a17bc973052ee5d91549bd32fb4dd0dc85b7b85ae94b2e2b4943476bbea5?s=96&d=blank&r=g\",\"caption\":\"Leinewelle\"},\"sameAs\":[\"http:\\\/\\\/localhost\\\/radio%20leinewelle\\\/wordpress\",\"https:\\\/\\\/www.facebook.com\\\/radioleinewelle\",\"https:\\\/\\\/www.instagram.com\\\/radioleinewelle\",\"https:\\\/\\\/x.com\\\/https:\\\/\\\/twitter.com\\\/RLeinewelle?ref_src=twsrcgoogletwcampserptwgrauthor\",\"https:\\\/\\\/soundcloud.com\\\/foerderverein-lokalradio?utm_source=clipboard&utm_medium=text&utm_campaign=social_sharing\"],\"url\":\"https:\\\/\\\/radioleinewelle.de\\\/index.php\\\/author\\\/leinewelle\\\/\"}]}<\/script>\n<!-- \/ Yoast SEO plugin. -->","yoast_head_json":{"title":"VSN-Ticketpreise bleiben stabil - Radio Leinewelle","robots":{"index":"index","follow":"follow","max-snippet":"max-snippet:-1","max-image-preview":"max-image-preview:large","max-video-preview":"max-video-preview:-1"},"canonical":"https:\/\/radioleinewelle.de\/index.php\/2021\/10\/12\/vsn-ticketpreise-bleiben-stabil\/","og_locale":"de_DE","og_type":"article","og_title":"VSN-Ticketpreise bleiben stabil - Radio Leinewelle","og_description":"In einer Pressemitteilung weist der Verkehrsverbund S\u00fcdniedersachsen (VSN) darauf hin, dass die von der Deutschen Bahn AG angek\u00fcndigte Preiserh\u00f6hung ab 12. Dezember 2021 nicht f\u00fcr den Bereich des VSN gilt. In den Landkreisen G\u00f6ttingen, Northeim und Holzminden trat zum 01.01.2021 die VSN-Tarifreform in Kraft: Durch den Wegfall der Preisstufen 6\u20139 sowie die Einf\u00fchrung des Seniorentickets, [&hellip;]","og_url":"https:\/\/radioleinewelle.de\/index.php\/2021\/10\/12\/vsn-ticketpreise-bleiben-stabil\/","og_site_name":"Radio Leinewelle","article_publisher":"https:\/\/www.facebook.com\/radioleinewelle","article_author":"https:\/\/www.facebook.com\/radioleinewelle","article_published_time":"2021-10-12T12:50:24+00:00","og_image":[{"width":1925,"height":1280,"url":"https:\/\/radioleinewelle.de\/wp-content\/uploads\/2021\/10\/245096904_1144250589314132_5473931530666221854_n-e1634043005977.jpg","type":"image\/jpeg"}],"author":"Leinewelle","twitter_card":"summary_large_image","twitter_creator":"@https:\/\/twitter.com\/RLeinewelle?ref_src=twsrcgoogletwcampserptwgrauthor","twitter_site":"@RLeinewelle","twitter_misc":{"Verfasst von":"Leinewelle","Gesch\u00e4tzte Lesezeit":"1\u00a0Minute"},"schema":{"@context":"https:\/\/schema.org","@graph":[{"@type":"Article","@id":"https:\/\/radioleinewelle.de\/index.php\/2021\/10\/12\/vsn-ticketpreise-bleiben-stabil\/#article","isPartOf":{"@id":"https:\/\/radioleinewelle.de\/index.php\/2021\/10\/12\/vsn-ticketpreise-bleiben-stabil\/"},"author":{"name":"Leinewelle","@id":"https:\/\/radioleinewelle.de\/#\/schema\/person\/45606f348637df637192dc1b68399a63"},"headline":"VSN-Ticketpreise bleiben stabil","datePublished":"2021-10-12T12:50:24+00:00","mainEntityOfPage":{"@id":"https:\/\/radioleinewelle.de\/index.php\/2021\/10\/12\/vsn-ticketpreise-bleiben-stabil\/"},"wordCount":102,"publisher":{"@id":"https:\/\/radioleinewelle.de\/#organization"},"image":{"@id":"https:\/\/radioleinewelle.de\/index.php\/2021\/10\/12\/vsn-ticketpreise-bleiben-stabil\/#primaryimage"},"thumbnailUrl":"https:\/\/radioleinewelle.de\/wp-content\/uploads\/2021\/10\/245096904_1144250589314132_5473931530666221854_n-e1634043005977.jpg","keywords":["Ticketpreise Nahverkehr","VSN"],"articleSection":["Bauen &amp; Verkehr"],"inLanguage":"de"},{"@type":"WebPage","@id":"https:\/\/radioleinewelle.de\/index.php\/2021\/10\/12\/vsn-ticketpreise-bleiben-stabil\/","url":"https:\/\/radioleinewelle.de\/index.php\/2021\/10\/12\/vsn-ticketpreise-bleiben-stabil\/","name":"VSN-Ticketpreise bleiben stabil - Radio Leinewelle","isPartOf":{"@id":"https:\/\/radioleinewelle.de\/#website"},"primaryImageOfPage":{"@id":"https:\/\/radioleinewelle.de\/index.php\/2021\/10\/12\/vsn-ticketpreise-bleiben-stabil\/#primaryimage"},"image":{"@id":"https:\/\/radioleinewelle.de\/index.php\/2021\/10\/12\/vsn-ticketpreise-bleiben-stabil\/#primaryimage"},"thumbnailUrl":"https:\/\/radioleinewelle.de\/wp-content\/uploads\/2021\/10\/245096904_1144250589314132_5473931530666221854_n-e1634043005977.jpg","datePublished":"2021-10-12T12:50:24+00:00","breadcrumb":{"@id":"https:\/\/radioleinewelle.de\/index.php\/2021\/10\/12\/vsn-ticketpreise-bleiben-stabil\/#breadcrumb"},"inLanguage":"de","potentialAction":[{"@type":"ReadAction","target":["https:\/\/radioleinewelle.de\/index.php\/2021\/10\/12\/vsn-ticketpreise-bleiben-stabil\/"]}]},{"@type":"ImageObject","inLanguage":"de","@id":"https:\/\/radioleinewelle.de\/index.php\/2021\/10\/12\/vsn-ticketpreise-bleiben-stabil\/#primaryimage","url":"https:\/\/radioleinewelle.de\/wp-content\/uploads\/2021\/10\/245096904_1144250589314132_5473931530666221854_n-e1634043005977.jpg","contentUrl":"https:\/\/radioleinewelle.de\/wp-content\/uploads\/2021\/10\/245096904_1144250589314132_5473931530666221854_n-e1634043005977.jpg","width":1925,"height":1280},{"@type":"BreadcrumbList","@id":"https:\/\/radioleinewelle.de\/index.php\/2021\/10\/12\/vsn-ticketpreise-bleiben-stabil\/#breadcrumb","itemListElement":[{"@type":"ListItem","position":1,"name":"Startseite","item":"https:\/\/radioleinewelle.de\/"},{"@type":"ListItem","position":2,"name":"VSN-Ticketpreise bleiben stabil"}]},{"@type":"WebSite","@id":"https:\/\/radioleinewelle.de\/#website","url":"https:\/\/radioleinewelle.de\/","name":"Radio Leinewelle","description":"","publisher":{"@id":"https:\/\/radioleinewelle.de\/#organization"},"potentialAction":[{"@type":"SearchAction","target":{"@type":"EntryPoint","urlTemplate":"https:\/\/radioleinewelle.de\/?s={search_term_string}"},"query-input":{"@type":"PropertyValueSpecification","valueRequired":true,"valueName":"search_term_string"}}],"inLanguage":"de"},{"@type":"Organization","@id":"https:\/\/radioleinewelle.de\/#organization","name":"Radio Leinewelle","alternateName":"Mein Radio f\u00fcr S\u00fcdniedersachsen","url":"https:\/\/radioleinewelle.de\/","logo":{"@type":"ImageObject","inLanguage":"de","@id":"https:\/\/radioleinewelle.de\/#\/schema\/logo\/image\/","url":"https:\/\/radioleinewelle.de\/wp-content\/uploads\/2023\/11\/cropped-Leinewelle_Logo_weiss.png","contentUrl":"https:\/\/radioleinewelle.de\/wp-content\/uploads\/2023\/11\/cropped-Leinewelle_Logo_weiss.png","width":854,"height":260,"caption":"Radio Leinewelle"},"image":{"@id":"https:\/\/radioleinewelle.de\/#\/schema\/logo\/image\/"},"sameAs":["https:\/\/www.facebook.com\/radioleinewelle","https:\/\/x.com\/RLeinewelle","https:\/\/www.instagram.com\/radioleinewelle\/?hl=de"]},{"@type":"Person","@id":"https:\/\/radioleinewelle.de\/#\/schema\/person\/45606f348637df637192dc1b68399a63","name":"Leinewelle","image":{"@type":"ImageObject","inLanguage":"de","@id":"https:\/\/secure.gravatar.com\/avatar\/05c9a17bc973052ee5d91549bd32fb4dd0dc85b7b85ae94b2e2b4943476bbea5?s=96&d=blank&r=g","url":"https:\/\/secure.gravatar.com\/avatar\/05c9a17bc973052ee5d91549bd32fb4dd0dc85b7b85ae94b2e2b4943476bbea5?s=96&d=blank&r=g","contentUrl":"https:\/\/secure.gravatar.com\/avatar\/05c9a17bc973052ee5d91549bd32fb4dd0dc85b7b85ae94b2e2b4943476bbea5?s=96&d=blank&r=g","caption":"Leinewelle"},"sameAs":["http:\/\/localhost\/radio%20leinewelle\/wordpress","https:\/\/www.facebook.com\/radioleinewelle","https:\/\/www.instagram.com\/radioleinewelle","https:\/\/x.com\/https:\/\/twitter.com\/RLeinewelle?ref_src=twsrcgoogletwcampserptwgrauthor","https:\/\/soundcloud.com\/foerderverein-lokalradio?utm_source=clipboard&utm_medium=text&utm_campaign=social_sharing"],"url":"https:\/\/radioleinewelle.de\/index.php\/author\/leinewelle\/"}]}},"_links":{"self":[{"href":"https:\/\/radioleinewelle.de\/index.php\/wp-json\/wp\/v2\/posts\/11004","targetHints":{"allow":["GET"]}}],"collection":[{"href":"https:\/\/radioleinewelle.de\/index.php\/wp-json\/wp\/v2\/posts"}],"about":[{"href":"https:\/\/radioleinewelle.de\/index.php\/wp-json\/wp\/v2\/types\/post"}],"author":[{"embeddable":true,"href":"https:\/\/radioleinewelle.de\/index.php\/wp-json\/wp\/v2\/users\/1"}],"replies":[{"embeddable":true,"href":"https:\/\/radioleinewelle.de\/index.php\/wp-json\/wp\/v2\/comments?post=11004"}],"version-history":[{"count":0,"href":"https:\/\/radioleinewelle.de\/index.php\/wp-json\/wp\/v2\/posts\/11004\/revisions"}],"wp:featuredmedia":[{"embeddable":true,"href":"https:\/\/radioleinewelle.de\/index.php\/wp-json\/wp\/v2\/media\/11005"}],"wp:attachment":[{"href":"https:\/\/radioleinewelle.de\/index.php\/wp-json\/wp\/v2\/media?parent=11004"}],"wp:term":[{"taxonomy":"category","embeddable":true,"href":"https:\/\/radioleinewelle.de\/index.php\/wp-json\/wp\/v2\/categories?post=11004"},{"taxonomy":"post_tag","embeddable":true,"href":"https:\/\/radioleinewelle.de\/index.php\/wp-json\/wp\/v2\/tags?post=11004"}],"curies":[{"name":"wp","href":"https:\/\/api.w.org\/{rel}","templated":true}]}}