{"id":11007,"date":"2021-10-12T14:58:05","date_gmt":"2021-10-12T12:58:05","guid":{"rendered":"https:\/\/radioleinewelle.de\/?p=11007"},"modified":"2021-10-12T14:58:05","modified_gmt":"2021-10-12T12:58:05","slug":"kampfmittelverdacht-in-der-weststadt-beginn-der-sondierungen","status":"publish","type":"post","link":"https:\/\/radioleinewelle.de\/index.php\/2021\/10\/12\/kampfmittelverdacht-in-der-weststadt-beginn-der-sondierungen\/","title":{"rendered":"Kampfmittelverdacht in der Weststadt: Beginn der Sondierungen"},"content":{"rendered":"\n<p>I<strong>n der kommenden Woche beginnen erste Sondierungen an den Kampfmittelverdachtsf\u00e4llen in der G\u00f6ttinger Weststadt. Ein Spezialunternehmen nimmt sich in der Woche vom 18. Oktober 2021 zun\u00e4chst drei der Verdachtspunkte vor, die sich durch neue Informationen des Landesamts f\u00fcr Geoinformation und Landvermessung Niedersachsen ergeben hatten.&nbsp;<\/strong><\/p>\n\n\n\n<p>Als erster Punkt wird ein Fundort auf einer Freifl\u00e4che westlich der Leine untersucht. Die Anwohner*innen, Eigent\u00fcmer*innen und Nutzer*innen sind bereits informiert. Ausschlie\u00dflich f\u00fcr sie hat die Stadt f\u00fcr Fragen eine Hotline eingerichtet, erg\u00e4nzend zu den allgemeinen Informationen auf&nbsp;<a href=\"http:\/\/mailings.goettingen.de\/c\/63745454\/8437d312179c-r0uzqi\">goe.de\/bombenverdacht<\/a>. Vor Ort werden die Anwohnenden-Infos au\u00dferdem an zentralen Punkten in Geb\u00e4uden ausgeh\u00e4ngt, auf Deutsch und in f\u00fcnf weiteren Sprachen (Englisch, Franz\u00f6sisch, Spanisch, Farsi und Russisch).<\/p>\n\n\n\n<p><strong>Untersuchung durch Spezialisten<\/strong><\/p>\n\n\n\n<p>Insgesamt gehen die Fachleute des Kampfmittelbeseitigungsdienstes Niedersachsen (KBD) davon aus, dass westlich und \u00f6stlich der Leine (Godehardstra\u00dfe, Bl\u00fcmchenviertel, Sch\u00fctzenplatz) mehr als 80 Verdachtspunkte auf Blindg\u00e4nger aus dem Zweiten Weltkrieg zu untersuchen sind. Ob sich der Verdacht jeweils erh\u00e4rtet, kann nur eine gezielte Sondierung jedes einzelnen Punktes kl\u00e4ren. Unterst\u00fctzt wird der KBD dabei von einem Stab, den der G\u00f6ttinger Oberb\u00fcrgermeister Rolf-Georg K\u00f6hler unter der Leitung des Ersten Stadtrats Christian Schmetz sowie dem Leiter der G\u00f6ttinger Berufsfeuerwehr Dr. Martin Sch\u00e4fer eingerichtet hat.<\/p>\n\n\n\n<p><strong>Entscheidung nach Ergebnis<\/strong><\/p>\n\n\n\n<p>Schmetz erkl\u00e4rt: \u201eWir halten uns mit genauen Angaben zu den Punkten zur\u00fcck \u2013 zum Schutz der Anwohnerinnen und Anwohner und auch, damit die Einsatzkr\u00e4fte vor Ort ihre Arbeit schnell und effektiv bew\u00e4ltigen k\u00f6nnen. \u00dcber Ergebnisse der Sondierungen informieren wir so bald wie m\u00f6glich.\u201c Zur Untersuchung werden Tiefenbohrungen in einem zuvor festgelegten Raster um die Verdachtspunkte gebohrt und mittels Magnetsonden \u00fcberpr\u00fcft. Bei Kampfmittel-typischen Abweichungen vom Normalzustand wird das jeweilige Objekt ausgegraben. Nachdem der KBD das Objekt gepr\u00fcft hat, wird \u00fcber das weitere Vorgehen entschieden. Sollte es sich um einen Bombenblindg\u00e4nger handeln, wird eine Entsch\u00e4rfung oder kontrollierte Sprengung vorbereitet. Bei allen Untersuchungen beeinflussen die Ergebnisse den Zeitplan f\u00fcr die n\u00e4chsten Sondierungen. Das gilt auch f\u00fcr den Verdacht im Bereich des Kulturzentrums, der nach aktueller Planung bald gepr\u00fcft werden soll. Die Nutzer*innen sind bereits grunds\u00e4tzlich informiert.<\/p>\n","protected":false},"excerpt":{"rendered":"<p>In der kommenden Woche beginnen erste Sondierungen an den Kampfmittelverdachtsf\u00e4llen in der G\u00f6ttinger Weststadt. Ein Spezialunternehmen nimmt sich in der Woche vom 18. Oktober 2021 zun\u00e4chst drei der Verdachtspunkte vor, die sich durch neue Informationen des Landesamts f\u00fcr Geoinformation und Landvermessung Niedersachsen ergeben hatten.&nbsp; Als erster Punkt wird ein Fundort auf einer Freifl\u00e4che westlich der [&hellip;]<\/p>\n","protected":false},"author":1,"featured_media":0,"comment_status":"closed","ping_status":"closed","sticky":false,"template":"","format":"standard","meta":{"saved_in_kubio":false,"footnotes":""},"categories":[24],"tags":[455,2328,2329,2330],"class_list":["post-11007","post","type-post","status-publish","format-standard","hentry","category-news","tag-christian-schmetz","tag-kampfmittelbeseitigungsdienstes-niedersachsen-kbd","tag-kampfmittelverdacht-goettingen","tag-sondierung-kampfmittel"],"yoast_head":"<!-- This site is optimized with the Yoast SEO plugin v27.5 - https:\/\/yoast.com\/product\/yoast-seo-wordpress\/ -->\n<title>Kampfmittelverdacht in der Weststadt: Beginn der Sondierungen - Radio Leinewelle<\/title>\n<meta name=\"robots\" content=\"index, follow, max-snippet:-1, max-image-preview:large, max-video-preview:-1\" \/>\n<link rel=\"canonical\" href=\"https:\/\/radioleinewelle.de\/index.php\/2021\/10\/12\/kampfmittelverdacht-in-der-weststadt-beginn-der-sondierungen\/\" \/>\n<meta property=\"og:locale\" content=\"de_DE\" \/>\n<meta property=\"og:type\" content=\"article\" \/>\n<meta property=\"og:title\" content=\"Kampfmittelverdacht in der Weststadt: Beginn der Sondierungen - Radio Leinewelle\" \/>\n<meta property=\"og:description\" content=\"In der kommenden Woche beginnen erste Sondierungen an den Kampfmittelverdachtsf\u00e4llen in der G\u00f6ttinger Weststadt. Ein Spezialunternehmen nimmt sich in der Woche vom 18. Oktober 2021 zun\u00e4chst drei der Verdachtspunkte vor, die sich durch neue Informationen des Landesamts f\u00fcr Geoinformation und Landvermessung Niedersachsen ergeben hatten.&nbsp; Als erster Punkt wird ein Fundort auf einer Freifl\u00e4che westlich der [&hellip;]\" \/>\n<meta property=\"og:url\" content=\"https:\/\/radioleinewelle.de\/index.php\/2021\/10\/12\/kampfmittelverdacht-in-der-weststadt-beginn-der-sondierungen\/\" \/>\n<meta property=\"og:site_name\" content=\"Radio Leinewelle\" \/>\n<meta property=\"article:publisher\" content=\"https:\/\/www.facebook.com\/radioleinewelle\" \/>\n<meta property=\"article:author\" content=\"https:\/\/www.facebook.com\/radioleinewelle\" \/>\n<meta property=\"article:published_time\" content=\"2021-10-12T12:58:05+00:00\" \/>\n<meta name=\"author\" content=\"Leinewelle\" \/>\n<meta name=\"twitter:card\" content=\"summary_large_image\" \/>\n<meta name=\"twitter:creator\" content=\"@https:\/\/twitter.com\/RLeinewelle?ref_src=twsrcgoogletwcampserptwgrauthor\" \/>\n<meta name=\"twitter:site\" content=\"@RLeinewelle\" \/>\n<meta name=\"twitter:label1\" content=\"Verfasst von\" \/>\n\t<meta name=\"twitter:data1\" content=\"Leinewelle\" \/>\n\t<meta name=\"twitter:label2\" content=\"Gesch\u00e4tzte Lesezeit\" \/>\n\t<meta name=\"twitter:data2\" content=\"2\u00a0Minuten\" \/>\n<script type=\"application\/ld+json\" class=\"yoast-schema-graph\">{\"@context\":\"https:\\\/\\\/schema.org\",\"@graph\":[{\"@type\":\"Article\",\"@id\":\"https:\\\/\\\/radioleinewelle.de\\\/index.php\\\/2021\\\/10\\\/12\\\/kampfmittelverdacht-in-der-weststadt-beginn-der-sondierungen\\\/#article\",\"isPartOf\":{\"@id\":\"https:\\\/\\\/radioleinewelle.de\\\/index.php\\\/2021\\\/10\\\/12\\\/kampfmittelverdacht-in-der-weststadt-beginn-der-sondierungen\\\/\"},\"author\":{\"name\":\"Leinewelle\",\"@id\":\"https:\\\/\\\/radioleinewelle.de\\\/#\\\/schema\\\/person\\\/45606f348637df637192dc1b68399a63\"},\"headline\":\"Kampfmittelverdacht in der Weststadt: Beginn der Sondierungen\",\"datePublished\":\"2021-10-12T12:58:05+00:00\",\"mainEntityOfPage\":{\"@id\":\"https:\\\/\\\/radioleinewelle.de\\\/index.php\\\/2021\\\/10\\\/12\\\/kampfmittelverdacht-in-der-weststadt-beginn-der-sondierungen\\\/\"},\"wordCount\":380,\"publisher\":{\"@id\":\"https:\\\/\\\/radioleinewelle.de\\\/#organization\"},\"keywords\":[\"Christian Schmetz\",\"Kampfmittelbeseitigungsdienstes Niedersachsen (KBD)\",\"Kampfmittelverdacht G\u00f6ttingen\",\"Sondierung Kampfmittel\"],\"articleSection\":[\"Aktuelle Nachrichten\"],\"inLanguage\":\"de\"},{\"@type\":\"WebPage\",\"@id\":\"https:\\\/\\\/radioleinewelle.de\\\/index.php\\\/2021\\\/10\\\/12\\\/kampfmittelverdacht-in-der-weststadt-beginn-der-sondierungen\\\/\",\"url\":\"https:\\\/\\\/radioleinewelle.de\\\/index.php\\\/2021\\\/10\\\/12\\\/kampfmittelverdacht-in-der-weststadt-beginn-der-sondierungen\\\/\",\"name\":\"Kampfmittelverdacht in der Weststadt: Beginn der Sondierungen - Radio Leinewelle\",\"isPartOf\":{\"@id\":\"https:\\\/\\\/radioleinewelle.de\\\/#website\"},\"datePublished\":\"2021-10-12T12:58:05+00:00\",\"breadcrumb\":{\"@id\":\"https:\\\/\\\/radioleinewelle.de\\\/index.php\\\/2021\\\/10\\\/12\\\/kampfmittelverdacht-in-der-weststadt-beginn-der-sondierungen\\\/#breadcrumb\"},\"inLanguage\":\"de\",\"potentialAction\":[{\"@type\":\"ReadAction\",\"target\":[\"https:\\\/\\\/radioleinewelle.de\\\/index.php\\\/2021\\\/10\\\/12\\\/kampfmittelverdacht-in-der-weststadt-beginn-der-sondierungen\\\/\"]}]},{\"@type\":\"BreadcrumbList\",\"@id\":\"https:\\\/\\\/radioleinewelle.de\\\/index.php\\\/2021\\\/10\\\/12\\\/kampfmittelverdacht-in-der-weststadt-beginn-der-sondierungen\\\/#breadcrumb\",\"itemListElement\":[{\"@type\":\"ListItem\",\"position\":1,\"name\":\"Startseite\",\"item\":\"https:\\\/\\\/radioleinewelle.de\\\/\"},{\"@type\":\"ListItem\",\"position\":2,\"name\":\"Kampfmittelverdacht in der Weststadt: Beginn der Sondierungen\"}]},{\"@type\":\"WebSite\",\"@id\":\"https:\\\/\\\/radioleinewelle.de\\\/#website\",\"url\":\"https:\\\/\\\/radioleinewelle.de\\\/\",\"name\":\"Radio Leinewelle\",\"description\":\"\",\"publisher\":{\"@id\":\"https:\\\/\\\/radioleinewelle.de\\\/#organization\"},\"potentialAction\":[{\"@type\":\"SearchAction\",\"target\":{\"@type\":\"EntryPoint\",\"urlTemplate\":\"https:\\\/\\\/radioleinewelle.de\\\/?s={search_term_string}\"},\"query-input\":{\"@type\":\"PropertyValueSpecification\",\"valueRequired\":true,\"valueName\":\"search_term_string\"}}],\"inLanguage\":\"de\"},{\"@type\":\"Organization\",\"@id\":\"https:\\\/\\\/radioleinewelle.de\\\/#organization\",\"name\":\"Radio Leinewelle\",\"alternateName\":\"Mein Radio f\u00fcr S\u00fcdniedersachsen\",\"url\":\"https:\\\/\\\/radioleinewelle.de\\\/\",\"logo\":{\"@type\":\"ImageObject\",\"inLanguage\":\"de\",\"@id\":\"https:\\\/\\\/radioleinewelle.de\\\/#\\\/schema\\\/logo\\\/image\\\/\",\"url\":\"https:\\\/\\\/radioleinewelle.de\\\/wp-content\\\/uploads\\\/2023\\\/11\\\/cropped-Leinewelle_Logo_weiss.png\",\"contentUrl\":\"https:\\\/\\\/radioleinewelle.de\\\/wp-content\\\/uploads\\\/2023\\\/11\\\/cropped-Leinewelle_Logo_weiss.png\",\"width\":854,\"height\":260,\"caption\":\"Radio Leinewelle\"},\"image\":{\"@id\":\"https:\\\/\\\/radioleinewelle.de\\\/#\\\/schema\\\/logo\\\/image\\\/\"},\"sameAs\":[\"https:\\\/\\\/www.facebook.com\\\/radioleinewelle\",\"https:\\\/\\\/x.com\\\/RLeinewelle\",\"https:\\\/\\\/www.instagram.com\\\/radioleinewelle\\\/?hl=de\"]},{\"@type\":\"Person\",\"@id\":\"https:\\\/\\\/radioleinewelle.de\\\/#\\\/schema\\\/person\\\/45606f348637df637192dc1b68399a63\",\"name\":\"Leinewelle\",\"image\":{\"@type\":\"ImageObject\",\"inLanguage\":\"de\",\"@id\":\"https:\\\/\\\/secure.gravatar.com\\\/avatar\\\/05c9a17bc973052ee5d91549bd32fb4dd0dc85b7b85ae94b2e2b4943476bbea5?s=96&d=blank&r=g\",\"url\":\"https:\\\/\\\/secure.gravatar.com\\\/avatar\\\/05c9a17bc973052ee5d91549bd32fb4dd0dc85b7b85ae94b2e2b4943476bbea5?s=96&d=blank&r=g\",\"contentUrl\":\"https:\\\/\\\/secure.gravatar.com\\\/avatar\\\/05c9a17bc973052ee5d91549bd32fb4dd0dc85b7b85ae94b2e2b4943476bbea5?s=96&d=blank&r=g\",\"caption\":\"Leinewelle\"},\"sameAs\":[\"http:\\\/\\\/localhost\\\/radio%20leinewelle\\\/wordpress\",\"https:\\\/\\\/www.facebook.com\\\/radioleinewelle\",\"https:\\\/\\\/www.instagram.com\\\/radioleinewelle\",\"https:\\\/\\\/x.com\\\/https:\\\/\\\/twitter.com\\\/RLeinewelle?ref_src=twsrcgoogletwcampserptwgrauthor\",\"https:\\\/\\\/soundcloud.com\\\/foerderverein-lokalradio?utm_source=clipboard&utm_medium=text&utm_campaign=social_sharing\"],\"url\":\"https:\\\/\\\/radioleinewelle.de\\\/index.php\\\/author\\\/leinewelle\\\/\"}]}<\/script>\n<!-- \/ Yoast SEO plugin. -->","yoast_head_json":{"title":"Kampfmittelverdacht in der Weststadt: Beginn der Sondierungen - Radio Leinewelle","robots":{"index":"index","follow":"follow","max-snippet":"max-snippet:-1","max-image-preview":"max-image-preview:large","max-video-preview":"max-video-preview:-1"},"canonical":"https:\/\/radioleinewelle.de\/index.php\/2021\/10\/12\/kampfmittelverdacht-in-der-weststadt-beginn-der-sondierungen\/","og_locale":"de_DE","og_type":"article","og_title":"Kampfmittelverdacht in der Weststadt: Beginn der Sondierungen - Radio Leinewelle","og_description":"In der kommenden Woche beginnen erste Sondierungen an den Kampfmittelverdachtsf\u00e4llen in der G\u00f6ttinger Weststadt. Ein Spezialunternehmen nimmt sich in der Woche vom 18. Oktober 2021 zun\u00e4chst drei der Verdachtspunkte vor, die sich durch neue Informationen des Landesamts f\u00fcr Geoinformation und Landvermessung Niedersachsen ergeben hatten.&nbsp; Als erster Punkt wird ein Fundort auf einer Freifl\u00e4che westlich der [&hellip;]","og_url":"https:\/\/radioleinewelle.de\/index.php\/2021\/10\/12\/kampfmittelverdacht-in-der-weststadt-beginn-der-sondierungen\/","og_site_name":"Radio Leinewelle","article_publisher":"https:\/\/www.facebook.com\/radioleinewelle","article_author":"https:\/\/www.facebook.com\/radioleinewelle","article_published_time":"2021-10-12T12:58:05+00:00","author":"Leinewelle","twitter_card":"summary_large_image","twitter_creator":"@https:\/\/twitter.com\/RLeinewelle?ref_src=twsrcgoogletwcampserptwgrauthor","twitter_site":"@RLeinewelle","twitter_misc":{"Verfasst von":"Leinewelle","Gesch\u00e4tzte Lesezeit":"2\u00a0Minuten"},"schema":{"@context":"https:\/\/schema.org","@graph":[{"@type":"Article","@id":"https:\/\/radioleinewelle.de\/index.php\/2021\/10\/12\/kampfmittelverdacht-in-der-weststadt-beginn-der-sondierungen\/#article","isPartOf":{"@id":"https:\/\/radioleinewelle.de\/index.php\/2021\/10\/12\/kampfmittelverdacht-in-der-weststadt-beginn-der-sondierungen\/"},"author":{"name":"Leinewelle","@id":"https:\/\/radioleinewelle.de\/#\/schema\/person\/45606f348637df637192dc1b68399a63"},"headline":"Kampfmittelverdacht in der Weststadt: Beginn der Sondierungen","datePublished":"2021-10-12T12:58:05+00:00","mainEntityOfPage":{"@id":"https:\/\/radioleinewelle.de\/index.php\/2021\/10\/12\/kampfmittelverdacht-in-der-weststadt-beginn-der-sondierungen\/"},"wordCount":380,"publisher":{"@id":"https:\/\/radioleinewelle.de\/#organization"},"keywords":["Christian Schmetz","Kampfmittelbeseitigungsdienstes Niedersachsen (KBD)","Kampfmittelverdacht G\u00f6ttingen","Sondierung Kampfmittel"],"articleSection":["Aktuelle Nachrichten"],"inLanguage":"de"},{"@type":"WebPage","@id":"https:\/\/radioleinewelle.de\/index.php\/2021\/10\/12\/kampfmittelverdacht-in-der-weststadt-beginn-der-sondierungen\/","url":"https:\/\/radioleinewelle.de\/index.php\/2021\/10\/12\/kampfmittelverdacht-in-der-weststadt-beginn-der-sondierungen\/","name":"Kampfmittelverdacht in der Weststadt: Beginn der Sondierungen - Radio Leinewelle","isPartOf":{"@id":"https:\/\/radioleinewelle.de\/#website"},"datePublished":"2021-10-12T12:58:05+00:00","breadcrumb":{"@id":"https:\/\/radioleinewelle.de\/index.php\/2021\/10\/12\/kampfmittelverdacht-in-der-weststadt-beginn-der-sondierungen\/#breadcrumb"},"inLanguage":"de","potentialAction":[{"@type":"ReadAction","target":["https:\/\/radioleinewelle.de\/index.php\/2021\/10\/12\/kampfmittelverdacht-in-der-weststadt-beginn-der-sondierungen\/"]}]},{"@type":"BreadcrumbList","@id":"https:\/\/radioleinewelle.de\/index.php\/2021\/10\/12\/kampfmittelverdacht-in-der-weststadt-beginn-der-sondierungen\/#breadcrumb","itemListElement":[{"@type":"ListItem","position":1,"name":"Startseite","item":"https:\/\/radioleinewelle.de\/"},{"@type":"ListItem","position":2,"name":"Kampfmittelverdacht in der Weststadt: Beginn der Sondierungen"}]},{"@type":"WebSite","@id":"https:\/\/radioleinewelle.de\/#website","url":"https:\/\/radioleinewelle.de\/","name":"Radio Leinewelle","description":"","publisher":{"@id":"https:\/\/radioleinewelle.de\/#organization"},"potentialAction":[{"@type":"SearchAction","target":{"@type":"EntryPoint","urlTemplate":"https:\/\/radioleinewelle.de\/?s={search_term_string}"},"query-input":{"@type":"PropertyValueSpecification","valueRequired":true,"valueName":"search_term_string"}}],"inLanguage":"de"},{"@type":"Organization","@id":"https:\/\/radioleinewelle.de\/#organization","name":"Radio Leinewelle","alternateName":"Mein Radio f\u00fcr S\u00fcdniedersachsen","url":"https:\/\/radioleinewelle.de\/","logo":{"@type":"ImageObject","inLanguage":"de","@id":"https:\/\/radioleinewelle.de\/#\/schema\/logo\/image\/","url":"https:\/\/radioleinewelle.de\/wp-content\/uploads\/2023\/11\/cropped-Leinewelle_Logo_weiss.png","contentUrl":"https:\/\/radioleinewelle.de\/wp-content\/uploads\/2023\/11\/cropped-Leinewelle_Logo_weiss.png","width":854,"height":260,"caption":"Radio Leinewelle"},"image":{"@id":"https:\/\/radioleinewelle.de\/#\/schema\/logo\/image\/"},"sameAs":["https:\/\/www.facebook.com\/radioleinewelle","https:\/\/x.com\/RLeinewelle","https:\/\/www.instagram.com\/radioleinewelle\/?hl=de"]},{"@type":"Person","@id":"https:\/\/radioleinewelle.de\/#\/schema\/person\/45606f348637df637192dc1b68399a63","name":"Leinewelle","image":{"@type":"ImageObject","inLanguage":"de","@id":"https:\/\/secure.gravatar.com\/avatar\/05c9a17bc973052ee5d91549bd32fb4dd0dc85b7b85ae94b2e2b4943476bbea5?s=96&d=blank&r=g","url":"https:\/\/secure.gravatar.com\/avatar\/05c9a17bc973052ee5d91549bd32fb4dd0dc85b7b85ae94b2e2b4943476bbea5?s=96&d=blank&r=g","contentUrl":"https:\/\/secure.gravatar.com\/avatar\/05c9a17bc973052ee5d91549bd32fb4dd0dc85b7b85ae94b2e2b4943476bbea5?s=96&d=blank&r=g","caption":"Leinewelle"},"sameAs":["http:\/\/localhost\/radio%20leinewelle\/wordpress","https:\/\/www.facebook.com\/radioleinewelle","https:\/\/www.instagram.com\/radioleinewelle","https:\/\/x.com\/https:\/\/twitter.com\/RLeinewelle?ref_src=twsrcgoogletwcampserptwgrauthor","https:\/\/soundcloud.com\/foerderverein-lokalradio?utm_source=clipboard&utm_medium=text&utm_campaign=social_sharing"],"url":"https:\/\/radioleinewelle.de\/index.php\/author\/leinewelle\/"}]}},"_links":{"self":[{"href":"https:\/\/radioleinewelle.de\/index.php\/wp-json\/wp\/v2\/posts\/11007","targetHints":{"allow":["GET"]}}],"collection":[{"href":"https:\/\/radioleinewelle.de\/index.php\/wp-json\/wp\/v2\/posts"}],"about":[{"href":"https:\/\/radioleinewelle.de\/index.php\/wp-json\/wp\/v2\/types\/post"}],"author":[{"embeddable":true,"href":"https:\/\/radioleinewelle.de\/index.php\/wp-json\/wp\/v2\/users\/1"}],"replies":[{"embeddable":true,"href":"https:\/\/radioleinewelle.de\/index.php\/wp-json\/wp\/v2\/comments?post=11007"}],"version-history":[{"count":0,"href":"https:\/\/radioleinewelle.de\/index.php\/wp-json\/wp\/v2\/posts\/11007\/revisions"}],"wp:attachment":[{"href":"https:\/\/radioleinewelle.de\/index.php\/wp-json\/wp\/v2\/media?parent=11007"}],"wp:term":[{"taxonomy":"category","embeddable":true,"href":"https:\/\/radioleinewelle.de\/index.php\/wp-json\/wp\/v2\/categories?post=11007"},{"taxonomy":"post_tag","embeddable":true,"href":"https:\/\/radioleinewelle.de\/index.php\/wp-json\/wp\/v2\/tags?post=11007"}],"curies":[{"name":"wp","href":"https:\/\/api.w.org\/{rel}","templated":true}]}}