{"id":11013,"date":"2021-10-13T05:58:48","date_gmt":"2021-10-13T03:58:48","guid":{"rendered":"https:\/\/radioleinewelle.de\/?p=11013"},"modified":"2021-10-13T05:58:48","modified_gmt":"2021-10-13T03:58:48","slug":"die-umg-sagt-danke-aktionswoche-fuer-die-mitarbeiterinnen","status":"publish","type":"post","link":"https:\/\/radioleinewelle.de\/index.php\/2021\/10\/13\/die-umg-sagt-danke-aktionswoche-fuer-die-mitarbeiterinnen\/","title":{"rendered":"Die UMG sagt danke &#8211; Aktionswoche f\u00fcr die Mitarbeiter:innen"},"content":{"rendered":"\n<p>Das urspr\u00fcnglich f\u00fcr den Sp\u00e4tsommer geplante gro\u00dfe Fest f\u00fcr Mitarbeiter*innen der Universit\u00e4tsmedizin G\u00f6ttingen &#8211; UMG musste aufgrund der Corona-Pandemie ausfallen. Bis zum n\u00e4chsten Fr\u00fchsommer wollte der Vorstand aber nicht warten. \u201eDeshalb haben wir uns entschlossen, jetzt im Herbst unseren UMG-Besch\u00e4ftigten ein Zeichen zu setzen und uns bei ihnen mit einer Woche voller Ereignisse und Angebote ausdr\u00fccklich zu bedanken. Nach eineinhalb Jahren eines durchg\u00e4ngigen, herausfordernden, anstrengenden und belastenden Einsatzes aller, besonders der \u00e4rztlichen und pflegerischen Mitarbeiter*innen, haben sie sich das mehr als verdient.\u201c sagte Prof. Dr. Wolfgang Br\u00fcck, Sprecher des Vorstandes der UMG. In der Aktionswoche vom 11. bis 15. Oktober gibt es Auftritte des Streichquartetts des <a href=\"https:\/\/www.facebook.com\/gsoonline\/?__cft__[0]=AZVALk5qRKgXXf5GWq7JCRMQ5JUlRVDAqvvWXpycRI2p-x_Ivredjhl369qDdp4fKwW3In1azY5RXIxZR2AzBz3oEmTlDVC-Qt1eADJSQe2ev7VCZ9x2igR1SgysGEZjyvNYG6BaA1-sH_6_5U6-WPwbWIk-ofOJTCnIX3sFeWwgfQ&amp;__tn__=kK-R\" target=\"_blank\" rel=\"noreferrer noopener\"><strong>G\u00f6ttinger Symphonie Orchester<\/strong><\/a> sowie \u201eshort acts\u201c vom Ensemble des <a href=\"https:\/\/www.facebook.com\/jungestheatergoettingen?__cft__[0]=AZVALk5qRKgXXf5GWq7JCRMQ5JUlRVDAqvvWXpycRI2p-x_Ivredjhl369qDdp4fKwW3In1azY5RXIxZR2AzBz3oEmTlDVC-Qt1eADJSQe2ev7VCZ9x2igR1SgysGEZjyvNYG6BaA1-sH_6_5U6-WPwbWIk-ofOJTCnIX3sFeWwgfQ&amp;__tn__=-]K-R\" target=\"_blank\" rel=\"noreferrer noopener\"><strong>Junges Theater G\u00f6ttingen<\/strong><\/a>. Au\u00dferdem Kaffee- und Saft-Spezialit\u00e4ten vor dem Haupteingang des Universit\u00e4tsklinikums nur f\u00fcr die UMG-Mitarbeiter:innen und an jedem Tag ein von G\u00f6ttingens Spitzenk\u00f6chin Jaqueline Amirfallah (Apex) kreiertes \u201eDANKE-Gericht\u201c in der Klinikums-Mensa.In einem Videoclip (<a href=\"https:\/\/bit.ly\/3v474j8?fbclid=IwAR2QPjxizeAe7u9Rd5UyP6KKZqMBvOH1lWtxAYQknzlQHSIx1jGPWTaVOPA\" rel=\"noreferrer noopener\" target=\"_blank\">https:\/\/bit.ly\/3v474j8<\/a>) werden Aufnahmen von den Besch\u00e4ftigten bei deren Einsatz in der Zeit der Pandemie gezeigt, umrahmt von Dankesworten namhafter Politiker:innen. Die Musik in diesem Clip stammt \u00fcbrigens von Jan Delay, der f\u00fcr diese Aktion die Nutzungsrechte zur Verf\u00fcgung gestellt hat.<\/p>\n\n\n\n<p>Foto: \u00a9UMG spf\u00f6rtner<\/p>\n","protected":false},"excerpt":{"rendered":"<p>Das urspr\u00fcnglich f\u00fcr den Sp\u00e4tsommer geplante gro\u00dfe Fest f\u00fcr Mitarbeiter*innen der Universit\u00e4tsmedizin G\u00f6ttingen &#8211; UMG musste aufgrund der Corona-Pandemie ausfallen. Bis zum n\u00e4chsten Fr\u00fchsommer wollte der Vorstand aber nicht warten. \u201eDeshalb haben wir uns entschlossen, jetzt im Herbst unseren UMG-Besch\u00e4ftigten ein Zeichen zu setzen und uns bei ihnen mit einer Woche voller Ereignisse und Angebote [&hellip;]<\/p>\n","protected":false},"author":1,"featured_media":11014,"comment_status":"closed","ping_status":"closed","sticky":false,"template":"","format":"standard","meta":{"saved_in_kubio":false,"footnotes":""},"categories":[35],"tags":[2331,2332,2333],"class_list":["post-11013","post","type-post","status-publish","format-standard","has-post-thumbnail","hentry","category-universitaet","tag-short-acts-junges-theater","tag-team-umg","tag-umg-goettingen"],"yoast_head":"<!-- This site is optimized with the Yoast SEO plugin v27.5 - https:\/\/yoast.com\/product\/yoast-seo-wordpress\/ -->\n<title>Die UMG sagt danke - Aktionswoche f\u00fcr die Mitarbeiter:innen - Radio Leinewelle<\/title>\n<meta name=\"robots\" content=\"index, follow, max-snippet:-1, max-image-preview:large, max-video-preview:-1\" \/>\n<link rel=\"canonical\" href=\"https:\/\/radioleinewelle.de\/index.php\/2021\/10\/13\/die-umg-sagt-danke-aktionswoche-fuer-die-mitarbeiterinnen\/\" \/>\n<meta property=\"og:locale\" content=\"de_DE\" \/>\n<meta property=\"og:type\" content=\"article\" \/>\n<meta property=\"og:title\" content=\"Die UMG sagt danke - Aktionswoche f\u00fcr die Mitarbeiter:innen - Radio Leinewelle\" \/>\n<meta property=\"og:description\" content=\"Das urspr\u00fcnglich f\u00fcr den Sp\u00e4tsommer geplante gro\u00dfe Fest f\u00fcr Mitarbeiter*innen der Universit\u00e4tsmedizin G\u00f6ttingen &#8211; UMG musste aufgrund der Corona-Pandemie ausfallen. Bis zum n\u00e4chsten Fr\u00fchsommer wollte der Vorstand aber nicht warten. \u201eDeshalb haben wir uns entschlossen, jetzt im Herbst unseren UMG-Besch\u00e4ftigten ein Zeichen zu setzen und uns bei ihnen mit einer Woche voller Ereignisse und Angebote [&hellip;]\" \/>\n<meta property=\"og:url\" content=\"https:\/\/radioleinewelle.de\/index.php\/2021\/10\/13\/die-umg-sagt-danke-aktionswoche-fuer-die-mitarbeiterinnen\/\" \/>\n<meta property=\"og:site_name\" content=\"Radio Leinewelle\" \/>\n<meta property=\"article:publisher\" content=\"https:\/\/www.facebook.com\/radioleinewelle\" \/>\n<meta property=\"article:author\" content=\"https:\/\/www.facebook.com\/radioleinewelle\" \/>\n<meta property=\"article:published_time\" content=\"2021-10-13T03:58:48+00:00\" \/>\n<meta property=\"og:image\" content=\"https:\/\/radioleinewelle.de\/wp-content\/uploads\/2021\/10\/UMG_DANKE-Aktionswoche_Walk-of-Fame-fuer-UMG-Beschaftigte_300dpi-e1634097603673.jpg\" \/>\n\t<meta property=\"og:image:width\" content=\"528\" \/>\n\t<meta property=\"og:image:height\" content=\"330\" \/>\n\t<meta property=\"og:image:type\" content=\"image\/jpeg\" \/>\n<meta name=\"author\" content=\"Leinewelle\" \/>\n<meta name=\"twitter:card\" content=\"summary_large_image\" \/>\n<meta name=\"twitter:creator\" content=\"@https:\/\/twitter.com\/RLeinewelle?ref_src=twsrcgoogletwcampserptwgrauthor\" \/>\n<meta name=\"twitter:site\" content=\"@RLeinewelle\" \/>\n<meta name=\"twitter:label1\" content=\"Verfasst von\" \/>\n\t<meta name=\"twitter:data1\" content=\"Leinewelle\" \/>\n\t<meta name=\"twitter:label2\" content=\"Gesch\u00e4tzte Lesezeit\" \/>\n\t<meta name=\"twitter:data2\" content=\"1\u00a0Minute\" \/>\n<script type=\"application\/ld+json\" class=\"yoast-schema-graph\">{\"@context\":\"https:\\\/\\\/schema.org\",\"@graph\":[{\"@type\":\"Article\",\"@id\":\"https:\\\/\\\/radioleinewelle.de\\\/index.php\\\/2021\\\/10\\\/13\\\/die-umg-sagt-danke-aktionswoche-fuer-die-mitarbeiterinnen\\\/#article\",\"isPartOf\":{\"@id\":\"https:\\\/\\\/radioleinewelle.de\\\/index.php\\\/2021\\\/10\\\/13\\\/die-umg-sagt-danke-aktionswoche-fuer-die-mitarbeiterinnen\\\/\"},\"author\":{\"name\":\"Leinewelle\",\"@id\":\"https:\\\/\\\/radioleinewelle.de\\\/#\\\/schema\\\/person\\\/45606f348637df637192dc1b68399a63\"},\"headline\":\"Die UMG sagt danke &#8211; Aktionswoche f\u00fcr die Mitarbeiter:innen\",\"datePublished\":\"2021-10-13T03:58:48+00:00\",\"mainEntityOfPage\":{\"@id\":\"https:\\\/\\\/radioleinewelle.de\\\/index.php\\\/2021\\\/10\\\/13\\\/die-umg-sagt-danke-aktionswoche-fuer-die-mitarbeiterinnen\\\/\"},\"wordCount\":235,\"publisher\":{\"@id\":\"https:\\\/\\\/radioleinewelle.de\\\/#organization\"},\"image\":{\"@id\":\"https:\\\/\\\/radioleinewelle.de\\\/index.php\\\/2021\\\/10\\\/13\\\/die-umg-sagt-danke-aktionswoche-fuer-die-mitarbeiterinnen\\\/#primaryimage\"},\"thumbnailUrl\":\"https:\\\/\\\/radioleinewelle.de\\\/wp-content\\\/uploads\\\/2021\\\/10\\\/UMG_DANKE-Aktionswoche_Walk-of-Fame-fuer-UMG-Beschaftigte_300dpi-e1634097603673.jpg\",\"keywords\":[\"Short Acts Junges Theater\",\"Team UMG\",\"UMG G\u00f6ttingen\"],\"articleSection\":[\"Universit\u00e4t\"],\"inLanguage\":\"de\"},{\"@type\":\"WebPage\",\"@id\":\"https:\\\/\\\/radioleinewelle.de\\\/index.php\\\/2021\\\/10\\\/13\\\/die-umg-sagt-danke-aktionswoche-fuer-die-mitarbeiterinnen\\\/\",\"url\":\"https:\\\/\\\/radioleinewelle.de\\\/index.php\\\/2021\\\/10\\\/13\\\/die-umg-sagt-danke-aktionswoche-fuer-die-mitarbeiterinnen\\\/\",\"name\":\"Die UMG sagt danke - Aktionswoche f\u00fcr die Mitarbeiter:innen - Radio Leinewelle\",\"isPartOf\":{\"@id\":\"https:\\\/\\\/radioleinewelle.de\\\/#website\"},\"primaryImageOfPage\":{\"@id\":\"https:\\\/\\\/radioleinewelle.de\\\/index.php\\\/2021\\\/10\\\/13\\\/die-umg-sagt-danke-aktionswoche-fuer-die-mitarbeiterinnen\\\/#primaryimage\"},\"image\":{\"@id\":\"https:\\\/\\\/radioleinewelle.de\\\/index.php\\\/2021\\\/10\\\/13\\\/die-umg-sagt-danke-aktionswoche-fuer-die-mitarbeiterinnen\\\/#primaryimage\"},\"thumbnailUrl\":\"https:\\\/\\\/radioleinewelle.de\\\/wp-content\\\/uploads\\\/2021\\\/10\\\/UMG_DANKE-Aktionswoche_Walk-of-Fame-fuer-UMG-Beschaftigte_300dpi-e1634097603673.jpg\",\"datePublished\":\"2021-10-13T03:58:48+00:00\",\"breadcrumb\":{\"@id\":\"https:\\\/\\\/radioleinewelle.de\\\/index.php\\\/2021\\\/10\\\/13\\\/die-umg-sagt-danke-aktionswoche-fuer-die-mitarbeiterinnen\\\/#breadcrumb\"},\"inLanguage\":\"de\",\"potentialAction\":[{\"@type\":\"ReadAction\",\"target\":[\"https:\\\/\\\/radioleinewelle.de\\\/index.php\\\/2021\\\/10\\\/13\\\/die-umg-sagt-danke-aktionswoche-fuer-die-mitarbeiterinnen\\\/\"]}]},{\"@type\":\"ImageObject\",\"inLanguage\":\"de\",\"@id\":\"https:\\\/\\\/radioleinewelle.de\\\/index.php\\\/2021\\\/10\\\/13\\\/die-umg-sagt-danke-aktionswoche-fuer-die-mitarbeiterinnen\\\/#primaryimage\",\"url\":\"https:\\\/\\\/radioleinewelle.de\\\/wp-content\\\/uploads\\\/2021\\\/10\\\/UMG_DANKE-Aktionswoche_Walk-of-Fame-fuer-UMG-Beschaftigte_300dpi-e1634097603673.jpg\",\"contentUrl\":\"https:\\\/\\\/radioleinewelle.de\\\/wp-content\\\/uploads\\\/2021\\\/10\\\/UMG_DANKE-Aktionswoche_Walk-of-Fame-fuer-UMG-Beschaftigte_300dpi-e1634097603673.jpg\",\"width\":528,\"height\":330},{\"@type\":\"BreadcrumbList\",\"@id\":\"https:\\\/\\\/radioleinewelle.de\\\/index.php\\\/2021\\\/10\\\/13\\\/die-umg-sagt-danke-aktionswoche-fuer-die-mitarbeiterinnen\\\/#breadcrumb\",\"itemListElement\":[{\"@type\":\"ListItem\",\"position\":1,\"name\":\"Startseite\",\"item\":\"https:\\\/\\\/radioleinewelle.de\\\/\"},{\"@type\":\"ListItem\",\"position\":2,\"name\":\"Die UMG sagt danke &#8211; Aktionswoche f\u00fcr die Mitarbeiter:innen\"}]},{\"@type\":\"WebSite\",\"@id\":\"https:\\\/\\\/radioleinewelle.de\\\/#website\",\"url\":\"https:\\\/\\\/radioleinewelle.de\\\/\",\"name\":\"Radio Leinewelle\",\"description\":\"\",\"publisher\":{\"@id\":\"https:\\\/\\\/radioleinewelle.de\\\/#organization\"},\"potentialAction\":[{\"@type\":\"SearchAction\",\"target\":{\"@type\":\"EntryPoint\",\"urlTemplate\":\"https:\\\/\\\/radioleinewelle.de\\\/?s={search_term_string}\"},\"query-input\":{\"@type\":\"PropertyValueSpecification\",\"valueRequired\":true,\"valueName\":\"search_term_string\"}}],\"inLanguage\":\"de\"},{\"@type\":\"Organization\",\"@id\":\"https:\\\/\\\/radioleinewelle.de\\\/#organization\",\"name\":\"Radio Leinewelle\",\"alternateName\":\"Mein Radio f\u00fcr S\u00fcdniedersachsen\",\"url\":\"https:\\\/\\\/radioleinewelle.de\\\/\",\"logo\":{\"@type\":\"ImageObject\",\"inLanguage\":\"de\",\"@id\":\"https:\\\/\\\/radioleinewelle.de\\\/#\\\/schema\\\/logo\\\/image\\\/\",\"url\":\"https:\\\/\\\/radioleinewelle.de\\\/wp-content\\\/uploads\\\/2023\\\/11\\\/cropped-Leinewelle_Logo_weiss.png\",\"contentUrl\":\"https:\\\/\\\/radioleinewelle.de\\\/wp-content\\\/uploads\\\/2023\\\/11\\\/cropped-Leinewelle_Logo_weiss.png\",\"width\":854,\"height\":260,\"caption\":\"Radio Leinewelle\"},\"image\":{\"@id\":\"https:\\\/\\\/radioleinewelle.de\\\/#\\\/schema\\\/logo\\\/image\\\/\"},\"sameAs\":[\"https:\\\/\\\/www.facebook.com\\\/radioleinewelle\",\"https:\\\/\\\/x.com\\\/RLeinewelle\",\"https:\\\/\\\/www.instagram.com\\\/radioleinewelle\\\/?hl=de\"]},{\"@type\":\"Person\",\"@id\":\"https:\\\/\\\/radioleinewelle.de\\\/#\\\/schema\\\/person\\\/45606f348637df637192dc1b68399a63\",\"name\":\"Leinewelle\",\"image\":{\"@type\":\"ImageObject\",\"inLanguage\":\"de\",\"@id\":\"https:\\\/\\\/secure.gravatar.com\\\/avatar\\\/05c9a17bc973052ee5d91549bd32fb4dd0dc85b7b85ae94b2e2b4943476bbea5?s=96&d=blank&r=g\",\"url\":\"https:\\\/\\\/secure.gravatar.com\\\/avatar\\\/05c9a17bc973052ee5d91549bd32fb4dd0dc85b7b85ae94b2e2b4943476bbea5?s=96&d=blank&r=g\",\"contentUrl\":\"https:\\\/\\\/secure.gravatar.com\\\/avatar\\\/05c9a17bc973052ee5d91549bd32fb4dd0dc85b7b85ae94b2e2b4943476bbea5?s=96&d=blank&r=g\",\"caption\":\"Leinewelle\"},\"sameAs\":[\"http:\\\/\\\/localhost\\\/radio%20leinewelle\\\/wordpress\",\"https:\\\/\\\/www.facebook.com\\\/radioleinewelle\",\"https:\\\/\\\/www.instagram.com\\\/radioleinewelle\",\"https:\\\/\\\/x.com\\\/https:\\\/\\\/twitter.com\\\/RLeinewelle?ref_src=twsrcgoogletwcampserptwgrauthor\",\"https:\\\/\\\/soundcloud.com\\\/foerderverein-lokalradio?utm_source=clipboard&utm_medium=text&utm_campaign=social_sharing\"],\"url\":\"https:\\\/\\\/radioleinewelle.de\\\/index.php\\\/author\\\/leinewelle\\\/\"}]}<\/script>\n<!-- \/ Yoast SEO plugin. -->","yoast_head_json":{"title":"Die UMG sagt danke - Aktionswoche f\u00fcr die Mitarbeiter:innen - Radio Leinewelle","robots":{"index":"index","follow":"follow","max-snippet":"max-snippet:-1","max-image-preview":"max-image-preview:large","max-video-preview":"max-video-preview:-1"},"canonical":"https:\/\/radioleinewelle.de\/index.php\/2021\/10\/13\/die-umg-sagt-danke-aktionswoche-fuer-die-mitarbeiterinnen\/","og_locale":"de_DE","og_type":"article","og_title":"Die UMG sagt danke - Aktionswoche f\u00fcr die Mitarbeiter:innen - Radio Leinewelle","og_description":"Das urspr\u00fcnglich f\u00fcr den Sp\u00e4tsommer geplante gro\u00dfe Fest f\u00fcr Mitarbeiter*innen der Universit\u00e4tsmedizin G\u00f6ttingen &#8211; UMG musste aufgrund der Corona-Pandemie ausfallen. Bis zum n\u00e4chsten Fr\u00fchsommer wollte der Vorstand aber nicht warten. \u201eDeshalb haben wir uns entschlossen, jetzt im Herbst unseren UMG-Besch\u00e4ftigten ein Zeichen zu setzen und uns bei ihnen mit einer Woche voller Ereignisse und Angebote [&hellip;]","og_url":"https:\/\/radioleinewelle.de\/index.php\/2021\/10\/13\/die-umg-sagt-danke-aktionswoche-fuer-die-mitarbeiterinnen\/","og_site_name":"Radio Leinewelle","article_publisher":"https:\/\/www.facebook.com\/radioleinewelle","article_author":"https:\/\/www.facebook.com\/radioleinewelle","article_published_time":"2021-10-13T03:58:48+00:00","og_image":[{"width":528,"height":330,"url":"https:\/\/radioleinewelle.de\/wp-content\/uploads\/2021\/10\/UMG_DANKE-Aktionswoche_Walk-of-Fame-fuer-UMG-Beschaftigte_300dpi-e1634097603673.jpg","type":"image\/jpeg"}],"author":"Leinewelle","twitter_card":"summary_large_image","twitter_creator":"@https:\/\/twitter.com\/RLeinewelle?ref_src=twsrcgoogletwcampserptwgrauthor","twitter_site":"@RLeinewelle","twitter_misc":{"Verfasst von":"Leinewelle","Gesch\u00e4tzte Lesezeit":"1\u00a0Minute"},"schema":{"@context":"https:\/\/schema.org","@graph":[{"@type":"Article","@id":"https:\/\/radioleinewelle.de\/index.php\/2021\/10\/13\/die-umg-sagt-danke-aktionswoche-fuer-die-mitarbeiterinnen\/#article","isPartOf":{"@id":"https:\/\/radioleinewelle.de\/index.php\/2021\/10\/13\/die-umg-sagt-danke-aktionswoche-fuer-die-mitarbeiterinnen\/"},"author":{"name":"Leinewelle","@id":"https:\/\/radioleinewelle.de\/#\/schema\/person\/45606f348637df637192dc1b68399a63"},"headline":"Die UMG sagt danke &#8211; Aktionswoche f\u00fcr die Mitarbeiter:innen","datePublished":"2021-10-13T03:58:48+00:00","mainEntityOfPage":{"@id":"https:\/\/radioleinewelle.de\/index.php\/2021\/10\/13\/die-umg-sagt-danke-aktionswoche-fuer-die-mitarbeiterinnen\/"},"wordCount":235,"publisher":{"@id":"https:\/\/radioleinewelle.de\/#organization"},"image":{"@id":"https:\/\/radioleinewelle.de\/index.php\/2021\/10\/13\/die-umg-sagt-danke-aktionswoche-fuer-die-mitarbeiterinnen\/#primaryimage"},"thumbnailUrl":"https:\/\/radioleinewelle.de\/wp-content\/uploads\/2021\/10\/UMG_DANKE-Aktionswoche_Walk-of-Fame-fuer-UMG-Beschaftigte_300dpi-e1634097603673.jpg","keywords":["Short Acts Junges Theater","Team UMG","UMG G\u00f6ttingen"],"articleSection":["Universit\u00e4t"],"inLanguage":"de"},{"@type":"WebPage","@id":"https:\/\/radioleinewelle.de\/index.php\/2021\/10\/13\/die-umg-sagt-danke-aktionswoche-fuer-die-mitarbeiterinnen\/","url":"https:\/\/radioleinewelle.de\/index.php\/2021\/10\/13\/die-umg-sagt-danke-aktionswoche-fuer-die-mitarbeiterinnen\/","name":"Die UMG sagt danke - Aktionswoche f\u00fcr die Mitarbeiter:innen - Radio Leinewelle","isPartOf":{"@id":"https:\/\/radioleinewelle.de\/#website"},"primaryImageOfPage":{"@id":"https:\/\/radioleinewelle.de\/index.php\/2021\/10\/13\/die-umg-sagt-danke-aktionswoche-fuer-die-mitarbeiterinnen\/#primaryimage"},"image":{"@id":"https:\/\/radioleinewelle.de\/index.php\/2021\/10\/13\/die-umg-sagt-danke-aktionswoche-fuer-die-mitarbeiterinnen\/#primaryimage"},"thumbnailUrl":"https:\/\/radioleinewelle.de\/wp-content\/uploads\/2021\/10\/UMG_DANKE-Aktionswoche_Walk-of-Fame-fuer-UMG-Beschaftigte_300dpi-e1634097603673.jpg","datePublished":"2021-10-13T03:58:48+00:00","breadcrumb":{"@id":"https:\/\/radioleinewelle.de\/index.php\/2021\/10\/13\/die-umg-sagt-danke-aktionswoche-fuer-die-mitarbeiterinnen\/#breadcrumb"},"inLanguage":"de","potentialAction":[{"@type":"ReadAction","target":["https:\/\/radioleinewelle.de\/index.php\/2021\/10\/13\/die-umg-sagt-danke-aktionswoche-fuer-die-mitarbeiterinnen\/"]}]},{"@type":"ImageObject","inLanguage":"de","@id":"https:\/\/radioleinewelle.de\/index.php\/2021\/10\/13\/die-umg-sagt-danke-aktionswoche-fuer-die-mitarbeiterinnen\/#primaryimage","url":"https:\/\/radioleinewelle.de\/wp-content\/uploads\/2021\/10\/UMG_DANKE-Aktionswoche_Walk-of-Fame-fuer-UMG-Beschaftigte_300dpi-e1634097603673.jpg","contentUrl":"https:\/\/radioleinewelle.de\/wp-content\/uploads\/2021\/10\/UMG_DANKE-Aktionswoche_Walk-of-Fame-fuer-UMG-Beschaftigte_300dpi-e1634097603673.jpg","width":528,"height":330},{"@type":"BreadcrumbList","@id":"https:\/\/radioleinewelle.de\/index.php\/2021\/10\/13\/die-umg-sagt-danke-aktionswoche-fuer-die-mitarbeiterinnen\/#breadcrumb","itemListElement":[{"@type":"ListItem","position":1,"name":"Startseite","item":"https:\/\/radioleinewelle.de\/"},{"@type":"ListItem","position":2,"name":"Die UMG sagt danke &#8211; Aktionswoche f\u00fcr die Mitarbeiter:innen"}]},{"@type":"WebSite","@id":"https:\/\/radioleinewelle.de\/#website","url":"https:\/\/radioleinewelle.de\/","name":"Radio Leinewelle","description":"","publisher":{"@id":"https:\/\/radioleinewelle.de\/#organization"},"potentialAction":[{"@type":"SearchAction","target":{"@type":"EntryPoint","urlTemplate":"https:\/\/radioleinewelle.de\/?s={search_term_string}"},"query-input":{"@type":"PropertyValueSpecification","valueRequired":true,"valueName":"search_term_string"}}],"inLanguage":"de"},{"@type":"Organization","@id":"https:\/\/radioleinewelle.de\/#organization","name":"Radio Leinewelle","alternateName":"Mein Radio f\u00fcr S\u00fcdniedersachsen","url":"https:\/\/radioleinewelle.de\/","logo":{"@type":"ImageObject","inLanguage":"de","@id":"https:\/\/radioleinewelle.de\/#\/schema\/logo\/image\/","url":"https:\/\/radioleinewelle.de\/wp-content\/uploads\/2023\/11\/cropped-Leinewelle_Logo_weiss.png","contentUrl":"https:\/\/radioleinewelle.de\/wp-content\/uploads\/2023\/11\/cropped-Leinewelle_Logo_weiss.png","width":854,"height":260,"caption":"Radio Leinewelle"},"image":{"@id":"https:\/\/radioleinewelle.de\/#\/schema\/logo\/image\/"},"sameAs":["https:\/\/www.facebook.com\/radioleinewelle","https:\/\/x.com\/RLeinewelle","https:\/\/www.instagram.com\/radioleinewelle\/?hl=de"]},{"@type":"Person","@id":"https:\/\/radioleinewelle.de\/#\/schema\/person\/45606f348637df637192dc1b68399a63","name":"Leinewelle","image":{"@type":"ImageObject","inLanguage":"de","@id":"https:\/\/secure.gravatar.com\/avatar\/05c9a17bc973052ee5d91549bd32fb4dd0dc85b7b85ae94b2e2b4943476bbea5?s=96&d=blank&r=g","url":"https:\/\/secure.gravatar.com\/avatar\/05c9a17bc973052ee5d91549bd32fb4dd0dc85b7b85ae94b2e2b4943476bbea5?s=96&d=blank&r=g","contentUrl":"https:\/\/secure.gravatar.com\/avatar\/05c9a17bc973052ee5d91549bd32fb4dd0dc85b7b85ae94b2e2b4943476bbea5?s=96&d=blank&r=g","caption":"Leinewelle"},"sameAs":["http:\/\/localhost\/radio%20leinewelle\/wordpress","https:\/\/www.facebook.com\/radioleinewelle","https:\/\/www.instagram.com\/radioleinewelle","https:\/\/x.com\/https:\/\/twitter.com\/RLeinewelle?ref_src=twsrcgoogletwcampserptwgrauthor","https:\/\/soundcloud.com\/foerderverein-lokalradio?utm_source=clipboard&utm_medium=text&utm_campaign=social_sharing"],"url":"https:\/\/radioleinewelle.de\/index.php\/author\/leinewelle\/"}]}},"_links":{"self":[{"href":"https:\/\/radioleinewelle.de\/index.php\/wp-json\/wp\/v2\/posts\/11013","targetHints":{"allow":["GET"]}}],"collection":[{"href":"https:\/\/radioleinewelle.de\/index.php\/wp-json\/wp\/v2\/posts"}],"about":[{"href":"https:\/\/radioleinewelle.de\/index.php\/wp-json\/wp\/v2\/types\/post"}],"author":[{"embeddable":true,"href":"https:\/\/radioleinewelle.de\/index.php\/wp-json\/wp\/v2\/users\/1"}],"replies":[{"embeddable":true,"href":"https:\/\/radioleinewelle.de\/index.php\/wp-json\/wp\/v2\/comments?post=11013"}],"version-history":[{"count":0,"href":"https:\/\/radioleinewelle.de\/index.php\/wp-json\/wp\/v2\/posts\/11013\/revisions"}],"wp:featuredmedia":[{"embeddable":true,"href":"https:\/\/radioleinewelle.de\/index.php\/wp-json\/wp\/v2\/media\/11014"}],"wp:attachment":[{"href":"https:\/\/radioleinewelle.de\/index.php\/wp-json\/wp\/v2\/media?parent=11013"}],"wp:term":[{"taxonomy":"category","embeddable":true,"href":"https:\/\/radioleinewelle.de\/index.php\/wp-json\/wp\/v2\/categories?post=11013"},{"taxonomy":"post_tag","embeddable":true,"href":"https:\/\/radioleinewelle.de\/index.php\/wp-json\/wp\/v2\/tags?post=11013"}],"curies":[{"name":"wp","href":"https:\/\/api.w.org\/{rel}","templated":true}]}}