{"id":1106,"date":"2020-08-01T13:51:13","date_gmt":"2020-08-01T11:51:13","guid":{"rendered":"https:\/\/radioleinewelle.de\/?p=1106"},"modified":"2020-08-01T13:51:13","modified_gmt":"2020-08-01T11:51:13","slug":"trotz-corona-steht-das-thema-klima-ganz-oben-auf-der-agenda-der-stadt-goettingen","status":"publish","type":"post","link":"https:\/\/radioleinewelle.de\/index.php\/2020\/08\/01\/trotz-corona-steht-das-thema-klima-ganz-oben-auf-der-agenda-der-stadt-goettingen\/","title":{"rendered":"Trotz Corona steht das Thema Klima ganz oben auf der Agenda der Stadt G\u00f6ttingen"},"content":{"rendered":"<p><span style=\"font-family: Asap;\"><span style=\"font-size: small;\">Mit dem Klimaplan G\u00f6ttingen 2030 entwickelt die Stadt G\u00f6ttingen zurzeit die st\u00e4dtischen Klimaschutzstrategien f\u00fcr die n\u00e4chsten 10 Jahre weiter. Ziel ist die Klimaneutralit\u00e4t. Es ist ein Zukunftsplan von und f\u00fcr die Stadtgesellschaft. Hierzu sind auch Ideen und Vorschl\u00e4ge der B\u00fcrger und B\u00fcrgerInnen gefragt! Da in diesem Jahr keine Workshops und Austauschforen vor Ort stattfinden k\u00f6nnen, bietet die Stadt eine digitale Beteiligungsplattform an. Die Plattform l\u00e4dt dazu ein, Anregungen, Vorschl\u00e4ge und Projektideen einzubringen und sich \u00fcber den laufenden Prozess zu informieren.<\/span><\/span><\/p>\n<p><span style=\"font-family: Asap;\"><span style=\"font-size: small;\">https:\/\/klimaplan.goettingen.de\/startseite\/<\/span><\/span><\/p>\n<p><span style=\"font-family: Asap;\"><span style=\"font-size: small;\">UE 31.07.20<\/span><\/span><\/p>\n","protected":false},"excerpt":{"rendered":"<p>Mit dem Klimaplan G\u00f6ttingen 2030 entwickelt die Stadt G\u00f6ttingen zurzeit die st\u00e4dtischen Klimaschutzstrategien f\u00fcr die n\u00e4chsten 10 Jahre weiter. Ziel ist die Klimaneutralit\u00e4t. Es ist ein Zukunftsplan von und f\u00fcr die Stadtgesellschaft. Hierzu sind auch Ideen und Vorschl\u00e4ge der B\u00fcrger und B\u00fcrgerInnen gefragt! Da in diesem Jahr keine Workshops und Austauschforen vor Ort stattfinden k\u00f6nnen, [&hellip;]<\/p>\n","protected":false},"author":1,"featured_media":1107,"comment_status":"closed","ping_status":"closed","sticky":false,"template":"","format":"standard","meta":{"saved_in_kubio":false,"footnotes":""},"categories":[1],"tags":[],"class_list":["post-1106","post","type-post","status-publish","format-standard","has-post-thumbnail","hentry","category-allgemein"],"yoast_head":"<!-- This site is optimized with the Yoast SEO plugin v27.5 - https:\/\/yoast.com\/product\/yoast-seo-wordpress\/ -->\n<title>Trotz Corona steht das Thema Klima ganz oben auf der Agenda der Stadt G\u00f6ttingen - Radio Leinewelle<\/title>\n<meta name=\"robots\" content=\"index, follow, max-snippet:-1, max-image-preview:large, max-video-preview:-1\" \/>\n<link rel=\"canonical\" href=\"https:\/\/radioleinewelle.de\/index.php\/2020\/08\/01\/trotz-corona-steht-das-thema-klima-ganz-oben-auf-der-agenda-der-stadt-goettingen\/\" \/>\n<meta property=\"og:locale\" content=\"de_DE\" \/>\n<meta property=\"og:type\" content=\"article\" \/>\n<meta property=\"og:title\" content=\"Trotz Corona steht das Thema Klima ganz oben auf der Agenda der Stadt G\u00f6ttingen - Radio Leinewelle\" \/>\n<meta property=\"og:description\" content=\"Mit dem Klimaplan G\u00f6ttingen 2030 entwickelt die Stadt G\u00f6ttingen zurzeit die st\u00e4dtischen Klimaschutzstrategien f\u00fcr die n\u00e4chsten 10 Jahre weiter. Ziel ist die Klimaneutralit\u00e4t. Es ist ein Zukunftsplan von und f\u00fcr die Stadtgesellschaft. Hierzu sind auch Ideen und Vorschl\u00e4ge der B\u00fcrger und B\u00fcrgerInnen gefragt! Da in diesem Jahr keine Workshops und Austauschforen vor Ort stattfinden k\u00f6nnen, [&hellip;]\" \/>\n<meta property=\"og:url\" content=\"https:\/\/radioleinewelle.de\/index.php\/2020\/08\/01\/trotz-corona-steht-das-thema-klima-ganz-oben-auf-der-agenda-der-stadt-goettingen\/\" \/>\n<meta property=\"og:site_name\" content=\"Radio Leinewelle\" \/>\n<meta property=\"article:publisher\" content=\"https:\/\/www.facebook.com\/radioleinewelle\" \/>\n<meta property=\"article:author\" content=\"https:\/\/www.facebook.com\/radioleinewelle\" \/>\n<meta property=\"article:published_time\" content=\"2020-08-01T11:51:13+00:00\" \/>\n<meta property=\"og:image\" content=\"https:\/\/radioleinewelle.de\/wp-content\/uploads\/2020\/08\/klimaplan-2030.jpg\" \/>\n\t<meta property=\"og:image:width\" content=\"684\" \/>\n\t<meta property=\"og:image:height\" content=\"664\" \/>\n\t<meta property=\"og:image:type\" content=\"image\/jpeg\" \/>\n<meta name=\"author\" content=\"Leinewelle\" \/>\n<meta name=\"twitter:card\" content=\"summary_large_image\" \/>\n<meta name=\"twitter:creator\" content=\"@https:\/\/twitter.com\/RLeinewelle?ref_src=twsrcgoogletwcampserptwgrauthor\" \/>\n<meta name=\"twitter:site\" content=\"@RLeinewelle\" \/>\n<meta name=\"twitter:label1\" content=\"Verfasst von\" \/>\n\t<meta name=\"twitter:data1\" content=\"Leinewelle\" \/>\n<script type=\"application\/ld+json\" class=\"yoast-schema-graph\">{\"@context\":\"https:\\\/\\\/schema.org\",\"@graph\":[{\"@type\":\"Article\",\"@id\":\"https:\\\/\\\/radioleinewelle.de\\\/index.php\\\/2020\\\/08\\\/01\\\/trotz-corona-steht-das-thema-klima-ganz-oben-auf-der-agenda-der-stadt-goettingen\\\/#article\",\"isPartOf\":{\"@id\":\"https:\\\/\\\/radioleinewelle.de\\\/index.php\\\/2020\\\/08\\\/01\\\/trotz-corona-steht-das-thema-klima-ganz-oben-auf-der-agenda-der-stadt-goettingen\\\/\"},\"author\":{\"name\":\"Leinewelle\",\"@id\":\"https:\\\/\\\/radioleinewelle.de\\\/#\\\/schema\\\/person\\\/45606f348637df637192dc1b68399a63\"},\"headline\":\"Trotz Corona steht das Thema Klima ganz oben auf der Agenda der Stadt G\u00f6ttingen\",\"datePublished\":\"2020-08-01T11:51:13+00:00\",\"mainEntityOfPage\":{\"@id\":\"https:\\\/\\\/radioleinewelle.de\\\/index.php\\\/2020\\\/08\\\/01\\\/trotz-corona-steht-das-thema-klima-ganz-oben-auf-der-agenda-der-stadt-goettingen\\\/\"},\"wordCount\":112,\"publisher\":{\"@id\":\"https:\\\/\\\/radioleinewelle.de\\\/#organization\"},\"image\":{\"@id\":\"https:\\\/\\\/radioleinewelle.de\\\/index.php\\\/2020\\\/08\\\/01\\\/trotz-corona-steht-das-thema-klima-ganz-oben-auf-der-agenda-der-stadt-goettingen\\\/#primaryimage\"},\"thumbnailUrl\":\"https:\\\/\\\/radioleinewelle.de\\\/wp-content\\\/uploads\\\/2020\\\/08\\\/klimaplan-2030.jpg\",\"inLanguage\":\"de\"},{\"@type\":\"WebPage\",\"@id\":\"https:\\\/\\\/radioleinewelle.de\\\/index.php\\\/2020\\\/08\\\/01\\\/trotz-corona-steht-das-thema-klima-ganz-oben-auf-der-agenda-der-stadt-goettingen\\\/\",\"url\":\"https:\\\/\\\/radioleinewelle.de\\\/index.php\\\/2020\\\/08\\\/01\\\/trotz-corona-steht-das-thema-klima-ganz-oben-auf-der-agenda-der-stadt-goettingen\\\/\",\"name\":\"Trotz Corona steht das Thema Klima ganz oben auf der Agenda der Stadt G\u00f6ttingen - Radio Leinewelle\",\"isPartOf\":{\"@id\":\"https:\\\/\\\/radioleinewelle.de\\\/#website\"},\"primaryImageOfPage\":{\"@id\":\"https:\\\/\\\/radioleinewelle.de\\\/index.php\\\/2020\\\/08\\\/01\\\/trotz-corona-steht-das-thema-klima-ganz-oben-auf-der-agenda-der-stadt-goettingen\\\/#primaryimage\"},\"image\":{\"@id\":\"https:\\\/\\\/radioleinewelle.de\\\/index.php\\\/2020\\\/08\\\/01\\\/trotz-corona-steht-das-thema-klima-ganz-oben-auf-der-agenda-der-stadt-goettingen\\\/#primaryimage\"},\"thumbnailUrl\":\"https:\\\/\\\/radioleinewelle.de\\\/wp-content\\\/uploads\\\/2020\\\/08\\\/klimaplan-2030.jpg\",\"datePublished\":\"2020-08-01T11:51:13+00:00\",\"breadcrumb\":{\"@id\":\"https:\\\/\\\/radioleinewelle.de\\\/index.php\\\/2020\\\/08\\\/01\\\/trotz-corona-steht-das-thema-klima-ganz-oben-auf-der-agenda-der-stadt-goettingen\\\/#breadcrumb\"},\"inLanguage\":\"de\",\"potentialAction\":[{\"@type\":\"ReadAction\",\"target\":[\"https:\\\/\\\/radioleinewelle.de\\\/index.php\\\/2020\\\/08\\\/01\\\/trotz-corona-steht-das-thema-klima-ganz-oben-auf-der-agenda-der-stadt-goettingen\\\/\"]}]},{\"@type\":\"ImageObject\",\"inLanguage\":\"de\",\"@id\":\"https:\\\/\\\/radioleinewelle.de\\\/index.php\\\/2020\\\/08\\\/01\\\/trotz-corona-steht-das-thema-klima-ganz-oben-auf-der-agenda-der-stadt-goettingen\\\/#primaryimage\",\"url\":\"https:\\\/\\\/radioleinewelle.de\\\/wp-content\\\/uploads\\\/2020\\\/08\\\/klimaplan-2030.jpg\",\"contentUrl\":\"https:\\\/\\\/radioleinewelle.de\\\/wp-content\\\/uploads\\\/2020\\\/08\\\/klimaplan-2030.jpg\",\"width\":684,\"height\":664},{\"@type\":\"BreadcrumbList\",\"@id\":\"https:\\\/\\\/radioleinewelle.de\\\/index.php\\\/2020\\\/08\\\/01\\\/trotz-corona-steht-das-thema-klima-ganz-oben-auf-der-agenda-der-stadt-goettingen\\\/#breadcrumb\",\"itemListElement\":[{\"@type\":\"ListItem\",\"position\":1,\"name\":\"Startseite\",\"item\":\"https:\\\/\\\/radioleinewelle.de\\\/\"},{\"@type\":\"ListItem\",\"position\":2,\"name\":\"Trotz Corona steht das Thema Klima ganz oben auf der Agenda der Stadt G\u00f6ttingen\"}]},{\"@type\":\"WebSite\",\"@id\":\"https:\\\/\\\/radioleinewelle.de\\\/#website\",\"url\":\"https:\\\/\\\/radioleinewelle.de\\\/\",\"name\":\"Radio Leinewelle\",\"description\":\"\",\"publisher\":{\"@id\":\"https:\\\/\\\/radioleinewelle.de\\\/#organization\"},\"potentialAction\":[{\"@type\":\"SearchAction\",\"target\":{\"@type\":\"EntryPoint\",\"urlTemplate\":\"https:\\\/\\\/radioleinewelle.de\\\/?s={search_term_string}\"},\"query-input\":{\"@type\":\"PropertyValueSpecification\",\"valueRequired\":true,\"valueName\":\"search_term_string\"}}],\"inLanguage\":\"de\"},{\"@type\":\"Organization\",\"@id\":\"https:\\\/\\\/radioleinewelle.de\\\/#organization\",\"name\":\"Radio Leinewelle\",\"alternateName\":\"Mein Radio f\u00fcr S\u00fcdniedersachsen\",\"url\":\"https:\\\/\\\/radioleinewelle.de\\\/\",\"logo\":{\"@type\":\"ImageObject\",\"inLanguage\":\"de\",\"@id\":\"https:\\\/\\\/radioleinewelle.de\\\/#\\\/schema\\\/logo\\\/image\\\/\",\"url\":\"https:\\\/\\\/radioleinewelle.de\\\/wp-content\\\/uploads\\\/2023\\\/11\\\/cropped-Leinewelle_Logo_weiss.png\",\"contentUrl\":\"https:\\\/\\\/radioleinewelle.de\\\/wp-content\\\/uploads\\\/2023\\\/11\\\/cropped-Leinewelle_Logo_weiss.png\",\"width\":854,\"height\":260,\"caption\":\"Radio Leinewelle\"},\"image\":{\"@id\":\"https:\\\/\\\/radioleinewelle.de\\\/#\\\/schema\\\/logo\\\/image\\\/\"},\"sameAs\":[\"https:\\\/\\\/www.facebook.com\\\/radioleinewelle\",\"https:\\\/\\\/x.com\\\/RLeinewelle\",\"https:\\\/\\\/www.instagram.com\\\/radioleinewelle\\\/?hl=de\"]},{\"@type\":\"Person\",\"@id\":\"https:\\\/\\\/radioleinewelle.de\\\/#\\\/schema\\\/person\\\/45606f348637df637192dc1b68399a63\",\"name\":\"Leinewelle\",\"image\":{\"@type\":\"ImageObject\",\"inLanguage\":\"de\",\"@id\":\"https:\\\/\\\/secure.gravatar.com\\\/avatar\\\/05c9a17bc973052ee5d91549bd32fb4dd0dc85b7b85ae94b2e2b4943476bbea5?s=96&d=blank&r=g\",\"url\":\"https:\\\/\\\/secure.gravatar.com\\\/avatar\\\/05c9a17bc973052ee5d91549bd32fb4dd0dc85b7b85ae94b2e2b4943476bbea5?s=96&d=blank&r=g\",\"contentUrl\":\"https:\\\/\\\/secure.gravatar.com\\\/avatar\\\/05c9a17bc973052ee5d91549bd32fb4dd0dc85b7b85ae94b2e2b4943476bbea5?s=96&d=blank&r=g\",\"caption\":\"Leinewelle\"},\"sameAs\":[\"http:\\\/\\\/localhost\\\/radio%20leinewelle\\\/wordpress\",\"https:\\\/\\\/www.facebook.com\\\/radioleinewelle\",\"https:\\\/\\\/www.instagram.com\\\/radioleinewelle\",\"https:\\\/\\\/x.com\\\/https:\\\/\\\/twitter.com\\\/RLeinewelle?ref_src=twsrcgoogletwcampserptwgrauthor\",\"https:\\\/\\\/soundcloud.com\\\/foerderverein-lokalradio?utm_source=clipboard&utm_medium=text&utm_campaign=social_sharing\"],\"url\":\"https:\\\/\\\/radioleinewelle.de\\\/index.php\\\/author\\\/leinewelle\\\/\"}]}<\/script>\n<!-- \/ Yoast SEO plugin. -->","yoast_head_json":{"title":"Trotz Corona steht das Thema Klima ganz oben auf der Agenda der Stadt G\u00f6ttingen - Radio Leinewelle","robots":{"index":"index","follow":"follow","max-snippet":"max-snippet:-1","max-image-preview":"max-image-preview:large","max-video-preview":"max-video-preview:-1"},"canonical":"https:\/\/radioleinewelle.de\/index.php\/2020\/08\/01\/trotz-corona-steht-das-thema-klima-ganz-oben-auf-der-agenda-der-stadt-goettingen\/","og_locale":"de_DE","og_type":"article","og_title":"Trotz Corona steht das Thema Klima ganz oben auf der Agenda der Stadt G\u00f6ttingen - Radio Leinewelle","og_description":"Mit dem Klimaplan G\u00f6ttingen 2030 entwickelt die Stadt G\u00f6ttingen zurzeit die st\u00e4dtischen Klimaschutzstrategien f\u00fcr die n\u00e4chsten 10 Jahre weiter. Ziel ist die Klimaneutralit\u00e4t. Es ist ein Zukunftsplan von und f\u00fcr die Stadtgesellschaft. Hierzu sind auch Ideen und Vorschl\u00e4ge der B\u00fcrger und B\u00fcrgerInnen gefragt! Da in diesem Jahr keine Workshops und Austauschforen vor Ort stattfinden k\u00f6nnen, [&hellip;]","og_url":"https:\/\/radioleinewelle.de\/index.php\/2020\/08\/01\/trotz-corona-steht-das-thema-klima-ganz-oben-auf-der-agenda-der-stadt-goettingen\/","og_site_name":"Radio Leinewelle","article_publisher":"https:\/\/www.facebook.com\/radioleinewelle","article_author":"https:\/\/www.facebook.com\/radioleinewelle","article_published_time":"2020-08-01T11:51:13+00:00","og_image":[{"width":684,"height":664,"url":"https:\/\/radioleinewelle.de\/wp-content\/uploads\/2020\/08\/klimaplan-2030.jpg","type":"image\/jpeg"}],"author":"Leinewelle","twitter_card":"summary_large_image","twitter_creator":"@https:\/\/twitter.com\/RLeinewelle?ref_src=twsrcgoogletwcampserptwgrauthor","twitter_site":"@RLeinewelle","twitter_misc":{"Verfasst von":"Leinewelle"},"schema":{"@context":"https:\/\/schema.org","@graph":[{"@type":"Article","@id":"https:\/\/radioleinewelle.de\/index.php\/2020\/08\/01\/trotz-corona-steht-das-thema-klima-ganz-oben-auf-der-agenda-der-stadt-goettingen\/#article","isPartOf":{"@id":"https:\/\/radioleinewelle.de\/index.php\/2020\/08\/01\/trotz-corona-steht-das-thema-klima-ganz-oben-auf-der-agenda-der-stadt-goettingen\/"},"author":{"name":"Leinewelle","@id":"https:\/\/radioleinewelle.de\/#\/schema\/person\/45606f348637df637192dc1b68399a63"},"headline":"Trotz Corona steht das Thema Klima ganz oben auf der Agenda der Stadt G\u00f6ttingen","datePublished":"2020-08-01T11:51:13+00:00","mainEntityOfPage":{"@id":"https:\/\/radioleinewelle.de\/index.php\/2020\/08\/01\/trotz-corona-steht-das-thema-klima-ganz-oben-auf-der-agenda-der-stadt-goettingen\/"},"wordCount":112,"publisher":{"@id":"https:\/\/radioleinewelle.de\/#organization"},"image":{"@id":"https:\/\/radioleinewelle.de\/index.php\/2020\/08\/01\/trotz-corona-steht-das-thema-klima-ganz-oben-auf-der-agenda-der-stadt-goettingen\/#primaryimage"},"thumbnailUrl":"https:\/\/radioleinewelle.de\/wp-content\/uploads\/2020\/08\/klimaplan-2030.jpg","inLanguage":"de"},{"@type":"WebPage","@id":"https:\/\/radioleinewelle.de\/index.php\/2020\/08\/01\/trotz-corona-steht-das-thema-klima-ganz-oben-auf-der-agenda-der-stadt-goettingen\/","url":"https:\/\/radioleinewelle.de\/index.php\/2020\/08\/01\/trotz-corona-steht-das-thema-klima-ganz-oben-auf-der-agenda-der-stadt-goettingen\/","name":"Trotz Corona steht das Thema Klima ganz oben auf der Agenda der Stadt G\u00f6ttingen - Radio Leinewelle","isPartOf":{"@id":"https:\/\/radioleinewelle.de\/#website"},"primaryImageOfPage":{"@id":"https:\/\/radioleinewelle.de\/index.php\/2020\/08\/01\/trotz-corona-steht-das-thema-klima-ganz-oben-auf-der-agenda-der-stadt-goettingen\/#primaryimage"},"image":{"@id":"https:\/\/radioleinewelle.de\/index.php\/2020\/08\/01\/trotz-corona-steht-das-thema-klima-ganz-oben-auf-der-agenda-der-stadt-goettingen\/#primaryimage"},"thumbnailUrl":"https:\/\/radioleinewelle.de\/wp-content\/uploads\/2020\/08\/klimaplan-2030.jpg","datePublished":"2020-08-01T11:51:13+00:00","breadcrumb":{"@id":"https:\/\/radioleinewelle.de\/index.php\/2020\/08\/01\/trotz-corona-steht-das-thema-klima-ganz-oben-auf-der-agenda-der-stadt-goettingen\/#breadcrumb"},"inLanguage":"de","potentialAction":[{"@type":"ReadAction","target":["https:\/\/radioleinewelle.de\/index.php\/2020\/08\/01\/trotz-corona-steht-das-thema-klima-ganz-oben-auf-der-agenda-der-stadt-goettingen\/"]}]},{"@type":"ImageObject","inLanguage":"de","@id":"https:\/\/radioleinewelle.de\/index.php\/2020\/08\/01\/trotz-corona-steht-das-thema-klima-ganz-oben-auf-der-agenda-der-stadt-goettingen\/#primaryimage","url":"https:\/\/radioleinewelle.de\/wp-content\/uploads\/2020\/08\/klimaplan-2030.jpg","contentUrl":"https:\/\/radioleinewelle.de\/wp-content\/uploads\/2020\/08\/klimaplan-2030.jpg","width":684,"height":664},{"@type":"BreadcrumbList","@id":"https:\/\/radioleinewelle.de\/index.php\/2020\/08\/01\/trotz-corona-steht-das-thema-klima-ganz-oben-auf-der-agenda-der-stadt-goettingen\/#breadcrumb","itemListElement":[{"@type":"ListItem","position":1,"name":"Startseite","item":"https:\/\/radioleinewelle.de\/"},{"@type":"ListItem","position":2,"name":"Trotz Corona steht das Thema Klima ganz oben auf der Agenda der Stadt G\u00f6ttingen"}]},{"@type":"WebSite","@id":"https:\/\/radioleinewelle.de\/#website","url":"https:\/\/radioleinewelle.de\/","name":"Radio Leinewelle","description":"","publisher":{"@id":"https:\/\/radioleinewelle.de\/#organization"},"potentialAction":[{"@type":"SearchAction","target":{"@type":"EntryPoint","urlTemplate":"https:\/\/radioleinewelle.de\/?s={search_term_string}"},"query-input":{"@type":"PropertyValueSpecification","valueRequired":true,"valueName":"search_term_string"}}],"inLanguage":"de"},{"@type":"Organization","@id":"https:\/\/radioleinewelle.de\/#organization","name":"Radio Leinewelle","alternateName":"Mein Radio f\u00fcr S\u00fcdniedersachsen","url":"https:\/\/radioleinewelle.de\/","logo":{"@type":"ImageObject","inLanguage":"de","@id":"https:\/\/radioleinewelle.de\/#\/schema\/logo\/image\/","url":"https:\/\/radioleinewelle.de\/wp-content\/uploads\/2023\/11\/cropped-Leinewelle_Logo_weiss.png","contentUrl":"https:\/\/radioleinewelle.de\/wp-content\/uploads\/2023\/11\/cropped-Leinewelle_Logo_weiss.png","width":854,"height":260,"caption":"Radio Leinewelle"},"image":{"@id":"https:\/\/radioleinewelle.de\/#\/schema\/logo\/image\/"},"sameAs":["https:\/\/www.facebook.com\/radioleinewelle","https:\/\/x.com\/RLeinewelle","https:\/\/www.instagram.com\/radioleinewelle\/?hl=de"]},{"@type":"Person","@id":"https:\/\/radioleinewelle.de\/#\/schema\/person\/45606f348637df637192dc1b68399a63","name":"Leinewelle","image":{"@type":"ImageObject","inLanguage":"de","@id":"https:\/\/secure.gravatar.com\/avatar\/05c9a17bc973052ee5d91549bd32fb4dd0dc85b7b85ae94b2e2b4943476bbea5?s=96&d=blank&r=g","url":"https:\/\/secure.gravatar.com\/avatar\/05c9a17bc973052ee5d91549bd32fb4dd0dc85b7b85ae94b2e2b4943476bbea5?s=96&d=blank&r=g","contentUrl":"https:\/\/secure.gravatar.com\/avatar\/05c9a17bc973052ee5d91549bd32fb4dd0dc85b7b85ae94b2e2b4943476bbea5?s=96&d=blank&r=g","caption":"Leinewelle"},"sameAs":["http:\/\/localhost\/radio%20leinewelle\/wordpress","https:\/\/www.facebook.com\/radioleinewelle","https:\/\/www.instagram.com\/radioleinewelle","https:\/\/x.com\/https:\/\/twitter.com\/RLeinewelle?ref_src=twsrcgoogletwcampserptwgrauthor","https:\/\/soundcloud.com\/foerderverein-lokalradio?utm_source=clipboard&utm_medium=text&utm_campaign=social_sharing"],"url":"https:\/\/radioleinewelle.de\/index.php\/author\/leinewelle\/"}]}},"_links":{"self":[{"href":"https:\/\/radioleinewelle.de\/index.php\/wp-json\/wp\/v2\/posts\/1106","targetHints":{"allow":["GET"]}}],"collection":[{"href":"https:\/\/radioleinewelle.de\/index.php\/wp-json\/wp\/v2\/posts"}],"about":[{"href":"https:\/\/radioleinewelle.de\/index.php\/wp-json\/wp\/v2\/types\/post"}],"author":[{"embeddable":true,"href":"https:\/\/radioleinewelle.de\/index.php\/wp-json\/wp\/v2\/users\/1"}],"replies":[{"embeddable":true,"href":"https:\/\/radioleinewelle.de\/index.php\/wp-json\/wp\/v2\/comments?post=1106"}],"version-history":[{"count":0,"href":"https:\/\/radioleinewelle.de\/index.php\/wp-json\/wp\/v2\/posts\/1106\/revisions"}],"wp:featuredmedia":[{"embeddable":true,"href":"https:\/\/radioleinewelle.de\/index.php\/wp-json\/wp\/v2\/media\/1107"}],"wp:attachment":[{"href":"https:\/\/radioleinewelle.de\/index.php\/wp-json\/wp\/v2\/media?parent=1106"}],"wp:term":[{"taxonomy":"category","embeddable":true,"href":"https:\/\/radioleinewelle.de\/index.php\/wp-json\/wp\/v2\/categories?post=1106"},{"taxonomy":"post_tag","embeddable":true,"href":"https:\/\/radioleinewelle.de\/index.php\/wp-json\/wp\/v2\/tags?post=1106"}],"curies":[{"name":"wp","href":"https:\/\/api.w.org\/{rel}","templated":true}]}}