{"id":11115,"date":"2021-10-21T06:53:37","date_gmt":"2021-10-21T04:53:37","guid":{"rendered":"https:\/\/radioleinewelle.de\/?p=11115"},"modified":"2021-10-21T06:53:37","modified_gmt":"2021-10-21T04:53:37","slug":"duderstadt-autodiebstahl-mithilfe-einer-funkstreckenverlaengerung","status":"publish","type":"post","link":"https:\/\/radioleinewelle.de\/index.php\/2021\/10\/21\/duderstadt-autodiebstahl-mithilfe-einer-funkstreckenverlaengerung\/","title":{"rendered":"Duderstadt: Autodiebstahl mithilfe einer Funkstreckenverl\u00e4ngerung"},"content":{"rendered":"\n<p>DUDERSTADT (mb) &#8211; Im Duderst\u00e4dter Ortsteil Gerblingerode haben Unbekannte in der Nacht zu Dienstag (19.10.2021) einen wei\u00dfen Audi A5 Sportback mit Duderst\u00e4dter (DUD) Zulassung gestohlen. Der Pkw war in der Stra\u00dfe &#8222;Erdfall&#8220; unter einem Carport am Wohnhaus der Eigent\u00fcmer abgestellt.<\/p>\n\n\n\n<p>In der gleichen Nacht wurde in der Stra\u00dfe &#8222;Am M\u00fchlenberg&#8220; in Nesselr\u00f6den ein schwarzer Audi SQ5 gestohlen. Beide Fahrzeuge sind mit einem sogenannten &#8222;Keyless-Go-System&#8220; ausgestattet. Zeugen, die zum Tatzeitpunkt oder auch in den Tagen zuvor verd\u00e4chtige Personen oder fremde Fahrzeuge in den betroffenen Stra\u00dfen beobachtet haben, werden gebeten, sich unter Telefon 0551\/491-2115 bei der Polizei in G\u00f6ttingen zu melden.<\/p>\n\n\n\n<p><strong>Die Polizei r\u00e4t zu Vorsicht bei schl\u00fcssellosem Zugangssystem &#8222;Keyless-Go&#8220;<\/strong><\/p>\n\n\n\n<p>Das Komfort-Schlie\u00dfsystem &#8222;Keyless&#8220; funktioniert \u00fcber Funk. Der Kfz-Schl\u00fcssel strahlt dabei dauerhaft ein Funksignal in einem geringen Umkreis aus. Wird dieses Signal beim Herantragen vom Auto empfangen, lassen sich die T\u00fcren \u00f6ffnen und der Motor kann per Knopfdruck gestartet werden. Sobald der Motor l\u00e4uft, bleibt er an, auch dann, wenn der Schl\u00fcssel aus dem Nahbereich des Fahrzeugs wieder entfernt wird. Um das System zu \u00fcberwinden, setzen Diebe sog. Reichweiten- oder auch Funkstrecken-Verl\u00e4ngerer ein, die das Schl\u00fcsselsignal abfangen und an das Fahrzeug weiterleiten. Auf diesem Weg kann die Funkverbindung zwischen Schl\u00fcssel und Auto problemlos auch \u00fcber hunderte von Metern &#8222;verl\u00e4ngert&#8220; werden, unabh\u00e4ngig davon, ob sich der Originalschl\u00fcssel beispielsweise im Haus oder z. B. w\u00e4hrend einer Veranstaltung in der Jackentasche des Besitzers befindet.<\/p>\n\n\n\n<p>Daraus folgt, dass Diebe, die mit dieser besonderen Methode zum &#8222;Ziel&#8220; kommen wollen, mindestens zu zweit aktiv sein m\u00fcssen. Denn bei einem Diebstahl mithilfe einer Funkstreckenverl\u00e4ngerung muss zwingend eine Person mit einem Ger\u00e4t am bzw. in der N\u00e4he des PKW stehen, um im richtigen Moment den T\u00fcrgriff zu bedienen. Gleichzeitig muss eine weitere Person mit einem Ger\u00e4t das Funksignal des Fahrzeugschl\u00fcssels auffangen und weiterleiten.<\/p>\n\n\n\n<p>In Anbetracht der aktuellen Taten r\u00e4t die Polizei Fahrzeugbesitzern, deren Autos mit einem schl\u00fcssellosen \u00d6ffnungs- und Schlie\u00dfsystem ausger\u00fcstet sind, zu besonderer Vorsicht, und empfiehlt:<\/p>\n\n\n\n<p>Parken Sie Ihr Fahrzeug m\u00f6glichst in einer verschlossenen Garage. Legen Sie Original- und auch Zweitschl\u00fcssel niemals in der N\u00e4he der Haus- oder Wohnungst\u00fcr ab.<\/p>\n\n\n\n<p>Verwenden Sie bei Nichtbenutzung des Fahrzeugs H\u00fcllen oder Beh\u00e4ltnisse, um das Funksignal abzuschirmen. So k\u00f6nnen beispielsweise spezielle Schl\u00fcsseletuis mit eingebauter Abschirmfolie, die die Funkwellen blockieren, oder auch Schl\u00fcsseltresore \u00fcber das Internet oder im Fachhandel erworben werden. Machen Sie dazu einen Selbsttest und halten Sie den &#8222;abgeschirmten&#8220; Schl\u00fcssel direkt neben die Fahrzeugt\u00fcr. Erst wenn sich diese nicht mehr \u00f6ffnen l\u00e4sst, funktioniert der Schutz.<\/p>\n\n\n\n<p>Achten Sie auf Personen in Ihrer unmittelbaren N\u00e4he. Es k\u00f6nnten professionelle Autodiebe sein, die versuchen sich &#8222;unauff\u00e4llig&#8220; das Schl\u00fcsselsignal zu verschaffen. Autodiebe gehen oft den Weg des geringsten Widerstandes. Je l\u00e4nger es dauert, ein Fahrzeug zu \u00f6ffnen und zu entwenden, umso unwahrscheinlicher wird der Fahrzeugdiebstahl. Machen Sie es daher den Dieben schwer und installieren Sie beim Abstellen des Fahrzeugs mechanische Diebstahlsicherungen, wie zum Beispiel die klassische Lenkradkralle \/ Absperrstange, eine Gangschaltungs- oder auch Pedalsperre.<\/p>\n\n\n\n<p>Fragen Sie bei Ihrer Fachwerkstatt nach, ob und welche M\u00f6glichkeiten es speziell f\u00fcr Ihr Fahrzeug gibt.<\/p>\n","protected":false},"excerpt":{"rendered":"<p>DUDERSTADT (mb) &#8211; Im Duderst\u00e4dter Ortsteil Gerblingerode haben Unbekannte in der Nacht zu Dienstag (19.10.2021) einen wei\u00dfen Audi A5 Sportback mit Duderst\u00e4dter (DUD) Zulassung gestohlen. Der Pkw war in der Stra\u00dfe &#8222;Erdfall&#8220; unter einem Carport am Wohnhaus der Eigent\u00fcmer abgestellt. In der gleichen Nacht wurde in der Stra\u00dfe &#8222;Am M\u00fchlenberg&#8220; in Nesselr\u00f6den ein schwarzer Audi [&hellip;]<\/p>\n","protected":false},"author":1,"featured_media":10261,"comment_status":"closed","ping_status":"closed","sticky":false,"template":"","format":"standard","meta":{"saved_in_kubio":false,"footnotes":""},"categories":[1],"tags":[2359,2360,349],"class_list":["post-11115","post","type-post","status-publish","format-standard","has-post-thumbnail","hentry","category-allgemein","tag-funkstreckenverlaengerung","tag-keyless-go-autodiebstahl","tag-polizeiinspektion-goettingen"],"yoast_head":"<!-- This site is optimized with the Yoast SEO plugin v27.5 - https:\/\/yoast.com\/product\/yoast-seo-wordpress\/ -->\n<title>Duderstadt: Autodiebstahl mithilfe einer Funkstreckenverl\u00e4ngerung - Radio Leinewelle<\/title>\n<meta name=\"robots\" content=\"index, follow, max-snippet:-1, max-image-preview:large, max-video-preview:-1\" \/>\n<link rel=\"canonical\" href=\"https:\/\/radioleinewelle.de\/index.php\/2021\/10\/21\/duderstadt-autodiebstahl-mithilfe-einer-funkstreckenverlaengerung\/\" \/>\n<meta property=\"og:locale\" content=\"de_DE\" \/>\n<meta property=\"og:type\" content=\"article\" \/>\n<meta property=\"og:title\" content=\"Duderstadt: Autodiebstahl mithilfe einer Funkstreckenverl\u00e4ngerung - Radio Leinewelle\" \/>\n<meta property=\"og:description\" content=\"DUDERSTADT (mb) &#8211; Im Duderst\u00e4dter Ortsteil Gerblingerode haben Unbekannte in der Nacht zu Dienstag (19.10.2021) einen wei\u00dfen Audi A5 Sportback mit Duderst\u00e4dter (DUD) Zulassung gestohlen. Der Pkw war in der Stra\u00dfe &#8222;Erdfall&#8220; unter einem Carport am Wohnhaus der Eigent\u00fcmer abgestellt. In der gleichen Nacht wurde in der Stra\u00dfe &#8222;Am M\u00fchlenberg&#8220; in Nesselr\u00f6den ein schwarzer Audi [&hellip;]\" \/>\n<meta property=\"og:url\" content=\"https:\/\/radioleinewelle.de\/index.php\/2021\/10\/21\/duderstadt-autodiebstahl-mithilfe-einer-funkstreckenverlaengerung\/\" \/>\n<meta property=\"og:site_name\" content=\"Radio Leinewelle\" \/>\n<meta property=\"article:publisher\" content=\"https:\/\/www.facebook.com\/radioleinewelle\" \/>\n<meta property=\"article:author\" content=\"https:\/\/www.facebook.com\/radioleinewelle\" \/>\n<meta property=\"article:published_time\" content=\"2021-10-21T04:53:37+00:00\" \/>\n<meta property=\"og:image\" content=\"https:\/\/radioleinewelle.de\/wp-content\/uploads\/2021\/08\/police-2817132_640.jpg\" \/>\n\t<meta property=\"og:image:width\" content=\"640\" \/>\n\t<meta property=\"og:image:height\" content=\"360\" \/>\n\t<meta property=\"og:image:type\" content=\"image\/jpeg\" \/>\n<meta name=\"author\" content=\"Leinewelle\" \/>\n<meta name=\"twitter:card\" content=\"summary_large_image\" \/>\n<meta name=\"twitter:creator\" content=\"@https:\/\/twitter.com\/RLeinewelle?ref_src=twsrcgoogletwcampserptwgrauthor\" \/>\n<meta name=\"twitter:site\" content=\"@RLeinewelle\" \/>\n<meta name=\"twitter:label1\" content=\"Verfasst von\" \/>\n\t<meta name=\"twitter:data1\" content=\"Leinewelle\" \/>\n\t<meta name=\"twitter:label2\" content=\"Gesch\u00e4tzte Lesezeit\" \/>\n\t<meta name=\"twitter:data2\" content=\"3\u00a0Minuten\" \/>\n<script type=\"application\/ld+json\" class=\"yoast-schema-graph\">{\"@context\":\"https:\\\/\\\/schema.org\",\"@graph\":[{\"@type\":\"Article\",\"@id\":\"https:\\\/\\\/radioleinewelle.de\\\/index.php\\\/2021\\\/10\\\/21\\\/duderstadt-autodiebstahl-mithilfe-einer-funkstreckenverlaengerung\\\/#article\",\"isPartOf\":{\"@id\":\"https:\\\/\\\/radioleinewelle.de\\\/index.php\\\/2021\\\/10\\\/21\\\/duderstadt-autodiebstahl-mithilfe-einer-funkstreckenverlaengerung\\\/\"},\"author\":{\"name\":\"Leinewelle\",\"@id\":\"https:\\\/\\\/radioleinewelle.de\\\/#\\\/schema\\\/person\\\/45606f348637df637192dc1b68399a63\"},\"headline\":\"Duderstadt: Autodiebstahl mithilfe einer Funkstreckenverl\u00e4ngerung\",\"datePublished\":\"2021-10-21T04:53:37+00:00\",\"mainEntityOfPage\":{\"@id\":\"https:\\\/\\\/radioleinewelle.de\\\/index.php\\\/2021\\\/10\\\/21\\\/duderstadt-autodiebstahl-mithilfe-einer-funkstreckenverlaengerung\\\/\"},\"wordCount\":551,\"publisher\":{\"@id\":\"https:\\\/\\\/radioleinewelle.de\\\/#organization\"},\"image\":{\"@id\":\"https:\\\/\\\/radioleinewelle.de\\\/index.php\\\/2021\\\/10\\\/21\\\/duderstadt-autodiebstahl-mithilfe-einer-funkstreckenverlaengerung\\\/#primaryimage\"},\"thumbnailUrl\":\"https:\\\/\\\/radioleinewelle.de\\\/wp-content\\\/uploads\\\/2021\\\/08\\\/police-2817132_640.jpg\",\"keywords\":[\"Funkstreckenverl\u00e4ngerung\",\"Keyless Go Autodiebstahl\",\"Polizeiinspektion G\u00f6ttingen\"],\"inLanguage\":\"de\"},{\"@type\":\"WebPage\",\"@id\":\"https:\\\/\\\/radioleinewelle.de\\\/index.php\\\/2021\\\/10\\\/21\\\/duderstadt-autodiebstahl-mithilfe-einer-funkstreckenverlaengerung\\\/\",\"url\":\"https:\\\/\\\/radioleinewelle.de\\\/index.php\\\/2021\\\/10\\\/21\\\/duderstadt-autodiebstahl-mithilfe-einer-funkstreckenverlaengerung\\\/\",\"name\":\"Duderstadt: Autodiebstahl mithilfe einer Funkstreckenverl\u00e4ngerung - Radio Leinewelle\",\"isPartOf\":{\"@id\":\"https:\\\/\\\/radioleinewelle.de\\\/#website\"},\"primaryImageOfPage\":{\"@id\":\"https:\\\/\\\/radioleinewelle.de\\\/index.php\\\/2021\\\/10\\\/21\\\/duderstadt-autodiebstahl-mithilfe-einer-funkstreckenverlaengerung\\\/#primaryimage\"},\"image\":{\"@id\":\"https:\\\/\\\/radioleinewelle.de\\\/index.php\\\/2021\\\/10\\\/21\\\/duderstadt-autodiebstahl-mithilfe-einer-funkstreckenverlaengerung\\\/#primaryimage\"},\"thumbnailUrl\":\"https:\\\/\\\/radioleinewelle.de\\\/wp-content\\\/uploads\\\/2021\\\/08\\\/police-2817132_640.jpg\",\"datePublished\":\"2021-10-21T04:53:37+00:00\",\"breadcrumb\":{\"@id\":\"https:\\\/\\\/radioleinewelle.de\\\/index.php\\\/2021\\\/10\\\/21\\\/duderstadt-autodiebstahl-mithilfe-einer-funkstreckenverlaengerung\\\/#breadcrumb\"},\"inLanguage\":\"de\",\"potentialAction\":[{\"@type\":\"ReadAction\",\"target\":[\"https:\\\/\\\/radioleinewelle.de\\\/index.php\\\/2021\\\/10\\\/21\\\/duderstadt-autodiebstahl-mithilfe-einer-funkstreckenverlaengerung\\\/\"]}]},{\"@type\":\"ImageObject\",\"inLanguage\":\"de\",\"@id\":\"https:\\\/\\\/radioleinewelle.de\\\/index.php\\\/2021\\\/10\\\/21\\\/duderstadt-autodiebstahl-mithilfe-einer-funkstreckenverlaengerung\\\/#primaryimage\",\"url\":\"https:\\\/\\\/radioleinewelle.de\\\/wp-content\\\/uploads\\\/2021\\\/08\\\/police-2817132_640.jpg\",\"contentUrl\":\"https:\\\/\\\/radioleinewelle.de\\\/wp-content\\\/uploads\\\/2021\\\/08\\\/police-2817132_640.jpg\",\"width\":640,\"height\":360},{\"@type\":\"BreadcrumbList\",\"@id\":\"https:\\\/\\\/radioleinewelle.de\\\/index.php\\\/2021\\\/10\\\/21\\\/duderstadt-autodiebstahl-mithilfe-einer-funkstreckenverlaengerung\\\/#breadcrumb\",\"itemListElement\":[{\"@type\":\"ListItem\",\"position\":1,\"name\":\"Startseite\",\"item\":\"https:\\\/\\\/radioleinewelle.de\\\/\"},{\"@type\":\"ListItem\",\"position\":2,\"name\":\"Duderstadt: Autodiebstahl mithilfe einer Funkstreckenverl\u00e4ngerung\"}]},{\"@type\":\"WebSite\",\"@id\":\"https:\\\/\\\/radioleinewelle.de\\\/#website\",\"url\":\"https:\\\/\\\/radioleinewelle.de\\\/\",\"name\":\"Radio Leinewelle\",\"description\":\"\",\"publisher\":{\"@id\":\"https:\\\/\\\/radioleinewelle.de\\\/#organization\"},\"potentialAction\":[{\"@type\":\"SearchAction\",\"target\":{\"@type\":\"EntryPoint\",\"urlTemplate\":\"https:\\\/\\\/radioleinewelle.de\\\/?s={search_term_string}\"},\"query-input\":{\"@type\":\"PropertyValueSpecification\",\"valueRequired\":true,\"valueName\":\"search_term_string\"}}],\"inLanguage\":\"de\"},{\"@type\":\"Organization\",\"@id\":\"https:\\\/\\\/radioleinewelle.de\\\/#organization\",\"name\":\"Radio Leinewelle\",\"alternateName\":\"Mein Radio f\u00fcr S\u00fcdniedersachsen\",\"url\":\"https:\\\/\\\/radioleinewelle.de\\\/\",\"logo\":{\"@type\":\"ImageObject\",\"inLanguage\":\"de\",\"@id\":\"https:\\\/\\\/radioleinewelle.de\\\/#\\\/schema\\\/logo\\\/image\\\/\",\"url\":\"https:\\\/\\\/radioleinewelle.de\\\/wp-content\\\/uploads\\\/2023\\\/11\\\/cropped-Leinewelle_Logo_weiss.png\",\"contentUrl\":\"https:\\\/\\\/radioleinewelle.de\\\/wp-content\\\/uploads\\\/2023\\\/11\\\/cropped-Leinewelle_Logo_weiss.png\",\"width\":854,\"height\":260,\"caption\":\"Radio Leinewelle\"},\"image\":{\"@id\":\"https:\\\/\\\/radioleinewelle.de\\\/#\\\/schema\\\/logo\\\/image\\\/\"},\"sameAs\":[\"https:\\\/\\\/www.facebook.com\\\/radioleinewelle\",\"https:\\\/\\\/x.com\\\/RLeinewelle\",\"https:\\\/\\\/www.instagram.com\\\/radioleinewelle\\\/?hl=de\"]},{\"@type\":\"Person\",\"@id\":\"https:\\\/\\\/radioleinewelle.de\\\/#\\\/schema\\\/person\\\/45606f348637df637192dc1b68399a63\",\"name\":\"Leinewelle\",\"image\":{\"@type\":\"ImageObject\",\"inLanguage\":\"de\",\"@id\":\"https:\\\/\\\/secure.gravatar.com\\\/avatar\\\/05c9a17bc973052ee5d91549bd32fb4dd0dc85b7b85ae94b2e2b4943476bbea5?s=96&d=blank&r=g\",\"url\":\"https:\\\/\\\/secure.gravatar.com\\\/avatar\\\/05c9a17bc973052ee5d91549bd32fb4dd0dc85b7b85ae94b2e2b4943476bbea5?s=96&d=blank&r=g\",\"contentUrl\":\"https:\\\/\\\/secure.gravatar.com\\\/avatar\\\/05c9a17bc973052ee5d91549bd32fb4dd0dc85b7b85ae94b2e2b4943476bbea5?s=96&d=blank&r=g\",\"caption\":\"Leinewelle\"},\"sameAs\":[\"http:\\\/\\\/localhost\\\/radio%20leinewelle\\\/wordpress\",\"https:\\\/\\\/www.facebook.com\\\/radioleinewelle\",\"https:\\\/\\\/www.instagram.com\\\/radioleinewelle\",\"https:\\\/\\\/x.com\\\/https:\\\/\\\/twitter.com\\\/RLeinewelle?ref_src=twsrcgoogletwcampserptwgrauthor\",\"https:\\\/\\\/soundcloud.com\\\/foerderverein-lokalradio?utm_source=clipboard&utm_medium=text&utm_campaign=social_sharing\"],\"url\":\"https:\\\/\\\/radioleinewelle.de\\\/index.php\\\/author\\\/leinewelle\\\/\"}]}<\/script>\n<!-- \/ Yoast SEO plugin. -->","yoast_head_json":{"title":"Duderstadt: Autodiebstahl mithilfe einer Funkstreckenverl\u00e4ngerung - Radio Leinewelle","robots":{"index":"index","follow":"follow","max-snippet":"max-snippet:-1","max-image-preview":"max-image-preview:large","max-video-preview":"max-video-preview:-1"},"canonical":"https:\/\/radioleinewelle.de\/index.php\/2021\/10\/21\/duderstadt-autodiebstahl-mithilfe-einer-funkstreckenverlaengerung\/","og_locale":"de_DE","og_type":"article","og_title":"Duderstadt: Autodiebstahl mithilfe einer Funkstreckenverl\u00e4ngerung - Radio Leinewelle","og_description":"DUDERSTADT (mb) &#8211; Im Duderst\u00e4dter Ortsteil Gerblingerode haben Unbekannte in der Nacht zu Dienstag (19.10.2021) einen wei\u00dfen Audi A5 Sportback mit Duderst\u00e4dter (DUD) Zulassung gestohlen. Der Pkw war in der Stra\u00dfe &#8222;Erdfall&#8220; unter einem Carport am Wohnhaus der Eigent\u00fcmer abgestellt. In der gleichen Nacht wurde in der Stra\u00dfe &#8222;Am M\u00fchlenberg&#8220; in Nesselr\u00f6den ein schwarzer Audi [&hellip;]","og_url":"https:\/\/radioleinewelle.de\/index.php\/2021\/10\/21\/duderstadt-autodiebstahl-mithilfe-einer-funkstreckenverlaengerung\/","og_site_name":"Radio Leinewelle","article_publisher":"https:\/\/www.facebook.com\/radioleinewelle","article_author":"https:\/\/www.facebook.com\/radioleinewelle","article_published_time":"2021-10-21T04:53:37+00:00","og_image":[{"width":640,"height":360,"url":"https:\/\/radioleinewelle.de\/wp-content\/uploads\/2021\/08\/police-2817132_640.jpg","type":"image\/jpeg"}],"author":"Leinewelle","twitter_card":"summary_large_image","twitter_creator":"@https:\/\/twitter.com\/RLeinewelle?ref_src=twsrcgoogletwcampserptwgrauthor","twitter_site":"@RLeinewelle","twitter_misc":{"Verfasst von":"Leinewelle","Gesch\u00e4tzte Lesezeit":"3\u00a0Minuten"},"schema":{"@context":"https:\/\/schema.org","@graph":[{"@type":"Article","@id":"https:\/\/radioleinewelle.de\/index.php\/2021\/10\/21\/duderstadt-autodiebstahl-mithilfe-einer-funkstreckenverlaengerung\/#article","isPartOf":{"@id":"https:\/\/radioleinewelle.de\/index.php\/2021\/10\/21\/duderstadt-autodiebstahl-mithilfe-einer-funkstreckenverlaengerung\/"},"author":{"name":"Leinewelle","@id":"https:\/\/radioleinewelle.de\/#\/schema\/person\/45606f348637df637192dc1b68399a63"},"headline":"Duderstadt: Autodiebstahl mithilfe einer Funkstreckenverl\u00e4ngerung","datePublished":"2021-10-21T04:53:37+00:00","mainEntityOfPage":{"@id":"https:\/\/radioleinewelle.de\/index.php\/2021\/10\/21\/duderstadt-autodiebstahl-mithilfe-einer-funkstreckenverlaengerung\/"},"wordCount":551,"publisher":{"@id":"https:\/\/radioleinewelle.de\/#organization"},"image":{"@id":"https:\/\/radioleinewelle.de\/index.php\/2021\/10\/21\/duderstadt-autodiebstahl-mithilfe-einer-funkstreckenverlaengerung\/#primaryimage"},"thumbnailUrl":"https:\/\/radioleinewelle.de\/wp-content\/uploads\/2021\/08\/police-2817132_640.jpg","keywords":["Funkstreckenverl\u00e4ngerung","Keyless Go Autodiebstahl","Polizeiinspektion G\u00f6ttingen"],"inLanguage":"de"},{"@type":"WebPage","@id":"https:\/\/radioleinewelle.de\/index.php\/2021\/10\/21\/duderstadt-autodiebstahl-mithilfe-einer-funkstreckenverlaengerung\/","url":"https:\/\/radioleinewelle.de\/index.php\/2021\/10\/21\/duderstadt-autodiebstahl-mithilfe-einer-funkstreckenverlaengerung\/","name":"Duderstadt: Autodiebstahl mithilfe einer Funkstreckenverl\u00e4ngerung - Radio Leinewelle","isPartOf":{"@id":"https:\/\/radioleinewelle.de\/#website"},"primaryImageOfPage":{"@id":"https:\/\/radioleinewelle.de\/index.php\/2021\/10\/21\/duderstadt-autodiebstahl-mithilfe-einer-funkstreckenverlaengerung\/#primaryimage"},"image":{"@id":"https:\/\/radioleinewelle.de\/index.php\/2021\/10\/21\/duderstadt-autodiebstahl-mithilfe-einer-funkstreckenverlaengerung\/#primaryimage"},"thumbnailUrl":"https:\/\/radioleinewelle.de\/wp-content\/uploads\/2021\/08\/police-2817132_640.jpg","datePublished":"2021-10-21T04:53:37+00:00","breadcrumb":{"@id":"https:\/\/radioleinewelle.de\/index.php\/2021\/10\/21\/duderstadt-autodiebstahl-mithilfe-einer-funkstreckenverlaengerung\/#breadcrumb"},"inLanguage":"de","potentialAction":[{"@type":"ReadAction","target":["https:\/\/radioleinewelle.de\/index.php\/2021\/10\/21\/duderstadt-autodiebstahl-mithilfe-einer-funkstreckenverlaengerung\/"]}]},{"@type":"ImageObject","inLanguage":"de","@id":"https:\/\/radioleinewelle.de\/index.php\/2021\/10\/21\/duderstadt-autodiebstahl-mithilfe-einer-funkstreckenverlaengerung\/#primaryimage","url":"https:\/\/radioleinewelle.de\/wp-content\/uploads\/2021\/08\/police-2817132_640.jpg","contentUrl":"https:\/\/radioleinewelle.de\/wp-content\/uploads\/2021\/08\/police-2817132_640.jpg","width":640,"height":360},{"@type":"BreadcrumbList","@id":"https:\/\/radioleinewelle.de\/index.php\/2021\/10\/21\/duderstadt-autodiebstahl-mithilfe-einer-funkstreckenverlaengerung\/#breadcrumb","itemListElement":[{"@type":"ListItem","position":1,"name":"Startseite","item":"https:\/\/radioleinewelle.de\/"},{"@type":"ListItem","position":2,"name":"Duderstadt: Autodiebstahl mithilfe einer Funkstreckenverl\u00e4ngerung"}]},{"@type":"WebSite","@id":"https:\/\/radioleinewelle.de\/#website","url":"https:\/\/radioleinewelle.de\/","name":"Radio Leinewelle","description":"","publisher":{"@id":"https:\/\/radioleinewelle.de\/#organization"},"potentialAction":[{"@type":"SearchAction","target":{"@type":"EntryPoint","urlTemplate":"https:\/\/radioleinewelle.de\/?s={search_term_string}"},"query-input":{"@type":"PropertyValueSpecification","valueRequired":true,"valueName":"search_term_string"}}],"inLanguage":"de"},{"@type":"Organization","@id":"https:\/\/radioleinewelle.de\/#organization","name":"Radio Leinewelle","alternateName":"Mein Radio f\u00fcr S\u00fcdniedersachsen","url":"https:\/\/radioleinewelle.de\/","logo":{"@type":"ImageObject","inLanguage":"de","@id":"https:\/\/radioleinewelle.de\/#\/schema\/logo\/image\/","url":"https:\/\/radioleinewelle.de\/wp-content\/uploads\/2023\/11\/cropped-Leinewelle_Logo_weiss.png","contentUrl":"https:\/\/radioleinewelle.de\/wp-content\/uploads\/2023\/11\/cropped-Leinewelle_Logo_weiss.png","width":854,"height":260,"caption":"Radio Leinewelle"},"image":{"@id":"https:\/\/radioleinewelle.de\/#\/schema\/logo\/image\/"},"sameAs":["https:\/\/www.facebook.com\/radioleinewelle","https:\/\/x.com\/RLeinewelle","https:\/\/www.instagram.com\/radioleinewelle\/?hl=de"]},{"@type":"Person","@id":"https:\/\/radioleinewelle.de\/#\/schema\/person\/45606f348637df637192dc1b68399a63","name":"Leinewelle","image":{"@type":"ImageObject","inLanguage":"de","@id":"https:\/\/secure.gravatar.com\/avatar\/05c9a17bc973052ee5d91549bd32fb4dd0dc85b7b85ae94b2e2b4943476bbea5?s=96&d=blank&r=g","url":"https:\/\/secure.gravatar.com\/avatar\/05c9a17bc973052ee5d91549bd32fb4dd0dc85b7b85ae94b2e2b4943476bbea5?s=96&d=blank&r=g","contentUrl":"https:\/\/secure.gravatar.com\/avatar\/05c9a17bc973052ee5d91549bd32fb4dd0dc85b7b85ae94b2e2b4943476bbea5?s=96&d=blank&r=g","caption":"Leinewelle"},"sameAs":["http:\/\/localhost\/radio%20leinewelle\/wordpress","https:\/\/www.facebook.com\/radioleinewelle","https:\/\/www.instagram.com\/radioleinewelle","https:\/\/x.com\/https:\/\/twitter.com\/RLeinewelle?ref_src=twsrcgoogletwcampserptwgrauthor","https:\/\/soundcloud.com\/foerderverein-lokalradio?utm_source=clipboard&utm_medium=text&utm_campaign=social_sharing"],"url":"https:\/\/radioleinewelle.de\/index.php\/author\/leinewelle\/"}]}},"_links":{"self":[{"href":"https:\/\/radioleinewelle.de\/index.php\/wp-json\/wp\/v2\/posts\/11115","targetHints":{"allow":["GET"]}}],"collection":[{"href":"https:\/\/radioleinewelle.de\/index.php\/wp-json\/wp\/v2\/posts"}],"about":[{"href":"https:\/\/radioleinewelle.de\/index.php\/wp-json\/wp\/v2\/types\/post"}],"author":[{"embeddable":true,"href":"https:\/\/radioleinewelle.de\/index.php\/wp-json\/wp\/v2\/users\/1"}],"replies":[{"embeddable":true,"href":"https:\/\/radioleinewelle.de\/index.php\/wp-json\/wp\/v2\/comments?post=11115"}],"version-history":[{"count":0,"href":"https:\/\/radioleinewelle.de\/index.php\/wp-json\/wp\/v2\/posts\/11115\/revisions"}],"wp:featuredmedia":[{"embeddable":true,"href":"https:\/\/radioleinewelle.de\/index.php\/wp-json\/wp\/v2\/media\/10261"}],"wp:attachment":[{"href":"https:\/\/radioleinewelle.de\/index.php\/wp-json\/wp\/v2\/media?parent=11115"}],"wp:term":[{"taxonomy":"category","embeddable":true,"href":"https:\/\/radioleinewelle.de\/index.php\/wp-json\/wp\/v2\/categories?post=11115"},{"taxonomy":"post_tag","embeddable":true,"href":"https:\/\/radioleinewelle.de\/index.php\/wp-json\/wp\/v2\/tags?post=11115"}],"curies":[{"name":"wp","href":"https:\/\/api.w.org\/{rel}","templated":true}]}}