{"id":11121,"date":"2021-10-22T07:28:37","date_gmt":"2021-10-22T05:28:37","guid":{"rendered":"https:\/\/radioleinewelle.de\/?p=11121"},"modified":"2021-10-22T07:28:37","modified_gmt":"2021-10-22T05:28:37","slug":"riskantes-ueberholmanoever-gefaehrdet-verkehrsteilnehmer","status":"publish","type":"post","link":"https:\/\/radioleinewelle.de\/index.php\/2021\/10\/22\/riskantes-ueberholmanoever-gefaehrdet-verkehrsteilnehmer\/","title":{"rendered":"Riskantes \u00dcberholman\u00f6ver gef\u00e4hrdet Verkehrsteilnehmer"},"content":{"rendered":"\n<p>ROSDORF (mb) &#8211; Weil der bisher unbekannte Fahrer eines schwarzen VW Bora einen anderen Verkehrsteilnehmer bei einem riskanten \u00dcberholman\u00f6ver am vergangenen Freitag (15.10.2021) auf der K 29 bei Niedernjesa gef\u00e4hrdet hat, sucht die Polizei Friedland nach weiteren Zeugen des Vorfalls.<\/p>\n\n\n\n<p>Ersten Erkenntnissen zufolge hatte der VW-Fahrer auf der K 29 in einer Linkskurve zwischen dem &#8222;Wartbergkreisel&#8220; und Niedernjesa einen grauen Skoda Octavia Kombi trotz \u00dcberholverbot und Gegenverkehr \u00fcberholt. Hierbei musste der Skoda-Fahrer sein Fahrzeug stark abbremsen, um einen Frontalzusammensto\u00df zwischen dem VW und einem entgegenkommenden unbekannten silbergrauen Kombi zu verhindern.<\/p>\n\n\n\n<p>Die Polizei ermittelt nun wegen des Verdachts der Stra\u00dfenverkehrsgef\u00e4hrdung. Hierzu sind die Beamten auf der Suche nach dem entgegenkommenden Pkw-Fahrer, welcher zur Vorfallszeit aus Richtung Niedernjesa in Richtung &#8222;Wartbergkreisel&#8220; gefahren ist.<\/p>\n\n\n\n<p>Der Fahrer sowie weitere Zeugen werden gebeten, sich unter der Telefonnummer 05504\/93790-0 bei der Polizei in Friedland zu melden.<\/p>\n","protected":false},"excerpt":{"rendered":"<p>ROSDORF (mb) &#8211; Weil der bisher unbekannte Fahrer eines schwarzen VW Bora einen anderen Verkehrsteilnehmer bei einem riskanten \u00dcberholman\u00f6ver am vergangenen Freitag (15.10.2021) auf der K 29 bei Niedernjesa gef\u00e4hrdet hat, sucht die Polizei Friedland nach weiteren Zeugen des Vorfalls. Ersten Erkenntnissen zufolge hatte der VW-Fahrer auf der K 29 in einer Linkskurve zwischen dem [&hellip;]<\/p>\n","protected":false},"author":1,"featured_media":10261,"comment_status":"closed","ping_status":"closed","sticky":false,"template":"","format":"standard","meta":{"saved_in_kubio":false,"footnotes":""},"categories":[24],"tags":[2361,349,2362],"class_list":["post-11121","post","type-post","status-publish","format-standard","has-post-thumbnail","hentry","category-news","tag-polizei-friedland","tag-polizeiinspektion-goettingen","tag-strassenverkehrsgefaehrdung"],"yoast_head":"<!-- This site is optimized with the Yoast SEO plugin v27.5 - https:\/\/yoast.com\/product\/yoast-seo-wordpress\/ -->\n<title>Riskantes \u00dcberholman\u00f6ver gef\u00e4hrdet Verkehrsteilnehmer - Radio Leinewelle<\/title>\n<meta name=\"robots\" content=\"index, follow, max-snippet:-1, max-image-preview:large, max-video-preview:-1\" \/>\n<link rel=\"canonical\" href=\"https:\/\/radioleinewelle.de\/index.php\/2021\/10\/22\/riskantes-ueberholmanoever-gefaehrdet-verkehrsteilnehmer\/\" \/>\n<meta property=\"og:locale\" content=\"de_DE\" \/>\n<meta property=\"og:type\" content=\"article\" \/>\n<meta property=\"og:title\" content=\"Riskantes \u00dcberholman\u00f6ver gef\u00e4hrdet Verkehrsteilnehmer - Radio Leinewelle\" \/>\n<meta property=\"og:description\" content=\"ROSDORF (mb) &#8211; Weil der bisher unbekannte Fahrer eines schwarzen VW Bora einen anderen Verkehrsteilnehmer bei einem riskanten \u00dcberholman\u00f6ver am vergangenen Freitag (15.10.2021) auf der K 29 bei Niedernjesa gef\u00e4hrdet hat, sucht die Polizei Friedland nach weiteren Zeugen des Vorfalls. Ersten Erkenntnissen zufolge hatte der VW-Fahrer auf der K 29 in einer Linkskurve zwischen dem [&hellip;]\" \/>\n<meta property=\"og:url\" content=\"https:\/\/radioleinewelle.de\/index.php\/2021\/10\/22\/riskantes-ueberholmanoever-gefaehrdet-verkehrsteilnehmer\/\" \/>\n<meta property=\"og:site_name\" content=\"Radio Leinewelle\" \/>\n<meta property=\"article:publisher\" content=\"https:\/\/www.facebook.com\/radioleinewelle\" \/>\n<meta property=\"article:author\" content=\"https:\/\/www.facebook.com\/radioleinewelle\" \/>\n<meta property=\"article:published_time\" content=\"2021-10-22T05:28:37+00:00\" \/>\n<meta property=\"og:image\" content=\"https:\/\/radioleinewelle.de\/wp-content\/uploads\/2021\/08\/police-2817132_640.jpg\" \/>\n\t<meta property=\"og:image:width\" content=\"640\" \/>\n\t<meta property=\"og:image:height\" content=\"360\" \/>\n\t<meta property=\"og:image:type\" content=\"image\/jpeg\" \/>\n<meta name=\"author\" content=\"Leinewelle\" \/>\n<meta name=\"twitter:card\" content=\"summary_large_image\" \/>\n<meta name=\"twitter:creator\" content=\"@https:\/\/twitter.com\/RLeinewelle?ref_src=twsrcgoogletwcampserptwgrauthor\" \/>\n<meta name=\"twitter:site\" content=\"@RLeinewelle\" \/>\n<meta name=\"twitter:label1\" content=\"Verfasst von\" \/>\n\t<meta name=\"twitter:data1\" content=\"Leinewelle\" \/>\n\t<meta name=\"twitter:label2\" content=\"Gesch\u00e4tzte Lesezeit\" \/>\n\t<meta name=\"twitter:data2\" content=\"1\u00a0Minute\" \/>\n<script type=\"application\/ld+json\" class=\"yoast-schema-graph\">{\"@context\":\"https:\\\/\\\/schema.org\",\"@graph\":[{\"@type\":\"Article\",\"@id\":\"https:\\\/\\\/radioleinewelle.de\\\/index.php\\\/2021\\\/10\\\/22\\\/riskantes-ueberholmanoever-gefaehrdet-verkehrsteilnehmer\\\/#article\",\"isPartOf\":{\"@id\":\"https:\\\/\\\/radioleinewelle.de\\\/index.php\\\/2021\\\/10\\\/22\\\/riskantes-ueberholmanoever-gefaehrdet-verkehrsteilnehmer\\\/\"},\"author\":{\"name\":\"Leinewelle\",\"@id\":\"https:\\\/\\\/radioleinewelle.de\\\/#\\\/schema\\\/person\\\/45606f348637df637192dc1b68399a63\"},\"headline\":\"Riskantes \u00dcberholman\u00f6ver gef\u00e4hrdet Verkehrsteilnehmer\",\"datePublished\":\"2021-10-22T05:28:37+00:00\",\"mainEntityOfPage\":{\"@id\":\"https:\\\/\\\/radioleinewelle.de\\\/index.php\\\/2021\\\/10\\\/22\\\/riskantes-ueberholmanoever-gefaehrdet-verkehrsteilnehmer\\\/\"},\"wordCount\":147,\"publisher\":{\"@id\":\"https:\\\/\\\/radioleinewelle.de\\\/#organization\"},\"image\":{\"@id\":\"https:\\\/\\\/radioleinewelle.de\\\/index.php\\\/2021\\\/10\\\/22\\\/riskantes-ueberholmanoever-gefaehrdet-verkehrsteilnehmer\\\/#primaryimage\"},\"thumbnailUrl\":\"https:\\\/\\\/radioleinewelle.de\\\/wp-content\\\/uploads\\\/2021\\\/08\\\/police-2817132_640.jpg\",\"keywords\":[\"Polizei Friedland\",\"Polizeiinspektion G\u00f6ttingen\",\"Stra\u00dfenverkehrsgef\u00e4hrdung\"],\"articleSection\":[\"Aktuelle Nachrichten\"],\"inLanguage\":\"de\"},{\"@type\":\"WebPage\",\"@id\":\"https:\\\/\\\/radioleinewelle.de\\\/index.php\\\/2021\\\/10\\\/22\\\/riskantes-ueberholmanoever-gefaehrdet-verkehrsteilnehmer\\\/\",\"url\":\"https:\\\/\\\/radioleinewelle.de\\\/index.php\\\/2021\\\/10\\\/22\\\/riskantes-ueberholmanoever-gefaehrdet-verkehrsteilnehmer\\\/\",\"name\":\"Riskantes \u00dcberholman\u00f6ver gef\u00e4hrdet Verkehrsteilnehmer - Radio Leinewelle\",\"isPartOf\":{\"@id\":\"https:\\\/\\\/radioleinewelle.de\\\/#website\"},\"primaryImageOfPage\":{\"@id\":\"https:\\\/\\\/radioleinewelle.de\\\/index.php\\\/2021\\\/10\\\/22\\\/riskantes-ueberholmanoever-gefaehrdet-verkehrsteilnehmer\\\/#primaryimage\"},\"image\":{\"@id\":\"https:\\\/\\\/radioleinewelle.de\\\/index.php\\\/2021\\\/10\\\/22\\\/riskantes-ueberholmanoever-gefaehrdet-verkehrsteilnehmer\\\/#primaryimage\"},\"thumbnailUrl\":\"https:\\\/\\\/radioleinewelle.de\\\/wp-content\\\/uploads\\\/2021\\\/08\\\/police-2817132_640.jpg\",\"datePublished\":\"2021-10-22T05:28:37+00:00\",\"breadcrumb\":{\"@id\":\"https:\\\/\\\/radioleinewelle.de\\\/index.php\\\/2021\\\/10\\\/22\\\/riskantes-ueberholmanoever-gefaehrdet-verkehrsteilnehmer\\\/#breadcrumb\"},\"inLanguage\":\"de\",\"potentialAction\":[{\"@type\":\"ReadAction\",\"target\":[\"https:\\\/\\\/radioleinewelle.de\\\/index.php\\\/2021\\\/10\\\/22\\\/riskantes-ueberholmanoever-gefaehrdet-verkehrsteilnehmer\\\/\"]}]},{\"@type\":\"ImageObject\",\"inLanguage\":\"de\",\"@id\":\"https:\\\/\\\/radioleinewelle.de\\\/index.php\\\/2021\\\/10\\\/22\\\/riskantes-ueberholmanoever-gefaehrdet-verkehrsteilnehmer\\\/#primaryimage\",\"url\":\"https:\\\/\\\/radioleinewelle.de\\\/wp-content\\\/uploads\\\/2021\\\/08\\\/police-2817132_640.jpg\",\"contentUrl\":\"https:\\\/\\\/radioleinewelle.de\\\/wp-content\\\/uploads\\\/2021\\\/08\\\/police-2817132_640.jpg\",\"width\":640,\"height\":360},{\"@type\":\"BreadcrumbList\",\"@id\":\"https:\\\/\\\/radioleinewelle.de\\\/index.php\\\/2021\\\/10\\\/22\\\/riskantes-ueberholmanoever-gefaehrdet-verkehrsteilnehmer\\\/#breadcrumb\",\"itemListElement\":[{\"@type\":\"ListItem\",\"position\":1,\"name\":\"Startseite\",\"item\":\"https:\\\/\\\/radioleinewelle.de\\\/\"},{\"@type\":\"ListItem\",\"position\":2,\"name\":\"Riskantes \u00dcberholman\u00f6ver gef\u00e4hrdet Verkehrsteilnehmer\"}]},{\"@type\":\"WebSite\",\"@id\":\"https:\\\/\\\/radioleinewelle.de\\\/#website\",\"url\":\"https:\\\/\\\/radioleinewelle.de\\\/\",\"name\":\"Radio Leinewelle\",\"description\":\"\",\"publisher\":{\"@id\":\"https:\\\/\\\/radioleinewelle.de\\\/#organization\"},\"potentialAction\":[{\"@type\":\"SearchAction\",\"target\":{\"@type\":\"EntryPoint\",\"urlTemplate\":\"https:\\\/\\\/radioleinewelle.de\\\/?s={search_term_string}\"},\"query-input\":{\"@type\":\"PropertyValueSpecification\",\"valueRequired\":true,\"valueName\":\"search_term_string\"}}],\"inLanguage\":\"de\"},{\"@type\":\"Organization\",\"@id\":\"https:\\\/\\\/radioleinewelle.de\\\/#organization\",\"name\":\"Radio Leinewelle\",\"alternateName\":\"Mein Radio f\u00fcr S\u00fcdniedersachsen\",\"url\":\"https:\\\/\\\/radioleinewelle.de\\\/\",\"logo\":{\"@type\":\"ImageObject\",\"inLanguage\":\"de\",\"@id\":\"https:\\\/\\\/radioleinewelle.de\\\/#\\\/schema\\\/logo\\\/image\\\/\",\"url\":\"https:\\\/\\\/radioleinewelle.de\\\/wp-content\\\/uploads\\\/2023\\\/11\\\/cropped-Leinewelle_Logo_weiss.png\",\"contentUrl\":\"https:\\\/\\\/radioleinewelle.de\\\/wp-content\\\/uploads\\\/2023\\\/11\\\/cropped-Leinewelle_Logo_weiss.png\",\"width\":854,\"height\":260,\"caption\":\"Radio Leinewelle\"},\"image\":{\"@id\":\"https:\\\/\\\/radioleinewelle.de\\\/#\\\/schema\\\/logo\\\/image\\\/\"},\"sameAs\":[\"https:\\\/\\\/www.facebook.com\\\/radioleinewelle\",\"https:\\\/\\\/x.com\\\/RLeinewelle\",\"https:\\\/\\\/www.instagram.com\\\/radioleinewelle\\\/?hl=de\"]},{\"@type\":\"Person\",\"@id\":\"https:\\\/\\\/radioleinewelle.de\\\/#\\\/schema\\\/person\\\/45606f348637df637192dc1b68399a63\",\"name\":\"Leinewelle\",\"image\":{\"@type\":\"ImageObject\",\"inLanguage\":\"de\",\"@id\":\"https:\\\/\\\/secure.gravatar.com\\\/avatar\\\/05c9a17bc973052ee5d91549bd32fb4dd0dc85b7b85ae94b2e2b4943476bbea5?s=96&d=blank&r=g\",\"url\":\"https:\\\/\\\/secure.gravatar.com\\\/avatar\\\/05c9a17bc973052ee5d91549bd32fb4dd0dc85b7b85ae94b2e2b4943476bbea5?s=96&d=blank&r=g\",\"contentUrl\":\"https:\\\/\\\/secure.gravatar.com\\\/avatar\\\/05c9a17bc973052ee5d91549bd32fb4dd0dc85b7b85ae94b2e2b4943476bbea5?s=96&d=blank&r=g\",\"caption\":\"Leinewelle\"},\"sameAs\":[\"http:\\\/\\\/localhost\\\/radio%20leinewelle\\\/wordpress\",\"https:\\\/\\\/www.facebook.com\\\/radioleinewelle\",\"https:\\\/\\\/www.instagram.com\\\/radioleinewelle\",\"https:\\\/\\\/x.com\\\/https:\\\/\\\/twitter.com\\\/RLeinewelle?ref_src=twsrcgoogletwcampserptwgrauthor\",\"https:\\\/\\\/soundcloud.com\\\/foerderverein-lokalradio?utm_source=clipboard&utm_medium=text&utm_campaign=social_sharing\"],\"url\":\"https:\\\/\\\/radioleinewelle.de\\\/index.php\\\/author\\\/leinewelle\\\/\"}]}<\/script>\n<!-- \/ Yoast SEO plugin. -->","yoast_head_json":{"title":"Riskantes \u00dcberholman\u00f6ver gef\u00e4hrdet Verkehrsteilnehmer - Radio Leinewelle","robots":{"index":"index","follow":"follow","max-snippet":"max-snippet:-1","max-image-preview":"max-image-preview:large","max-video-preview":"max-video-preview:-1"},"canonical":"https:\/\/radioleinewelle.de\/index.php\/2021\/10\/22\/riskantes-ueberholmanoever-gefaehrdet-verkehrsteilnehmer\/","og_locale":"de_DE","og_type":"article","og_title":"Riskantes \u00dcberholman\u00f6ver gef\u00e4hrdet Verkehrsteilnehmer - Radio Leinewelle","og_description":"ROSDORF (mb) &#8211; Weil der bisher unbekannte Fahrer eines schwarzen VW Bora einen anderen Verkehrsteilnehmer bei einem riskanten \u00dcberholman\u00f6ver am vergangenen Freitag (15.10.2021) auf der K 29 bei Niedernjesa gef\u00e4hrdet hat, sucht die Polizei Friedland nach weiteren Zeugen des Vorfalls. Ersten Erkenntnissen zufolge hatte der VW-Fahrer auf der K 29 in einer Linkskurve zwischen dem [&hellip;]","og_url":"https:\/\/radioleinewelle.de\/index.php\/2021\/10\/22\/riskantes-ueberholmanoever-gefaehrdet-verkehrsteilnehmer\/","og_site_name":"Radio Leinewelle","article_publisher":"https:\/\/www.facebook.com\/radioleinewelle","article_author":"https:\/\/www.facebook.com\/radioleinewelle","article_published_time":"2021-10-22T05:28:37+00:00","og_image":[{"width":640,"height":360,"url":"https:\/\/radioleinewelle.de\/wp-content\/uploads\/2021\/08\/police-2817132_640.jpg","type":"image\/jpeg"}],"author":"Leinewelle","twitter_card":"summary_large_image","twitter_creator":"@https:\/\/twitter.com\/RLeinewelle?ref_src=twsrcgoogletwcampserptwgrauthor","twitter_site":"@RLeinewelle","twitter_misc":{"Verfasst von":"Leinewelle","Gesch\u00e4tzte Lesezeit":"1\u00a0Minute"},"schema":{"@context":"https:\/\/schema.org","@graph":[{"@type":"Article","@id":"https:\/\/radioleinewelle.de\/index.php\/2021\/10\/22\/riskantes-ueberholmanoever-gefaehrdet-verkehrsteilnehmer\/#article","isPartOf":{"@id":"https:\/\/radioleinewelle.de\/index.php\/2021\/10\/22\/riskantes-ueberholmanoever-gefaehrdet-verkehrsteilnehmer\/"},"author":{"name":"Leinewelle","@id":"https:\/\/radioleinewelle.de\/#\/schema\/person\/45606f348637df637192dc1b68399a63"},"headline":"Riskantes \u00dcberholman\u00f6ver gef\u00e4hrdet Verkehrsteilnehmer","datePublished":"2021-10-22T05:28:37+00:00","mainEntityOfPage":{"@id":"https:\/\/radioleinewelle.de\/index.php\/2021\/10\/22\/riskantes-ueberholmanoever-gefaehrdet-verkehrsteilnehmer\/"},"wordCount":147,"publisher":{"@id":"https:\/\/radioleinewelle.de\/#organization"},"image":{"@id":"https:\/\/radioleinewelle.de\/index.php\/2021\/10\/22\/riskantes-ueberholmanoever-gefaehrdet-verkehrsteilnehmer\/#primaryimage"},"thumbnailUrl":"https:\/\/radioleinewelle.de\/wp-content\/uploads\/2021\/08\/police-2817132_640.jpg","keywords":["Polizei Friedland","Polizeiinspektion G\u00f6ttingen","Stra\u00dfenverkehrsgef\u00e4hrdung"],"articleSection":["Aktuelle Nachrichten"],"inLanguage":"de"},{"@type":"WebPage","@id":"https:\/\/radioleinewelle.de\/index.php\/2021\/10\/22\/riskantes-ueberholmanoever-gefaehrdet-verkehrsteilnehmer\/","url":"https:\/\/radioleinewelle.de\/index.php\/2021\/10\/22\/riskantes-ueberholmanoever-gefaehrdet-verkehrsteilnehmer\/","name":"Riskantes \u00dcberholman\u00f6ver gef\u00e4hrdet Verkehrsteilnehmer - Radio Leinewelle","isPartOf":{"@id":"https:\/\/radioleinewelle.de\/#website"},"primaryImageOfPage":{"@id":"https:\/\/radioleinewelle.de\/index.php\/2021\/10\/22\/riskantes-ueberholmanoever-gefaehrdet-verkehrsteilnehmer\/#primaryimage"},"image":{"@id":"https:\/\/radioleinewelle.de\/index.php\/2021\/10\/22\/riskantes-ueberholmanoever-gefaehrdet-verkehrsteilnehmer\/#primaryimage"},"thumbnailUrl":"https:\/\/radioleinewelle.de\/wp-content\/uploads\/2021\/08\/police-2817132_640.jpg","datePublished":"2021-10-22T05:28:37+00:00","breadcrumb":{"@id":"https:\/\/radioleinewelle.de\/index.php\/2021\/10\/22\/riskantes-ueberholmanoever-gefaehrdet-verkehrsteilnehmer\/#breadcrumb"},"inLanguage":"de","potentialAction":[{"@type":"ReadAction","target":["https:\/\/radioleinewelle.de\/index.php\/2021\/10\/22\/riskantes-ueberholmanoever-gefaehrdet-verkehrsteilnehmer\/"]}]},{"@type":"ImageObject","inLanguage":"de","@id":"https:\/\/radioleinewelle.de\/index.php\/2021\/10\/22\/riskantes-ueberholmanoever-gefaehrdet-verkehrsteilnehmer\/#primaryimage","url":"https:\/\/radioleinewelle.de\/wp-content\/uploads\/2021\/08\/police-2817132_640.jpg","contentUrl":"https:\/\/radioleinewelle.de\/wp-content\/uploads\/2021\/08\/police-2817132_640.jpg","width":640,"height":360},{"@type":"BreadcrumbList","@id":"https:\/\/radioleinewelle.de\/index.php\/2021\/10\/22\/riskantes-ueberholmanoever-gefaehrdet-verkehrsteilnehmer\/#breadcrumb","itemListElement":[{"@type":"ListItem","position":1,"name":"Startseite","item":"https:\/\/radioleinewelle.de\/"},{"@type":"ListItem","position":2,"name":"Riskantes \u00dcberholman\u00f6ver gef\u00e4hrdet Verkehrsteilnehmer"}]},{"@type":"WebSite","@id":"https:\/\/radioleinewelle.de\/#website","url":"https:\/\/radioleinewelle.de\/","name":"Radio Leinewelle","description":"","publisher":{"@id":"https:\/\/radioleinewelle.de\/#organization"},"potentialAction":[{"@type":"SearchAction","target":{"@type":"EntryPoint","urlTemplate":"https:\/\/radioleinewelle.de\/?s={search_term_string}"},"query-input":{"@type":"PropertyValueSpecification","valueRequired":true,"valueName":"search_term_string"}}],"inLanguage":"de"},{"@type":"Organization","@id":"https:\/\/radioleinewelle.de\/#organization","name":"Radio Leinewelle","alternateName":"Mein Radio f\u00fcr S\u00fcdniedersachsen","url":"https:\/\/radioleinewelle.de\/","logo":{"@type":"ImageObject","inLanguage":"de","@id":"https:\/\/radioleinewelle.de\/#\/schema\/logo\/image\/","url":"https:\/\/radioleinewelle.de\/wp-content\/uploads\/2023\/11\/cropped-Leinewelle_Logo_weiss.png","contentUrl":"https:\/\/radioleinewelle.de\/wp-content\/uploads\/2023\/11\/cropped-Leinewelle_Logo_weiss.png","width":854,"height":260,"caption":"Radio Leinewelle"},"image":{"@id":"https:\/\/radioleinewelle.de\/#\/schema\/logo\/image\/"},"sameAs":["https:\/\/www.facebook.com\/radioleinewelle","https:\/\/x.com\/RLeinewelle","https:\/\/www.instagram.com\/radioleinewelle\/?hl=de"]},{"@type":"Person","@id":"https:\/\/radioleinewelle.de\/#\/schema\/person\/45606f348637df637192dc1b68399a63","name":"Leinewelle","image":{"@type":"ImageObject","inLanguage":"de","@id":"https:\/\/secure.gravatar.com\/avatar\/05c9a17bc973052ee5d91549bd32fb4dd0dc85b7b85ae94b2e2b4943476bbea5?s=96&d=blank&r=g","url":"https:\/\/secure.gravatar.com\/avatar\/05c9a17bc973052ee5d91549bd32fb4dd0dc85b7b85ae94b2e2b4943476bbea5?s=96&d=blank&r=g","contentUrl":"https:\/\/secure.gravatar.com\/avatar\/05c9a17bc973052ee5d91549bd32fb4dd0dc85b7b85ae94b2e2b4943476bbea5?s=96&d=blank&r=g","caption":"Leinewelle"},"sameAs":["http:\/\/localhost\/radio%20leinewelle\/wordpress","https:\/\/www.facebook.com\/radioleinewelle","https:\/\/www.instagram.com\/radioleinewelle","https:\/\/x.com\/https:\/\/twitter.com\/RLeinewelle?ref_src=twsrcgoogletwcampserptwgrauthor","https:\/\/soundcloud.com\/foerderverein-lokalradio?utm_source=clipboard&utm_medium=text&utm_campaign=social_sharing"],"url":"https:\/\/radioleinewelle.de\/index.php\/author\/leinewelle\/"}]}},"_links":{"self":[{"href":"https:\/\/radioleinewelle.de\/index.php\/wp-json\/wp\/v2\/posts\/11121","targetHints":{"allow":["GET"]}}],"collection":[{"href":"https:\/\/radioleinewelle.de\/index.php\/wp-json\/wp\/v2\/posts"}],"about":[{"href":"https:\/\/radioleinewelle.de\/index.php\/wp-json\/wp\/v2\/types\/post"}],"author":[{"embeddable":true,"href":"https:\/\/radioleinewelle.de\/index.php\/wp-json\/wp\/v2\/users\/1"}],"replies":[{"embeddable":true,"href":"https:\/\/radioleinewelle.de\/index.php\/wp-json\/wp\/v2\/comments?post=11121"}],"version-history":[{"count":0,"href":"https:\/\/radioleinewelle.de\/index.php\/wp-json\/wp\/v2\/posts\/11121\/revisions"}],"wp:featuredmedia":[{"embeddable":true,"href":"https:\/\/radioleinewelle.de\/index.php\/wp-json\/wp\/v2\/media\/10261"}],"wp:attachment":[{"href":"https:\/\/radioleinewelle.de\/index.php\/wp-json\/wp\/v2\/media?parent=11121"}],"wp:term":[{"taxonomy":"category","embeddable":true,"href":"https:\/\/radioleinewelle.de\/index.php\/wp-json\/wp\/v2\/categories?post=11121"},{"taxonomy":"post_tag","embeddable":true,"href":"https:\/\/radioleinewelle.de\/index.php\/wp-json\/wp\/v2\/tags?post=11121"}],"curies":[{"name":"wp","href":"https:\/\/api.w.org\/{rel}","templated":true}]}}