{"id":11220,"date":"2021-10-27T05:38:10","date_gmt":"2021-10-27T03:38:10","guid":{"rendered":"https:\/\/radioleinewelle.de\/?p=11220"},"modified":"2021-10-27T05:38:10","modified_gmt":"2021-10-27T03:38:10","slug":"von-nonnen-pastoren-und-baudenkmaelern-kirchen-und-kloester-in-osterode","status":"publish","type":"post","link":"https:\/\/radioleinewelle.de\/index.php\/2021\/10\/27\/von-nonnen-pastoren-und-baudenkmaelern-kirchen-und-kloester-in-osterode\/","title":{"rendered":"Von Nonnen, Pastoren und Baudenkm\u00e4lern \u2013 Kirchen und Kl\u00f6ster in Osterode"},"content":{"rendered":"\n<p>Am 31. Oktober l\u00e4dt die Touristinformation Osterode am Harz zu einer Themenf\u00fchrung &nbsp;\u201eKirchen und Kl\u00f6ster\u201c ein. Interessierte k\u00f6nnen sich die St. Jacobi-Schlosskirche, die Marienkirche und die St. Aegidien-Marktkirche zeigen lassen. Bei der F\u00fchrung erfahren sie, wer die Namensgeber der Osteroder Kirchen waren. Au\u00dferdem werden die G\u00e4ste vom Leben der Nonnen im Osteroder Kloster, von den K\u00e4mpfen der Reformationszeit und von der Entwicklung der Kirchengemeinden h\u00f6ren. Kunstvolle Alt\u00e4re und Epitaphien, die an bedeutende Osteroder Pers\u00f6nlichkeiten erinnern, zeigt und erl\u00e4utert der Stadtf\u00fchrer. Auf dem 1 \u00bd st\u00fcndigen Rundgang werden historische Kirchengem\u00e4uer erkundet und deren Geschichte dargestellt. Die F\u00fchrung beginnt um 11.00 Uhr vor der Touristinformation.&nbsp;Eine Anmeldung bis zum 29. Oktober um 13.00 Uhr in der Touristinformation Tel. 05522 318-332 oder per E-Mail unter&nbsp;<a href=\"mailto:touristinfo@osterode.de\">touristinfo@osterode.de<\/a>&nbsp;ist zur Teilnahme erforderlich.&nbsp;F\u00fcr jede teilnehmende Person ist das Tragen einer Mund-Nasen-Bedeckung in den Kirchen Pflicht. Ein Abstand von mindestens 1,5 m untereinander ist einzuhalten.<\/p>\n\n\n\n<p>Foto: \u00a9Radio Leinewelle (ue)<\/p>\n","protected":false},"excerpt":{"rendered":"<p>Am 31. Oktober l\u00e4dt die Touristinformation Osterode am Harz zu einer Themenf\u00fchrung &nbsp;\u201eKirchen und Kl\u00f6ster\u201c ein. Interessierte k\u00f6nnen sich die St. Jacobi-Schlosskirche, die Marienkirche und die St. Aegidien-Marktkirche zeigen lassen. Bei der F\u00fchrung erfahren sie, wer die Namensgeber der Osteroder Kirchen waren. Au\u00dferdem werden die G\u00e4ste vom Leben der Nonnen im Osteroder Kloster, von den [&hellip;]<\/p>\n","protected":false},"author":1,"featured_media":11222,"comment_status":"closed","ping_status":"closed","sticky":false,"template":"","format":"standard","meta":{"saved_in_kubio":false,"footnotes":""},"categories":[42],"tags":[2400,2401],"class_list":["post-11220","post","type-post","status-publish","format-standard","has-post-thumbnail","hentry","category-regionaler-tourismus","tag-kirchen-und-kloester-in-osterode","tag-stadtfuehrung-osterode"],"yoast_head":"<!-- This site is optimized with the Yoast SEO plugin v27.4 - https:\/\/yoast.com\/product\/yoast-seo-wordpress\/ -->\n<title>Von Nonnen, Pastoren und Baudenkm\u00e4lern \u2013 Kirchen und Kl\u00f6ster in Osterode - Radio Leinewelle<\/title>\n<meta name=\"robots\" content=\"index, follow, max-snippet:-1, max-image-preview:large, max-video-preview:-1\" \/>\n<link rel=\"canonical\" href=\"https:\/\/radioleinewelle.de\/index.php\/2021\/10\/27\/von-nonnen-pastoren-und-baudenkmaelern-kirchen-und-kloester-in-osterode\/\" \/>\n<meta property=\"og:locale\" content=\"de_DE\" \/>\n<meta property=\"og:type\" content=\"article\" \/>\n<meta property=\"og:title\" content=\"Von Nonnen, Pastoren und Baudenkm\u00e4lern \u2013 Kirchen und Kl\u00f6ster in Osterode - Radio Leinewelle\" \/>\n<meta property=\"og:description\" content=\"Am 31. Oktober l\u00e4dt die Touristinformation Osterode am Harz zu einer Themenf\u00fchrung &nbsp;\u201eKirchen und Kl\u00f6ster\u201c ein. Interessierte k\u00f6nnen sich die St. Jacobi-Schlosskirche, die Marienkirche und die St. Aegidien-Marktkirche zeigen lassen. Bei der F\u00fchrung erfahren sie, wer die Namensgeber der Osteroder Kirchen waren. Au\u00dferdem werden die G\u00e4ste vom Leben der Nonnen im Osteroder Kloster, von den [&hellip;]\" \/>\n<meta property=\"og:url\" content=\"https:\/\/radioleinewelle.de\/index.php\/2021\/10\/27\/von-nonnen-pastoren-und-baudenkmaelern-kirchen-und-kloester-in-osterode\/\" \/>\n<meta property=\"og:site_name\" content=\"Radio Leinewelle\" \/>\n<meta property=\"article:publisher\" content=\"https:\/\/www.facebook.com\/radioleinewelle\" \/>\n<meta property=\"article:author\" content=\"https:\/\/www.facebook.com\/radioleinewelle\" \/>\n<meta property=\"article:published_time\" content=\"2021-10-27T03:38:10+00:00\" \/>\n<meta property=\"og:image\" content=\"https:\/\/radioleinewelle.de\/wp-content\/uploads\/2021\/10\/Kirche-Osterode-ue-e1667552580930.jpg\" \/>\n\t<meta property=\"og:image:width\" content=\"718\" \/>\n\t<meta property=\"og:image:height\" content=\"456\" \/>\n\t<meta property=\"og:image:type\" content=\"image\/jpeg\" \/>\n<meta name=\"author\" content=\"Leinewelle\" \/>\n<meta name=\"twitter:card\" content=\"summary_large_image\" \/>\n<meta name=\"twitter:creator\" content=\"@https:\/\/twitter.com\/RLeinewelle?ref_src=twsrcgoogletwcampserptwgrauthor\" \/>\n<meta name=\"twitter:site\" content=\"@RLeinewelle\" \/>\n<meta name=\"twitter:label1\" content=\"Verfasst von\" \/>\n\t<meta name=\"twitter:data1\" content=\"Leinewelle\" \/>\n\t<meta name=\"twitter:label2\" content=\"Gesch\u00e4tzte Lesezeit\" \/>\n\t<meta name=\"twitter:data2\" content=\"1\u00a0Minute\" \/>\n<script type=\"application\/ld+json\" class=\"yoast-schema-graph\">{\"@context\":\"https:\\\/\\\/schema.org\",\"@graph\":[{\"@type\":\"Article\",\"@id\":\"https:\\\/\\\/radioleinewelle.de\\\/index.php\\\/2021\\\/10\\\/27\\\/von-nonnen-pastoren-und-baudenkmaelern-kirchen-und-kloester-in-osterode\\\/#article\",\"isPartOf\":{\"@id\":\"https:\\\/\\\/radioleinewelle.de\\\/index.php\\\/2021\\\/10\\\/27\\\/von-nonnen-pastoren-und-baudenkmaelern-kirchen-und-kloester-in-osterode\\\/\"},\"author\":{\"name\":\"Leinewelle\",\"@id\":\"https:\\\/\\\/radioleinewelle.de\\\/#\\\/schema\\\/person\\\/45606f348637df637192dc1b68399a63\"},\"headline\":\"Von Nonnen, Pastoren und Baudenkm\u00e4lern \u2013 Kirchen und Kl\u00f6ster in Osterode\",\"datePublished\":\"2021-10-27T03:38:10+00:00\",\"mainEntityOfPage\":{\"@id\":\"https:\\\/\\\/radioleinewelle.de\\\/index.php\\\/2021\\\/10\\\/27\\\/von-nonnen-pastoren-und-baudenkmaelern-kirchen-und-kloester-in-osterode\\\/\"},\"wordCount\":181,\"publisher\":{\"@id\":\"https:\\\/\\\/radioleinewelle.de\\\/#organization\"},\"image\":{\"@id\":\"https:\\\/\\\/radioleinewelle.de\\\/index.php\\\/2021\\\/10\\\/27\\\/von-nonnen-pastoren-und-baudenkmaelern-kirchen-und-kloester-in-osterode\\\/#primaryimage\"},\"thumbnailUrl\":\"https:\\\/\\\/radioleinewelle.de\\\/wp-content\\\/uploads\\\/2021\\\/10\\\/Kirche-Osterode-ue-e1667552580930.jpg\",\"keywords\":[\"Kirchen und Kl\u00f6ster in Osterode\",\"Stadtf\u00fchrung Osterode\"],\"articleSection\":[\"Regionaler Tourismus\"],\"inLanguage\":\"de\"},{\"@type\":\"WebPage\",\"@id\":\"https:\\\/\\\/radioleinewelle.de\\\/index.php\\\/2021\\\/10\\\/27\\\/von-nonnen-pastoren-und-baudenkmaelern-kirchen-und-kloester-in-osterode\\\/\",\"url\":\"https:\\\/\\\/radioleinewelle.de\\\/index.php\\\/2021\\\/10\\\/27\\\/von-nonnen-pastoren-und-baudenkmaelern-kirchen-und-kloester-in-osterode\\\/\",\"name\":\"Von Nonnen, Pastoren und Baudenkm\u00e4lern \u2013 Kirchen und Kl\u00f6ster in Osterode - Radio Leinewelle\",\"isPartOf\":{\"@id\":\"https:\\\/\\\/radioleinewelle.de\\\/#website\"},\"primaryImageOfPage\":{\"@id\":\"https:\\\/\\\/radioleinewelle.de\\\/index.php\\\/2021\\\/10\\\/27\\\/von-nonnen-pastoren-und-baudenkmaelern-kirchen-und-kloester-in-osterode\\\/#primaryimage\"},\"image\":{\"@id\":\"https:\\\/\\\/radioleinewelle.de\\\/index.php\\\/2021\\\/10\\\/27\\\/von-nonnen-pastoren-und-baudenkmaelern-kirchen-und-kloester-in-osterode\\\/#primaryimage\"},\"thumbnailUrl\":\"https:\\\/\\\/radioleinewelle.de\\\/wp-content\\\/uploads\\\/2021\\\/10\\\/Kirche-Osterode-ue-e1667552580930.jpg\",\"datePublished\":\"2021-10-27T03:38:10+00:00\",\"breadcrumb\":{\"@id\":\"https:\\\/\\\/radioleinewelle.de\\\/index.php\\\/2021\\\/10\\\/27\\\/von-nonnen-pastoren-und-baudenkmaelern-kirchen-und-kloester-in-osterode\\\/#breadcrumb\"},\"inLanguage\":\"de\",\"potentialAction\":[{\"@type\":\"ReadAction\",\"target\":[\"https:\\\/\\\/radioleinewelle.de\\\/index.php\\\/2021\\\/10\\\/27\\\/von-nonnen-pastoren-und-baudenkmaelern-kirchen-und-kloester-in-osterode\\\/\"]}]},{\"@type\":\"ImageObject\",\"inLanguage\":\"de\",\"@id\":\"https:\\\/\\\/radioleinewelle.de\\\/index.php\\\/2021\\\/10\\\/27\\\/von-nonnen-pastoren-und-baudenkmaelern-kirchen-und-kloester-in-osterode\\\/#primaryimage\",\"url\":\"https:\\\/\\\/radioleinewelle.de\\\/wp-content\\\/uploads\\\/2021\\\/10\\\/Kirche-Osterode-ue-e1667552580930.jpg\",\"contentUrl\":\"https:\\\/\\\/radioleinewelle.de\\\/wp-content\\\/uploads\\\/2021\\\/10\\\/Kirche-Osterode-ue-e1667552580930.jpg\",\"width\":718,\"height\":456},{\"@type\":\"BreadcrumbList\",\"@id\":\"https:\\\/\\\/radioleinewelle.de\\\/index.php\\\/2021\\\/10\\\/27\\\/von-nonnen-pastoren-und-baudenkmaelern-kirchen-und-kloester-in-osterode\\\/#breadcrumb\",\"itemListElement\":[{\"@type\":\"ListItem\",\"position\":1,\"name\":\"Startseite\",\"item\":\"https:\\\/\\\/radioleinewelle.de\\\/\"},{\"@type\":\"ListItem\",\"position\":2,\"name\":\"Von Nonnen, Pastoren und Baudenkm\u00e4lern \u2013 Kirchen und Kl\u00f6ster in Osterode\"}]},{\"@type\":\"WebSite\",\"@id\":\"https:\\\/\\\/radioleinewelle.de\\\/#website\",\"url\":\"https:\\\/\\\/radioleinewelle.de\\\/\",\"name\":\"Radio Leinewelle\",\"description\":\"\",\"publisher\":{\"@id\":\"https:\\\/\\\/radioleinewelle.de\\\/#organization\"},\"potentialAction\":[{\"@type\":\"SearchAction\",\"target\":{\"@type\":\"EntryPoint\",\"urlTemplate\":\"https:\\\/\\\/radioleinewelle.de\\\/?s={search_term_string}\"},\"query-input\":{\"@type\":\"PropertyValueSpecification\",\"valueRequired\":true,\"valueName\":\"search_term_string\"}}],\"inLanguage\":\"de\"},{\"@type\":\"Organization\",\"@id\":\"https:\\\/\\\/radioleinewelle.de\\\/#organization\",\"name\":\"Radio Leinewelle\",\"alternateName\":\"Mein Radio f\u00fcr S\u00fcdniedersachsen\",\"url\":\"https:\\\/\\\/radioleinewelle.de\\\/\",\"logo\":{\"@type\":\"ImageObject\",\"inLanguage\":\"de\",\"@id\":\"https:\\\/\\\/radioleinewelle.de\\\/#\\\/schema\\\/logo\\\/image\\\/\",\"url\":\"https:\\\/\\\/radioleinewelle.de\\\/wp-content\\\/uploads\\\/2023\\\/11\\\/cropped-Leinewelle_Logo_weiss.png\",\"contentUrl\":\"https:\\\/\\\/radioleinewelle.de\\\/wp-content\\\/uploads\\\/2023\\\/11\\\/cropped-Leinewelle_Logo_weiss.png\",\"width\":854,\"height\":260,\"caption\":\"Radio Leinewelle\"},\"image\":{\"@id\":\"https:\\\/\\\/radioleinewelle.de\\\/#\\\/schema\\\/logo\\\/image\\\/\"},\"sameAs\":[\"https:\\\/\\\/www.facebook.com\\\/radioleinewelle\",\"https:\\\/\\\/x.com\\\/RLeinewelle\",\"https:\\\/\\\/www.instagram.com\\\/radioleinewelle\\\/?hl=de\"]},{\"@type\":\"Person\",\"@id\":\"https:\\\/\\\/radioleinewelle.de\\\/#\\\/schema\\\/person\\\/45606f348637df637192dc1b68399a63\",\"name\":\"Leinewelle\",\"image\":{\"@type\":\"ImageObject\",\"inLanguage\":\"de\",\"@id\":\"https:\\\/\\\/secure.gravatar.com\\\/avatar\\\/05c9a17bc973052ee5d91549bd32fb4dd0dc85b7b85ae94b2e2b4943476bbea5?s=96&d=blank&r=g\",\"url\":\"https:\\\/\\\/secure.gravatar.com\\\/avatar\\\/05c9a17bc973052ee5d91549bd32fb4dd0dc85b7b85ae94b2e2b4943476bbea5?s=96&d=blank&r=g\",\"contentUrl\":\"https:\\\/\\\/secure.gravatar.com\\\/avatar\\\/05c9a17bc973052ee5d91549bd32fb4dd0dc85b7b85ae94b2e2b4943476bbea5?s=96&d=blank&r=g\",\"caption\":\"Leinewelle\"},\"sameAs\":[\"http:\\\/\\\/localhost\\\/radio%20leinewelle\\\/wordpress\",\"https:\\\/\\\/www.facebook.com\\\/radioleinewelle\",\"https:\\\/\\\/www.instagram.com\\\/radioleinewelle\",\"https:\\\/\\\/x.com\\\/https:\\\/\\\/twitter.com\\\/RLeinewelle?ref_src=twsrcgoogletwcampserptwgrauthor\",\"https:\\\/\\\/soundcloud.com\\\/foerderverein-lokalradio?utm_source=clipboard&utm_medium=text&utm_campaign=social_sharing\"],\"url\":\"https:\\\/\\\/radioleinewelle.de\\\/index.php\\\/author\\\/leinewelle\\\/\"}]}<\/script>\n<!-- \/ Yoast SEO plugin. -->","yoast_head_json":{"title":"Von Nonnen, Pastoren und Baudenkm\u00e4lern \u2013 Kirchen und Kl\u00f6ster in Osterode - Radio Leinewelle","robots":{"index":"index","follow":"follow","max-snippet":"max-snippet:-1","max-image-preview":"max-image-preview:large","max-video-preview":"max-video-preview:-1"},"canonical":"https:\/\/radioleinewelle.de\/index.php\/2021\/10\/27\/von-nonnen-pastoren-und-baudenkmaelern-kirchen-und-kloester-in-osterode\/","og_locale":"de_DE","og_type":"article","og_title":"Von Nonnen, Pastoren und Baudenkm\u00e4lern \u2013 Kirchen und Kl\u00f6ster in Osterode - Radio Leinewelle","og_description":"Am 31. Oktober l\u00e4dt die Touristinformation Osterode am Harz zu einer Themenf\u00fchrung &nbsp;\u201eKirchen und Kl\u00f6ster\u201c ein. Interessierte k\u00f6nnen sich die St. Jacobi-Schlosskirche, die Marienkirche und die St. Aegidien-Marktkirche zeigen lassen. Bei der F\u00fchrung erfahren sie, wer die Namensgeber der Osteroder Kirchen waren. Au\u00dferdem werden die G\u00e4ste vom Leben der Nonnen im Osteroder Kloster, von den [&hellip;]","og_url":"https:\/\/radioleinewelle.de\/index.php\/2021\/10\/27\/von-nonnen-pastoren-und-baudenkmaelern-kirchen-und-kloester-in-osterode\/","og_site_name":"Radio Leinewelle","article_publisher":"https:\/\/www.facebook.com\/radioleinewelle","article_author":"https:\/\/www.facebook.com\/radioleinewelle","article_published_time":"2021-10-27T03:38:10+00:00","og_image":[{"width":718,"height":456,"url":"https:\/\/radioleinewelle.de\/wp-content\/uploads\/2021\/10\/Kirche-Osterode-ue-e1667552580930.jpg","type":"image\/jpeg"}],"author":"Leinewelle","twitter_card":"summary_large_image","twitter_creator":"@https:\/\/twitter.com\/RLeinewelle?ref_src=twsrcgoogletwcampserptwgrauthor","twitter_site":"@RLeinewelle","twitter_misc":{"Verfasst von":"Leinewelle","Gesch\u00e4tzte Lesezeit":"1\u00a0Minute"},"schema":{"@context":"https:\/\/schema.org","@graph":[{"@type":"Article","@id":"https:\/\/radioleinewelle.de\/index.php\/2021\/10\/27\/von-nonnen-pastoren-und-baudenkmaelern-kirchen-und-kloester-in-osterode\/#article","isPartOf":{"@id":"https:\/\/radioleinewelle.de\/index.php\/2021\/10\/27\/von-nonnen-pastoren-und-baudenkmaelern-kirchen-und-kloester-in-osterode\/"},"author":{"name":"Leinewelle","@id":"https:\/\/radioleinewelle.de\/#\/schema\/person\/45606f348637df637192dc1b68399a63"},"headline":"Von Nonnen, Pastoren und Baudenkm\u00e4lern \u2013 Kirchen und Kl\u00f6ster in Osterode","datePublished":"2021-10-27T03:38:10+00:00","mainEntityOfPage":{"@id":"https:\/\/radioleinewelle.de\/index.php\/2021\/10\/27\/von-nonnen-pastoren-und-baudenkmaelern-kirchen-und-kloester-in-osterode\/"},"wordCount":181,"publisher":{"@id":"https:\/\/radioleinewelle.de\/#organization"},"image":{"@id":"https:\/\/radioleinewelle.de\/index.php\/2021\/10\/27\/von-nonnen-pastoren-und-baudenkmaelern-kirchen-und-kloester-in-osterode\/#primaryimage"},"thumbnailUrl":"https:\/\/radioleinewelle.de\/wp-content\/uploads\/2021\/10\/Kirche-Osterode-ue-e1667552580930.jpg","keywords":["Kirchen und Kl\u00f6ster in Osterode","Stadtf\u00fchrung Osterode"],"articleSection":["Regionaler Tourismus"],"inLanguage":"de"},{"@type":"WebPage","@id":"https:\/\/radioleinewelle.de\/index.php\/2021\/10\/27\/von-nonnen-pastoren-und-baudenkmaelern-kirchen-und-kloester-in-osterode\/","url":"https:\/\/radioleinewelle.de\/index.php\/2021\/10\/27\/von-nonnen-pastoren-und-baudenkmaelern-kirchen-und-kloester-in-osterode\/","name":"Von Nonnen, Pastoren und Baudenkm\u00e4lern \u2013 Kirchen und Kl\u00f6ster in Osterode - Radio Leinewelle","isPartOf":{"@id":"https:\/\/radioleinewelle.de\/#website"},"primaryImageOfPage":{"@id":"https:\/\/radioleinewelle.de\/index.php\/2021\/10\/27\/von-nonnen-pastoren-und-baudenkmaelern-kirchen-und-kloester-in-osterode\/#primaryimage"},"image":{"@id":"https:\/\/radioleinewelle.de\/index.php\/2021\/10\/27\/von-nonnen-pastoren-und-baudenkmaelern-kirchen-und-kloester-in-osterode\/#primaryimage"},"thumbnailUrl":"https:\/\/radioleinewelle.de\/wp-content\/uploads\/2021\/10\/Kirche-Osterode-ue-e1667552580930.jpg","datePublished":"2021-10-27T03:38:10+00:00","breadcrumb":{"@id":"https:\/\/radioleinewelle.de\/index.php\/2021\/10\/27\/von-nonnen-pastoren-und-baudenkmaelern-kirchen-und-kloester-in-osterode\/#breadcrumb"},"inLanguage":"de","potentialAction":[{"@type":"ReadAction","target":["https:\/\/radioleinewelle.de\/index.php\/2021\/10\/27\/von-nonnen-pastoren-und-baudenkmaelern-kirchen-und-kloester-in-osterode\/"]}]},{"@type":"ImageObject","inLanguage":"de","@id":"https:\/\/radioleinewelle.de\/index.php\/2021\/10\/27\/von-nonnen-pastoren-und-baudenkmaelern-kirchen-und-kloester-in-osterode\/#primaryimage","url":"https:\/\/radioleinewelle.de\/wp-content\/uploads\/2021\/10\/Kirche-Osterode-ue-e1667552580930.jpg","contentUrl":"https:\/\/radioleinewelle.de\/wp-content\/uploads\/2021\/10\/Kirche-Osterode-ue-e1667552580930.jpg","width":718,"height":456},{"@type":"BreadcrumbList","@id":"https:\/\/radioleinewelle.de\/index.php\/2021\/10\/27\/von-nonnen-pastoren-und-baudenkmaelern-kirchen-und-kloester-in-osterode\/#breadcrumb","itemListElement":[{"@type":"ListItem","position":1,"name":"Startseite","item":"https:\/\/radioleinewelle.de\/"},{"@type":"ListItem","position":2,"name":"Von Nonnen, Pastoren und Baudenkm\u00e4lern \u2013 Kirchen und Kl\u00f6ster in Osterode"}]},{"@type":"WebSite","@id":"https:\/\/radioleinewelle.de\/#website","url":"https:\/\/radioleinewelle.de\/","name":"Radio Leinewelle","description":"","publisher":{"@id":"https:\/\/radioleinewelle.de\/#organization"},"potentialAction":[{"@type":"SearchAction","target":{"@type":"EntryPoint","urlTemplate":"https:\/\/radioleinewelle.de\/?s={search_term_string}"},"query-input":{"@type":"PropertyValueSpecification","valueRequired":true,"valueName":"search_term_string"}}],"inLanguage":"de"},{"@type":"Organization","@id":"https:\/\/radioleinewelle.de\/#organization","name":"Radio Leinewelle","alternateName":"Mein Radio f\u00fcr S\u00fcdniedersachsen","url":"https:\/\/radioleinewelle.de\/","logo":{"@type":"ImageObject","inLanguage":"de","@id":"https:\/\/radioleinewelle.de\/#\/schema\/logo\/image\/","url":"https:\/\/radioleinewelle.de\/wp-content\/uploads\/2023\/11\/cropped-Leinewelle_Logo_weiss.png","contentUrl":"https:\/\/radioleinewelle.de\/wp-content\/uploads\/2023\/11\/cropped-Leinewelle_Logo_weiss.png","width":854,"height":260,"caption":"Radio Leinewelle"},"image":{"@id":"https:\/\/radioleinewelle.de\/#\/schema\/logo\/image\/"},"sameAs":["https:\/\/www.facebook.com\/radioleinewelle","https:\/\/x.com\/RLeinewelle","https:\/\/www.instagram.com\/radioleinewelle\/?hl=de"]},{"@type":"Person","@id":"https:\/\/radioleinewelle.de\/#\/schema\/person\/45606f348637df637192dc1b68399a63","name":"Leinewelle","image":{"@type":"ImageObject","inLanguage":"de","@id":"https:\/\/secure.gravatar.com\/avatar\/05c9a17bc973052ee5d91549bd32fb4dd0dc85b7b85ae94b2e2b4943476bbea5?s=96&d=blank&r=g","url":"https:\/\/secure.gravatar.com\/avatar\/05c9a17bc973052ee5d91549bd32fb4dd0dc85b7b85ae94b2e2b4943476bbea5?s=96&d=blank&r=g","contentUrl":"https:\/\/secure.gravatar.com\/avatar\/05c9a17bc973052ee5d91549bd32fb4dd0dc85b7b85ae94b2e2b4943476bbea5?s=96&d=blank&r=g","caption":"Leinewelle"},"sameAs":["http:\/\/localhost\/radio%20leinewelle\/wordpress","https:\/\/www.facebook.com\/radioleinewelle","https:\/\/www.instagram.com\/radioleinewelle","https:\/\/x.com\/https:\/\/twitter.com\/RLeinewelle?ref_src=twsrcgoogletwcampserptwgrauthor","https:\/\/soundcloud.com\/foerderverein-lokalradio?utm_source=clipboard&utm_medium=text&utm_campaign=social_sharing"],"url":"https:\/\/radioleinewelle.de\/index.php\/author\/leinewelle\/"}]}},"_links":{"self":[{"href":"https:\/\/radioleinewelle.de\/index.php\/wp-json\/wp\/v2\/posts\/11220","targetHints":{"allow":["GET"]}}],"collection":[{"href":"https:\/\/radioleinewelle.de\/index.php\/wp-json\/wp\/v2\/posts"}],"about":[{"href":"https:\/\/radioleinewelle.de\/index.php\/wp-json\/wp\/v2\/types\/post"}],"author":[{"embeddable":true,"href":"https:\/\/radioleinewelle.de\/index.php\/wp-json\/wp\/v2\/users\/1"}],"replies":[{"embeddable":true,"href":"https:\/\/radioleinewelle.de\/index.php\/wp-json\/wp\/v2\/comments?post=11220"}],"version-history":[{"count":0,"href":"https:\/\/radioleinewelle.de\/index.php\/wp-json\/wp\/v2\/posts\/11220\/revisions"}],"wp:featuredmedia":[{"embeddable":true,"href":"https:\/\/radioleinewelle.de\/index.php\/wp-json\/wp\/v2\/media\/11222"}],"wp:attachment":[{"href":"https:\/\/radioleinewelle.de\/index.php\/wp-json\/wp\/v2\/media?parent=11220"}],"wp:term":[{"taxonomy":"category","embeddable":true,"href":"https:\/\/radioleinewelle.de\/index.php\/wp-json\/wp\/v2\/categories?post=11220"},{"taxonomy":"post_tag","embeddable":true,"href":"https:\/\/radioleinewelle.de\/index.php\/wp-json\/wp\/v2\/tags?post=11220"}],"curies":[{"name":"wp","href":"https:\/\/api.w.org\/{rel}","templated":true}]}}