{"id":11270,"date":"2021-11-02T04:44:00","date_gmt":"2021-11-02T03:44:00","guid":{"rendered":"https:\/\/radioleinewelle.de\/?p=11270"},"modified":"2021-11-02T04:44:00","modified_gmt":"2021-11-02T03:44:00","slug":"mobile-impfteams-in-und-um-goettingen-start-am-2-november","status":"publish","type":"post","link":"https:\/\/radioleinewelle.de\/index.php\/2021\/11\/02\/mobile-impfteams-in-und-um-goettingen-start-am-2-november\/","title":{"rendered":"Mobile Impfteams in und um G\u00f6ttingen: Start am 2. November"},"content":{"rendered":"\n<p>Ab Dienstag, 2. November 2021, starten die f\u00fcnf mobilen Impfteams in Stadt und Landkreis G\u00f6ttingen mit den ersten freien Auffrischungen der Corona-Impfung. Entsprechend der&nbsp;<a href=\"http:\/\/mailings.goettingen.de\/c\/64366281\/8437d312179c-r1ozjs\">Empfehlung der st\u00e4ndigen Impfkommission<\/a>&nbsp;werden zun\u00e4chst Auffrischungsimpfungen f\u00fcr Bewohner*innen und Betreuer*innen in Altenpflegeeinrichtungen sowie f\u00fcr Pflegepersonal und Personal in medizinischen Einrichtungen mit direktem Kontakt zu Patient*innen angeboten.<\/p>\n\n\n\n<p>Eine Auffrischung der Corona-Impfung ist auch f\u00fcr Menschen m\u00f6glich, deren vorherige vollst\u00e4ndige Impfung mindestens sechs Monate zur\u00fcckliegt und die das siebzigste Lebensjahr vollendet haben.<\/p>\n\n\n\n<p>F\u00fcr sie wird es ab dem 2. November 2021 an verschiedenen Standorten in G\u00f6ttingen sowie im Landkreis ein entsprechendes Angebot geben. Eine Anmeldung ist nicht erforderlich. Mitzubringen sind lediglich ein Ausweisdokument sowie ein Impfausweis bzw. eine Impfersatzbescheinigung, mit dem bzw. mit der eine mindestens sechs Monate zur\u00fcckliegende, vollst\u00e4ndige Impfung nachzuweisen ist. Weitere Standorte und Impfaktionen auch zu Erst- und Zweitimpfungen werden derzeit gepr\u00fcft und rechtzeitig im&nbsp;<a href=\"http:\/\/mailings.goettingen.de\/c\/64366539\/8437d312179c-r1ozjs\">Corona-Live-Blog<\/a>&nbsp;ver\u00f6ffentlicht.<\/p>\n\n\n\n<p><strong>Angebote in der Stadt G\u00f6ttingen<\/strong><\/p>\n\n\n\n<p>Ehemaliges Impfzentrum Siekh\u00f6he, Anna-Vandehoek-Ring 13<\/p>\n\n\n\n<p>Jeden Mittwoch von 9.30 bis 15.00 Uhr<\/p>\n\n\n\n<p><strong>Angebote im Landkreis G\u00f6ttingen<\/strong><\/p>\n\n\n\n<p>Bad Sachsa<\/p>\n\n\n\n<p>Kurhaus, Am Kurpark 6<\/p>\n\n\n\n<p>Ab dem 2. November jeden zweiten Dienstag von 10.00 bis 14.30 Uhr&nbsp;<\/p>\n\n\n\n<p>Bad Lauterberg<\/p>\n\n\n\n<p>Kurhaus, Ritscherstr. 6<\/p>\n\n\n\n<p>Ab dem 3. November jeden zweiten Mittwoch von 10.00 bis 14.30 Uhr<\/p>\n\n\n\n<p>Friedland<\/p>\n\n\n\n<p>Gemeindezentrum Gro\u00df-Schneen, B\u00f6nnekerstr. 2<\/p>\n\n\n\n<p>Ab dem 9. November jeden zweiten Dienstag von 10.00 bis 14.30 Uhr&nbsp;<\/p>\n\n\n\n<p>Hann-M\u00fcnden<\/p>\n\n\n\n<p>Stadtverwaltung, B\u00f6tcherstr. 3<\/p>\n\n\n\n<p>Ab dem 11. November jeden zweiten Donnerstag von 10.00 bis 14.30 Uhr&nbsp;<\/p>\n\n\n\n<p>Bovenden<\/p>\n\n\n\n<p>B\u00fcrgerhaus Bovenden, Konferenzraum, Rathausplatz 3<\/p>\n\n\n\n<p>Ab dem 11. November jeden zweiten Donnerstag von 10.00 bis 14.30 Uhr&nbsp;&nbsp;<\/p>\n\n\n\n<p>Bild von&nbsp;<a href=\"https:\/\/pixabay.com\/de\/users\/justinite-8556281\/?utm_source=link-attribution&amp;utm_medium=referral&amp;utm_campaign=image&amp;utm_content=6561400\">Justinite<\/a>&nbsp;auf&nbsp;<a href=\"https:\/\/pixabay.com\/de\/?utm_source=link-attribution&amp;utm_medium=referral&amp;utm_campaign=image&amp;utm_content=6561400\">Pixabay<\/a>&nbsp;&nbsp;<\/p>\n","protected":false},"excerpt":{"rendered":"<p>Ab Dienstag, 2. November 2021, starten die f\u00fcnf mobilen Impfteams in Stadt und Landkreis G\u00f6ttingen mit den ersten freien Auffrischungen der Corona-Impfung. Entsprechend der&nbsp;Empfehlung der st\u00e4ndigen Impfkommission&nbsp;werden zun\u00e4chst Auffrischungsimpfungen f\u00fcr Bewohner*innen und Betreuer*innen in Altenpflegeeinrichtungen sowie f\u00fcr Pflegepersonal und Personal in medizinischen Einrichtungen mit direktem Kontakt zu Patient*innen angeboten. Eine Auffrischung der Corona-Impfung ist auch [&hellip;]<\/p>\n","protected":false},"author":1,"featured_media":0,"comment_status":"closed","ping_status":"closed","sticky":false,"template":"","format":"standard","meta":{"saved_in_kubio":false,"footnotes":""},"categories":[23],"tags":[2423,327,2424],"class_list":["post-11270","post","type-post","status-publish","format-standard","hentry","category-corona","tag-auffrischungsimpfungen","tag-landkreis-goettingen","tag-mobiles-impfteam"],"yoast_head":"<!-- This site is optimized with the Yoast SEO plugin v27.5 - https:\/\/yoast.com\/product\/yoast-seo-wordpress\/ -->\n<title>Mobile Impfteams in und um G\u00f6ttingen: Start am 2. November - Radio Leinewelle<\/title>\n<meta name=\"robots\" content=\"index, follow, max-snippet:-1, max-image-preview:large, max-video-preview:-1\" \/>\n<link rel=\"canonical\" href=\"https:\/\/radioleinewelle.de\/index.php\/2021\/11\/02\/mobile-impfteams-in-und-um-goettingen-start-am-2-november\/\" \/>\n<meta property=\"og:locale\" content=\"de_DE\" \/>\n<meta property=\"og:type\" content=\"article\" \/>\n<meta property=\"og:title\" content=\"Mobile Impfteams in und um G\u00f6ttingen: Start am 2. November - Radio Leinewelle\" \/>\n<meta property=\"og:description\" content=\"Ab Dienstag, 2. November 2021, starten die f\u00fcnf mobilen Impfteams in Stadt und Landkreis G\u00f6ttingen mit den ersten freien Auffrischungen der Corona-Impfung. Entsprechend der&nbsp;Empfehlung der st\u00e4ndigen Impfkommission&nbsp;werden zun\u00e4chst Auffrischungsimpfungen f\u00fcr Bewohner*innen und Betreuer*innen in Altenpflegeeinrichtungen sowie f\u00fcr Pflegepersonal und Personal in medizinischen Einrichtungen mit direktem Kontakt zu Patient*innen angeboten. Eine Auffrischung der Corona-Impfung ist auch [&hellip;]\" \/>\n<meta property=\"og:url\" content=\"https:\/\/radioleinewelle.de\/index.php\/2021\/11\/02\/mobile-impfteams-in-und-um-goettingen-start-am-2-november\/\" \/>\n<meta property=\"og:site_name\" content=\"Radio Leinewelle\" \/>\n<meta property=\"article:publisher\" content=\"https:\/\/www.facebook.com\/radioleinewelle\" \/>\n<meta property=\"article:author\" content=\"https:\/\/www.facebook.com\/radioleinewelle\" \/>\n<meta property=\"article:published_time\" content=\"2021-11-02T03:44:00+00:00\" \/>\n<meta name=\"author\" content=\"Leinewelle\" \/>\n<meta name=\"twitter:card\" content=\"summary_large_image\" \/>\n<meta name=\"twitter:creator\" content=\"@https:\/\/twitter.com\/RLeinewelle?ref_src=twsrcgoogletwcampserptwgrauthor\" \/>\n<meta name=\"twitter:site\" content=\"@RLeinewelle\" \/>\n<meta name=\"twitter:label1\" content=\"Verfasst von\" \/>\n\t<meta name=\"twitter:data1\" content=\"Leinewelle\" \/>\n\t<meta name=\"twitter:label2\" content=\"Gesch\u00e4tzte Lesezeit\" \/>\n\t<meta name=\"twitter:data2\" content=\"2\u00a0Minuten\" \/>\n<script type=\"application\/ld+json\" class=\"yoast-schema-graph\">{\"@context\":\"https:\\\/\\\/schema.org\",\"@graph\":[{\"@type\":\"Article\",\"@id\":\"https:\\\/\\\/radioleinewelle.de\\\/index.php\\\/2021\\\/11\\\/02\\\/mobile-impfteams-in-und-um-goettingen-start-am-2-november\\\/#article\",\"isPartOf\":{\"@id\":\"https:\\\/\\\/radioleinewelle.de\\\/index.php\\\/2021\\\/11\\\/02\\\/mobile-impfteams-in-und-um-goettingen-start-am-2-november\\\/\"},\"author\":{\"name\":\"Leinewelle\",\"@id\":\"https:\\\/\\\/radioleinewelle.de\\\/#\\\/schema\\\/person\\\/45606f348637df637192dc1b68399a63\"},\"headline\":\"Mobile Impfteams in und um G\u00f6ttingen: Start am 2. November\",\"datePublished\":\"2021-11-02T03:44:00+00:00\",\"mainEntityOfPage\":{\"@id\":\"https:\\\/\\\/radioleinewelle.de\\\/index.php\\\/2021\\\/11\\\/02\\\/mobile-impfteams-in-und-um-goettingen-start-am-2-november\\\/\"},\"wordCount\":279,\"publisher\":{\"@id\":\"https:\\\/\\\/radioleinewelle.de\\\/#organization\"},\"keywords\":[\"Auffrischungsimpfungen\",\"Landkreis G\u00f6ttingen\",\"Mobiles Impfteam\"],\"articleSection\":[\"Corona\"],\"inLanguage\":\"de\"},{\"@type\":\"WebPage\",\"@id\":\"https:\\\/\\\/radioleinewelle.de\\\/index.php\\\/2021\\\/11\\\/02\\\/mobile-impfteams-in-und-um-goettingen-start-am-2-november\\\/\",\"url\":\"https:\\\/\\\/radioleinewelle.de\\\/index.php\\\/2021\\\/11\\\/02\\\/mobile-impfteams-in-und-um-goettingen-start-am-2-november\\\/\",\"name\":\"Mobile Impfteams in und um G\u00f6ttingen: Start am 2. November - Radio Leinewelle\",\"isPartOf\":{\"@id\":\"https:\\\/\\\/radioleinewelle.de\\\/#website\"},\"datePublished\":\"2021-11-02T03:44:00+00:00\",\"breadcrumb\":{\"@id\":\"https:\\\/\\\/radioleinewelle.de\\\/index.php\\\/2021\\\/11\\\/02\\\/mobile-impfteams-in-und-um-goettingen-start-am-2-november\\\/#breadcrumb\"},\"inLanguage\":\"de\",\"potentialAction\":[{\"@type\":\"ReadAction\",\"target\":[\"https:\\\/\\\/radioleinewelle.de\\\/index.php\\\/2021\\\/11\\\/02\\\/mobile-impfteams-in-und-um-goettingen-start-am-2-november\\\/\"]}]},{\"@type\":\"BreadcrumbList\",\"@id\":\"https:\\\/\\\/radioleinewelle.de\\\/index.php\\\/2021\\\/11\\\/02\\\/mobile-impfteams-in-und-um-goettingen-start-am-2-november\\\/#breadcrumb\",\"itemListElement\":[{\"@type\":\"ListItem\",\"position\":1,\"name\":\"Startseite\",\"item\":\"https:\\\/\\\/radioleinewelle.de\\\/\"},{\"@type\":\"ListItem\",\"position\":2,\"name\":\"Mobile Impfteams in und um G\u00f6ttingen: Start am 2. November\"}]},{\"@type\":\"WebSite\",\"@id\":\"https:\\\/\\\/radioleinewelle.de\\\/#website\",\"url\":\"https:\\\/\\\/radioleinewelle.de\\\/\",\"name\":\"Radio Leinewelle\",\"description\":\"\",\"publisher\":{\"@id\":\"https:\\\/\\\/radioleinewelle.de\\\/#organization\"},\"potentialAction\":[{\"@type\":\"SearchAction\",\"target\":{\"@type\":\"EntryPoint\",\"urlTemplate\":\"https:\\\/\\\/radioleinewelle.de\\\/?s={search_term_string}\"},\"query-input\":{\"@type\":\"PropertyValueSpecification\",\"valueRequired\":true,\"valueName\":\"search_term_string\"}}],\"inLanguage\":\"de\"},{\"@type\":\"Organization\",\"@id\":\"https:\\\/\\\/radioleinewelle.de\\\/#organization\",\"name\":\"Radio Leinewelle\",\"alternateName\":\"Mein Radio f\u00fcr S\u00fcdniedersachsen\",\"url\":\"https:\\\/\\\/radioleinewelle.de\\\/\",\"logo\":{\"@type\":\"ImageObject\",\"inLanguage\":\"de\",\"@id\":\"https:\\\/\\\/radioleinewelle.de\\\/#\\\/schema\\\/logo\\\/image\\\/\",\"url\":\"https:\\\/\\\/radioleinewelle.de\\\/wp-content\\\/uploads\\\/2023\\\/11\\\/cropped-Leinewelle_Logo_weiss.png\",\"contentUrl\":\"https:\\\/\\\/radioleinewelle.de\\\/wp-content\\\/uploads\\\/2023\\\/11\\\/cropped-Leinewelle_Logo_weiss.png\",\"width\":854,\"height\":260,\"caption\":\"Radio Leinewelle\"},\"image\":{\"@id\":\"https:\\\/\\\/radioleinewelle.de\\\/#\\\/schema\\\/logo\\\/image\\\/\"},\"sameAs\":[\"https:\\\/\\\/www.facebook.com\\\/radioleinewelle\",\"https:\\\/\\\/x.com\\\/RLeinewelle\",\"https:\\\/\\\/www.instagram.com\\\/radioleinewelle\\\/?hl=de\"]},{\"@type\":\"Person\",\"@id\":\"https:\\\/\\\/radioleinewelle.de\\\/#\\\/schema\\\/person\\\/45606f348637df637192dc1b68399a63\",\"name\":\"Leinewelle\",\"image\":{\"@type\":\"ImageObject\",\"inLanguage\":\"de\",\"@id\":\"https:\\\/\\\/secure.gravatar.com\\\/avatar\\\/05c9a17bc973052ee5d91549bd32fb4dd0dc85b7b85ae94b2e2b4943476bbea5?s=96&d=blank&r=g\",\"url\":\"https:\\\/\\\/secure.gravatar.com\\\/avatar\\\/05c9a17bc973052ee5d91549bd32fb4dd0dc85b7b85ae94b2e2b4943476bbea5?s=96&d=blank&r=g\",\"contentUrl\":\"https:\\\/\\\/secure.gravatar.com\\\/avatar\\\/05c9a17bc973052ee5d91549bd32fb4dd0dc85b7b85ae94b2e2b4943476bbea5?s=96&d=blank&r=g\",\"caption\":\"Leinewelle\"},\"sameAs\":[\"http:\\\/\\\/localhost\\\/radio%20leinewelle\\\/wordpress\",\"https:\\\/\\\/www.facebook.com\\\/radioleinewelle\",\"https:\\\/\\\/www.instagram.com\\\/radioleinewelle\",\"https:\\\/\\\/x.com\\\/https:\\\/\\\/twitter.com\\\/RLeinewelle?ref_src=twsrcgoogletwcampserptwgrauthor\",\"https:\\\/\\\/soundcloud.com\\\/foerderverein-lokalradio?utm_source=clipboard&utm_medium=text&utm_campaign=social_sharing\"],\"url\":\"https:\\\/\\\/radioleinewelle.de\\\/index.php\\\/author\\\/leinewelle\\\/\"}]}<\/script>\n<!-- \/ Yoast SEO plugin. -->","yoast_head_json":{"title":"Mobile Impfteams in und um G\u00f6ttingen: Start am 2. November - Radio Leinewelle","robots":{"index":"index","follow":"follow","max-snippet":"max-snippet:-1","max-image-preview":"max-image-preview:large","max-video-preview":"max-video-preview:-1"},"canonical":"https:\/\/radioleinewelle.de\/index.php\/2021\/11\/02\/mobile-impfteams-in-und-um-goettingen-start-am-2-november\/","og_locale":"de_DE","og_type":"article","og_title":"Mobile Impfteams in und um G\u00f6ttingen: Start am 2. November - Radio Leinewelle","og_description":"Ab Dienstag, 2. November 2021, starten die f\u00fcnf mobilen Impfteams in Stadt und Landkreis G\u00f6ttingen mit den ersten freien Auffrischungen der Corona-Impfung. Entsprechend der&nbsp;Empfehlung der st\u00e4ndigen Impfkommission&nbsp;werden zun\u00e4chst Auffrischungsimpfungen f\u00fcr Bewohner*innen und Betreuer*innen in Altenpflegeeinrichtungen sowie f\u00fcr Pflegepersonal und Personal in medizinischen Einrichtungen mit direktem Kontakt zu Patient*innen angeboten. Eine Auffrischung der Corona-Impfung ist auch [&hellip;]","og_url":"https:\/\/radioleinewelle.de\/index.php\/2021\/11\/02\/mobile-impfteams-in-und-um-goettingen-start-am-2-november\/","og_site_name":"Radio Leinewelle","article_publisher":"https:\/\/www.facebook.com\/radioleinewelle","article_author":"https:\/\/www.facebook.com\/radioleinewelle","article_published_time":"2021-11-02T03:44:00+00:00","author":"Leinewelle","twitter_card":"summary_large_image","twitter_creator":"@https:\/\/twitter.com\/RLeinewelle?ref_src=twsrcgoogletwcampserptwgrauthor","twitter_site":"@RLeinewelle","twitter_misc":{"Verfasst von":"Leinewelle","Gesch\u00e4tzte Lesezeit":"2\u00a0Minuten"},"schema":{"@context":"https:\/\/schema.org","@graph":[{"@type":"Article","@id":"https:\/\/radioleinewelle.de\/index.php\/2021\/11\/02\/mobile-impfteams-in-und-um-goettingen-start-am-2-november\/#article","isPartOf":{"@id":"https:\/\/radioleinewelle.de\/index.php\/2021\/11\/02\/mobile-impfteams-in-und-um-goettingen-start-am-2-november\/"},"author":{"name":"Leinewelle","@id":"https:\/\/radioleinewelle.de\/#\/schema\/person\/45606f348637df637192dc1b68399a63"},"headline":"Mobile Impfteams in und um G\u00f6ttingen: Start am 2. November","datePublished":"2021-11-02T03:44:00+00:00","mainEntityOfPage":{"@id":"https:\/\/radioleinewelle.de\/index.php\/2021\/11\/02\/mobile-impfteams-in-und-um-goettingen-start-am-2-november\/"},"wordCount":279,"publisher":{"@id":"https:\/\/radioleinewelle.de\/#organization"},"keywords":["Auffrischungsimpfungen","Landkreis G\u00f6ttingen","Mobiles Impfteam"],"articleSection":["Corona"],"inLanguage":"de"},{"@type":"WebPage","@id":"https:\/\/radioleinewelle.de\/index.php\/2021\/11\/02\/mobile-impfteams-in-und-um-goettingen-start-am-2-november\/","url":"https:\/\/radioleinewelle.de\/index.php\/2021\/11\/02\/mobile-impfteams-in-und-um-goettingen-start-am-2-november\/","name":"Mobile Impfteams in und um G\u00f6ttingen: Start am 2. November - Radio Leinewelle","isPartOf":{"@id":"https:\/\/radioleinewelle.de\/#website"},"datePublished":"2021-11-02T03:44:00+00:00","breadcrumb":{"@id":"https:\/\/radioleinewelle.de\/index.php\/2021\/11\/02\/mobile-impfteams-in-und-um-goettingen-start-am-2-november\/#breadcrumb"},"inLanguage":"de","potentialAction":[{"@type":"ReadAction","target":["https:\/\/radioleinewelle.de\/index.php\/2021\/11\/02\/mobile-impfteams-in-und-um-goettingen-start-am-2-november\/"]}]},{"@type":"BreadcrumbList","@id":"https:\/\/radioleinewelle.de\/index.php\/2021\/11\/02\/mobile-impfteams-in-und-um-goettingen-start-am-2-november\/#breadcrumb","itemListElement":[{"@type":"ListItem","position":1,"name":"Startseite","item":"https:\/\/radioleinewelle.de\/"},{"@type":"ListItem","position":2,"name":"Mobile Impfteams in und um G\u00f6ttingen: Start am 2. November"}]},{"@type":"WebSite","@id":"https:\/\/radioleinewelle.de\/#website","url":"https:\/\/radioleinewelle.de\/","name":"Radio Leinewelle","description":"","publisher":{"@id":"https:\/\/radioleinewelle.de\/#organization"},"potentialAction":[{"@type":"SearchAction","target":{"@type":"EntryPoint","urlTemplate":"https:\/\/radioleinewelle.de\/?s={search_term_string}"},"query-input":{"@type":"PropertyValueSpecification","valueRequired":true,"valueName":"search_term_string"}}],"inLanguage":"de"},{"@type":"Organization","@id":"https:\/\/radioleinewelle.de\/#organization","name":"Radio Leinewelle","alternateName":"Mein Radio f\u00fcr S\u00fcdniedersachsen","url":"https:\/\/radioleinewelle.de\/","logo":{"@type":"ImageObject","inLanguage":"de","@id":"https:\/\/radioleinewelle.de\/#\/schema\/logo\/image\/","url":"https:\/\/radioleinewelle.de\/wp-content\/uploads\/2023\/11\/cropped-Leinewelle_Logo_weiss.png","contentUrl":"https:\/\/radioleinewelle.de\/wp-content\/uploads\/2023\/11\/cropped-Leinewelle_Logo_weiss.png","width":854,"height":260,"caption":"Radio Leinewelle"},"image":{"@id":"https:\/\/radioleinewelle.de\/#\/schema\/logo\/image\/"},"sameAs":["https:\/\/www.facebook.com\/radioleinewelle","https:\/\/x.com\/RLeinewelle","https:\/\/www.instagram.com\/radioleinewelle\/?hl=de"]},{"@type":"Person","@id":"https:\/\/radioleinewelle.de\/#\/schema\/person\/45606f348637df637192dc1b68399a63","name":"Leinewelle","image":{"@type":"ImageObject","inLanguage":"de","@id":"https:\/\/secure.gravatar.com\/avatar\/05c9a17bc973052ee5d91549bd32fb4dd0dc85b7b85ae94b2e2b4943476bbea5?s=96&d=blank&r=g","url":"https:\/\/secure.gravatar.com\/avatar\/05c9a17bc973052ee5d91549bd32fb4dd0dc85b7b85ae94b2e2b4943476bbea5?s=96&d=blank&r=g","contentUrl":"https:\/\/secure.gravatar.com\/avatar\/05c9a17bc973052ee5d91549bd32fb4dd0dc85b7b85ae94b2e2b4943476bbea5?s=96&d=blank&r=g","caption":"Leinewelle"},"sameAs":["http:\/\/localhost\/radio%20leinewelle\/wordpress","https:\/\/www.facebook.com\/radioleinewelle","https:\/\/www.instagram.com\/radioleinewelle","https:\/\/x.com\/https:\/\/twitter.com\/RLeinewelle?ref_src=twsrcgoogletwcampserptwgrauthor","https:\/\/soundcloud.com\/foerderverein-lokalradio?utm_source=clipboard&utm_medium=text&utm_campaign=social_sharing"],"url":"https:\/\/radioleinewelle.de\/index.php\/author\/leinewelle\/"}]}},"_links":{"self":[{"href":"https:\/\/radioleinewelle.de\/index.php\/wp-json\/wp\/v2\/posts\/11270","targetHints":{"allow":["GET"]}}],"collection":[{"href":"https:\/\/radioleinewelle.de\/index.php\/wp-json\/wp\/v2\/posts"}],"about":[{"href":"https:\/\/radioleinewelle.de\/index.php\/wp-json\/wp\/v2\/types\/post"}],"author":[{"embeddable":true,"href":"https:\/\/radioleinewelle.de\/index.php\/wp-json\/wp\/v2\/users\/1"}],"replies":[{"embeddable":true,"href":"https:\/\/radioleinewelle.de\/index.php\/wp-json\/wp\/v2\/comments?post=11270"}],"version-history":[{"count":0,"href":"https:\/\/radioleinewelle.de\/index.php\/wp-json\/wp\/v2\/posts\/11270\/revisions"}],"wp:attachment":[{"href":"https:\/\/radioleinewelle.de\/index.php\/wp-json\/wp\/v2\/media?parent=11270"}],"wp:term":[{"taxonomy":"category","embeddable":true,"href":"https:\/\/radioleinewelle.de\/index.php\/wp-json\/wp\/v2\/categories?post=11270"},{"taxonomy":"post_tag","embeddable":true,"href":"https:\/\/radioleinewelle.de\/index.php\/wp-json\/wp\/v2\/tags?post=11270"}],"curies":[{"name":"wp","href":"https:\/\/api.w.org\/{rel}","templated":true}]}}