{"id":11360,"date":"2021-11-03T06:26:09","date_gmt":"2021-11-03T05:26:09","guid":{"rendered":"https:\/\/radioleinewelle.de\/?p=11360"},"modified":"2021-11-03T06:26:09","modified_gmt":"2021-11-03T05:26:09","slug":"unaufgeregter-und-routinierter-start-nach-den-herbstferien-2","status":"publish","type":"post","link":"https:\/\/radioleinewelle.de\/index.php\/2021\/11\/03\/unaufgeregter-und-routinierter-start-nach-den-herbstferien-2\/","title":{"rendered":"Unaufgeregter und routinierter Start nach den Herbstferien"},"content":{"rendered":"\n<p>Der erste Schultag nach den Herbstferien ist unaufgeregt und \u00fcber das Land betrachtet offenbar reibungslos verlaufen, wie erste R\u00fcckmeldungen aus allgemein bildenden und berufsbildenden Schulen an die Regionalen Landes\u00e4mter f\u00fcr Schule und Bildung nahelegen. Demnach waren die Rahmenbedingungen der Sicherheitswoche, in der sich bis einschlie\u00dflich dem 5. November alle Sch\u00fclerinnen und Sch\u00fcler sowie das Schulpersonal zu Hause t\u00e4glich testen m\u00fcssen, sowie Maskenpflicht auch am Platz au\u00dfer f\u00fcr die ersten und zweiten Klassen gilt, den Schulen gut bekannt und wurden entsprechend umgesetzt. Vereinzelt mussten Tests in Schulen nachgeholt werden, im Gro\u00dfen und Ganzen wird das Testen aber als routiniert und problemlos beschrieben.<\/p>\n\n\n\n<p>\u201eDas ist kein abschlie\u00dfendes Bild, aber die ersten Eindr\u00fccke sind positiv. So kann und so soll es gerne weitergehen\u201c, kommentiert Niedersachsens Kultusminister Grant Hendrik Tonne. Auch in Zukunft werde das Ministerium daf\u00fcr sorgen, dass die Schulen fr\u00fchzeitig mit gut nachvollziehbaren Informationen zum Schulbetrieb versorgt w\u00fcrden.<\/p>\n\n\n\n<p>Mit Blick auf die Frage, ob zur n\u00e4chsten Corona-Verordnungs\u00e4nderung zum 11. November mit einer weiteren Lockerung bei der Maskenpflicht im Primarbereich zu rechnen sei, wirbt Tonne um Geduld: \u201eIch verstehe den Wunsch nach Klarheit, aber wir m\u00fcssen den Verlauf dieser Woche und die Entwicklung der Gesamtlage im Infektionsgeschehen beobachten und auswerten. Es hilft niemandem, wenn wir uns jetzt final festlegen und dann \u00fcberholt uns die Dynamik der Pandemie. Der Wunsch und das Ziel, Erleichterungen in den dritten und vierten Schuljahrg\u00e4ngen zu schaffen, steht au\u00dfer Frage. Wir werden aber kurzfristig und nach R\u00fcckkoppelung mit den Gesundheitsfachleuten entscheiden, ob das vertretbar und klug ist.\u201c<\/p>\n\n\n\n<p>Bild von Pixabay<\/p>\n","protected":false},"excerpt":{"rendered":"<p>Der erste Schultag nach den Herbstferien ist unaufgeregt und \u00fcber das Land betrachtet offenbar reibungslos verlaufen, wie erste R\u00fcckmeldungen aus allgemein bildenden und berufsbildenden Schulen an die Regionalen Landes\u00e4mter f\u00fcr Schule und Bildung nahelegen. Demnach waren die Rahmenbedingungen der Sicherheitswoche, in der sich bis einschlie\u00dflich dem 5. November alle Sch\u00fclerinnen und Sch\u00fcler sowie das Schulpersonal [&hellip;]<\/p>\n","protected":false},"author":1,"featured_media":0,"comment_status":"closed","ping_status":"closed","sticky":false,"template":"","format":"standard","meta":{"saved_in_kubio":false,"footnotes":""},"categories":[48],"tags":[1435,2448],"class_list":["post-11360","post","type-post","status-publish","format-standard","hentry","category-schule-ausbildung","tag-kultusminister-grant-hendrik-tonne","tag-schulstart-in-niedersachsen"],"yoast_head":"<!-- This site is optimized with the Yoast SEO plugin v27.4 - https:\/\/yoast.com\/product\/yoast-seo-wordpress\/ -->\n<title>Unaufgeregter und routinierter Start nach den Herbstferien - Radio Leinewelle<\/title>\n<meta name=\"robots\" content=\"index, follow, max-snippet:-1, max-image-preview:large, max-video-preview:-1\" \/>\n<link rel=\"canonical\" href=\"https:\/\/radioleinewelle.de\/index.php\/2021\/11\/03\/unaufgeregter-und-routinierter-start-nach-den-herbstferien-2\/\" \/>\n<meta property=\"og:locale\" content=\"de_DE\" \/>\n<meta property=\"og:type\" content=\"article\" \/>\n<meta property=\"og:title\" content=\"Unaufgeregter und routinierter Start nach den Herbstferien - Radio Leinewelle\" \/>\n<meta property=\"og:description\" content=\"Der erste Schultag nach den Herbstferien ist unaufgeregt und \u00fcber das Land betrachtet offenbar reibungslos verlaufen, wie erste R\u00fcckmeldungen aus allgemein bildenden und berufsbildenden Schulen an die Regionalen Landes\u00e4mter f\u00fcr Schule und Bildung nahelegen. Demnach waren die Rahmenbedingungen der Sicherheitswoche, in der sich bis einschlie\u00dflich dem 5. November alle Sch\u00fclerinnen und Sch\u00fcler sowie das Schulpersonal [&hellip;]\" \/>\n<meta property=\"og:url\" content=\"https:\/\/radioleinewelle.de\/index.php\/2021\/11\/03\/unaufgeregter-und-routinierter-start-nach-den-herbstferien-2\/\" \/>\n<meta property=\"og:site_name\" content=\"Radio Leinewelle\" \/>\n<meta property=\"article:publisher\" content=\"https:\/\/www.facebook.com\/radioleinewelle\" \/>\n<meta property=\"article:author\" content=\"https:\/\/www.facebook.com\/radioleinewelle\" \/>\n<meta property=\"article:published_time\" content=\"2021-11-03T05:26:09+00:00\" \/>\n<meta name=\"author\" content=\"Leinewelle\" \/>\n<meta name=\"twitter:card\" content=\"summary_large_image\" \/>\n<meta name=\"twitter:creator\" content=\"@https:\/\/twitter.com\/RLeinewelle?ref_src=twsrcgoogletwcampserptwgrauthor\" \/>\n<meta name=\"twitter:site\" content=\"@RLeinewelle\" \/>\n<meta name=\"twitter:label1\" content=\"Verfasst von\" \/>\n\t<meta name=\"twitter:data1\" content=\"Leinewelle\" \/>\n\t<meta name=\"twitter:label2\" content=\"Gesch\u00e4tzte Lesezeit\" \/>\n\t<meta name=\"twitter:data2\" content=\"2\u00a0Minuten\" \/>\n<script type=\"application\/ld+json\" class=\"yoast-schema-graph\">{\"@context\":\"https:\\\/\\\/schema.org\",\"@graph\":[{\"@type\":\"Article\",\"@id\":\"https:\\\/\\\/radioleinewelle.de\\\/index.php\\\/2021\\\/11\\\/03\\\/unaufgeregter-und-routinierter-start-nach-den-herbstferien-2\\\/#article\",\"isPartOf\":{\"@id\":\"https:\\\/\\\/radioleinewelle.de\\\/index.php\\\/2021\\\/11\\\/03\\\/unaufgeregter-und-routinierter-start-nach-den-herbstferien-2\\\/\"},\"author\":{\"name\":\"Leinewelle\",\"@id\":\"https:\\\/\\\/radioleinewelle.de\\\/#\\\/schema\\\/person\\\/45606f348637df637192dc1b68399a63\"},\"headline\":\"Unaufgeregter und routinierter Start nach den Herbstferien\",\"datePublished\":\"2021-11-03T05:26:09+00:00\",\"mainEntityOfPage\":{\"@id\":\"https:\\\/\\\/radioleinewelle.de\\\/index.php\\\/2021\\\/11\\\/03\\\/unaufgeregter-und-routinierter-start-nach-den-herbstferien-2\\\/\"},\"wordCount\":278,\"publisher\":{\"@id\":\"https:\\\/\\\/radioleinewelle.de\\\/#organization\"},\"keywords\":[\"Kultusminister Grant Hendrik Tonne\",\"Schulstart in Niedersachsen\"],\"articleSection\":[\"Schule &amp; Ausbildung\"],\"inLanguage\":\"de\"},{\"@type\":\"WebPage\",\"@id\":\"https:\\\/\\\/radioleinewelle.de\\\/index.php\\\/2021\\\/11\\\/03\\\/unaufgeregter-und-routinierter-start-nach-den-herbstferien-2\\\/\",\"url\":\"https:\\\/\\\/radioleinewelle.de\\\/index.php\\\/2021\\\/11\\\/03\\\/unaufgeregter-und-routinierter-start-nach-den-herbstferien-2\\\/\",\"name\":\"Unaufgeregter und routinierter Start nach den Herbstferien - Radio Leinewelle\",\"isPartOf\":{\"@id\":\"https:\\\/\\\/radioleinewelle.de\\\/#website\"},\"datePublished\":\"2021-11-03T05:26:09+00:00\",\"breadcrumb\":{\"@id\":\"https:\\\/\\\/radioleinewelle.de\\\/index.php\\\/2021\\\/11\\\/03\\\/unaufgeregter-und-routinierter-start-nach-den-herbstferien-2\\\/#breadcrumb\"},\"inLanguage\":\"de\",\"potentialAction\":[{\"@type\":\"ReadAction\",\"target\":[\"https:\\\/\\\/radioleinewelle.de\\\/index.php\\\/2021\\\/11\\\/03\\\/unaufgeregter-und-routinierter-start-nach-den-herbstferien-2\\\/\"]}]},{\"@type\":\"BreadcrumbList\",\"@id\":\"https:\\\/\\\/radioleinewelle.de\\\/index.php\\\/2021\\\/11\\\/03\\\/unaufgeregter-und-routinierter-start-nach-den-herbstferien-2\\\/#breadcrumb\",\"itemListElement\":[{\"@type\":\"ListItem\",\"position\":1,\"name\":\"Startseite\",\"item\":\"https:\\\/\\\/radioleinewelle.de\\\/\"},{\"@type\":\"ListItem\",\"position\":2,\"name\":\"Unaufgeregter und routinierter Start nach den Herbstferien\"}]},{\"@type\":\"WebSite\",\"@id\":\"https:\\\/\\\/radioleinewelle.de\\\/#website\",\"url\":\"https:\\\/\\\/radioleinewelle.de\\\/\",\"name\":\"Radio Leinewelle\",\"description\":\"\",\"publisher\":{\"@id\":\"https:\\\/\\\/radioleinewelle.de\\\/#organization\"},\"potentialAction\":[{\"@type\":\"SearchAction\",\"target\":{\"@type\":\"EntryPoint\",\"urlTemplate\":\"https:\\\/\\\/radioleinewelle.de\\\/?s={search_term_string}\"},\"query-input\":{\"@type\":\"PropertyValueSpecification\",\"valueRequired\":true,\"valueName\":\"search_term_string\"}}],\"inLanguage\":\"de\"},{\"@type\":\"Organization\",\"@id\":\"https:\\\/\\\/radioleinewelle.de\\\/#organization\",\"name\":\"Radio Leinewelle\",\"alternateName\":\"Mein Radio f\u00fcr S\u00fcdniedersachsen\",\"url\":\"https:\\\/\\\/radioleinewelle.de\\\/\",\"logo\":{\"@type\":\"ImageObject\",\"inLanguage\":\"de\",\"@id\":\"https:\\\/\\\/radioleinewelle.de\\\/#\\\/schema\\\/logo\\\/image\\\/\",\"url\":\"https:\\\/\\\/radioleinewelle.de\\\/wp-content\\\/uploads\\\/2023\\\/11\\\/cropped-Leinewelle_Logo_weiss.png\",\"contentUrl\":\"https:\\\/\\\/radioleinewelle.de\\\/wp-content\\\/uploads\\\/2023\\\/11\\\/cropped-Leinewelle_Logo_weiss.png\",\"width\":854,\"height\":260,\"caption\":\"Radio Leinewelle\"},\"image\":{\"@id\":\"https:\\\/\\\/radioleinewelle.de\\\/#\\\/schema\\\/logo\\\/image\\\/\"},\"sameAs\":[\"https:\\\/\\\/www.facebook.com\\\/radioleinewelle\",\"https:\\\/\\\/x.com\\\/RLeinewelle\",\"https:\\\/\\\/www.instagram.com\\\/radioleinewelle\\\/?hl=de\"]},{\"@type\":\"Person\",\"@id\":\"https:\\\/\\\/radioleinewelle.de\\\/#\\\/schema\\\/person\\\/45606f348637df637192dc1b68399a63\",\"name\":\"Leinewelle\",\"image\":{\"@type\":\"ImageObject\",\"inLanguage\":\"de\",\"@id\":\"https:\\\/\\\/secure.gravatar.com\\\/avatar\\\/05c9a17bc973052ee5d91549bd32fb4dd0dc85b7b85ae94b2e2b4943476bbea5?s=96&d=blank&r=g\",\"url\":\"https:\\\/\\\/secure.gravatar.com\\\/avatar\\\/05c9a17bc973052ee5d91549bd32fb4dd0dc85b7b85ae94b2e2b4943476bbea5?s=96&d=blank&r=g\",\"contentUrl\":\"https:\\\/\\\/secure.gravatar.com\\\/avatar\\\/05c9a17bc973052ee5d91549bd32fb4dd0dc85b7b85ae94b2e2b4943476bbea5?s=96&d=blank&r=g\",\"caption\":\"Leinewelle\"},\"sameAs\":[\"http:\\\/\\\/localhost\\\/radio%20leinewelle\\\/wordpress\",\"https:\\\/\\\/www.facebook.com\\\/radioleinewelle\",\"https:\\\/\\\/www.instagram.com\\\/radioleinewelle\",\"https:\\\/\\\/x.com\\\/https:\\\/\\\/twitter.com\\\/RLeinewelle?ref_src=twsrcgoogletwcampserptwgrauthor\",\"https:\\\/\\\/soundcloud.com\\\/foerderverein-lokalradio?utm_source=clipboard&utm_medium=text&utm_campaign=social_sharing\"],\"url\":\"https:\\\/\\\/radioleinewelle.de\\\/index.php\\\/author\\\/leinewelle\\\/\"}]}<\/script>\n<!-- \/ Yoast SEO plugin. -->","yoast_head_json":{"title":"Unaufgeregter und routinierter Start nach den Herbstferien - Radio Leinewelle","robots":{"index":"index","follow":"follow","max-snippet":"max-snippet:-1","max-image-preview":"max-image-preview:large","max-video-preview":"max-video-preview:-1"},"canonical":"https:\/\/radioleinewelle.de\/index.php\/2021\/11\/03\/unaufgeregter-und-routinierter-start-nach-den-herbstferien-2\/","og_locale":"de_DE","og_type":"article","og_title":"Unaufgeregter und routinierter Start nach den Herbstferien - Radio Leinewelle","og_description":"Der erste Schultag nach den Herbstferien ist unaufgeregt und \u00fcber das Land betrachtet offenbar reibungslos verlaufen, wie erste R\u00fcckmeldungen aus allgemein bildenden und berufsbildenden Schulen an die Regionalen Landes\u00e4mter f\u00fcr Schule und Bildung nahelegen. Demnach waren die Rahmenbedingungen der Sicherheitswoche, in der sich bis einschlie\u00dflich dem 5. November alle Sch\u00fclerinnen und Sch\u00fcler sowie das Schulpersonal [&hellip;]","og_url":"https:\/\/radioleinewelle.de\/index.php\/2021\/11\/03\/unaufgeregter-und-routinierter-start-nach-den-herbstferien-2\/","og_site_name":"Radio Leinewelle","article_publisher":"https:\/\/www.facebook.com\/radioleinewelle","article_author":"https:\/\/www.facebook.com\/radioleinewelle","article_published_time":"2021-11-03T05:26:09+00:00","author":"Leinewelle","twitter_card":"summary_large_image","twitter_creator":"@https:\/\/twitter.com\/RLeinewelle?ref_src=twsrcgoogletwcampserptwgrauthor","twitter_site":"@RLeinewelle","twitter_misc":{"Verfasst von":"Leinewelle","Gesch\u00e4tzte Lesezeit":"2\u00a0Minuten"},"schema":{"@context":"https:\/\/schema.org","@graph":[{"@type":"Article","@id":"https:\/\/radioleinewelle.de\/index.php\/2021\/11\/03\/unaufgeregter-und-routinierter-start-nach-den-herbstferien-2\/#article","isPartOf":{"@id":"https:\/\/radioleinewelle.de\/index.php\/2021\/11\/03\/unaufgeregter-und-routinierter-start-nach-den-herbstferien-2\/"},"author":{"name":"Leinewelle","@id":"https:\/\/radioleinewelle.de\/#\/schema\/person\/45606f348637df637192dc1b68399a63"},"headline":"Unaufgeregter und routinierter Start nach den Herbstferien","datePublished":"2021-11-03T05:26:09+00:00","mainEntityOfPage":{"@id":"https:\/\/radioleinewelle.de\/index.php\/2021\/11\/03\/unaufgeregter-und-routinierter-start-nach-den-herbstferien-2\/"},"wordCount":278,"publisher":{"@id":"https:\/\/radioleinewelle.de\/#organization"},"keywords":["Kultusminister Grant Hendrik Tonne","Schulstart in Niedersachsen"],"articleSection":["Schule &amp; Ausbildung"],"inLanguage":"de"},{"@type":"WebPage","@id":"https:\/\/radioleinewelle.de\/index.php\/2021\/11\/03\/unaufgeregter-und-routinierter-start-nach-den-herbstferien-2\/","url":"https:\/\/radioleinewelle.de\/index.php\/2021\/11\/03\/unaufgeregter-und-routinierter-start-nach-den-herbstferien-2\/","name":"Unaufgeregter und routinierter Start nach den Herbstferien - Radio Leinewelle","isPartOf":{"@id":"https:\/\/radioleinewelle.de\/#website"},"datePublished":"2021-11-03T05:26:09+00:00","breadcrumb":{"@id":"https:\/\/radioleinewelle.de\/index.php\/2021\/11\/03\/unaufgeregter-und-routinierter-start-nach-den-herbstferien-2\/#breadcrumb"},"inLanguage":"de","potentialAction":[{"@type":"ReadAction","target":["https:\/\/radioleinewelle.de\/index.php\/2021\/11\/03\/unaufgeregter-und-routinierter-start-nach-den-herbstferien-2\/"]}]},{"@type":"BreadcrumbList","@id":"https:\/\/radioleinewelle.de\/index.php\/2021\/11\/03\/unaufgeregter-und-routinierter-start-nach-den-herbstferien-2\/#breadcrumb","itemListElement":[{"@type":"ListItem","position":1,"name":"Startseite","item":"https:\/\/radioleinewelle.de\/"},{"@type":"ListItem","position":2,"name":"Unaufgeregter und routinierter Start nach den Herbstferien"}]},{"@type":"WebSite","@id":"https:\/\/radioleinewelle.de\/#website","url":"https:\/\/radioleinewelle.de\/","name":"Radio Leinewelle","description":"","publisher":{"@id":"https:\/\/radioleinewelle.de\/#organization"},"potentialAction":[{"@type":"SearchAction","target":{"@type":"EntryPoint","urlTemplate":"https:\/\/radioleinewelle.de\/?s={search_term_string}"},"query-input":{"@type":"PropertyValueSpecification","valueRequired":true,"valueName":"search_term_string"}}],"inLanguage":"de"},{"@type":"Organization","@id":"https:\/\/radioleinewelle.de\/#organization","name":"Radio Leinewelle","alternateName":"Mein Radio f\u00fcr S\u00fcdniedersachsen","url":"https:\/\/radioleinewelle.de\/","logo":{"@type":"ImageObject","inLanguage":"de","@id":"https:\/\/radioleinewelle.de\/#\/schema\/logo\/image\/","url":"https:\/\/radioleinewelle.de\/wp-content\/uploads\/2023\/11\/cropped-Leinewelle_Logo_weiss.png","contentUrl":"https:\/\/radioleinewelle.de\/wp-content\/uploads\/2023\/11\/cropped-Leinewelle_Logo_weiss.png","width":854,"height":260,"caption":"Radio Leinewelle"},"image":{"@id":"https:\/\/radioleinewelle.de\/#\/schema\/logo\/image\/"},"sameAs":["https:\/\/www.facebook.com\/radioleinewelle","https:\/\/x.com\/RLeinewelle","https:\/\/www.instagram.com\/radioleinewelle\/?hl=de"]},{"@type":"Person","@id":"https:\/\/radioleinewelle.de\/#\/schema\/person\/45606f348637df637192dc1b68399a63","name":"Leinewelle","image":{"@type":"ImageObject","inLanguage":"de","@id":"https:\/\/secure.gravatar.com\/avatar\/05c9a17bc973052ee5d91549bd32fb4dd0dc85b7b85ae94b2e2b4943476bbea5?s=96&d=blank&r=g","url":"https:\/\/secure.gravatar.com\/avatar\/05c9a17bc973052ee5d91549bd32fb4dd0dc85b7b85ae94b2e2b4943476bbea5?s=96&d=blank&r=g","contentUrl":"https:\/\/secure.gravatar.com\/avatar\/05c9a17bc973052ee5d91549bd32fb4dd0dc85b7b85ae94b2e2b4943476bbea5?s=96&d=blank&r=g","caption":"Leinewelle"},"sameAs":["http:\/\/localhost\/radio%20leinewelle\/wordpress","https:\/\/www.facebook.com\/radioleinewelle","https:\/\/www.instagram.com\/radioleinewelle","https:\/\/x.com\/https:\/\/twitter.com\/RLeinewelle?ref_src=twsrcgoogletwcampserptwgrauthor","https:\/\/soundcloud.com\/foerderverein-lokalradio?utm_source=clipboard&utm_medium=text&utm_campaign=social_sharing"],"url":"https:\/\/radioleinewelle.de\/index.php\/author\/leinewelle\/"}]}},"_links":{"self":[{"href":"https:\/\/radioleinewelle.de\/index.php\/wp-json\/wp\/v2\/posts\/11360","targetHints":{"allow":["GET"]}}],"collection":[{"href":"https:\/\/radioleinewelle.de\/index.php\/wp-json\/wp\/v2\/posts"}],"about":[{"href":"https:\/\/radioleinewelle.de\/index.php\/wp-json\/wp\/v2\/types\/post"}],"author":[{"embeddable":true,"href":"https:\/\/radioleinewelle.de\/index.php\/wp-json\/wp\/v2\/users\/1"}],"replies":[{"embeddable":true,"href":"https:\/\/radioleinewelle.de\/index.php\/wp-json\/wp\/v2\/comments?post=11360"}],"version-history":[{"count":0,"href":"https:\/\/radioleinewelle.de\/index.php\/wp-json\/wp\/v2\/posts\/11360\/revisions"}],"wp:attachment":[{"href":"https:\/\/radioleinewelle.de\/index.php\/wp-json\/wp\/v2\/media?parent=11360"}],"wp:term":[{"taxonomy":"category","embeddable":true,"href":"https:\/\/radioleinewelle.de\/index.php\/wp-json\/wp\/v2\/categories?post=11360"},{"taxonomy":"post_tag","embeddable":true,"href":"https:\/\/radioleinewelle.de\/index.php\/wp-json\/wp\/v2\/tags?post=11360"}],"curies":[{"name":"wp","href":"https:\/\/api.w.org\/{rel}","templated":true}]}}