{"id":11416,"date":"2021-11-06T05:48:26","date_gmt":"2021-11-06T04:48:26","guid":{"rendered":"https:\/\/radioleinewelle.de\/?p=11416"},"modified":"2021-11-06T05:48:26","modified_gmt":"2021-11-06T04:48:26","slug":"konfirmandinnen-spenden-goettinger-migrationszentrum-ueber-1-000-euro","status":"publish","type":"post","link":"https:\/\/radioleinewelle.de\/index.php\/2021\/11\/06\/konfirmandinnen-spenden-goettinger-migrationszentrum-ueber-1-000-euro\/","title":{"rendered":"Konfirmand:innen spenden G\u00f6ttinger Migrationszentrum \u00fcber 1.000 Euro"},"content":{"rendered":"\n<p>G\u00f6ttingen.&nbsp;Konfirmand:innen aus der St. Martini-Gemeinde Lenglern haben dem Migrationszentrum f\u00fcr Stadt und Landkreis G\u00f6ttingen, eine Abteilung des Diakonieverbandes in Tr\u00e4gerschaft des Kirchenkreises G\u00f6ttingen, \u00fcber 1.000 Euro gespendet.<\/p>\n\n\n\n<p>Pastor Daniel K\u00fcchenmeister: \u201eJedes Jahr gehen unsere Konfis in der Woche vor Erntedank los und machen in Lenglern eine Haussammlung. Sie tragen Erntegaben f\u00fcr den Altar zusammen, die nach dem Gottesdienst die Tafel G\u00f6ttingen erh\u00e4lt, und Geldspenden. Wohin das Geld geht, entscheidet die Gruppe. Wir informieren sie vorher, was es f\u00fcr Hilfsorganisationen in der Umgebung gibt.\u201c In diesem Jahr kam eine Summe von rund 2.100 Euro zusammen. Mit 50 Prozent wurde die Diakonie in Lenglern bedacht, die anderen 50 Prozent hat das Migrationszentrum erhalten.<\/p>\n\n\n\n<p>Die Mitarbeiter:innen des Migrationszentrums waren \u00fcber den gro\u00dfen Einsatz der Kinder begeistert und luden die Konfirmand:innen zu sich ein. Bei Keksen und Saft erl\u00e4uterten Natascha Wellmann-Rizo und Barbara Maa\u00dfen am Beispiel einer syrischen Familie ihre Arbeit.<\/p>\n\n\n\n<p>\u201eIch freue mich sehr \u00fcber das Interesse der Kinder an unserer Arbeit. Sie waren vorab schon gut informiert und haben zielsicher den Weg der Familie aus Syrien nach G\u00f6ttingen <\/p>\n\n\n\n<p>nachgezeichnet\u201c, so Wellmann-Rizo, die unter anderem f\u00fcr das Projekt \u201eSei Willkommen \u2013 Koordination ehrenamtlicher Fl\u00fcchtlingshilfe\u201c zust\u00e4ndig ist. \u201eF\u00fcr die gro\u00dfe Spende der Gruppe bedanken wir uns alle sehr herzlich. Das hilft uns und den Menschen, die zu uns in die Beratung kommen sehr.\u201c<\/p>\n\n\n\n<p>Gerade im Hinblick auf die drohenden K\u00fcrzungen seitens des Landes Niedersachsen f\u00fcr alle Migrationsberatungsstellen ist das Migrationszentrum in G\u00f6ttingen auf Spenden angewiesen. Weitere Informationen finden Sie unter: <a href=\"https:\/\/migrationszentrum-goettingen.wir-e.de\"><strong>https:\/\/migrationszentrum-goettingen.w<\/strong>ir-e.de<\/a> spenden.<\/p>\n\n\n\n<p>BU:&nbsp;v.l.:&nbsp;Natascha Wellmann-Rizo und Barbara Maa\u00dfen vom Migrationszentrum erl\u00e4utern den Kindern ihre Arbeit&nbsp;(Bild: Jeanine Rudat).<\/p>\n","protected":false},"excerpt":{"rendered":"<p>G\u00f6ttingen.&nbsp;Konfirmand:innen aus der St. Martini-Gemeinde Lenglern haben dem Migrationszentrum f\u00fcr Stadt und Landkreis G\u00f6ttingen, eine Abteilung des Diakonieverbandes in Tr\u00e4gerschaft des Kirchenkreises G\u00f6ttingen, \u00fcber 1.000 Euro gespendet. Pastor Daniel K\u00fcchenmeister: \u201eJedes Jahr gehen unsere Konfis in der Woche vor Erntedank los und machen in Lenglern eine Haussammlung. Sie tragen Erntegaben f\u00fcr den Altar zusammen, die [&hellip;]<\/p>\n","protected":false},"author":1,"featured_media":11420,"comment_status":"closed","ping_status":"closed","sticky":false,"template":"","format":"standard","meta":{"saved_in_kubio":false,"footnotes":""},"categories":[49,43],"tags":[2183,2473],"class_list":["post-11416","post","type-post","status-publish","format-standard","has-post-thumbnail","hentry","category-charity","category-migration","tag-migrationszentrum-goettingen","tag-spende-konfirmandinnen"],"yoast_head":"<!-- This site is optimized with the Yoast SEO plugin v27.4 - https:\/\/yoast.com\/product\/yoast-seo-wordpress\/ -->\n<title>Konfirmand:innen spenden G\u00f6ttinger Migrationszentrum \u00fcber 1.000 Euro - Radio Leinewelle<\/title>\n<meta name=\"robots\" content=\"index, follow, max-snippet:-1, max-image-preview:large, max-video-preview:-1\" \/>\n<link rel=\"canonical\" href=\"https:\/\/radioleinewelle.de\/index.php\/2021\/11\/06\/konfirmandinnen-spenden-goettinger-migrationszentrum-ueber-1-000-euro\/\" \/>\n<meta property=\"og:locale\" content=\"de_DE\" \/>\n<meta property=\"og:type\" content=\"article\" \/>\n<meta property=\"og:title\" content=\"Konfirmand:innen spenden G\u00f6ttinger Migrationszentrum \u00fcber 1.000 Euro - Radio Leinewelle\" \/>\n<meta property=\"og:description\" content=\"G\u00f6ttingen.&nbsp;Konfirmand:innen aus der St. Martini-Gemeinde Lenglern haben dem Migrationszentrum f\u00fcr Stadt und Landkreis G\u00f6ttingen, eine Abteilung des Diakonieverbandes in Tr\u00e4gerschaft des Kirchenkreises G\u00f6ttingen, \u00fcber 1.000 Euro gespendet. Pastor Daniel K\u00fcchenmeister: \u201eJedes Jahr gehen unsere Konfis in der Woche vor Erntedank los und machen in Lenglern eine Haussammlung. Sie tragen Erntegaben f\u00fcr den Altar zusammen, die [&hellip;]\" \/>\n<meta property=\"og:url\" content=\"https:\/\/radioleinewelle.de\/index.php\/2021\/11\/06\/konfirmandinnen-spenden-goettinger-migrationszentrum-ueber-1-000-euro\/\" \/>\n<meta property=\"og:site_name\" content=\"Radio Leinewelle\" \/>\n<meta property=\"article:publisher\" content=\"https:\/\/www.facebook.com\/radioleinewelle\" \/>\n<meta property=\"article:author\" content=\"https:\/\/www.facebook.com\/radioleinewelle\" \/>\n<meta property=\"article:published_time\" content=\"2021-11-06T04:48:26+00:00\" \/>\n<meta property=\"og:image\" content=\"https:\/\/radioleinewelle.de\/wp-content\/uploads\/2021\/11\/Bild-1-scaled-1.jpg\" \/>\n\t<meta property=\"og:image:width\" content=\"2560\" \/>\n\t<meta property=\"og:image:height\" content=\"2082\" \/>\n\t<meta property=\"og:image:type\" content=\"image\/jpeg\" \/>\n<meta name=\"author\" content=\"Leinewelle\" \/>\n<meta name=\"twitter:card\" content=\"summary_large_image\" \/>\n<meta name=\"twitter:creator\" content=\"@https:\/\/twitter.com\/RLeinewelle?ref_src=twsrcgoogletwcampserptwgrauthor\" \/>\n<meta name=\"twitter:site\" content=\"@RLeinewelle\" \/>\n<meta name=\"twitter:label1\" content=\"Verfasst von\" \/>\n\t<meta name=\"twitter:data1\" content=\"Leinewelle\" \/>\n\t<meta name=\"twitter:label2\" content=\"Gesch\u00e4tzte Lesezeit\" \/>\n\t<meta name=\"twitter:data2\" content=\"2\u00a0Minuten\" \/>\n<script type=\"application\/ld+json\" class=\"yoast-schema-graph\">{\"@context\":\"https:\\\/\\\/schema.org\",\"@graph\":[{\"@type\":\"Article\",\"@id\":\"https:\\\/\\\/radioleinewelle.de\\\/index.php\\\/2021\\\/11\\\/06\\\/konfirmandinnen-spenden-goettinger-migrationszentrum-ueber-1-000-euro\\\/#article\",\"isPartOf\":{\"@id\":\"https:\\\/\\\/radioleinewelle.de\\\/index.php\\\/2021\\\/11\\\/06\\\/konfirmandinnen-spenden-goettinger-migrationszentrum-ueber-1-000-euro\\\/\"},\"author\":{\"name\":\"Leinewelle\",\"@id\":\"https:\\\/\\\/radioleinewelle.de\\\/#\\\/schema\\\/person\\\/45606f348637df637192dc1b68399a63\"},\"headline\":\"Konfirmand:innen spenden G\u00f6ttinger Migrationszentrum \u00fcber 1.000 Euro\",\"datePublished\":\"2021-11-06T04:48:26+00:00\",\"mainEntityOfPage\":{\"@id\":\"https:\\\/\\\/radioleinewelle.de\\\/index.php\\\/2021\\\/11\\\/06\\\/konfirmandinnen-spenden-goettinger-migrationszentrum-ueber-1-000-euro\\\/\"},\"wordCount\":304,\"publisher\":{\"@id\":\"https:\\\/\\\/radioleinewelle.de\\\/#organization\"},\"image\":{\"@id\":\"https:\\\/\\\/radioleinewelle.de\\\/index.php\\\/2021\\\/11\\\/06\\\/konfirmandinnen-spenden-goettinger-migrationszentrum-ueber-1-000-euro\\\/#primaryimage\"},\"thumbnailUrl\":\"https:\\\/\\\/radioleinewelle.de\\\/wp-content\\\/uploads\\\/2021\\\/11\\\/Bild-1-scaled-1.jpg\",\"keywords\":[\"Migrationszentrum G\u00f6ttingen\",\"Spende Konfirmand:innen\"],\"articleSection\":[\"Charity\",\"Migration\"],\"inLanguage\":\"de\"},{\"@type\":\"WebPage\",\"@id\":\"https:\\\/\\\/radioleinewelle.de\\\/index.php\\\/2021\\\/11\\\/06\\\/konfirmandinnen-spenden-goettinger-migrationszentrum-ueber-1-000-euro\\\/\",\"url\":\"https:\\\/\\\/radioleinewelle.de\\\/index.php\\\/2021\\\/11\\\/06\\\/konfirmandinnen-spenden-goettinger-migrationszentrum-ueber-1-000-euro\\\/\",\"name\":\"Konfirmand:innen spenden G\u00f6ttinger Migrationszentrum \u00fcber 1.000 Euro - Radio Leinewelle\",\"isPartOf\":{\"@id\":\"https:\\\/\\\/radioleinewelle.de\\\/#website\"},\"primaryImageOfPage\":{\"@id\":\"https:\\\/\\\/radioleinewelle.de\\\/index.php\\\/2021\\\/11\\\/06\\\/konfirmandinnen-spenden-goettinger-migrationszentrum-ueber-1-000-euro\\\/#primaryimage\"},\"image\":{\"@id\":\"https:\\\/\\\/radioleinewelle.de\\\/index.php\\\/2021\\\/11\\\/06\\\/konfirmandinnen-spenden-goettinger-migrationszentrum-ueber-1-000-euro\\\/#primaryimage\"},\"thumbnailUrl\":\"https:\\\/\\\/radioleinewelle.de\\\/wp-content\\\/uploads\\\/2021\\\/11\\\/Bild-1-scaled-1.jpg\",\"datePublished\":\"2021-11-06T04:48:26+00:00\",\"breadcrumb\":{\"@id\":\"https:\\\/\\\/radioleinewelle.de\\\/index.php\\\/2021\\\/11\\\/06\\\/konfirmandinnen-spenden-goettinger-migrationszentrum-ueber-1-000-euro\\\/#breadcrumb\"},\"inLanguage\":\"de\",\"potentialAction\":[{\"@type\":\"ReadAction\",\"target\":[\"https:\\\/\\\/radioleinewelle.de\\\/index.php\\\/2021\\\/11\\\/06\\\/konfirmandinnen-spenden-goettinger-migrationszentrum-ueber-1-000-euro\\\/\"]}]},{\"@type\":\"ImageObject\",\"inLanguage\":\"de\",\"@id\":\"https:\\\/\\\/radioleinewelle.de\\\/index.php\\\/2021\\\/11\\\/06\\\/konfirmandinnen-spenden-goettinger-migrationszentrum-ueber-1-000-euro\\\/#primaryimage\",\"url\":\"https:\\\/\\\/radioleinewelle.de\\\/wp-content\\\/uploads\\\/2021\\\/11\\\/Bild-1-scaled-1.jpg\",\"contentUrl\":\"https:\\\/\\\/radioleinewelle.de\\\/wp-content\\\/uploads\\\/2021\\\/11\\\/Bild-1-scaled-1.jpg\",\"width\":2560,\"height\":2082},{\"@type\":\"BreadcrumbList\",\"@id\":\"https:\\\/\\\/radioleinewelle.de\\\/index.php\\\/2021\\\/11\\\/06\\\/konfirmandinnen-spenden-goettinger-migrationszentrum-ueber-1-000-euro\\\/#breadcrumb\",\"itemListElement\":[{\"@type\":\"ListItem\",\"position\":1,\"name\":\"Startseite\",\"item\":\"https:\\\/\\\/radioleinewelle.de\\\/\"},{\"@type\":\"ListItem\",\"position\":2,\"name\":\"Konfirmand:innen spenden G\u00f6ttinger Migrationszentrum \u00fcber 1.000 Euro\"}]},{\"@type\":\"WebSite\",\"@id\":\"https:\\\/\\\/radioleinewelle.de\\\/#website\",\"url\":\"https:\\\/\\\/radioleinewelle.de\\\/\",\"name\":\"Radio Leinewelle\",\"description\":\"\",\"publisher\":{\"@id\":\"https:\\\/\\\/radioleinewelle.de\\\/#organization\"},\"potentialAction\":[{\"@type\":\"SearchAction\",\"target\":{\"@type\":\"EntryPoint\",\"urlTemplate\":\"https:\\\/\\\/radioleinewelle.de\\\/?s={search_term_string}\"},\"query-input\":{\"@type\":\"PropertyValueSpecification\",\"valueRequired\":true,\"valueName\":\"search_term_string\"}}],\"inLanguage\":\"de\"},{\"@type\":\"Organization\",\"@id\":\"https:\\\/\\\/radioleinewelle.de\\\/#organization\",\"name\":\"Radio Leinewelle\",\"alternateName\":\"Mein Radio f\u00fcr S\u00fcdniedersachsen\",\"url\":\"https:\\\/\\\/radioleinewelle.de\\\/\",\"logo\":{\"@type\":\"ImageObject\",\"inLanguage\":\"de\",\"@id\":\"https:\\\/\\\/radioleinewelle.de\\\/#\\\/schema\\\/logo\\\/image\\\/\",\"url\":\"https:\\\/\\\/radioleinewelle.de\\\/wp-content\\\/uploads\\\/2023\\\/11\\\/cropped-Leinewelle_Logo_weiss.png\",\"contentUrl\":\"https:\\\/\\\/radioleinewelle.de\\\/wp-content\\\/uploads\\\/2023\\\/11\\\/cropped-Leinewelle_Logo_weiss.png\",\"width\":854,\"height\":260,\"caption\":\"Radio Leinewelle\"},\"image\":{\"@id\":\"https:\\\/\\\/radioleinewelle.de\\\/#\\\/schema\\\/logo\\\/image\\\/\"},\"sameAs\":[\"https:\\\/\\\/www.facebook.com\\\/radioleinewelle\",\"https:\\\/\\\/x.com\\\/RLeinewelle\",\"https:\\\/\\\/www.instagram.com\\\/radioleinewelle\\\/?hl=de\"]},{\"@type\":\"Person\",\"@id\":\"https:\\\/\\\/radioleinewelle.de\\\/#\\\/schema\\\/person\\\/45606f348637df637192dc1b68399a63\",\"name\":\"Leinewelle\",\"image\":{\"@type\":\"ImageObject\",\"inLanguage\":\"de\",\"@id\":\"https:\\\/\\\/secure.gravatar.com\\\/avatar\\\/05c9a17bc973052ee5d91549bd32fb4dd0dc85b7b85ae94b2e2b4943476bbea5?s=96&d=blank&r=g\",\"url\":\"https:\\\/\\\/secure.gravatar.com\\\/avatar\\\/05c9a17bc973052ee5d91549bd32fb4dd0dc85b7b85ae94b2e2b4943476bbea5?s=96&d=blank&r=g\",\"contentUrl\":\"https:\\\/\\\/secure.gravatar.com\\\/avatar\\\/05c9a17bc973052ee5d91549bd32fb4dd0dc85b7b85ae94b2e2b4943476bbea5?s=96&d=blank&r=g\",\"caption\":\"Leinewelle\"},\"sameAs\":[\"http:\\\/\\\/localhost\\\/radio%20leinewelle\\\/wordpress\",\"https:\\\/\\\/www.facebook.com\\\/radioleinewelle\",\"https:\\\/\\\/www.instagram.com\\\/radioleinewelle\",\"https:\\\/\\\/x.com\\\/https:\\\/\\\/twitter.com\\\/RLeinewelle?ref_src=twsrcgoogletwcampserptwgrauthor\",\"https:\\\/\\\/soundcloud.com\\\/foerderverein-lokalradio?utm_source=clipboard&utm_medium=text&utm_campaign=social_sharing\"],\"url\":\"https:\\\/\\\/radioleinewelle.de\\\/index.php\\\/author\\\/leinewelle\\\/\"}]}<\/script>\n<!-- \/ Yoast SEO plugin. -->","yoast_head_json":{"title":"Konfirmand:innen spenden G\u00f6ttinger Migrationszentrum \u00fcber 1.000 Euro - Radio Leinewelle","robots":{"index":"index","follow":"follow","max-snippet":"max-snippet:-1","max-image-preview":"max-image-preview:large","max-video-preview":"max-video-preview:-1"},"canonical":"https:\/\/radioleinewelle.de\/index.php\/2021\/11\/06\/konfirmandinnen-spenden-goettinger-migrationszentrum-ueber-1-000-euro\/","og_locale":"de_DE","og_type":"article","og_title":"Konfirmand:innen spenden G\u00f6ttinger Migrationszentrum \u00fcber 1.000 Euro - Radio Leinewelle","og_description":"G\u00f6ttingen.&nbsp;Konfirmand:innen aus der St. Martini-Gemeinde Lenglern haben dem Migrationszentrum f\u00fcr Stadt und Landkreis G\u00f6ttingen, eine Abteilung des Diakonieverbandes in Tr\u00e4gerschaft des Kirchenkreises G\u00f6ttingen, \u00fcber 1.000 Euro gespendet. Pastor Daniel K\u00fcchenmeister: \u201eJedes Jahr gehen unsere Konfis in der Woche vor Erntedank los und machen in Lenglern eine Haussammlung. Sie tragen Erntegaben f\u00fcr den Altar zusammen, die [&hellip;]","og_url":"https:\/\/radioleinewelle.de\/index.php\/2021\/11\/06\/konfirmandinnen-spenden-goettinger-migrationszentrum-ueber-1-000-euro\/","og_site_name":"Radio Leinewelle","article_publisher":"https:\/\/www.facebook.com\/radioleinewelle","article_author":"https:\/\/www.facebook.com\/radioleinewelle","article_published_time":"2021-11-06T04:48:26+00:00","og_image":[{"width":2560,"height":2082,"url":"https:\/\/radioleinewelle.de\/wp-content\/uploads\/2021\/11\/Bild-1-scaled-1.jpg","type":"image\/jpeg"}],"author":"Leinewelle","twitter_card":"summary_large_image","twitter_creator":"@https:\/\/twitter.com\/RLeinewelle?ref_src=twsrcgoogletwcampserptwgrauthor","twitter_site":"@RLeinewelle","twitter_misc":{"Verfasst von":"Leinewelle","Gesch\u00e4tzte Lesezeit":"2\u00a0Minuten"},"schema":{"@context":"https:\/\/schema.org","@graph":[{"@type":"Article","@id":"https:\/\/radioleinewelle.de\/index.php\/2021\/11\/06\/konfirmandinnen-spenden-goettinger-migrationszentrum-ueber-1-000-euro\/#article","isPartOf":{"@id":"https:\/\/radioleinewelle.de\/index.php\/2021\/11\/06\/konfirmandinnen-spenden-goettinger-migrationszentrum-ueber-1-000-euro\/"},"author":{"name":"Leinewelle","@id":"https:\/\/radioleinewelle.de\/#\/schema\/person\/45606f348637df637192dc1b68399a63"},"headline":"Konfirmand:innen spenden G\u00f6ttinger Migrationszentrum \u00fcber 1.000 Euro","datePublished":"2021-11-06T04:48:26+00:00","mainEntityOfPage":{"@id":"https:\/\/radioleinewelle.de\/index.php\/2021\/11\/06\/konfirmandinnen-spenden-goettinger-migrationszentrum-ueber-1-000-euro\/"},"wordCount":304,"publisher":{"@id":"https:\/\/radioleinewelle.de\/#organization"},"image":{"@id":"https:\/\/radioleinewelle.de\/index.php\/2021\/11\/06\/konfirmandinnen-spenden-goettinger-migrationszentrum-ueber-1-000-euro\/#primaryimage"},"thumbnailUrl":"https:\/\/radioleinewelle.de\/wp-content\/uploads\/2021\/11\/Bild-1-scaled-1.jpg","keywords":["Migrationszentrum G\u00f6ttingen","Spende Konfirmand:innen"],"articleSection":["Charity","Migration"],"inLanguage":"de"},{"@type":"WebPage","@id":"https:\/\/radioleinewelle.de\/index.php\/2021\/11\/06\/konfirmandinnen-spenden-goettinger-migrationszentrum-ueber-1-000-euro\/","url":"https:\/\/radioleinewelle.de\/index.php\/2021\/11\/06\/konfirmandinnen-spenden-goettinger-migrationszentrum-ueber-1-000-euro\/","name":"Konfirmand:innen spenden G\u00f6ttinger Migrationszentrum \u00fcber 1.000 Euro - Radio Leinewelle","isPartOf":{"@id":"https:\/\/radioleinewelle.de\/#website"},"primaryImageOfPage":{"@id":"https:\/\/radioleinewelle.de\/index.php\/2021\/11\/06\/konfirmandinnen-spenden-goettinger-migrationszentrum-ueber-1-000-euro\/#primaryimage"},"image":{"@id":"https:\/\/radioleinewelle.de\/index.php\/2021\/11\/06\/konfirmandinnen-spenden-goettinger-migrationszentrum-ueber-1-000-euro\/#primaryimage"},"thumbnailUrl":"https:\/\/radioleinewelle.de\/wp-content\/uploads\/2021\/11\/Bild-1-scaled-1.jpg","datePublished":"2021-11-06T04:48:26+00:00","breadcrumb":{"@id":"https:\/\/radioleinewelle.de\/index.php\/2021\/11\/06\/konfirmandinnen-spenden-goettinger-migrationszentrum-ueber-1-000-euro\/#breadcrumb"},"inLanguage":"de","potentialAction":[{"@type":"ReadAction","target":["https:\/\/radioleinewelle.de\/index.php\/2021\/11\/06\/konfirmandinnen-spenden-goettinger-migrationszentrum-ueber-1-000-euro\/"]}]},{"@type":"ImageObject","inLanguage":"de","@id":"https:\/\/radioleinewelle.de\/index.php\/2021\/11\/06\/konfirmandinnen-spenden-goettinger-migrationszentrum-ueber-1-000-euro\/#primaryimage","url":"https:\/\/radioleinewelle.de\/wp-content\/uploads\/2021\/11\/Bild-1-scaled-1.jpg","contentUrl":"https:\/\/radioleinewelle.de\/wp-content\/uploads\/2021\/11\/Bild-1-scaled-1.jpg","width":2560,"height":2082},{"@type":"BreadcrumbList","@id":"https:\/\/radioleinewelle.de\/index.php\/2021\/11\/06\/konfirmandinnen-spenden-goettinger-migrationszentrum-ueber-1-000-euro\/#breadcrumb","itemListElement":[{"@type":"ListItem","position":1,"name":"Startseite","item":"https:\/\/radioleinewelle.de\/"},{"@type":"ListItem","position":2,"name":"Konfirmand:innen spenden G\u00f6ttinger Migrationszentrum \u00fcber 1.000 Euro"}]},{"@type":"WebSite","@id":"https:\/\/radioleinewelle.de\/#website","url":"https:\/\/radioleinewelle.de\/","name":"Radio Leinewelle","description":"","publisher":{"@id":"https:\/\/radioleinewelle.de\/#organization"},"potentialAction":[{"@type":"SearchAction","target":{"@type":"EntryPoint","urlTemplate":"https:\/\/radioleinewelle.de\/?s={search_term_string}"},"query-input":{"@type":"PropertyValueSpecification","valueRequired":true,"valueName":"search_term_string"}}],"inLanguage":"de"},{"@type":"Organization","@id":"https:\/\/radioleinewelle.de\/#organization","name":"Radio Leinewelle","alternateName":"Mein Radio f\u00fcr S\u00fcdniedersachsen","url":"https:\/\/radioleinewelle.de\/","logo":{"@type":"ImageObject","inLanguage":"de","@id":"https:\/\/radioleinewelle.de\/#\/schema\/logo\/image\/","url":"https:\/\/radioleinewelle.de\/wp-content\/uploads\/2023\/11\/cropped-Leinewelle_Logo_weiss.png","contentUrl":"https:\/\/radioleinewelle.de\/wp-content\/uploads\/2023\/11\/cropped-Leinewelle_Logo_weiss.png","width":854,"height":260,"caption":"Radio Leinewelle"},"image":{"@id":"https:\/\/radioleinewelle.de\/#\/schema\/logo\/image\/"},"sameAs":["https:\/\/www.facebook.com\/radioleinewelle","https:\/\/x.com\/RLeinewelle","https:\/\/www.instagram.com\/radioleinewelle\/?hl=de"]},{"@type":"Person","@id":"https:\/\/radioleinewelle.de\/#\/schema\/person\/45606f348637df637192dc1b68399a63","name":"Leinewelle","image":{"@type":"ImageObject","inLanguage":"de","@id":"https:\/\/secure.gravatar.com\/avatar\/05c9a17bc973052ee5d91549bd32fb4dd0dc85b7b85ae94b2e2b4943476bbea5?s=96&d=blank&r=g","url":"https:\/\/secure.gravatar.com\/avatar\/05c9a17bc973052ee5d91549bd32fb4dd0dc85b7b85ae94b2e2b4943476bbea5?s=96&d=blank&r=g","contentUrl":"https:\/\/secure.gravatar.com\/avatar\/05c9a17bc973052ee5d91549bd32fb4dd0dc85b7b85ae94b2e2b4943476bbea5?s=96&d=blank&r=g","caption":"Leinewelle"},"sameAs":["http:\/\/localhost\/radio%20leinewelle\/wordpress","https:\/\/www.facebook.com\/radioleinewelle","https:\/\/www.instagram.com\/radioleinewelle","https:\/\/x.com\/https:\/\/twitter.com\/RLeinewelle?ref_src=twsrcgoogletwcampserptwgrauthor","https:\/\/soundcloud.com\/foerderverein-lokalradio?utm_source=clipboard&utm_medium=text&utm_campaign=social_sharing"],"url":"https:\/\/radioleinewelle.de\/index.php\/author\/leinewelle\/"}]}},"_links":{"self":[{"href":"https:\/\/radioleinewelle.de\/index.php\/wp-json\/wp\/v2\/posts\/11416","targetHints":{"allow":["GET"]}}],"collection":[{"href":"https:\/\/radioleinewelle.de\/index.php\/wp-json\/wp\/v2\/posts"}],"about":[{"href":"https:\/\/radioleinewelle.de\/index.php\/wp-json\/wp\/v2\/types\/post"}],"author":[{"embeddable":true,"href":"https:\/\/radioleinewelle.de\/index.php\/wp-json\/wp\/v2\/users\/1"}],"replies":[{"embeddable":true,"href":"https:\/\/radioleinewelle.de\/index.php\/wp-json\/wp\/v2\/comments?post=11416"}],"version-history":[{"count":0,"href":"https:\/\/radioleinewelle.de\/index.php\/wp-json\/wp\/v2\/posts\/11416\/revisions"}],"wp:featuredmedia":[{"embeddable":true,"href":"https:\/\/radioleinewelle.de\/index.php\/wp-json\/wp\/v2\/media\/11420"}],"wp:attachment":[{"href":"https:\/\/radioleinewelle.de\/index.php\/wp-json\/wp\/v2\/media?parent=11416"}],"wp:term":[{"taxonomy":"category","embeddable":true,"href":"https:\/\/radioleinewelle.de\/index.php\/wp-json\/wp\/v2\/categories?post=11416"},{"taxonomy":"post_tag","embeddable":true,"href":"https:\/\/radioleinewelle.de\/index.php\/wp-json\/wp\/v2\/tags?post=11416"}],"curies":[{"name":"wp","href":"https:\/\/api.w.org\/{rel}","templated":true}]}}