{"id":1158,"date":"2020-08-11T09:06:15","date_gmt":"2020-08-11T07:06:15","guid":{"rendered":"https:\/\/radioleinewelle.de\/?p=1158"},"modified":"2023-01-31T12:03:34","modified_gmt":"2023-01-31T11:03:34","slug":"staedtekooperation-wirbt-fuer-lokalen-tourismus","status":"publish","type":"post","link":"https:\/\/radioleinewelle.de\/index.php\/2020\/08\/11\/staedtekooperation-wirbt-fuer-lokalen-tourismus\/","title":{"rendered":"St\u00e4dtekooperation wirbt f\u00fcr lokalen Tourismus"},"content":{"rendered":"<p>Die St\u00e4dte Braunschweig, Celle, G\u00f6ttingen, Goslar, Hameln, Hannover, Hildesheim, L\u00fcneburg und Wolfenb\u00fcttel vermarkten sich seit Jahren gemeinsam mit der Autostadt in Wolfsburg und dem Hannover Airport im Ausland. Aufgrund der Auswirkungen der Corona-Pandemie pr\u00e4sentiert sich der St\u00e4dteverbund aber ab dem 7. August auch vor der eigenen Haust\u00fcr und wirbt mit gro\u00dffl\u00e4chigen Plakaten f\u00fcr einen Besuch in den Nachbarst\u00e4dten.<\/p>\n<p>Die gemeinsame Aktion ist Ausdruck der jahrelangen Verbundenheit der Mitglieder der Kooperation. \u201eDie Corona-Pandemie hat massive Auswirkungen auf die touristischen Akteure. Im Rahmen der Kooperation setzen wir deshalb auf Nachbarschaftshilfe und unterst\u00fctzen uns gegenseitig\u201c, erkl\u00e4rt Gerold Leppa, Gesch\u00e4ftsf\u00fchrer der Braunschweig Stadtmarketing GmbH. \u201eViele verbringen ihren diesj\u00e4hrigen Urlaub zu Hause. Da verspricht ein Ausflug in die Nachbarst\u00e4dte Abwechslung f\u00fcr die Braunschweigerinnen und Braunschweiger und wir freuen uns \u00fcber zahlreiche G\u00e4ste aus der Nachbarschaft.\u201c<\/p>\n<p>Eine Kanutour auf der Leine in Hannover, auf den Spuren der Hanse in L\u00fcneburg, UNESCO Welterbe in Goslar und Hildesheim oder das Residenzschloss in Celle entdecken, eine Schiffsrundfahrt auf der Weser in Hameln \u2013 zahlreiche attraktive Motive laden zu einem Besuch in die neun Nieders\u00e4chsischen St\u00e4dte und in die Autostadt in Wolfsburg ein. Zu Fu\u00df oder aber auch per Fahrrad sind die historischen Pl\u00e4tze, mittelalterlichen Kirchen, Schl\u00f6sser, Parks und G\u00e4rten in den St\u00e4dten auf kurzen Wegen bei Stadttouren zu erreichen. Sommeraktionen wie der \u201eSommer im Park\u201c in der Autostadt, der Lichtparcours in Braunschweig oder Veranstaltungen im Rahmen des Kultursommers in Wolfenb\u00fcttel und G\u00f6ttingen runden einen Besuch ab.<\/p>\n<p>Weitere Informationen und die Motive der Kampagnen sind unter <a href=\"http:\/\/www.9staedte.de\/\" target=\"_blank\" rel=\"noopener\">www.9staedte.de<\/a> zu finden.<\/p>\n","protected":false},"excerpt":{"rendered":"<p>Die St\u00e4dte Braunschweig, Celle, G\u00f6ttingen, Goslar, Hameln, Hannover, Hildesheim, L\u00fcneburg und Wolfenb\u00fcttel vermarkten sich seit Jahren gemeinsam mit der Autostadt in Wolfsburg und dem Hannover Airport im Ausland. Aufgrund der Auswirkungen der Corona-Pandemie pr\u00e4sentiert sich der St\u00e4dteverbund aber ab dem 7. August auch vor der eigenen Haust\u00fcr und wirbt mit gro\u00dffl\u00e4chigen Plakaten f\u00fcr einen Besuch [&hellip;]<\/p>\n","protected":false},"author":1,"featured_media":20875,"comment_status":"closed","ping_status":"closed","sticky":false,"template":"","format":"standard","meta":{"saved_in_kubio":false,"footnotes":""},"categories":[1],"tags":[],"class_list":["post-1158","post","type-post","status-publish","format-standard","has-post-thumbnail","hentry","category-allgemein"],"yoast_head":"<!-- This site is optimized with the Yoast SEO plugin v27.5 - https:\/\/yoast.com\/product\/yoast-seo-wordpress\/ -->\n<title>St\u00e4dtekooperation wirbt f\u00fcr lokalen Tourismus - Radio Leinewelle<\/title>\n<meta name=\"robots\" content=\"index, follow, max-snippet:-1, max-image-preview:large, max-video-preview:-1\" \/>\n<link rel=\"canonical\" href=\"https:\/\/radioleinewelle.de\/index.php\/2020\/08\/11\/staedtekooperation-wirbt-fuer-lokalen-tourismus\/\" \/>\n<meta property=\"og:locale\" content=\"de_DE\" \/>\n<meta property=\"og:type\" content=\"article\" \/>\n<meta property=\"og:title\" content=\"St\u00e4dtekooperation wirbt f\u00fcr lokalen Tourismus - Radio Leinewelle\" \/>\n<meta property=\"og:description\" content=\"Die St\u00e4dte Braunschweig, Celle, G\u00f6ttingen, Goslar, Hameln, Hannover, Hildesheim, L\u00fcneburg und Wolfenb\u00fcttel vermarkten sich seit Jahren gemeinsam mit der Autostadt in Wolfsburg und dem Hannover Airport im Ausland. Aufgrund der Auswirkungen der Corona-Pandemie pr\u00e4sentiert sich der St\u00e4dteverbund aber ab dem 7. August auch vor der eigenen Haust\u00fcr und wirbt mit gro\u00dffl\u00e4chigen Plakaten f\u00fcr einen Besuch [&hellip;]\" \/>\n<meta property=\"og:url\" content=\"https:\/\/radioleinewelle.de\/index.php\/2020\/08\/11\/staedtekooperation-wirbt-fuer-lokalen-tourismus\/\" \/>\n<meta property=\"og:site_name\" content=\"Radio Leinewelle\" \/>\n<meta property=\"article:publisher\" content=\"https:\/\/www.facebook.com\/radioleinewelle\" \/>\n<meta property=\"article:author\" content=\"https:\/\/www.facebook.com\/radioleinewelle\" \/>\n<meta property=\"article:published_time\" content=\"2020-08-11T07:06:15+00:00\" \/>\n<meta property=\"article:modified_time\" content=\"2023-01-31T11:03:34+00:00\" \/>\n<meta property=\"og:image\" content=\"https:\/\/radioleinewelle.de\/wp-content\/uploads\/2023\/01\/News.jpg\" \/>\n\t<meta property=\"og:image:width\" content=\"1024\" \/>\n\t<meta property=\"og:image:height\" content=\"1024\" \/>\n\t<meta property=\"og:image:type\" content=\"image\/jpeg\" \/>\n<meta name=\"author\" content=\"Leinewelle\" \/>\n<meta name=\"twitter:card\" content=\"summary_large_image\" \/>\n<meta name=\"twitter:creator\" content=\"@https:\/\/twitter.com\/RLeinewelle?ref_src=twsrcgoogletwcampserptwgrauthor\" \/>\n<meta name=\"twitter:site\" content=\"@RLeinewelle\" \/>\n<meta name=\"twitter:label1\" content=\"Verfasst von\" \/>\n\t<meta name=\"twitter:data1\" content=\"Leinewelle\" \/>\n\t<meta name=\"twitter:label2\" content=\"Gesch\u00e4tzte Lesezeit\" \/>\n\t<meta name=\"twitter:data2\" content=\"1\u00a0Minute\" \/>\n<script type=\"application\/ld+json\" class=\"yoast-schema-graph\">{\"@context\":\"https:\\\/\\\/schema.org\",\"@graph\":[{\"@type\":\"Article\",\"@id\":\"https:\\\/\\\/radioleinewelle.de\\\/index.php\\\/2020\\\/08\\\/11\\\/staedtekooperation-wirbt-fuer-lokalen-tourismus\\\/#article\",\"isPartOf\":{\"@id\":\"https:\\\/\\\/radioleinewelle.de\\\/index.php\\\/2020\\\/08\\\/11\\\/staedtekooperation-wirbt-fuer-lokalen-tourismus\\\/\"},\"author\":{\"name\":\"Leinewelle\",\"@id\":\"https:\\\/\\\/radioleinewelle.de\\\/#\\\/schema\\\/person\\\/45606f348637df637192dc1b68399a63\"},\"headline\":\"St\u00e4dtekooperation wirbt f\u00fcr lokalen Tourismus\",\"datePublished\":\"2020-08-11T07:06:15+00:00\",\"dateModified\":\"2023-01-31T11:03:34+00:00\",\"mainEntityOfPage\":{\"@id\":\"https:\\\/\\\/radioleinewelle.de\\\/index.php\\\/2020\\\/08\\\/11\\\/staedtekooperation-wirbt-fuer-lokalen-tourismus\\\/\"},\"wordCount\":284,\"publisher\":{\"@id\":\"https:\\\/\\\/radioleinewelle.de\\\/#organization\"},\"image\":{\"@id\":\"https:\\\/\\\/radioleinewelle.de\\\/index.php\\\/2020\\\/08\\\/11\\\/staedtekooperation-wirbt-fuer-lokalen-tourismus\\\/#primaryimage\"},\"thumbnailUrl\":\"https:\\\/\\\/radioleinewelle.de\\\/wp-content\\\/uploads\\\/2023\\\/01\\\/News.jpg\",\"inLanguage\":\"de\"},{\"@type\":\"WebPage\",\"@id\":\"https:\\\/\\\/radioleinewelle.de\\\/index.php\\\/2020\\\/08\\\/11\\\/staedtekooperation-wirbt-fuer-lokalen-tourismus\\\/\",\"url\":\"https:\\\/\\\/radioleinewelle.de\\\/index.php\\\/2020\\\/08\\\/11\\\/staedtekooperation-wirbt-fuer-lokalen-tourismus\\\/\",\"name\":\"St\u00e4dtekooperation wirbt f\u00fcr lokalen Tourismus - Radio Leinewelle\",\"isPartOf\":{\"@id\":\"https:\\\/\\\/radioleinewelle.de\\\/#website\"},\"primaryImageOfPage\":{\"@id\":\"https:\\\/\\\/radioleinewelle.de\\\/index.php\\\/2020\\\/08\\\/11\\\/staedtekooperation-wirbt-fuer-lokalen-tourismus\\\/#primaryimage\"},\"image\":{\"@id\":\"https:\\\/\\\/radioleinewelle.de\\\/index.php\\\/2020\\\/08\\\/11\\\/staedtekooperation-wirbt-fuer-lokalen-tourismus\\\/#primaryimage\"},\"thumbnailUrl\":\"https:\\\/\\\/radioleinewelle.de\\\/wp-content\\\/uploads\\\/2023\\\/01\\\/News.jpg\",\"datePublished\":\"2020-08-11T07:06:15+00:00\",\"dateModified\":\"2023-01-31T11:03:34+00:00\",\"breadcrumb\":{\"@id\":\"https:\\\/\\\/radioleinewelle.de\\\/index.php\\\/2020\\\/08\\\/11\\\/staedtekooperation-wirbt-fuer-lokalen-tourismus\\\/#breadcrumb\"},\"inLanguage\":\"de\",\"potentialAction\":[{\"@type\":\"ReadAction\",\"target\":[\"https:\\\/\\\/radioleinewelle.de\\\/index.php\\\/2020\\\/08\\\/11\\\/staedtekooperation-wirbt-fuer-lokalen-tourismus\\\/\"]}]},{\"@type\":\"ImageObject\",\"inLanguage\":\"de\",\"@id\":\"https:\\\/\\\/radioleinewelle.de\\\/index.php\\\/2020\\\/08\\\/11\\\/staedtekooperation-wirbt-fuer-lokalen-tourismus\\\/#primaryimage\",\"url\":\"https:\\\/\\\/radioleinewelle.de\\\/wp-content\\\/uploads\\\/2023\\\/01\\\/News.jpg\",\"contentUrl\":\"https:\\\/\\\/radioleinewelle.de\\\/wp-content\\\/uploads\\\/2023\\\/01\\\/News.jpg\",\"width\":3709,\"height\":3709},{\"@type\":\"BreadcrumbList\",\"@id\":\"https:\\\/\\\/radioleinewelle.de\\\/index.php\\\/2020\\\/08\\\/11\\\/staedtekooperation-wirbt-fuer-lokalen-tourismus\\\/#breadcrumb\",\"itemListElement\":[{\"@type\":\"ListItem\",\"position\":1,\"name\":\"Startseite\",\"item\":\"https:\\\/\\\/radioleinewelle.de\\\/\"},{\"@type\":\"ListItem\",\"position\":2,\"name\":\"St\u00e4dtekooperation wirbt f\u00fcr lokalen Tourismus\"}]},{\"@type\":\"WebSite\",\"@id\":\"https:\\\/\\\/radioleinewelle.de\\\/#website\",\"url\":\"https:\\\/\\\/radioleinewelle.de\\\/\",\"name\":\"Radio Leinewelle\",\"description\":\"\",\"publisher\":{\"@id\":\"https:\\\/\\\/radioleinewelle.de\\\/#organization\"},\"potentialAction\":[{\"@type\":\"SearchAction\",\"target\":{\"@type\":\"EntryPoint\",\"urlTemplate\":\"https:\\\/\\\/radioleinewelle.de\\\/?s={search_term_string}\"},\"query-input\":{\"@type\":\"PropertyValueSpecification\",\"valueRequired\":true,\"valueName\":\"search_term_string\"}}],\"inLanguage\":\"de\"},{\"@type\":\"Organization\",\"@id\":\"https:\\\/\\\/radioleinewelle.de\\\/#organization\",\"name\":\"Radio Leinewelle\",\"alternateName\":\"Mein Radio f\u00fcr S\u00fcdniedersachsen\",\"url\":\"https:\\\/\\\/radioleinewelle.de\\\/\",\"logo\":{\"@type\":\"ImageObject\",\"inLanguage\":\"de\",\"@id\":\"https:\\\/\\\/radioleinewelle.de\\\/#\\\/schema\\\/logo\\\/image\\\/\",\"url\":\"https:\\\/\\\/radioleinewelle.de\\\/wp-content\\\/uploads\\\/2023\\\/11\\\/cropped-Leinewelle_Logo_weiss.png\",\"contentUrl\":\"https:\\\/\\\/radioleinewelle.de\\\/wp-content\\\/uploads\\\/2023\\\/11\\\/cropped-Leinewelle_Logo_weiss.png\",\"width\":854,\"height\":260,\"caption\":\"Radio Leinewelle\"},\"image\":{\"@id\":\"https:\\\/\\\/radioleinewelle.de\\\/#\\\/schema\\\/logo\\\/image\\\/\"},\"sameAs\":[\"https:\\\/\\\/www.facebook.com\\\/radioleinewelle\",\"https:\\\/\\\/x.com\\\/RLeinewelle\",\"https:\\\/\\\/www.instagram.com\\\/radioleinewelle\\\/?hl=de\"]},{\"@type\":\"Person\",\"@id\":\"https:\\\/\\\/radioleinewelle.de\\\/#\\\/schema\\\/person\\\/45606f348637df637192dc1b68399a63\",\"name\":\"Leinewelle\",\"image\":{\"@type\":\"ImageObject\",\"inLanguage\":\"de\",\"@id\":\"https:\\\/\\\/secure.gravatar.com\\\/avatar\\\/05c9a17bc973052ee5d91549bd32fb4dd0dc85b7b85ae94b2e2b4943476bbea5?s=96&d=blank&r=g\",\"url\":\"https:\\\/\\\/secure.gravatar.com\\\/avatar\\\/05c9a17bc973052ee5d91549bd32fb4dd0dc85b7b85ae94b2e2b4943476bbea5?s=96&d=blank&r=g\",\"contentUrl\":\"https:\\\/\\\/secure.gravatar.com\\\/avatar\\\/05c9a17bc973052ee5d91549bd32fb4dd0dc85b7b85ae94b2e2b4943476bbea5?s=96&d=blank&r=g\",\"caption\":\"Leinewelle\"},\"sameAs\":[\"http:\\\/\\\/localhost\\\/radio%20leinewelle\\\/wordpress\",\"https:\\\/\\\/www.facebook.com\\\/radioleinewelle\",\"https:\\\/\\\/www.instagram.com\\\/radioleinewelle\",\"https:\\\/\\\/x.com\\\/https:\\\/\\\/twitter.com\\\/RLeinewelle?ref_src=twsrcgoogletwcampserptwgrauthor\",\"https:\\\/\\\/soundcloud.com\\\/foerderverein-lokalradio?utm_source=clipboard&utm_medium=text&utm_campaign=social_sharing\"],\"url\":\"https:\\\/\\\/radioleinewelle.de\\\/index.php\\\/author\\\/leinewelle\\\/\"}]}<\/script>\n<!-- \/ Yoast SEO plugin. -->","yoast_head_json":{"title":"St\u00e4dtekooperation wirbt f\u00fcr lokalen Tourismus - Radio Leinewelle","robots":{"index":"index","follow":"follow","max-snippet":"max-snippet:-1","max-image-preview":"max-image-preview:large","max-video-preview":"max-video-preview:-1"},"canonical":"https:\/\/radioleinewelle.de\/index.php\/2020\/08\/11\/staedtekooperation-wirbt-fuer-lokalen-tourismus\/","og_locale":"de_DE","og_type":"article","og_title":"St\u00e4dtekooperation wirbt f\u00fcr lokalen Tourismus - Radio Leinewelle","og_description":"Die St\u00e4dte Braunschweig, Celle, G\u00f6ttingen, Goslar, Hameln, Hannover, Hildesheim, L\u00fcneburg und Wolfenb\u00fcttel vermarkten sich seit Jahren gemeinsam mit der Autostadt in Wolfsburg und dem Hannover Airport im Ausland. Aufgrund der Auswirkungen der Corona-Pandemie pr\u00e4sentiert sich der St\u00e4dteverbund aber ab dem 7. August auch vor der eigenen Haust\u00fcr und wirbt mit gro\u00dffl\u00e4chigen Plakaten f\u00fcr einen Besuch [&hellip;]","og_url":"https:\/\/radioleinewelle.de\/index.php\/2020\/08\/11\/staedtekooperation-wirbt-fuer-lokalen-tourismus\/","og_site_name":"Radio Leinewelle","article_publisher":"https:\/\/www.facebook.com\/radioleinewelle","article_author":"https:\/\/www.facebook.com\/radioleinewelle","article_published_time":"2020-08-11T07:06:15+00:00","article_modified_time":"2023-01-31T11:03:34+00:00","og_image":[{"url":"https:\/\/radioleinewelle.de\/wp-content\/uploads\/2023\/01\/News.jpg","width":1024,"height":1024,"type":"image\/jpeg"}],"author":"Leinewelle","twitter_card":"summary_large_image","twitter_creator":"@https:\/\/twitter.com\/RLeinewelle?ref_src=twsrcgoogletwcampserptwgrauthor","twitter_site":"@RLeinewelle","twitter_misc":{"Verfasst von":"Leinewelle","Gesch\u00e4tzte Lesezeit":"1\u00a0Minute"},"schema":{"@context":"https:\/\/schema.org","@graph":[{"@type":"Article","@id":"https:\/\/radioleinewelle.de\/index.php\/2020\/08\/11\/staedtekooperation-wirbt-fuer-lokalen-tourismus\/#article","isPartOf":{"@id":"https:\/\/radioleinewelle.de\/index.php\/2020\/08\/11\/staedtekooperation-wirbt-fuer-lokalen-tourismus\/"},"author":{"name":"Leinewelle","@id":"https:\/\/radioleinewelle.de\/#\/schema\/person\/45606f348637df637192dc1b68399a63"},"headline":"St\u00e4dtekooperation wirbt f\u00fcr lokalen Tourismus","datePublished":"2020-08-11T07:06:15+00:00","dateModified":"2023-01-31T11:03:34+00:00","mainEntityOfPage":{"@id":"https:\/\/radioleinewelle.de\/index.php\/2020\/08\/11\/staedtekooperation-wirbt-fuer-lokalen-tourismus\/"},"wordCount":284,"publisher":{"@id":"https:\/\/radioleinewelle.de\/#organization"},"image":{"@id":"https:\/\/radioleinewelle.de\/index.php\/2020\/08\/11\/staedtekooperation-wirbt-fuer-lokalen-tourismus\/#primaryimage"},"thumbnailUrl":"https:\/\/radioleinewelle.de\/wp-content\/uploads\/2023\/01\/News.jpg","inLanguage":"de"},{"@type":"WebPage","@id":"https:\/\/radioleinewelle.de\/index.php\/2020\/08\/11\/staedtekooperation-wirbt-fuer-lokalen-tourismus\/","url":"https:\/\/radioleinewelle.de\/index.php\/2020\/08\/11\/staedtekooperation-wirbt-fuer-lokalen-tourismus\/","name":"St\u00e4dtekooperation wirbt f\u00fcr lokalen Tourismus - Radio Leinewelle","isPartOf":{"@id":"https:\/\/radioleinewelle.de\/#website"},"primaryImageOfPage":{"@id":"https:\/\/radioleinewelle.de\/index.php\/2020\/08\/11\/staedtekooperation-wirbt-fuer-lokalen-tourismus\/#primaryimage"},"image":{"@id":"https:\/\/radioleinewelle.de\/index.php\/2020\/08\/11\/staedtekooperation-wirbt-fuer-lokalen-tourismus\/#primaryimage"},"thumbnailUrl":"https:\/\/radioleinewelle.de\/wp-content\/uploads\/2023\/01\/News.jpg","datePublished":"2020-08-11T07:06:15+00:00","dateModified":"2023-01-31T11:03:34+00:00","breadcrumb":{"@id":"https:\/\/radioleinewelle.de\/index.php\/2020\/08\/11\/staedtekooperation-wirbt-fuer-lokalen-tourismus\/#breadcrumb"},"inLanguage":"de","potentialAction":[{"@type":"ReadAction","target":["https:\/\/radioleinewelle.de\/index.php\/2020\/08\/11\/staedtekooperation-wirbt-fuer-lokalen-tourismus\/"]}]},{"@type":"ImageObject","inLanguage":"de","@id":"https:\/\/radioleinewelle.de\/index.php\/2020\/08\/11\/staedtekooperation-wirbt-fuer-lokalen-tourismus\/#primaryimage","url":"https:\/\/radioleinewelle.de\/wp-content\/uploads\/2023\/01\/News.jpg","contentUrl":"https:\/\/radioleinewelle.de\/wp-content\/uploads\/2023\/01\/News.jpg","width":3709,"height":3709},{"@type":"BreadcrumbList","@id":"https:\/\/radioleinewelle.de\/index.php\/2020\/08\/11\/staedtekooperation-wirbt-fuer-lokalen-tourismus\/#breadcrumb","itemListElement":[{"@type":"ListItem","position":1,"name":"Startseite","item":"https:\/\/radioleinewelle.de\/"},{"@type":"ListItem","position":2,"name":"St\u00e4dtekooperation wirbt f\u00fcr lokalen Tourismus"}]},{"@type":"WebSite","@id":"https:\/\/radioleinewelle.de\/#website","url":"https:\/\/radioleinewelle.de\/","name":"Radio Leinewelle","description":"","publisher":{"@id":"https:\/\/radioleinewelle.de\/#organization"},"potentialAction":[{"@type":"SearchAction","target":{"@type":"EntryPoint","urlTemplate":"https:\/\/radioleinewelle.de\/?s={search_term_string}"},"query-input":{"@type":"PropertyValueSpecification","valueRequired":true,"valueName":"search_term_string"}}],"inLanguage":"de"},{"@type":"Organization","@id":"https:\/\/radioleinewelle.de\/#organization","name":"Radio Leinewelle","alternateName":"Mein Radio f\u00fcr S\u00fcdniedersachsen","url":"https:\/\/radioleinewelle.de\/","logo":{"@type":"ImageObject","inLanguage":"de","@id":"https:\/\/radioleinewelle.de\/#\/schema\/logo\/image\/","url":"https:\/\/radioleinewelle.de\/wp-content\/uploads\/2023\/11\/cropped-Leinewelle_Logo_weiss.png","contentUrl":"https:\/\/radioleinewelle.de\/wp-content\/uploads\/2023\/11\/cropped-Leinewelle_Logo_weiss.png","width":854,"height":260,"caption":"Radio Leinewelle"},"image":{"@id":"https:\/\/radioleinewelle.de\/#\/schema\/logo\/image\/"},"sameAs":["https:\/\/www.facebook.com\/radioleinewelle","https:\/\/x.com\/RLeinewelle","https:\/\/www.instagram.com\/radioleinewelle\/?hl=de"]},{"@type":"Person","@id":"https:\/\/radioleinewelle.de\/#\/schema\/person\/45606f348637df637192dc1b68399a63","name":"Leinewelle","image":{"@type":"ImageObject","inLanguage":"de","@id":"https:\/\/secure.gravatar.com\/avatar\/05c9a17bc973052ee5d91549bd32fb4dd0dc85b7b85ae94b2e2b4943476bbea5?s=96&d=blank&r=g","url":"https:\/\/secure.gravatar.com\/avatar\/05c9a17bc973052ee5d91549bd32fb4dd0dc85b7b85ae94b2e2b4943476bbea5?s=96&d=blank&r=g","contentUrl":"https:\/\/secure.gravatar.com\/avatar\/05c9a17bc973052ee5d91549bd32fb4dd0dc85b7b85ae94b2e2b4943476bbea5?s=96&d=blank&r=g","caption":"Leinewelle"},"sameAs":["http:\/\/localhost\/radio%20leinewelle\/wordpress","https:\/\/www.facebook.com\/radioleinewelle","https:\/\/www.instagram.com\/radioleinewelle","https:\/\/x.com\/https:\/\/twitter.com\/RLeinewelle?ref_src=twsrcgoogletwcampserptwgrauthor","https:\/\/soundcloud.com\/foerderverein-lokalradio?utm_source=clipboard&utm_medium=text&utm_campaign=social_sharing"],"url":"https:\/\/radioleinewelle.de\/index.php\/author\/leinewelle\/"}]}},"_links":{"self":[{"href":"https:\/\/radioleinewelle.de\/index.php\/wp-json\/wp\/v2\/posts\/1158","targetHints":{"allow":["GET"]}}],"collection":[{"href":"https:\/\/radioleinewelle.de\/index.php\/wp-json\/wp\/v2\/posts"}],"about":[{"href":"https:\/\/radioleinewelle.de\/index.php\/wp-json\/wp\/v2\/types\/post"}],"author":[{"embeddable":true,"href":"https:\/\/radioleinewelle.de\/index.php\/wp-json\/wp\/v2\/users\/1"}],"replies":[{"embeddable":true,"href":"https:\/\/radioleinewelle.de\/index.php\/wp-json\/wp\/v2\/comments?post=1158"}],"version-history":[{"count":1,"href":"https:\/\/radioleinewelle.de\/index.php\/wp-json\/wp\/v2\/posts\/1158\/revisions"}],"predecessor-version":[{"id":20916,"href":"https:\/\/radioleinewelle.de\/index.php\/wp-json\/wp\/v2\/posts\/1158\/revisions\/20916"}],"wp:featuredmedia":[{"embeddable":true,"href":"https:\/\/radioleinewelle.de\/index.php\/wp-json\/wp\/v2\/media\/20875"}],"wp:attachment":[{"href":"https:\/\/radioleinewelle.de\/index.php\/wp-json\/wp\/v2\/media?parent=1158"}],"wp:term":[{"taxonomy":"category","embeddable":true,"href":"https:\/\/radioleinewelle.de\/index.php\/wp-json\/wp\/v2\/categories?post=1158"},{"taxonomy":"post_tag","embeddable":true,"href":"https:\/\/radioleinewelle.de\/index.php\/wp-json\/wp\/v2\/tags?post=1158"}],"curies":[{"name":"wp","href":"https:\/\/api.w.org\/{rel}","templated":true}]}}