{"id":1160,"date":"2020-08-11T14:12:29","date_gmt":"2020-08-11T12:12:29","guid":{"rendered":"https:\/\/radioleinewelle.de\/?p=1160"},"modified":"2023-01-31T12:03:48","modified_gmt":"2023-01-31T11:03:48","slug":"abfall-app-des-landkreises-fuer-abfallwirtschaft-jetzt-auch-fuer-osterode-nutzbar","status":"publish","type":"post","link":"https:\/\/radioleinewelle.de\/index.php\/2020\/08\/11\/abfall-app-des-landkreises-fuer-abfallwirtschaft-jetzt-auch-fuer-osterode-nutzbar\/","title":{"rendered":"Abfall App des Landkreises G\u00f6ttingen jetzt auch f\u00fcr Osterode nutzbar"},"content":{"rendered":"<p><span style=\"font-size: medium;\">Nie wieder vergessen den Abfallbeh\u00e4lter vor die T\u00fcr zu stellen \u2013 die Abfall App des Landkreises G\u00f6ttingen erinnert automatisch an den n\u00e4chsten Abholtermin. Ab sofort ist die Abfall App des Landkreises G\u00f6ttingen auch f\u00fcr die Abfallwirtschaft Osterode am Harz verf\u00fcgbar. Auch die \u00d6ffnungszeiten der Entsorgungsanlage, sowie viele weitere wichtige Informationen rund um das Thema Abfall lassen sich somit jederzeit komfortabel und mobil abrufen.<br \/>\nSmartphone-Besitzer und Tablet-Computer mit Betriebssystem auf iOS- und auf Android-Basis k\u00f6nnen die App kostenlos herunterladen. Die Benutzer k\u00f6nnen die Abfuhrtermine f\u00fcr die Restabfallbeh\u00e4lter, die Komposttonnen, Papiertonnen, Wertstoffs\u00e4cke, Gr\u00fcnabfallsammlung und mobile Schadstoff-sammlung einsehen. \u00dcber eine spezielle Erinnerungsfunktion k\u00f6nnen Nut-zer*innen der App sich an die Abfuhrtermine individuell erinnern lassen. Die App bietet dar\u00fcber hinaus die M\u00f6glichkeit, sich zu den Standorten der Gr\u00fcn-abfuhr, den Verkaufsstellen der Abfall-, Laubs\u00e4cke und Papiert\u00fctensets, sowie zu der Entsorgungsanlage Hattorf am Harz navigieren zu lassen. Ne-ben diesen und weiteren Funktionen finden sich noch viele Informationen zur Entsorgung diverser Abf\u00e4lle.<\/span><\/p>\n<p>Die Abfall App kann jederzeit \u00fcber App-Store, Google Play (LK G\u00f6ttingen) oder mittels QR-Code runtergeladen werden:<\/p>\n<p>&nbsp;<\/p>\n","protected":false},"excerpt":{"rendered":"<p>Nie wieder vergessen den Abfallbeh\u00e4lter vor die T\u00fcr zu stellen \u2013 die Abfall App des Landkreises G\u00f6ttingen erinnert automatisch an den n\u00e4chsten Abholtermin. Ab sofort ist die Abfall App des Landkreises G\u00f6ttingen auch f\u00fcr die Abfallwirtschaft Osterode am Harz verf\u00fcgbar. Auch die \u00d6ffnungszeiten der Entsorgungsanlage, sowie viele weitere wichtige Informationen rund um das Thema Abfall [&hellip;]<\/p>\n","protected":false},"author":1,"featured_media":20875,"comment_status":"closed","ping_status":"closed","sticky":false,"template":"","format":"standard","meta":{"saved_in_kubio":false,"footnotes":""},"categories":[1],"tags":[],"class_list":["post-1160","post","type-post","status-publish","format-standard","has-post-thumbnail","hentry","category-allgemein"],"yoast_head":"<!-- This site is optimized with the Yoast SEO plugin v27.5 - https:\/\/yoast.com\/product\/yoast-seo-wordpress\/ -->\n<title>Abfall App des Landkreises G\u00f6ttingen jetzt auch f\u00fcr Osterode nutzbar - Radio Leinewelle<\/title>\n<meta name=\"robots\" content=\"index, follow, max-snippet:-1, max-image-preview:large, max-video-preview:-1\" \/>\n<link rel=\"canonical\" href=\"https:\/\/radioleinewelle.de\/index.php\/2020\/08\/11\/abfall-app-des-landkreises-fuer-abfallwirtschaft-jetzt-auch-fuer-osterode-nutzbar\/\" \/>\n<meta property=\"og:locale\" content=\"de_DE\" \/>\n<meta property=\"og:type\" content=\"article\" \/>\n<meta property=\"og:title\" content=\"Abfall App des Landkreises G\u00f6ttingen jetzt auch f\u00fcr Osterode nutzbar - Radio Leinewelle\" \/>\n<meta property=\"og:description\" content=\"Nie wieder vergessen den Abfallbeh\u00e4lter vor die T\u00fcr zu stellen \u2013 die Abfall App des Landkreises G\u00f6ttingen erinnert automatisch an den n\u00e4chsten Abholtermin. Ab sofort ist die Abfall App des Landkreises G\u00f6ttingen auch f\u00fcr die Abfallwirtschaft Osterode am Harz verf\u00fcgbar. Auch die \u00d6ffnungszeiten der Entsorgungsanlage, sowie viele weitere wichtige Informationen rund um das Thema Abfall [&hellip;]\" \/>\n<meta property=\"og:url\" content=\"https:\/\/radioleinewelle.de\/index.php\/2020\/08\/11\/abfall-app-des-landkreises-fuer-abfallwirtschaft-jetzt-auch-fuer-osterode-nutzbar\/\" \/>\n<meta property=\"og:site_name\" content=\"Radio Leinewelle\" \/>\n<meta property=\"article:publisher\" content=\"https:\/\/www.facebook.com\/radioleinewelle\" \/>\n<meta property=\"article:author\" content=\"https:\/\/www.facebook.com\/radioleinewelle\" \/>\n<meta property=\"article:published_time\" content=\"2020-08-11T12:12:29+00:00\" \/>\n<meta property=\"article:modified_time\" content=\"2023-01-31T11:03:48+00:00\" \/>\n<meta property=\"og:image\" content=\"https:\/\/radioleinewelle.de\/wp-content\/uploads\/2023\/01\/News.jpg\" \/>\n\t<meta property=\"og:image:width\" content=\"1024\" \/>\n\t<meta property=\"og:image:height\" content=\"1024\" \/>\n\t<meta property=\"og:image:type\" content=\"image\/jpeg\" \/>\n<meta name=\"author\" content=\"Leinewelle\" \/>\n<meta name=\"twitter:card\" content=\"summary_large_image\" \/>\n<meta name=\"twitter:creator\" content=\"@https:\/\/twitter.com\/RLeinewelle?ref_src=twsrcgoogletwcampserptwgrauthor\" \/>\n<meta name=\"twitter:site\" content=\"@RLeinewelle\" \/>\n<meta name=\"twitter:label1\" content=\"Verfasst von\" \/>\n\t<meta name=\"twitter:data1\" content=\"Leinewelle\" \/>\n\t<meta name=\"twitter:label2\" content=\"Gesch\u00e4tzte Lesezeit\" \/>\n\t<meta name=\"twitter:data2\" content=\"1\u00a0Minute\" \/>\n<script type=\"application\/ld+json\" class=\"yoast-schema-graph\">{\"@context\":\"https:\\\/\\\/schema.org\",\"@graph\":[{\"@type\":\"Article\",\"@id\":\"https:\\\/\\\/radioleinewelle.de\\\/index.php\\\/2020\\\/08\\\/11\\\/abfall-app-des-landkreises-fuer-abfallwirtschaft-jetzt-auch-fuer-osterode-nutzbar\\\/#article\",\"isPartOf\":{\"@id\":\"https:\\\/\\\/radioleinewelle.de\\\/index.php\\\/2020\\\/08\\\/11\\\/abfall-app-des-landkreises-fuer-abfallwirtschaft-jetzt-auch-fuer-osterode-nutzbar\\\/\"},\"author\":{\"name\":\"Leinewelle\",\"@id\":\"https:\\\/\\\/radioleinewelle.de\\\/#\\\/schema\\\/person\\\/45606f348637df637192dc1b68399a63\"},\"headline\":\"Abfall App des Landkreises G\u00f6ttingen jetzt auch f\u00fcr Osterode nutzbar\",\"datePublished\":\"2020-08-11T12:12:29+00:00\",\"dateModified\":\"2023-01-31T11:03:48+00:00\",\"mainEntityOfPage\":{\"@id\":\"https:\\\/\\\/radioleinewelle.de\\\/index.php\\\/2020\\\/08\\\/11\\\/abfall-app-des-landkreises-fuer-abfallwirtschaft-jetzt-auch-fuer-osterode-nutzbar\\\/\"},\"wordCount\":204,\"publisher\":{\"@id\":\"https:\\\/\\\/radioleinewelle.de\\\/#organization\"},\"image\":{\"@id\":\"https:\\\/\\\/radioleinewelle.de\\\/index.php\\\/2020\\\/08\\\/11\\\/abfall-app-des-landkreises-fuer-abfallwirtschaft-jetzt-auch-fuer-osterode-nutzbar\\\/#primaryimage\"},\"thumbnailUrl\":\"https:\\\/\\\/radioleinewelle.de\\\/wp-content\\\/uploads\\\/2023\\\/01\\\/News.jpg\",\"inLanguage\":\"de\"},{\"@type\":\"WebPage\",\"@id\":\"https:\\\/\\\/radioleinewelle.de\\\/index.php\\\/2020\\\/08\\\/11\\\/abfall-app-des-landkreises-fuer-abfallwirtschaft-jetzt-auch-fuer-osterode-nutzbar\\\/\",\"url\":\"https:\\\/\\\/radioleinewelle.de\\\/index.php\\\/2020\\\/08\\\/11\\\/abfall-app-des-landkreises-fuer-abfallwirtschaft-jetzt-auch-fuer-osterode-nutzbar\\\/\",\"name\":\"Abfall App des Landkreises G\u00f6ttingen jetzt auch f\u00fcr Osterode nutzbar - Radio Leinewelle\",\"isPartOf\":{\"@id\":\"https:\\\/\\\/radioleinewelle.de\\\/#website\"},\"primaryImageOfPage\":{\"@id\":\"https:\\\/\\\/radioleinewelle.de\\\/index.php\\\/2020\\\/08\\\/11\\\/abfall-app-des-landkreises-fuer-abfallwirtschaft-jetzt-auch-fuer-osterode-nutzbar\\\/#primaryimage\"},\"image\":{\"@id\":\"https:\\\/\\\/radioleinewelle.de\\\/index.php\\\/2020\\\/08\\\/11\\\/abfall-app-des-landkreises-fuer-abfallwirtschaft-jetzt-auch-fuer-osterode-nutzbar\\\/#primaryimage\"},\"thumbnailUrl\":\"https:\\\/\\\/radioleinewelle.de\\\/wp-content\\\/uploads\\\/2023\\\/01\\\/News.jpg\",\"datePublished\":\"2020-08-11T12:12:29+00:00\",\"dateModified\":\"2023-01-31T11:03:48+00:00\",\"breadcrumb\":{\"@id\":\"https:\\\/\\\/radioleinewelle.de\\\/index.php\\\/2020\\\/08\\\/11\\\/abfall-app-des-landkreises-fuer-abfallwirtschaft-jetzt-auch-fuer-osterode-nutzbar\\\/#breadcrumb\"},\"inLanguage\":\"de\",\"potentialAction\":[{\"@type\":\"ReadAction\",\"target\":[\"https:\\\/\\\/radioleinewelle.de\\\/index.php\\\/2020\\\/08\\\/11\\\/abfall-app-des-landkreises-fuer-abfallwirtschaft-jetzt-auch-fuer-osterode-nutzbar\\\/\"]}]},{\"@type\":\"ImageObject\",\"inLanguage\":\"de\",\"@id\":\"https:\\\/\\\/radioleinewelle.de\\\/index.php\\\/2020\\\/08\\\/11\\\/abfall-app-des-landkreises-fuer-abfallwirtschaft-jetzt-auch-fuer-osterode-nutzbar\\\/#primaryimage\",\"url\":\"https:\\\/\\\/radioleinewelle.de\\\/wp-content\\\/uploads\\\/2023\\\/01\\\/News.jpg\",\"contentUrl\":\"https:\\\/\\\/radioleinewelle.de\\\/wp-content\\\/uploads\\\/2023\\\/01\\\/News.jpg\",\"width\":3709,\"height\":3709},{\"@type\":\"BreadcrumbList\",\"@id\":\"https:\\\/\\\/radioleinewelle.de\\\/index.php\\\/2020\\\/08\\\/11\\\/abfall-app-des-landkreises-fuer-abfallwirtschaft-jetzt-auch-fuer-osterode-nutzbar\\\/#breadcrumb\",\"itemListElement\":[{\"@type\":\"ListItem\",\"position\":1,\"name\":\"Startseite\",\"item\":\"https:\\\/\\\/radioleinewelle.de\\\/\"},{\"@type\":\"ListItem\",\"position\":2,\"name\":\"Abfall App des Landkreises G\u00f6ttingen jetzt auch f\u00fcr Osterode nutzbar\"}]},{\"@type\":\"WebSite\",\"@id\":\"https:\\\/\\\/radioleinewelle.de\\\/#website\",\"url\":\"https:\\\/\\\/radioleinewelle.de\\\/\",\"name\":\"Radio Leinewelle\",\"description\":\"\",\"publisher\":{\"@id\":\"https:\\\/\\\/radioleinewelle.de\\\/#organization\"},\"potentialAction\":[{\"@type\":\"SearchAction\",\"target\":{\"@type\":\"EntryPoint\",\"urlTemplate\":\"https:\\\/\\\/radioleinewelle.de\\\/?s={search_term_string}\"},\"query-input\":{\"@type\":\"PropertyValueSpecification\",\"valueRequired\":true,\"valueName\":\"search_term_string\"}}],\"inLanguage\":\"de\"},{\"@type\":\"Organization\",\"@id\":\"https:\\\/\\\/radioleinewelle.de\\\/#organization\",\"name\":\"Radio Leinewelle\",\"alternateName\":\"Mein Radio f\u00fcr S\u00fcdniedersachsen\",\"url\":\"https:\\\/\\\/radioleinewelle.de\\\/\",\"logo\":{\"@type\":\"ImageObject\",\"inLanguage\":\"de\",\"@id\":\"https:\\\/\\\/radioleinewelle.de\\\/#\\\/schema\\\/logo\\\/image\\\/\",\"url\":\"https:\\\/\\\/radioleinewelle.de\\\/wp-content\\\/uploads\\\/2023\\\/11\\\/cropped-Leinewelle_Logo_weiss.png\",\"contentUrl\":\"https:\\\/\\\/radioleinewelle.de\\\/wp-content\\\/uploads\\\/2023\\\/11\\\/cropped-Leinewelle_Logo_weiss.png\",\"width\":854,\"height\":260,\"caption\":\"Radio Leinewelle\"},\"image\":{\"@id\":\"https:\\\/\\\/radioleinewelle.de\\\/#\\\/schema\\\/logo\\\/image\\\/\"},\"sameAs\":[\"https:\\\/\\\/www.facebook.com\\\/radioleinewelle\",\"https:\\\/\\\/x.com\\\/RLeinewelle\",\"https:\\\/\\\/www.instagram.com\\\/radioleinewelle\\\/?hl=de\"]},{\"@type\":\"Person\",\"@id\":\"https:\\\/\\\/radioleinewelle.de\\\/#\\\/schema\\\/person\\\/45606f348637df637192dc1b68399a63\",\"name\":\"Leinewelle\",\"image\":{\"@type\":\"ImageObject\",\"inLanguage\":\"de\",\"@id\":\"https:\\\/\\\/secure.gravatar.com\\\/avatar\\\/05c9a17bc973052ee5d91549bd32fb4dd0dc85b7b85ae94b2e2b4943476bbea5?s=96&d=blank&r=g\",\"url\":\"https:\\\/\\\/secure.gravatar.com\\\/avatar\\\/05c9a17bc973052ee5d91549bd32fb4dd0dc85b7b85ae94b2e2b4943476bbea5?s=96&d=blank&r=g\",\"contentUrl\":\"https:\\\/\\\/secure.gravatar.com\\\/avatar\\\/05c9a17bc973052ee5d91549bd32fb4dd0dc85b7b85ae94b2e2b4943476bbea5?s=96&d=blank&r=g\",\"caption\":\"Leinewelle\"},\"sameAs\":[\"http:\\\/\\\/localhost\\\/radio%20leinewelle\\\/wordpress\",\"https:\\\/\\\/www.facebook.com\\\/radioleinewelle\",\"https:\\\/\\\/www.instagram.com\\\/radioleinewelle\",\"https:\\\/\\\/x.com\\\/https:\\\/\\\/twitter.com\\\/RLeinewelle?ref_src=twsrcgoogletwcampserptwgrauthor\",\"https:\\\/\\\/soundcloud.com\\\/foerderverein-lokalradio?utm_source=clipboard&utm_medium=text&utm_campaign=social_sharing\"],\"url\":\"https:\\\/\\\/radioleinewelle.de\\\/index.php\\\/author\\\/leinewelle\\\/\"}]}<\/script>\n<!-- \/ Yoast SEO plugin. -->","yoast_head_json":{"title":"Abfall App des Landkreises G\u00f6ttingen jetzt auch f\u00fcr Osterode nutzbar - Radio Leinewelle","robots":{"index":"index","follow":"follow","max-snippet":"max-snippet:-1","max-image-preview":"max-image-preview:large","max-video-preview":"max-video-preview:-1"},"canonical":"https:\/\/radioleinewelle.de\/index.php\/2020\/08\/11\/abfall-app-des-landkreises-fuer-abfallwirtschaft-jetzt-auch-fuer-osterode-nutzbar\/","og_locale":"de_DE","og_type":"article","og_title":"Abfall App des Landkreises G\u00f6ttingen jetzt auch f\u00fcr Osterode nutzbar - Radio Leinewelle","og_description":"Nie wieder vergessen den Abfallbeh\u00e4lter vor die T\u00fcr zu stellen \u2013 die Abfall App des Landkreises G\u00f6ttingen erinnert automatisch an den n\u00e4chsten Abholtermin. Ab sofort ist die Abfall App des Landkreises G\u00f6ttingen auch f\u00fcr die Abfallwirtschaft Osterode am Harz verf\u00fcgbar. Auch die \u00d6ffnungszeiten der Entsorgungsanlage, sowie viele weitere wichtige Informationen rund um das Thema Abfall [&hellip;]","og_url":"https:\/\/radioleinewelle.de\/index.php\/2020\/08\/11\/abfall-app-des-landkreises-fuer-abfallwirtschaft-jetzt-auch-fuer-osterode-nutzbar\/","og_site_name":"Radio Leinewelle","article_publisher":"https:\/\/www.facebook.com\/radioleinewelle","article_author":"https:\/\/www.facebook.com\/radioleinewelle","article_published_time":"2020-08-11T12:12:29+00:00","article_modified_time":"2023-01-31T11:03:48+00:00","og_image":[{"url":"https:\/\/radioleinewelle.de\/wp-content\/uploads\/2023\/01\/News.jpg","width":1024,"height":1024,"type":"image\/jpeg"}],"author":"Leinewelle","twitter_card":"summary_large_image","twitter_creator":"@https:\/\/twitter.com\/RLeinewelle?ref_src=twsrcgoogletwcampserptwgrauthor","twitter_site":"@RLeinewelle","twitter_misc":{"Verfasst von":"Leinewelle","Gesch\u00e4tzte Lesezeit":"1\u00a0Minute"},"schema":{"@context":"https:\/\/schema.org","@graph":[{"@type":"Article","@id":"https:\/\/radioleinewelle.de\/index.php\/2020\/08\/11\/abfall-app-des-landkreises-fuer-abfallwirtschaft-jetzt-auch-fuer-osterode-nutzbar\/#article","isPartOf":{"@id":"https:\/\/radioleinewelle.de\/index.php\/2020\/08\/11\/abfall-app-des-landkreises-fuer-abfallwirtschaft-jetzt-auch-fuer-osterode-nutzbar\/"},"author":{"name":"Leinewelle","@id":"https:\/\/radioleinewelle.de\/#\/schema\/person\/45606f348637df637192dc1b68399a63"},"headline":"Abfall App des Landkreises G\u00f6ttingen jetzt auch f\u00fcr Osterode nutzbar","datePublished":"2020-08-11T12:12:29+00:00","dateModified":"2023-01-31T11:03:48+00:00","mainEntityOfPage":{"@id":"https:\/\/radioleinewelle.de\/index.php\/2020\/08\/11\/abfall-app-des-landkreises-fuer-abfallwirtschaft-jetzt-auch-fuer-osterode-nutzbar\/"},"wordCount":204,"publisher":{"@id":"https:\/\/radioleinewelle.de\/#organization"},"image":{"@id":"https:\/\/radioleinewelle.de\/index.php\/2020\/08\/11\/abfall-app-des-landkreises-fuer-abfallwirtschaft-jetzt-auch-fuer-osterode-nutzbar\/#primaryimage"},"thumbnailUrl":"https:\/\/radioleinewelle.de\/wp-content\/uploads\/2023\/01\/News.jpg","inLanguage":"de"},{"@type":"WebPage","@id":"https:\/\/radioleinewelle.de\/index.php\/2020\/08\/11\/abfall-app-des-landkreises-fuer-abfallwirtschaft-jetzt-auch-fuer-osterode-nutzbar\/","url":"https:\/\/radioleinewelle.de\/index.php\/2020\/08\/11\/abfall-app-des-landkreises-fuer-abfallwirtschaft-jetzt-auch-fuer-osterode-nutzbar\/","name":"Abfall App des Landkreises G\u00f6ttingen jetzt auch f\u00fcr Osterode nutzbar - Radio Leinewelle","isPartOf":{"@id":"https:\/\/radioleinewelle.de\/#website"},"primaryImageOfPage":{"@id":"https:\/\/radioleinewelle.de\/index.php\/2020\/08\/11\/abfall-app-des-landkreises-fuer-abfallwirtschaft-jetzt-auch-fuer-osterode-nutzbar\/#primaryimage"},"image":{"@id":"https:\/\/radioleinewelle.de\/index.php\/2020\/08\/11\/abfall-app-des-landkreises-fuer-abfallwirtschaft-jetzt-auch-fuer-osterode-nutzbar\/#primaryimage"},"thumbnailUrl":"https:\/\/radioleinewelle.de\/wp-content\/uploads\/2023\/01\/News.jpg","datePublished":"2020-08-11T12:12:29+00:00","dateModified":"2023-01-31T11:03:48+00:00","breadcrumb":{"@id":"https:\/\/radioleinewelle.de\/index.php\/2020\/08\/11\/abfall-app-des-landkreises-fuer-abfallwirtschaft-jetzt-auch-fuer-osterode-nutzbar\/#breadcrumb"},"inLanguage":"de","potentialAction":[{"@type":"ReadAction","target":["https:\/\/radioleinewelle.de\/index.php\/2020\/08\/11\/abfall-app-des-landkreises-fuer-abfallwirtschaft-jetzt-auch-fuer-osterode-nutzbar\/"]}]},{"@type":"ImageObject","inLanguage":"de","@id":"https:\/\/radioleinewelle.de\/index.php\/2020\/08\/11\/abfall-app-des-landkreises-fuer-abfallwirtschaft-jetzt-auch-fuer-osterode-nutzbar\/#primaryimage","url":"https:\/\/radioleinewelle.de\/wp-content\/uploads\/2023\/01\/News.jpg","contentUrl":"https:\/\/radioleinewelle.de\/wp-content\/uploads\/2023\/01\/News.jpg","width":3709,"height":3709},{"@type":"BreadcrumbList","@id":"https:\/\/radioleinewelle.de\/index.php\/2020\/08\/11\/abfall-app-des-landkreises-fuer-abfallwirtschaft-jetzt-auch-fuer-osterode-nutzbar\/#breadcrumb","itemListElement":[{"@type":"ListItem","position":1,"name":"Startseite","item":"https:\/\/radioleinewelle.de\/"},{"@type":"ListItem","position":2,"name":"Abfall App des Landkreises G\u00f6ttingen jetzt auch f\u00fcr Osterode nutzbar"}]},{"@type":"WebSite","@id":"https:\/\/radioleinewelle.de\/#website","url":"https:\/\/radioleinewelle.de\/","name":"Radio Leinewelle","description":"","publisher":{"@id":"https:\/\/radioleinewelle.de\/#organization"},"potentialAction":[{"@type":"SearchAction","target":{"@type":"EntryPoint","urlTemplate":"https:\/\/radioleinewelle.de\/?s={search_term_string}"},"query-input":{"@type":"PropertyValueSpecification","valueRequired":true,"valueName":"search_term_string"}}],"inLanguage":"de"},{"@type":"Organization","@id":"https:\/\/radioleinewelle.de\/#organization","name":"Radio Leinewelle","alternateName":"Mein Radio f\u00fcr S\u00fcdniedersachsen","url":"https:\/\/radioleinewelle.de\/","logo":{"@type":"ImageObject","inLanguage":"de","@id":"https:\/\/radioleinewelle.de\/#\/schema\/logo\/image\/","url":"https:\/\/radioleinewelle.de\/wp-content\/uploads\/2023\/11\/cropped-Leinewelle_Logo_weiss.png","contentUrl":"https:\/\/radioleinewelle.de\/wp-content\/uploads\/2023\/11\/cropped-Leinewelle_Logo_weiss.png","width":854,"height":260,"caption":"Radio Leinewelle"},"image":{"@id":"https:\/\/radioleinewelle.de\/#\/schema\/logo\/image\/"},"sameAs":["https:\/\/www.facebook.com\/radioleinewelle","https:\/\/x.com\/RLeinewelle","https:\/\/www.instagram.com\/radioleinewelle\/?hl=de"]},{"@type":"Person","@id":"https:\/\/radioleinewelle.de\/#\/schema\/person\/45606f348637df637192dc1b68399a63","name":"Leinewelle","image":{"@type":"ImageObject","inLanguage":"de","@id":"https:\/\/secure.gravatar.com\/avatar\/05c9a17bc973052ee5d91549bd32fb4dd0dc85b7b85ae94b2e2b4943476bbea5?s=96&d=blank&r=g","url":"https:\/\/secure.gravatar.com\/avatar\/05c9a17bc973052ee5d91549bd32fb4dd0dc85b7b85ae94b2e2b4943476bbea5?s=96&d=blank&r=g","contentUrl":"https:\/\/secure.gravatar.com\/avatar\/05c9a17bc973052ee5d91549bd32fb4dd0dc85b7b85ae94b2e2b4943476bbea5?s=96&d=blank&r=g","caption":"Leinewelle"},"sameAs":["http:\/\/localhost\/radio%20leinewelle\/wordpress","https:\/\/www.facebook.com\/radioleinewelle","https:\/\/www.instagram.com\/radioleinewelle","https:\/\/x.com\/https:\/\/twitter.com\/RLeinewelle?ref_src=twsrcgoogletwcampserptwgrauthor","https:\/\/soundcloud.com\/foerderverein-lokalradio?utm_source=clipboard&utm_medium=text&utm_campaign=social_sharing"],"url":"https:\/\/radioleinewelle.de\/index.php\/author\/leinewelle\/"}]}},"_links":{"self":[{"href":"https:\/\/radioleinewelle.de\/index.php\/wp-json\/wp\/v2\/posts\/1160","targetHints":{"allow":["GET"]}}],"collection":[{"href":"https:\/\/radioleinewelle.de\/index.php\/wp-json\/wp\/v2\/posts"}],"about":[{"href":"https:\/\/radioleinewelle.de\/index.php\/wp-json\/wp\/v2\/types\/post"}],"author":[{"embeddable":true,"href":"https:\/\/radioleinewelle.de\/index.php\/wp-json\/wp\/v2\/users\/1"}],"replies":[{"embeddable":true,"href":"https:\/\/radioleinewelle.de\/index.php\/wp-json\/wp\/v2\/comments?post=1160"}],"version-history":[{"count":1,"href":"https:\/\/radioleinewelle.de\/index.php\/wp-json\/wp\/v2\/posts\/1160\/revisions"}],"predecessor-version":[{"id":20917,"href":"https:\/\/radioleinewelle.de\/index.php\/wp-json\/wp\/v2\/posts\/1160\/revisions\/20917"}],"wp:featuredmedia":[{"embeddable":true,"href":"https:\/\/radioleinewelle.de\/index.php\/wp-json\/wp\/v2\/media\/20875"}],"wp:attachment":[{"href":"https:\/\/radioleinewelle.de\/index.php\/wp-json\/wp\/v2\/media?parent=1160"}],"wp:term":[{"taxonomy":"category","embeddable":true,"href":"https:\/\/radioleinewelle.de\/index.php\/wp-json\/wp\/v2\/categories?post=1160"},{"taxonomy":"post_tag","embeddable":true,"href":"https:\/\/radioleinewelle.de\/index.php\/wp-json\/wp\/v2\/tags?post=1160"}],"curies":[{"name":"wp","href":"https:\/\/api.w.org\/{rel}","templated":true}]}}