{"id":1163,"date":"2020-08-12T11:16:18","date_gmt":"2020-08-12T09:16:18","guid":{"rendered":"https:\/\/radioleinewelle.de\/?p=1163"},"modified":"2020-08-12T11:16:18","modified_gmt":"2020-08-12T09:16:18","slug":"kreuzberg-e-v-praesentiert-die-175-offene-buehne-auf-radio-leinewelle-und-youtube","status":"publish","type":"post","link":"https:\/\/radioleinewelle.de\/index.php\/2020\/08\/12\/kreuzberg-e-v-praesentiert-die-175-offene-buehne-auf-radio-leinewelle-und-youtube\/","title":{"rendered":"Kreuzberg e.V. pr\u00e4sentiert die 175. Offene B\u00fchne auf Radio Leinewelle und Youtube"},"content":{"rendered":"<div class=\"moz-signature\"><strong>In Kooperation mit Radio Leinewelle:<\/strong> die 175. Offene B\u00fchne gibt es wieder, wie gewohnt, am zweiten Donnerstag im Monat &#8211; nur eben online.\u00a0 Und das bereits zum 5. Mal!\u00a0Wir feiern an diesem Donnerstag aber nicht nur ein rundes Offene B\u00fchne-Jubil\u00e4um, sondern gleichzeitig auch den 11. Geburtstag unseres Vereins!<\/div>\n<div class=\"moz-signature\">Vor elf Jahren, am <span class=\"cmp_parsed_date\" data-cmp_parsed_date=\"2009-08-13\" data-ce-class=\"Dates\">13. August 2009<\/span>, wurde im Salamanca der Nachfolgeverein des legend\u00e4ren Caf\u00e9 Kreuzberg gegr\u00fcndet und f\u00fchrt seitdem dessen Kulturprogramm fort. Seitdem organisieren wir ehrenamtlich Konzerte in <span class=\"cmp_parsed_location\" data-ce-class=\"Locations\" data-cmp_parsed_location_other=\"0\" data-cmp_parsed_location_weather=\"K03152012\" data-cmp_parsed_location_name=\"G\u00f6ttingen\">G\u00f6ttingen<\/span> und ganz S\u00fcdniedersachsen.<\/div>\n<div class=\"moz-signature\">Start der Videopremiere der Online Offenen B\u00fchne ist auf unserem Youtube-Kanal Punkt 21 Uhr!<br \/>\nGleichzeitig l\u00e4uft die Offene B\u00fchne als<strong> Audio-Stream auf Radio Leinewelle<\/strong>.Also schaut am Donnerstag, den <span class=\"cmp_parsed_date\" data-cmp_parsed_date=\"2020-08-13\" data-ce-class=\"Dates\">13.8.<\/span>, auf unserem Youtube-Kanal vorbei, genie\u00dft ein kreatives Potpourri und plaudert im Chat miteinander. Schon ist es fast wieder so, als w\u00e4ren wir alle gemeinsam in der Diva Lounge und k\u00f6nnten gemeinsam auf unseren Vereinsgeburtstag ansto\u00dfen!<\/div>\n<div class=\"moz-signature\">Auch wenn die Offene B\u00fchne online stattfindet bleibt doch einiges gleich, denn: gern gesehen sind nicht nur Anf\u00e4nger, die sich zum ersten Mal ausprobieren m\u00f6chten, sondern auch Profis, die einfach Spa\u00df am Auftreten haben oder neue St\u00fccke erproben wollen. Zwar \u00fcberwiegen die musikalischen Darbietungen, doch die Offene B\u00fchne ist vor allem eins: offen! Willkommen sind deswegen auch Poeten, Schauspieler, Komiker, Zauberer, T\u00e4nzer uvm.<\/div>\n<div class=\"moz-signature\"><\/div>\n<div class=\"moz-signature\">Youtube-Kanal: <a class=\"cmp_parsed_url\" href=\"http:\/\/www.youtube.com\/channel\/UCbxyQwb282oRb-7TibUR50A\" target=\"_blank\" rel=\"noopener\">www.youtube.com\/channel\/UCbxyQwb282oRb-7TibUR50A<\/a><\/div>\n<div class=\"moz-signature\">\n<p>Radio Leinewelle: <a class=\"cmp_parsed_url\" href=\"https:\/\/radioleinewelle.de\/webplayer\/\" target=\"_blank\" rel=\"noopener\">www.radioleinewelle.de\/webplayer\/<\/a><\/p>\n<\/div>\n<div class=\"moz-signature\"><i>\u00a0<\/i><\/div>\n","protected":false},"excerpt":{"rendered":"<p>In Kooperation mit Radio Leinewelle: die 175. Offene B\u00fchne gibt es wieder, wie gewohnt, am zweiten Donnerstag im Monat &#8211; nur eben online.\u00a0 Und das bereits zum 5. Mal!\u00a0Wir feiern an diesem Donnerstag aber nicht nur ein rundes Offene B\u00fchne-Jubil\u00e4um, sondern gleichzeitig auch den 11. Geburtstag unseres Vereins! Vor elf Jahren, am 13. August 2009, [&hellip;]<\/p>\n","protected":false},"author":1,"featured_media":0,"comment_status":"closed","ping_status":"closed","sticky":false,"template":"","format":"standard","meta":{"saved_in_kubio":false,"footnotes":""},"categories":[1],"tags":[],"class_list":["post-1163","post","type-post","status-publish","format-standard","hentry","category-allgemein"],"yoast_head":"<!-- This site is optimized with the Yoast SEO plugin v27.5 - https:\/\/yoast.com\/product\/yoast-seo-wordpress\/ -->\n<title>Kreuzberg e.V. pr\u00e4sentiert die 175. Offene B\u00fchne auf Radio Leinewelle und Youtube - Radio Leinewelle<\/title>\n<meta name=\"robots\" content=\"index, follow, max-snippet:-1, max-image-preview:large, max-video-preview:-1\" \/>\n<link rel=\"canonical\" href=\"https:\/\/radioleinewelle.de\/index.php\/2020\/08\/12\/kreuzberg-e-v-praesentiert-die-175-offene-buehne-auf-radio-leinewelle-und-youtube\/\" \/>\n<meta property=\"og:locale\" content=\"de_DE\" \/>\n<meta property=\"og:type\" content=\"article\" \/>\n<meta property=\"og:title\" content=\"Kreuzberg e.V. pr\u00e4sentiert die 175. Offene B\u00fchne auf Radio Leinewelle und Youtube - Radio Leinewelle\" \/>\n<meta property=\"og:description\" content=\"In Kooperation mit Radio Leinewelle: die 175. Offene B\u00fchne gibt es wieder, wie gewohnt, am zweiten Donnerstag im Monat &#8211; nur eben online.\u00a0 Und das bereits zum 5. Mal!\u00a0Wir feiern an diesem Donnerstag aber nicht nur ein rundes Offene B\u00fchne-Jubil\u00e4um, sondern gleichzeitig auch den 11. Geburtstag unseres Vereins! Vor elf Jahren, am 13. August 2009, [&hellip;]\" \/>\n<meta property=\"og:url\" content=\"https:\/\/radioleinewelle.de\/index.php\/2020\/08\/12\/kreuzberg-e-v-praesentiert-die-175-offene-buehne-auf-radio-leinewelle-und-youtube\/\" \/>\n<meta property=\"og:site_name\" content=\"Radio Leinewelle\" \/>\n<meta property=\"article:publisher\" content=\"https:\/\/www.facebook.com\/radioleinewelle\" \/>\n<meta property=\"article:author\" content=\"https:\/\/www.facebook.com\/radioleinewelle\" \/>\n<meta property=\"article:published_time\" content=\"2020-08-12T09:16:18+00:00\" \/>\n<meta name=\"author\" content=\"Leinewelle\" \/>\n<meta name=\"twitter:card\" content=\"summary_large_image\" \/>\n<meta name=\"twitter:creator\" content=\"@https:\/\/twitter.com\/RLeinewelle?ref_src=twsrcgoogletwcampserptwgrauthor\" \/>\n<meta name=\"twitter:site\" content=\"@RLeinewelle\" \/>\n<meta name=\"twitter:label1\" content=\"Verfasst von\" \/>\n\t<meta name=\"twitter:data1\" content=\"Leinewelle\" \/>\n\t<meta name=\"twitter:label2\" content=\"Gesch\u00e4tzte Lesezeit\" \/>\n\t<meta name=\"twitter:data2\" content=\"1\u00a0Minute\" \/>\n<script type=\"application\/ld+json\" class=\"yoast-schema-graph\">{\"@context\":\"https:\\\/\\\/schema.org\",\"@graph\":[{\"@type\":\"Article\",\"@id\":\"https:\\\/\\\/radioleinewelle.de\\\/index.php\\\/2020\\\/08\\\/12\\\/kreuzberg-e-v-praesentiert-die-175-offene-buehne-auf-radio-leinewelle-und-youtube\\\/#article\",\"isPartOf\":{\"@id\":\"https:\\\/\\\/radioleinewelle.de\\\/index.php\\\/2020\\\/08\\\/12\\\/kreuzberg-e-v-praesentiert-die-175-offene-buehne-auf-radio-leinewelle-und-youtube\\\/\"},\"author\":{\"name\":\"Leinewelle\",\"@id\":\"https:\\\/\\\/radioleinewelle.de\\\/#\\\/schema\\\/person\\\/45606f348637df637192dc1b68399a63\"},\"headline\":\"Kreuzberg e.V. pr\u00e4sentiert die 175. Offene B\u00fchne auf Radio Leinewelle und Youtube\",\"datePublished\":\"2020-08-12T09:16:18+00:00\",\"mainEntityOfPage\":{\"@id\":\"https:\\\/\\\/radioleinewelle.de\\\/index.php\\\/2020\\\/08\\\/12\\\/kreuzberg-e-v-praesentiert-die-175-offene-buehne-auf-radio-leinewelle-und-youtube\\\/\"},\"wordCount\":253,\"publisher\":{\"@id\":\"https:\\\/\\\/radioleinewelle.de\\\/#organization\"},\"inLanguage\":\"de\"},{\"@type\":\"WebPage\",\"@id\":\"https:\\\/\\\/radioleinewelle.de\\\/index.php\\\/2020\\\/08\\\/12\\\/kreuzberg-e-v-praesentiert-die-175-offene-buehne-auf-radio-leinewelle-und-youtube\\\/\",\"url\":\"https:\\\/\\\/radioleinewelle.de\\\/index.php\\\/2020\\\/08\\\/12\\\/kreuzberg-e-v-praesentiert-die-175-offene-buehne-auf-radio-leinewelle-und-youtube\\\/\",\"name\":\"Kreuzberg e.V. pr\u00e4sentiert die 175. Offene B\u00fchne auf Radio Leinewelle und Youtube - Radio Leinewelle\",\"isPartOf\":{\"@id\":\"https:\\\/\\\/radioleinewelle.de\\\/#website\"},\"datePublished\":\"2020-08-12T09:16:18+00:00\",\"breadcrumb\":{\"@id\":\"https:\\\/\\\/radioleinewelle.de\\\/index.php\\\/2020\\\/08\\\/12\\\/kreuzberg-e-v-praesentiert-die-175-offene-buehne-auf-radio-leinewelle-und-youtube\\\/#breadcrumb\"},\"inLanguage\":\"de\",\"potentialAction\":[{\"@type\":\"ReadAction\",\"target\":[\"https:\\\/\\\/radioleinewelle.de\\\/index.php\\\/2020\\\/08\\\/12\\\/kreuzberg-e-v-praesentiert-die-175-offene-buehne-auf-radio-leinewelle-und-youtube\\\/\"]}]},{\"@type\":\"BreadcrumbList\",\"@id\":\"https:\\\/\\\/radioleinewelle.de\\\/index.php\\\/2020\\\/08\\\/12\\\/kreuzberg-e-v-praesentiert-die-175-offene-buehne-auf-radio-leinewelle-und-youtube\\\/#breadcrumb\",\"itemListElement\":[{\"@type\":\"ListItem\",\"position\":1,\"name\":\"Startseite\",\"item\":\"https:\\\/\\\/radioleinewelle.de\\\/\"},{\"@type\":\"ListItem\",\"position\":2,\"name\":\"Kreuzberg e.V. pr\u00e4sentiert die 175. Offene B\u00fchne auf Radio Leinewelle und Youtube\"}]},{\"@type\":\"WebSite\",\"@id\":\"https:\\\/\\\/radioleinewelle.de\\\/#website\",\"url\":\"https:\\\/\\\/radioleinewelle.de\\\/\",\"name\":\"Radio Leinewelle\",\"description\":\"\",\"publisher\":{\"@id\":\"https:\\\/\\\/radioleinewelle.de\\\/#organization\"},\"potentialAction\":[{\"@type\":\"SearchAction\",\"target\":{\"@type\":\"EntryPoint\",\"urlTemplate\":\"https:\\\/\\\/radioleinewelle.de\\\/?s={search_term_string}\"},\"query-input\":{\"@type\":\"PropertyValueSpecification\",\"valueRequired\":true,\"valueName\":\"search_term_string\"}}],\"inLanguage\":\"de\"},{\"@type\":\"Organization\",\"@id\":\"https:\\\/\\\/radioleinewelle.de\\\/#organization\",\"name\":\"Radio Leinewelle\",\"alternateName\":\"Mein Radio f\u00fcr S\u00fcdniedersachsen\",\"url\":\"https:\\\/\\\/radioleinewelle.de\\\/\",\"logo\":{\"@type\":\"ImageObject\",\"inLanguage\":\"de\",\"@id\":\"https:\\\/\\\/radioleinewelle.de\\\/#\\\/schema\\\/logo\\\/image\\\/\",\"url\":\"https:\\\/\\\/radioleinewelle.de\\\/wp-content\\\/uploads\\\/2023\\\/11\\\/cropped-Leinewelle_Logo_weiss.png\",\"contentUrl\":\"https:\\\/\\\/radioleinewelle.de\\\/wp-content\\\/uploads\\\/2023\\\/11\\\/cropped-Leinewelle_Logo_weiss.png\",\"width\":854,\"height\":260,\"caption\":\"Radio Leinewelle\"},\"image\":{\"@id\":\"https:\\\/\\\/radioleinewelle.de\\\/#\\\/schema\\\/logo\\\/image\\\/\"},\"sameAs\":[\"https:\\\/\\\/www.facebook.com\\\/radioleinewelle\",\"https:\\\/\\\/x.com\\\/RLeinewelle\",\"https:\\\/\\\/www.instagram.com\\\/radioleinewelle\\\/?hl=de\"]},{\"@type\":\"Person\",\"@id\":\"https:\\\/\\\/radioleinewelle.de\\\/#\\\/schema\\\/person\\\/45606f348637df637192dc1b68399a63\",\"name\":\"Leinewelle\",\"image\":{\"@type\":\"ImageObject\",\"inLanguage\":\"de\",\"@id\":\"https:\\\/\\\/secure.gravatar.com\\\/avatar\\\/05c9a17bc973052ee5d91549bd32fb4dd0dc85b7b85ae94b2e2b4943476bbea5?s=96&d=blank&r=g\",\"url\":\"https:\\\/\\\/secure.gravatar.com\\\/avatar\\\/05c9a17bc973052ee5d91549bd32fb4dd0dc85b7b85ae94b2e2b4943476bbea5?s=96&d=blank&r=g\",\"contentUrl\":\"https:\\\/\\\/secure.gravatar.com\\\/avatar\\\/05c9a17bc973052ee5d91549bd32fb4dd0dc85b7b85ae94b2e2b4943476bbea5?s=96&d=blank&r=g\",\"caption\":\"Leinewelle\"},\"sameAs\":[\"http:\\\/\\\/localhost\\\/radio%20leinewelle\\\/wordpress\",\"https:\\\/\\\/www.facebook.com\\\/radioleinewelle\",\"https:\\\/\\\/www.instagram.com\\\/radioleinewelle\",\"https:\\\/\\\/x.com\\\/https:\\\/\\\/twitter.com\\\/RLeinewelle?ref_src=twsrcgoogletwcampserptwgrauthor\",\"https:\\\/\\\/soundcloud.com\\\/foerderverein-lokalradio?utm_source=clipboard&utm_medium=text&utm_campaign=social_sharing\"],\"url\":\"https:\\\/\\\/radioleinewelle.de\\\/index.php\\\/author\\\/leinewelle\\\/\"}]}<\/script>\n<!-- \/ Yoast SEO plugin. -->","yoast_head_json":{"title":"Kreuzberg e.V. pr\u00e4sentiert die 175. Offene B\u00fchne auf Radio Leinewelle und Youtube - Radio Leinewelle","robots":{"index":"index","follow":"follow","max-snippet":"max-snippet:-1","max-image-preview":"max-image-preview:large","max-video-preview":"max-video-preview:-1"},"canonical":"https:\/\/radioleinewelle.de\/index.php\/2020\/08\/12\/kreuzberg-e-v-praesentiert-die-175-offene-buehne-auf-radio-leinewelle-und-youtube\/","og_locale":"de_DE","og_type":"article","og_title":"Kreuzberg e.V. pr\u00e4sentiert die 175. Offene B\u00fchne auf Radio Leinewelle und Youtube - Radio Leinewelle","og_description":"In Kooperation mit Radio Leinewelle: die 175. Offene B\u00fchne gibt es wieder, wie gewohnt, am zweiten Donnerstag im Monat &#8211; nur eben online.\u00a0 Und das bereits zum 5. Mal!\u00a0Wir feiern an diesem Donnerstag aber nicht nur ein rundes Offene B\u00fchne-Jubil\u00e4um, sondern gleichzeitig auch den 11. Geburtstag unseres Vereins! Vor elf Jahren, am 13. August 2009, [&hellip;]","og_url":"https:\/\/radioleinewelle.de\/index.php\/2020\/08\/12\/kreuzberg-e-v-praesentiert-die-175-offene-buehne-auf-radio-leinewelle-und-youtube\/","og_site_name":"Radio Leinewelle","article_publisher":"https:\/\/www.facebook.com\/radioleinewelle","article_author":"https:\/\/www.facebook.com\/radioleinewelle","article_published_time":"2020-08-12T09:16:18+00:00","author":"Leinewelle","twitter_card":"summary_large_image","twitter_creator":"@https:\/\/twitter.com\/RLeinewelle?ref_src=twsrcgoogletwcampserptwgrauthor","twitter_site":"@RLeinewelle","twitter_misc":{"Verfasst von":"Leinewelle","Gesch\u00e4tzte Lesezeit":"1\u00a0Minute"},"schema":{"@context":"https:\/\/schema.org","@graph":[{"@type":"Article","@id":"https:\/\/radioleinewelle.de\/index.php\/2020\/08\/12\/kreuzberg-e-v-praesentiert-die-175-offene-buehne-auf-radio-leinewelle-und-youtube\/#article","isPartOf":{"@id":"https:\/\/radioleinewelle.de\/index.php\/2020\/08\/12\/kreuzberg-e-v-praesentiert-die-175-offene-buehne-auf-radio-leinewelle-und-youtube\/"},"author":{"name":"Leinewelle","@id":"https:\/\/radioleinewelle.de\/#\/schema\/person\/45606f348637df637192dc1b68399a63"},"headline":"Kreuzberg e.V. pr\u00e4sentiert die 175. Offene B\u00fchne auf Radio Leinewelle und Youtube","datePublished":"2020-08-12T09:16:18+00:00","mainEntityOfPage":{"@id":"https:\/\/radioleinewelle.de\/index.php\/2020\/08\/12\/kreuzberg-e-v-praesentiert-die-175-offene-buehne-auf-radio-leinewelle-und-youtube\/"},"wordCount":253,"publisher":{"@id":"https:\/\/radioleinewelle.de\/#organization"},"inLanguage":"de"},{"@type":"WebPage","@id":"https:\/\/radioleinewelle.de\/index.php\/2020\/08\/12\/kreuzberg-e-v-praesentiert-die-175-offene-buehne-auf-radio-leinewelle-und-youtube\/","url":"https:\/\/radioleinewelle.de\/index.php\/2020\/08\/12\/kreuzberg-e-v-praesentiert-die-175-offene-buehne-auf-radio-leinewelle-und-youtube\/","name":"Kreuzberg e.V. pr\u00e4sentiert die 175. Offene B\u00fchne auf Radio Leinewelle und Youtube - Radio Leinewelle","isPartOf":{"@id":"https:\/\/radioleinewelle.de\/#website"},"datePublished":"2020-08-12T09:16:18+00:00","breadcrumb":{"@id":"https:\/\/radioleinewelle.de\/index.php\/2020\/08\/12\/kreuzberg-e-v-praesentiert-die-175-offene-buehne-auf-radio-leinewelle-und-youtube\/#breadcrumb"},"inLanguage":"de","potentialAction":[{"@type":"ReadAction","target":["https:\/\/radioleinewelle.de\/index.php\/2020\/08\/12\/kreuzberg-e-v-praesentiert-die-175-offene-buehne-auf-radio-leinewelle-und-youtube\/"]}]},{"@type":"BreadcrumbList","@id":"https:\/\/radioleinewelle.de\/index.php\/2020\/08\/12\/kreuzberg-e-v-praesentiert-die-175-offene-buehne-auf-radio-leinewelle-und-youtube\/#breadcrumb","itemListElement":[{"@type":"ListItem","position":1,"name":"Startseite","item":"https:\/\/radioleinewelle.de\/"},{"@type":"ListItem","position":2,"name":"Kreuzberg e.V. pr\u00e4sentiert die 175. Offene B\u00fchne auf Radio Leinewelle und Youtube"}]},{"@type":"WebSite","@id":"https:\/\/radioleinewelle.de\/#website","url":"https:\/\/radioleinewelle.de\/","name":"Radio Leinewelle","description":"","publisher":{"@id":"https:\/\/radioleinewelle.de\/#organization"},"potentialAction":[{"@type":"SearchAction","target":{"@type":"EntryPoint","urlTemplate":"https:\/\/radioleinewelle.de\/?s={search_term_string}"},"query-input":{"@type":"PropertyValueSpecification","valueRequired":true,"valueName":"search_term_string"}}],"inLanguage":"de"},{"@type":"Organization","@id":"https:\/\/radioleinewelle.de\/#organization","name":"Radio Leinewelle","alternateName":"Mein Radio f\u00fcr S\u00fcdniedersachsen","url":"https:\/\/radioleinewelle.de\/","logo":{"@type":"ImageObject","inLanguage":"de","@id":"https:\/\/radioleinewelle.de\/#\/schema\/logo\/image\/","url":"https:\/\/radioleinewelle.de\/wp-content\/uploads\/2023\/11\/cropped-Leinewelle_Logo_weiss.png","contentUrl":"https:\/\/radioleinewelle.de\/wp-content\/uploads\/2023\/11\/cropped-Leinewelle_Logo_weiss.png","width":854,"height":260,"caption":"Radio Leinewelle"},"image":{"@id":"https:\/\/radioleinewelle.de\/#\/schema\/logo\/image\/"},"sameAs":["https:\/\/www.facebook.com\/radioleinewelle","https:\/\/x.com\/RLeinewelle","https:\/\/www.instagram.com\/radioleinewelle\/?hl=de"]},{"@type":"Person","@id":"https:\/\/radioleinewelle.de\/#\/schema\/person\/45606f348637df637192dc1b68399a63","name":"Leinewelle","image":{"@type":"ImageObject","inLanguage":"de","@id":"https:\/\/secure.gravatar.com\/avatar\/05c9a17bc973052ee5d91549bd32fb4dd0dc85b7b85ae94b2e2b4943476bbea5?s=96&d=blank&r=g","url":"https:\/\/secure.gravatar.com\/avatar\/05c9a17bc973052ee5d91549bd32fb4dd0dc85b7b85ae94b2e2b4943476bbea5?s=96&d=blank&r=g","contentUrl":"https:\/\/secure.gravatar.com\/avatar\/05c9a17bc973052ee5d91549bd32fb4dd0dc85b7b85ae94b2e2b4943476bbea5?s=96&d=blank&r=g","caption":"Leinewelle"},"sameAs":["http:\/\/localhost\/radio%20leinewelle\/wordpress","https:\/\/www.facebook.com\/radioleinewelle","https:\/\/www.instagram.com\/radioleinewelle","https:\/\/x.com\/https:\/\/twitter.com\/RLeinewelle?ref_src=twsrcgoogletwcampserptwgrauthor","https:\/\/soundcloud.com\/foerderverein-lokalradio?utm_source=clipboard&utm_medium=text&utm_campaign=social_sharing"],"url":"https:\/\/radioleinewelle.de\/index.php\/author\/leinewelle\/"}]}},"_links":{"self":[{"href":"https:\/\/radioleinewelle.de\/index.php\/wp-json\/wp\/v2\/posts\/1163","targetHints":{"allow":["GET"]}}],"collection":[{"href":"https:\/\/radioleinewelle.de\/index.php\/wp-json\/wp\/v2\/posts"}],"about":[{"href":"https:\/\/radioleinewelle.de\/index.php\/wp-json\/wp\/v2\/types\/post"}],"author":[{"embeddable":true,"href":"https:\/\/radioleinewelle.de\/index.php\/wp-json\/wp\/v2\/users\/1"}],"replies":[{"embeddable":true,"href":"https:\/\/radioleinewelle.de\/index.php\/wp-json\/wp\/v2\/comments?post=1163"}],"version-history":[{"count":0,"href":"https:\/\/radioleinewelle.de\/index.php\/wp-json\/wp\/v2\/posts\/1163\/revisions"}],"wp:attachment":[{"href":"https:\/\/radioleinewelle.de\/index.php\/wp-json\/wp\/v2\/media?parent=1163"}],"wp:term":[{"taxonomy":"category","embeddable":true,"href":"https:\/\/radioleinewelle.de\/index.php\/wp-json\/wp\/v2\/categories?post=1163"},{"taxonomy":"post_tag","embeddable":true,"href":"https:\/\/radioleinewelle.de\/index.php\/wp-json\/wp\/v2\/tags?post=1163"}],"curies":[{"name":"wp","href":"https:\/\/api.w.org\/{rel}","templated":true}]}}