{"id":1168,"date":"2020-08-12T08:31:22","date_gmt":"2020-08-12T06:31:22","guid":{"rendered":"https:\/\/radioleinewelle.de\/?p=1168"},"modified":"2020-08-12T08:31:22","modified_gmt":"2020-08-12T06:31:22","slug":"ndr-tatort-neuer-fall-fuer-charlotte-lindholm-und-anais-schmitz-in-goettingen","status":"publish","type":"post","link":"https:\/\/radioleinewelle.de\/index.php\/2020\/08\/12\/ndr-tatort-neuer-fall-fuer-charlotte-lindholm-und-anais-schmitz-in-goettingen\/","title":{"rendered":"NDR &#8222;Tatort&#8220;: neuer Fall f\u00fcr Charlotte Lindholm und Ana\u00efs Schmitz in G\u00f6ttingen"},"content":{"rendered":"<p>Hamburg (ots) Charlotte Lindholm (Maria Furtw\u00e4ngler) und Ana\u00efs Schmitz (Florence Kasumba) ermitteln wieder: Bis zum 10. September steht das Kommissarinnen-Duo f\u00fcr den NDR in G\u00f6ttingen und Umgebung sowie in Hamburg f\u00fcr seinen vierten &#8222;Tatort&#8220;-Einsatz vor der Kamera. Die beiden werden in dem Fall &#8222;Die Rache an der Welt&#8220; (Arbeitstitel) mit der Vergewaltigung und Ermordung einer jungen Studentin konfrontiert. Die Regie f\u00fchrt Stefan Krohmer, das Drehbuch schrieb sein &#8222;Stammautor&#8220; Daniel Nocke. Beide sind vielfach preisgekr\u00f6nt. Ihr f\u00fcr den NDR entstandener Film &#8222;Meine fremde Freundin&#8220; wurde 2017 mit dem Hamburger Produzentenpreis f\u00fcr Deutsche Fernsehproduktionen geehrt (Hubertus Meyer-Burckhardt und Christoph Bicker f\u00fcr die Polyphon Film- und Fernsehgesellschaft). Das Erste wird den neuen NDR &#8222;Tatort&#8220; aus G\u00f6ttingen voraussichtlich im kommenden Jahr zeigen.<br \/>\nZum Inhalt des &#8222;Tatort: Die Rache an der Welt&#8220; (AT): Die heile Welt von G\u00f6ttingen wird ersch\u00fcttert durch einen Serientriebt\u00e4ter, der an abgelegenen Ecken Frauen auflauert und zu sexuellen Handlungen zwingt. &#8222;Der Wikinger&#8220;, wie der Mann in der Presse genannt wird, hat seine Opfer bislang am Leben gelassen. Als in einem kleinen Park an einem See die Leiche der Studentin Mira gefunden wird, fragen sich Charlotte Lindholm und Ana\u00efs Schmitz, ob der Wikinger dieses Mal einen Schritt weiter gegangen sein k\u00f6nnte &#8211; das Opfer wurde erst brutal vergewaltigt, dann ermordet. Um keine Zeit zu verlieren, gibt Charlotte Lindholm den Ansto\u00df f\u00fcr eine erweiterte Herkunftsanalyse der DNA vom Tatort &#8230;<br \/>\nZu den weiteren Darstellerinnen und Darstellern geh\u00f6ren Daniel Donskoy (Nick Schmitz), Mala Emde (Jelena), Sascha Gersak (Henry Stropp), Leonard Carow (Elmo), Bagher Ahmadi (Ehsan), Eidin Jalali (Munir), Luc Feit (Gerd Liebig) und Jonas Minthe (Leon Ciaballa).<\/p>\n","protected":false},"excerpt":{"rendered":"<p>Hamburg (ots) Charlotte Lindholm (Maria Furtw\u00e4ngler) und Ana\u00efs Schmitz (Florence Kasumba) ermitteln wieder: Bis zum 10. September steht das Kommissarinnen-Duo f\u00fcr den NDR in G\u00f6ttingen und Umgebung sowie in Hamburg f\u00fcr seinen vierten &#8222;Tatort&#8220;-Einsatz vor der Kamera. Die beiden werden in dem Fall &#8222;Die Rache an der Welt&#8220; (Arbeitstitel) mit der Vergewaltigung und Ermordung einer [&hellip;]<\/p>\n","protected":false},"author":1,"featured_media":1169,"comment_status":"closed","ping_status":"closed","sticky":false,"template":"","format":"standard","meta":{"saved_in_kubio":false,"footnotes":""},"categories":[1],"tags":[],"class_list":["post-1168","post","type-post","status-publish","format-standard","has-post-thumbnail","hentry","category-allgemein"],"yoast_head":"<!-- This site is optimized with the Yoast SEO plugin v27.5 - https:\/\/yoast.com\/product\/yoast-seo-wordpress\/ -->\n<title>NDR &quot;Tatort&quot;: neuer Fall f\u00fcr Charlotte Lindholm und Ana\u00efs Schmitz in G\u00f6ttingen - Radio Leinewelle<\/title>\n<meta name=\"robots\" content=\"index, follow, max-snippet:-1, max-image-preview:large, max-video-preview:-1\" \/>\n<link rel=\"canonical\" href=\"https:\/\/radioleinewelle.de\/index.php\/2020\/08\/12\/ndr-tatort-neuer-fall-fuer-charlotte-lindholm-und-anais-schmitz-in-goettingen\/\" \/>\n<meta property=\"og:locale\" content=\"de_DE\" \/>\n<meta property=\"og:type\" content=\"article\" \/>\n<meta property=\"og:title\" content=\"NDR &quot;Tatort&quot;: neuer Fall f\u00fcr Charlotte Lindholm und Ana\u00efs Schmitz in G\u00f6ttingen - Radio Leinewelle\" \/>\n<meta property=\"og:description\" content=\"Hamburg (ots) Charlotte Lindholm (Maria Furtw\u00e4ngler) und Ana\u00efs Schmitz (Florence Kasumba) ermitteln wieder: Bis zum 10. September steht das Kommissarinnen-Duo f\u00fcr den NDR in G\u00f6ttingen und Umgebung sowie in Hamburg f\u00fcr seinen vierten &#8222;Tatort&#8220;-Einsatz vor der Kamera. Die beiden werden in dem Fall &#8222;Die Rache an der Welt&#8220; (Arbeitstitel) mit der Vergewaltigung und Ermordung einer [&hellip;]\" \/>\n<meta property=\"og:url\" content=\"https:\/\/radioleinewelle.de\/index.php\/2020\/08\/12\/ndr-tatort-neuer-fall-fuer-charlotte-lindholm-und-anais-schmitz-in-goettingen\/\" \/>\n<meta property=\"og:site_name\" content=\"Radio Leinewelle\" \/>\n<meta property=\"article:publisher\" content=\"https:\/\/www.facebook.com\/radioleinewelle\" \/>\n<meta property=\"article:author\" content=\"https:\/\/www.facebook.com\/radioleinewelle\" \/>\n<meta property=\"article:published_time\" content=\"2020-08-12T06:31:22+00:00\" \/>\n<meta property=\"og:image\" content=\"https:\/\/radioleinewelle.de\/wp-content\/uploads\/2020\/08\/ndr-tatort-neuer-fall-f-r-charlotte-lindholm-maria-furtw-ngler-und-ana-s-schmitz-florence-kasumba-in-e1597213631847.jpg\" \/>\n\t<meta property=\"og:image:width\" content=\"300\" \/>\n\t<meta property=\"og:image:height\" content=\"169\" \/>\n\t<meta property=\"og:image:type\" content=\"image\/jpeg\" \/>\n<meta name=\"author\" content=\"Leinewelle\" \/>\n<meta name=\"twitter:card\" content=\"summary_large_image\" \/>\n<meta name=\"twitter:creator\" content=\"@https:\/\/twitter.com\/RLeinewelle?ref_src=twsrcgoogletwcampserptwgrauthor\" \/>\n<meta name=\"twitter:site\" content=\"@RLeinewelle\" \/>\n<meta name=\"twitter:label1\" content=\"Verfasst von\" \/>\n\t<meta name=\"twitter:data1\" content=\"Leinewelle\" \/>\n\t<meta name=\"twitter:label2\" content=\"Gesch\u00e4tzte Lesezeit\" \/>\n\t<meta name=\"twitter:data2\" content=\"1\u00a0Minute\" \/>\n<script type=\"application\/ld+json\" class=\"yoast-schema-graph\">{\"@context\":\"https:\\\/\\\/schema.org\",\"@graph\":[{\"@type\":\"Article\",\"@id\":\"https:\\\/\\\/radioleinewelle.de\\\/index.php\\\/2020\\\/08\\\/12\\\/ndr-tatort-neuer-fall-fuer-charlotte-lindholm-und-anais-schmitz-in-goettingen\\\/#article\",\"isPartOf\":{\"@id\":\"https:\\\/\\\/radioleinewelle.de\\\/index.php\\\/2020\\\/08\\\/12\\\/ndr-tatort-neuer-fall-fuer-charlotte-lindholm-und-anais-schmitz-in-goettingen\\\/\"},\"author\":{\"name\":\"Leinewelle\",\"@id\":\"https:\\\/\\\/radioleinewelle.de\\\/#\\\/schema\\\/person\\\/45606f348637df637192dc1b68399a63\"},\"headline\":\"NDR &#8222;Tatort&#8220;: neuer Fall f\u00fcr Charlotte Lindholm und Ana\u00efs Schmitz in G\u00f6ttingen\",\"datePublished\":\"2020-08-12T06:31:22+00:00\",\"mainEntityOfPage\":{\"@id\":\"https:\\\/\\\/radioleinewelle.de\\\/index.php\\\/2020\\\/08\\\/12\\\/ndr-tatort-neuer-fall-fuer-charlotte-lindholm-und-anais-schmitz-in-goettingen\\\/\"},\"wordCount\":294,\"publisher\":{\"@id\":\"https:\\\/\\\/radioleinewelle.de\\\/#organization\"},\"image\":{\"@id\":\"https:\\\/\\\/radioleinewelle.de\\\/index.php\\\/2020\\\/08\\\/12\\\/ndr-tatort-neuer-fall-fuer-charlotte-lindholm-und-anais-schmitz-in-goettingen\\\/#primaryimage\"},\"thumbnailUrl\":\"https:\\\/\\\/radioleinewelle.de\\\/wp-content\\\/uploads\\\/2020\\\/08\\\/ndr-tatort-neuer-fall-f-r-charlotte-lindholm-maria-furtw-ngler-und-ana-s-schmitz-florence-kasumba-in-e1597213631847.jpg\",\"inLanguage\":\"de\"},{\"@type\":\"WebPage\",\"@id\":\"https:\\\/\\\/radioleinewelle.de\\\/index.php\\\/2020\\\/08\\\/12\\\/ndr-tatort-neuer-fall-fuer-charlotte-lindholm-und-anais-schmitz-in-goettingen\\\/\",\"url\":\"https:\\\/\\\/radioleinewelle.de\\\/index.php\\\/2020\\\/08\\\/12\\\/ndr-tatort-neuer-fall-fuer-charlotte-lindholm-und-anais-schmitz-in-goettingen\\\/\",\"name\":\"NDR \\\"Tatort\\\": neuer Fall f\u00fcr Charlotte Lindholm und Ana\u00efs Schmitz in G\u00f6ttingen - Radio Leinewelle\",\"isPartOf\":{\"@id\":\"https:\\\/\\\/radioleinewelle.de\\\/#website\"},\"primaryImageOfPage\":{\"@id\":\"https:\\\/\\\/radioleinewelle.de\\\/index.php\\\/2020\\\/08\\\/12\\\/ndr-tatort-neuer-fall-fuer-charlotte-lindholm-und-anais-schmitz-in-goettingen\\\/#primaryimage\"},\"image\":{\"@id\":\"https:\\\/\\\/radioleinewelle.de\\\/index.php\\\/2020\\\/08\\\/12\\\/ndr-tatort-neuer-fall-fuer-charlotte-lindholm-und-anais-schmitz-in-goettingen\\\/#primaryimage\"},\"thumbnailUrl\":\"https:\\\/\\\/radioleinewelle.de\\\/wp-content\\\/uploads\\\/2020\\\/08\\\/ndr-tatort-neuer-fall-f-r-charlotte-lindholm-maria-furtw-ngler-und-ana-s-schmitz-florence-kasumba-in-e1597213631847.jpg\",\"datePublished\":\"2020-08-12T06:31:22+00:00\",\"breadcrumb\":{\"@id\":\"https:\\\/\\\/radioleinewelle.de\\\/index.php\\\/2020\\\/08\\\/12\\\/ndr-tatort-neuer-fall-fuer-charlotte-lindholm-und-anais-schmitz-in-goettingen\\\/#breadcrumb\"},\"inLanguage\":\"de\",\"potentialAction\":[{\"@type\":\"ReadAction\",\"target\":[\"https:\\\/\\\/radioleinewelle.de\\\/index.php\\\/2020\\\/08\\\/12\\\/ndr-tatort-neuer-fall-fuer-charlotte-lindholm-und-anais-schmitz-in-goettingen\\\/\"]}]},{\"@type\":\"ImageObject\",\"inLanguage\":\"de\",\"@id\":\"https:\\\/\\\/radioleinewelle.de\\\/index.php\\\/2020\\\/08\\\/12\\\/ndr-tatort-neuer-fall-fuer-charlotte-lindholm-und-anais-schmitz-in-goettingen\\\/#primaryimage\",\"url\":\"https:\\\/\\\/radioleinewelle.de\\\/wp-content\\\/uploads\\\/2020\\\/08\\\/ndr-tatort-neuer-fall-f-r-charlotte-lindholm-maria-furtw-ngler-und-ana-s-schmitz-florence-kasumba-in-e1597213631847.jpg\",\"contentUrl\":\"https:\\\/\\\/radioleinewelle.de\\\/wp-content\\\/uploads\\\/2020\\\/08\\\/ndr-tatort-neuer-fall-f-r-charlotte-lindholm-maria-furtw-ngler-und-ana-s-schmitz-florence-kasumba-in-e1597213631847.jpg\",\"width\":300,\"height\":169,\"caption\":\"obs\\\/NDR \\\/ Das Erste\\\/\u00a9\"},{\"@type\":\"BreadcrumbList\",\"@id\":\"https:\\\/\\\/radioleinewelle.de\\\/index.php\\\/2020\\\/08\\\/12\\\/ndr-tatort-neuer-fall-fuer-charlotte-lindholm-und-anais-schmitz-in-goettingen\\\/#breadcrumb\",\"itemListElement\":[{\"@type\":\"ListItem\",\"position\":1,\"name\":\"Startseite\",\"item\":\"https:\\\/\\\/radioleinewelle.de\\\/\"},{\"@type\":\"ListItem\",\"position\":2,\"name\":\"NDR &#8222;Tatort&#8220;: neuer Fall f\u00fcr Charlotte Lindholm und Ana\u00efs Schmitz in G\u00f6ttingen\"}]},{\"@type\":\"WebSite\",\"@id\":\"https:\\\/\\\/radioleinewelle.de\\\/#website\",\"url\":\"https:\\\/\\\/radioleinewelle.de\\\/\",\"name\":\"Radio Leinewelle\",\"description\":\"\",\"publisher\":{\"@id\":\"https:\\\/\\\/radioleinewelle.de\\\/#organization\"},\"potentialAction\":[{\"@type\":\"SearchAction\",\"target\":{\"@type\":\"EntryPoint\",\"urlTemplate\":\"https:\\\/\\\/radioleinewelle.de\\\/?s={search_term_string}\"},\"query-input\":{\"@type\":\"PropertyValueSpecification\",\"valueRequired\":true,\"valueName\":\"search_term_string\"}}],\"inLanguage\":\"de\"},{\"@type\":\"Organization\",\"@id\":\"https:\\\/\\\/radioleinewelle.de\\\/#organization\",\"name\":\"Radio Leinewelle\",\"alternateName\":\"Mein Radio f\u00fcr S\u00fcdniedersachsen\",\"url\":\"https:\\\/\\\/radioleinewelle.de\\\/\",\"logo\":{\"@type\":\"ImageObject\",\"inLanguage\":\"de\",\"@id\":\"https:\\\/\\\/radioleinewelle.de\\\/#\\\/schema\\\/logo\\\/image\\\/\",\"url\":\"https:\\\/\\\/radioleinewelle.de\\\/wp-content\\\/uploads\\\/2023\\\/11\\\/cropped-Leinewelle_Logo_weiss.png\",\"contentUrl\":\"https:\\\/\\\/radioleinewelle.de\\\/wp-content\\\/uploads\\\/2023\\\/11\\\/cropped-Leinewelle_Logo_weiss.png\",\"width\":854,\"height\":260,\"caption\":\"Radio Leinewelle\"},\"image\":{\"@id\":\"https:\\\/\\\/radioleinewelle.de\\\/#\\\/schema\\\/logo\\\/image\\\/\"},\"sameAs\":[\"https:\\\/\\\/www.facebook.com\\\/radioleinewelle\",\"https:\\\/\\\/x.com\\\/RLeinewelle\",\"https:\\\/\\\/www.instagram.com\\\/radioleinewelle\\\/?hl=de\"]},{\"@type\":\"Person\",\"@id\":\"https:\\\/\\\/radioleinewelle.de\\\/#\\\/schema\\\/person\\\/45606f348637df637192dc1b68399a63\",\"name\":\"Leinewelle\",\"image\":{\"@type\":\"ImageObject\",\"inLanguage\":\"de\",\"@id\":\"https:\\\/\\\/secure.gravatar.com\\\/avatar\\\/05c9a17bc973052ee5d91549bd32fb4dd0dc85b7b85ae94b2e2b4943476bbea5?s=96&d=blank&r=g\",\"url\":\"https:\\\/\\\/secure.gravatar.com\\\/avatar\\\/05c9a17bc973052ee5d91549bd32fb4dd0dc85b7b85ae94b2e2b4943476bbea5?s=96&d=blank&r=g\",\"contentUrl\":\"https:\\\/\\\/secure.gravatar.com\\\/avatar\\\/05c9a17bc973052ee5d91549bd32fb4dd0dc85b7b85ae94b2e2b4943476bbea5?s=96&d=blank&r=g\",\"caption\":\"Leinewelle\"},\"sameAs\":[\"http:\\\/\\\/localhost\\\/radio%20leinewelle\\\/wordpress\",\"https:\\\/\\\/www.facebook.com\\\/radioleinewelle\",\"https:\\\/\\\/www.instagram.com\\\/radioleinewelle\",\"https:\\\/\\\/x.com\\\/https:\\\/\\\/twitter.com\\\/RLeinewelle?ref_src=twsrcgoogletwcampserptwgrauthor\",\"https:\\\/\\\/soundcloud.com\\\/foerderverein-lokalradio?utm_source=clipboard&utm_medium=text&utm_campaign=social_sharing\"],\"url\":\"https:\\\/\\\/radioleinewelle.de\\\/index.php\\\/author\\\/leinewelle\\\/\"}]}<\/script>\n<!-- \/ Yoast SEO plugin. -->","yoast_head_json":{"title":"NDR \"Tatort\": neuer Fall f\u00fcr Charlotte Lindholm und Ana\u00efs Schmitz in G\u00f6ttingen - Radio Leinewelle","robots":{"index":"index","follow":"follow","max-snippet":"max-snippet:-1","max-image-preview":"max-image-preview:large","max-video-preview":"max-video-preview:-1"},"canonical":"https:\/\/radioleinewelle.de\/index.php\/2020\/08\/12\/ndr-tatort-neuer-fall-fuer-charlotte-lindholm-und-anais-schmitz-in-goettingen\/","og_locale":"de_DE","og_type":"article","og_title":"NDR \"Tatort\": neuer Fall f\u00fcr Charlotte Lindholm und Ana\u00efs Schmitz in G\u00f6ttingen - Radio Leinewelle","og_description":"Hamburg (ots) Charlotte Lindholm (Maria Furtw\u00e4ngler) und Ana\u00efs Schmitz (Florence Kasumba) ermitteln wieder: Bis zum 10. September steht das Kommissarinnen-Duo f\u00fcr den NDR in G\u00f6ttingen und Umgebung sowie in Hamburg f\u00fcr seinen vierten &#8222;Tatort&#8220;-Einsatz vor der Kamera. Die beiden werden in dem Fall &#8222;Die Rache an der Welt&#8220; (Arbeitstitel) mit der Vergewaltigung und Ermordung einer [&hellip;]","og_url":"https:\/\/radioleinewelle.de\/index.php\/2020\/08\/12\/ndr-tatort-neuer-fall-fuer-charlotte-lindholm-und-anais-schmitz-in-goettingen\/","og_site_name":"Radio Leinewelle","article_publisher":"https:\/\/www.facebook.com\/radioleinewelle","article_author":"https:\/\/www.facebook.com\/radioleinewelle","article_published_time":"2020-08-12T06:31:22+00:00","og_image":[{"width":300,"height":169,"url":"https:\/\/radioleinewelle.de\/wp-content\/uploads\/2020\/08\/ndr-tatort-neuer-fall-f-r-charlotte-lindholm-maria-furtw-ngler-und-ana-s-schmitz-florence-kasumba-in-e1597213631847.jpg","type":"image\/jpeg"}],"author":"Leinewelle","twitter_card":"summary_large_image","twitter_creator":"@https:\/\/twitter.com\/RLeinewelle?ref_src=twsrcgoogletwcampserptwgrauthor","twitter_site":"@RLeinewelle","twitter_misc":{"Verfasst von":"Leinewelle","Gesch\u00e4tzte Lesezeit":"1\u00a0Minute"},"schema":{"@context":"https:\/\/schema.org","@graph":[{"@type":"Article","@id":"https:\/\/radioleinewelle.de\/index.php\/2020\/08\/12\/ndr-tatort-neuer-fall-fuer-charlotte-lindholm-und-anais-schmitz-in-goettingen\/#article","isPartOf":{"@id":"https:\/\/radioleinewelle.de\/index.php\/2020\/08\/12\/ndr-tatort-neuer-fall-fuer-charlotte-lindholm-und-anais-schmitz-in-goettingen\/"},"author":{"name":"Leinewelle","@id":"https:\/\/radioleinewelle.de\/#\/schema\/person\/45606f348637df637192dc1b68399a63"},"headline":"NDR &#8222;Tatort&#8220;: neuer Fall f\u00fcr Charlotte Lindholm und Ana\u00efs Schmitz in G\u00f6ttingen","datePublished":"2020-08-12T06:31:22+00:00","mainEntityOfPage":{"@id":"https:\/\/radioleinewelle.de\/index.php\/2020\/08\/12\/ndr-tatort-neuer-fall-fuer-charlotte-lindholm-und-anais-schmitz-in-goettingen\/"},"wordCount":294,"publisher":{"@id":"https:\/\/radioleinewelle.de\/#organization"},"image":{"@id":"https:\/\/radioleinewelle.de\/index.php\/2020\/08\/12\/ndr-tatort-neuer-fall-fuer-charlotte-lindholm-und-anais-schmitz-in-goettingen\/#primaryimage"},"thumbnailUrl":"https:\/\/radioleinewelle.de\/wp-content\/uploads\/2020\/08\/ndr-tatort-neuer-fall-f-r-charlotte-lindholm-maria-furtw-ngler-und-ana-s-schmitz-florence-kasumba-in-e1597213631847.jpg","inLanguage":"de"},{"@type":"WebPage","@id":"https:\/\/radioleinewelle.de\/index.php\/2020\/08\/12\/ndr-tatort-neuer-fall-fuer-charlotte-lindholm-und-anais-schmitz-in-goettingen\/","url":"https:\/\/radioleinewelle.de\/index.php\/2020\/08\/12\/ndr-tatort-neuer-fall-fuer-charlotte-lindholm-und-anais-schmitz-in-goettingen\/","name":"NDR \"Tatort\": neuer Fall f\u00fcr Charlotte Lindholm und Ana\u00efs Schmitz in G\u00f6ttingen - Radio Leinewelle","isPartOf":{"@id":"https:\/\/radioleinewelle.de\/#website"},"primaryImageOfPage":{"@id":"https:\/\/radioleinewelle.de\/index.php\/2020\/08\/12\/ndr-tatort-neuer-fall-fuer-charlotte-lindholm-und-anais-schmitz-in-goettingen\/#primaryimage"},"image":{"@id":"https:\/\/radioleinewelle.de\/index.php\/2020\/08\/12\/ndr-tatort-neuer-fall-fuer-charlotte-lindholm-und-anais-schmitz-in-goettingen\/#primaryimage"},"thumbnailUrl":"https:\/\/radioleinewelle.de\/wp-content\/uploads\/2020\/08\/ndr-tatort-neuer-fall-f-r-charlotte-lindholm-maria-furtw-ngler-und-ana-s-schmitz-florence-kasumba-in-e1597213631847.jpg","datePublished":"2020-08-12T06:31:22+00:00","breadcrumb":{"@id":"https:\/\/radioleinewelle.de\/index.php\/2020\/08\/12\/ndr-tatort-neuer-fall-fuer-charlotte-lindholm-und-anais-schmitz-in-goettingen\/#breadcrumb"},"inLanguage":"de","potentialAction":[{"@type":"ReadAction","target":["https:\/\/radioleinewelle.de\/index.php\/2020\/08\/12\/ndr-tatort-neuer-fall-fuer-charlotte-lindholm-und-anais-schmitz-in-goettingen\/"]}]},{"@type":"ImageObject","inLanguage":"de","@id":"https:\/\/radioleinewelle.de\/index.php\/2020\/08\/12\/ndr-tatort-neuer-fall-fuer-charlotte-lindholm-und-anais-schmitz-in-goettingen\/#primaryimage","url":"https:\/\/radioleinewelle.de\/wp-content\/uploads\/2020\/08\/ndr-tatort-neuer-fall-f-r-charlotte-lindholm-maria-furtw-ngler-und-ana-s-schmitz-florence-kasumba-in-e1597213631847.jpg","contentUrl":"https:\/\/radioleinewelle.de\/wp-content\/uploads\/2020\/08\/ndr-tatort-neuer-fall-f-r-charlotte-lindholm-maria-furtw-ngler-und-ana-s-schmitz-florence-kasumba-in-e1597213631847.jpg","width":300,"height":169,"caption":"obs\/NDR \/ Das Erste\/\u00a9"},{"@type":"BreadcrumbList","@id":"https:\/\/radioleinewelle.de\/index.php\/2020\/08\/12\/ndr-tatort-neuer-fall-fuer-charlotte-lindholm-und-anais-schmitz-in-goettingen\/#breadcrumb","itemListElement":[{"@type":"ListItem","position":1,"name":"Startseite","item":"https:\/\/radioleinewelle.de\/"},{"@type":"ListItem","position":2,"name":"NDR &#8222;Tatort&#8220;: neuer Fall f\u00fcr Charlotte Lindholm und Ana\u00efs Schmitz in G\u00f6ttingen"}]},{"@type":"WebSite","@id":"https:\/\/radioleinewelle.de\/#website","url":"https:\/\/radioleinewelle.de\/","name":"Radio Leinewelle","description":"","publisher":{"@id":"https:\/\/radioleinewelle.de\/#organization"},"potentialAction":[{"@type":"SearchAction","target":{"@type":"EntryPoint","urlTemplate":"https:\/\/radioleinewelle.de\/?s={search_term_string}"},"query-input":{"@type":"PropertyValueSpecification","valueRequired":true,"valueName":"search_term_string"}}],"inLanguage":"de"},{"@type":"Organization","@id":"https:\/\/radioleinewelle.de\/#organization","name":"Radio Leinewelle","alternateName":"Mein Radio f\u00fcr S\u00fcdniedersachsen","url":"https:\/\/radioleinewelle.de\/","logo":{"@type":"ImageObject","inLanguage":"de","@id":"https:\/\/radioleinewelle.de\/#\/schema\/logo\/image\/","url":"https:\/\/radioleinewelle.de\/wp-content\/uploads\/2023\/11\/cropped-Leinewelle_Logo_weiss.png","contentUrl":"https:\/\/radioleinewelle.de\/wp-content\/uploads\/2023\/11\/cropped-Leinewelle_Logo_weiss.png","width":854,"height":260,"caption":"Radio Leinewelle"},"image":{"@id":"https:\/\/radioleinewelle.de\/#\/schema\/logo\/image\/"},"sameAs":["https:\/\/www.facebook.com\/radioleinewelle","https:\/\/x.com\/RLeinewelle","https:\/\/www.instagram.com\/radioleinewelle\/?hl=de"]},{"@type":"Person","@id":"https:\/\/radioleinewelle.de\/#\/schema\/person\/45606f348637df637192dc1b68399a63","name":"Leinewelle","image":{"@type":"ImageObject","inLanguage":"de","@id":"https:\/\/secure.gravatar.com\/avatar\/05c9a17bc973052ee5d91549bd32fb4dd0dc85b7b85ae94b2e2b4943476bbea5?s=96&d=blank&r=g","url":"https:\/\/secure.gravatar.com\/avatar\/05c9a17bc973052ee5d91549bd32fb4dd0dc85b7b85ae94b2e2b4943476bbea5?s=96&d=blank&r=g","contentUrl":"https:\/\/secure.gravatar.com\/avatar\/05c9a17bc973052ee5d91549bd32fb4dd0dc85b7b85ae94b2e2b4943476bbea5?s=96&d=blank&r=g","caption":"Leinewelle"},"sameAs":["http:\/\/localhost\/radio%20leinewelle\/wordpress","https:\/\/www.facebook.com\/radioleinewelle","https:\/\/www.instagram.com\/radioleinewelle","https:\/\/x.com\/https:\/\/twitter.com\/RLeinewelle?ref_src=twsrcgoogletwcampserptwgrauthor","https:\/\/soundcloud.com\/foerderverein-lokalradio?utm_source=clipboard&utm_medium=text&utm_campaign=social_sharing"],"url":"https:\/\/radioleinewelle.de\/index.php\/author\/leinewelle\/"}]}},"_links":{"self":[{"href":"https:\/\/radioleinewelle.de\/index.php\/wp-json\/wp\/v2\/posts\/1168","targetHints":{"allow":["GET"]}}],"collection":[{"href":"https:\/\/radioleinewelle.de\/index.php\/wp-json\/wp\/v2\/posts"}],"about":[{"href":"https:\/\/radioleinewelle.de\/index.php\/wp-json\/wp\/v2\/types\/post"}],"author":[{"embeddable":true,"href":"https:\/\/radioleinewelle.de\/index.php\/wp-json\/wp\/v2\/users\/1"}],"replies":[{"embeddable":true,"href":"https:\/\/radioleinewelle.de\/index.php\/wp-json\/wp\/v2\/comments?post=1168"}],"version-history":[{"count":0,"href":"https:\/\/radioleinewelle.de\/index.php\/wp-json\/wp\/v2\/posts\/1168\/revisions"}],"wp:featuredmedia":[{"embeddable":true,"href":"https:\/\/radioleinewelle.de\/index.php\/wp-json\/wp\/v2\/media\/1169"}],"wp:attachment":[{"href":"https:\/\/radioleinewelle.de\/index.php\/wp-json\/wp\/v2\/media?parent=1168"}],"wp:term":[{"taxonomy":"category","embeddable":true,"href":"https:\/\/radioleinewelle.de\/index.php\/wp-json\/wp\/v2\/categories?post=1168"},{"taxonomy":"post_tag","embeddable":true,"href":"https:\/\/radioleinewelle.de\/index.php\/wp-json\/wp\/v2\/tags?post=1168"}],"curies":[{"name":"wp","href":"https:\/\/api.w.org\/{rel}","templated":true}]}}