{"id":1181,"date":"2020-08-14T10:15:43","date_gmt":"2020-08-14T08:15:43","guid":{"rendered":"https:\/\/radioleinewelle.de\/?p=1181"},"modified":"2020-08-14T10:15:43","modified_gmt":"2020-08-14T08:15:43","slug":"yoio-stellt-mehr-e-scooter-in-goettingen-zur-verfuegung","status":"publish","type":"post","link":"https:\/\/radioleinewelle.de\/index.php\/2020\/08\/14\/yoio-stellt-mehr-e-scooter-in-goettingen-zur-verfuegung\/","title":{"rendered":"Yoio  stellt mehr E-Scooter in G\u00f6ttingen zur Verf\u00fcgung"},"content":{"rendered":"<p align=\"LEFT\">Seit Anfang M\u00e4rz dieses Jahres gibt es in G\u00f6ttingen nun das E-Scooter-Sharing Angebot Yoio, das vom G\u00f6ttinger Unternehmen YourCar GmbH in Kooperation mit der Stadtwerke G\u00f6ttingen AG<\/p>\n<p align=\"LEFT\">betrieben wird. Trotz der Corona-Problematik spricht Co-Gesch\u00e4ftsf\u00fchrer Boris M. Hillmann von einer sehr guten Akzeptanz des Angebots. Laut R\u00fcckmeldung vieler Kunden liege das zum einen an deren<\/p>\n<p align=\"LEFT\">ge\u00e4nderten Mobilit\u00e4tsbed\u00fcrfnissen hin zu einer multimodalen Mobilit\u00e4t. Einige Kunden heben zum anderen auch den Umstand positiv hervor, dass ein lokales Unternehmen aus der eigenen Stadt der<\/p>\n<p align=\"LEFT\">Anbieter ist. In Zeiten von Corona hat sich laut Hillmann das Thema lokale Wertsch\u00f6pfung unter dem aus den sozialen Medien bekannten Hashtag #supportyourlocal nochmal etwas deutlicher in<\/p>\n<p align=\"LEFT\">der Bev\u00f6lkerung festgesetzt.<\/p>\n<p align=\"LEFT\">Mit genauen Zahlen will sich das Unternehmen noch bis zum einj\u00e4hrigen Jubil\u00e4um zur\u00fcckhalten, spricht aber von mehreren zehntausend Kilometern, die bisher mit den E-Scootern zur\u00fcckgelegt<\/p>\n<p align=\"LEFT\">wurden. \u201eDie Daten deuten darauf hin, dass urbane, klimafreundliche Mobilit\u00e4t mit E-Scootern tats\u00e4chlich zu einer Entlastung des Verkehrs mit klassischen Kraftfahrzeugen f\u00fchrt\u201c, sagt Hillmann.<\/p>\n<p align=\"LEFT\">Eine genauere Betrachtung dazu sei mit G\u00f6ttinger Forschern anvisiert. Auch der anfangs von vielen geteilten Skepsis hinsichtlich Unfall- und Verletzungsgefahr sowie der Behinderungen durch die E-Scooter im Stra\u00dfenverkehr und auf Gehwegen kann Hillmann mit guten Nachrichten entgegnen: \u201eMit unseren Yoio-Scootern wurden bisher keine Unf\u00e4lle gemeldet.<\/p>\n<p align=\"LEFT\">Dadurch, dass die Nutzer von Yoio beim vorgeschriebenen Foto des abgestellten E-Scooters zum Ende ihrer Fahrt an ein r\u00fccksichtsvolles Parken erinnert werden, kommt es auch nur selten zu Behinderungen von anderen Verkehrsteilnehmern, wie etwa Fu\u00dfg\u00e4ngern.\u201c Aufgrund der positiven Zwischenbilanz haben die beiden Kooperationspartner bereits weitere 350 E-Scooter angeschafft, die in den n\u00e4chsten Wochen bereitgestellt werden sollen. In diesem Zuge soll auch das Stadtgebiet, in der das Beenden der Buchung erlaubt ist, erweitert werden.<\/p>\n<p>&nbsp;<\/p>\n","protected":false},"excerpt":{"rendered":"<p>Seit Anfang M\u00e4rz dieses Jahres gibt es in G\u00f6ttingen nun das E-Scooter-Sharing Angebot Yoio, das vom G\u00f6ttinger Unternehmen YourCar GmbH in Kooperation mit der Stadtwerke G\u00f6ttingen AG betrieben wird. Trotz der Corona-Problematik spricht Co-Gesch\u00e4ftsf\u00fchrer Boris M. Hillmann von einer sehr guten Akzeptanz des Angebots. Laut R\u00fcckmeldung vieler Kunden liege das zum einen an deren ge\u00e4nderten [&hellip;]<\/p>\n","protected":false},"author":1,"featured_media":1182,"comment_status":"closed","ping_status":"closed","sticky":false,"template":"","format":"standard","meta":{"saved_in_kubio":false,"footnotes":""},"categories":[1],"tags":[],"class_list":["post-1181","post","type-post","status-publish","format-standard","has-post-thumbnail","hentry","category-allgemein"],"yoast_head":"<!-- This site is optimized with the Yoast SEO plugin v27.5 - https:\/\/yoast.com\/product\/yoast-seo-wordpress\/ -->\n<title>Yoio stellt mehr E-Scooter in G\u00f6ttingen zur Verf\u00fcgung - Radio Leinewelle<\/title>\n<meta name=\"robots\" content=\"index, follow, max-snippet:-1, max-image-preview:large, max-video-preview:-1\" \/>\n<link rel=\"canonical\" href=\"https:\/\/radioleinewelle.de\/index.php\/2020\/08\/14\/yoio-stellt-mehr-e-scooter-in-goettingen-zur-verfuegung\/\" \/>\n<meta property=\"og:locale\" content=\"de_DE\" \/>\n<meta property=\"og:type\" content=\"article\" \/>\n<meta property=\"og:title\" content=\"Yoio stellt mehr E-Scooter in G\u00f6ttingen zur Verf\u00fcgung - Radio Leinewelle\" \/>\n<meta property=\"og:description\" content=\"Seit Anfang M\u00e4rz dieses Jahres gibt es in G\u00f6ttingen nun das E-Scooter-Sharing Angebot Yoio, das vom G\u00f6ttinger Unternehmen YourCar GmbH in Kooperation mit der Stadtwerke G\u00f6ttingen AG betrieben wird. Trotz der Corona-Problematik spricht Co-Gesch\u00e4ftsf\u00fchrer Boris M. Hillmann von einer sehr guten Akzeptanz des Angebots. Laut R\u00fcckmeldung vieler Kunden liege das zum einen an deren ge\u00e4nderten [&hellip;]\" \/>\n<meta property=\"og:url\" content=\"https:\/\/radioleinewelle.de\/index.php\/2020\/08\/14\/yoio-stellt-mehr-e-scooter-in-goettingen-zur-verfuegung\/\" \/>\n<meta property=\"og:site_name\" content=\"Radio Leinewelle\" \/>\n<meta property=\"article:publisher\" content=\"https:\/\/www.facebook.com\/radioleinewelle\" \/>\n<meta property=\"article:author\" content=\"https:\/\/www.facebook.com\/radioleinewelle\" \/>\n<meta property=\"article:published_time\" content=\"2020-08-14T08:15:43+00:00\" \/>\n<meta property=\"og:image\" content=\"https:\/\/radioleinewelle.de\/wp-content\/uploads\/2020\/08\/yoio3-e1597392890394.png\" \/>\n\t<meta property=\"og:image:width\" content=\"300\" \/>\n\t<meta property=\"og:image:height\" content=\"450\" \/>\n\t<meta property=\"og:image:type\" content=\"image\/png\" \/>\n<meta name=\"author\" content=\"Leinewelle\" \/>\n<meta name=\"twitter:card\" content=\"summary_large_image\" \/>\n<meta name=\"twitter:creator\" content=\"@https:\/\/twitter.com\/RLeinewelle?ref_src=twsrcgoogletwcampserptwgrauthor\" \/>\n<meta name=\"twitter:site\" content=\"@RLeinewelle\" \/>\n<meta name=\"twitter:label1\" content=\"Verfasst von\" \/>\n\t<meta name=\"twitter:data1\" content=\"Leinewelle\" \/>\n\t<meta name=\"twitter:label2\" content=\"Gesch\u00e4tzte Lesezeit\" \/>\n\t<meta name=\"twitter:data2\" content=\"2\u00a0Minuten\" \/>\n<script type=\"application\/ld+json\" class=\"yoast-schema-graph\">{\"@context\":\"https:\\\/\\\/schema.org\",\"@graph\":[{\"@type\":\"Article\",\"@id\":\"https:\\\/\\\/radioleinewelle.de\\\/index.php\\\/2020\\\/08\\\/14\\\/yoio-stellt-mehr-e-scooter-in-goettingen-zur-verfuegung\\\/#article\",\"isPartOf\":{\"@id\":\"https:\\\/\\\/radioleinewelle.de\\\/index.php\\\/2020\\\/08\\\/14\\\/yoio-stellt-mehr-e-scooter-in-goettingen-zur-verfuegung\\\/\"},\"author\":{\"name\":\"Leinewelle\",\"@id\":\"https:\\\/\\\/radioleinewelle.de\\\/#\\\/schema\\\/person\\\/45606f348637df637192dc1b68399a63\"},\"headline\":\"Yoio stellt mehr E-Scooter in G\u00f6ttingen zur Verf\u00fcgung\",\"datePublished\":\"2020-08-14T08:15:43+00:00\",\"mainEntityOfPage\":{\"@id\":\"https:\\\/\\\/radioleinewelle.de\\\/index.php\\\/2020\\\/08\\\/14\\\/yoio-stellt-mehr-e-scooter-in-goettingen-zur-verfuegung\\\/\"},\"wordCount\":314,\"publisher\":{\"@id\":\"https:\\\/\\\/radioleinewelle.de\\\/#organization\"},\"image\":{\"@id\":\"https:\\\/\\\/radioleinewelle.de\\\/index.php\\\/2020\\\/08\\\/14\\\/yoio-stellt-mehr-e-scooter-in-goettingen-zur-verfuegung\\\/#primaryimage\"},\"thumbnailUrl\":\"https:\\\/\\\/radioleinewelle.de\\\/wp-content\\\/uploads\\\/2020\\\/08\\\/yoio3-e1597392890394.png\",\"inLanguage\":\"de\"},{\"@type\":\"WebPage\",\"@id\":\"https:\\\/\\\/radioleinewelle.de\\\/index.php\\\/2020\\\/08\\\/14\\\/yoio-stellt-mehr-e-scooter-in-goettingen-zur-verfuegung\\\/\",\"url\":\"https:\\\/\\\/radioleinewelle.de\\\/index.php\\\/2020\\\/08\\\/14\\\/yoio-stellt-mehr-e-scooter-in-goettingen-zur-verfuegung\\\/\",\"name\":\"Yoio stellt mehr E-Scooter in G\u00f6ttingen zur Verf\u00fcgung - Radio Leinewelle\",\"isPartOf\":{\"@id\":\"https:\\\/\\\/radioleinewelle.de\\\/#website\"},\"primaryImageOfPage\":{\"@id\":\"https:\\\/\\\/radioleinewelle.de\\\/index.php\\\/2020\\\/08\\\/14\\\/yoio-stellt-mehr-e-scooter-in-goettingen-zur-verfuegung\\\/#primaryimage\"},\"image\":{\"@id\":\"https:\\\/\\\/radioleinewelle.de\\\/index.php\\\/2020\\\/08\\\/14\\\/yoio-stellt-mehr-e-scooter-in-goettingen-zur-verfuegung\\\/#primaryimage\"},\"thumbnailUrl\":\"https:\\\/\\\/radioleinewelle.de\\\/wp-content\\\/uploads\\\/2020\\\/08\\\/yoio3-e1597392890394.png\",\"datePublished\":\"2020-08-14T08:15:43+00:00\",\"breadcrumb\":{\"@id\":\"https:\\\/\\\/radioleinewelle.de\\\/index.php\\\/2020\\\/08\\\/14\\\/yoio-stellt-mehr-e-scooter-in-goettingen-zur-verfuegung\\\/#breadcrumb\"},\"inLanguage\":\"de\",\"potentialAction\":[{\"@type\":\"ReadAction\",\"target\":[\"https:\\\/\\\/radioleinewelle.de\\\/index.php\\\/2020\\\/08\\\/14\\\/yoio-stellt-mehr-e-scooter-in-goettingen-zur-verfuegung\\\/\"]}]},{\"@type\":\"ImageObject\",\"inLanguage\":\"de\",\"@id\":\"https:\\\/\\\/radioleinewelle.de\\\/index.php\\\/2020\\\/08\\\/14\\\/yoio-stellt-mehr-e-scooter-in-goettingen-zur-verfuegung\\\/#primaryimage\",\"url\":\"https:\\\/\\\/radioleinewelle.de\\\/wp-content\\\/uploads\\\/2020\\\/08\\\/yoio3-e1597392890394.png\",\"contentUrl\":\"https:\\\/\\\/radioleinewelle.de\\\/wp-content\\\/uploads\\\/2020\\\/08\\\/yoio3-e1597392890394.png\",\"width\":300,\"height\":450},{\"@type\":\"BreadcrumbList\",\"@id\":\"https:\\\/\\\/radioleinewelle.de\\\/index.php\\\/2020\\\/08\\\/14\\\/yoio-stellt-mehr-e-scooter-in-goettingen-zur-verfuegung\\\/#breadcrumb\",\"itemListElement\":[{\"@type\":\"ListItem\",\"position\":1,\"name\":\"Startseite\",\"item\":\"https:\\\/\\\/radioleinewelle.de\\\/\"},{\"@type\":\"ListItem\",\"position\":2,\"name\":\"Yoio stellt mehr E-Scooter in G\u00f6ttingen zur Verf\u00fcgung\"}]},{\"@type\":\"WebSite\",\"@id\":\"https:\\\/\\\/radioleinewelle.de\\\/#website\",\"url\":\"https:\\\/\\\/radioleinewelle.de\\\/\",\"name\":\"Radio Leinewelle\",\"description\":\"\",\"publisher\":{\"@id\":\"https:\\\/\\\/radioleinewelle.de\\\/#organization\"},\"potentialAction\":[{\"@type\":\"SearchAction\",\"target\":{\"@type\":\"EntryPoint\",\"urlTemplate\":\"https:\\\/\\\/radioleinewelle.de\\\/?s={search_term_string}\"},\"query-input\":{\"@type\":\"PropertyValueSpecification\",\"valueRequired\":true,\"valueName\":\"search_term_string\"}}],\"inLanguage\":\"de\"},{\"@type\":\"Organization\",\"@id\":\"https:\\\/\\\/radioleinewelle.de\\\/#organization\",\"name\":\"Radio Leinewelle\",\"alternateName\":\"Mein Radio f\u00fcr S\u00fcdniedersachsen\",\"url\":\"https:\\\/\\\/radioleinewelle.de\\\/\",\"logo\":{\"@type\":\"ImageObject\",\"inLanguage\":\"de\",\"@id\":\"https:\\\/\\\/radioleinewelle.de\\\/#\\\/schema\\\/logo\\\/image\\\/\",\"url\":\"https:\\\/\\\/radioleinewelle.de\\\/wp-content\\\/uploads\\\/2023\\\/11\\\/cropped-Leinewelle_Logo_weiss.png\",\"contentUrl\":\"https:\\\/\\\/radioleinewelle.de\\\/wp-content\\\/uploads\\\/2023\\\/11\\\/cropped-Leinewelle_Logo_weiss.png\",\"width\":854,\"height\":260,\"caption\":\"Radio Leinewelle\"},\"image\":{\"@id\":\"https:\\\/\\\/radioleinewelle.de\\\/#\\\/schema\\\/logo\\\/image\\\/\"},\"sameAs\":[\"https:\\\/\\\/www.facebook.com\\\/radioleinewelle\",\"https:\\\/\\\/x.com\\\/RLeinewelle\",\"https:\\\/\\\/www.instagram.com\\\/radioleinewelle\\\/?hl=de\"]},{\"@type\":\"Person\",\"@id\":\"https:\\\/\\\/radioleinewelle.de\\\/#\\\/schema\\\/person\\\/45606f348637df637192dc1b68399a63\",\"name\":\"Leinewelle\",\"image\":{\"@type\":\"ImageObject\",\"inLanguage\":\"de\",\"@id\":\"https:\\\/\\\/secure.gravatar.com\\\/avatar\\\/05c9a17bc973052ee5d91549bd32fb4dd0dc85b7b85ae94b2e2b4943476bbea5?s=96&d=blank&r=g\",\"url\":\"https:\\\/\\\/secure.gravatar.com\\\/avatar\\\/05c9a17bc973052ee5d91549bd32fb4dd0dc85b7b85ae94b2e2b4943476bbea5?s=96&d=blank&r=g\",\"contentUrl\":\"https:\\\/\\\/secure.gravatar.com\\\/avatar\\\/05c9a17bc973052ee5d91549bd32fb4dd0dc85b7b85ae94b2e2b4943476bbea5?s=96&d=blank&r=g\",\"caption\":\"Leinewelle\"},\"sameAs\":[\"http:\\\/\\\/localhost\\\/radio%20leinewelle\\\/wordpress\",\"https:\\\/\\\/www.facebook.com\\\/radioleinewelle\",\"https:\\\/\\\/www.instagram.com\\\/radioleinewelle\",\"https:\\\/\\\/x.com\\\/https:\\\/\\\/twitter.com\\\/RLeinewelle?ref_src=twsrcgoogletwcampserptwgrauthor\",\"https:\\\/\\\/soundcloud.com\\\/foerderverein-lokalradio?utm_source=clipboard&utm_medium=text&utm_campaign=social_sharing\"],\"url\":\"https:\\\/\\\/radioleinewelle.de\\\/index.php\\\/author\\\/leinewelle\\\/\"}]}<\/script>\n<!-- \/ Yoast SEO plugin. -->","yoast_head_json":{"title":"Yoio stellt mehr E-Scooter in G\u00f6ttingen zur Verf\u00fcgung - Radio Leinewelle","robots":{"index":"index","follow":"follow","max-snippet":"max-snippet:-1","max-image-preview":"max-image-preview:large","max-video-preview":"max-video-preview:-1"},"canonical":"https:\/\/radioleinewelle.de\/index.php\/2020\/08\/14\/yoio-stellt-mehr-e-scooter-in-goettingen-zur-verfuegung\/","og_locale":"de_DE","og_type":"article","og_title":"Yoio stellt mehr E-Scooter in G\u00f6ttingen zur Verf\u00fcgung - Radio Leinewelle","og_description":"Seit Anfang M\u00e4rz dieses Jahres gibt es in G\u00f6ttingen nun das E-Scooter-Sharing Angebot Yoio, das vom G\u00f6ttinger Unternehmen YourCar GmbH in Kooperation mit der Stadtwerke G\u00f6ttingen AG betrieben wird. Trotz der Corona-Problematik spricht Co-Gesch\u00e4ftsf\u00fchrer Boris M. Hillmann von einer sehr guten Akzeptanz des Angebots. Laut R\u00fcckmeldung vieler Kunden liege das zum einen an deren ge\u00e4nderten [&hellip;]","og_url":"https:\/\/radioleinewelle.de\/index.php\/2020\/08\/14\/yoio-stellt-mehr-e-scooter-in-goettingen-zur-verfuegung\/","og_site_name":"Radio Leinewelle","article_publisher":"https:\/\/www.facebook.com\/radioleinewelle","article_author":"https:\/\/www.facebook.com\/radioleinewelle","article_published_time":"2020-08-14T08:15:43+00:00","og_image":[{"width":300,"height":450,"url":"https:\/\/radioleinewelle.de\/wp-content\/uploads\/2020\/08\/yoio3-e1597392890394.png","type":"image\/png"}],"author":"Leinewelle","twitter_card":"summary_large_image","twitter_creator":"@https:\/\/twitter.com\/RLeinewelle?ref_src=twsrcgoogletwcampserptwgrauthor","twitter_site":"@RLeinewelle","twitter_misc":{"Verfasst von":"Leinewelle","Gesch\u00e4tzte Lesezeit":"2\u00a0Minuten"},"schema":{"@context":"https:\/\/schema.org","@graph":[{"@type":"Article","@id":"https:\/\/radioleinewelle.de\/index.php\/2020\/08\/14\/yoio-stellt-mehr-e-scooter-in-goettingen-zur-verfuegung\/#article","isPartOf":{"@id":"https:\/\/radioleinewelle.de\/index.php\/2020\/08\/14\/yoio-stellt-mehr-e-scooter-in-goettingen-zur-verfuegung\/"},"author":{"name":"Leinewelle","@id":"https:\/\/radioleinewelle.de\/#\/schema\/person\/45606f348637df637192dc1b68399a63"},"headline":"Yoio stellt mehr E-Scooter in G\u00f6ttingen zur Verf\u00fcgung","datePublished":"2020-08-14T08:15:43+00:00","mainEntityOfPage":{"@id":"https:\/\/radioleinewelle.de\/index.php\/2020\/08\/14\/yoio-stellt-mehr-e-scooter-in-goettingen-zur-verfuegung\/"},"wordCount":314,"publisher":{"@id":"https:\/\/radioleinewelle.de\/#organization"},"image":{"@id":"https:\/\/radioleinewelle.de\/index.php\/2020\/08\/14\/yoio-stellt-mehr-e-scooter-in-goettingen-zur-verfuegung\/#primaryimage"},"thumbnailUrl":"https:\/\/radioleinewelle.de\/wp-content\/uploads\/2020\/08\/yoio3-e1597392890394.png","inLanguage":"de"},{"@type":"WebPage","@id":"https:\/\/radioleinewelle.de\/index.php\/2020\/08\/14\/yoio-stellt-mehr-e-scooter-in-goettingen-zur-verfuegung\/","url":"https:\/\/radioleinewelle.de\/index.php\/2020\/08\/14\/yoio-stellt-mehr-e-scooter-in-goettingen-zur-verfuegung\/","name":"Yoio stellt mehr E-Scooter in G\u00f6ttingen zur Verf\u00fcgung - Radio Leinewelle","isPartOf":{"@id":"https:\/\/radioleinewelle.de\/#website"},"primaryImageOfPage":{"@id":"https:\/\/radioleinewelle.de\/index.php\/2020\/08\/14\/yoio-stellt-mehr-e-scooter-in-goettingen-zur-verfuegung\/#primaryimage"},"image":{"@id":"https:\/\/radioleinewelle.de\/index.php\/2020\/08\/14\/yoio-stellt-mehr-e-scooter-in-goettingen-zur-verfuegung\/#primaryimage"},"thumbnailUrl":"https:\/\/radioleinewelle.de\/wp-content\/uploads\/2020\/08\/yoio3-e1597392890394.png","datePublished":"2020-08-14T08:15:43+00:00","breadcrumb":{"@id":"https:\/\/radioleinewelle.de\/index.php\/2020\/08\/14\/yoio-stellt-mehr-e-scooter-in-goettingen-zur-verfuegung\/#breadcrumb"},"inLanguage":"de","potentialAction":[{"@type":"ReadAction","target":["https:\/\/radioleinewelle.de\/index.php\/2020\/08\/14\/yoio-stellt-mehr-e-scooter-in-goettingen-zur-verfuegung\/"]}]},{"@type":"ImageObject","inLanguage":"de","@id":"https:\/\/radioleinewelle.de\/index.php\/2020\/08\/14\/yoio-stellt-mehr-e-scooter-in-goettingen-zur-verfuegung\/#primaryimage","url":"https:\/\/radioleinewelle.de\/wp-content\/uploads\/2020\/08\/yoio3-e1597392890394.png","contentUrl":"https:\/\/radioleinewelle.de\/wp-content\/uploads\/2020\/08\/yoio3-e1597392890394.png","width":300,"height":450},{"@type":"BreadcrumbList","@id":"https:\/\/radioleinewelle.de\/index.php\/2020\/08\/14\/yoio-stellt-mehr-e-scooter-in-goettingen-zur-verfuegung\/#breadcrumb","itemListElement":[{"@type":"ListItem","position":1,"name":"Startseite","item":"https:\/\/radioleinewelle.de\/"},{"@type":"ListItem","position":2,"name":"Yoio stellt mehr E-Scooter in G\u00f6ttingen zur Verf\u00fcgung"}]},{"@type":"WebSite","@id":"https:\/\/radioleinewelle.de\/#website","url":"https:\/\/radioleinewelle.de\/","name":"Radio Leinewelle","description":"","publisher":{"@id":"https:\/\/radioleinewelle.de\/#organization"},"potentialAction":[{"@type":"SearchAction","target":{"@type":"EntryPoint","urlTemplate":"https:\/\/radioleinewelle.de\/?s={search_term_string}"},"query-input":{"@type":"PropertyValueSpecification","valueRequired":true,"valueName":"search_term_string"}}],"inLanguage":"de"},{"@type":"Organization","@id":"https:\/\/radioleinewelle.de\/#organization","name":"Radio Leinewelle","alternateName":"Mein Radio f\u00fcr S\u00fcdniedersachsen","url":"https:\/\/radioleinewelle.de\/","logo":{"@type":"ImageObject","inLanguage":"de","@id":"https:\/\/radioleinewelle.de\/#\/schema\/logo\/image\/","url":"https:\/\/radioleinewelle.de\/wp-content\/uploads\/2023\/11\/cropped-Leinewelle_Logo_weiss.png","contentUrl":"https:\/\/radioleinewelle.de\/wp-content\/uploads\/2023\/11\/cropped-Leinewelle_Logo_weiss.png","width":854,"height":260,"caption":"Radio Leinewelle"},"image":{"@id":"https:\/\/radioleinewelle.de\/#\/schema\/logo\/image\/"},"sameAs":["https:\/\/www.facebook.com\/radioleinewelle","https:\/\/x.com\/RLeinewelle","https:\/\/www.instagram.com\/radioleinewelle\/?hl=de"]},{"@type":"Person","@id":"https:\/\/radioleinewelle.de\/#\/schema\/person\/45606f348637df637192dc1b68399a63","name":"Leinewelle","image":{"@type":"ImageObject","inLanguage":"de","@id":"https:\/\/secure.gravatar.com\/avatar\/05c9a17bc973052ee5d91549bd32fb4dd0dc85b7b85ae94b2e2b4943476bbea5?s=96&d=blank&r=g","url":"https:\/\/secure.gravatar.com\/avatar\/05c9a17bc973052ee5d91549bd32fb4dd0dc85b7b85ae94b2e2b4943476bbea5?s=96&d=blank&r=g","contentUrl":"https:\/\/secure.gravatar.com\/avatar\/05c9a17bc973052ee5d91549bd32fb4dd0dc85b7b85ae94b2e2b4943476bbea5?s=96&d=blank&r=g","caption":"Leinewelle"},"sameAs":["http:\/\/localhost\/radio%20leinewelle\/wordpress","https:\/\/www.facebook.com\/radioleinewelle","https:\/\/www.instagram.com\/radioleinewelle","https:\/\/x.com\/https:\/\/twitter.com\/RLeinewelle?ref_src=twsrcgoogletwcampserptwgrauthor","https:\/\/soundcloud.com\/foerderverein-lokalradio?utm_source=clipboard&utm_medium=text&utm_campaign=social_sharing"],"url":"https:\/\/radioleinewelle.de\/index.php\/author\/leinewelle\/"}]}},"_links":{"self":[{"href":"https:\/\/radioleinewelle.de\/index.php\/wp-json\/wp\/v2\/posts\/1181","targetHints":{"allow":["GET"]}}],"collection":[{"href":"https:\/\/radioleinewelle.de\/index.php\/wp-json\/wp\/v2\/posts"}],"about":[{"href":"https:\/\/radioleinewelle.de\/index.php\/wp-json\/wp\/v2\/types\/post"}],"author":[{"embeddable":true,"href":"https:\/\/radioleinewelle.de\/index.php\/wp-json\/wp\/v2\/users\/1"}],"replies":[{"embeddable":true,"href":"https:\/\/radioleinewelle.de\/index.php\/wp-json\/wp\/v2\/comments?post=1181"}],"version-history":[{"count":0,"href":"https:\/\/radioleinewelle.de\/index.php\/wp-json\/wp\/v2\/posts\/1181\/revisions"}],"wp:featuredmedia":[{"embeddable":true,"href":"https:\/\/radioleinewelle.de\/index.php\/wp-json\/wp\/v2\/media\/1182"}],"wp:attachment":[{"href":"https:\/\/radioleinewelle.de\/index.php\/wp-json\/wp\/v2\/media?parent=1181"}],"wp:term":[{"taxonomy":"category","embeddable":true,"href":"https:\/\/radioleinewelle.de\/index.php\/wp-json\/wp\/v2\/categories?post=1181"},{"taxonomy":"post_tag","embeddable":true,"href":"https:\/\/radioleinewelle.de\/index.php\/wp-json\/wp\/v2\/tags?post=1181"}],"curies":[{"name":"wp","href":"https:\/\/api.w.org\/{rel}","templated":true}]}}