{"id":1185,"date":"2020-08-14T10:47:11","date_gmt":"2020-08-14T08:47:11","guid":{"rendered":"https:\/\/radioleinewelle.de\/?p=1185"},"modified":"2020-08-14T10:47:11","modified_gmt":"2020-08-14T08:47:11","slug":"im-einsatz-fuer-sternenlichter-gaenseliesel-jana-domeyer-ist-botschafterin-fuer-das-geplante-goettinger-kinder-und-jugendhospiz","status":"publish","type":"post","link":"https:\/\/radioleinewelle.de\/index.php\/2020\/08\/14\/im-einsatz-fuer-sternenlichter-gaenseliesel-jana-domeyer-ist-botschafterin-fuer-das-geplante-goettinger-kinder-und-jugendhospiz\/","title":{"rendered":"Im Einsatz f\u00fcr \u201eSternenlichter\u201c: G\u00e4nseliesel Jana Domeyer ist Botschafterin f\u00fcr das geplante G\u00f6ttinger Kinder- und Jugendhospiz"},"content":{"rendered":"<p><span style=\"color: #221e1f; font-family: Arial,Arial; font-size: medium;\"><span style=\"color: #221e1f; font-family: Arial,Arial; font-size: medium;\"><span style=\"color: #221e1f; font-family: Arial,Arial; font-size: medium;\">Das amtierende G\u00e4nseliesel Jana Domeyer ist ab sofort als Botschafterin f\u00fcr das geplante Kinder- und Jugendhospiz Sternenlichter im Einsatz. \u201eIch unterst\u00fctze das Kinder- und Jugendhospiz Sternenlichter als Botschafterin, weil <\/span><\/span><\/span><span style=\"color: #221e1f; font-family: Arial,Arial; font-size: medium;\"><span style=\"color: #221e1f; font-family: Arial,Arial; font-size: medium;\"><span style=\"color: #221e1f; font-family: Arial,Arial; font-size: medium;\">ich den Hintergrund von diesem Projekt bewunderswert finde. In schwieri<\/span><\/span><\/span><span style=\"color: #221e1f; font-family: Arial,Arial; font-size: medium;\"><span style=\"color: #221e1f; font-family: Arial,Arial; font-size: medium;\"><span style=\"color: #221e1f; font-family: Arial,Arial; font-size: medium;\">gen Zeiten ist es ein tolles Gef\u00fchl, nicht alleine zu sein. Ich freue mich, das Vorhaben begleiten zu d\u00fcrfen&#8220;, begr\u00fcndete Jana Domeyer ihre Entscheidung. Sie ist somit die erste Botschafterin, die das geplante Kinder- und Jugendhospiz unterst\u00fctzen m\u00f6chte. <\/span><\/span><\/span><\/p>\n<p><span style=\"color: #221e1f; font-size: medium;\">Jana Domeyer wurde am 1. September 1994 in Herzberg geboren. Nach dem erfolgreichen Abschluss ihres Fachabiturs folgte eine Ausbildung zur <\/span><span style=\"color: #221e1f; font-family: Arial,Arial; font-size: medium;\">Bankkauffrau bei der Volksbank im Harz. Anschlie\u00dfend wechselte sie zur <\/span><span style=\"color: #221e1f; font-size: medium;\">Volksbank Kassel G\u00f6ttingen und ist nun als Assistentin der Firmenkundenberater sowie f\u00fcr das Private Banking zust\u00e4ndig. \u201eWir freuen uns sehr, dass Jana Domeyer sofort f\u00fcr eine Botschaftert\u00e4tigkeit zugesagt hat&#8220;, sagte Nicole Zimmer, Oberin der DRK-Schwesternschaft Georgia Augusta e.V. und zweite Vorsitzende des F\u00f6rdervereins f\u00fcr das geplante Kinder- und Jugendhospiz Sternenlichter. Es sei sch\u00f6n zu erfahren, dass sich Jana Domeyer f\u00fcr die Arbeit der geplanten Einrichtung einsetze und dazu bei<\/span><span style=\"color: #221e1f; font-family: Arial,Arial; font-size: medium;\">tragen wolle, dass viele Menschen von dem Projekt erfahren. Es sei au\u00dfer<\/span><span style=\"color: #221e1f; font-size: medium;\">dem geplant, weitere Prominente als Botschafter f\u00fcr die Einrichtung zu gewinnen.<\/span><\/p>\n","protected":false},"excerpt":{"rendered":"<p>Das amtierende G\u00e4nseliesel Jana Domeyer ist ab sofort als Botschafterin f\u00fcr das geplante Kinder- und Jugendhospiz Sternenlichter im Einsatz. \u201eIch unterst\u00fctze das Kinder- und Jugendhospiz Sternenlichter als Botschafterin, weil ich den Hintergrund von diesem Projekt bewunderswert finde. In schwierigen Zeiten ist es ein tolles Gef\u00fchl, nicht alleine zu sein. Ich freue mich, das Vorhaben begleiten [&hellip;]<\/p>\n","protected":false},"author":1,"featured_media":1188,"comment_status":"closed","ping_status":"closed","sticky":false,"template":"","format":"standard","meta":{"saved_in_kubio":false,"footnotes":""},"categories":[1],"tags":[],"class_list":["post-1185","post","type-post","status-publish","format-standard","has-post-thumbnail","hentry","category-allgemein"],"yoast_head":"<!-- This site is optimized with the Yoast SEO plugin v27.5 - https:\/\/yoast.com\/product\/yoast-seo-wordpress\/ -->\n<title>Im Einsatz f\u00fcr \u201eSternenlichter\u201c: G\u00e4nseliesel Jana Domeyer ist Botschafterin f\u00fcr das geplante G\u00f6ttinger Kinder- und Jugendhospiz - Radio Leinewelle<\/title>\n<meta name=\"robots\" content=\"index, follow, max-snippet:-1, max-image-preview:large, max-video-preview:-1\" \/>\n<link rel=\"canonical\" href=\"https:\/\/radioleinewelle.de\/index.php\/2020\/08\/14\/im-einsatz-fuer-sternenlichter-gaenseliesel-jana-domeyer-ist-botschafterin-fuer-das-geplante-goettinger-kinder-und-jugendhospiz\/\" \/>\n<meta property=\"og:locale\" content=\"de_DE\" \/>\n<meta property=\"og:type\" content=\"article\" \/>\n<meta property=\"og:title\" content=\"Im Einsatz f\u00fcr \u201eSternenlichter\u201c: G\u00e4nseliesel Jana Domeyer ist Botschafterin f\u00fcr das geplante G\u00f6ttinger Kinder- und Jugendhospiz - Radio Leinewelle\" \/>\n<meta property=\"og:description\" content=\"Das amtierende G\u00e4nseliesel Jana Domeyer ist ab sofort als Botschafterin f\u00fcr das geplante Kinder- und Jugendhospiz Sternenlichter im Einsatz. \u201eIch unterst\u00fctze das Kinder- und Jugendhospiz Sternenlichter als Botschafterin, weil ich den Hintergrund von diesem Projekt bewunderswert finde. In schwierigen Zeiten ist es ein tolles Gef\u00fchl, nicht alleine zu sein. Ich freue mich, das Vorhaben begleiten [&hellip;]\" \/>\n<meta property=\"og:url\" content=\"https:\/\/radioleinewelle.de\/index.php\/2020\/08\/14\/im-einsatz-fuer-sternenlichter-gaenseliesel-jana-domeyer-ist-botschafterin-fuer-das-geplante-goettinger-kinder-und-jugendhospiz\/\" \/>\n<meta property=\"og:site_name\" content=\"Radio Leinewelle\" \/>\n<meta property=\"article:publisher\" content=\"https:\/\/www.facebook.com\/radioleinewelle\" \/>\n<meta property=\"article:author\" content=\"https:\/\/www.facebook.com\/radioleinewelle\" \/>\n<meta property=\"article:published_time\" content=\"2020-08-14T08:47:11+00:00\" \/>\n<meta property=\"og:image\" content=\"https:\/\/radioleinewelle.de\/wp-content\/uploads\/2020\/08\/sternenlichter_foto_zimmer_domeyer_vonalvensleben-1-e1597394763450.jpg\" \/>\n\t<meta property=\"og:image:width\" content=\"600\" \/>\n\t<meta property=\"og:image:height\" content=\"450\" \/>\n\t<meta property=\"og:image:type\" content=\"image\/jpeg\" \/>\n<meta name=\"author\" content=\"Leinewelle\" \/>\n<meta name=\"twitter:card\" content=\"summary_large_image\" \/>\n<meta name=\"twitter:creator\" content=\"@https:\/\/twitter.com\/RLeinewelle?ref_src=twsrcgoogletwcampserptwgrauthor\" \/>\n<meta name=\"twitter:site\" content=\"@RLeinewelle\" \/>\n<meta name=\"twitter:label1\" content=\"Verfasst von\" \/>\n\t<meta name=\"twitter:data1\" content=\"Leinewelle\" \/>\n\t<meta name=\"twitter:label2\" content=\"Gesch\u00e4tzte Lesezeit\" \/>\n\t<meta name=\"twitter:data2\" content=\"1\u00a0Minute\" \/>\n<script type=\"application\/ld+json\" class=\"yoast-schema-graph\">{\"@context\":\"https:\\\/\\\/schema.org\",\"@graph\":[{\"@type\":\"Article\",\"@id\":\"https:\\\/\\\/radioleinewelle.de\\\/index.php\\\/2020\\\/08\\\/14\\\/im-einsatz-fuer-sternenlichter-gaenseliesel-jana-domeyer-ist-botschafterin-fuer-das-geplante-goettinger-kinder-und-jugendhospiz\\\/#article\",\"isPartOf\":{\"@id\":\"https:\\\/\\\/radioleinewelle.de\\\/index.php\\\/2020\\\/08\\\/14\\\/im-einsatz-fuer-sternenlichter-gaenseliesel-jana-domeyer-ist-botschafterin-fuer-das-geplante-goettinger-kinder-und-jugendhospiz\\\/\"},\"author\":{\"name\":\"Leinewelle\",\"@id\":\"https:\\\/\\\/radioleinewelle.de\\\/#\\\/schema\\\/person\\\/45606f348637df637192dc1b68399a63\"},\"headline\":\"Im Einsatz f\u00fcr \u201eSternenlichter\u201c: G\u00e4nseliesel Jana Domeyer ist Botschafterin f\u00fcr das geplante G\u00f6ttinger Kinder- und Jugendhospiz\",\"datePublished\":\"2020-08-14T08:47:11+00:00\",\"mainEntityOfPage\":{\"@id\":\"https:\\\/\\\/radioleinewelle.de\\\/index.php\\\/2020\\\/08\\\/14\\\/im-einsatz-fuer-sternenlichter-gaenseliesel-jana-domeyer-ist-botschafterin-fuer-das-geplante-goettinger-kinder-und-jugendhospiz\\\/\"},\"wordCount\":238,\"publisher\":{\"@id\":\"https:\\\/\\\/radioleinewelle.de\\\/#organization\"},\"image\":{\"@id\":\"https:\\\/\\\/radioleinewelle.de\\\/index.php\\\/2020\\\/08\\\/14\\\/im-einsatz-fuer-sternenlichter-gaenseliesel-jana-domeyer-ist-botschafterin-fuer-das-geplante-goettinger-kinder-und-jugendhospiz\\\/#primaryimage\"},\"thumbnailUrl\":\"https:\\\/\\\/radioleinewelle.de\\\/wp-content\\\/uploads\\\/2020\\\/08\\\/sternenlichter_foto_zimmer_domeyer_vonalvensleben-1-e1597394763450.jpg\",\"inLanguage\":\"de\"},{\"@type\":\"WebPage\",\"@id\":\"https:\\\/\\\/radioleinewelle.de\\\/index.php\\\/2020\\\/08\\\/14\\\/im-einsatz-fuer-sternenlichter-gaenseliesel-jana-domeyer-ist-botschafterin-fuer-das-geplante-goettinger-kinder-und-jugendhospiz\\\/\",\"url\":\"https:\\\/\\\/radioleinewelle.de\\\/index.php\\\/2020\\\/08\\\/14\\\/im-einsatz-fuer-sternenlichter-gaenseliesel-jana-domeyer-ist-botschafterin-fuer-das-geplante-goettinger-kinder-und-jugendhospiz\\\/\",\"name\":\"Im Einsatz f\u00fcr \u201eSternenlichter\u201c: G\u00e4nseliesel Jana Domeyer ist Botschafterin f\u00fcr das geplante G\u00f6ttinger Kinder- und Jugendhospiz - Radio Leinewelle\",\"isPartOf\":{\"@id\":\"https:\\\/\\\/radioleinewelle.de\\\/#website\"},\"primaryImageOfPage\":{\"@id\":\"https:\\\/\\\/radioleinewelle.de\\\/index.php\\\/2020\\\/08\\\/14\\\/im-einsatz-fuer-sternenlichter-gaenseliesel-jana-domeyer-ist-botschafterin-fuer-das-geplante-goettinger-kinder-und-jugendhospiz\\\/#primaryimage\"},\"image\":{\"@id\":\"https:\\\/\\\/radioleinewelle.de\\\/index.php\\\/2020\\\/08\\\/14\\\/im-einsatz-fuer-sternenlichter-gaenseliesel-jana-domeyer-ist-botschafterin-fuer-das-geplante-goettinger-kinder-und-jugendhospiz\\\/#primaryimage\"},\"thumbnailUrl\":\"https:\\\/\\\/radioleinewelle.de\\\/wp-content\\\/uploads\\\/2020\\\/08\\\/sternenlichter_foto_zimmer_domeyer_vonalvensleben-1-e1597394763450.jpg\",\"datePublished\":\"2020-08-14T08:47:11+00:00\",\"breadcrumb\":{\"@id\":\"https:\\\/\\\/radioleinewelle.de\\\/index.php\\\/2020\\\/08\\\/14\\\/im-einsatz-fuer-sternenlichter-gaenseliesel-jana-domeyer-ist-botschafterin-fuer-das-geplante-goettinger-kinder-und-jugendhospiz\\\/#breadcrumb\"},\"inLanguage\":\"de\",\"potentialAction\":[{\"@type\":\"ReadAction\",\"target\":[\"https:\\\/\\\/radioleinewelle.de\\\/index.php\\\/2020\\\/08\\\/14\\\/im-einsatz-fuer-sternenlichter-gaenseliesel-jana-domeyer-ist-botschafterin-fuer-das-geplante-goettinger-kinder-und-jugendhospiz\\\/\"]}]},{\"@type\":\"ImageObject\",\"inLanguage\":\"de\",\"@id\":\"https:\\\/\\\/radioleinewelle.de\\\/index.php\\\/2020\\\/08\\\/14\\\/im-einsatz-fuer-sternenlichter-gaenseliesel-jana-domeyer-ist-botschafterin-fuer-das-geplante-goettinger-kinder-und-jugendhospiz\\\/#primaryimage\",\"url\":\"https:\\\/\\\/radioleinewelle.de\\\/wp-content\\\/uploads\\\/2020\\\/08\\\/sternenlichter_foto_zimmer_domeyer_vonalvensleben-1-e1597394763450.jpg\",\"contentUrl\":\"https:\\\/\\\/radioleinewelle.de\\\/wp-content\\\/uploads\\\/2020\\\/08\\\/sternenlichter_foto_zimmer_domeyer_vonalvensleben-1-e1597394763450.jpg\",\"width\":600,\"height\":450},{\"@type\":\"BreadcrumbList\",\"@id\":\"https:\\\/\\\/radioleinewelle.de\\\/index.php\\\/2020\\\/08\\\/14\\\/im-einsatz-fuer-sternenlichter-gaenseliesel-jana-domeyer-ist-botschafterin-fuer-das-geplante-goettinger-kinder-und-jugendhospiz\\\/#breadcrumb\",\"itemListElement\":[{\"@type\":\"ListItem\",\"position\":1,\"name\":\"Startseite\",\"item\":\"https:\\\/\\\/radioleinewelle.de\\\/\"},{\"@type\":\"ListItem\",\"position\":2,\"name\":\"Im Einsatz f\u00fcr \u201eSternenlichter\u201c: G\u00e4nseliesel Jana Domeyer ist Botschafterin f\u00fcr das geplante G\u00f6ttinger Kinder- und Jugendhospiz\"}]},{\"@type\":\"WebSite\",\"@id\":\"https:\\\/\\\/radioleinewelle.de\\\/#website\",\"url\":\"https:\\\/\\\/radioleinewelle.de\\\/\",\"name\":\"Radio Leinewelle\",\"description\":\"\",\"publisher\":{\"@id\":\"https:\\\/\\\/radioleinewelle.de\\\/#organization\"},\"potentialAction\":[{\"@type\":\"SearchAction\",\"target\":{\"@type\":\"EntryPoint\",\"urlTemplate\":\"https:\\\/\\\/radioleinewelle.de\\\/?s={search_term_string}\"},\"query-input\":{\"@type\":\"PropertyValueSpecification\",\"valueRequired\":true,\"valueName\":\"search_term_string\"}}],\"inLanguage\":\"de\"},{\"@type\":\"Organization\",\"@id\":\"https:\\\/\\\/radioleinewelle.de\\\/#organization\",\"name\":\"Radio Leinewelle\",\"alternateName\":\"Mein Radio f\u00fcr S\u00fcdniedersachsen\",\"url\":\"https:\\\/\\\/radioleinewelle.de\\\/\",\"logo\":{\"@type\":\"ImageObject\",\"inLanguage\":\"de\",\"@id\":\"https:\\\/\\\/radioleinewelle.de\\\/#\\\/schema\\\/logo\\\/image\\\/\",\"url\":\"https:\\\/\\\/radioleinewelle.de\\\/wp-content\\\/uploads\\\/2023\\\/11\\\/cropped-Leinewelle_Logo_weiss.png\",\"contentUrl\":\"https:\\\/\\\/radioleinewelle.de\\\/wp-content\\\/uploads\\\/2023\\\/11\\\/cropped-Leinewelle_Logo_weiss.png\",\"width\":854,\"height\":260,\"caption\":\"Radio Leinewelle\"},\"image\":{\"@id\":\"https:\\\/\\\/radioleinewelle.de\\\/#\\\/schema\\\/logo\\\/image\\\/\"},\"sameAs\":[\"https:\\\/\\\/www.facebook.com\\\/radioleinewelle\",\"https:\\\/\\\/x.com\\\/RLeinewelle\",\"https:\\\/\\\/www.instagram.com\\\/radioleinewelle\\\/?hl=de\"]},{\"@type\":\"Person\",\"@id\":\"https:\\\/\\\/radioleinewelle.de\\\/#\\\/schema\\\/person\\\/45606f348637df637192dc1b68399a63\",\"name\":\"Leinewelle\",\"image\":{\"@type\":\"ImageObject\",\"inLanguage\":\"de\",\"@id\":\"https:\\\/\\\/secure.gravatar.com\\\/avatar\\\/05c9a17bc973052ee5d91549bd32fb4dd0dc85b7b85ae94b2e2b4943476bbea5?s=96&d=blank&r=g\",\"url\":\"https:\\\/\\\/secure.gravatar.com\\\/avatar\\\/05c9a17bc973052ee5d91549bd32fb4dd0dc85b7b85ae94b2e2b4943476bbea5?s=96&d=blank&r=g\",\"contentUrl\":\"https:\\\/\\\/secure.gravatar.com\\\/avatar\\\/05c9a17bc973052ee5d91549bd32fb4dd0dc85b7b85ae94b2e2b4943476bbea5?s=96&d=blank&r=g\",\"caption\":\"Leinewelle\"},\"sameAs\":[\"http:\\\/\\\/localhost\\\/radio%20leinewelle\\\/wordpress\",\"https:\\\/\\\/www.facebook.com\\\/radioleinewelle\",\"https:\\\/\\\/www.instagram.com\\\/radioleinewelle\",\"https:\\\/\\\/x.com\\\/https:\\\/\\\/twitter.com\\\/RLeinewelle?ref_src=twsrcgoogletwcampserptwgrauthor\",\"https:\\\/\\\/soundcloud.com\\\/foerderverein-lokalradio?utm_source=clipboard&utm_medium=text&utm_campaign=social_sharing\"],\"url\":\"https:\\\/\\\/radioleinewelle.de\\\/index.php\\\/author\\\/leinewelle\\\/\"}]}<\/script>\n<!-- \/ Yoast SEO plugin. -->","yoast_head_json":{"title":"Im Einsatz f\u00fcr \u201eSternenlichter\u201c: G\u00e4nseliesel Jana Domeyer ist Botschafterin f\u00fcr das geplante G\u00f6ttinger Kinder- und Jugendhospiz - Radio Leinewelle","robots":{"index":"index","follow":"follow","max-snippet":"max-snippet:-1","max-image-preview":"max-image-preview:large","max-video-preview":"max-video-preview:-1"},"canonical":"https:\/\/radioleinewelle.de\/index.php\/2020\/08\/14\/im-einsatz-fuer-sternenlichter-gaenseliesel-jana-domeyer-ist-botschafterin-fuer-das-geplante-goettinger-kinder-und-jugendhospiz\/","og_locale":"de_DE","og_type":"article","og_title":"Im Einsatz f\u00fcr \u201eSternenlichter\u201c: G\u00e4nseliesel Jana Domeyer ist Botschafterin f\u00fcr das geplante G\u00f6ttinger Kinder- und Jugendhospiz - Radio Leinewelle","og_description":"Das amtierende G\u00e4nseliesel Jana Domeyer ist ab sofort als Botschafterin f\u00fcr das geplante Kinder- und Jugendhospiz Sternenlichter im Einsatz. \u201eIch unterst\u00fctze das Kinder- und Jugendhospiz Sternenlichter als Botschafterin, weil ich den Hintergrund von diesem Projekt bewunderswert finde. In schwierigen Zeiten ist es ein tolles Gef\u00fchl, nicht alleine zu sein. Ich freue mich, das Vorhaben begleiten [&hellip;]","og_url":"https:\/\/radioleinewelle.de\/index.php\/2020\/08\/14\/im-einsatz-fuer-sternenlichter-gaenseliesel-jana-domeyer-ist-botschafterin-fuer-das-geplante-goettinger-kinder-und-jugendhospiz\/","og_site_name":"Radio Leinewelle","article_publisher":"https:\/\/www.facebook.com\/radioleinewelle","article_author":"https:\/\/www.facebook.com\/radioleinewelle","article_published_time":"2020-08-14T08:47:11+00:00","og_image":[{"width":600,"height":450,"url":"https:\/\/radioleinewelle.de\/wp-content\/uploads\/2020\/08\/sternenlichter_foto_zimmer_domeyer_vonalvensleben-1-e1597394763450.jpg","type":"image\/jpeg"}],"author":"Leinewelle","twitter_card":"summary_large_image","twitter_creator":"@https:\/\/twitter.com\/RLeinewelle?ref_src=twsrcgoogletwcampserptwgrauthor","twitter_site":"@RLeinewelle","twitter_misc":{"Verfasst von":"Leinewelle","Gesch\u00e4tzte Lesezeit":"1\u00a0Minute"},"schema":{"@context":"https:\/\/schema.org","@graph":[{"@type":"Article","@id":"https:\/\/radioleinewelle.de\/index.php\/2020\/08\/14\/im-einsatz-fuer-sternenlichter-gaenseliesel-jana-domeyer-ist-botschafterin-fuer-das-geplante-goettinger-kinder-und-jugendhospiz\/#article","isPartOf":{"@id":"https:\/\/radioleinewelle.de\/index.php\/2020\/08\/14\/im-einsatz-fuer-sternenlichter-gaenseliesel-jana-domeyer-ist-botschafterin-fuer-das-geplante-goettinger-kinder-und-jugendhospiz\/"},"author":{"name":"Leinewelle","@id":"https:\/\/radioleinewelle.de\/#\/schema\/person\/45606f348637df637192dc1b68399a63"},"headline":"Im Einsatz f\u00fcr \u201eSternenlichter\u201c: G\u00e4nseliesel Jana Domeyer ist Botschafterin f\u00fcr das geplante G\u00f6ttinger Kinder- und Jugendhospiz","datePublished":"2020-08-14T08:47:11+00:00","mainEntityOfPage":{"@id":"https:\/\/radioleinewelle.de\/index.php\/2020\/08\/14\/im-einsatz-fuer-sternenlichter-gaenseliesel-jana-domeyer-ist-botschafterin-fuer-das-geplante-goettinger-kinder-und-jugendhospiz\/"},"wordCount":238,"publisher":{"@id":"https:\/\/radioleinewelle.de\/#organization"},"image":{"@id":"https:\/\/radioleinewelle.de\/index.php\/2020\/08\/14\/im-einsatz-fuer-sternenlichter-gaenseliesel-jana-domeyer-ist-botschafterin-fuer-das-geplante-goettinger-kinder-und-jugendhospiz\/#primaryimage"},"thumbnailUrl":"https:\/\/radioleinewelle.de\/wp-content\/uploads\/2020\/08\/sternenlichter_foto_zimmer_domeyer_vonalvensleben-1-e1597394763450.jpg","inLanguage":"de"},{"@type":"WebPage","@id":"https:\/\/radioleinewelle.de\/index.php\/2020\/08\/14\/im-einsatz-fuer-sternenlichter-gaenseliesel-jana-domeyer-ist-botschafterin-fuer-das-geplante-goettinger-kinder-und-jugendhospiz\/","url":"https:\/\/radioleinewelle.de\/index.php\/2020\/08\/14\/im-einsatz-fuer-sternenlichter-gaenseliesel-jana-domeyer-ist-botschafterin-fuer-das-geplante-goettinger-kinder-und-jugendhospiz\/","name":"Im Einsatz f\u00fcr \u201eSternenlichter\u201c: G\u00e4nseliesel Jana Domeyer ist Botschafterin f\u00fcr das geplante G\u00f6ttinger Kinder- und Jugendhospiz - Radio Leinewelle","isPartOf":{"@id":"https:\/\/radioleinewelle.de\/#website"},"primaryImageOfPage":{"@id":"https:\/\/radioleinewelle.de\/index.php\/2020\/08\/14\/im-einsatz-fuer-sternenlichter-gaenseliesel-jana-domeyer-ist-botschafterin-fuer-das-geplante-goettinger-kinder-und-jugendhospiz\/#primaryimage"},"image":{"@id":"https:\/\/radioleinewelle.de\/index.php\/2020\/08\/14\/im-einsatz-fuer-sternenlichter-gaenseliesel-jana-domeyer-ist-botschafterin-fuer-das-geplante-goettinger-kinder-und-jugendhospiz\/#primaryimage"},"thumbnailUrl":"https:\/\/radioleinewelle.de\/wp-content\/uploads\/2020\/08\/sternenlichter_foto_zimmer_domeyer_vonalvensleben-1-e1597394763450.jpg","datePublished":"2020-08-14T08:47:11+00:00","breadcrumb":{"@id":"https:\/\/radioleinewelle.de\/index.php\/2020\/08\/14\/im-einsatz-fuer-sternenlichter-gaenseliesel-jana-domeyer-ist-botschafterin-fuer-das-geplante-goettinger-kinder-und-jugendhospiz\/#breadcrumb"},"inLanguage":"de","potentialAction":[{"@type":"ReadAction","target":["https:\/\/radioleinewelle.de\/index.php\/2020\/08\/14\/im-einsatz-fuer-sternenlichter-gaenseliesel-jana-domeyer-ist-botschafterin-fuer-das-geplante-goettinger-kinder-und-jugendhospiz\/"]}]},{"@type":"ImageObject","inLanguage":"de","@id":"https:\/\/radioleinewelle.de\/index.php\/2020\/08\/14\/im-einsatz-fuer-sternenlichter-gaenseliesel-jana-domeyer-ist-botschafterin-fuer-das-geplante-goettinger-kinder-und-jugendhospiz\/#primaryimage","url":"https:\/\/radioleinewelle.de\/wp-content\/uploads\/2020\/08\/sternenlichter_foto_zimmer_domeyer_vonalvensleben-1-e1597394763450.jpg","contentUrl":"https:\/\/radioleinewelle.de\/wp-content\/uploads\/2020\/08\/sternenlichter_foto_zimmer_domeyer_vonalvensleben-1-e1597394763450.jpg","width":600,"height":450},{"@type":"BreadcrumbList","@id":"https:\/\/radioleinewelle.de\/index.php\/2020\/08\/14\/im-einsatz-fuer-sternenlichter-gaenseliesel-jana-domeyer-ist-botschafterin-fuer-das-geplante-goettinger-kinder-und-jugendhospiz\/#breadcrumb","itemListElement":[{"@type":"ListItem","position":1,"name":"Startseite","item":"https:\/\/radioleinewelle.de\/"},{"@type":"ListItem","position":2,"name":"Im Einsatz f\u00fcr \u201eSternenlichter\u201c: G\u00e4nseliesel Jana Domeyer ist Botschafterin f\u00fcr das geplante G\u00f6ttinger Kinder- und Jugendhospiz"}]},{"@type":"WebSite","@id":"https:\/\/radioleinewelle.de\/#website","url":"https:\/\/radioleinewelle.de\/","name":"Radio Leinewelle","description":"","publisher":{"@id":"https:\/\/radioleinewelle.de\/#organization"},"potentialAction":[{"@type":"SearchAction","target":{"@type":"EntryPoint","urlTemplate":"https:\/\/radioleinewelle.de\/?s={search_term_string}"},"query-input":{"@type":"PropertyValueSpecification","valueRequired":true,"valueName":"search_term_string"}}],"inLanguage":"de"},{"@type":"Organization","@id":"https:\/\/radioleinewelle.de\/#organization","name":"Radio Leinewelle","alternateName":"Mein Radio f\u00fcr S\u00fcdniedersachsen","url":"https:\/\/radioleinewelle.de\/","logo":{"@type":"ImageObject","inLanguage":"de","@id":"https:\/\/radioleinewelle.de\/#\/schema\/logo\/image\/","url":"https:\/\/radioleinewelle.de\/wp-content\/uploads\/2023\/11\/cropped-Leinewelle_Logo_weiss.png","contentUrl":"https:\/\/radioleinewelle.de\/wp-content\/uploads\/2023\/11\/cropped-Leinewelle_Logo_weiss.png","width":854,"height":260,"caption":"Radio Leinewelle"},"image":{"@id":"https:\/\/radioleinewelle.de\/#\/schema\/logo\/image\/"},"sameAs":["https:\/\/www.facebook.com\/radioleinewelle","https:\/\/x.com\/RLeinewelle","https:\/\/www.instagram.com\/radioleinewelle\/?hl=de"]},{"@type":"Person","@id":"https:\/\/radioleinewelle.de\/#\/schema\/person\/45606f348637df637192dc1b68399a63","name":"Leinewelle","image":{"@type":"ImageObject","inLanguage":"de","@id":"https:\/\/secure.gravatar.com\/avatar\/05c9a17bc973052ee5d91549bd32fb4dd0dc85b7b85ae94b2e2b4943476bbea5?s=96&d=blank&r=g","url":"https:\/\/secure.gravatar.com\/avatar\/05c9a17bc973052ee5d91549bd32fb4dd0dc85b7b85ae94b2e2b4943476bbea5?s=96&d=blank&r=g","contentUrl":"https:\/\/secure.gravatar.com\/avatar\/05c9a17bc973052ee5d91549bd32fb4dd0dc85b7b85ae94b2e2b4943476bbea5?s=96&d=blank&r=g","caption":"Leinewelle"},"sameAs":["http:\/\/localhost\/radio%20leinewelle\/wordpress","https:\/\/www.facebook.com\/radioleinewelle","https:\/\/www.instagram.com\/radioleinewelle","https:\/\/x.com\/https:\/\/twitter.com\/RLeinewelle?ref_src=twsrcgoogletwcampserptwgrauthor","https:\/\/soundcloud.com\/foerderverein-lokalradio?utm_source=clipboard&utm_medium=text&utm_campaign=social_sharing"],"url":"https:\/\/radioleinewelle.de\/index.php\/author\/leinewelle\/"}]}},"_links":{"self":[{"href":"https:\/\/radioleinewelle.de\/index.php\/wp-json\/wp\/v2\/posts\/1185","targetHints":{"allow":["GET"]}}],"collection":[{"href":"https:\/\/radioleinewelle.de\/index.php\/wp-json\/wp\/v2\/posts"}],"about":[{"href":"https:\/\/radioleinewelle.de\/index.php\/wp-json\/wp\/v2\/types\/post"}],"author":[{"embeddable":true,"href":"https:\/\/radioleinewelle.de\/index.php\/wp-json\/wp\/v2\/users\/1"}],"replies":[{"embeddable":true,"href":"https:\/\/radioleinewelle.de\/index.php\/wp-json\/wp\/v2\/comments?post=1185"}],"version-history":[{"count":0,"href":"https:\/\/radioleinewelle.de\/index.php\/wp-json\/wp\/v2\/posts\/1185\/revisions"}],"wp:featuredmedia":[{"embeddable":true,"href":"https:\/\/radioleinewelle.de\/index.php\/wp-json\/wp\/v2\/media\/1188"}],"wp:attachment":[{"href":"https:\/\/radioleinewelle.de\/index.php\/wp-json\/wp\/v2\/media?parent=1185"}],"wp:term":[{"taxonomy":"category","embeddable":true,"href":"https:\/\/radioleinewelle.de\/index.php\/wp-json\/wp\/v2\/categories?post=1185"},{"taxonomy":"post_tag","embeddable":true,"href":"https:\/\/radioleinewelle.de\/index.php\/wp-json\/wp\/v2\/tags?post=1185"}],"curies":[{"name":"wp","href":"https:\/\/api.w.org\/{rel}","templated":true}]}}