{"id":11921,"date":"2021-12-09T05:57:35","date_gmt":"2021-12-09T04:57:35","guid":{"rendered":"https:\/\/radioleinewelle.de\/?p=11921"},"modified":"2021-12-09T05:57:35","modified_gmt":"2021-12-09T04:57:35","slug":"demonstration-in-herzberg-gegen-corona-politik","status":"publish","type":"post","link":"https:\/\/radioleinewelle.de\/index.php\/2021\/12\/09\/demonstration-in-herzberg-gegen-corona-politik\/","title":{"rendered":"Demonstration in Herzberg gegen Corona-Politik"},"content":{"rendered":"\n<p>HERZBERG (hf) &#8211; Am fr\u00fchen Abend fand heute, 08.12.2021, auf dem Herzberger Markplatz eine Kundgebung unter dem Motto &#8222;Verfehlte Corona-Politik der Regierung&#8220; statt. Nachdem eine Woche zuvor am selben Ort eine nicht angemeldete Demonstration gegen die Impfpflicht stattgefunden hatte, war die heutige Kundgebung von der Partei &#8222;Liberal-Konservative Reformer&#8220; (LKR) rechtzeitig bei der Versammlungsbeh\u00f6rde angemeldet worden.<\/p>\n\n\n\n<p>In der Zeit von 17.00 Uhr bis 18.00 Uhr versammelten sich rund 75 Personen auf dem Herzberger Marktplatz. Unter den Augen einer starken Polizeipr\u00e4senz nahmen die Versammlungsteilnehmer in ausreichendem Abstand zuvor markierte Stehpl\u00e4tze ein. W\u00e4hrend der gesamten Kundgebungsdauer wurden die geltenden Hygiene- und Abstandsregeln eingehalten, sodass ein Einschreiten der Polizeikr\u00e4fte nicht erforderlich wurde. Bef\u00fcrchtete St\u00f6rungen anderer Gruppierungen blieben aus.<\/p>\n\n\n\n<p>Nach drei Redebeitr\u00e4gen wurde die Kundgebung vom Veranstalter gegen 18.00 Uhr beendet. Den Hauptredebeitrag hatte die Landtagsabgeordnete Dana Guth (LKR).<\/p>\n\n\n\n<p>Unter der F\u00fchrung von Osterodes Polizeichef Heiko Fette gew\u00e4hrleisteten rund 40 Beamtinnen und Beamte aus den Dienststellen Herzberg, Osterode und G\u00f6ttingen sowie aus der G\u00f6ttinger Bereitschaftspolizei einen friedlichen Versammlungsverlauf.<\/p>\n\n\n\n<p>&#8222;Ich bin zufrieden, dass wir die Durchf\u00fchrung der Versammlung ohne Gefahren f\u00fcr die Gesundheit von Teilnehmenden, Passanten und Einsatzkr\u00e4ften gew\u00e4hrleisten konnten. In der aktuellen Situation ist das leider nicht selbstverst\u00e4ndlich.&#8220;, sagte Einsatzleiter Heiko Fette am Ende.<\/p>\n","protected":false},"excerpt":{"rendered":"<p>HERZBERG (hf) &#8211; Am fr\u00fchen Abend fand heute, 08.12.2021, auf dem Herzberger Markplatz eine Kundgebung unter dem Motto &#8222;Verfehlte Corona-Politik der Regierung&#8220; statt. Nachdem eine Woche zuvor am selben Ort eine nicht angemeldete Demonstration gegen die Impfpflicht stattgefunden hatte, war die heutige Kundgebung von der Partei &#8222;Liberal-Konservative Reformer&#8220; (LKR) rechtzeitig bei der Versammlungsbeh\u00f6rde angemeldet worden. [&hellip;]<\/p>\n","protected":false},"author":1,"featured_media":0,"comment_status":"closed","ping_status":"closed","sticky":false,"template":"","format":"standard","meta":{"saved_in_kubio":false,"footnotes":""},"categories":[24],"tags":[2612,2613,2614],"class_list":["post-11921","post","type-post","status-publish","format-standard","hentry","category-news","tag-demo-herzberg","tag-liberal-konservative-reformer-lkr","tag-polizeidienststelle-herzberg"],"yoast_head":"<!-- This site is optimized with the Yoast SEO plugin v27.5 - https:\/\/yoast.com\/product\/yoast-seo-wordpress\/ -->\n<title>Demonstration in Herzberg gegen Corona-Politik - Radio Leinewelle<\/title>\n<meta name=\"robots\" content=\"index, follow, max-snippet:-1, max-image-preview:large, max-video-preview:-1\" \/>\n<link rel=\"canonical\" href=\"https:\/\/radioleinewelle.de\/index.php\/2021\/12\/09\/demonstration-in-herzberg-gegen-corona-politik\/\" \/>\n<meta property=\"og:locale\" content=\"de_DE\" \/>\n<meta property=\"og:type\" content=\"article\" \/>\n<meta property=\"og:title\" content=\"Demonstration in Herzberg gegen Corona-Politik - Radio Leinewelle\" \/>\n<meta property=\"og:description\" content=\"HERZBERG (hf) &#8211; Am fr\u00fchen Abend fand heute, 08.12.2021, auf dem Herzberger Markplatz eine Kundgebung unter dem Motto &#8222;Verfehlte Corona-Politik der Regierung&#8220; statt. Nachdem eine Woche zuvor am selben Ort eine nicht angemeldete Demonstration gegen die Impfpflicht stattgefunden hatte, war die heutige Kundgebung von der Partei &#8222;Liberal-Konservative Reformer&#8220; (LKR) rechtzeitig bei der Versammlungsbeh\u00f6rde angemeldet worden. [&hellip;]\" \/>\n<meta property=\"og:url\" content=\"https:\/\/radioleinewelle.de\/index.php\/2021\/12\/09\/demonstration-in-herzberg-gegen-corona-politik\/\" \/>\n<meta property=\"og:site_name\" content=\"Radio Leinewelle\" \/>\n<meta property=\"article:publisher\" content=\"https:\/\/www.facebook.com\/radioleinewelle\" \/>\n<meta property=\"article:author\" content=\"https:\/\/www.facebook.com\/radioleinewelle\" \/>\n<meta property=\"article:published_time\" content=\"2021-12-09T04:57:35+00:00\" \/>\n<meta name=\"author\" content=\"Leinewelle\" \/>\n<meta name=\"twitter:card\" content=\"summary_large_image\" \/>\n<meta name=\"twitter:creator\" content=\"@https:\/\/twitter.com\/RLeinewelle?ref_src=twsrcgoogletwcampserptwgrauthor\" \/>\n<meta name=\"twitter:site\" content=\"@RLeinewelle\" \/>\n<meta name=\"twitter:label1\" content=\"Verfasst von\" \/>\n\t<meta name=\"twitter:data1\" content=\"Leinewelle\" \/>\n\t<meta name=\"twitter:label2\" content=\"Gesch\u00e4tzte Lesezeit\" \/>\n\t<meta name=\"twitter:data2\" content=\"1\u00a0Minute\" \/>\n<script type=\"application\/ld+json\" class=\"yoast-schema-graph\">{\"@context\":\"https:\\\/\\\/schema.org\",\"@graph\":[{\"@type\":\"Article\",\"@id\":\"https:\\\/\\\/radioleinewelle.de\\\/index.php\\\/2021\\\/12\\\/09\\\/demonstration-in-herzberg-gegen-corona-politik\\\/#article\",\"isPartOf\":{\"@id\":\"https:\\\/\\\/radioleinewelle.de\\\/index.php\\\/2021\\\/12\\\/09\\\/demonstration-in-herzberg-gegen-corona-politik\\\/\"},\"author\":{\"name\":\"Leinewelle\",\"@id\":\"https:\\\/\\\/radioleinewelle.de\\\/#\\\/schema\\\/person\\\/45606f348637df637192dc1b68399a63\"},\"headline\":\"Demonstration in Herzberg gegen Corona-Politik\",\"datePublished\":\"2021-12-09T04:57:35+00:00\",\"mainEntityOfPage\":{\"@id\":\"https:\\\/\\\/radioleinewelle.de\\\/index.php\\\/2021\\\/12\\\/09\\\/demonstration-in-herzberg-gegen-corona-politik\\\/\"},\"wordCount\":216,\"publisher\":{\"@id\":\"https:\\\/\\\/radioleinewelle.de\\\/#organization\"},\"keywords\":[\"Demo Herzberg\",\"Liberal-Konservative Reformer (LKR)\",\"Polizeidienststelle Herzberg\"],\"articleSection\":[\"Aktuelle Nachrichten\"],\"inLanguage\":\"de\"},{\"@type\":\"WebPage\",\"@id\":\"https:\\\/\\\/radioleinewelle.de\\\/index.php\\\/2021\\\/12\\\/09\\\/demonstration-in-herzberg-gegen-corona-politik\\\/\",\"url\":\"https:\\\/\\\/radioleinewelle.de\\\/index.php\\\/2021\\\/12\\\/09\\\/demonstration-in-herzberg-gegen-corona-politik\\\/\",\"name\":\"Demonstration in Herzberg gegen Corona-Politik - Radio Leinewelle\",\"isPartOf\":{\"@id\":\"https:\\\/\\\/radioleinewelle.de\\\/#website\"},\"datePublished\":\"2021-12-09T04:57:35+00:00\",\"breadcrumb\":{\"@id\":\"https:\\\/\\\/radioleinewelle.de\\\/index.php\\\/2021\\\/12\\\/09\\\/demonstration-in-herzberg-gegen-corona-politik\\\/#breadcrumb\"},\"inLanguage\":\"de\",\"potentialAction\":[{\"@type\":\"ReadAction\",\"target\":[\"https:\\\/\\\/radioleinewelle.de\\\/index.php\\\/2021\\\/12\\\/09\\\/demonstration-in-herzberg-gegen-corona-politik\\\/\"]}]},{\"@type\":\"BreadcrumbList\",\"@id\":\"https:\\\/\\\/radioleinewelle.de\\\/index.php\\\/2021\\\/12\\\/09\\\/demonstration-in-herzberg-gegen-corona-politik\\\/#breadcrumb\",\"itemListElement\":[{\"@type\":\"ListItem\",\"position\":1,\"name\":\"Startseite\",\"item\":\"https:\\\/\\\/radioleinewelle.de\\\/\"},{\"@type\":\"ListItem\",\"position\":2,\"name\":\"Demonstration in Herzberg gegen Corona-Politik\"}]},{\"@type\":\"WebSite\",\"@id\":\"https:\\\/\\\/radioleinewelle.de\\\/#website\",\"url\":\"https:\\\/\\\/radioleinewelle.de\\\/\",\"name\":\"Radio Leinewelle\",\"description\":\"\",\"publisher\":{\"@id\":\"https:\\\/\\\/radioleinewelle.de\\\/#organization\"},\"potentialAction\":[{\"@type\":\"SearchAction\",\"target\":{\"@type\":\"EntryPoint\",\"urlTemplate\":\"https:\\\/\\\/radioleinewelle.de\\\/?s={search_term_string}\"},\"query-input\":{\"@type\":\"PropertyValueSpecification\",\"valueRequired\":true,\"valueName\":\"search_term_string\"}}],\"inLanguage\":\"de\"},{\"@type\":\"Organization\",\"@id\":\"https:\\\/\\\/radioleinewelle.de\\\/#organization\",\"name\":\"Radio Leinewelle\",\"alternateName\":\"Mein Radio f\u00fcr S\u00fcdniedersachsen\",\"url\":\"https:\\\/\\\/radioleinewelle.de\\\/\",\"logo\":{\"@type\":\"ImageObject\",\"inLanguage\":\"de\",\"@id\":\"https:\\\/\\\/radioleinewelle.de\\\/#\\\/schema\\\/logo\\\/image\\\/\",\"url\":\"https:\\\/\\\/radioleinewelle.de\\\/wp-content\\\/uploads\\\/2023\\\/11\\\/cropped-Leinewelle_Logo_weiss.png\",\"contentUrl\":\"https:\\\/\\\/radioleinewelle.de\\\/wp-content\\\/uploads\\\/2023\\\/11\\\/cropped-Leinewelle_Logo_weiss.png\",\"width\":854,\"height\":260,\"caption\":\"Radio Leinewelle\"},\"image\":{\"@id\":\"https:\\\/\\\/radioleinewelle.de\\\/#\\\/schema\\\/logo\\\/image\\\/\"},\"sameAs\":[\"https:\\\/\\\/www.facebook.com\\\/radioleinewelle\",\"https:\\\/\\\/x.com\\\/RLeinewelle\",\"https:\\\/\\\/www.instagram.com\\\/radioleinewelle\\\/?hl=de\"]},{\"@type\":\"Person\",\"@id\":\"https:\\\/\\\/radioleinewelle.de\\\/#\\\/schema\\\/person\\\/45606f348637df637192dc1b68399a63\",\"name\":\"Leinewelle\",\"image\":{\"@type\":\"ImageObject\",\"inLanguage\":\"de\",\"@id\":\"https:\\\/\\\/secure.gravatar.com\\\/avatar\\\/05c9a17bc973052ee5d91549bd32fb4dd0dc85b7b85ae94b2e2b4943476bbea5?s=96&d=blank&r=g\",\"url\":\"https:\\\/\\\/secure.gravatar.com\\\/avatar\\\/05c9a17bc973052ee5d91549bd32fb4dd0dc85b7b85ae94b2e2b4943476bbea5?s=96&d=blank&r=g\",\"contentUrl\":\"https:\\\/\\\/secure.gravatar.com\\\/avatar\\\/05c9a17bc973052ee5d91549bd32fb4dd0dc85b7b85ae94b2e2b4943476bbea5?s=96&d=blank&r=g\",\"caption\":\"Leinewelle\"},\"sameAs\":[\"http:\\\/\\\/localhost\\\/radio%20leinewelle\\\/wordpress\",\"https:\\\/\\\/www.facebook.com\\\/radioleinewelle\",\"https:\\\/\\\/www.instagram.com\\\/radioleinewelle\",\"https:\\\/\\\/x.com\\\/https:\\\/\\\/twitter.com\\\/RLeinewelle?ref_src=twsrcgoogletwcampserptwgrauthor\",\"https:\\\/\\\/soundcloud.com\\\/foerderverein-lokalradio?utm_source=clipboard&utm_medium=text&utm_campaign=social_sharing\"],\"url\":\"https:\\\/\\\/radioleinewelle.de\\\/index.php\\\/author\\\/leinewelle\\\/\"}]}<\/script>\n<!-- \/ Yoast SEO plugin. -->","yoast_head_json":{"title":"Demonstration in Herzberg gegen Corona-Politik - Radio Leinewelle","robots":{"index":"index","follow":"follow","max-snippet":"max-snippet:-1","max-image-preview":"max-image-preview:large","max-video-preview":"max-video-preview:-1"},"canonical":"https:\/\/radioleinewelle.de\/index.php\/2021\/12\/09\/demonstration-in-herzberg-gegen-corona-politik\/","og_locale":"de_DE","og_type":"article","og_title":"Demonstration in Herzberg gegen Corona-Politik - Radio Leinewelle","og_description":"HERZBERG (hf) &#8211; Am fr\u00fchen Abend fand heute, 08.12.2021, auf dem Herzberger Markplatz eine Kundgebung unter dem Motto &#8222;Verfehlte Corona-Politik der Regierung&#8220; statt. Nachdem eine Woche zuvor am selben Ort eine nicht angemeldete Demonstration gegen die Impfpflicht stattgefunden hatte, war die heutige Kundgebung von der Partei &#8222;Liberal-Konservative Reformer&#8220; (LKR) rechtzeitig bei der Versammlungsbeh\u00f6rde angemeldet worden. [&hellip;]","og_url":"https:\/\/radioleinewelle.de\/index.php\/2021\/12\/09\/demonstration-in-herzberg-gegen-corona-politik\/","og_site_name":"Radio Leinewelle","article_publisher":"https:\/\/www.facebook.com\/radioleinewelle","article_author":"https:\/\/www.facebook.com\/radioleinewelle","article_published_time":"2021-12-09T04:57:35+00:00","author":"Leinewelle","twitter_card":"summary_large_image","twitter_creator":"@https:\/\/twitter.com\/RLeinewelle?ref_src=twsrcgoogletwcampserptwgrauthor","twitter_site":"@RLeinewelle","twitter_misc":{"Verfasst von":"Leinewelle","Gesch\u00e4tzte Lesezeit":"1\u00a0Minute"},"schema":{"@context":"https:\/\/schema.org","@graph":[{"@type":"Article","@id":"https:\/\/radioleinewelle.de\/index.php\/2021\/12\/09\/demonstration-in-herzberg-gegen-corona-politik\/#article","isPartOf":{"@id":"https:\/\/radioleinewelle.de\/index.php\/2021\/12\/09\/demonstration-in-herzberg-gegen-corona-politik\/"},"author":{"name":"Leinewelle","@id":"https:\/\/radioleinewelle.de\/#\/schema\/person\/45606f348637df637192dc1b68399a63"},"headline":"Demonstration in Herzberg gegen Corona-Politik","datePublished":"2021-12-09T04:57:35+00:00","mainEntityOfPage":{"@id":"https:\/\/radioleinewelle.de\/index.php\/2021\/12\/09\/demonstration-in-herzberg-gegen-corona-politik\/"},"wordCount":216,"publisher":{"@id":"https:\/\/radioleinewelle.de\/#organization"},"keywords":["Demo Herzberg","Liberal-Konservative Reformer (LKR)","Polizeidienststelle Herzberg"],"articleSection":["Aktuelle Nachrichten"],"inLanguage":"de"},{"@type":"WebPage","@id":"https:\/\/radioleinewelle.de\/index.php\/2021\/12\/09\/demonstration-in-herzberg-gegen-corona-politik\/","url":"https:\/\/radioleinewelle.de\/index.php\/2021\/12\/09\/demonstration-in-herzberg-gegen-corona-politik\/","name":"Demonstration in Herzberg gegen Corona-Politik - Radio Leinewelle","isPartOf":{"@id":"https:\/\/radioleinewelle.de\/#website"},"datePublished":"2021-12-09T04:57:35+00:00","breadcrumb":{"@id":"https:\/\/radioleinewelle.de\/index.php\/2021\/12\/09\/demonstration-in-herzberg-gegen-corona-politik\/#breadcrumb"},"inLanguage":"de","potentialAction":[{"@type":"ReadAction","target":["https:\/\/radioleinewelle.de\/index.php\/2021\/12\/09\/demonstration-in-herzberg-gegen-corona-politik\/"]}]},{"@type":"BreadcrumbList","@id":"https:\/\/radioleinewelle.de\/index.php\/2021\/12\/09\/demonstration-in-herzberg-gegen-corona-politik\/#breadcrumb","itemListElement":[{"@type":"ListItem","position":1,"name":"Startseite","item":"https:\/\/radioleinewelle.de\/"},{"@type":"ListItem","position":2,"name":"Demonstration in Herzberg gegen Corona-Politik"}]},{"@type":"WebSite","@id":"https:\/\/radioleinewelle.de\/#website","url":"https:\/\/radioleinewelle.de\/","name":"Radio Leinewelle","description":"","publisher":{"@id":"https:\/\/radioleinewelle.de\/#organization"},"potentialAction":[{"@type":"SearchAction","target":{"@type":"EntryPoint","urlTemplate":"https:\/\/radioleinewelle.de\/?s={search_term_string}"},"query-input":{"@type":"PropertyValueSpecification","valueRequired":true,"valueName":"search_term_string"}}],"inLanguage":"de"},{"@type":"Organization","@id":"https:\/\/radioleinewelle.de\/#organization","name":"Radio Leinewelle","alternateName":"Mein Radio f\u00fcr S\u00fcdniedersachsen","url":"https:\/\/radioleinewelle.de\/","logo":{"@type":"ImageObject","inLanguage":"de","@id":"https:\/\/radioleinewelle.de\/#\/schema\/logo\/image\/","url":"https:\/\/radioleinewelle.de\/wp-content\/uploads\/2023\/11\/cropped-Leinewelle_Logo_weiss.png","contentUrl":"https:\/\/radioleinewelle.de\/wp-content\/uploads\/2023\/11\/cropped-Leinewelle_Logo_weiss.png","width":854,"height":260,"caption":"Radio Leinewelle"},"image":{"@id":"https:\/\/radioleinewelle.de\/#\/schema\/logo\/image\/"},"sameAs":["https:\/\/www.facebook.com\/radioleinewelle","https:\/\/x.com\/RLeinewelle","https:\/\/www.instagram.com\/radioleinewelle\/?hl=de"]},{"@type":"Person","@id":"https:\/\/radioleinewelle.de\/#\/schema\/person\/45606f348637df637192dc1b68399a63","name":"Leinewelle","image":{"@type":"ImageObject","inLanguage":"de","@id":"https:\/\/secure.gravatar.com\/avatar\/05c9a17bc973052ee5d91549bd32fb4dd0dc85b7b85ae94b2e2b4943476bbea5?s=96&d=blank&r=g","url":"https:\/\/secure.gravatar.com\/avatar\/05c9a17bc973052ee5d91549bd32fb4dd0dc85b7b85ae94b2e2b4943476bbea5?s=96&d=blank&r=g","contentUrl":"https:\/\/secure.gravatar.com\/avatar\/05c9a17bc973052ee5d91549bd32fb4dd0dc85b7b85ae94b2e2b4943476bbea5?s=96&d=blank&r=g","caption":"Leinewelle"},"sameAs":["http:\/\/localhost\/radio%20leinewelle\/wordpress","https:\/\/www.facebook.com\/radioleinewelle","https:\/\/www.instagram.com\/radioleinewelle","https:\/\/x.com\/https:\/\/twitter.com\/RLeinewelle?ref_src=twsrcgoogletwcampserptwgrauthor","https:\/\/soundcloud.com\/foerderverein-lokalradio?utm_source=clipboard&utm_medium=text&utm_campaign=social_sharing"],"url":"https:\/\/radioleinewelle.de\/index.php\/author\/leinewelle\/"}]}},"_links":{"self":[{"href":"https:\/\/radioleinewelle.de\/index.php\/wp-json\/wp\/v2\/posts\/11921","targetHints":{"allow":["GET"]}}],"collection":[{"href":"https:\/\/radioleinewelle.de\/index.php\/wp-json\/wp\/v2\/posts"}],"about":[{"href":"https:\/\/radioleinewelle.de\/index.php\/wp-json\/wp\/v2\/types\/post"}],"author":[{"embeddable":true,"href":"https:\/\/radioleinewelle.de\/index.php\/wp-json\/wp\/v2\/users\/1"}],"replies":[{"embeddable":true,"href":"https:\/\/radioleinewelle.de\/index.php\/wp-json\/wp\/v2\/comments?post=11921"}],"version-history":[{"count":0,"href":"https:\/\/radioleinewelle.de\/index.php\/wp-json\/wp\/v2\/posts\/11921\/revisions"}],"wp:attachment":[{"href":"https:\/\/radioleinewelle.de\/index.php\/wp-json\/wp\/v2\/media?parent=11921"}],"wp:term":[{"taxonomy":"category","embeddable":true,"href":"https:\/\/radioleinewelle.de\/index.php\/wp-json\/wp\/v2\/categories?post=11921"},{"taxonomy":"post_tag","embeddable":true,"href":"https:\/\/radioleinewelle.de\/index.php\/wp-json\/wp\/v2\/tags?post=11921"}],"curies":[{"name":"wp","href":"https:\/\/api.w.org\/{rel}","templated":true}]}}