{"id":11923,"date":"2021-12-09T06:06:26","date_gmt":"2021-12-09T05:06:26","guid":{"rendered":"https:\/\/radioleinewelle.de\/?p=11923"},"modified":"2021-12-09T06:06:26","modified_gmt":"2021-12-09T05:06:26","slug":"hainbuche-am-ehrenmal-in-holenden-vergiftet","status":"publish","type":"post","link":"https:\/\/radioleinewelle.de\/index.php\/2021\/12\/09\/hainbuche-am-ehrenmal-in-holenden-vergiftet\/","title":{"rendered":"Hainbuche am Ehrenmal in Holenden vergiftet"},"content":{"rendered":"\n<p><strong>Am Ehrenmal in Holtensen wurde eine 15 Meter hohe Hainbuche vergiftet. Der Sachschaden betr\u00e4gt etwa 20.000 Euro. Die Stadt hat Strafanzeige gegen Unbekannt bei der Staatsanwaltschaft G\u00f6ttingen gestellt.&nbsp;<\/strong><\/p>\n\n\n\n<p><br \/>Aufgefallen war der sterbende Baum bei Baumkontrollen im Sommer 2021, die die Stadt regelm\u00e4\u00dfig durchf\u00fchrt. Die Hainbuchengruppe pr\u00e4gt als Ensemble den gesamten Holtenser Ortskern und auch das Ehrenmal der Gefallenen der Weltkriege. Eine nat\u00fcrliche Ursache f\u00fcr den Zustand des Baums konnte damals nicht festgestellt werden. Im Oktober wurde ein Sachverst\u00e4ndigenb\u00fcro eingeschaltet, das eine m\u00f6gliche Schadstoffbelastung am Standort begutachten sollte. Die Auswertung der Laborproben hat ergeben, dass der stattliche Baum gezielt vergiftet wurde. Dabei sind gravierenden Sch\u00e4den f\u00fcr die Umwelt sowie Sachsch\u00e4den am Grundst\u00fcck entstanden. Der vergiftete Baum wird jetzt bis zum Fr\u00fchjahr 2022 weiter beobachtet. Falls er sich nicht mehr erholt, wird er dann wahrscheinlich gef\u00e4llt werden m\u00fcssen.<\/p>\n","protected":false},"excerpt":{"rendered":"<p>Am Ehrenmal in Holtensen wurde eine 15 Meter hohe Hainbuche vergiftet. Der Sachschaden betr\u00e4gt etwa 20.000 Euro. Die Stadt hat Strafanzeige gegen Unbekannt bei der Staatsanwaltschaft G\u00f6ttingen gestellt.&nbsp; Aufgefallen war der sterbende Baum bei Baumkontrollen im Sommer 2021, die die Stadt regelm\u00e4\u00dfig durchf\u00fchrt. Die Hainbuchengruppe pr\u00e4gt als Ensemble den gesamten Holtenser Ortskern und auch das [&hellip;]<\/p>\n","protected":false},"author":1,"featured_media":11925,"comment_status":"closed","ping_status":"closed","sticky":false,"template":"","format":"standard","meta":{"saved_in_kubio":false,"footnotes":""},"categories":[24],"tags":[2615,2616],"class_list":["post-11923","post","type-post","status-publish","format-standard","has-post-thumbnail","hentry","category-news","tag-ehrenmal-holenden","tag-hainbuche"],"yoast_head":"<!-- This site is optimized with the Yoast SEO plugin v27.5 - https:\/\/yoast.com\/product\/yoast-seo-wordpress\/ -->\n<title>Hainbuche am Ehrenmal in Holenden vergiftet - Radio Leinewelle<\/title>\n<meta name=\"robots\" content=\"index, follow, max-snippet:-1, max-image-preview:large, max-video-preview:-1\" \/>\n<link rel=\"canonical\" href=\"https:\/\/radioleinewelle.de\/index.php\/2021\/12\/09\/hainbuche-am-ehrenmal-in-holenden-vergiftet\/\" \/>\n<meta property=\"og:locale\" content=\"de_DE\" \/>\n<meta property=\"og:type\" content=\"article\" \/>\n<meta property=\"og:title\" content=\"Hainbuche am Ehrenmal in Holenden vergiftet - Radio Leinewelle\" \/>\n<meta property=\"og:description\" content=\"Am Ehrenmal in Holtensen wurde eine 15 Meter hohe Hainbuche vergiftet. Der Sachschaden betr\u00e4gt etwa 20.000 Euro. Die Stadt hat Strafanzeige gegen Unbekannt bei der Staatsanwaltschaft G\u00f6ttingen gestellt.&nbsp; Aufgefallen war der sterbende Baum bei Baumkontrollen im Sommer 2021, die die Stadt regelm\u00e4\u00dfig durchf\u00fchrt. Die Hainbuchengruppe pr\u00e4gt als Ensemble den gesamten Holtenser Ortskern und auch das [&hellip;]\" \/>\n<meta property=\"og:url\" content=\"https:\/\/radioleinewelle.de\/index.php\/2021\/12\/09\/hainbuche-am-ehrenmal-in-holenden-vergiftet\/\" \/>\n<meta property=\"og:site_name\" content=\"Radio Leinewelle\" \/>\n<meta property=\"article:publisher\" content=\"https:\/\/www.facebook.com\/radioleinewelle\" \/>\n<meta property=\"article:author\" content=\"https:\/\/www.facebook.com\/radioleinewelle\" \/>\n<meta property=\"article:published_time\" content=\"2021-12-09T05:06:26+00:00\" \/>\n<meta property=\"og:image\" content=\"https:\/\/radioleinewelle.de\/wp-content\/uploads\/2021\/12\/Vergifteter_Baum_in_Holtensen_1-.jpg\" \/>\n\t<meta property=\"og:image:width\" content=\"665\" \/>\n\t<meta property=\"og:image:height\" content=\"887\" \/>\n\t<meta property=\"og:image:type\" content=\"image\/jpeg\" \/>\n<meta name=\"author\" content=\"Leinewelle\" \/>\n<meta name=\"twitter:card\" content=\"summary_large_image\" \/>\n<meta name=\"twitter:creator\" content=\"@https:\/\/twitter.com\/RLeinewelle?ref_src=twsrcgoogletwcampserptwgrauthor\" \/>\n<meta name=\"twitter:site\" content=\"@RLeinewelle\" \/>\n<meta name=\"twitter:label1\" content=\"Verfasst von\" \/>\n\t<meta name=\"twitter:data1\" content=\"Leinewelle\" \/>\n\t<meta name=\"twitter:label2\" content=\"Gesch\u00e4tzte Lesezeit\" \/>\n\t<meta name=\"twitter:data2\" content=\"1\u00a0Minute\" \/>\n<script type=\"application\/ld+json\" class=\"yoast-schema-graph\">{\"@context\":\"https:\\\/\\\/schema.org\",\"@graph\":[{\"@type\":\"Article\",\"@id\":\"https:\\\/\\\/radioleinewelle.de\\\/index.php\\\/2021\\\/12\\\/09\\\/hainbuche-am-ehrenmal-in-holenden-vergiftet\\\/#article\",\"isPartOf\":{\"@id\":\"https:\\\/\\\/radioleinewelle.de\\\/index.php\\\/2021\\\/12\\\/09\\\/hainbuche-am-ehrenmal-in-holenden-vergiftet\\\/\"},\"author\":{\"name\":\"Leinewelle\",\"@id\":\"https:\\\/\\\/radioleinewelle.de\\\/#\\\/schema\\\/person\\\/45606f348637df637192dc1b68399a63\"},\"headline\":\"Hainbuche am Ehrenmal in Holenden vergiftet\",\"datePublished\":\"2021-12-09T05:06:26+00:00\",\"mainEntityOfPage\":{\"@id\":\"https:\\\/\\\/radioleinewelle.de\\\/index.php\\\/2021\\\/12\\\/09\\\/hainbuche-am-ehrenmal-in-holenden-vergiftet\\\/\"},\"wordCount\":156,\"publisher\":{\"@id\":\"https:\\\/\\\/radioleinewelle.de\\\/#organization\"},\"image\":{\"@id\":\"https:\\\/\\\/radioleinewelle.de\\\/index.php\\\/2021\\\/12\\\/09\\\/hainbuche-am-ehrenmal-in-holenden-vergiftet\\\/#primaryimage\"},\"thumbnailUrl\":\"https:\\\/\\\/radioleinewelle.de\\\/wp-content\\\/uploads\\\/2021\\\/12\\\/Vergifteter_Baum_in_Holtensen_1-.jpg\",\"keywords\":[\"Ehrenmal Holenden\",\"Hainbuche\"],\"articleSection\":[\"Aktuelle Nachrichten\"],\"inLanguage\":\"de\"},{\"@type\":\"WebPage\",\"@id\":\"https:\\\/\\\/radioleinewelle.de\\\/index.php\\\/2021\\\/12\\\/09\\\/hainbuche-am-ehrenmal-in-holenden-vergiftet\\\/\",\"url\":\"https:\\\/\\\/radioleinewelle.de\\\/index.php\\\/2021\\\/12\\\/09\\\/hainbuche-am-ehrenmal-in-holenden-vergiftet\\\/\",\"name\":\"Hainbuche am Ehrenmal in Holenden vergiftet - Radio Leinewelle\",\"isPartOf\":{\"@id\":\"https:\\\/\\\/radioleinewelle.de\\\/#website\"},\"primaryImageOfPage\":{\"@id\":\"https:\\\/\\\/radioleinewelle.de\\\/index.php\\\/2021\\\/12\\\/09\\\/hainbuche-am-ehrenmal-in-holenden-vergiftet\\\/#primaryimage\"},\"image\":{\"@id\":\"https:\\\/\\\/radioleinewelle.de\\\/index.php\\\/2021\\\/12\\\/09\\\/hainbuche-am-ehrenmal-in-holenden-vergiftet\\\/#primaryimage\"},\"thumbnailUrl\":\"https:\\\/\\\/radioleinewelle.de\\\/wp-content\\\/uploads\\\/2021\\\/12\\\/Vergifteter_Baum_in_Holtensen_1-.jpg\",\"datePublished\":\"2021-12-09T05:06:26+00:00\",\"breadcrumb\":{\"@id\":\"https:\\\/\\\/radioleinewelle.de\\\/index.php\\\/2021\\\/12\\\/09\\\/hainbuche-am-ehrenmal-in-holenden-vergiftet\\\/#breadcrumb\"},\"inLanguage\":\"de\",\"potentialAction\":[{\"@type\":\"ReadAction\",\"target\":[\"https:\\\/\\\/radioleinewelle.de\\\/index.php\\\/2021\\\/12\\\/09\\\/hainbuche-am-ehrenmal-in-holenden-vergiftet\\\/\"]}]},{\"@type\":\"ImageObject\",\"inLanguage\":\"de\",\"@id\":\"https:\\\/\\\/radioleinewelle.de\\\/index.php\\\/2021\\\/12\\\/09\\\/hainbuche-am-ehrenmal-in-holenden-vergiftet\\\/#primaryimage\",\"url\":\"https:\\\/\\\/radioleinewelle.de\\\/wp-content\\\/uploads\\\/2021\\\/12\\\/Vergifteter_Baum_in_Holtensen_1-.jpg\",\"contentUrl\":\"https:\\\/\\\/radioleinewelle.de\\\/wp-content\\\/uploads\\\/2021\\\/12\\\/Vergifteter_Baum_in_Holtensen_1-.jpg\",\"width\":665,\"height\":887},{\"@type\":\"BreadcrumbList\",\"@id\":\"https:\\\/\\\/radioleinewelle.de\\\/index.php\\\/2021\\\/12\\\/09\\\/hainbuche-am-ehrenmal-in-holenden-vergiftet\\\/#breadcrumb\",\"itemListElement\":[{\"@type\":\"ListItem\",\"position\":1,\"name\":\"Startseite\",\"item\":\"https:\\\/\\\/radioleinewelle.de\\\/\"},{\"@type\":\"ListItem\",\"position\":2,\"name\":\"Hainbuche am Ehrenmal in Holenden vergiftet\"}]},{\"@type\":\"WebSite\",\"@id\":\"https:\\\/\\\/radioleinewelle.de\\\/#website\",\"url\":\"https:\\\/\\\/radioleinewelle.de\\\/\",\"name\":\"Radio Leinewelle\",\"description\":\"\",\"publisher\":{\"@id\":\"https:\\\/\\\/radioleinewelle.de\\\/#organization\"},\"potentialAction\":[{\"@type\":\"SearchAction\",\"target\":{\"@type\":\"EntryPoint\",\"urlTemplate\":\"https:\\\/\\\/radioleinewelle.de\\\/?s={search_term_string}\"},\"query-input\":{\"@type\":\"PropertyValueSpecification\",\"valueRequired\":true,\"valueName\":\"search_term_string\"}}],\"inLanguage\":\"de\"},{\"@type\":\"Organization\",\"@id\":\"https:\\\/\\\/radioleinewelle.de\\\/#organization\",\"name\":\"Radio Leinewelle\",\"alternateName\":\"Mein Radio f\u00fcr S\u00fcdniedersachsen\",\"url\":\"https:\\\/\\\/radioleinewelle.de\\\/\",\"logo\":{\"@type\":\"ImageObject\",\"inLanguage\":\"de\",\"@id\":\"https:\\\/\\\/radioleinewelle.de\\\/#\\\/schema\\\/logo\\\/image\\\/\",\"url\":\"https:\\\/\\\/radioleinewelle.de\\\/wp-content\\\/uploads\\\/2023\\\/11\\\/cropped-Leinewelle_Logo_weiss.png\",\"contentUrl\":\"https:\\\/\\\/radioleinewelle.de\\\/wp-content\\\/uploads\\\/2023\\\/11\\\/cropped-Leinewelle_Logo_weiss.png\",\"width\":854,\"height\":260,\"caption\":\"Radio Leinewelle\"},\"image\":{\"@id\":\"https:\\\/\\\/radioleinewelle.de\\\/#\\\/schema\\\/logo\\\/image\\\/\"},\"sameAs\":[\"https:\\\/\\\/www.facebook.com\\\/radioleinewelle\",\"https:\\\/\\\/x.com\\\/RLeinewelle\",\"https:\\\/\\\/www.instagram.com\\\/radioleinewelle\\\/?hl=de\"]},{\"@type\":\"Person\",\"@id\":\"https:\\\/\\\/radioleinewelle.de\\\/#\\\/schema\\\/person\\\/45606f348637df637192dc1b68399a63\",\"name\":\"Leinewelle\",\"image\":{\"@type\":\"ImageObject\",\"inLanguage\":\"de\",\"@id\":\"https:\\\/\\\/secure.gravatar.com\\\/avatar\\\/05c9a17bc973052ee5d91549bd32fb4dd0dc85b7b85ae94b2e2b4943476bbea5?s=96&d=blank&r=g\",\"url\":\"https:\\\/\\\/secure.gravatar.com\\\/avatar\\\/05c9a17bc973052ee5d91549bd32fb4dd0dc85b7b85ae94b2e2b4943476bbea5?s=96&d=blank&r=g\",\"contentUrl\":\"https:\\\/\\\/secure.gravatar.com\\\/avatar\\\/05c9a17bc973052ee5d91549bd32fb4dd0dc85b7b85ae94b2e2b4943476bbea5?s=96&d=blank&r=g\",\"caption\":\"Leinewelle\"},\"sameAs\":[\"http:\\\/\\\/localhost\\\/radio%20leinewelle\\\/wordpress\",\"https:\\\/\\\/www.facebook.com\\\/radioleinewelle\",\"https:\\\/\\\/www.instagram.com\\\/radioleinewelle\",\"https:\\\/\\\/x.com\\\/https:\\\/\\\/twitter.com\\\/RLeinewelle?ref_src=twsrcgoogletwcampserptwgrauthor\",\"https:\\\/\\\/soundcloud.com\\\/foerderverein-lokalradio?utm_source=clipboard&utm_medium=text&utm_campaign=social_sharing\"],\"url\":\"https:\\\/\\\/radioleinewelle.de\\\/index.php\\\/author\\\/leinewelle\\\/\"}]}<\/script>\n<!-- \/ Yoast SEO plugin. -->","yoast_head_json":{"title":"Hainbuche am Ehrenmal in Holenden vergiftet - Radio Leinewelle","robots":{"index":"index","follow":"follow","max-snippet":"max-snippet:-1","max-image-preview":"max-image-preview:large","max-video-preview":"max-video-preview:-1"},"canonical":"https:\/\/radioleinewelle.de\/index.php\/2021\/12\/09\/hainbuche-am-ehrenmal-in-holenden-vergiftet\/","og_locale":"de_DE","og_type":"article","og_title":"Hainbuche am Ehrenmal in Holenden vergiftet - Radio Leinewelle","og_description":"Am Ehrenmal in Holtensen wurde eine 15 Meter hohe Hainbuche vergiftet. Der Sachschaden betr\u00e4gt etwa 20.000 Euro. Die Stadt hat Strafanzeige gegen Unbekannt bei der Staatsanwaltschaft G\u00f6ttingen gestellt.&nbsp; Aufgefallen war der sterbende Baum bei Baumkontrollen im Sommer 2021, die die Stadt regelm\u00e4\u00dfig durchf\u00fchrt. Die Hainbuchengruppe pr\u00e4gt als Ensemble den gesamten Holtenser Ortskern und auch das [&hellip;]","og_url":"https:\/\/radioleinewelle.de\/index.php\/2021\/12\/09\/hainbuche-am-ehrenmal-in-holenden-vergiftet\/","og_site_name":"Radio Leinewelle","article_publisher":"https:\/\/www.facebook.com\/radioleinewelle","article_author":"https:\/\/www.facebook.com\/radioleinewelle","article_published_time":"2021-12-09T05:06:26+00:00","og_image":[{"width":665,"height":887,"url":"https:\/\/radioleinewelle.de\/wp-content\/uploads\/2021\/12\/Vergifteter_Baum_in_Holtensen_1-.jpg","type":"image\/jpeg"}],"author":"Leinewelle","twitter_card":"summary_large_image","twitter_creator":"@https:\/\/twitter.com\/RLeinewelle?ref_src=twsrcgoogletwcampserptwgrauthor","twitter_site":"@RLeinewelle","twitter_misc":{"Verfasst von":"Leinewelle","Gesch\u00e4tzte Lesezeit":"1\u00a0Minute"},"schema":{"@context":"https:\/\/schema.org","@graph":[{"@type":"Article","@id":"https:\/\/radioleinewelle.de\/index.php\/2021\/12\/09\/hainbuche-am-ehrenmal-in-holenden-vergiftet\/#article","isPartOf":{"@id":"https:\/\/radioleinewelle.de\/index.php\/2021\/12\/09\/hainbuche-am-ehrenmal-in-holenden-vergiftet\/"},"author":{"name":"Leinewelle","@id":"https:\/\/radioleinewelle.de\/#\/schema\/person\/45606f348637df637192dc1b68399a63"},"headline":"Hainbuche am Ehrenmal in Holenden vergiftet","datePublished":"2021-12-09T05:06:26+00:00","mainEntityOfPage":{"@id":"https:\/\/radioleinewelle.de\/index.php\/2021\/12\/09\/hainbuche-am-ehrenmal-in-holenden-vergiftet\/"},"wordCount":156,"publisher":{"@id":"https:\/\/radioleinewelle.de\/#organization"},"image":{"@id":"https:\/\/radioleinewelle.de\/index.php\/2021\/12\/09\/hainbuche-am-ehrenmal-in-holenden-vergiftet\/#primaryimage"},"thumbnailUrl":"https:\/\/radioleinewelle.de\/wp-content\/uploads\/2021\/12\/Vergifteter_Baum_in_Holtensen_1-.jpg","keywords":["Ehrenmal Holenden","Hainbuche"],"articleSection":["Aktuelle Nachrichten"],"inLanguage":"de"},{"@type":"WebPage","@id":"https:\/\/radioleinewelle.de\/index.php\/2021\/12\/09\/hainbuche-am-ehrenmal-in-holenden-vergiftet\/","url":"https:\/\/radioleinewelle.de\/index.php\/2021\/12\/09\/hainbuche-am-ehrenmal-in-holenden-vergiftet\/","name":"Hainbuche am Ehrenmal in Holenden vergiftet - Radio Leinewelle","isPartOf":{"@id":"https:\/\/radioleinewelle.de\/#website"},"primaryImageOfPage":{"@id":"https:\/\/radioleinewelle.de\/index.php\/2021\/12\/09\/hainbuche-am-ehrenmal-in-holenden-vergiftet\/#primaryimage"},"image":{"@id":"https:\/\/radioleinewelle.de\/index.php\/2021\/12\/09\/hainbuche-am-ehrenmal-in-holenden-vergiftet\/#primaryimage"},"thumbnailUrl":"https:\/\/radioleinewelle.de\/wp-content\/uploads\/2021\/12\/Vergifteter_Baum_in_Holtensen_1-.jpg","datePublished":"2021-12-09T05:06:26+00:00","breadcrumb":{"@id":"https:\/\/radioleinewelle.de\/index.php\/2021\/12\/09\/hainbuche-am-ehrenmal-in-holenden-vergiftet\/#breadcrumb"},"inLanguage":"de","potentialAction":[{"@type":"ReadAction","target":["https:\/\/radioleinewelle.de\/index.php\/2021\/12\/09\/hainbuche-am-ehrenmal-in-holenden-vergiftet\/"]}]},{"@type":"ImageObject","inLanguage":"de","@id":"https:\/\/radioleinewelle.de\/index.php\/2021\/12\/09\/hainbuche-am-ehrenmal-in-holenden-vergiftet\/#primaryimage","url":"https:\/\/radioleinewelle.de\/wp-content\/uploads\/2021\/12\/Vergifteter_Baum_in_Holtensen_1-.jpg","contentUrl":"https:\/\/radioleinewelle.de\/wp-content\/uploads\/2021\/12\/Vergifteter_Baum_in_Holtensen_1-.jpg","width":665,"height":887},{"@type":"BreadcrumbList","@id":"https:\/\/radioleinewelle.de\/index.php\/2021\/12\/09\/hainbuche-am-ehrenmal-in-holenden-vergiftet\/#breadcrumb","itemListElement":[{"@type":"ListItem","position":1,"name":"Startseite","item":"https:\/\/radioleinewelle.de\/"},{"@type":"ListItem","position":2,"name":"Hainbuche am Ehrenmal in Holenden vergiftet"}]},{"@type":"WebSite","@id":"https:\/\/radioleinewelle.de\/#website","url":"https:\/\/radioleinewelle.de\/","name":"Radio Leinewelle","description":"","publisher":{"@id":"https:\/\/radioleinewelle.de\/#organization"},"potentialAction":[{"@type":"SearchAction","target":{"@type":"EntryPoint","urlTemplate":"https:\/\/radioleinewelle.de\/?s={search_term_string}"},"query-input":{"@type":"PropertyValueSpecification","valueRequired":true,"valueName":"search_term_string"}}],"inLanguage":"de"},{"@type":"Organization","@id":"https:\/\/radioleinewelle.de\/#organization","name":"Radio Leinewelle","alternateName":"Mein Radio f\u00fcr S\u00fcdniedersachsen","url":"https:\/\/radioleinewelle.de\/","logo":{"@type":"ImageObject","inLanguage":"de","@id":"https:\/\/radioleinewelle.de\/#\/schema\/logo\/image\/","url":"https:\/\/radioleinewelle.de\/wp-content\/uploads\/2023\/11\/cropped-Leinewelle_Logo_weiss.png","contentUrl":"https:\/\/radioleinewelle.de\/wp-content\/uploads\/2023\/11\/cropped-Leinewelle_Logo_weiss.png","width":854,"height":260,"caption":"Radio Leinewelle"},"image":{"@id":"https:\/\/radioleinewelle.de\/#\/schema\/logo\/image\/"},"sameAs":["https:\/\/www.facebook.com\/radioleinewelle","https:\/\/x.com\/RLeinewelle","https:\/\/www.instagram.com\/radioleinewelle\/?hl=de"]},{"@type":"Person","@id":"https:\/\/radioleinewelle.de\/#\/schema\/person\/45606f348637df637192dc1b68399a63","name":"Leinewelle","image":{"@type":"ImageObject","inLanguage":"de","@id":"https:\/\/secure.gravatar.com\/avatar\/05c9a17bc973052ee5d91549bd32fb4dd0dc85b7b85ae94b2e2b4943476bbea5?s=96&d=blank&r=g","url":"https:\/\/secure.gravatar.com\/avatar\/05c9a17bc973052ee5d91549bd32fb4dd0dc85b7b85ae94b2e2b4943476bbea5?s=96&d=blank&r=g","contentUrl":"https:\/\/secure.gravatar.com\/avatar\/05c9a17bc973052ee5d91549bd32fb4dd0dc85b7b85ae94b2e2b4943476bbea5?s=96&d=blank&r=g","caption":"Leinewelle"},"sameAs":["http:\/\/localhost\/radio%20leinewelle\/wordpress","https:\/\/www.facebook.com\/radioleinewelle","https:\/\/www.instagram.com\/radioleinewelle","https:\/\/x.com\/https:\/\/twitter.com\/RLeinewelle?ref_src=twsrcgoogletwcampserptwgrauthor","https:\/\/soundcloud.com\/foerderverein-lokalradio?utm_source=clipboard&utm_medium=text&utm_campaign=social_sharing"],"url":"https:\/\/radioleinewelle.de\/index.php\/author\/leinewelle\/"}]}},"_links":{"self":[{"href":"https:\/\/radioleinewelle.de\/index.php\/wp-json\/wp\/v2\/posts\/11923","targetHints":{"allow":["GET"]}}],"collection":[{"href":"https:\/\/radioleinewelle.de\/index.php\/wp-json\/wp\/v2\/posts"}],"about":[{"href":"https:\/\/radioleinewelle.de\/index.php\/wp-json\/wp\/v2\/types\/post"}],"author":[{"embeddable":true,"href":"https:\/\/radioleinewelle.de\/index.php\/wp-json\/wp\/v2\/users\/1"}],"replies":[{"embeddable":true,"href":"https:\/\/radioleinewelle.de\/index.php\/wp-json\/wp\/v2\/comments?post=11923"}],"version-history":[{"count":0,"href":"https:\/\/radioleinewelle.de\/index.php\/wp-json\/wp\/v2\/posts\/11923\/revisions"}],"wp:featuredmedia":[{"embeddable":true,"href":"https:\/\/radioleinewelle.de\/index.php\/wp-json\/wp\/v2\/media\/11925"}],"wp:attachment":[{"href":"https:\/\/radioleinewelle.de\/index.php\/wp-json\/wp\/v2\/media?parent=11923"}],"wp:term":[{"taxonomy":"category","embeddable":true,"href":"https:\/\/radioleinewelle.de\/index.php\/wp-json\/wp\/v2\/categories?post=11923"},{"taxonomy":"post_tag","embeddable":true,"href":"https:\/\/radioleinewelle.de\/index.php\/wp-json\/wp\/v2\/tags?post=11923"}],"curies":[{"name":"wp","href":"https:\/\/api.w.org\/{rel}","templated":true}]}}