{"id":11926,"date":"2021-12-09T06:14:39","date_gmt":"2021-12-09T05:14:39","guid":{"rendered":"https:\/\/radioleinewelle.de\/?p=11926"},"modified":"2021-12-09T06:14:39","modified_gmt":"2021-12-09T05:14:39","slug":"nabu-infohotline-hilft-natur-interessierten","status":"publish","type":"post","link":"https:\/\/radioleinewelle.de\/index.php\/2021\/12\/09\/nabu-infohotline-hilft-natur-interessierten\/","title":{"rendered":"NABU-Infohotline hilft Natur-Interessierten"},"content":{"rendered":"\n<p><strong>Hannover<\/strong>&nbsp;\u2013 Das Interesse an Themen rund um den Natur- und Umweltschutz rei\u00dft auch in den Herbst- und Wintermonaten nicht ab. Aus ganz Niedersachsen meldeten sich in den letzten Monaten zahlreiche Natur-Interessierte beim NABU, \u201eum schnelle Antworten oder ausf\u00fchrliche Beratung zu einer Vielzahl an Naturthemen zu erhalten\u201c, berichtet R\u00fcdiger Wohlers vom NABU Niedersachsen.<\/p>\n\n\n\n<p>In der kalten Jahreszeit erkundigen sich die Anrufenden vor allem \u00fcber richtige und artgerechte Vogelf\u00fctterung, unbekannte Vogelarten am Futterplatz, durchziehende G\u00e4nse oder aufgefundene Igel. \u201eDie Menschen sind weiterhin stark an Ihrer Umwelt interessiert\u201c, freut sich Wohlers. \u201eEs zeigt sich ein Umweltbewusstsein, wie der NABU es schon lange nicht mehr erlebt hat! Umso erfreulicher, dass mit dem Nachfragen meistens auch der Wunsch verbunden ist, direkt praktisch f\u00fcr den Naturschutz t\u00e4tig zu werden. Der NABU versucht alle Interessierten am Telefon oder mit nachtr\u00e4glich versandtem Informationsmaterial dabei behilflich zu sein\u201c, garantiert R\u00fcdiger Wohlers.<\/p>\n\n\n\n<p>Wochentags steht daher auch weiterhin eine kompetente Beratung in Fragen des Natur- und Umweltschutzes bereit:&nbsp;<strong>Die \u201eNABU-Infohotline\u201c ist montags bis freitags jeweils von 9 bis 16 Uhr unter der Rufnummer 030 \u2013 284 984 6000 erreichbar.<\/strong><\/p>\n\n\n\n<p>Symbolbild von&nbsp;<a href=\"https:\/\/pixabay.com\/de\/users\/menita-117288\/?utm_source=link-attribution&amp;utm_medium=referral&amp;utm_campaign=image&amp;utm_content=247575\">Anita Menger<\/a>&nbsp;auf&nbsp;<a href=\"https:\/\/pixabay.com\/de\/?utm_source=link-attribution&amp;utm_medium=referral&amp;utm_campaign=image&amp;utm_content=247575\">Pixabay<\/a>&nbsp;<\/p>\n","protected":false},"excerpt":{"rendered":"<p>Hannover&nbsp;\u2013 Das Interesse an Themen rund um den Natur- und Umweltschutz rei\u00dft auch in den Herbst- und Wintermonaten nicht ab. Aus ganz Niedersachsen meldeten sich in den letzten Monaten zahlreiche Natur-Interessierte beim NABU, \u201eum schnelle Antworten oder ausf\u00fchrliche Beratung zu einer Vielzahl an Naturthemen zu erhalten\u201c, berichtet R\u00fcdiger Wohlers vom NABU Niedersachsen. In der kalten [&hellip;]<\/p>\n","protected":false},"author":1,"featured_media":0,"comment_status":"closed","ping_status":"closed","sticky":false,"template":"","format":"standard","meta":{"saved_in_kubio":false,"footnotes":""},"categories":[32],"tags":[2617,2618],"class_list":["post-11926","post","type-post","status-publish","format-standard","hentry","category-natur-umwelt","tag-nabu-niedersachsen","tag-telefonberatung"],"yoast_head":"<!-- This site is optimized with the Yoast SEO plugin v27.5 - https:\/\/yoast.com\/product\/yoast-seo-wordpress\/ -->\n<title>NABU-Infohotline hilft Natur-Interessierten - Radio Leinewelle<\/title>\n<meta name=\"robots\" content=\"index, follow, max-snippet:-1, max-image-preview:large, max-video-preview:-1\" \/>\n<link rel=\"canonical\" href=\"https:\/\/radioleinewelle.de\/index.php\/2021\/12\/09\/nabu-infohotline-hilft-natur-interessierten\/\" \/>\n<meta property=\"og:locale\" content=\"de_DE\" \/>\n<meta property=\"og:type\" content=\"article\" \/>\n<meta property=\"og:title\" content=\"NABU-Infohotline hilft Natur-Interessierten - Radio Leinewelle\" \/>\n<meta property=\"og:description\" content=\"Hannover&nbsp;\u2013 Das Interesse an Themen rund um den Natur- und Umweltschutz rei\u00dft auch in den Herbst- und Wintermonaten nicht ab. Aus ganz Niedersachsen meldeten sich in den letzten Monaten zahlreiche Natur-Interessierte beim NABU, \u201eum schnelle Antworten oder ausf\u00fchrliche Beratung zu einer Vielzahl an Naturthemen zu erhalten\u201c, berichtet R\u00fcdiger Wohlers vom NABU Niedersachsen. In der kalten [&hellip;]\" \/>\n<meta property=\"og:url\" content=\"https:\/\/radioleinewelle.de\/index.php\/2021\/12\/09\/nabu-infohotline-hilft-natur-interessierten\/\" \/>\n<meta property=\"og:site_name\" content=\"Radio Leinewelle\" \/>\n<meta property=\"article:publisher\" content=\"https:\/\/www.facebook.com\/radioleinewelle\" \/>\n<meta property=\"article:author\" content=\"https:\/\/www.facebook.com\/radioleinewelle\" \/>\n<meta property=\"article:published_time\" content=\"2021-12-09T05:14:39+00:00\" \/>\n<meta name=\"author\" content=\"Leinewelle\" \/>\n<meta name=\"twitter:card\" content=\"summary_large_image\" \/>\n<meta name=\"twitter:creator\" content=\"@https:\/\/twitter.com\/RLeinewelle?ref_src=twsrcgoogletwcampserptwgrauthor\" \/>\n<meta name=\"twitter:site\" content=\"@RLeinewelle\" \/>\n<meta name=\"twitter:label1\" content=\"Verfasst von\" \/>\n\t<meta name=\"twitter:data1\" content=\"Leinewelle\" \/>\n\t<meta name=\"twitter:label2\" content=\"Gesch\u00e4tzte Lesezeit\" \/>\n\t<meta name=\"twitter:data2\" content=\"1\u00a0Minute\" \/>\n<script type=\"application\/ld+json\" class=\"yoast-schema-graph\">{\"@context\":\"https:\\\/\\\/schema.org\",\"@graph\":[{\"@type\":\"Article\",\"@id\":\"https:\\\/\\\/radioleinewelle.de\\\/index.php\\\/2021\\\/12\\\/09\\\/nabu-infohotline-hilft-natur-interessierten\\\/#article\",\"isPartOf\":{\"@id\":\"https:\\\/\\\/radioleinewelle.de\\\/index.php\\\/2021\\\/12\\\/09\\\/nabu-infohotline-hilft-natur-interessierten\\\/\"},\"author\":{\"name\":\"Leinewelle\",\"@id\":\"https:\\\/\\\/radioleinewelle.de\\\/#\\\/schema\\\/person\\\/45606f348637df637192dc1b68399a63\"},\"headline\":\"NABU-Infohotline hilft Natur-Interessierten\",\"datePublished\":\"2021-12-09T05:14:39+00:00\",\"mainEntityOfPage\":{\"@id\":\"https:\\\/\\\/radioleinewelle.de\\\/index.php\\\/2021\\\/12\\\/09\\\/nabu-infohotline-hilft-natur-interessierten\\\/\"},\"wordCount\":195,\"publisher\":{\"@id\":\"https:\\\/\\\/radioleinewelle.de\\\/#organization\"},\"keywords\":[\"NABU Niedersachsen\",\"Telefonberatung\"],\"articleSection\":[\"Natur &amp; Umwelt\"],\"inLanguage\":\"de\"},{\"@type\":\"WebPage\",\"@id\":\"https:\\\/\\\/radioleinewelle.de\\\/index.php\\\/2021\\\/12\\\/09\\\/nabu-infohotline-hilft-natur-interessierten\\\/\",\"url\":\"https:\\\/\\\/radioleinewelle.de\\\/index.php\\\/2021\\\/12\\\/09\\\/nabu-infohotline-hilft-natur-interessierten\\\/\",\"name\":\"NABU-Infohotline hilft Natur-Interessierten - Radio Leinewelle\",\"isPartOf\":{\"@id\":\"https:\\\/\\\/radioleinewelle.de\\\/#website\"},\"datePublished\":\"2021-12-09T05:14:39+00:00\",\"breadcrumb\":{\"@id\":\"https:\\\/\\\/radioleinewelle.de\\\/index.php\\\/2021\\\/12\\\/09\\\/nabu-infohotline-hilft-natur-interessierten\\\/#breadcrumb\"},\"inLanguage\":\"de\",\"potentialAction\":[{\"@type\":\"ReadAction\",\"target\":[\"https:\\\/\\\/radioleinewelle.de\\\/index.php\\\/2021\\\/12\\\/09\\\/nabu-infohotline-hilft-natur-interessierten\\\/\"]}]},{\"@type\":\"BreadcrumbList\",\"@id\":\"https:\\\/\\\/radioleinewelle.de\\\/index.php\\\/2021\\\/12\\\/09\\\/nabu-infohotline-hilft-natur-interessierten\\\/#breadcrumb\",\"itemListElement\":[{\"@type\":\"ListItem\",\"position\":1,\"name\":\"Startseite\",\"item\":\"https:\\\/\\\/radioleinewelle.de\\\/\"},{\"@type\":\"ListItem\",\"position\":2,\"name\":\"NABU-Infohotline hilft Natur-Interessierten\"}]},{\"@type\":\"WebSite\",\"@id\":\"https:\\\/\\\/radioleinewelle.de\\\/#website\",\"url\":\"https:\\\/\\\/radioleinewelle.de\\\/\",\"name\":\"Radio Leinewelle\",\"description\":\"\",\"publisher\":{\"@id\":\"https:\\\/\\\/radioleinewelle.de\\\/#organization\"},\"potentialAction\":[{\"@type\":\"SearchAction\",\"target\":{\"@type\":\"EntryPoint\",\"urlTemplate\":\"https:\\\/\\\/radioleinewelle.de\\\/?s={search_term_string}\"},\"query-input\":{\"@type\":\"PropertyValueSpecification\",\"valueRequired\":true,\"valueName\":\"search_term_string\"}}],\"inLanguage\":\"de\"},{\"@type\":\"Organization\",\"@id\":\"https:\\\/\\\/radioleinewelle.de\\\/#organization\",\"name\":\"Radio Leinewelle\",\"alternateName\":\"Mein Radio f\u00fcr S\u00fcdniedersachsen\",\"url\":\"https:\\\/\\\/radioleinewelle.de\\\/\",\"logo\":{\"@type\":\"ImageObject\",\"inLanguage\":\"de\",\"@id\":\"https:\\\/\\\/radioleinewelle.de\\\/#\\\/schema\\\/logo\\\/image\\\/\",\"url\":\"https:\\\/\\\/radioleinewelle.de\\\/wp-content\\\/uploads\\\/2023\\\/11\\\/cropped-Leinewelle_Logo_weiss.png\",\"contentUrl\":\"https:\\\/\\\/radioleinewelle.de\\\/wp-content\\\/uploads\\\/2023\\\/11\\\/cropped-Leinewelle_Logo_weiss.png\",\"width\":854,\"height\":260,\"caption\":\"Radio Leinewelle\"},\"image\":{\"@id\":\"https:\\\/\\\/radioleinewelle.de\\\/#\\\/schema\\\/logo\\\/image\\\/\"},\"sameAs\":[\"https:\\\/\\\/www.facebook.com\\\/radioleinewelle\",\"https:\\\/\\\/x.com\\\/RLeinewelle\",\"https:\\\/\\\/www.instagram.com\\\/radioleinewelle\\\/?hl=de\"]},{\"@type\":\"Person\",\"@id\":\"https:\\\/\\\/radioleinewelle.de\\\/#\\\/schema\\\/person\\\/45606f348637df637192dc1b68399a63\",\"name\":\"Leinewelle\",\"image\":{\"@type\":\"ImageObject\",\"inLanguage\":\"de\",\"@id\":\"https:\\\/\\\/secure.gravatar.com\\\/avatar\\\/05c9a17bc973052ee5d91549bd32fb4dd0dc85b7b85ae94b2e2b4943476bbea5?s=96&d=blank&r=g\",\"url\":\"https:\\\/\\\/secure.gravatar.com\\\/avatar\\\/05c9a17bc973052ee5d91549bd32fb4dd0dc85b7b85ae94b2e2b4943476bbea5?s=96&d=blank&r=g\",\"contentUrl\":\"https:\\\/\\\/secure.gravatar.com\\\/avatar\\\/05c9a17bc973052ee5d91549bd32fb4dd0dc85b7b85ae94b2e2b4943476bbea5?s=96&d=blank&r=g\",\"caption\":\"Leinewelle\"},\"sameAs\":[\"http:\\\/\\\/localhost\\\/radio%20leinewelle\\\/wordpress\",\"https:\\\/\\\/www.facebook.com\\\/radioleinewelle\",\"https:\\\/\\\/www.instagram.com\\\/radioleinewelle\",\"https:\\\/\\\/x.com\\\/https:\\\/\\\/twitter.com\\\/RLeinewelle?ref_src=twsrcgoogletwcampserptwgrauthor\",\"https:\\\/\\\/soundcloud.com\\\/foerderverein-lokalradio?utm_source=clipboard&utm_medium=text&utm_campaign=social_sharing\"],\"url\":\"https:\\\/\\\/radioleinewelle.de\\\/index.php\\\/author\\\/leinewelle\\\/\"}]}<\/script>\n<!-- \/ Yoast SEO plugin. -->","yoast_head_json":{"title":"NABU-Infohotline hilft Natur-Interessierten - Radio Leinewelle","robots":{"index":"index","follow":"follow","max-snippet":"max-snippet:-1","max-image-preview":"max-image-preview:large","max-video-preview":"max-video-preview:-1"},"canonical":"https:\/\/radioleinewelle.de\/index.php\/2021\/12\/09\/nabu-infohotline-hilft-natur-interessierten\/","og_locale":"de_DE","og_type":"article","og_title":"NABU-Infohotline hilft Natur-Interessierten - Radio Leinewelle","og_description":"Hannover&nbsp;\u2013 Das Interesse an Themen rund um den Natur- und Umweltschutz rei\u00dft auch in den Herbst- und Wintermonaten nicht ab. Aus ganz Niedersachsen meldeten sich in den letzten Monaten zahlreiche Natur-Interessierte beim NABU, \u201eum schnelle Antworten oder ausf\u00fchrliche Beratung zu einer Vielzahl an Naturthemen zu erhalten\u201c, berichtet R\u00fcdiger Wohlers vom NABU Niedersachsen. In der kalten [&hellip;]","og_url":"https:\/\/radioleinewelle.de\/index.php\/2021\/12\/09\/nabu-infohotline-hilft-natur-interessierten\/","og_site_name":"Radio Leinewelle","article_publisher":"https:\/\/www.facebook.com\/radioleinewelle","article_author":"https:\/\/www.facebook.com\/radioleinewelle","article_published_time":"2021-12-09T05:14:39+00:00","author":"Leinewelle","twitter_card":"summary_large_image","twitter_creator":"@https:\/\/twitter.com\/RLeinewelle?ref_src=twsrcgoogletwcampserptwgrauthor","twitter_site":"@RLeinewelle","twitter_misc":{"Verfasst von":"Leinewelle","Gesch\u00e4tzte Lesezeit":"1\u00a0Minute"},"schema":{"@context":"https:\/\/schema.org","@graph":[{"@type":"Article","@id":"https:\/\/radioleinewelle.de\/index.php\/2021\/12\/09\/nabu-infohotline-hilft-natur-interessierten\/#article","isPartOf":{"@id":"https:\/\/radioleinewelle.de\/index.php\/2021\/12\/09\/nabu-infohotline-hilft-natur-interessierten\/"},"author":{"name":"Leinewelle","@id":"https:\/\/radioleinewelle.de\/#\/schema\/person\/45606f348637df637192dc1b68399a63"},"headline":"NABU-Infohotline hilft Natur-Interessierten","datePublished":"2021-12-09T05:14:39+00:00","mainEntityOfPage":{"@id":"https:\/\/radioleinewelle.de\/index.php\/2021\/12\/09\/nabu-infohotline-hilft-natur-interessierten\/"},"wordCount":195,"publisher":{"@id":"https:\/\/radioleinewelle.de\/#organization"},"keywords":["NABU Niedersachsen","Telefonberatung"],"articleSection":["Natur &amp; Umwelt"],"inLanguage":"de"},{"@type":"WebPage","@id":"https:\/\/radioleinewelle.de\/index.php\/2021\/12\/09\/nabu-infohotline-hilft-natur-interessierten\/","url":"https:\/\/radioleinewelle.de\/index.php\/2021\/12\/09\/nabu-infohotline-hilft-natur-interessierten\/","name":"NABU-Infohotline hilft Natur-Interessierten - Radio Leinewelle","isPartOf":{"@id":"https:\/\/radioleinewelle.de\/#website"},"datePublished":"2021-12-09T05:14:39+00:00","breadcrumb":{"@id":"https:\/\/radioleinewelle.de\/index.php\/2021\/12\/09\/nabu-infohotline-hilft-natur-interessierten\/#breadcrumb"},"inLanguage":"de","potentialAction":[{"@type":"ReadAction","target":["https:\/\/radioleinewelle.de\/index.php\/2021\/12\/09\/nabu-infohotline-hilft-natur-interessierten\/"]}]},{"@type":"BreadcrumbList","@id":"https:\/\/radioleinewelle.de\/index.php\/2021\/12\/09\/nabu-infohotline-hilft-natur-interessierten\/#breadcrumb","itemListElement":[{"@type":"ListItem","position":1,"name":"Startseite","item":"https:\/\/radioleinewelle.de\/"},{"@type":"ListItem","position":2,"name":"NABU-Infohotline hilft Natur-Interessierten"}]},{"@type":"WebSite","@id":"https:\/\/radioleinewelle.de\/#website","url":"https:\/\/radioleinewelle.de\/","name":"Radio Leinewelle","description":"","publisher":{"@id":"https:\/\/radioleinewelle.de\/#organization"},"potentialAction":[{"@type":"SearchAction","target":{"@type":"EntryPoint","urlTemplate":"https:\/\/radioleinewelle.de\/?s={search_term_string}"},"query-input":{"@type":"PropertyValueSpecification","valueRequired":true,"valueName":"search_term_string"}}],"inLanguage":"de"},{"@type":"Organization","@id":"https:\/\/radioleinewelle.de\/#organization","name":"Radio Leinewelle","alternateName":"Mein Radio f\u00fcr S\u00fcdniedersachsen","url":"https:\/\/radioleinewelle.de\/","logo":{"@type":"ImageObject","inLanguage":"de","@id":"https:\/\/radioleinewelle.de\/#\/schema\/logo\/image\/","url":"https:\/\/radioleinewelle.de\/wp-content\/uploads\/2023\/11\/cropped-Leinewelle_Logo_weiss.png","contentUrl":"https:\/\/radioleinewelle.de\/wp-content\/uploads\/2023\/11\/cropped-Leinewelle_Logo_weiss.png","width":854,"height":260,"caption":"Radio Leinewelle"},"image":{"@id":"https:\/\/radioleinewelle.de\/#\/schema\/logo\/image\/"},"sameAs":["https:\/\/www.facebook.com\/radioleinewelle","https:\/\/x.com\/RLeinewelle","https:\/\/www.instagram.com\/radioleinewelle\/?hl=de"]},{"@type":"Person","@id":"https:\/\/radioleinewelle.de\/#\/schema\/person\/45606f348637df637192dc1b68399a63","name":"Leinewelle","image":{"@type":"ImageObject","inLanguage":"de","@id":"https:\/\/secure.gravatar.com\/avatar\/05c9a17bc973052ee5d91549bd32fb4dd0dc85b7b85ae94b2e2b4943476bbea5?s=96&d=blank&r=g","url":"https:\/\/secure.gravatar.com\/avatar\/05c9a17bc973052ee5d91549bd32fb4dd0dc85b7b85ae94b2e2b4943476bbea5?s=96&d=blank&r=g","contentUrl":"https:\/\/secure.gravatar.com\/avatar\/05c9a17bc973052ee5d91549bd32fb4dd0dc85b7b85ae94b2e2b4943476bbea5?s=96&d=blank&r=g","caption":"Leinewelle"},"sameAs":["http:\/\/localhost\/radio%20leinewelle\/wordpress","https:\/\/www.facebook.com\/radioleinewelle","https:\/\/www.instagram.com\/radioleinewelle","https:\/\/x.com\/https:\/\/twitter.com\/RLeinewelle?ref_src=twsrcgoogletwcampserptwgrauthor","https:\/\/soundcloud.com\/foerderverein-lokalradio?utm_source=clipboard&utm_medium=text&utm_campaign=social_sharing"],"url":"https:\/\/radioleinewelle.de\/index.php\/author\/leinewelle\/"}]}},"_links":{"self":[{"href":"https:\/\/radioleinewelle.de\/index.php\/wp-json\/wp\/v2\/posts\/11926","targetHints":{"allow":["GET"]}}],"collection":[{"href":"https:\/\/radioleinewelle.de\/index.php\/wp-json\/wp\/v2\/posts"}],"about":[{"href":"https:\/\/radioleinewelle.de\/index.php\/wp-json\/wp\/v2\/types\/post"}],"author":[{"embeddable":true,"href":"https:\/\/radioleinewelle.de\/index.php\/wp-json\/wp\/v2\/users\/1"}],"replies":[{"embeddable":true,"href":"https:\/\/radioleinewelle.de\/index.php\/wp-json\/wp\/v2\/comments?post=11926"}],"version-history":[{"count":0,"href":"https:\/\/radioleinewelle.de\/index.php\/wp-json\/wp\/v2\/posts\/11926\/revisions"}],"wp:attachment":[{"href":"https:\/\/radioleinewelle.de\/index.php\/wp-json\/wp\/v2\/media?parent=11926"}],"wp:term":[{"taxonomy":"category","embeddable":true,"href":"https:\/\/radioleinewelle.de\/index.php\/wp-json\/wp\/v2\/categories?post=11926"},{"taxonomy":"post_tag","embeddable":true,"href":"https:\/\/radioleinewelle.de\/index.php\/wp-json\/wp\/v2\/tags?post=11926"}],"curies":[{"name":"wp","href":"https:\/\/api.w.org\/{rel}","templated":true}]}}