{"id":1193,"date":"2020-08-16T10:02:36","date_gmt":"2020-08-16T08:02:36","guid":{"rendered":"https:\/\/radioleinewelle.de\/?p=1193"},"modified":"2020-08-16T10:02:36","modified_gmt":"2020-08-16T08:02:36","slug":"stadt-goslar-verzeichnet-tourismusboom","status":"publish","type":"post","link":"https:\/\/radioleinewelle.de\/index.php\/2020\/08\/16\/stadt-goslar-verzeichnet-tourismusboom\/","title":{"rendered":"Stadt Goslar verzeichnet Tourismusboom"},"content":{"rendered":"<p>Nach dem Corona-bedingten Lockdown strotzt die Stadt nur so vor Lebensfreude: Touristen tummeln sich auf dem Marktplatz und genie\u00dfen die Sonne sowie das vier Mal am Tag zu erlebende Glockenspiel. Urlaub im eigenen Land ist beliebter denn je und das spiegelt sich auch in den \u00dcbernachtungszahlen f\u00fcr Goslar wider: allein in den ersten zwei Augustwochen konnte die Stadt ein Plus von rund 45 % an deutschen \u00dcbernachtungsg\u00e4sten im Vergleich zum Vorjahr verzeichnen. In Zahlen ausgedr\u00fcckt sind das \u00fcber 22.000 \u00dcbernachtungen f\u00fcr diesen Zeitraum. Die GMG rechnet damit, dass sich diese Tendenz bis zum Monatsende fortsetzten wird. Im letzten Jahr waren es knapp \u00fcber 38.000 \u00dcbernachtungen im August und somit tendenziell weniger als in diesem Jahr.\u00a0Goslars wichtigster Quellmarkt D\u00e4nemark l\u00e4sst zwar mit 13 % weniger \u00dcbernachtungen als 2019 etwas nach, was aber vermutlich darauf zur\u00fcckzuf\u00fchren ist, dass die D\u00e4nen dieses Jahr, ebenfalls wie die Deutschen, den Urlaub im eigenen Land f\u00fcr sich entdeckt haben. \u00c4hnlich verh\u00e4lt es sich bei den Niederl\u00e4ndern und Belgiern.\u00a0Nichtsdestotrotz ist die Stadt voll. Diese Entwicklung wird auch von der neuen Kampagne der GOSLAR marketing gmbh zum Wiedereinstieg in den Tourismus positiv beeinflusst. Seit Juni l\u00e4uft die Kampagne unter dem Slogan \u201eGoslar ist gut\u201c und spielt die Facetten der Stadt mit emotionalen Videos, ausdrucksstarken Kampagnen-Motiven und Radiowerbung, die im kompletten Norden Deutschlands ausgestrahlt wird.<\/p>\n<p>&nbsp;<\/p>\n<p>&nbsp;<\/p>\n","protected":false},"excerpt":{"rendered":"<p>Nach dem Corona-bedingten Lockdown strotzt die Stadt nur so vor Lebensfreude: Touristen tummeln sich auf dem Marktplatz und genie\u00dfen die Sonne sowie das vier Mal am Tag zu erlebende Glockenspiel. Urlaub im eigenen Land ist beliebter denn je und das spiegelt sich auch in den \u00dcbernachtungszahlen f\u00fcr Goslar wider: allein in den ersten zwei Augustwochen [&hellip;]<\/p>\n","protected":false},"author":1,"featured_media":1195,"comment_status":"closed","ping_status":"closed","sticky":false,"template":"","format":"standard","meta":{"saved_in_kubio":false,"footnotes":""},"categories":[1],"tags":[],"class_list":["post-1193","post","type-post","status-publish","format-standard","has-post-thumbnail","hentry","category-allgemein"],"yoast_head":"<!-- This site is optimized with the Yoast SEO plugin v27.5 - https:\/\/yoast.com\/product\/yoast-seo-wordpress\/ -->\n<title>Stadt Goslar verzeichnet Tourismusboom - Radio Leinewelle<\/title>\n<meta name=\"robots\" content=\"index, follow, max-snippet:-1, max-image-preview:large, max-video-preview:-1\" \/>\n<link rel=\"canonical\" href=\"https:\/\/radioleinewelle.de\/index.php\/2020\/08\/16\/stadt-goslar-verzeichnet-tourismusboom\/\" \/>\n<meta property=\"og:locale\" content=\"de_DE\" \/>\n<meta property=\"og:type\" content=\"article\" \/>\n<meta property=\"og:title\" content=\"Stadt Goslar verzeichnet Tourismusboom - Radio Leinewelle\" \/>\n<meta property=\"og:description\" content=\"Nach dem Corona-bedingten Lockdown strotzt die Stadt nur so vor Lebensfreude: Touristen tummeln sich auf dem Marktplatz und genie\u00dfen die Sonne sowie das vier Mal am Tag zu erlebende Glockenspiel. Urlaub im eigenen Land ist beliebter denn je und das spiegelt sich auch in den \u00dcbernachtungszahlen f\u00fcr Goslar wider: allein in den ersten zwei Augustwochen [&hellip;]\" \/>\n<meta property=\"og:url\" content=\"https:\/\/radioleinewelle.de\/index.php\/2020\/08\/16\/stadt-goslar-verzeichnet-tourismusboom\/\" \/>\n<meta property=\"og:site_name\" content=\"Radio Leinewelle\" \/>\n<meta property=\"article:publisher\" content=\"https:\/\/www.facebook.com\/radioleinewelle\" \/>\n<meta property=\"article:author\" content=\"https:\/\/www.facebook.com\/radioleinewelle\" \/>\n<meta property=\"article:published_time\" content=\"2020-08-16T08:02:36+00:00\" \/>\n<meta property=\"og:image\" content=\"https:\/\/radioleinewelle.de\/wp-content\/uploads\/2020\/08\/Belebter_Marktplatz_Quelle_GOSLAR_marketing_gmbh_Fotograf_Stefan_Schiefer-e1597564934592.jpg\" \/>\n\t<meta property=\"og:image:width\" content=\"300\" \/>\n\t<meta property=\"og:image:height\" content=\"199\" \/>\n\t<meta property=\"og:image:type\" content=\"image\/jpeg\" \/>\n<meta name=\"author\" content=\"Leinewelle\" \/>\n<meta name=\"twitter:card\" content=\"summary_large_image\" \/>\n<meta name=\"twitter:creator\" content=\"@https:\/\/twitter.com\/RLeinewelle?ref_src=twsrcgoogletwcampserptwgrauthor\" \/>\n<meta name=\"twitter:site\" content=\"@RLeinewelle\" \/>\n<meta name=\"twitter:label1\" content=\"Verfasst von\" \/>\n\t<meta name=\"twitter:data1\" content=\"Leinewelle\" \/>\n\t<meta name=\"twitter:label2\" content=\"Gesch\u00e4tzte Lesezeit\" \/>\n\t<meta name=\"twitter:data2\" content=\"1\u00a0Minute\" \/>\n<script type=\"application\/ld+json\" class=\"yoast-schema-graph\">{\"@context\":\"https:\\\/\\\/schema.org\",\"@graph\":[{\"@type\":\"Article\",\"@id\":\"https:\\\/\\\/radioleinewelle.de\\\/index.php\\\/2020\\\/08\\\/16\\\/stadt-goslar-verzeichnet-tourismusboom\\\/#article\",\"isPartOf\":{\"@id\":\"https:\\\/\\\/radioleinewelle.de\\\/index.php\\\/2020\\\/08\\\/16\\\/stadt-goslar-verzeichnet-tourismusboom\\\/\"},\"author\":{\"name\":\"Leinewelle\",\"@id\":\"https:\\\/\\\/radioleinewelle.de\\\/#\\\/schema\\\/person\\\/45606f348637df637192dc1b68399a63\"},\"headline\":\"Stadt Goslar verzeichnet Tourismusboom\",\"datePublished\":\"2020-08-16T08:02:36+00:00\",\"mainEntityOfPage\":{\"@id\":\"https:\\\/\\\/radioleinewelle.de\\\/index.php\\\/2020\\\/08\\\/16\\\/stadt-goslar-verzeichnet-tourismusboom\\\/\"},\"wordCount\":231,\"publisher\":{\"@id\":\"https:\\\/\\\/radioleinewelle.de\\\/#organization\"},\"image\":{\"@id\":\"https:\\\/\\\/radioleinewelle.de\\\/index.php\\\/2020\\\/08\\\/16\\\/stadt-goslar-verzeichnet-tourismusboom\\\/#primaryimage\"},\"thumbnailUrl\":\"https:\\\/\\\/radioleinewelle.de\\\/wp-content\\\/uploads\\\/2020\\\/08\\\/Belebter_Marktplatz_Quelle_GOSLAR_marketing_gmbh_Fotograf_Stefan_Schiefer-e1597564934592.jpg\",\"inLanguage\":\"de\"},{\"@type\":\"WebPage\",\"@id\":\"https:\\\/\\\/radioleinewelle.de\\\/index.php\\\/2020\\\/08\\\/16\\\/stadt-goslar-verzeichnet-tourismusboom\\\/\",\"url\":\"https:\\\/\\\/radioleinewelle.de\\\/index.php\\\/2020\\\/08\\\/16\\\/stadt-goslar-verzeichnet-tourismusboom\\\/\",\"name\":\"Stadt Goslar verzeichnet Tourismusboom - Radio Leinewelle\",\"isPartOf\":{\"@id\":\"https:\\\/\\\/radioleinewelle.de\\\/#website\"},\"primaryImageOfPage\":{\"@id\":\"https:\\\/\\\/radioleinewelle.de\\\/index.php\\\/2020\\\/08\\\/16\\\/stadt-goslar-verzeichnet-tourismusboom\\\/#primaryimage\"},\"image\":{\"@id\":\"https:\\\/\\\/radioleinewelle.de\\\/index.php\\\/2020\\\/08\\\/16\\\/stadt-goslar-verzeichnet-tourismusboom\\\/#primaryimage\"},\"thumbnailUrl\":\"https:\\\/\\\/radioleinewelle.de\\\/wp-content\\\/uploads\\\/2020\\\/08\\\/Belebter_Marktplatz_Quelle_GOSLAR_marketing_gmbh_Fotograf_Stefan_Schiefer-e1597564934592.jpg\",\"datePublished\":\"2020-08-16T08:02:36+00:00\",\"breadcrumb\":{\"@id\":\"https:\\\/\\\/radioleinewelle.de\\\/index.php\\\/2020\\\/08\\\/16\\\/stadt-goslar-verzeichnet-tourismusboom\\\/#breadcrumb\"},\"inLanguage\":\"de\",\"potentialAction\":[{\"@type\":\"ReadAction\",\"target\":[\"https:\\\/\\\/radioleinewelle.de\\\/index.php\\\/2020\\\/08\\\/16\\\/stadt-goslar-verzeichnet-tourismusboom\\\/\"]}]},{\"@type\":\"ImageObject\",\"inLanguage\":\"de\",\"@id\":\"https:\\\/\\\/radioleinewelle.de\\\/index.php\\\/2020\\\/08\\\/16\\\/stadt-goslar-verzeichnet-tourismusboom\\\/#primaryimage\",\"url\":\"https:\\\/\\\/radioleinewelle.de\\\/wp-content\\\/uploads\\\/2020\\\/08\\\/Belebter_Marktplatz_Quelle_GOSLAR_marketing_gmbh_Fotograf_Stefan_Schiefer-e1597564934592.jpg\",\"contentUrl\":\"https:\\\/\\\/radioleinewelle.de\\\/wp-content\\\/uploads\\\/2020\\\/08\\\/Belebter_Marktplatz_Quelle_GOSLAR_marketing_gmbh_Fotograf_Stefan_Schiefer-e1597564934592.jpg\",\"width\":300,\"height\":199,\"caption\":\"Copyright Stadt Goslar\"},{\"@type\":\"BreadcrumbList\",\"@id\":\"https:\\\/\\\/radioleinewelle.de\\\/index.php\\\/2020\\\/08\\\/16\\\/stadt-goslar-verzeichnet-tourismusboom\\\/#breadcrumb\",\"itemListElement\":[{\"@type\":\"ListItem\",\"position\":1,\"name\":\"Startseite\",\"item\":\"https:\\\/\\\/radioleinewelle.de\\\/\"},{\"@type\":\"ListItem\",\"position\":2,\"name\":\"Stadt Goslar verzeichnet Tourismusboom\"}]},{\"@type\":\"WebSite\",\"@id\":\"https:\\\/\\\/radioleinewelle.de\\\/#website\",\"url\":\"https:\\\/\\\/radioleinewelle.de\\\/\",\"name\":\"Radio Leinewelle\",\"description\":\"\",\"publisher\":{\"@id\":\"https:\\\/\\\/radioleinewelle.de\\\/#organization\"},\"potentialAction\":[{\"@type\":\"SearchAction\",\"target\":{\"@type\":\"EntryPoint\",\"urlTemplate\":\"https:\\\/\\\/radioleinewelle.de\\\/?s={search_term_string}\"},\"query-input\":{\"@type\":\"PropertyValueSpecification\",\"valueRequired\":true,\"valueName\":\"search_term_string\"}}],\"inLanguage\":\"de\"},{\"@type\":\"Organization\",\"@id\":\"https:\\\/\\\/radioleinewelle.de\\\/#organization\",\"name\":\"Radio Leinewelle\",\"alternateName\":\"Mein Radio f\u00fcr S\u00fcdniedersachsen\",\"url\":\"https:\\\/\\\/radioleinewelle.de\\\/\",\"logo\":{\"@type\":\"ImageObject\",\"inLanguage\":\"de\",\"@id\":\"https:\\\/\\\/radioleinewelle.de\\\/#\\\/schema\\\/logo\\\/image\\\/\",\"url\":\"https:\\\/\\\/radioleinewelle.de\\\/wp-content\\\/uploads\\\/2023\\\/11\\\/cropped-Leinewelle_Logo_weiss.png\",\"contentUrl\":\"https:\\\/\\\/radioleinewelle.de\\\/wp-content\\\/uploads\\\/2023\\\/11\\\/cropped-Leinewelle_Logo_weiss.png\",\"width\":854,\"height\":260,\"caption\":\"Radio Leinewelle\"},\"image\":{\"@id\":\"https:\\\/\\\/radioleinewelle.de\\\/#\\\/schema\\\/logo\\\/image\\\/\"},\"sameAs\":[\"https:\\\/\\\/www.facebook.com\\\/radioleinewelle\",\"https:\\\/\\\/x.com\\\/RLeinewelle\",\"https:\\\/\\\/www.instagram.com\\\/radioleinewelle\\\/?hl=de\"]},{\"@type\":\"Person\",\"@id\":\"https:\\\/\\\/radioleinewelle.de\\\/#\\\/schema\\\/person\\\/45606f348637df637192dc1b68399a63\",\"name\":\"Leinewelle\",\"image\":{\"@type\":\"ImageObject\",\"inLanguage\":\"de\",\"@id\":\"https:\\\/\\\/secure.gravatar.com\\\/avatar\\\/05c9a17bc973052ee5d91549bd32fb4dd0dc85b7b85ae94b2e2b4943476bbea5?s=96&d=blank&r=g\",\"url\":\"https:\\\/\\\/secure.gravatar.com\\\/avatar\\\/05c9a17bc973052ee5d91549bd32fb4dd0dc85b7b85ae94b2e2b4943476bbea5?s=96&d=blank&r=g\",\"contentUrl\":\"https:\\\/\\\/secure.gravatar.com\\\/avatar\\\/05c9a17bc973052ee5d91549bd32fb4dd0dc85b7b85ae94b2e2b4943476bbea5?s=96&d=blank&r=g\",\"caption\":\"Leinewelle\"},\"sameAs\":[\"http:\\\/\\\/localhost\\\/radio%20leinewelle\\\/wordpress\",\"https:\\\/\\\/www.facebook.com\\\/radioleinewelle\",\"https:\\\/\\\/www.instagram.com\\\/radioleinewelle\",\"https:\\\/\\\/x.com\\\/https:\\\/\\\/twitter.com\\\/RLeinewelle?ref_src=twsrcgoogletwcampserptwgrauthor\",\"https:\\\/\\\/soundcloud.com\\\/foerderverein-lokalradio?utm_source=clipboard&utm_medium=text&utm_campaign=social_sharing\"],\"url\":\"https:\\\/\\\/radioleinewelle.de\\\/index.php\\\/author\\\/leinewelle\\\/\"}]}<\/script>\n<!-- \/ Yoast SEO plugin. -->","yoast_head_json":{"title":"Stadt Goslar verzeichnet Tourismusboom - Radio Leinewelle","robots":{"index":"index","follow":"follow","max-snippet":"max-snippet:-1","max-image-preview":"max-image-preview:large","max-video-preview":"max-video-preview:-1"},"canonical":"https:\/\/radioleinewelle.de\/index.php\/2020\/08\/16\/stadt-goslar-verzeichnet-tourismusboom\/","og_locale":"de_DE","og_type":"article","og_title":"Stadt Goslar verzeichnet Tourismusboom - Radio Leinewelle","og_description":"Nach dem Corona-bedingten Lockdown strotzt die Stadt nur so vor Lebensfreude: Touristen tummeln sich auf dem Marktplatz und genie\u00dfen die Sonne sowie das vier Mal am Tag zu erlebende Glockenspiel. Urlaub im eigenen Land ist beliebter denn je und das spiegelt sich auch in den \u00dcbernachtungszahlen f\u00fcr Goslar wider: allein in den ersten zwei Augustwochen [&hellip;]","og_url":"https:\/\/radioleinewelle.de\/index.php\/2020\/08\/16\/stadt-goslar-verzeichnet-tourismusboom\/","og_site_name":"Radio Leinewelle","article_publisher":"https:\/\/www.facebook.com\/radioleinewelle","article_author":"https:\/\/www.facebook.com\/radioleinewelle","article_published_time":"2020-08-16T08:02:36+00:00","og_image":[{"width":300,"height":199,"url":"https:\/\/radioleinewelle.de\/wp-content\/uploads\/2020\/08\/Belebter_Marktplatz_Quelle_GOSLAR_marketing_gmbh_Fotograf_Stefan_Schiefer-e1597564934592.jpg","type":"image\/jpeg"}],"author":"Leinewelle","twitter_card":"summary_large_image","twitter_creator":"@https:\/\/twitter.com\/RLeinewelle?ref_src=twsrcgoogletwcampserptwgrauthor","twitter_site":"@RLeinewelle","twitter_misc":{"Verfasst von":"Leinewelle","Gesch\u00e4tzte Lesezeit":"1\u00a0Minute"},"schema":{"@context":"https:\/\/schema.org","@graph":[{"@type":"Article","@id":"https:\/\/radioleinewelle.de\/index.php\/2020\/08\/16\/stadt-goslar-verzeichnet-tourismusboom\/#article","isPartOf":{"@id":"https:\/\/radioleinewelle.de\/index.php\/2020\/08\/16\/stadt-goslar-verzeichnet-tourismusboom\/"},"author":{"name":"Leinewelle","@id":"https:\/\/radioleinewelle.de\/#\/schema\/person\/45606f348637df637192dc1b68399a63"},"headline":"Stadt Goslar verzeichnet Tourismusboom","datePublished":"2020-08-16T08:02:36+00:00","mainEntityOfPage":{"@id":"https:\/\/radioleinewelle.de\/index.php\/2020\/08\/16\/stadt-goslar-verzeichnet-tourismusboom\/"},"wordCount":231,"publisher":{"@id":"https:\/\/radioleinewelle.de\/#organization"},"image":{"@id":"https:\/\/radioleinewelle.de\/index.php\/2020\/08\/16\/stadt-goslar-verzeichnet-tourismusboom\/#primaryimage"},"thumbnailUrl":"https:\/\/radioleinewelle.de\/wp-content\/uploads\/2020\/08\/Belebter_Marktplatz_Quelle_GOSLAR_marketing_gmbh_Fotograf_Stefan_Schiefer-e1597564934592.jpg","inLanguage":"de"},{"@type":"WebPage","@id":"https:\/\/radioleinewelle.de\/index.php\/2020\/08\/16\/stadt-goslar-verzeichnet-tourismusboom\/","url":"https:\/\/radioleinewelle.de\/index.php\/2020\/08\/16\/stadt-goslar-verzeichnet-tourismusboom\/","name":"Stadt Goslar verzeichnet Tourismusboom - Radio Leinewelle","isPartOf":{"@id":"https:\/\/radioleinewelle.de\/#website"},"primaryImageOfPage":{"@id":"https:\/\/radioleinewelle.de\/index.php\/2020\/08\/16\/stadt-goslar-verzeichnet-tourismusboom\/#primaryimage"},"image":{"@id":"https:\/\/radioleinewelle.de\/index.php\/2020\/08\/16\/stadt-goslar-verzeichnet-tourismusboom\/#primaryimage"},"thumbnailUrl":"https:\/\/radioleinewelle.de\/wp-content\/uploads\/2020\/08\/Belebter_Marktplatz_Quelle_GOSLAR_marketing_gmbh_Fotograf_Stefan_Schiefer-e1597564934592.jpg","datePublished":"2020-08-16T08:02:36+00:00","breadcrumb":{"@id":"https:\/\/radioleinewelle.de\/index.php\/2020\/08\/16\/stadt-goslar-verzeichnet-tourismusboom\/#breadcrumb"},"inLanguage":"de","potentialAction":[{"@type":"ReadAction","target":["https:\/\/radioleinewelle.de\/index.php\/2020\/08\/16\/stadt-goslar-verzeichnet-tourismusboom\/"]}]},{"@type":"ImageObject","inLanguage":"de","@id":"https:\/\/radioleinewelle.de\/index.php\/2020\/08\/16\/stadt-goslar-verzeichnet-tourismusboom\/#primaryimage","url":"https:\/\/radioleinewelle.de\/wp-content\/uploads\/2020\/08\/Belebter_Marktplatz_Quelle_GOSLAR_marketing_gmbh_Fotograf_Stefan_Schiefer-e1597564934592.jpg","contentUrl":"https:\/\/radioleinewelle.de\/wp-content\/uploads\/2020\/08\/Belebter_Marktplatz_Quelle_GOSLAR_marketing_gmbh_Fotograf_Stefan_Schiefer-e1597564934592.jpg","width":300,"height":199,"caption":"Copyright Stadt Goslar"},{"@type":"BreadcrumbList","@id":"https:\/\/radioleinewelle.de\/index.php\/2020\/08\/16\/stadt-goslar-verzeichnet-tourismusboom\/#breadcrumb","itemListElement":[{"@type":"ListItem","position":1,"name":"Startseite","item":"https:\/\/radioleinewelle.de\/"},{"@type":"ListItem","position":2,"name":"Stadt Goslar verzeichnet Tourismusboom"}]},{"@type":"WebSite","@id":"https:\/\/radioleinewelle.de\/#website","url":"https:\/\/radioleinewelle.de\/","name":"Radio Leinewelle","description":"","publisher":{"@id":"https:\/\/radioleinewelle.de\/#organization"},"potentialAction":[{"@type":"SearchAction","target":{"@type":"EntryPoint","urlTemplate":"https:\/\/radioleinewelle.de\/?s={search_term_string}"},"query-input":{"@type":"PropertyValueSpecification","valueRequired":true,"valueName":"search_term_string"}}],"inLanguage":"de"},{"@type":"Organization","@id":"https:\/\/radioleinewelle.de\/#organization","name":"Radio Leinewelle","alternateName":"Mein Radio f\u00fcr S\u00fcdniedersachsen","url":"https:\/\/radioleinewelle.de\/","logo":{"@type":"ImageObject","inLanguage":"de","@id":"https:\/\/radioleinewelle.de\/#\/schema\/logo\/image\/","url":"https:\/\/radioleinewelle.de\/wp-content\/uploads\/2023\/11\/cropped-Leinewelle_Logo_weiss.png","contentUrl":"https:\/\/radioleinewelle.de\/wp-content\/uploads\/2023\/11\/cropped-Leinewelle_Logo_weiss.png","width":854,"height":260,"caption":"Radio Leinewelle"},"image":{"@id":"https:\/\/radioleinewelle.de\/#\/schema\/logo\/image\/"},"sameAs":["https:\/\/www.facebook.com\/radioleinewelle","https:\/\/x.com\/RLeinewelle","https:\/\/www.instagram.com\/radioleinewelle\/?hl=de"]},{"@type":"Person","@id":"https:\/\/radioleinewelle.de\/#\/schema\/person\/45606f348637df637192dc1b68399a63","name":"Leinewelle","image":{"@type":"ImageObject","inLanguage":"de","@id":"https:\/\/secure.gravatar.com\/avatar\/05c9a17bc973052ee5d91549bd32fb4dd0dc85b7b85ae94b2e2b4943476bbea5?s=96&d=blank&r=g","url":"https:\/\/secure.gravatar.com\/avatar\/05c9a17bc973052ee5d91549bd32fb4dd0dc85b7b85ae94b2e2b4943476bbea5?s=96&d=blank&r=g","contentUrl":"https:\/\/secure.gravatar.com\/avatar\/05c9a17bc973052ee5d91549bd32fb4dd0dc85b7b85ae94b2e2b4943476bbea5?s=96&d=blank&r=g","caption":"Leinewelle"},"sameAs":["http:\/\/localhost\/radio%20leinewelle\/wordpress","https:\/\/www.facebook.com\/radioleinewelle","https:\/\/www.instagram.com\/radioleinewelle","https:\/\/x.com\/https:\/\/twitter.com\/RLeinewelle?ref_src=twsrcgoogletwcampserptwgrauthor","https:\/\/soundcloud.com\/foerderverein-lokalradio?utm_source=clipboard&utm_medium=text&utm_campaign=social_sharing"],"url":"https:\/\/radioleinewelle.de\/index.php\/author\/leinewelle\/"}]}},"_links":{"self":[{"href":"https:\/\/radioleinewelle.de\/index.php\/wp-json\/wp\/v2\/posts\/1193","targetHints":{"allow":["GET"]}}],"collection":[{"href":"https:\/\/radioleinewelle.de\/index.php\/wp-json\/wp\/v2\/posts"}],"about":[{"href":"https:\/\/radioleinewelle.de\/index.php\/wp-json\/wp\/v2\/types\/post"}],"author":[{"embeddable":true,"href":"https:\/\/radioleinewelle.de\/index.php\/wp-json\/wp\/v2\/users\/1"}],"replies":[{"embeddable":true,"href":"https:\/\/radioleinewelle.de\/index.php\/wp-json\/wp\/v2\/comments?post=1193"}],"version-history":[{"count":0,"href":"https:\/\/radioleinewelle.de\/index.php\/wp-json\/wp\/v2\/posts\/1193\/revisions"}],"wp:featuredmedia":[{"embeddable":true,"href":"https:\/\/radioleinewelle.de\/index.php\/wp-json\/wp\/v2\/media\/1195"}],"wp:attachment":[{"href":"https:\/\/radioleinewelle.de\/index.php\/wp-json\/wp\/v2\/media?parent=1193"}],"wp:term":[{"taxonomy":"category","embeddable":true,"href":"https:\/\/radioleinewelle.de\/index.php\/wp-json\/wp\/v2\/categories?post=1193"},{"taxonomy":"post_tag","embeddable":true,"href":"https:\/\/radioleinewelle.de\/index.php\/wp-json\/wp\/v2\/tags?post=1193"}],"curies":[{"name":"wp","href":"https:\/\/api.w.org\/{rel}","templated":true}]}}