{"id":11963,"date":"2021-12-13T03:11:07","date_gmt":"2021-12-13T02:11:07","guid":{"rendered":"https:\/\/radioleinewelle.de\/?p=11963"},"modified":"2021-12-13T03:11:07","modified_gmt":"2021-12-13T02:11:07","slug":"regelungen-fuer-den-schulbetrieb-vor-und-nach-weihnachten","status":"publish","type":"post","link":"https:\/\/radioleinewelle.de\/index.php\/2021\/12\/13\/regelungen-fuer-den-schulbetrieb-vor-und-nach-weihnachten\/","title":{"rendered":"Regelungen f\u00fcr den Schulbetrieb vor und nach Weihnachten"},"content":{"rendered":"\n<p>Die Weihnachtsferien in Niedersachsen finden regul\u00e4r im Zeitraum von Donnerstag, dem 23.12.2021, bis Freitag, dem 07.01.2022, statt. Das hat das Nieders\u00e4chsische Kultusministerium heute best\u00e4tigt. Der letzte Schultag ist demnach Mittwoch, der 22.12.2021, Schulbeginn im neuen Jahr ist am Montag, dem 10.01.2022.<\/p>\n\n\n\n<p>\u201e<a>Ebenso wie alle anderen westdeutschen Bundesl\u00e4nder bleiben wir bei den festgelegten Ferienzeiten.<\/a>&nbsp;Alle Vorhaben der Familien, aber auch der Schulen, k\u00f6nnen damit wie geplant stattfinden\u201c, erkl\u00e4rt Kultusminister Grant Hendrik Tonne. Dazu f\u00fchrt er weiter aus:&nbsp;<a>\u201eDe facto Schulschlie\u00dfungen durch das Vorziehen der Ferien sind nicht angemessen, da in den Schulen tragf\u00e4hige und umfassende Schutzkonzepte bestehen.<\/a>&nbsp;Auch in der aktuellen Lage k\u00f6nnen wir dem Recht auf Bildung durch Pr\u00e4senzunterricht verantwortungsvoll nachkommen. Einschr\u00e4nkungen f\u00fcr Kinder und Jugendliche sowie Belastungen der Familien durch den Wegfall von Pr\u00e4senzunterricht k\u00f6nnen in diesem Jahr verhindert werden, da wir mit Tests und Impfungen und optimierten L\u00fcftungskonzepten schulisch und gesamtgesellschaftlich viel besser aufgestellt sind als noch im vergangenen Winter.\u201c<\/p>\n\n\n\n<p>Ab dem ersten Schultag nach den Ferien, dem 10.01.2022, wird zudem eine qualitative Erh\u00f6hung bei den Standards zum Tragen einer Mund-Nasen-Bedeckung umgesetzt: Alle Personen m\u00fcssen ab diesem Zeitpunkt mindestens eine medizinische Mund-Nasen-Bedeckung (\u201eOP-Maske\u201c) tragen, auch Kinder unter 14 Jahren. Diese j\u00fcngeren Sch\u00fclerinnen und Sch\u00fcler durften bisher auch eine einfache Stoffmaske tragen. Der Kultusminister: \u201eOP-Masken bieten einen deutlich besseren Schutz, daher stellen wir hier ab dem neuen Jahr auf eine Pflicht f\u00fcr diesen Mindeststandard um. Mir ist klar, dass die Eltern und Kinder sich darauf einstellen m\u00fcssen, daher f\u00fchren wir das mit ausreichend Vorlauf ein. Gleichwohl empfehle ich, schon jetzt mit der OP-Maske in die Schule zu kommen, um sich und andere maximal zu sch\u00fctzen.\u201c<\/p>\n\n\n\n<p>Es bleibt zudem bei der umfassenden Maskenpflicht f\u00fcr alle Sch\u00fclerinnen und Sch\u00fcler sowie Lehrkr\u00e4fte im Schulgeb\u00e4ude, auch im Unterricht. Bei den unteren Jahrg\u00e4ngen wird weiterhin auf die regelm\u00e4\u00dfigen Maskenpausen geachtet.<\/p>\n\n\n\n<p><strong>Die Regelungen im \u00dcberblick:<\/strong><\/p>\n\n\n\n<p><strong>I.<\/strong>&nbsp;<strong>Keine \u00c4nderung beim Ferientermin:<\/strong>&nbsp;<strong>Weihnachtsferien 23.12.2021 &#8211; 07.01.2022:<\/strong><\/p>\n\n\n\n<p>Letzter Schultag vor Weihnachten ist Mittwoch, der 22.12.2021, erster Schultag im neuen Jahr ist Montag, der 10.01.2022.<\/p>\n\n\n\n<p><strong>II.<\/strong>&nbsp;<strong>Dreit\u00e4gige Aufhebung der Pr\u00e4senzpflicht: 20.12.21-22.12.21:<\/strong><\/p>\n\n\n\n<p>Per formlosem Antrag bei der Schule k\u00f6nnen Erziehungsberechtigte ihre Kinder in dieser Zeit f\u00fcr drei Tage vom Pr\u00e4senzunterricht befreien. Distanzlernen findet f\u00fcr diese Sch\u00fclerinnen und Sch\u00fcler nicht statt.<\/p>\n\n\n\n<p><strong>III.<\/strong>&nbsp;<strong>Sicherheitswoche<\/strong>&nbsp;<strong>10.01.2022 &#8211; 14.01.2022:<\/strong><\/p>\n\n\n\n<p>F\u00fcnf Tests pro Woche f\u00fcr alle, die nicht vollst\u00e4ndig geimpft oder genesen sind. F\u00fcr schulisches Personal gilt 3-G.<\/p>\n\n\n\n<p><strong>IV.<\/strong>&nbsp;<strong>R\u00fcckkehr zum gewohnten Testregime ab 17.01.22:<\/strong><\/p>\n\n\n\n<p>Montags, mittwochs und freitags finden h\u00e4usliche Testungen f\u00fcr Sch\u00fclerinnen und Sch\u00fcler statt. Bei einem positiven Ausschlag der Testkassette muss eine Abkl\u00e4rung mittels PCR-Test vorgenommen werden. Das anlassbezogene Intensivtesten (ABIT) bleibt: Bei einem Infektionsverdacht testen sich alle in der Lerngruppe \u2013 auch vollst\u00e4ndig Geimpfte und Genesene \u2013 f\u00fcnf Schultage hintereinander. F\u00fcr schulisches Personal gilt weiterhin an jedem Schultag die 3-G-Regel.<\/p>\n\n\n\n<p><strong>V.<\/strong>&nbsp;<strong>OP-Maskenpflicht ab 10.01.2022:<\/strong><\/p>\n\n\n\n<p>Auch Sch\u00fclerinnen und Sch\u00fcler unter 14 Jahren, die bislang eine Stoffmaske tragen durften, m\u00fcssen nach den Weihnachtsferien mindestens eine medizinische Mund-Nasen-Bedeckung tragen.<\/p>\n","protected":false},"excerpt":{"rendered":"<p>Die Weihnachtsferien in Niedersachsen finden regul\u00e4r im Zeitraum von Donnerstag, dem 23.12.2021, bis Freitag, dem 07.01.2022, statt. Das hat das Nieders\u00e4chsische Kultusministerium heute best\u00e4tigt. Der letzte Schultag ist demnach Mittwoch, der 22.12.2021, Schulbeginn im neuen Jahr ist am Montag, dem 10.01.2022. \u201eEbenso wie alle anderen westdeutschen Bundesl\u00e4nder bleiben wir bei den festgelegten Ferienzeiten.&nbsp;Alle Vorhaben der [&hellip;]<\/p>\n","protected":false},"author":1,"featured_media":11933,"comment_status":"closed","ping_status":"closed","sticky":false,"template":"","format":"standard","meta":{"saved_in_kubio":false,"footnotes":""},"categories":[23],"tags":[2639,2640,2641],"class_list":["post-11963","post","type-post","status-publish","format-standard","has-post-thumbnail","hentry","category-corona","tag-coronaregelungen-schulbetrieb","tag-kultusministerium-niedersachsen","tag-maskenpflicht-schulen"],"yoast_head":"<!-- This site is optimized with the Yoast SEO plugin v27.5 - https:\/\/yoast.com\/product\/yoast-seo-wordpress\/ -->\n<title>Regelungen f\u00fcr den Schulbetrieb vor und nach Weihnachten - Radio Leinewelle<\/title>\n<meta name=\"robots\" content=\"index, follow, max-snippet:-1, max-image-preview:large, max-video-preview:-1\" \/>\n<link rel=\"canonical\" href=\"https:\/\/radioleinewelle.de\/index.php\/2021\/12\/13\/regelungen-fuer-den-schulbetrieb-vor-und-nach-weihnachten\/\" \/>\n<meta property=\"og:locale\" content=\"de_DE\" \/>\n<meta property=\"og:type\" content=\"article\" \/>\n<meta property=\"og:title\" content=\"Regelungen f\u00fcr den Schulbetrieb vor und nach Weihnachten - Radio Leinewelle\" \/>\n<meta property=\"og:description\" content=\"Die Weihnachtsferien in Niedersachsen finden regul\u00e4r im Zeitraum von Donnerstag, dem 23.12.2021, bis Freitag, dem 07.01.2022, statt. Das hat das Nieders\u00e4chsische Kultusministerium heute best\u00e4tigt. Der letzte Schultag ist demnach Mittwoch, der 22.12.2021, Schulbeginn im neuen Jahr ist am Montag, dem 10.01.2022. \u201eEbenso wie alle anderen westdeutschen Bundesl\u00e4nder bleiben wir bei den festgelegten Ferienzeiten.&nbsp;Alle Vorhaben der [&hellip;]\" \/>\n<meta property=\"og:url\" content=\"https:\/\/radioleinewelle.de\/index.php\/2021\/12\/13\/regelungen-fuer-den-schulbetrieb-vor-und-nach-weihnachten\/\" \/>\n<meta property=\"og:site_name\" content=\"Radio Leinewelle\" \/>\n<meta property=\"article:publisher\" content=\"https:\/\/www.facebook.com\/radioleinewelle\" \/>\n<meta property=\"article:author\" content=\"https:\/\/www.facebook.com\/radioleinewelle\" \/>\n<meta property=\"article:published_time\" content=\"2021-12-13T02:11:07+00:00\" \/>\n<meta property=\"og:image\" content=\"https:\/\/radioleinewelle.de\/wp-content\/uploads\/2021\/12\/school-gdbf19d90a_640.jpg\" \/>\n\t<meta property=\"og:image:width\" content=\"640\" \/>\n\t<meta property=\"og:image:height\" content=\"457\" \/>\n\t<meta property=\"og:image:type\" content=\"image\/jpeg\" \/>\n<meta name=\"author\" content=\"Leinewelle\" \/>\n<meta name=\"twitter:card\" content=\"summary_large_image\" \/>\n<meta name=\"twitter:creator\" content=\"@https:\/\/twitter.com\/RLeinewelle?ref_src=twsrcgoogletwcampserptwgrauthor\" \/>\n<meta name=\"twitter:site\" content=\"@RLeinewelle\" \/>\n<meta name=\"twitter:label1\" content=\"Verfasst von\" \/>\n\t<meta name=\"twitter:data1\" content=\"Leinewelle\" \/>\n\t<meta name=\"twitter:label2\" content=\"Gesch\u00e4tzte Lesezeit\" \/>\n\t<meta name=\"twitter:data2\" content=\"3\u00a0Minuten\" \/>\n<script type=\"application\/ld+json\" class=\"yoast-schema-graph\">{\"@context\":\"https:\\\/\\\/schema.org\",\"@graph\":[{\"@type\":\"Article\",\"@id\":\"https:\\\/\\\/radioleinewelle.de\\\/index.php\\\/2021\\\/12\\\/13\\\/regelungen-fuer-den-schulbetrieb-vor-und-nach-weihnachten\\\/#article\",\"isPartOf\":{\"@id\":\"https:\\\/\\\/radioleinewelle.de\\\/index.php\\\/2021\\\/12\\\/13\\\/regelungen-fuer-den-schulbetrieb-vor-und-nach-weihnachten\\\/\"},\"author\":{\"name\":\"Leinewelle\",\"@id\":\"https:\\\/\\\/radioleinewelle.de\\\/#\\\/schema\\\/person\\\/45606f348637df637192dc1b68399a63\"},\"headline\":\"Regelungen f\u00fcr den Schulbetrieb vor und nach Weihnachten\",\"datePublished\":\"2021-12-13T02:11:07+00:00\",\"mainEntityOfPage\":{\"@id\":\"https:\\\/\\\/radioleinewelle.de\\\/index.php\\\/2021\\\/12\\\/13\\\/regelungen-fuer-den-schulbetrieb-vor-und-nach-weihnachten\\\/\"},\"wordCount\":533,\"publisher\":{\"@id\":\"https:\\\/\\\/radioleinewelle.de\\\/#organization\"},\"image\":{\"@id\":\"https:\\\/\\\/radioleinewelle.de\\\/index.php\\\/2021\\\/12\\\/13\\\/regelungen-fuer-den-schulbetrieb-vor-und-nach-weihnachten\\\/#primaryimage\"},\"thumbnailUrl\":\"https:\\\/\\\/radioleinewelle.de\\\/wp-content\\\/uploads\\\/2021\\\/12\\\/school-gdbf19d90a_640.jpg\",\"keywords\":[\"Coronaregelungen Schulbetrieb\",\"Kultusministerium Niedersachsen\",\"Maskenpflicht Schulen\"],\"articleSection\":[\"Corona\"],\"inLanguage\":\"de\"},{\"@type\":\"WebPage\",\"@id\":\"https:\\\/\\\/radioleinewelle.de\\\/index.php\\\/2021\\\/12\\\/13\\\/regelungen-fuer-den-schulbetrieb-vor-und-nach-weihnachten\\\/\",\"url\":\"https:\\\/\\\/radioleinewelle.de\\\/index.php\\\/2021\\\/12\\\/13\\\/regelungen-fuer-den-schulbetrieb-vor-und-nach-weihnachten\\\/\",\"name\":\"Regelungen f\u00fcr den Schulbetrieb vor und nach Weihnachten - Radio Leinewelle\",\"isPartOf\":{\"@id\":\"https:\\\/\\\/radioleinewelle.de\\\/#website\"},\"primaryImageOfPage\":{\"@id\":\"https:\\\/\\\/radioleinewelle.de\\\/index.php\\\/2021\\\/12\\\/13\\\/regelungen-fuer-den-schulbetrieb-vor-und-nach-weihnachten\\\/#primaryimage\"},\"image\":{\"@id\":\"https:\\\/\\\/radioleinewelle.de\\\/index.php\\\/2021\\\/12\\\/13\\\/regelungen-fuer-den-schulbetrieb-vor-und-nach-weihnachten\\\/#primaryimage\"},\"thumbnailUrl\":\"https:\\\/\\\/radioleinewelle.de\\\/wp-content\\\/uploads\\\/2021\\\/12\\\/school-gdbf19d90a_640.jpg\",\"datePublished\":\"2021-12-13T02:11:07+00:00\",\"breadcrumb\":{\"@id\":\"https:\\\/\\\/radioleinewelle.de\\\/index.php\\\/2021\\\/12\\\/13\\\/regelungen-fuer-den-schulbetrieb-vor-und-nach-weihnachten\\\/#breadcrumb\"},\"inLanguage\":\"de\",\"potentialAction\":[{\"@type\":\"ReadAction\",\"target\":[\"https:\\\/\\\/radioleinewelle.de\\\/index.php\\\/2021\\\/12\\\/13\\\/regelungen-fuer-den-schulbetrieb-vor-und-nach-weihnachten\\\/\"]}]},{\"@type\":\"ImageObject\",\"inLanguage\":\"de\",\"@id\":\"https:\\\/\\\/radioleinewelle.de\\\/index.php\\\/2021\\\/12\\\/13\\\/regelungen-fuer-den-schulbetrieb-vor-und-nach-weihnachten\\\/#primaryimage\",\"url\":\"https:\\\/\\\/radioleinewelle.de\\\/wp-content\\\/uploads\\\/2021\\\/12\\\/school-gdbf19d90a_640.jpg\",\"contentUrl\":\"https:\\\/\\\/radioleinewelle.de\\\/wp-content\\\/uploads\\\/2021\\\/12\\\/school-gdbf19d90a_640.jpg\",\"width\":640,\"height\":457},{\"@type\":\"BreadcrumbList\",\"@id\":\"https:\\\/\\\/radioleinewelle.de\\\/index.php\\\/2021\\\/12\\\/13\\\/regelungen-fuer-den-schulbetrieb-vor-und-nach-weihnachten\\\/#breadcrumb\",\"itemListElement\":[{\"@type\":\"ListItem\",\"position\":1,\"name\":\"Startseite\",\"item\":\"https:\\\/\\\/radioleinewelle.de\\\/\"},{\"@type\":\"ListItem\",\"position\":2,\"name\":\"Regelungen f\u00fcr den Schulbetrieb vor und nach Weihnachten\"}]},{\"@type\":\"WebSite\",\"@id\":\"https:\\\/\\\/radioleinewelle.de\\\/#website\",\"url\":\"https:\\\/\\\/radioleinewelle.de\\\/\",\"name\":\"Radio Leinewelle\",\"description\":\"\",\"publisher\":{\"@id\":\"https:\\\/\\\/radioleinewelle.de\\\/#organization\"},\"potentialAction\":[{\"@type\":\"SearchAction\",\"target\":{\"@type\":\"EntryPoint\",\"urlTemplate\":\"https:\\\/\\\/radioleinewelle.de\\\/?s={search_term_string}\"},\"query-input\":{\"@type\":\"PropertyValueSpecification\",\"valueRequired\":true,\"valueName\":\"search_term_string\"}}],\"inLanguage\":\"de\"},{\"@type\":\"Organization\",\"@id\":\"https:\\\/\\\/radioleinewelle.de\\\/#organization\",\"name\":\"Radio Leinewelle\",\"alternateName\":\"Mein Radio f\u00fcr S\u00fcdniedersachsen\",\"url\":\"https:\\\/\\\/radioleinewelle.de\\\/\",\"logo\":{\"@type\":\"ImageObject\",\"inLanguage\":\"de\",\"@id\":\"https:\\\/\\\/radioleinewelle.de\\\/#\\\/schema\\\/logo\\\/image\\\/\",\"url\":\"https:\\\/\\\/radioleinewelle.de\\\/wp-content\\\/uploads\\\/2023\\\/11\\\/cropped-Leinewelle_Logo_weiss.png\",\"contentUrl\":\"https:\\\/\\\/radioleinewelle.de\\\/wp-content\\\/uploads\\\/2023\\\/11\\\/cropped-Leinewelle_Logo_weiss.png\",\"width\":854,\"height\":260,\"caption\":\"Radio Leinewelle\"},\"image\":{\"@id\":\"https:\\\/\\\/radioleinewelle.de\\\/#\\\/schema\\\/logo\\\/image\\\/\"},\"sameAs\":[\"https:\\\/\\\/www.facebook.com\\\/radioleinewelle\",\"https:\\\/\\\/x.com\\\/RLeinewelle\",\"https:\\\/\\\/www.instagram.com\\\/radioleinewelle\\\/?hl=de\"]},{\"@type\":\"Person\",\"@id\":\"https:\\\/\\\/radioleinewelle.de\\\/#\\\/schema\\\/person\\\/45606f348637df637192dc1b68399a63\",\"name\":\"Leinewelle\",\"image\":{\"@type\":\"ImageObject\",\"inLanguage\":\"de\",\"@id\":\"https:\\\/\\\/secure.gravatar.com\\\/avatar\\\/05c9a17bc973052ee5d91549bd32fb4dd0dc85b7b85ae94b2e2b4943476bbea5?s=96&d=blank&r=g\",\"url\":\"https:\\\/\\\/secure.gravatar.com\\\/avatar\\\/05c9a17bc973052ee5d91549bd32fb4dd0dc85b7b85ae94b2e2b4943476bbea5?s=96&d=blank&r=g\",\"contentUrl\":\"https:\\\/\\\/secure.gravatar.com\\\/avatar\\\/05c9a17bc973052ee5d91549bd32fb4dd0dc85b7b85ae94b2e2b4943476bbea5?s=96&d=blank&r=g\",\"caption\":\"Leinewelle\"},\"sameAs\":[\"http:\\\/\\\/localhost\\\/radio%20leinewelle\\\/wordpress\",\"https:\\\/\\\/www.facebook.com\\\/radioleinewelle\",\"https:\\\/\\\/www.instagram.com\\\/radioleinewelle\",\"https:\\\/\\\/x.com\\\/https:\\\/\\\/twitter.com\\\/RLeinewelle?ref_src=twsrcgoogletwcampserptwgrauthor\",\"https:\\\/\\\/soundcloud.com\\\/foerderverein-lokalradio?utm_source=clipboard&utm_medium=text&utm_campaign=social_sharing\"],\"url\":\"https:\\\/\\\/radioleinewelle.de\\\/index.php\\\/author\\\/leinewelle\\\/\"}]}<\/script>\n<!-- \/ Yoast SEO plugin. -->","yoast_head_json":{"title":"Regelungen f\u00fcr den Schulbetrieb vor und nach Weihnachten - Radio Leinewelle","robots":{"index":"index","follow":"follow","max-snippet":"max-snippet:-1","max-image-preview":"max-image-preview:large","max-video-preview":"max-video-preview:-1"},"canonical":"https:\/\/radioleinewelle.de\/index.php\/2021\/12\/13\/regelungen-fuer-den-schulbetrieb-vor-und-nach-weihnachten\/","og_locale":"de_DE","og_type":"article","og_title":"Regelungen f\u00fcr den Schulbetrieb vor und nach Weihnachten - Radio Leinewelle","og_description":"Die Weihnachtsferien in Niedersachsen finden regul\u00e4r im Zeitraum von Donnerstag, dem 23.12.2021, bis Freitag, dem 07.01.2022, statt. Das hat das Nieders\u00e4chsische Kultusministerium heute best\u00e4tigt. Der letzte Schultag ist demnach Mittwoch, der 22.12.2021, Schulbeginn im neuen Jahr ist am Montag, dem 10.01.2022. \u201eEbenso wie alle anderen westdeutschen Bundesl\u00e4nder bleiben wir bei den festgelegten Ferienzeiten.&nbsp;Alle Vorhaben der [&hellip;]","og_url":"https:\/\/radioleinewelle.de\/index.php\/2021\/12\/13\/regelungen-fuer-den-schulbetrieb-vor-und-nach-weihnachten\/","og_site_name":"Radio Leinewelle","article_publisher":"https:\/\/www.facebook.com\/radioleinewelle","article_author":"https:\/\/www.facebook.com\/radioleinewelle","article_published_time":"2021-12-13T02:11:07+00:00","og_image":[{"width":640,"height":457,"url":"https:\/\/radioleinewelle.de\/wp-content\/uploads\/2021\/12\/school-gdbf19d90a_640.jpg","type":"image\/jpeg"}],"author":"Leinewelle","twitter_card":"summary_large_image","twitter_creator":"@https:\/\/twitter.com\/RLeinewelle?ref_src=twsrcgoogletwcampserptwgrauthor","twitter_site":"@RLeinewelle","twitter_misc":{"Verfasst von":"Leinewelle","Gesch\u00e4tzte Lesezeit":"3\u00a0Minuten"},"schema":{"@context":"https:\/\/schema.org","@graph":[{"@type":"Article","@id":"https:\/\/radioleinewelle.de\/index.php\/2021\/12\/13\/regelungen-fuer-den-schulbetrieb-vor-und-nach-weihnachten\/#article","isPartOf":{"@id":"https:\/\/radioleinewelle.de\/index.php\/2021\/12\/13\/regelungen-fuer-den-schulbetrieb-vor-und-nach-weihnachten\/"},"author":{"name":"Leinewelle","@id":"https:\/\/radioleinewelle.de\/#\/schema\/person\/45606f348637df637192dc1b68399a63"},"headline":"Regelungen f\u00fcr den Schulbetrieb vor und nach Weihnachten","datePublished":"2021-12-13T02:11:07+00:00","mainEntityOfPage":{"@id":"https:\/\/radioleinewelle.de\/index.php\/2021\/12\/13\/regelungen-fuer-den-schulbetrieb-vor-und-nach-weihnachten\/"},"wordCount":533,"publisher":{"@id":"https:\/\/radioleinewelle.de\/#organization"},"image":{"@id":"https:\/\/radioleinewelle.de\/index.php\/2021\/12\/13\/regelungen-fuer-den-schulbetrieb-vor-und-nach-weihnachten\/#primaryimage"},"thumbnailUrl":"https:\/\/radioleinewelle.de\/wp-content\/uploads\/2021\/12\/school-gdbf19d90a_640.jpg","keywords":["Coronaregelungen Schulbetrieb","Kultusministerium Niedersachsen","Maskenpflicht Schulen"],"articleSection":["Corona"],"inLanguage":"de"},{"@type":"WebPage","@id":"https:\/\/radioleinewelle.de\/index.php\/2021\/12\/13\/regelungen-fuer-den-schulbetrieb-vor-und-nach-weihnachten\/","url":"https:\/\/radioleinewelle.de\/index.php\/2021\/12\/13\/regelungen-fuer-den-schulbetrieb-vor-und-nach-weihnachten\/","name":"Regelungen f\u00fcr den Schulbetrieb vor und nach Weihnachten - Radio Leinewelle","isPartOf":{"@id":"https:\/\/radioleinewelle.de\/#website"},"primaryImageOfPage":{"@id":"https:\/\/radioleinewelle.de\/index.php\/2021\/12\/13\/regelungen-fuer-den-schulbetrieb-vor-und-nach-weihnachten\/#primaryimage"},"image":{"@id":"https:\/\/radioleinewelle.de\/index.php\/2021\/12\/13\/regelungen-fuer-den-schulbetrieb-vor-und-nach-weihnachten\/#primaryimage"},"thumbnailUrl":"https:\/\/radioleinewelle.de\/wp-content\/uploads\/2021\/12\/school-gdbf19d90a_640.jpg","datePublished":"2021-12-13T02:11:07+00:00","breadcrumb":{"@id":"https:\/\/radioleinewelle.de\/index.php\/2021\/12\/13\/regelungen-fuer-den-schulbetrieb-vor-und-nach-weihnachten\/#breadcrumb"},"inLanguage":"de","potentialAction":[{"@type":"ReadAction","target":["https:\/\/radioleinewelle.de\/index.php\/2021\/12\/13\/regelungen-fuer-den-schulbetrieb-vor-und-nach-weihnachten\/"]}]},{"@type":"ImageObject","inLanguage":"de","@id":"https:\/\/radioleinewelle.de\/index.php\/2021\/12\/13\/regelungen-fuer-den-schulbetrieb-vor-und-nach-weihnachten\/#primaryimage","url":"https:\/\/radioleinewelle.de\/wp-content\/uploads\/2021\/12\/school-gdbf19d90a_640.jpg","contentUrl":"https:\/\/radioleinewelle.de\/wp-content\/uploads\/2021\/12\/school-gdbf19d90a_640.jpg","width":640,"height":457},{"@type":"BreadcrumbList","@id":"https:\/\/radioleinewelle.de\/index.php\/2021\/12\/13\/regelungen-fuer-den-schulbetrieb-vor-und-nach-weihnachten\/#breadcrumb","itemListElement":[{"@type":"ListItem","position":1,"name":"Startseite","item":"https:\/\/radioleinewelle.de\/"},{"@type":"ListItem","position":2,"name":"Regelungen f\u00fcr den Schulbetrieb vor und nach Weihnachten"}]},{"@type":"WebSite","@id":"https:\/\/radioleinewelle.de\/#website","url":"https:\/\/radioleinewelle.de\/","name":"Radio Leinewelle","description":"","publisher":{"@id":"https:\/\/radioleinewelle.de\/#organization"},"potentialAction":[{"@type":"SearchAction","target":{"@type":"EntryPoint","urlTemplate":"https:\/\/radioleinewelle.de\/?s={search_term_string}"},"query-input":{"@type":"PropertyValueSpecification","valueRequired":true,"valueName":"search_term_string"}}],"inLanguage":"de"},{"@type":"Organization","@id":"https:\/\/radioleinewelle.de\/#organization","name":"Radio Leinewelle","alternateName":"Mein Radio f\u00fcr S\u00fcdniedersachsen","url":"https:\/\/radioleinewelle.de\/","logo":{"@type":"ImageObject","inLanguage":"de","@id":"https:\/\/radioleinewelle.de\/#\/schema\/logo\/image\/","url":"https:\/\/radioleinewelle.de\/wp-content\/uploads\/2023\/11\/cropped-Leinewelle_Logo_weiss.png","contentUrl":"https:\/\/radioleinewelle.de\/wp-content\/uploads\/2023\/11\/cropped-Leinewelle_Logo_weiss.png","width":854,"height":260,"caption":"Radio Leinewelle"},"image":{"@id":"https:\/\/radioleinewelle.de\/#\/schema\/logo\/image\/"},"sameAs":["https:\/\/www.facebook.com\/radioleinewelle","https:\/\/x.com\/RLeinewelle","https:\/\/www.instagram.com\/radioleinewelle\/?hl=de"]},{"@type":"Person","@id":"https:\/\/radioleinewelle.de\/#\/schema\/person\/45606f348637df637192dc1b68399a63","name":"Leinewelle","image":{"@type":"ImageObject","inLanguage":"de","@id":"https:\/\/secure.gravatar.com\/avatar\/05c9a17bc973052ee5d91549bd32fb4dd0dc85b7b85ae94b2e2b4943476bbea5?s=96&d=blank&r=g","url":"https:\/\/secure.gravatar.com\/avatar\/05c9a17bc973052ee5d91549bd32fb4dd0dc85b7b85ae94b2e2b4943476bbea5?s=96&d=blank&r=g","contentUrl":"https:\/\/secure.gravatar.com\/avatar\/05c9a17bc973052ee5d91549bd32fb4dd0dc85b7b85ae94b2e2b4943476bbea5?s=96&d=blank&r=g","caption":"Leinewelle"},"sameAs":["http:\/\/localhost\/radio%20leinewelle\/wordpress","https:\/\/www.facebook.com\/radioleinewelle","https:\/\/www.instagram.com\/radioleinewelle","https:\/\/x.com\/https:\/\/twitter.com\/RLeinewelle?ref_src=twsrcgoogletwcampserptwgrauthor","https:\/\/soundcloud.com\/foerderverein-lokalradio?utm_source=clipboard&utm_medium=text&utm_campaign=social_sharing"],"url":"https:\/\/radioleinewelle.de\/index.php\/author\/leinewelle\/"}]}},"_links":{"self":[{"href":"https:\/\/radioleinewelle.de\/index.php\/wp-json\/wp\/v2\/posts\/11963","targetHints":{"allow":["GET"]}}],"collection":[{"href":"https:\/\/radioleinewelle.de\/index.php\/wp-json\/wp\/v2\/posts"}],"about":[{"href":"https:\/\/radioleinewelle.de\/index.php\/wp-json\/wp\/v2\/types\/post"}],"author":[{"embeddable":true,"href":"https:\/\/radioleinewelle.de\/index.php\/wp-json\/wp\/v2\/users\/1"}],"replies":[{"embeddable":true,"href":"https:\/\/radioleinewelle.de\/index.php\/wp-json\/wp\/v2\/comments?post=11963"}],"version-history":[{"count":0,"href":"https:\/\/radioleinewelle.de\/index.php\/wp-json\/wp\/v2\/posts\/11963\/revisions"}],"wp:featuredmedia":[{"embeddable":true,"href":"https:\/\/radioleinewelle.de\/index.php\/wp-json\/wp\/v2\/media\/11933"}],"wp:attachment":[{"href":"https:\/\/radioleinewelle.de\/index.php\/wp-json\/wp\/v2\/media?parent=11963"}],"wp:term":[{"taxonomy":"category","embeddable":true,"href":"https:\/\/radioleinewelle.de\/index.php\/wp-json\/wp\/v2\/categories?post=11963"},{"taxonomy":"post_tag","embeddable":true,"href":"https:\/\/radioleinewelle.de\/index.php\/wp-json\/wp\/v2\/tags?post=11963"}],"curies":[{"name":"wp","href":"https:\/\/api.w.org\/{rel}","templated":true}]}}