{"id":1201,"date":"2020-08-17T09:19:32","date_gmt":"2020-08-17T07:19:32","guid":{"rendered":"https:\/\/radioleinewelle.de\/?p=1201"},"modified":"2020-08-17T09:19:32","modified_gmt":"2020-08-17T07:19:32","slug":"zurueck-aus-dem-urlaub-informationen-des-goettinger-gesundheitsamts","status":"publish","type":"post","link":"https:\/\/radioleinewelle.de\/index.php\/2020\/08\/17\/zurueck-aus-dem-urlaub-informationen-des-goettinger-gesundheitsamts\/","title":{"rendered":"Zur\u00fcck aus dem Urlaub? Informationen des G\u00f6ttinger Gesundheitsamts"},"content":{"rendered":"<p>Wer derzeit von einer Auslandsreise nach G\u00f6ttingen zur\u00fcckkehrt, sollte\u00a0sich in den auf die R\u00fcckkehr folgenden 14 Tagen m\u00f6glichst zu Hause aufhalten und unn\u00f6tige Kontakte zu anderen Personen vermeiden.\u00a0Diesen dringenden Appell richtet das Gesundheitsamt f\u00fcr die Stadt und den Landkreis G\u00f6ttingen an alle Reiser\u00fcckkehrer*innen. F\u00fcr R\u00fcckehrer*innen aus Risikogebieten gelten strengere Auflagen.<\/p>\n<p>F\u00fcr allgemeine Fragen ist das Gesundheitsamt f\u00fcr Stadt und Landkreis G\u00f6ttingen unter der Nummer <a id=\"Kontakt\" title=\"0551\/ 400-4802\" name=\"Kontakt\"><\/a>0551\/ 400-4802\u00a0erreichbar. Die Hotline ist montags bis freitags von 9.00 bis 17.00 sowie sonnabends und sonntags von 11.00 bis 17.00 erreichbar (au\u00dferhalb der Anrufzeiten bitte per <a class=\"mail\" title=\"E-Mail\" href=\"mailto:gesundheitsamt@goettingen.de%20\">E-Mail<\/a>\u00a0Kontakt aufnehmen). Wer \u00e4rztlichen Rat ben\u00f6tigt, wendet sich bitte an die Haus\u00e4rztin oder den Hausarzt, in den Abendstunden und am Wochenende ist der \u00e4rztliche\u00a0Bereitschaftsdiensterreichen unter der Nummer 116 117 erreichbar. F\u00fcr die Pflicht-Meldung\u00a0an das Gesundheitsamt steht ein <a class=\"intern\" title=\"Meldebogen\" href=\"https:\/\/www.goettingen.de\/aktuelles\/zurueck-aus-dem-urlaub-bitte-moeglichst-zu-hause-bleiben-2020-08-13.html#Online-Meldebogen\">Meldebogen<\/a>\u00a0bereit, der digital ausgef\u00fcllt werden kann.<br \/>\nWeitere Informationen unter <a href=\"https:\/\/www.goettingen.de\/aktuelles\/zurueck-aus-dem-urlaub-bitte-moeglichst-zu-hause-bleiben-2020-08-13.html\">Stadt G\u00f6ttingen<\/a><\/p>\n","protected":false},"excerpt":{"rendered":"<p>Wer derzeit von einer Auslandsreise nach G\u00f6ttingen zur\u00fcckkehrt, sollte\u00a0sich in den auf die R\u00fcckkehr folgenden 14 Tagen m\u00f6glichst zu Hause aufhalten und unn\u00f6tige Kontakte zu anderen Personen vermeiden.\u00a0Diesen dringenden Appell richtet das Gesundheitsamt f\u00fcr die Stadt und den Landkreis G\u00f6ttingen an alle Reiser\u00fcckkehrer*innen. F\u00fcr R\u00fcckehrer*innen aus Risikogebieten gelten strengere Auflagen. F\u00fcr allgemeine Fragen ist das [&hellip;]<\/p>\n","protected":false},"author":1,"featured_media":1147,"comment_status":"closed","ping_status":"closed","sticky":false,"template":"","format":"standard","meta":{"saved_in_kubio":false,"footnotes":""},"categories":[24],"tags":[],"class_list":["post-1201","post","type-post","status-publish","format-standard","has-post-thumbnail","hentry","category-news"],"yoast_head":"<!-- This site is optimized with the Yoast SEO plugin v27.5 - https:\/\/yoast.com\/product\/yoast-seo-wordpress\/ -->\n<title>Zur\u00fcck aus dem Urlaub? Informationen des G\u00f6ttinger Gesundheitsamts - Radio Leinewelle<\/title>\n<meta name=\"robots\" content=\"index, follow, max-snippet:-1, max-image-preview:large, max-video-preview:-1\" \/>\n<link rel=\"canonical\" href=\"https:\/\/radioleinewelle.de\/index.php\/2020\/08\/17\/zurueck-aus-dem-urlaub-informationen-des-goettinger-gesundheitsamts\/\" \/>\n<meta property=\"og:locale\" content=\"de_DE\" \/>\n<meta property=\"og:type\" content=\"article\" \/>\n<meta property=\"og:title\" content=\"Zur\u00fcck aus dem Urlaub? Informationen des G\u00f6ttinger Gesundheitsamts - Radio Leinewelle\" \/>\n<meta property=\"og:description\" content=\"Wer derzeit von einer Auslandsreise nach G\u00f6ttingen zur\u00fcckkehrt, sollte\u00a0sich in den auf die R\u00fcckkehr folgenden 14 Tagen m\u00f6glichst zu Hause aufhalten und unn\u00f6tige Kontakte zu anderen Personen vermeiden.\u00a0Diesen dringenden Appell richtet das Gesundheitsamt f\u00fcr die Stadt und den Landkreis G\u00f6ttingen an alle Reiser\u00fcckkehrer*innen. F\u00fcr R\u00fcckehrer*innen aus Risikogebieten gelten strengere Auflagen. F\u00fcr allgemeine Fragen ist das [&hellip;]\" \/>\n<meta property=\"og:url\" content=\"https:\/\/radioleinewelle.de\/index.php\/2020\/08\/17\/zurueck-aus-dem-urlaub-informationen-des-goettinger-gesundheitsamts\/\" \/>\n<meta property=\"og:site_name\" content=\"Radio Leinewelle\" \/>\n<meta property=\"article:publisher\" content=\"https:\/\/www.facebook.com\/radioleinewelle\" \/>\n<meta property=\"article:author\" content=\"https:\/\/www.facebook.com\/radioleinewelle\" \/>\n<meta property=\"article:published_time\" content=\"2020-08-17T07:19:32+00:00\" \/>\n<meta property=\"og:image\" content=\"https:\/\/radioleinewelle.de\/wp-content\/uploads\/2020\/08\/mobile-phone-5355431_1920.png\" \/>\n\t<meta property=\"og:image:width\" content=\"1920\" \/>\n\t<meta property=\"og:image:height\" content=\"945\" \/>\n\t<meta property=\"og:image:type\" content=\"image\/png\" \/>\n<meta name=\"author\" content=\"Leinewelle\" \/>\n<meta name=\"twitter:card\" content=\"summary_large_image\" \/>\n<meta name=\"twitter:creator\" content=\"@https:\/\/twitter.com\/RLeinewelle?ref_src=twsrcgoogletwcampserptwgrauthor\" \/>\n<meta name=\"twitter:site\" content=\"@RLeinewelle\" \/>\n<meta name=\"twitter:label1\" content=\"Verfasst von\" \/>\n\t<meta name=\"twitter:data1\" content=\"Leinewelle\" \/>\n\t<meta name=\"twitter:label2\" content=\"Gesch\u00e4tzte Lesezeit\" \/>\n\t<meta name=\"twitter:data2\" content=\"1\u00a0Minute\" \/>\n<script type=\"application\/ld+json\" class=\"yoast-schema-graph\">{\"@context\":\"https:\\\/\\\/schema.org\",\"@graph\":[{\"@type\":\"Article\",\"@id\":\"https:\\\/\\\/radioleinewelle.de\\\/index.php\\\/2020\\\/08\\\/17\\\/zurueck-aus-dem-urlaub-informationen-des-goettinger-gesundheitsamts\\\/#article\",\"isPartOf\":{\"@id\":\"https:\\\/\\\/radioleinewelle.de\\\/index.php\\\/2020\\\/08\\\/17\\\/zurueck-aus-dem-urlaub-informationen-des-goettinger-gesundheitsamts\\\/\"},\"author\":{\"name\":\"Leinewelle\",\"@id\":\"https:\\\/\\\/radioleinewelle.de\\\/#\\\/schema\\\/person\\\/45606f348637df637192dc1b68399a63\"},\"headline\":\"Zur\u00fcck aus dem Urlaub? Informationen des G\u00f6ttinger Gesundheitsamts\",\"datePublished\":\"2020-08-17T07:19:32+00:00\",\"mainEntityOfPage\":{\"@id\":\"https:\\\/\\\/radioleinewelle.de\\\/index.php\\\/2020\\\/08\\\/17\\\/zurueck-aus-dem-urlaub-informationen-des-goettinger-gesundheitsamts\\\/\"},\"wordCount\":168,\"publisher\":{\"@id\":\"https:\\\/\\\/radioleinewelle.de\\\/#organization\"},\"image\":{\"@id\":\"https:\\\/\\\/radioleinewelle.de\\\/index.php\\\/2020\\\/08\\\/17\\\/zurueck-aus-dem-urlaub-informationen-des-goettinger-gesundheitsamts\\\/#primaryimage\"},\"thumbnailUrl\":\"https:\\\/\\\/radioleinewelle.de\\\/wp-content\\\/uploads\\\/2020\\\/08\\\/mobile-phone-5355431_1920.png\",\"articleSection\":[\"Aktuelle Nachrichten\"],\"inLanguage\":\"de\"},{\"@type\":\"WebPage\",\"@id\":\"https:\\\/\\\/radioleinewelle.de\\\/index.php\\\/2020\\\/08\\\/17\\\/zurueck-aus-dem-urlaub-informationen-des-goettinger-gesundheitsamts\\\/\",\"url\":\"https:\\\/\\\/radioleinewelle.de\\\/index.php\\\/2020\\\/08\\\/17\\\/zurueck-aus-dem-urlaub-informationen-des-goettinger-gesundheitsamts\\\/\",\"name\":\"Zur\u00fcck aus dem Urlaub? Informationen des G\u00f6ttinger Gesundheitsamts - Radio Leinewelle\",\"isPartOf\":{\"@id\":\"https:\\\/\\\/radioleinewelle.de\\\/#website\"},\"primaryImageOfPage\":{\"@id\":\"https:\\\/\\\/radioleinewelle.de\\\/index.php\\\/2020\\\/08\\\/17\\\/zurueck-aus-dem-urlaub-informationen-des-goettinger-gesundheitsamts\\\/#primaryimage\"},\"image\":{\"@id\":\"https:\\\/\\\/radioleinewelle.de\\\/index.php\\\/2020\\\/08\\\/17\\\/zurueck-aus-dem-urlaub-informationen-des-goettinger-gesundheitsamts\\\/#primaryimage\"},\"thumbnailUrl\":\"https:\\\/\\\/radioleinewelle.de\\\/wp-content\\\/uploads\\\/2020\\\/08\\\/mobile-phone-5355431_1920.png\",\"datePublished\":\"2020-08-17T07:19:32+00:00\",\"breadcrumb\":{\"@id\":\"https:\\\/\\\/radioleinewelle.de\\\/index.php\\\/2020\\\/08\\\/17\\\/zurueck-aus-dem-urlaub-informationen-des-goettinger-gesundheitsamts\\\/#breadcrumb\"},\"inLanguage\":\"de\",\"potentialAction\":[{\"@type\":\"ReadAction\",\"target\":[\"https:\\\/\\\/radioleinewelle.de\\\/index.php\\\/2020\\\/08\\\/17\\\/zurueck-aus-dem-urlaub-informationen-des-goettinger-gesundheitsamts\\\/\"]}]},{\"@type\":\"ImageObject\",\"inLanguage\":\"de\",\"@id\":\"https:\\\/\\\/radioleinewelle.de\\\/index.php\\\/2020\\\/08\\\/17\\\/zurueck-aus-dem-urlaub-informationen-des-goettinger-gesundheitsamts\\\/#primaryimage\",\"url\":\"https:\\\/\\\/radioleinewelle.de\\\/wp-content\\\/uploads\\\/2020\\\/08\\\/mobile-phone-5355431_1920.png\",\"contentUrl\":\"https:\\\/\\\/radioleinewelle.de\\\/wp-content\\\/uploads\\\/2020\\\/08\\\/mobile-phone-5355431_1920.png\",\"width\":1920,\"height\":945},{\"@type\":\"BreadcrumbList\",\"@id\":\"https:\\\/\\\/radioleinewelle.de\\\/index.php\\\/2020\\\/08\\\/17\\\/zurueck-aus-dem-urlaub-informationen-des-goettinger-gesundheitsamts\\\/#breadcrumb\",\"itemListElement\":[{\"@type\":\"ListItem\",\"position\":1,\"name\":\"Startseite\",\"item\":\"https:\\\/\\\/radioleinewelle.de\\\/\"},{\"@type\":\"ListItem\",\"position\":2,\"name\":\"Zur\u00fcck aus dem Urlaub? Informationen des G\u00f6ttinger Gesundheitsamts\"}]},{\"@type\":\"WebSite\",\"@id\":\"https:\\\/\\\/radioleinewelle.de\\\/#website\",\"url\":\"https:\\\/\\\/radioleinewelle.de\\\/\",\"name\":\"Radio Leinewelle\",\"description\":\"\",\"publisher\":{\"@id\":\"https:\\\/\\\/radioleinewelle.de\\\/#organization\"},\"potentialAction\":[{\"@type\":\"SearchAction\",\"target\":{\"@type\":\"EntryPoint\",\"urlTemplate\":\"https:\\\/\\\/radioleinewelle.de\\\/?s={search_term_string}\"},\"query-input\":{\"@type\":\"PropertyValueSpecification\",\"valueRequired\":true,\"valueName\":\"search_term_string\"}}],\"inLanguage\":\"de\"},{\"@type\":\"Organization\",\"@id\":\"https:\\\/\\\/radioleinewelle.de\\\/#organization\",\"name\":\"Radio Leinewelle\",\"alternateName\":\"Mein Radio f\u00fcr S\u00fcdniedersachsen\",\"url\":\"https:\\\/\\\/radioleinewelle.de\\\/\",\"logo\":{\"@type\":\"ImageObject\",\"inLanguage\":\"de\",\"@id\":\"https:\\\/\\\/radioleinewelle.de\\\/#\\\/schema\\\/logo\\\/image\\\/\",\"url\":\"https:\\\/\\\/radioleinewelle.de\\\/wp-content\\\/uploads\\\/2023\\\/11\\\/cropped-Leinewelle_Logo_weiss.png\",\"contentUrl\":\"https:\\\/\\\/radioleinewelle.de\\\/wp-content\\\/uploads\\\/2023\\\/11\\\/cropped-Leinewelle_Logo_weiss.png\",\"width\":854,\"height\":260,\"caption\":\"Radio Leinewelle\"},\"image\":{\"@id\":\"https:\\\/\\\/radioleinewelle.de\\\/#\\\/schema\\\/logo\\\/image\\\/\"},\"sameAs\":[\"https:\\\/\\\/www.facebook.com\\\/radioleinewelle\",\"https:\\\/\\\/x.com\\\/RLeinewelle\",\"https:\\\/\\\/www.instagram.com\\\/radioleinewelle\\\/?hl=de\"]},{\"@type\":\"Person\",\"@id\":\"https:\\\/\\\/radioleinewelle.de\\\/#\\\/schema\\\/person\\\/45606f348637df637192dc1b68399a63\",\"name\":\"Leinewelle\",\"image\":{\"@type\":\"ImageObject\",\"inLanguage\":\"de\",\"@id\":\"https:\\\/\\\/secure.gravatar.com\\\/avatar\\\/05c9a17bc973052ee5d91549bd32fb4dd0dc85b7b85ae94b2e2b4943476bbea5?s=96&d=blank&r=g\",\"url\":\"https:\\\/\\\/secure.gravatar.com\\\/avatar\\\/05c9a17bc973052ee5d91549bd32fb4dd0dc85b7b85ae94b2e2b4943476bbea5?s=96&d=blank&r=g\",\"contentUrl\":\"https:\\\/\\\/secure.gravatar.com\\\/avatar\\\/05c9a17bc973052ee5d91549bd32fb4dd0dc85b7b85ae94b2e2b4943476bbea5?s=96&d=blank&r=g\",\"caption\":\"Leinewelle\"},\"sameAs\":[\"http:\\\/\\\/localhost\\\/radio%20leinewelle\\\/wordpress\",\"https:\\\/\\\/www.facebook.com\\\/radioleinewelle\",\"https:\\\/\\\/www.instagram.com\\\/radioleinewelle\",\"https:\\\/\\\/x.com\\\/https:\\\/\\\/twitter.com\\\/RLeinewelle?ref_src=twsrcgoogletwcampserptwgrauthor\",\"https:\\\/\\\/soundcloud.com\\\/foerderverein-lokalradio?utm_source=clipboard&utm_medium=text&utm_campaign=social_sharing\"],\"url\":\"https:\\\/\\\/radioleinewelle.de\\\/index.php\\\/author\\\/leinewelle\\\/\"}]}<\/script>\n<!-- \/ Yoast SEO plugin. -->","yoast_head_json":{"title":"Zur\u00fcck aus dem Urlaub? Informationen des G\u00f6ttinger Gesundheitsamts - Radio Leinewelle","robots":{"index":"index","follow":"follow","max-snippet":"max-snippet:-1","max-image-preview":"max-image-preview:large","max-video-preview":"max-video-preview:-1"},"canonical":"https:\/\/radioleinewelle.de\/index.php\/2020\/08\/17\/zurueck-aus-dem-urlaub-informationen-des-goettinger-gesundheitsamts\/","og_locale":"de_DE","og_type":"article","og_title":"Zur\u00fcck aus dem Urlaub? Informationen des G\u00f6ttinger Gesundheitsamts - Radio Leinewelle","og_description":"Wer derzeit von einer Auslandsreise nach G\u00f6ttingen zur\u00fcckkehrt, sollte\u00a0sich in den auf die R\u00fcckkehr folgenden 14 Tagen m\u00f6glichst zu Hause aufhalten und unn\u00f6tige Kontakte zu anderen Personen vermeiden.\u00a0Diesen dringenden Appell richtet das Gesundheitsamt f\u00fcr die Stadt und den Landkreis G\u00f6ttingen an alle Reiser\u00fcckkehrer*innen. F\u00fcr R\u00fcckehrer*innen aus Risikogebieten gelten strengere Auflagen. F\u00fcr allgemeine Fragen ist das [&hellip;]","og_url":"https:\/\/radioleinewelle.de\/index.php\/2020\/08\/17\/zurueck-aus-dem-urlaub-informationen-des-goettinger-gesundheitsamts\/","og_site_name":"Radio Leinewelle","article_publisher":"https:\/\/www.facebook.com\/radioleinewelle","article_author":"https:\/\/www.facebook.com\/radioleinewelle","article_published_time":"2020-08-17T07:19:32+00:00","og_image":[{"width":1920,"height":945,"url":"https:\/\/radioleinewelle.de\/wp-content\/uploads\/2020\/08\/mobile-phone-5355431_1920.png","type":"image\/png"}],"author":"Leinewelle","twitter_card":"summary_large_image","twitter_creator":"@https:\/\/twitter.com\/RLeinewelle?ref_src=twsrcgoogletwcampserptwgrauthor","twitter_site":"@RLeinewelle","twitter_misc":{"Verfasst von":"Leinewelle","Gesch\u00e4tzte Lesezeit":"1\u00a0Minute"},"schema":{"@context":"https:\/\/schema.org","@graph":[{"@type":"Article","@id":"https:\/\/radioleinewelle.de\/index.php\/2020\/08\/17\/zurueck-aus-dem-urlaub-informationen-des-goettinger-gesundheitsamts\/#article","isPartOf":{"@id":"https:\/\/radioleinewelle.de\/index.php\/2020\/08\/17\/zurueck-aus-dem-urlaub-informationen-des-goettinger-gesundheitsamts\/"},"author":{"name":"Leinewelle","@id":"https:\/\/radioleinewelle.de\/#\/schema\/person\/45606f348637df637192dc1b68399a63"},"headline":"Zur\u00fcck aus dem Urlaub? Informationen des G\u00f6ttinger Gesundheitsamts","datePublished":"2020-08-17T07:19:32+00:00","mainEntityOfPage":{"@id":"https:\/\/radioleinewelle.de\/index.php\/2020\/08\/17\/zurueck-aus-dem-urlaub-informationen-des-goettinger-gesundheitsamts\/"},"wordCount":168,"publisher":{"@id":"https:\/\/radioleinewelle.de\/#organization"},"image":{"@id":"https:\/\/radioleinewelle.de\/index.php\/2020\/08\/17\/zurueck-aus-dem-urlaub-informationen-des-goettinger-gesundheitsamts\/#primaryimage"},"thumbnailUrl":"https:\/\/radioleinewelle.de\/wp-content\/uploads\/2020\/08\/mobile-phone-5355431_1920.png","articleSection":["Aktuelle Nachrichten"],"inLanguage":"de"},{"@type":"WebPage","@id":"https:\/\/radioleinewelle.de\/index.php\/2020\/08\/17\/zurueck-aus-dem-urlaub-informationen-des-goettinger-gesundheitsamts\/","url":"https:\/\/radioleinewelle.de\/index.php\/2020\/08\/17\/zurueck-aus-dem-urlaub-informationen-des-goettinger-gesundheitsamts\/","name":"Zur\u00fcck aus dem Urlaub? Informationen des G\u00f6ttinger Gesundheitsamts - Radio Leinewelle","isPartOf":{"@id":"https:\/\/radioleinewelle.de\/#website"},"primaryImageOfPage":{"@id":"https:\/\/radioleinewelle.de\/index.php\/2020\/08\/17\/zurueck-aus-dem-urlaub-informationen-des-goettinger-gesundheitsamts\/#primaryimage"},"image":{"@id":"https:\/\/radioleinewelle.de\/index.php\/2020\/08\/17\/zurueck-aus-dem-urlaub-informationen-des-goettinger-gesundheitsamts\/#primaryimage"},"thumbnailUrl":"https:\/\/radioleinewelle.de\/wp-content\/uploads\/2020\/08\/mobile-phone-5355431_1920.png","datePublished":"2020-08-17T07:19:32+00:00","breadcrumb":{"@id":"https:\/\/radioleinewelle.de\/index.php\/2020\/08\/17\/zurueck-aus-dem-urlaub-informationen-des-goettinger-gesundheitsamts\/#breadcrumb"},"inLanguage":"de","potentialAction":[{"@type":"ReadAction","target":["https:\/\/radioleinewelle.de\/index.php\/2020\/08\/17\/zurueck-aus-dem-urlaub-informationen-des-goettinger-gesundheitsamts\/"]}]},{"@type":"ImageObject","inLanguage":"de","@id":"https:\/\/radioleinewelle.de\/index.php\/2020\/08\/17\/zurueck-aus-dem-urlaub-informationen-des-goettinger-gesundheitsamts\/#primaryimage","url":"https:\/\/radioleinewelle.de\/wp-content\/uploads\/2020\/08\/mobile-phone-5355431_1920.png","contentUrl":"https:\/\/radioleinewelle.de\/wp-content\/uploads\/2020\/08\/mobile-phone-5355431_1920.png","width":1920,"height":945},{"@type":"BreadcrumbList","@id":"https:\/\/radioleinewelle.de\/index.php\/2020\/08\/17\/zurueck-aus-dem-urlaub-informationen-des-goettinger-gesundheitsamts\/#breadcrumb","itemListElement":[{"@type":"ListItem","position":1,"name":"Startseite","item":"https:\/\/radioleinewelle.de\/"},{"@type":"ListItem","position":2,"name":"Zur\u00fcck aus dem Urlaub? Informationen des G\u00f6ttinger Gesundheitsamts"}]},{"@type":"WebSite","@id":"https:\/\/radioleinewelle.de\/#website","url":"https:\/\/radioleinewelle.de\/","name":"Radio Leinewelle","description":"","publisher":{"@id":"https:\/\/radioleinewelle.de\/#organization"},"potentialAction":[{"@type":"SearchAction","target":{"@type":"EntryPoint","urlTemplate":"https:\/\/radioleinewelle.de\/?s={search_term_string}"},"query-input":{"@type":"PropertyValueSpecification","valueRequired":true,"valueName":"search_term_string"}}],"inLanguage":"de"},{"@type":"Organization","@id":"https:\/\/radioleinewelle.de\/#organization","name":"Radio Leinewelle","alternateName":"Mein Radio f\u00fcr S\u00fcdniedersachsen","url":"https:\/\/radioleinewelle.de\/","logo":{"@type":"ImageObject","inLanguage":"de","@id":"https:\/\/radioleinewelle.de\/#\/schema\/logo\/image\/","url":"https:\/\/radioleinewelle.de\/wp-content\/uploads\/2023\/11\/cropped-Leinewelle_Logo_weiss.png","contentUrl":"https:\/\/radioleinewelle.de\/wp-content\/uploads\/2023\/11\/cropped-Leinewelle_Logo_weiss.png","width":854,"height":260,"caption":"Radio Leinewelle"},"image":{"@id":"https:\/\/radioleinewelle.de\/#\/schema\/logo\/image\/"},"sameAs":["https:\/\/www.facebook.com\/radioleinewelle","https:\/\/x.com\/RLeinewelle","https:\/\/www.instagram.com\/radioleinewelle\/?hl=de"]},{"@type":"Person","@id":"https:\/\/radioleinewelle.de\/#\/schema\/person\/45606f348637df637192dc1b68399a63","name":"Leinewelle","image":{"@type":"ImageObject","inLanguage":"de","@id":"https:\/\/secure.gravatar.com\/avatar\/05c9a17bc973052ee5d91549bd32fb4dd0dc85b7b85ae94b2e2b4943476bbea5?s=96&d=blank&r=g","url":"https:\/\/secure.gravatar.com\/avatar\/05c9a17bc973052ee5d91549bd32fb4dd0dc85b7b85ae94b2e2b4943476bbea5?s=96&d=blank&r=g","contentUrl":"https:\/\/secure.gravatar.com\/avatar\/05c9a17bc973052ee5d91549bd32fb4dd0dc85b7b85ae94b2e2b4943476bbea5?s=96&d=blank&r=g","caption":"Leinewelle"},"sameAs":["http:\/\/localhost\/radio%20leinewelle\/wordpress","https:\/\/www.facebook.com\/radioleinewelle","https:\/\/www.instagram.com\/radioleinewelle","https:\/\/x.com\/https:\/\/twitter.com\/RLeinewelle?ref_src=twsrcgoogletwcampserptwgrauthor","https:\/\/soundcloud.com\/foerderverein-lokalradio?utm_source=clipboard&utm_medium=text&utm_campaign=social_sharing"],"url":"https:\/\/radioleinewelle.de\/index.php\/author\/leinewelle\/"}]}},"_links":{"self":[{"href":"https:\/\/radioleinewelle.de\/index.php\/wp-json\/wp\/v2\/posts\/1201","targetHints":{"allow":["GET"]}}],"collection":[{"href":"https:\/\/radioleinewelle.de\/index.php\/wp-json\/wp\/v2\/posts"}],"about":[{"href":"https:\/\/radioleinewelle.de\/index.php\/wp-json\/wp\/v2\/types\/post"}],"author":[{"embeddable":true,"href":"https:\/\/radioleinewelle.de\/index.php\/wp-json\/wp\/v2\/users\/1"}],"replies":[{"embeddable":true,"href":"https:\/\/radioleinewelle.de\/index.php\/wp-json\/wp\/v2\/comments?post=1201"}],"version-history":[{"count":0,"href":"https:\/\/radioleinewelle.de\/index.php\/wp-json\/wp\/v2\/posts\/1201\/revisions"}],"wp:featuredmedia":[{"embeddable":true,"href":"https:\/\/radioleinewelle.de\/index.php\/wp-json\/wp\/v2\/media\/1147"}],"wp:attachment":[{"href":"https:\/\/radioleinewelle.de\/index.php\/wp-json\/wp\/v2\/media?parent=1201"}],"wp:term":[{"taxonomy":"category","embeddable":true,"href":"https:\/\/radioleinewelle.de\/index.php\/wp-json\/wp\/v2\/categories?post=1201"},{"taxonomy":"post_tag","embeddable":true,"href":"https:\/\/radioleinewelle.de\/index.php\/wp-json\/wp\/v2\/tags?post=1201"}],"curies":[{"name":"wp","href":"https:\/\/api.w.org\/{rel}","templated":true}]}}