{"id":1205,"date":"2020-08-17T09:23:08","date_gmt":"2020-08-17T07:23:08","guid":{"rendered":"https:\/\/radioleinewelle.de\/?p=1205"},"modified":"2023-01-31T12:04:41","modified_gmt":"2023-01-31T11:04:41","slug":"promotionsumzug-zum-goettinger-gaenseliesel-nicht-unfallversichert","status":"publish","type":"post","link":"https:\/\/radioleinewelle.de\/index.php\/2020\/08\/17\/promotionsumzug-zum-goettinger-gaenseliesel-nicht-unfallversichert\/","title":{"rendered":"Promotionsumzug zum G\u00f6ttinger G\u00e4nseliesel nicht unfallversichert"},"content":{"rendered":"<p>Betriebsfeiern fallen grunds\u00e4tzlich unter den Schutz der Gesetzlichen Unfallversicherung. Warum ein Promotionsumzug nicht dazu geh\u00f6rt, hat das Landessozialgericht Niedersachsen-Bremen (LSG) in einem aktuellen Urteil beleuchtet. Geklagt hatte eine langj\u00e4hrige Mitarbeiterin eines G\u00f6ttinger Forschungsinstituts, die bei der traditionellen Verabschiedung eines Doktoranden verungl\u00fcckte. Der frisch gebackene Absolvent sa\u00df im sog. Doktorwagen und wurde von Institutskollegen auf dem Weg zum G\u00e4nseliesel Brunnen begleitet. Nach dem feierlichen Kuss wurde der institutseigene Wagen gemeinsam zur\u00fcckgebracht; zwei Kolleginnen zogen und die Kl\u00e4gerin schob. Als der Zug gerade die Fu\u00dfg\u00e4ngerzone verlassen hatte, versp\u00fcrte die Kl\u00e4gerin ein Unwohlsein, sackte in sich zusammen und st\u00fcrzte r\u00fccklings auf den B\u00fcrgersteig. Die Berufsgenossenschaft (BG) lehnte die Anerkennung eines Arbeitsunfalls ab. Denn nach den Berichten ihrer \u00c4rzte leide die Kl\u00e4gerin an schlecht eingestelltem Bluthochdruck, der zu einem Schwindelanfall gef\u00fchrt habe. Solch eine \u201einnere Ursache\u201c sei jedoch nicht versichert. Demgegen\u00fcber meinte die Kl\u00e4gerin, dass sie gestolpert sei und der Unfall nicht auf den Blutdruck zur\u00fcckgef\u00fchrt werden k\u00f6nne. Das LSG hat die die Rechtsauffassung der BG aus zwei eigenst\u00e4ndigen Gr\u00fcnden best\u00e4tigt: Zum einen bestehe nach h\u00f6chstrichterlicher Rechtsprechung schon f\u00fcr den Promotionsumzug kein gesetzlicher Unfallversicherungsschutz. Die Veranstaltung habe keinen betrieblichen Charakter, sondern sei Ausdruck der pers\u00f6nlichen Freude in einem besonderen Rahmen und diene dem Erhalt einer langen studentischen Tradition. Dies gelte auch dann, wenn ein institutseigener Doktorwagen verwendet werde. Zum anderen sei der Sturz auch nicht durch ein Stolpern beim Schieben des Wagens verursacht worden, sondern durch die innere Ursache eines Schwindelanfalls. Denn nach den Aussagen der Zeuginnen sei der Kl\u00e4gerin beim Gehen unwohl geworden, dann habe sie gest\u00f6hnt, sei zusammengesackt und auf den Hinterkopf gefallen. Dieser Geschehensablauf passe nicht mit einem Stolpern beim Vorw\u00e4rtsgehen zusammen.<\/p>\n","protected":false},"excerpt":{"rendered":"<p>Betriebsfeiern fallen grunds\u00e4tzlich unter den Schutz der Gesetzlichen Unfallversicherung. Warum ein Promotionsumzug nicht dazu geh\u00f6rt, hat das Landessozialgericht Niedersachsen-Bremen (LSG) in einem aktuellen Urteil beleuchtet. Geklagt hatte eine langj\u00e4hrige Mitarbeiterin eines G\u00f6ttinger Forschungsinstituts, die bei der traditionellen Verabschiedung eines Doktoranden verungl\u00fcckte. Der frisch gebackene Absolvent sa\u00df im sog. Doktorwagen und wurde von Institutskollegen auf dem [&hellip;]<\/p>\n","protected":false},"author":1,"featured_media":20875,"comment_status":"closed","ping_status":"closed","sticky":false,"template":"","format":"standard","meta":{"saved_in_kubio":false,"footnotes":""},"categories":[1],"tags":[],"class_list":["post-1205","post","type-post","status-publish","format-standard","has-post-thumbnail","hentry","category-allgemein"],"yoast_head":"<!-- This site is optimized with the Yoast SEO plugin v27.5 - https:\/\/yoast.com\/product\/yoast-seo-wordpress\/ -->\n<title>Promotionsumzug zum G\u00f6ttinger G\u00e4nseliesel nicht unfallversichert - Radio Leinewelle<\/title>\n<meta name=\"robots\" content=\"index, follow, max-snippet:-1, max-image-preview:large, max-video-preview:-1\" \/>\n<link rel=\"canonical\" href=\"https:\/\/radioleinewelle.de\/index.php\/2020\/08\/17\/promotionsumzug-zum-goettinger-gaenseliesel-nicht-unfallversichert\/\" \/>\n<meta property=\"og:locale\" content=\"de_DE\" \/>\n<meta property=\"og:type\" content=\"article\" \/>\n<meta property=\"og:title\" content=\"Promotionsumzug zum G\u00f6ttinger G\u00e4nseliesel nicht unfallversichert - Radio Leinewelle\" \/>\n<meta property=\"og:description\" content=\"Betriebsfeiern fallen grunds\u00e4tzlich unter den Schutz der Gesetzlichen Unfallversicherung. Warum ein Promotionsumzug nicht dazu geh\u00f6rt, hat das Landessozialgericht Niedersachsen-Bremen (LSG) in einem aktuellen Urteil beleuchtet. Geklagt hatte eine langj\u00e4hrige Mitarbeiterin eines G\u00f6ttinger Forschungsinstituts, die bei der traditionellen Verabschiedung eines Doktoranden verungl\u00fcckte. Der frisch gebackene Absolvent sa\u00df im sog. Doktorwagen und wurde von Institutskollegen auf dem [&hellip;]\" \/>\n<meta property=\"og:url\" content=\"https:\/\/radioleinewelle.de\/index.php\/2020\/08\/17\/promotionsumzug-zum-goettinger-gaenseliesel-nicht-unfallversichert\/\" \/>\n<meta property=\"og:site_name\" content=\"Radio Leinewelle\" \/>\n<meta property=\"article:publisher\" content=\"https:\/\/www.facebook.com\/radioleinewelle\" \/>\n<meta property=\"article:author\" content=\"https:\/\/www.facebook.com\/radioleinewelle\" \/>\n<meta property=\"article:published_time\" content=\"2020-08-17T07:23:08+00:00\" \/>\n<meta property=\"article:modified_time\" content=\"2023-01-31T11:04:41+00:00\" \/>\n<meta property=\"og:image\" content=\"https:\/\/radioleinewelle.de\/wp-content\/uploads\/2023\/01\/News.jpg\" \/>\n\t<meta property=\"og:image:width\" content=\"1024\" \/>\n\t<meta property=\"og:image:height\" content=\"1024\" \/>\n\t<meta property=\"og:image:type\" content=\"image\/jpeg\" \/>\n<meta name=\"author\" content=\"Leinewelle\" \/>\n<meta name=\"twitter:card\" content=\"summary_large_image\" \/>\n<meta name=\"twitter:creator\" content=\"@https:\/\/twitter.com\/RLeinewelle?ref_src=twsrcgoogletwcampserptwgrauthor\" \/>\n<meta name=\"twitter:site\" content=\"@RLeinewelle\" \/>\n<meta name=\"twitter:label1\" content=\"Verfasst von\" \/>\n\t<meta name=\"twitter:data1\" content=\"Leinewelle\" \/>\n\t<meta name=\"twitter:label2\" content=\"Gesch\u00e4tzte Lesezeit\" \/>\n\t<meta name=\"twitter:data2\" content=\"2\u00a0Minuten\" \/>\n<script type=\"application\/ld+json\" class=\"yoast-schema-graph\">{\"@context\":\"https:\\\/\\\/schema.org\",\"@graph\":[{\"@type\":\"Article\",\"@id\":\"https:\\\/\\\/radioleinewelle.de\\\/index.php\\\/2020\\\/08\\\/17\\\/promotionsumzug-zum-goettinger-gaenseliesel-nicht-unfallversichert\\\/#article\",\"isPartOf\":{\"@id\":\"https:\\\/\\\/radioleinewelle.de\\\/index.php\\\/2020\\\/08\\\/17\\\/promotionsumzug-zum-goettinger-gaenseliesel-nicht-unfallversichert\\\/\"},\"author\":{\"name\":\"Leinewelle\",\"@id\":\"https:\\\/\\\/radioleinewelle.de\\\/#\\\/schema\\\/person\\\/45606f348637df637192dc1b68399a63\"},\"headline\":\"Promotionsumzug zum G\u00f6ttinger G\u00e4nseliesel nicht unfallversichert\",\"datePublished\":\"2020-08-17T07:23:08+00:00\",\"dateModified\":\"2023-01-31T11:04:41+00:00\",\"mainEntityOfPage\":{\"@id\":\"https:\\\/\\\/radioleinewelle.de\\\/index.php\\\/2020\\\/08\\\/17\\\/promotionsumzug-zum-goettinger-gaenseliesel-nicht-unfallversichert\\\/\"},\"wordCount\":310,\"publisher\":{\"@id\":\"https:\\\/\\\/radioleinewelle.de\\\/#organization\"},\"image\":{\"@id\":\"https:\\\/\\\/radioleinewelle.de\\\/index.php\\\/2020\\\/08\\\/17\\\/promotionsumzug-zum-goettinger-gaenseliesel-nicht-unfallversichert\\\/#primaryimage\"},\"thumbnailUrl\":\"https:\\\/\\\/radioleinewelle.de\\\/wp-content\\\/uploads\\\/2023\\\/01\\\/News.jpg\",\"inLanguage\":\"de\"},{\"@type\":\"WebPage\",\"@id\":\"https:\\\/\\\/radioleinewelle.de\\\/index.php\\\/2020\\\/08\\\/17\\\/promotionsumzug-zum-goettinger-gaenseliesel-nicht-unfallversichert\\\/\",\"url\":\"https:\\\/\\\/radioleinewelle.de\\\/index.php\\\/2020\\\/08\\\/17\\\/promotionsumzug-zum-goettinger-gaenseliesel-nicht-unfallversichert\\\/\",\"name\":\"Promotionsumzug zum G\u00f6ttinger G\u00e4nseliesel nicht unfallversichert - Radio Leinewelle\",\"isPartOf\":{\"@id\":\"https:\\\/\\\/radioleinewelle.de\\\/#website\"},\"primaryImageOfPage\":{\"@id\":\"https:\\\/\\\/radioleinewelle.de\\\/index.php\\\/2020\\\/08\\\/17\\\/promotionsumzug-zum-goettinger-gaenseliesel-nicht-unfallversichert\\\/#primaryimage\"},\"image\":{\"@id\":\"https:\\\/\\\/radioleinewelle.de\\\/index.php\\\/2020\\\/08\\\/17\\\/promotionsumzug-zum-goettinger-gaenseliesel-nicht-unfallversichert\\\/#primaryimage\"},\"thumbnailUrl\":\"https:\\\/\\\/radioleinewelle.de\\\/wp-content\\\/uploads\\\/2023\\\/01\\\/News.jpg\",\"datePublished\":\"2020-08-17T07:23:08+00:00\",\"dateModified\":\"2023-01-31T11:04:41+00:00\",\"breadcrumb\":{\"@id\":\"https:\\\/\\\/radioleinewelle.de\\\/index.php\\\/2020\\\/08\\\/17\\\/promotionsumzug-zum-goettinger-gaenseliesel-nicht-unfallversichert\\\/#breadcrumb\"},\"inLanguage\":\"de\",\"potentialAction\":[{\"@type\":\"ReadAction\",\"target\":[\"https:\\\/\\\/radioleinewelle.de\\\/index.php\\\/2020\\\/08\\\/17\\\/promotionsumzug-zum-goettinger-gaenseliesel-nicht-unfallversichert\\\/\"]}]},{\"@type\":\"ImageObject\",\"inLanguage\":\"de\",\"@id\":\"https:\\\/\\\/radioleinewelle.de\\\/index.php\\\/2020\\\/08\\\/17\\\/promotionsumzug-zum-goettinger-gaenseliesel-nicht-unfallversichert\\\/#primaryimage\",\"url\":\"https:\\\/\\\/radioleinewelle.de\\\/wp-content\\\/uploads\\\/2023\\\/01\\\/News.jpg\",\"contentUrl\":\"https:\\\/\\\/radioleinewelle.de\\\/wp-content\\\/uploads\\\/2023\\\/01\\\/News.jpg\",\"width\":3709,\"height\":3709},{\"@type\":\"BreadcrumbList\",\"@id\":\"https:\\\/\\\/radioleinewelle.de\\\/index.php\\\/2020\\\/08\\\/17\\\/promotionsumzug-zum-goettinger-gaenseliesel-nicht-unfallversichert\\\/#breadcrumb\",\"itemListElement\":[{\"@type\":\"ListItem\",\"position\":1,\"name\":\"Startseite\",\"item\":\"https:\\\/\\\/radioleinewelle.de\\\/\"},{\"@type\":\"ListItem\",\"position\":2,\"name\":\"Promotionsumzug zum G\u00f6ttinger G\u00e4nseliesel nicht unfallversichert\"}]},{\"@type\":\"WebSite\",\"@id\":\"https:\\\/\\\/radioleinewelle.de\\\/#website\",\"url\":\"https:\\\/\\\/radioleinewelle.de\\\/\",\"name\":\"Radio Leinewelle\",\"description\":\"\",\"publisher\":{\"@id\":\"https:\\\/\\\/radioleinewelle.de\\\/#organization\"},\"potentialAction\":[{\"@type\":\"SearchAction\",\"target\":{\"@type\":\"EntryPoint\",\"urlTemplate\":\"https:\\\/\\\/radioleinewelle.de\\\/?s={search_term_string}\"},\"query-input\":{\"@type\":\"PropertyValueSpecification\",\"valueRequired\":true,\"valueName\":\"search_term_string\"}}],\"inLanguage\":\"de\"},{\"@type\":\"Organization\",\"@id\":\"https:\\\/\\\/radioleinewelle.de\\\/#organization\",\"name\":\"Radio Leinewelle\",\"alternateName\":\"Mein Radio f\u00fcr S\u00fcdniedersachsen\",\"url\":\"https:\\\/\\\/radioleinewelle.de\\\/\",\"logo\":{\"@type\":\"ImageObject\",\"inLanguage\":\"de\",\"@id\":\"https:\\\/\\\/radioleinewelle.de\\\/#\\\/schema\\\/logo\\\/image\\\/\",\"url\":\"https:\\\/\\\/radioleinewelle.de\\\/wp-content\\\/uploads\\\/2023\\\/11\\\/cropped-Leinewelle_Logo_weiss.png\",\"contentUrl\":\"https:\\\/\\\/radioleinewelle.de\\\/wp-content\\\/uploads\\\/2023\\\/11\\\/cropped-Leinewelle_Logo_weiss.png\",\"width\":854,\"height\":260,\"caption\":\"Radio Leinewelle\"},\"image\":{\"@id\":\"https:\\\/\\\/radioleinewelle.de\\\/#\\\/schema\\\/logo\\\/image\\\/\"},\"sameAs\":[\"https:\\\/\\\/www.facebook.com\\\/radioleinewelle\",\"https:\\\/\\\/x.com\\\/RLeinewelle\",\"https:\\\/\\\/www.instagram.com\\\/radioleinewelle\\\/?hl=de\"]},{\"@type\":\"Person\",\"@id\":\"https:\\\/\\\/radioleinewelle.de\\\/#\\\/schema\\\/person\\\/45606f348637df637192dc1b68399a63\",\"name\":\"Leinewelle\",\"image\":{\"@type\":\"ImageObject\",\"inLanguage\":\"de\",\"@id\":\"https:\\\/\\\/secure.gravatar.com\\\/avatar\\\/05c9a17bc973052ee5d91549bd32fb4dd0dc85b7b85ae94b2e2b4943476bbea5?s=96&d=blank&r=g\",\"url\":\"https:\\\/\\\/secure.gravatar.com\\\/avatar\\\/05c9a17bc973052ee5d91549bd32fb4dd0dc85b7b85ae94b2e2b4943476bbea5?s=96&d=blank&r=g\",\"contentUrl\":\"https:\\\/\\\/secure.gravatar.com\\\/avatar\\\/05c9a17bc973052ee5d91549bd32fb4dd0dc85b7b85ae94b2e2b4943476bbea5?s=96&d=blank&r=g\",\"caption\":\"Leinewelle\"},\"sameAs\":[\"http:\\\/\\\/localhost\\\/radio%20leinewelle\\\/wordpress\",\"https:\\\/\\\/www.facebook.com\\\/radioleinewelle\",\"https:\\\/\\\/www.instagram.com\\\/radioleinewelle\",\"https:\\\/\\\/x.com\\\/https:\\\/\\\/twitter.com\\\/RLeinewelle?ref_src=twsrcgoogletwcampserptwgrauthor\",\"https:\\\/\\\/soundcloud.com\\\/foerderverein-lokalradio?utm_source=clipboard&utm_medium=text&utm_campaign=social_sharing\"],\"url\":\"https:\\\/\\\/radioleinewelle.de\\\/index.php\\\/author\\\/leinewelle\\\/\"}]}<\/script>\n<!-- \/ Yoast SEO plugin. -->","yoast_head_json":{"title":"Promotionsumzug zum G\u00f6ttinger G\u00e4nseliesel nicht unfallversichert - Radio Leinewelle","robots":{"index":"index","follow":"follow","max-snippet":"max-snippet:-1","max-image-preview":"max-image-preview:large","max-video-preview":"max-video-preview:-1"},"canonical":"https:\/\/radioleinewelle.de\/index.php\/2020\/08\/17\/promotionsumzug-zum-goettinger-gaenseliesel-nicht-unfallversichert\/","og_locale":"de_DE","og_type":"article","og_title":"Promotionsumzug zum G\u00f6ttinger G\u00e4nseliesel nicht unfallversichert - Radio Leinewelle","og_description":"Betriebsfeiern fallen grunds\u00e4tzlich unter den Schutz der Gesetzlichen Unfallversicherung. Warum ein Promotionsumzug nicht dazu geh\u00f6rt, hat das Landessozialgericht Niedersachsen-Bremen (LSG) in einem aktuellen Urteil beleuchtet. Geklagt hatte eine langj\u00e4hrige Mitarbeiterin eines G\u00f6ttinger Forschungsinstituts, die bei der traditionellen Verabschiedung eines Doktoranden verungl\u00fcckte. Der frisch gebackene Absolvent sa\u00df im sog. Doktorwagen und wurde von Institutskollegen auf dem [&hellip;]","og_url":"https:\/\/radioleinewelle.de\/index.php\/2020\/08\/17\/promotionsumzug-zum-goettinger-gaenseliesel-nicht-unfallversichert\/","og_site_name":"Radio Leinewelle","article_publisher":"https:\/\/www.facebook.com\/radioleinewelle","article_author":"https:\/\/www.facebook.com\/radioleinewelle","article_published_time":"2020-08-17T07:23:08+00:00","article_modified_time":"2023-01-31T11:04:41+00:00","og_image":[{"url":"https:\/\/radioleinewelle.de\/wp-content\/uploads\/2023\/01\/News.jpg","width":1024,"height":1024,"type":"image\/jpeg"}],"author":"Leinewelle","twitter_card":"summary_large_image","twitter_creator":"@https:\/\/twitter.com\/RLeinewelle?ref_src=twsrcgoogletwcampserptwgrauthor","twitter_site":"@RLeinewelle","twitter_misc":{"Verfasst von":"Leinewelle","Gesch\u00e4tzte Lesezeit":"2\u00a0Minuten"},"schema":{"@context":"https:\/\/schema.org","@graph":[{"@type":"Article","@id":"https:\/\/radioleinewelle.de\/index.php\/2020\/08\/17\/promotionsumzug-zum-goettinger-gaenseliesel-nicht-unfallversichert\/#article","isPartOf":{"@id":"https:\/\/radioleinewelle.de\/index.php\/2020\/08\/17\/promotionsumzug-zum-goettinger-gaenseliesel-nicht-unfallversichert\/"},"author":{"name":"Leinewelle","@id":"https:\/\/radioleinewelle.de\/#\/schema\/person\/45606f348637df637192dc1b68399a63"},"headline":"Promotionsumzug zum G\u00f6ttinger G\u00e4nseliesel nicht unfallversichert","datePublished":"2020-08-17T07:23:08+00:00","dateModified":"2023-01-31T11:04:41+00:00","mainEntityOfPage":{"@id":"https:\/\/radioleinewelle.de\/index.php\/2020\/08\/17\/promotionsumzug-zum-goettinger-gaenseliesel-nicht-unfallversichert\/"},"wordCount":310,"publisher":{"@id":"https:\/\/radioleinewelle.de\/#organization"},"image":{"@id":"https:\/\/radioleinewelle.de\/index.php\/2020\/08\/17\/promotionsumzug-zum-goettinger-gaenseliesel-nicht-unfallversichert\/#primaryimage"},"thumbnailUrl":"https:\/\/radioleinewelle.de\/wp-content\/uploads\/2023\/01\/News.jpg","inLanguage":"de"},{"@type":"WebPage","@id":"https:\/\/radioleinewelle.de\/index.php\/2020\/08\/17\/promotionsumzug-zum-goettinger-gaenseliesel-nicht-unfallversichert\/","url":"https:\/\/radioleinewelle.de\/index.php\/2020\/08\/17\/promotionsumzug-zum-goettinger-gaenseliesel-nicht-unfallversichert\/","name":"Promotionsumzug zum G\u00f6ttinger G\u00e4nseliesel nicht unfallversichert - Radio Leinewelle","isPartOf":{"@id":"https:\/\/radioleinewelle.de\/#website"},"primaryImageOfPage":{"@id":"https:\/\/radioleinewelle.de\/index.php\/2020\/08\/17\/promotionsumzug-zum-goettinger-gaenseliesel-nicht-unfallversichert\/#primaryimage"},"image":{"@id":"https:\/\/radioleinewelle.de\/index.php\/2020\/08\/17\/promotionsumzug-zum-goettinger-gaenseliesel-nicht-unfallversichert\/#primaryimage"},"thumbnailUrl":"https:\/\/radioleinewelle.de\/wp-content\/uploads\/2023\/01\/News.jpg","datePublished":"2020-08-17T07:23:08+00:00","dateModified":"2023-01-31T11:04:41+00:00","breadcrumb":{"@id":"https:\/\/radioleinewelle.de\/index.php\/2020\/08\/17\/promotionsumzug-zum-goettinger-gaenseliesel-nicht-unfallversichert\/#breadcrumb"},"inLanguage":"de","potentialAction":[{"@type":"ReadAction","target":["https:\/\/radioleinewelle.de\/index.php\/2020\/08\/17\/promotionsumzug-zum-goettinger-gaenseliesel-nicht-unfallversichert\/"]}]},{"@type":"ImageObject","inLanguage":"de","@id":"https:\/\/radioleinewelle.de\/index.php\/2020\/08\/17\/promotionsumzug-zum-goettinger-gaenseliesel-nicht-unfallversichert\/#primaryimage","url":"https:\/\/radioleinewelle.de\/wp-content\/uploads\/2023\/01\/News.jpg","contentUrl":"https:\/\/radioleinewelle.de\/wp-content\/uploads\/2023\/01\/News.jpg","width":3709,"height":3709},{"@type":"BreadcrumbList","@id":"https:\/\/radioleinewelle.de\/index.php\/2020\/08\/17\/promotionsumzug-zum-goettinger-gaenseliesel-nicht-unfallversichert\/#breadcrumb","itemListElement":[{"@type":"ListItem","position":1,"name":"Startseite","item":"https:\/\/radioleinewelle.de\/"},{"@type":"ListItem","position":2,"name":"Promotionsumzug zum G\u00f6ttinger G\u00e4nseliesel nicht unfallversichert"}]},{"@type":"WebSite","@id":"https:\/\/radioleinewelle.de\/#website","url":"https:\/\/radioleinewelle.de\/","name":"Radio Leinewelle","description":"","publisher":{"@id":"https:\/\/radioleinewelle.de\/#organization"},"potentialAction":[{"@type":"SearchAction","target":{"@type":"EntryPoint","urlTemplate":"https:\/\/radioleinewelle.de\/?s={search_term_string}"},"query-input":{"@type":"PropertyValueSpecification","valueRequired":true,"valueName":"search_term_string"}}],"inLanguage":"de"},{"@type":"Organization","@id":"https:\/\/radioleinewelle.de\/#organization","name":"Radio Leinewelle","alternateName":"Mein Radio f\u00fcr S\u00fcdniedersachsen","url":"https:\/\/radioleinewelle.de\/","logo":{"@type":"ImageObject","inLanguage":"de","@id":"https:\/\/radioleinewelle.de\/#\/schema\/logo\/image\/","url":"https:\/\/radioleinewelle.de\/wp-content\/uploads\/2023\/11\/cropped-Leinewelle_Logo_weiss.png","contentUrl":"https:\/\/radioleinewelle.de\/wp-content\/uploads\/2023\/11\/cropped-Leinewelle_Logo_weiss.png","width":854,"height":260,"caption":"Radio Leinewelle"},"image":{"@id":"https:\/\/radioleinewelle.de\/#\/schema\/logo\/image\/"},"sameAs":["https:\/\/www.facebook.com\/radioleinewelle","https:\/\/x.com\/RLeinewelle","https:\/\/www.instagram.com\/radioleinewelle\/?hl=de"]},{"@type":"Person","@id":"https:\/\/radioleinewelle.de\/#\/schema\/person\/45606f348637df637192dc1b68399a63","name":"Leinewelle","image":{"@type":"ImageObject","inLanguage":"de","@id":"https:\/\/secure.gravatar.com\/avatar\/05c9a17bc973052ee5d91549bd32fb4dd0dc85b7b85ae94b2e2b4943476bbea5?s=96&d=blank&r=g","url":"https:\/\/secure.gravatar.com\/avatar\/05c9a17bc973052ee5d91549bd32fb4dd0dc85b7b85ae94b2e2b4943476bbea5?s=96&d=blank&r=g","contentUrl":"https:\/\/secure.gravatar.com\/avatar\/05c9a17bc973052ee5d91549bd32fb4dd0dc85b7b85ae94b2e2b4943476bbea5?s=96&d=blank&r=g","caption":"Leinewelle"},"sameAs":["http:\/\/localhost\/radio%20leinewelle\/wordpress","https:\/\/www.facebook.com\/radioleinewelle","https:\/\/www.instagram.com\/radioleinewelle","https:\/\/x.com\/https:\/\/twitter.com\/RLeinewelle?ref_src=twsrcgoogletwcampserptwgrauthor","https:\/\/soundcloud.com\/foerderverein-lokalradio?utm_source=clipboard&utm_medium=text&utm_campaign=social_sharing"],"url":"https:\/\/radioleinewelle.de\/index.php\/author\/leinewelle\/"}]}},"_links":{"self":[{"href":"https:\/\/radioleinewelle.de\/index.php\/wp-json\/wp\/v2\/posts\/1205","targetHints":{"allow":["GET"]}}],"collection":[{"href":"https:\/\/radioleinewelle.de\/index.php\/wp-json\/wp\/v2\/posts"}],"about":[{"href":"https:\/\/radioleinewelle.de\/index.php\/wp-json\/wp\/v2\/types\/post"}],"author":[{"embeddable":true,"href":"https:\/\/radioleinewelle.de\/index.php\/wp-json\/wp\/v2\/users\/1"}],"replies":[{"embeddable":true,"href":"https:\/\/radioleinewelle.de\/index.php\/wp-json\/wp\/v2\/comments?post=1205"}],"version-history":[{"count":1,"href":"https:\/\/radioleinewelle.de\/index.php\/wp-json\/wp\/v2\/posts\/1205\/revisions"}],"predecessor-version":[{"id":20918,"href":"https:\/\/radioleinewelle.de\/index.php\/wp-json\/wp\/v2\/posts\/1205\/revisions\/20918"}],"wp:featuredmedia":[{"embeddable":true,"href":"https:\/\/radioleinewelle.de\/index.php\/wp-json\/wp\/v2\/media\/20875"}],"wp:attachment":[{"href":"https:\/\/radioleinewelle.de\/index.php\/wp-json\/wp\/v2\/media?parent=1205"}],"wp:term":[{"taxonomy":"category","embeddable":true,"href":"https:\/\/radioleinewelle.de\/index.php\/wp-json\/wp\/v2\/categories?post=1205"},{"taxonomy":"post_tag","embeddable":true,"href":"https:\/\/radioleinewelle.de\/index.php\/wp-json\/wp\/v2\/tags?post=1205"}],"curies":[{"name":"wp","href":"https:\/\/api.w.org\/{rel}","templated":true}]}}