{"id":12053,"date":"2021-12-17T01:15:37","date_gmt":"2021-12-17T00:15:37","guid":{"rendered":"https:\/\/radioleinewelle.de\/?p=12053"},"modified":"2021-12-17T01:15:37","modified_gmt":"2021-12-17T00:15:37","slug":"schwellenwerte-beider-krankenhausindikatoren-fuenf-werktage-in-folge-ueberschritten-ab-heute-gelten-landesweit-regelungen-der-warnstufe-2","status":"publish","type":"post","link":"https:\/\/radioleinewelle.de\/index.php\/2021\/12\/17\/schwellenwerte-beider-krankenhausindikatoren-fuenf-werktage-in-folge-ueberschritten-ab-heute-gelten-landesweit-regelungen-der-warnstufe-2\/","title":{"rendered":"Schwellenwerte beider Krankenhausindikatoren f\u00fcnf Werktage in Folge \u00fcberschritten \u2013 Ab heute gelten landesweit Regelungen der Warnstufe 2"},"content":{"rendered":"\n<p>Das Nieders\u00e4chsische Gesundheitsministerium hat am Mittwoch, dem 15. Dezember, eine Allgemeinverf\u00fcgung ver\u00f6ffentlicht, nach der ab Freitag, den 17. Dezember landesweit die Regelungen der Corona-Warnstufe 2 gelten werden:&nbsp;<a href=\"https:\/\/www.niedersachsen.de\/Coronavirus\/vorschriften\/vorschriften-der-landesregierung-185856.html\">www.niedersachsen.de\/Coronavirus\/vorschriften\/vorschriften-der-landesregierung-185856.html<\/a><a href=\"https:\/\/www.niedersachsen.de\/Coronavirus\/vorschriften\/vorschriften-der-landesregierung-185856.html\"><\/a><\/p>\n\n\n\n<p>Mit Stand von Mittwoch betr\u00e4gt der Wert des Leitindikators Hospitalisierung 6,4 (Schwellenwert zur Warnstufe 2: 6,0). Au\u00dferdem sind 10,5 Prozent der Intensivkapazit\u00e4ten der nieders\u00e4chsischen Krankenh\u00e4user mit COVID-Patientinnen und -Patienten belegt (Schwellenwert zur Warnstufe 2: 10 Prozent).<\/p>\n\n\n\n<p>F\u00fcr alle anderen nieders\u00e4chsischen Kommunen ergeben sich aus der Ver\u00f6ffentlichung der Allgemeinverf\u00fcgung keine unmittelbaren Konsequenzen, da aufgrund einer entsprechend hohen Inzidenz vor Ort und der \u00dcberschreitung des Schwellenwertes des Leitindikators Hospitalisierung bereits die Regelungen der Warnstufe 2 gelten.  Weitere Informationen zu den Regelungen in Warnstufe 2 und der Entwicklung der Krankenhausindikatoren im Zeitverlauf k\u00f6nnen Sie den Grafiken im Anhang entnehmen. Dar\u00fcber hinaus finden Sie n\u00e4here Erl\u00e4uterungen zum Warnstufenmodell und der Berechnung der Indikatoren unter:&nbsp;<a href=\"https:\/\/www.niedersachsen.de\/Coronavirus\/aktuelle_lage_in_niedersachsen\/niedersachsen-und-corona-aktuelle-leitindikatoren-203487.html\"><\/a><a href=\"https:\/\/www.niedersachsen.de\/Coronavirus\/aktuelle_lage_in_niedersachsen\/niedersachsen-und-corona-aktuelle-leitindikatoren-203487.html\">www.niedersachsen.de\/Coronavirus\/aktuelle_lage_in_niedersachsen\/niedersachsen-und-corona-aktuelle-leitindikatoren-203487.html<\/a><\/p>\n\n\n\n<p>Symbolbild von&nbsp;<a href=\"https:\/\/pixabay.com\/de\/users\/alexandra_koch-621802\/?utm_source=link-attribution&amp;utm_medium=referral&amp;utm_campaign=image&amp;utm_content=5410667\">Alexandra_Koch<\/a>&nbsp;auf&nbsp;<a href=\"https:\/\/pixabay.com\/de\/?utm_source=link-attribution&amp;utm_medium=referral&amp;utm_campaign=image&amp;utm_content=5410667\">Pixaba<\/a><\/p>\n","protected":false},"excerpt":{"rendered":"<p>Das Nieders\u00e4chsische Gesundheitsministerium hat am Mittwoch, dem 15. Dezember, eine Allgemeinverf\u00fcgung ver\u00f6ffentlicht, nach der ab Freitag, den 17. Dezember landesweit die Regelungen der Corona-Warnstufe 2 gelten werden:&nbsp;www.niedersachsen.de\/Coronavirus\/vorschriften\/vorschriften-der-landesregierung-185856.html Mit Stand von Mittwoch betr\u00e4gt der Wert des Leitindikators Hospitalisierung 6,4 (Schwellenwert zur Warnstufe 2: 6,0). Au\u00dferdem sind 10,5 Prozent der Intensivkapazit\u00e4ten der nieders\u00e4chsischen Krankenh\u00e4user mit COVID-Patientinnen und [&hellip;]<\/p>\n","protected":false},"author":1,"featured_media":12058,"comment_status":"closed","ping_status":"closed","sticky":false,"template":"","format":"standard","meta":{"saved_in_kubio":false,"footnotes":""},"categories":[23],"tags":[2668,2669,2670],"class_list":["post-12053","post","type-post","status-publish","format-standard","has-post-thumbnail","hentry","category-corona","tag-corona-verordnung-niedersachsen","tag-corona-warnstufe-2","tag-krankenhausindikatoren"],"yoast_head":"<!-- This site is optimized with the Yoast SEO plugin v27.5 - https:\/\/yoast.com\/product\/yoast-seo-wordpress\/ -->\n<title>Schwellenwerte beider Krankenhausindikatoren f\u00fcnf Werktage in Folge \u00fcberschritten \u2013 Ab heute gelten landesweit Regelungen der Warnstufe 2 - Radio Leinewelle<\/title>\n<meta name=\"robots\" content=\"index, follow, max-snippet:-1, max-image-preview:large, max-video-preview:-1\" \/>\n<link rel=\"canonical\" href=\"https:\/\/radioleinewelle.de\/index.php\/2021\/12\/17\/schwellenwerte-beider-krankenhausindikatoren-fuenf-werktage-in-folge-ueberschritten-ab-heute-gelten-landesweit-regelungen-der-warnstufe-2\/\" \/>\n<meta property=\"og:locale\" content=\"de_DE\" \/>\n<meta property=\"og:type\" content=\"article\" \/>\n<meta property=\"og:title\" content=\"Schwellenwerte beider Krankenhausindikatoren f\u00fcnf Werktage in Folge \u00fcberschritten \u2013 Ab heute gelten landesweit Regelungen der Warnstufe 2 - Radio Leinewelle\" \/>\n<meta property=\"og:description\" content=\"Das Nieders\u00e4chsische Gesundheitsministerium hat am Mittwoch, dem 15. Dezember, eine Allgemeinverf\u00fcgung ver\u00f6ffentlicht, nach der ab Freitag, den 17. Dezember landesweit die Regelungen der Corona-Warnstufe 2 gelten werden:&nbsp;www.niedersachsen.de\/Coronavirus\/vorschriften\/vorschriften-der-landesregierung-185856.html Mit Stand von Mittwoch betr\u00e4gt der Wert des Leitindikators Hospitalisierung 6,4 (Schwellenwert zur Warnstufe 2: 6,0). Au\u00dferdem sind 10,5 Prozent der Intensivkapazit\u00e4ten der nieders\u00e4chsischen Krankenh\u00e4user mit COVID-Patientinnen und [&hellip;]\" \/>\n<meta property=\"og:url\" content=\"https:\/\/radioleinewelle.de\/index.php\/2021\/12\/17\/schwellenwerte-beider-krankenhausindikatoren-fuenf-werktage-in-folge-ueberschritten-ab-heute-gelten-landesweit-regelungen-der-warnstufe-2\/\" \/>\n<meta property=\"og:site_name\" content=\"Radio Leinewelle\" \/>\n<meta property=\"article:publisher\" content=\"https:\/\/www.facebook.com\/radioleinewelle\" \/>\n<meta property=\"article:author\" content=\"https:\/\/www.facebook.com\/radioleinewelle\" \/>\n<meta property=\"article:published_time\" content=\"2021-12-17T00:15:37+00:00\" \/>\n<meta property=\"og:image\" content=\"https:\/\/radioleinewelle.de\/wp-content\/uploads\/2021\/12\/man-gf626adafa_640.jpg\" \/>\n\t<meta property=\"og:image:width\" content=\"640\" \/>\n\t<meta property=\"og:image:height\" content=\"295\" \/>\n\t<meta property=\"og:image:type\" content=\"image\/jpeg\" \/>\n<meta name=\"author\" content=\"Leinewelle\" \/>\n<meta name=\"twitter:card\" content=\"summary_large_image\" \/>\n<meta name=\"twitter:creator\" content=\"@https:\/\/twitter.com\/RLeinewelle?ref_src=twsrcgoogletwcampserptwgrauthor\" \/>\n<meta name=\"twitter:site\" content=\"@RLeinewelle\" \/>\n<meta name=\"twitter:label1\" content=\"Verfasst von\" \/>\n\t<meta name=\"twitter:data1\" content=\"Leinewelle\" \/>\n\t<meta name=\"twitter:label2\" content=\"Gesch\u00e4tzte Lesezeit\" \/>\n\t<meta name=\"twitter:data2\" content=\"1\u00a0Minute\" \/>\n<script type=\"application\/ld+json\" class=\"yoast-schema-graph\">{\"@context\":\"https:\\\/\\\/schema.org\",\"@graph\":[{\"@type\":\"Article\",\"@id\":\"https:\\\/\\\/radioleinewelle.de\\\/index.php\\\/2021\\\/12\\\/17\\\/schwellenwerte-beider-krankenhausindikatoren-fuenf-werktage-in-folge-ueberschritten-ab-heute-gelten-landesweit-regelungen-der-warnstufe-2\\\/#article\",\"isPartOf\":{\"@id\":\"https:\\\/\\\/radioleinewelle.de\\\/index.php\\\/2021\\\/12\\\/17\\\/schwellenwerte-beider-krankenhausindikatoren-fuenf-werktage-in-folge-ueberschritten-ab-heute-gelten-landesweit-regelungen-der-warnstufe-2\\\/\"},\"author\":{\"name\":\"Leinewelle\",\"@id\":\"https:\\\/\\\/radioleinewelle.de\\\/#\\\/schema\\\/person\\\/45606f348637df637192dc1b68399a63\"},\"headline\":\"Schwellenwerte beider Krankenhausindikatoren f\u00fcnf Werktage in Folge \u00fcberschritten \u2013 Ab heute gelten landesweit Regelungen der Warnstufe 2\",\"datePublished\":\"2021-12-17T00:15:37+00:00\",\"mainEntityOfPage\":{\"@id\":\"https:\\\/\\\/radioleinewelle.de\\\/index.php\\\/2021\\\/12\\\/17\\\/schwellenwerte-beider-krankenhausindikatoren-fuenf-werktage-in-folge-ueberschritten-ab-heute-gelten-landesweit-regelungen-der-warnstufe-2\\\/\"},\"wordCount\":186,\"publisher\":{\"@id\":\"https:\\\/\\\/radioleinewelle.de\\\/#organization\"},\"image\":{\"@id\":\"https:\\\/\\\/radioleinewelle.de\\\/index.php\\\/2021\\\/12\\\/17\\\/schwellenwerte-beider-krankenhausindikatoren-fuenf-werktage-in-folge-ueberschritten-ab-heute-gelten-landesweit-regelungen-der-warnstufe-2\\\/#primaryimage\"},\"thumbnailUrl\":\"https:\\\/\\\/radioleinewelle.de\\\/wp-content\\\/uploads\\\/2021\\\/12\\\/man-gf626adafa_640.jpg\",\"keywords\":[\"Corona Verordnung niedersachsen\",\"Corona Warnstufe 2\",\"Krankenhausindikatoren\"],\"articleSection\":[\"Corona\"],\"inLanguage\":\"de\"},{\"@type\":\"WebPage\",\"@id\":\"https:\\\/\\\/radioleinewelle.de\\\/index.php\\\/2021\\\/12\\\/17\\\/schwellenwerte-beider-krankenhausindikatoren-fuenf-werktage-in-folge-ueberschritten-ab-heute-gelten-landesweit-regelungen-der-warnstufe-2\\\/\",\"url\":\"https:\\\/\\\/radioleinewelle.de\\\/index.php\\\/2021\\\/12\\\/17\\\/schwellenwerte-beider-krankenhausindikatoren-fuenf-werktage-in-folge-ueberschritten-ab-heute-gelten-landesweit-regelungen-der-warnstufe-2\\\/\",\"name\":\"Schwellenwerte beider Krankenhausindikatoren f\u00fcnf Werktage in Folge \u00fcberschritten \u2013 Ab heute gelten landesweit Regelungen der Warnstufe 2 - Radio Leinewelle\",\"isPartOf\":{\"@id\":\"https:\\\/\\\/radioleinewelle.de\\\/#website\"},\"primaryImageOfPage\":{\"@id\":\"https:\\\/\\\/radioleinewelle.de\\\/index.php\\\/2021\\\/12\\\/17\\\/schwellenwerte-beider-krankenhausindikatoren-fuenf-werktage-in-folge-ueberschritten-ab-heute-gelten-landesweit-regelungen-der-warnstufe-2\\\/#primaryimage\"},\"image\":{\"@id\":\"https:\\\/\\\/radioleinewelle.de\\\/index.php\\\/2021\\\/12\\\/17\\\/schwellenwerte-beider-krankenhausindikatoren-fuenf-werktage-in-folge-ueberschritten-ab-heute-gelten-landesweit-regelungen-der-warnstufe-2\\\/#primaryimage\"},\"thumbnailUrl\":\"https:\\\/\\\/radioleinewelle.de\\\/wp-content\\\/uploads\\\/2021\\\/12\\\/man-gf626adafa_640.jpg\",\"datePublished\":\"2021-12-17T00:15:37+00:00\",\"breadcrumb\":{\"@id\":\"https:\\\/\\\/radioleinewelle.de\\\/index.php\\\/2021\\\/12\\\/17\\\/schwellenwerte-beider-krankenhausindikatoren-fuenf-werktage-in-folge-ueberschritten-ab-heute-gelten-landesweit-regelungen-der-warnstufe-2\\\/#breadcrumb\"},\"inLanguage\":\"de\",\"potentialAction\":[{\"@type\":\"ReadAction\",\"target\":[\"https:\\\/\\\/radioleinewelle.de\\\/index.php\\\/2021\\\/12\\\/17\\\/schwellenwerte-beider-krankenhausindikatoren-fuenf-werktage-in-folge-ueberschritten-ab-heute-gelten-landesweit-regelungen-der-warnstufe-2\\\/\"]}]},{\"@type\":\"ImageObject\",\"inLanguage\":\"de\",\"@id\":\"https:\\\/\\\/radioleinewelle.de\\\/index.php\\\/2021\\\/12\\\/17\\\/schwellenwerte-beider-krankenhausindikatoren-fuenf-werktage-in-folge-ueberschritten-ab-heute-gelten-landesweit-regelungen-der-warnstufe-2\\\/#primaryimage\",\"url\":\"https:\\\/\\\/radioleinewelle.de\\\/wp-content\\\/uploads\\\/2021\\\/12\\\/man-gf626adafa_640.jpg\",\"contentUrl\":\"https:\\\/\\\/radioleinewelle.de\\\/wp-content\\\/uploads\\\/2021\\\/12\\\/man-gf626adafa_640.jpg\",\"width\":640,\"height\":295},{\"@type\":\"BreadcrumbList\",\"@id\":\"https:\\\/\\\/radioleinewelle.de\\\/index.php\\\/2021\\\/12\\\/17\\\/schwellenwerte-beider-krankenhausindikatoren-fuenf-werktage-in-folge-ueberschritten-ab-heute-gelten-landesweit-regelungen-der-warnstufe-2\\\/#breadcrumb\",\"itemListElement\":[{\"@type\":\"ListItem\",\"position\":1,\"name\":\"Startseite\",\"item\":\"https:\\\/\\\/radioleinewelle.de\\\/\"},{\"@type\":\"ListItem\",\"position\":2,\"name\":\"Schwellenwerte beider Krankenhausindikatoren f\u00fcnf Werktage in Folge \u00fcberschritten \u2013 Ab heute gelten landesweit Regelungen der Warnstufe 2\"}]},{\"@type\":\"WebSite\",\"@id\":\"https:\\\/\\\/radioleinewelle.de\\\/#website\",\"url\":\"https:\\\/\\\/radioleinewelle.de\\\/\",\"name\":\"Radio Leinewelle\",\"description\":\"\",\"publisher\":{\"@id\":\"https:\\\/\\\/radioleinewelle.de\\\/#organization\"},\"potentialAction\":[{\"@type\":\"SearchAction\",\"target\":{\"@type\":\"EntryPoint\",\"urlTemplate\":\"https:\\\/\\\/radioleinewelle.de\\\/?s={search_term_string}\"},\"query-input\":{\"@type\":\"PropertyValueSpecification\",\"valueRequired\":true,\"valueName\":\"search_term_string\"}}],\"inLanguage\":\"de\"},{\"@type\":\"Organization\",\"@id\":\"https:\\\/\\\/radioleinewelle.de\\\/#organization\",\"name\":\"Radio Leinewelle\",\"alternateName\":\"Mein Radio f\u00fcr S\u00fcdniedersachsen\",\"url\":\"https:\\\/\\\/radioleinewelle.de\\\/\",\"logo\":{\"@type\":\"ImageObject\",\"inLanguage\":\"de\",\"@id\":\"https:\\\/\\\/radioleinewelle.de\\\/#\\\/schema\\\/logo\\\/image\\\/\",\"url\":\"https:\\\/\\\/radioleinewelle.de\\\/wp-content\\\/uploads\\\/2023\\\/11\\\/cropped-Leinewelle_Logo_weiss.png\",\"contentUrl\":\"https:\\\/\\\/radioleinewelle.de\\\/wp-content\\\/uploads\\\/2023\\\/11\\\/cropped-Leinewelle_Logo_weiss.png\",\"width\":854,\"height\":260,\"caption\":\"Radio Leinewelle\"},\"image\":{\"@id\":\"https:\\\/\\\/radioleinewelle.de\\\/#\\\/schema\\\/logo\\\/image\\\/\"},\"sameAs\":[\"https:\\\/\\\/www.facebook.com\\\/radioleinewelle\",\"https:\\\/\\\/x.com\\\/RLeinewelle\",\"https:\\\/\\\/www.instagram.com\\\/radioleinewelle\\\/?hl=de\"]},{\"@type\":\"Person\",\"@id\":\"https:\\\/\\\/radioleinewelle.de\\\/#\\\/schema\\\/person\\\/45606f348637df637192dc1b68399a63\",\"name\":\"Leinewelle\",\"image\":{\"@type\":\"ImageObject\",\"inLanguage\":\"de\",\"@id\":\"https:\\\/\\\/secure.gravatar.com\\\/avatar\\\/05c9a17bc973052ee5d91549bd32fb4dd0dc85b7b85ae94b2e2b4943476bbea5?s=96&d=blank&r=g\",\"url\":\"https:\\\/\\\/secure.gravatar.com\\\/avatar\\\/05c9a17bc973052ee5d91549bd32fb4dd0dc85b7b85ae94b2e2b4943476bbea5?s=96&d=blank&r=g\",\"contentUrl\":\"https:\\\/\\\/secure.gravatar.com\\\/avatar\\\/05c9a17bc973052ee5d91549bd32fb4dd0dc85b7b85ae94b2e2b4943476bbea5?s=96&d=blank&r=g\",\"caption\":\"Leinewelle\"},\"sameAs\":[\"http:\\\/\\\/localhost\\\/radio%20leinewelle\\\/wordpress\",\"https:\\\/\\\/www.facebook.com\\\/radioleinewelle\",\"https:\\\/\\\/www.instagram.com\\\/radioleinewelle\",\"https:\\\/\\\/x.com\\\/https:\\\/\\\/twitter.com\\\/RLeinewelle?ref_src=twsrcgoogletwcampserptwgrauthor\",\"https:\\\/\\\/soundcloud.com\\\/foerderverein-lokalradio?utm_source=clipboard&utm_medium=text&utm_campaign=social_sharing\"],\"url\":\"https:\\\/\\\/radioleinewelle.de\\\/index.php\\\/author\\\/leinewelle\\\/\"}]}<\/script>\n<!-- \/ Yoast SEO plugin. -->","yoast_head_json":{"title":"Schwellenwerte beider Krankenhausindikatoren f\u00fcnf Werktage in Folge \u00fcberschritten \u2013 Ab heute gelten landesweit Regelungen der Warnstufe 2 - Radio Leinewelle","robots":{"index":"index","follow":"follow","max-snippet":"max-snippet:-1","max-image-preview":"max-image-preview:large","max-video-preview":"max-video-preview:-1"},"canonical":"https:\/\/radioleinewelle.de\/index.php\/2021\/12\/17\/schwellenwerte-beider-krankenhausindikatoren-fuenf-werktage-in-folge-ueberschritten-ab-heute-gelten-landesweit-regelungen-der-warnstufe-2\/","og_locale":"de_DE","og_type":"article","og_title":"Schwellenwerte beider Krankenhausindikatoren f\u00fcnf Werktage in Folge \u00fcberschritten \u2013 Ab heute gelten landesweit Regelungen der Warnstufe 2 - Radio Leinewelle","og_description":"Das Nieders\u00e4chsische Gesundheitsministerium hat am Mittwoch, dem 15. Dezember, eine Allgemeinverf\u00fcgung ver\u00f6ffentlicht, nach der ab Freitag, den 17. Dezember landesweit die Regelungen der Corona-Warnstufe 2 gelten werden:&nbsp;www.niedersachsen.de\/Coronavirus\/vorschriften\/vorschriften-der-landesregierung-185856.html Mit Stand von Mittwoch betr\u00e4gt der Wert des Leitindikators Hospitalisierung 6,4 (Schwellenwert zur Warnstufe 2: 6,0). Au\u00dferdem sind 10,5 Prozent der Intensivkapazit\u00e4ten der nieders\u00e4chsischen Krankenh\u00e4user mit COVID-Patientinnen und [&hellip;]","og_url":"https:\/\/radioleinewelle.de\/index.php\/2021\/12\/17\/schwellenwerte-beider-krankenhausindikatoren-fuenf-werktage-in-folge-ueberschritten-ab-heute-gelten-landesweit-regelungen-der-warnstufe-2\/","og_site_name":"Radio Leinewelle","article_publisher":"https:\/\/www.facebook.com\/radioleinewelle","article_author":"https:\/\/www.facebook.com\/radioleinewelle","article_published_time":"2021-12-17T00:15:37+00:00","og_image":[{"width":640,"height":295,"url":"https:\/\/radioleinewelle.de\/wp-content\/uploads\/2021\/12\/man-gf626adafa_640.jpg","type":"image\/jpeg"}],"author":"Leinewelle","twitter_card":"summary_large_image","twitter_creator":"@https:\/\/twitter.com\/RLeinewelle?ref_src=twsrcgoogletwcampserptwgrauthor","twitter_site":"@RLeinewelle","twitter_misc":{"Verfasst von":"Leinewelle","Gesch\u00e4tzte Lesezeit":"1\u00a0Minute"},"schema":{"@context":"https:\/\/schema.org","@graph":[{"@type":"Article","@id":"https:\/\/radioleinewelle.de\/index.php\/2021\/12\/17\/schwellenwerte-beider-krankenhausindikatoren-fuenf-werktage-in-folge-ueberschritten-ab-heute-gelten-landesweit-regelungen-der-warnstufe-2\/#article","isPartOf":{"@id":"https:\/\/radioleinewelle.de\/index.php\/2021\/12\/17\/schwellenwerte-beider-krankenhausindikatoren-fuenf-werktage-in-folge-ueberschritten-ab-heute-gelten-landesweit-regelungen-der-warnstufe-2\/"},"author":{"name":"Leinewelle","@id":"https:\/\/radioleinewelle.de\/#\/schema\/person\/45606f348637df637192dc1b68399a63"},"headline":"Schwellenwerte beider Krankenhausindikatoren f\u00fcnf Werktage in Folge \u00fcberschritten \u2013 Ab heute gelten landesweit Regelungen der Warnstufe 2","datePublished":"2021-12-17T00:15:37+00:00","mainEntityOfPage":{"@id":"https:\/\/radioleinewelle.de\/index.php\/2021\/12\/17\/schwellenwerte-beider-krankenhausindikatoren-fuenf-werktage-in-folge-ueberschritten-ab-heute-gelten-landesweit-regelungen-der-warnstufe-2\/"},"wordCount":186,"publisher":{"@id":"https:\/\/radioleinewelle.de\/#organization"},"image":{"@id":"https:\/\/radioleinewelle.de\/index.php\/2021\/12\/17\/schwellenwerte-beider-krankenhausindikatoren-fuenf-werktage-in-folge-ueberschritten-ab-heute-gelten-landesweit-regelungen-der-warnstufe-2\/#primaryimage"},"thumbnailUrl":"https:\/\/radioleinewelle.de\/wp-content\/uploads\/2021\/12\/man-gf626adafa_640.jpg","keywords":["Corona Verordnung niedersachsen","Corona Warnstufe 2","Krankenhausindikatoren"],"articleSection":["Corona"],"inLanguage":"de"},{"@type":"WebPage","@id":"https:\/\/radioleinewelle.de\/index.php\/2021\/12\/17\/schwellenwerte-beider-krankenhausindikatoren-fuenf-werktage-in-folge-ueberschritten-ab-heute-gelten-landesweit-regelungen-der-warnstufe-2\/","url":"https:\/\/radioleinewelle.de\/index.php\/2021\/12\/17\/schwellenwerte-beider-krankenhausindikatoren-fuenf-werktage-in-folge-ueberschritten-ab-heute-gelten-landesweit-regelungen-der-warnstufe-2\/","name":"Schwellenwerte beider Krankenhausindikatoren f\u00fcnf Werktage in Folge \u00fcberschritten \u2013 Ab heute gelten landesweit Regelungen der Warnstufe 2 - Radio Leinewelle","isPartOf":{"@id":"https:\/\/radioleinewelle.de\/#website"},"primaryImageOfPage":{"@id":"https:\/\/radioleinewelle.de\/index.php\/2021\/12\/17\/schwellenwerte-beider-krankenhausindikatoren-fuenf-werktage-in-folge-ueberschritten-ab-heute-gelten-landesweit-regelungen-der-warnstufe-2\/#primaryimage"},"image":{"@id":"https:\/\/radioleinewelle.de\/index.php\/2021\/12\/17\/schwellenwerte-beider-krankenhausindikatoren-fuenf-werktage-in-folge-ueberschritten-ab-heute-gelten-landesweit-regelungen-der-warnstufe-2\/#primaryimage"},"thumbnailUrl":"https:\/\/radioleinewelle.de\/wp-content\/uploads\/2021\/12\/man-gf626adafa_640.jpg","datePublished":"2021-12-17T00:15:37+00:00","breadcrumb":{"@id":"https:\/\/radioleinewelle.de\/index.php\/2021\/12\/17\/schwellenwerte-beider-krankenhausindikatoren-fuenf-werktage-in-folge-ueberschritten-ab-heute-gelten-landesweit-regelungen-der-warnstufe-2\/#breadcrumb"},"inLanguage":"de","potentialAction":[{"@type":"ReadAction","target":["https:\/\/radioleinewelle.de\/index.php\/2021\/12\/17\/schwellenwerte-beider-krankenhausindikatoren-fuenf-werktage-in-folge-ueberschritten-ab-heute-gelten-landesweit-regelungen-der-warnstufe-2\/"]}]},{"@type":"ImageObject","inLanguage":"de","@id":"https:\/\/radioleinewelle.de\/index.php\/2021\/12\/17\/schwellenwerte-beider-krankenhausindikatoren-fuenf-werktage-in-folge-ueberschritten-ab-heute-gelten-landesweit-regelungen-der-warnstufe-2\/#primaryimage","url":"https:\/\/radioleinewelle.de\/wp-content\/uploads\/2021\/12\/man-gf626adafa_640.jpg","contentUrl":"https:\/\/radioleinewelle.de\/wp-content\/uploads\/2021\/12\/man-gf626adafa_640.jpg","width":640,"height":295},{"@type":"BreadcrumbList","@id":"https:\/\/radioleinewelle.de\/index.php\/2021\/12\/17\/schwellenwerte-beider-krankenhausindikatoren-fuenf-werktage-in-folge-ueberschritten-ab-heute-gelten-landesweit-regelungen-der-warnstufe-2\/#breadcrumb","itemListElement":[{"@type":"ListItem","position":1,"name":"Startseite","item":"https:\/\/radioleinewelle.de\/"},{"@type":"ListItem","position":2,"name":"Schwellenwerte beider Krankenhausindikatoren f\u00fcnf Werktage in Folge \u00fcberschritten \u2013 Ab heute gelten landesweit Regelungen der Warnstufe 2"}]},{"@type":"WebSite","@id":"https:\/\/radioleinewelle.de\/#website","url":"https:\/\/radioleinewelle.de\/","name":"Radio Leinewelle","description":"","publisher":{"@id":"https:\/\/radioleinewelle.de\/#organization"},"potentialAction":[{"@type":"SearchAction","target":{"@type":"EntryPoint","urlTemplate":"https:\/\/radioleinewelle.de\/?s={search_term_string}"},"query-input":{"@type":"PropertyValueSpecification","valueRequired":true,"valueName":"search_term_string"}}],"inLanguage":"de"},{"@type":"Organization","@id":"https:\/\/radioleinewelle.de\/#organization","name":"Radio Leinewelle","alternateName":"Mein Radio f\u00fcr S\u00fcdniedersachsen","url":"https:\/\/radioleinewelle.de\/","logo":{"@type":"ImageObject","inLanguage":"de","@id":"https:\/\/radioleinewelle.de\/#\/schema\/logo\/image\/","url":"https:\/\/radioleinewelle.de\/wp-content\/uploads\/2023\/11\/cropped-Leinewelle_Logo_weiss.png","contentUrl":"https:\/\/radioleinewelle.de\/wp-content\/uploads\/2023\/11\/cropped-Leinewelle_Logo_weiss.png","width":854,"height":260,"caption":"Radio Leinewelle"},"image":{"@id":"https:\/\/radioleinewelle.de\/#\/schema\/logo\/image\/"},"sameAs":["https:\/\/www.facebook.com\/radioleinewelle","https:\/\/x.com\/RLeinewelle","https:\/\/www.instagram.com\/radioleinewelle\/?hl=de"]},{"@type":"Person","@id":"https:\/\/radioleinewelle.de\/#\/schema\/person\/45606f348637df637192dc1b68399a63","name":"Leinewelle","image":{"@type":"ImageObject","inLanguage":"de","@id":"https:\/\/secure.gravatar.com\/avatar\/05c9a17bc973052ee5d91549bd32fb4dd0dc85b7b85ae94b2e2b4943476bbea5?s=96&d=blank&r=g","url":"https:\/\/secure.gravatar.com\/avatar\/05c9a17bc973052ee5d91549bd32fb4dd0dc85b7b85ae94b2e2b4943476bbea5?s=96&d=blank&r=g","contentUrl":"https:\/\/secure.gravatar.com\/avatar\/05c9a17bc973052ee5d91549bd32fb4dd0dc85b7b85ae94b2e2b4943476bbea5?s=96&d=blank&r=g","caption":"Leinewelle"},"sameAs":["http:\/\/localhost\/radio%20leinewelle\/wordpress","https:\/\/www.facebook.com\/radioleinewelle","https:\/\/www.instagram.com\/radioleinewelle","https:\/\/x.com\/https:\/\/twitter.com\/RLeinewelle?ref_src=twsrcgoogletwcampserptwgrauthor","https:\/\/soundcloud.com\/foerderverein-lokalradio?utm_source=clipboard&utm_medium=text&utm_campaign=social_sharing"],"url":"https:\/\/radioleinewelle.de\/index.php\/author\/leinewelle\/"}]}},"_links":{"self":[{"href":"https:\/\/radioleinewelle.de\/index.php\/wp-json\/wp\/v2\/posts\/12053","targetHints":{"allow":["GET"]}}],"collection":[{"href":"https:\/\/radioleinewelle.de\/index.php\/wp-json\/wp\/v2\/posts"}],"about":[{"href":"https:\/\/radioleinewelle.de\/index.php\/wp-json\/wp\/v2\/types\/post"}],"author":[{"embeddable":true,"href":"https:\/\/radioleinewelle.de\/index.php\/wp-json\/wp\/v2\/users\/1"}],"replies":[{"embeddable":true,"href":"https:\/\/radioleinewelle.de\/index.php\/wp-json\/wp\/v2\/comments?post=12053"}],"version-history":[{"count":0,"href":"https:\/\/radioleinewelle.de\/index.php\/wp-json\/wp\/v2\/posts\/12053\/revisions"}],"wp:featuredmedia":[{"embeddable":true,"href":"https:\/\/radioleinewelle.de\/index.php\/wp-json\/wp\/v2\/media\/12058"}],"wp:attachment":[{"href":"https:\/\/radioleinewelle.de\/index.php\/wp-json\/wp\/v2\/media?parent=12053"}],"wp:term":[{"taxonomy":"category","embeddable":true,"href":"https:\/\/radioleinewelle.de\/index.php\/wp-json\/wp\/v2\/categories?post=12053"},{"taxonomy":"post_tag","embeddable":true,"href":"https:\/\/radioleinewelle.de\/index.php\/wp-json\/wp\/v2\/tags?post=12053"}],"curies":[{"name":"wp","href":"https:\/\/api.w.org\/{rel}","templated":true}]}}