{"id":1210,"date":"2020-08-18T09:43:19","date_gmt":"2020-08-18T07:43:19","guid":{"rendered":"https:\/\/radioleinewelle.de\/?p=1210"},"modified":"2020-08-18T09:43:19","modified_gmt":"2020-08-18T07:43:19","slug":"kassel-in-der-preussenzeit-ein-spaziergang-durch-die-kasseler-innenstadt","status":"publish","type":"post","link":"https:\/\/radioleinewelle.de\/index.php\/2020\/08\/18\/kassel-in-der-preussenzeit-ein-spaziergang-durch-die-kasseler-innenstadt\/","title":{"rendered":"\u201eKassel in der Preu\u00dfenzeit\u201c &#8211; ein Spaziergang durch die Kasseler Innenstadt"},"content":{"rendered":"<p>Das Stadtmuseum Kassel bietet einen 90-min\u00fctigen Spaziergang durch die Kasseler Innenstadt zum Thema: \u201eKassel in der Preu\u00dfenzeit\u201c an. Albert Walch, Vermittler im Stadtmuseum, f\u00fchrt am Mittwoch, 19. August, ab 17 Uhr durch die Kasseler Innenstadt. Im Jahr 1866 wurde Kassel preu\u00dfisch und blieb es bis 1947. Die Zeit bis zum Beginn des Ersten Weltkrieges war eine \u00e4u\u00dferst dynamische und innovative Phase, auch wenn gegenw\u00e4rtig diese Adjektive nicht zwangsl\u00e4ufig mit dem Stichwort \u201ePreu\u00dfen\u201c verbunden werden. Albert Walch wird veranschaulichen, wie die Stadt Kassel in dieser Zeit zu ihrer Form fand, die wir heute im Grundsatz noch so vorfinden.<\/p>\n<p>Treffpunkt des Stadtspaziergangs ist am Stadtmuseum Kassel. Die Teilnehmerzahl ist begrenzt und eine verbindliche Anmeldung erforderlich unter 05 61\/7 87-44 05. Die Teilnahme am Spaziergang ist kostenfrei.<\/p>\n","protected":false},"excerpt":{"rendered":"<p>Das Stadtmuseum Kassel bietet einen 90-min\u00fctigen Spaziergang durch die Kasseler Innenstadt zum Thema: \u201eKassel in der Preu\u00dfenzeit\u201c an. Albert Walch, Vermittler im Stadtmuseum, f\u00fchrt am Mittwoch, 19. August, ab 17 Uhr durch die Kasseler Innenstadt. Im Jahr 1866 wurde Kassel preu\u00dfisch und blieb es bis 1947. Die Zeit bis zum Beginn des Ersten Weltkrieges war [&hellip;]<\/p>\n","protected":false},"author":1,"featured_media":1211,"comment_status":"closed","ping_status":"closed","sticky":false,"template":"","format":"standard","meta":{"saved_in_kubio":false,"footnotes":""},"categories":[1],"tags":[],"class_list":["post-1210","post","type-post","status-publish","format-standard","has-post-thumbnail","hentry","category-allgemein"],"yoast_head":"<!-- This site is optimized with the Yoast SEO plugin v27.5 - https:\/\/yoast.com\/product\/yoast-seo-wordpress\/ -->\n<title>\u201eKassel in der Preu\u00dfenzeit\u201c - ein Spaziergang durch die Kasseler Innenstadt - Radio Leinewelle<\/title>\n<meta name=\"robots\" content=\"index, follow, max-snippet:-1, max-image-preview:large, max-video-preview:-1\" \/>\n<link rel=\"canonical\" href=\"https:\/\/radioleinewelle.de\/index.php\/2020\/08\/18\/kassel-in-der-preussenzeit-ein-spaziergang-durch-die-kasseler-innenstadt\/\" \/>\n<meta property=\"og:locale\" content=\"de_DE\" \/>\n<meta property=\"og:type\" content=\"article\" \/>\n<meta property=\"og:title\" content=\"\u201eKassel in der Preu\u00dfenzeit\u201c - ein Spaziergang durch die Kasseler Innenstadt - Radio Leinewelle\" \/>\n<meta property=\"og:description\" content=\"Das Stadtmuseum Kassel bietet einen 90-min\u00fctigen Spaziergang durch die Kasseler Innenstadt zum Thema: \u201eKassel in der Preu\u00dfenzeit\u201c an. Albert Walch, Vermittler im Stadtmuseum, f\u00fchrt am Mittwoch, 19. August, ab 17 Uhr durch die Kasseler Innenstadt. Im Jahr 1866 wurde Kassel preu\u00dfisch und blieb es bis 1947. Die Zeit bis zum Beginn des Ersten Weltkrieges war [&hellip;]\" \/>\n<meta property=\"og:url\" content=\"https:\/\/radioleinewelle.de\/index.php\/2020\/08\/18\/kassel-in-der-preussenzeit-ein-spaziergang-durch-die-kasseler-innenstadt\/\" \/>\n<meta property=\"og:site_name\" content=\"Radio Leinewelle\" \/>\n<meta property=\"article:publisher\" content=\"https:\/\/www.facebook.com\/radioleinewelle\" \/>\n<meta property=\"article:author\" content=\"https:\/\/www.facebook.com\/radioleinewelle\" \/>\n<meta property=\"article:published_time\" content=\"2020-08-18T07:43:19+00:00\" \/>\n<meta property=\"og:image\" content=\"https:\/\/radioleinewelle.de\/wp-content\/uploads\/2020\/08\/Kassel-Historisches-Bild.jpg\" \/>\n\t<meta property=\"og:image:width\" content=\"600\" \/>\n\t<meta property=\"og:image:height\" content=\"388\" \/>\n\t<meta property=\"og:image:type\" content=\"image\/jpeg\" \/>\n<meta name=\"author\" content=\"Leinewelle\" \/>\n<meta name=\"twitter:card\" content=\"summary_large_image\" \/>\n<meta name=\"twitter:creator\" content=\"@https:\/\/twitter.com\/RLeinewelle?ref_src=twsrcgoogletwcampserptwgrauthor\" \/>\n<meta name=\"twitter:site\" content=\"@RLeinewelle\" \/>\n<meta name=\"twitter:label1\" content=\"Verfasst von\" \/>\n\t<meta name=\"twitter:data1\" content=\"Leinewelle\" \/>\n\t<meta name=\"twitter:label2\" content=\"Gesch\u00e4tzte Lesezeit\" \/>\n\t<meta name=\"twitter:data2\" content=\"1\u00a0Minute\" \/>\n<script type=\"application\/ld+json\" class=\"yoast-schema-graph\">{\"@context\":\"https:\\\/\\\/schema.org\",\"@graph\":[{\"@type\":\"Article\",\"@id\":\"https:\\\/\\\/radioleinewelle.de\\\/index.php\\\/2020\\\/08\\\/18\\\/kassel-in-der-preussenzeit-ein-spaziergang-durch-die-kasseler-innenstadt\\\/#article\",\"isPartOf\":{\"@id\":\"https:\\\/\\\/radioleinewelle.de\\\/index.php\\\/2020\\\/08\\\/18\\\/kassel-in-der-preussenzeit-ein-spaziergang-durch-die-kasseler-innenstadt\\\/\"},\"author\":{\"name\":\"Leinewelle\",\"@id\":\"https:\\\/\\\/radioleinewelle.de\\\/#\\\/schema\\\/person\\\/45606f348637df637192dc1b68399a63\"},\"headline\":\"\u201eKassel in der Preu\u00dfenzeit\u201c &#8211; ein Spaziergang durch die Kasseler Innenstadt\",\"datePublished\":\"2020-08-18T07:43:19+00:00\",\"mainEntityOfPage\":{\"@id\":\"https:\\\/\\\/radioleinewelle.de\\\/index.php\\\/2020\\\/08\\\/18\\\/kassel-in-der-preussenzeit-ein-spaziergang-durch-die-kasseler-innenstadt\\\/\"},\"wordCount\":137,\"publisher\":{\"@id\":\"https:\\\/\\\/radioleinewelle.de\\\/#organization\"},\"image\":{\"@id\":\"https:\\\/\\\/radioleinewelle.de\\\/index.php\\\/2020\\\/08\\\/18\\\/kassel-in-der-preussenzeit-ein-spaziergang-durch-die-kasseler-innenstadt\\\/#primaryimage\"},\"thumbnailUrl\":\"https:\\\/\\\/radioleinewelle.de\\\/wp-content\\\/uploads\\\/2020\\\/08\\\/Kassel-Historisches-Bild.jpg\",\"inLanguage\":\"de\"},{\"@type\":\"WebPage\",\"@id\":\"https:\\\/\\\/radioleinewelle.de\\\/index.php\\\/2020\\\/08\\\/18\\\/kassel-in-der-preussenzeit-ein-spaziergang-durch-die-kasseler-innenstadt\\\/\",\"url\":\"https:\\\/\\\/radioleinewelle.de\\\/index.php\\\/2020\\\/08\\\/18\\\/kassel-in-der-preussenzeit-ein-spaziergang-durch-die-kasseler-innenstadt\\\/\",\"name\":\"\u201eKassel in der Preu\u00dfenzeit\u201c - ein Spaziergang durch die Kasseler Innenstadt - Radio Leinewelle\",\"isPartOf\":{\"@id\":\"https:\\\/\\\/radioleinewelle.de\\\/#website\"},\"primaryImageOfPage\":{\"@id\":\"https:\\\/\\\/radioleinewelle.de\\\/index.php\\\/2020\\\/08\\\/18\\\/kassel-in-der-preussenzeit-ein-spaziergang-durch-die-kasseler-innenstadt\\\/#primaryimage\"},\"image\":{\"@id\":\"https:\\\/\\\/radioleinewelle.de\\\/index.php\\\/2020\\\/08\\\/18\\\/kassel-in-der-preussenzeit-ein-spaziergang-durch-die-kasseler-innenstadt\\\/#primaryimage\"},\"thumbnailUrl\":\"https:\\\/\\\/radioleinewelle.de\\\/wp-content\\\/uploads\\\/2020\\\/08\\\/Kassel-Historisches-Bild.jpg\",\"datePublished\":\"2020-08-18T07:43:19+00:00\",\"breadcrumb\":{\"@id\":\"https:\\\/\\\/radioleinewelle.de\\\/index.php\\\/2020\\\/08\\\/18\\\/kassel-in-der-preussenzeit-ein-spaziergang-durch-die-kasseler-innenstadt\\\/#breadcrumb\"},\"inLanguage\":\"de\",\"potentialAction\":[{\"@type\":\"ReadAction\",\"target\":[\"https:\\\/\\\/radioleinewelle.de\\\/index.php\\\/2020\\\/08\\\/18\\\/kassel-in-der-preussenzeit-ein-spaziergang-durch-die-kasseler-innenstadt\\\/\"]}]},{\"@type\":\"ImageObject\",\"inLanguage\":\"de\",\"@id\":\"https:\\\/\\\/radioleinewelle.de\\\/index.php\\\/2020\\\/08\\\/18\\\/kassel-in-der-preussenzeit-ein-spaziergang-durch-die-kasseler-innenstadt\\\/#primaryimage\",\"url\":\"https:\\\/\\\/radioleinewelle.de\\\/wp-content\\\/uploads\\\/2020\\\/08\\\/Kassel-Historisches-Bild.jpg\",\"contentUrl\":\"https:\\\/\\\/radioleinewelle.de\\\/wp-content\\\/uploads\\\/2020\\\/08\\\/Kassel-Historisches-Bild.jpg\",\"width\":600,\"height\":388},{\"@type\":\"BreadcrumbList\",\"@id\":\"https:\\\/\\\/radioleinewelle.de\\\/index.php\\\/2020\\\/08\\\/18\\\/kassel-in-der-preussenzeit-ein-spaziergang-durch-die-kasseler-innenstadt\\\/#breadcrumb\",\"itemListElement\":[{\"@type\":\"ListItem\",\"position\":1,\"name\":\"Startseite\",\"item\":\"https:\\\/\\\/radioleinewelle.de\\\/\"},{\"@type\":\"ListItem\",\"position\":2,\"name\":\"\u201eKassel in der Preu\u00dfenzeit\u201c &#8211; ein Spaziergang durch die Kasseler Innenstadt\"}]},{\"@type\":\"WebSite\",\"@id\":\"https:\\\/\\\/radioleinewelle.de\\\/#website\",\"url\":\"https:\\\/\\\/radioleinewelle.de\\\/\",\"name\":\"Radio Leinewelle\",\"description\":\"\",\"publisher\":{\"@id\":\"https:\\\/\\\/radioleinewelle.de\\\/#organization\"},\"potentialAction\":[{\"@type\":\"SearchAction\",\"target\":{\"@type\":\"EntryPoint\",\"urlTemplate\":\"https:\\\/\\\/radioleinewelle.de\\\/?s={search_term_string}\"},\"query-input\":{\"@type\":\"PropertyValueSpecification\",\"valueRequired\":true,\"valueName\":\"search_term_string\"}}],\"inLanguage\":\"de\"},{\"@type\":\"Organization\",\"@id\":\"https:\\\/\\\/radioleinewelle.de\\\/#organization\",\"name\":\"Radio Leinewelle\",\"alternateName\":\"Mein Radio f\u00fcr S\u00fcdniedersachsen\",\"url\":\"https:\\\/\\\/radioleinewelle.de\\\/\",\"logo\":{\"@type\":\"ImageObject\",\"inLanguage\":\"de\",\"@id\":\"https:\\\/\\\/radioleinewelle.de\\\/#\\\/schema\\\/logo\\\/image\\\/\",\"url\":\"https:\\\/\\\/radioleinewelle.de\\\/wp-content\\\/uploads\\\/2023\\\/11\\\/cropped-Leinewelle_Logo_weiss.png\",\"contentUrl\":\"https:\\\/\\\/radioleinewelle.de\\\/wp-content\\\/uploads\\\/2023\\\/11\\\/cropped-Leinewelle_Logo_weiss.png\",\"width\":854,\"height\":260,\"caption\":\"Radio Leinewelle\"},\"image\":{\"@id\":\"https:\\\/\\\/radioleinewelle.de\\\/#\\\/schema\\\/logo\\\/image\\\/\"},\"sameAs\":[\"https:\\\/\\\/www.facebook.com\\\/radioleinewelle\",\"https:\\\/\\\/x.com\\\/RLeinewelle\",\"https:\\\/\\\/www.instagram.com\\\/radioleinewelle\\\/?hl=de\"]},{\"@type\":\"Person\",\"@id\":\"https:\\\/\\\/radioleinewelle.de\\\/#\\\/schema\\\/person\\\/45606f348637df637192dc1b68399a63\",\"name\":\"Leinewelle\",\"image\":{\"@type\":\"ImageObject\",\"inLanguage\":\"de\",\"@id\":\"https:\\\/\\\/secure.gravatar.com\\\/avatar\\\/05c9a17bc973052ee5d91549bd32fb4dd0dc85b7b85ae94b2e2b4943476bbea5?s=96&d=blank&r=g\",\"url\":\"https:\\\/\\\/secure.gravatar.com\\\/avatar\\\/05c9a17bc973052ee5d91549bd32fb4dd0dc85b7b85ae94b2e2b4943476bbea5?s=96&d=blank&r=g\",\"contentUrl\":\"https:\\\/\\\/secure.gravatar.com\\\/avatar\\\/05c9a17bc973052ee5d91549bd32fb4dd0dc85b7b85ae94b2e2b4943476bbea5?s=96&d=blank&r=g\",\"caption\":\"Leinewelle\"},\"sameAs\":[\"http:\\\/\\\/localhost\\\/radio%20leinewelle\\\/wordpress\",\"https:\\\/\\\/www.facebook.com\\\/radioleinewelle\",\"https:\\\/\\\/www.instagram.com\\\/radioleinewelle\",\"https:\\\/\\\/x.com\\\/https:\\\/\\\/twitter.com\\\/RLeinewelle?ref_src=twsrcgoogletwcampserptwgrauthor\",\"https:\\\/\\\/soundcloud.com\\\/foerderverein-lokalradio?utm_source=clipboard&utm_medium=text&utm_campaign=social_sharing\"],\"url\":\"https:\\\/\\\/radioleinewelle.de\\\/index.php\\\/author\\\/leinewelle\\\/\"}]}<\/script>\n<!-- \/ Yoast SEO plugin. -->","yoast_head_json":{"title":"\u201eKassel in der Preu\u00dfenzeit\u201c - ein Spaziergang durch die Kasseler Innenstadt - Radio Leinewelle","robots":{"index":"index","follow":"follow","max-snippet":"max-snippet:-1","max-image-preview":"max-image-preview:large","max-video-preview":"max-video-preview:-1"},"canonical":"https:\/\/radioleinewelle.de\/index.php\/2020\/08\/18\/kassel-in-der-preussenzeit-ein-spaziergang-durch-die-kasseler-innenstadt\/","og_locale":"de_DE","og_type":"article","og_title":"\u201eKassel in der Preu\u00dfenzeit\u201c - ein Spaziergang durch die Kasseler Innenstadt - Radio Leinewelle","og_description":"Das Stadtmuseum Kassel bietet einen 90-min\u00fctigen Spaziergang durch die Kasseler Innenstadt zum Thema: \u201eKassel in der Preu\u00dfenzeit\u201c an. Albert Walch, Vermittler im Stadtmuseum, f\u00fchrt am Mittwoch, 19. August, ab 17 Uhr durch die Kasseler Innenstadt. Im Jahr 1866 wurde Kassel preu\u00dfisch und blieb es bis 1947. Die Zeit bis zum Beginn des Ersten Weltkrieges war [&hellip;]","og_url":"https:\/\/radioleinewelle.de\/index.php\/2020\/08\/18\/kassel-in-der-preussenzeit-ein-spaziergang-durch-die-kasseler-innenstadt\/","og_site_name":"Radio Leinewelle","article_publisher":"https:\/\/www.facebook.com\/radioleinewelle","article_author":"https:\/\/www.facebook.com\/radioleinewelle","article_published_time":"2020-08-18T07:43:19+00:00","og_image":[{"width":600,"height":388,"url":"https:\/\/radioleinewelle.de\/wp-content\/uploads\/2020\/08\/Kassel-Historisches-Bild.jpg","type":"image\/jpeg"}],"author":"Leinewelle","twitter_card":"summary_large_image","twitter_creator":"@https:\/\/twitter.com\/RLeinewelle?ref_src=twsrcgoogletwcampserptwgrauthor","twitter_site":"@RLeinewelle","twitter_misc":{"Verfasst von":"Leinewelle","Gesch\u00e4tzte Lesezeit":"1\u00a0Minute"},"schema":{"@context":"https:\/\/schema.org","@graph":[{"@type":"Article","@id":"https:\/\/radioleinewelle.de\/index.php\/2020\/08\/18\/kassel-in-der-preussenzeit-ein-spaziergang-durch-die-kasseler-innenstadt\/#article","isPartOf":{"@id":"https:\/\/radioleinewelle.de\/index.php\/2020\/08\/18\/kassel-in-der-preussenzeit-ein-spaziergang-durch-die-kasseler-innenstadt\/"},"author":{"name":"Leinewelle","@id":"https:\/\/radioleinewelle.de\/#\/schema\/person\/45606f348637df637192dc1b68399a63"},"headline":"\u201eKassel in der Preu\u00dfenzeit\u201c &#8211; ein Spaziergang durch die Kasseler Innenstadt","datePublished":"2020-08-18T07:43:19+00:00","mainEntityOfPage":{"@id":"https:\/\/radioleinewelle.de\/index.php\/2020\/08\/18\/kassel-in-der-preussenzeit-ein-spaziergang-durch-die-kasseler-innenstadt\/"},"wordCount":137,"publisher":{"@id":"https:\/\/radioleinewelle.de\/#organization"},"image":{"@id":"https:\/\/radioleinewelle.de\/index.php\/2020\/08\/18\/kassel-in-der-preussenzeit-ein-spaziergang-durch-die-kasseler-innenstadt\/#primaryimage"},"thumbnailUrl":"https:\/\/radioleinewelle.de\/wp-content\/uploads\/2020\/08\/Kassel-Historisches-Bild.jpg","inLanguage":"de"},{"@type":"WebPage","@id":"https:\/\/radioleinewelle.de\/index.php\/2020\/08\/18\/kassel-in-der-preussenzeit-ein-spaziergang-durch-die-kasseler-innenstadt\/","url":"https:\/\/radioleinewelle.de\/index.php\/2020\/08\/18\/kassel-in-der-preussenzeit-ein-spaziergang-durch-die-kasseler-innenstadt\/","name":"\u201eKassel in der Preu\u00dfenzeit\u201c - ein Spaziergang durch die Kasseler Innenstadt - Radio Leinewelle","isPartOf":{"@id":"https:\/\/radioleinewelle.de\/#website"},"primaryImageOfPage":{"@id":"https:\/\/radioleinewelle.de\/index.php\/2020\/08\/18\/kassel-in-der-preussenzeit-ein-spaziergang-durch-die-kasseler-innenstadt\/#primaryimage"},"image":{"@id":"https:\/\/radioleinewelle.de\/index.php\/2020\/08\/18\/kassel-in-der-preussenzeit-ein-spaziergang-durch-die-kasseler-innenstadt\/#primaryimage"},"thumbnailUrl":"https:\/\/radioleinewelle.de\/wp-content\/uploads\/2020\/08\/Kassel-Historisches-Bild.jpg","datePublished":"2020-08-18T07:43:19+00:00","breadcrumb":{"@id":"https:\/\/radioleinewelle.de\/index.php\/2020\/08\/18\/kassel-in-der-preussenzeit-ein-spaziergang-durch-die-kasseler-innenstadt\/#breadcrumb"},"inLanguage":"de","potentialAction":[{"@type":"ReadAction","target":["https:\/\/radioleinewelle.de\/index.php\/2020\/08\/18\/kassel-in-der-preussenzeit-ein-spaziergang-durch-die-kasseler-innenstadt\/"]}]},{"@type":"ImageObject","inLanguage":"de","@id":"https:\/\/radioleinewelle.de\/index.php\/2020\/08\/18\/kassel-in-der-preussenzeit-ein-spaziergang-durch-die-kasseler-innenstadt\/#primaryimage","url":"https:\/\/radioleinewelle.de\/wp-content\/uploads\/2020\/08\/Kassel-Historisches-Bild.jpg","contentUrl":"https:\/\/radioleinewelle.de\/wp-content\/uploads\/2020\/08\/Kassel-Historisches-Bild.jpg","width":600,"height":388},{"@type":"BreadcrumbList","@id":"https:\/\/radioleinewelle.de\/index.php\/2020\/08\/18\/kassel-in-der-preussenzeit-ein-spaziergang-durch-die-kasseler-innenstadt\/#breadcrumb","itemListElement":[{"@type":"ListItem","position":1,"name":"Startseite","item":"https:\/\/radioleinewelle.de\/"},{"@type":"ListItem","position":2,"name":"\u201eKassel in der Preu\u00dfenzeit\u201c &#8211; ein Spaziergang durch die Kasseler Innenstadt"}]},{"@type":"WebSite","@id":"https:\/\/radioleinewelle.de\/#website","url":"https:\/\/radioleinewelle.de\/","name":"Radio Leinewelle","description":"","publisher":{"@id":"https:\/\/radioleinewelle.de\/#organization"},"potentialAction":[{"@type":"SearchAction","target":{"@type":"EntryPoint","urlTemplate":"https:\/\/radioleinewelle.de\/?s={search_term_string}"},"query-input":{"@type":"PropertyValueSpecification","valueRequired":true,"valueName":"search_term_string"}}],"inLanguage":"de"},{"@type":"Organization","@id":"https:\/\/radioleinewelle.de\/#organization","name":"Radio Leinewelle","alternateName":"Mein Radio f\u00fcr S\u00fcdniedersachsen","url":"https:\/\/radioleinewelle.de\/","logo":{"@type":"ImageObject","inLanguage":"de","@id":"https:\/\/radioleinewelle.de\/#\/schema\/logo\/image\/","url":"https:\/\/radioleinewelle.de\/wp-content\/uploads\/2023\/11\/cropped-Leinewelle_Logo_weiss.png","contentUrl":"https:\/\/radioleinewelle.de\/wp-content\/uploads\/2023\/11\/cropped-Leinewelle_Logo_weiss.png","width":854,"height":260,"caption":"Radio Leinewelle"},"image":{"@id":"https:\/\/radioleinewelle.de\/#\/schema\/logo\/image\/"},"sameAs":["https:\/\/www.facebook.com\/radioleinewelle","https:\/\/x.com\/RLeinewelle","https:\/\/www.instagram.com\/radioleinewelle\/?hl=de"]},{"@type":"Person","@id":"https:\/\/radioleinewelle.de\/#\/schema\/person\/45606f348637df637192dc1b68399a63","name":"Leinewelle","image":{"@type":"ImageObject","inLanguage":"de","@id":"https:\/\/secure.gravatar.com\/avatar\/05c9a17bc973052ee5d91549bd32fb4dd0dc85b7b85ae94b2e2b4943476bbea5?s=96&d=blank&r=g","url":"https:\/\/secure.gravatar.com\/avatar\/05c9a17bc973052ee5d91549bd32fb4dd0dc85b7b85ae94b2e2b4943476bbea5?s=96&d=blank&r=g","contentUrl":"https:\/\/secure.gravatar.com\/avatar\/05c9a17bc973052ee5d91549bd32fb4dd0dc85b7b85ae94b2e2b4943476bbea5?s=96&d=blank&r=g","caption":"Leinewelle"},"sameAs":["http:\/\/localhost\/radio%20leinewelle\/wordpress","https:\/\/www.facebook.com\/radioleinewelle","https:\/\/www.instagram.com\/radioleinewelle","https:\/\/x.com\/https:\/\/twitter.com\/RLeinewelle?ref_src=twsrcgoogletwcampserptwgrauthor","https:\/\/soundcloud.com\/foerderverein-lokalradio?utm_source=clipboard&utm_medium=text&utm_campaign=social_sharing"],"url":"https:\/\/radioleinewelle.de\/index.php\/author\/leinewelle\/"}]}},"_links":{"self":[{"href":"https:\/\/radioleinewelle.de\/index.php\/wp-json\/wp\/v2\/posts\/1210","targetHints":{"allow":["GET"]}}],"collection":[{"href":"https:\/\/radioleinewelle.de\/index.php\/wp-json\/wp\/v2\/posts"}],"about":[{"href":"https:\/\/radioleinewelle.de\/index.php\/wp-json\/wp\/v2\/types\/post"}],"author":[{"embeddable":true,"href":"https:\/\/radioleinewelle.de\/index.php\/wp-json\/wp\/v2\/users\/1"}],"replies":[{"embeddable":true,"href":"https:\/\/radioleinewelle.de\/index.php\/wp-json\/wp\/v2\/comments?post=1210"}],"version-history":[{"count":0,"href":"https:\/\/radioleinewelle.de\/index.php\/wp-json\/wp\/v2\/posts\/1210\/revisions"}],"wp:featuredmedia":[{"embeddable":true,"href":"https:\/\/radioleinewelle.de\/index.php\/wp-json\/wp\/v2\/media\/1211"}],"wp:attachment":[{"href":"https:\/\/radioleinewelle.de\/index.php\/wp-json\/wp\/v2\/media?parent=1210"}],"wp:term":[{"taxonomy":"category","embeddable":true,"href":"https:\/\/radioleinewelle.de\/index.php\/wp-json\/wp\/v2\/categories?post=1210"},{"taxonomy":"post_tag","embeddable":true,"href":"https:\/\/radioleinewelle.de\/index.php\/wp-json\/wp\/v2\/tags?post=1210"}],"curies":[{"name":"wp","href":"https:\/\/api.w.org\/{rel}","templated":true}]}}