{"id":1222,"date":"2020-08-19T14:12:38","date_gmt":"2020-08-19T12:12:38","guid":{"rendered":"https:\/\/radioleinewelle.de\/?p=1222"},"modified":"2020-08-19T14:12:38","modified_gmt":"2020-08-19T12:12:38","slug":"stadt-osterode-stellt-mission-stadtwaldrettung-2020-vor","status":"publish","type":"post","link":"https:\/\/radioleinewelle.de\/index.php\/2020\/08\/19\/stadt-osterode-stellt-mission-stadtwaldrettung-2020-vor\/","title":{"rendered":"Stadt Osterode stellt &#8222;Mission Stadtwaldrettung 2020&#8220; vor"},"content":{"rendered":"<p>\u201eInfolge der Trockenheit und des damit zusammenh\u00e4ngenden massiven Borkenk\u00e4ferbefalls im Harz sind auch gro\u00dfe Teile des Osteroder Stadtwaldes abgestorben. Betroffen sind vor allem Fichten. &#8222;Die Situation unseres Stadtwaldes kann nur als dramatisch bezeichnet werden&#8220;, so B\u00fcrgermeister Jens Augat bei der Vorstellung der Aktion \u201eMission Stadtwaldrettung 2020\u201c. Unser Stadtwald dient als Wirtschaftswald der nachhaltigen Holzproduktion und ist zugleich auch Naherholungsgebiet, gr\u00fcne Lunge unserer Stadt und wichtiger Baustein f\u00fcr den Klimaschutz. Unser Wald geht uns also alle an.\u201c Die Aufgabe sei es den Wald zukunftssicher zu machen. Dazu soll noch dieses Jahr gemeinsam mit der Politik ein zukunftsf\u00e4higes Konzept entwickelt werden. Einbeziehen m\u00f6chte B\u00fcrgermeister Augat auch Einwohnerinnen und Einwohner und nat\u00fcrlich alle, die sich dem Wald verbunden f\u00fchlen. Die Idee: Als Auftakt des Waldumbaus findet eine Pflanzaktion statt \u2013 zun\u00e4chst an zwei Wochenenden (16. \/ 17. sowie am 23. \/ 24. Oktober). Ehrenamtliche Helferinnen und Helfer sind herzlich eingeladen, sich an der Baumpflanzaktion zu beteiligen und unter Anleitung der st\u00e4dtischen Forstwirte, eine Fl\u00e4che bei den Schneiderteichen zu bepflanzen. Dort soll k\u00fcnftig ein Mischwald wachsen.<\/p>\n<p>Begleitet und organisiert wird die Aktion von der in Osterode am Harz ans\u00e4ssigen Agentur \u201eZapalott\u201c, welche sich mit ihrer Marke \u201eHARZlandung\u201c ganz dem n\u00f6rdlichsten deutschen Mittelgebirge verschrieben hat. Ihre Leistungen hierf\u00fcr stellt die Agentur unentgeltlich zur Verf\u00fcgung. \u201eIch freue mich sehr, dass wir mit \u201eHARZlandung\u201c einen tollen Partner gefunden haben, dem das Thema Wald genauso am Herzen liegt wie uns. F\u00fcr Ideengebung und vielf\u00e4ltige Unterst\u00fctzung kann ich mich nur bedanken.\u201c<br \/>\nMehr Infos unter: <a href=\"https:\/\/www.osterode.de\/portal\/meldungen\/vorstellung-mission-stadtwaldrettung-2020-912004479-21351.html?rubrik=912000001\">Stadt Osterode<\/a><br \/>\nQuellennachweis Foto: Stadt Osterode<\/p>\n","protected":false},"excerpt":{"rendered":"<p>\u201eInfolge der Trockenheit und des damit zusammenh\u00e4ngenden massiven Borkenk\u00e4ferbefalls im Harz sind auch gro\u00dfe Teile des Osteroder Stadtwaldes abgestorben. Betroffen sind vor allem Fichten. &#8222;Die Situation unseres Stadtwaldes kann nur als dramatisch bezeichnet werden&#8220;, so B\u00fcrgermeister Jens Augat bei der Vorstellung der Aktion \u201eMission Stadtwaldrettung 2020\u201c. Unser Stadtwald dient als Wirtschaftswald der nachhaltigen Holzproduktion und [&hellip;]<\/p>\n","protected":false},"author":1,"featured_media":0,"comment_status":"closed","ping_status":"closed","sticky":false,"template":"","format":"standard","meta":{"saved_in_kubio":false,"footnotes":""},"categories":[1],"tags":[],"class_list":["post-1222","post","type-post","status-publish","format-standard","hentry","category-allgemein"],"yoast_head":"<!-- This site is optimized with the Yoast SEO plugin v27.5 - https:\/\/yoast.com\/product\/yoast-seo-wordpress\/ -->\n<title>Stadt Osterode stellt &quot;Mission Stadtwaldrettung 2020&quot; vor - Radio Leinewelle<\/title>\n<meta name=\"robots\" content=\"index, follow, max-snippet:-1, max-image-preview:large, max-video-preview:-1\" \/>\n<link rel=\"canonical\" href=\"https:\/\/radioleinewelle.de\/index.php\/2020\/08\/19\/stadt-osterode-stellt-mission-stadtwaldrettung-2020-vor\/\" \/>\n<meta property=\"og:locale\" content=\"de_DE\" \/>\n<meta property=\"og:type\" content=\"article\" \/>\n<meta property=\"og:title\" content=\"Stadt Osterode stellt &quot;Mission Stadtwaldrettung 2020&quot; vor - Radio Leinewelle\" \/>\n<meta property=\"og:description\" content=\"\u201eInfolge der Trockenheit und des damit zusammenh\u00e4ngenden massiven Borkenk\u00e4ferbefalls im Harz sind auch gro\u00dfe Teile des Osteroder Stadtwaldes abgestorben. Betroffen sind vor allem Fichten. &#8222;Die Situation unseres Stadtwaldes kann nur als dramatisch bezeichnet werden&#8220;, so B\u00fcrgermeister Jens Augat bei der Vorstellung der Aktion \u201eMission Stadtwaldrettung 2020\u201c. Unser Stadtwald dient als Wirtschaftswald der nachhaltigen Holzproduktion und [&hellip;]\" \/>\n<meta property=\"og:url\" content=\"https:\/\/radioleinewelle.de\/index.php\/2020\/08\/19\/stadt-osterode-stellt-mission-stadtwaldrettung-2020-vor\/\" \/>\n<meta property=\"og:site_name\" content=\"Radio Leinewelle\" \/>\n<meta property=\"article:publisher\" content=\"https:\/\/www.facebook.com\/radioleinewelle\" \/>\n<meta property=\"article:author\" content=\"https:\/\/www.facebook.com\/radioleinewelle\" \/>\n<meta property=\"article:published_time\" content=\"2020-08-19T12:12:38+00:00\" \/>\n<meta name=\"author\" content=\"Leinewelle\" \/>\n<meta name=\"twitter:card\" content=\"summary_large_image\" \/>\n<meta name=\"twitter:creator\" content=\"@https:\/\/twitter.com\/RLeinewelle?ref_src=twsrcgoogletwcampserptwgrauthor\" \/>\n<meta name=\"twitter:site\" content=\"@RLeinewelle\" \/>\n<meta name=\"twitter:label1\" content=\"Verfasst von\" \/>\n\t<meta name=\"twitter:data1\" content=\"Leinewelle\" \/>\n\t<meta name=\"twitter:label2\" content=\"Gesch\u00e4tzte Lesezeit\" \/>\n\t<meta name=\"twitter:data2\" content=\"1\u00a0Minute\" \/>\n<script type=\"application\/ld+json\" class=\"yoast-schema-graph\">{\"@context\":\"https:\\\/\\\/schema.org\",\"@graph\":[{\"@type\":\"Article\",\"@id\":\"https:\\\/\\\/radioleinewelle.de\\\/index.php\\\/2020\\\/08\\\/19\\\/stadt-osterode-stellt-mission-stadtwaldrettung-2020-vor\\\/#article\",\"isPartOf\":{\"@id\":\"https:\\\/\\\/radioleinewelle.de\\\/index.php\\\/2020\\\/08\\\/19\\\/stadt-osterode-stellt-mission-stadtwaldrettung-2020-vor\\\/\"},\"author\":{\"name\":\"Leinewelle\",\"@id\":\"https:\\\/\\\/radioleinewelle.de\\\/#\\\/schema\\\/person\\\/45606f348637df637192dc1b68399a63\"},\"headline\":\"Stadt Osterode stellt &#8222;Mission Stadtwaldrettung 2020&#8220; vor\",\"datePublished\":\"2020-08-19T12:12:38+00:00\",\"mainEntityOfPage\":{\"@id\":\"https:\\\/\\\/radioleinewelle.de\\\/index.php\\\/2020\\\/08\\\/19\\\/stadt-osterode-stellt-mission-stadtwaldrettung-2020-vor\\\/\"},\"wordCount\":271,\"publisher\":{\"@id\":\"https:\\\/\\\/radioleinewelle.de\\\/#organization\"},\"inLanguage\":\"de\"},{\"@type\":\"WebPage\",\"@id\":\"https:\\\/\\\/radioleinewelle.de\\\/index.php\\\/2020\\\/08\\\/19\\\/stadt-osterode-stellt-mission-stadtwaldrettung-2020-vor\\\/\",\"url\":\"https:\\\/\\\/radioleinewelle.de\\\/index.php\\\/2020\\\/08\\\/19\\\/stadt-osterode-stellt-mission-stadtwaldrettung-2020-vor\\\/\",\"name\":\"Stadt Osterode stellt \\\"Mission Stadtwaldrettung 2020\\\" vor - Radio Leinewelle\",\"isPartOf\":{\"@id\":\"https:\\\/\\\/radioleinewelle.de\\\/#website\"},\"datePublished\":\"2020-08-19T12:12:38+00:00\",\"breadcrumb\":{\"@id\":\"https:\\\/\\\/radioleinewelle.de\\\/index.php\\\/2020\\\/08\\\/19\\\/stadt-osterode-stellt-mission-stadtwaldrettung-2020-vor\\\/#breadcrumb\"},\"inLanguage\":\"de\",\"potentialAction\":[{\"@type\":\"ReadAction\",\"target\":[\"https:\\\/\\\/radioleinewelle.de\\\/index.php\\\/2020\\\/08\\\/19\\\/stadt-osterode-stellt-mission-stadtwaldrettung-2020-vor\\\/\"]}]},{\"@type\":\"BreadcrumbList\",\"@id\":\"https:\\\/\\\/radioleinewelle.de\\\/index.php\\\/2020\\\/08\\\/19\\\/stadt-osterode-stellt-mission-stadtwaldrettung-2020-vor\\\/#breadcrumb\",\"itemListElement\":[{\"@type\":\"ListItem\",\"position\":1,\"name\":\"Startseite\",\"item\":\"https:\\\/\\\/radioleinewelle.de\\\/\"},{\"@type\":\"ListItem\",\"position\":2,\"name\":\"Stadt Osterode stellt &#8222;Mission Stadtwaldrettung 2020&#8220; vor\"}]},{\"@type\":\"WebSite\",\"@id\":\"https:\\\/\\\/radioleinewelle.de\\\/#website\",\"url\":\"https:\\\/\\\/radioleinewelle.de\\\/\",\"name\":\"Radio Leinewelle\",\"description\":\"\",\"publisher\":{\"@id\":\"https:\\\/\\\/radioleinewelle.de\\\/#organization\"},\"potentialAction\":[{\"@type\":\"SearchAction\",\"target\":{\"@type\":\"EntryPoint\",\"urlTemplate\":\"https:\\\/\\\/radioleinewelle.de\\\/?s={search_term_string}\"},\"query-input\":{\"@type\":\"PropertyValueSpecification\",\"valueRequired\":true,\"valueName\":\"search_term_string\"}}],\"inLanguage\":\"de\"},{\"@type\":\"Organization\",\"@id\":\"https:\\\/\\\/radioleinewelle.de\\\/#organization\",\"name\":\"Radio Leinewelle\",\"alternateName\":\"Mein Radio f\u00fcr S\u00fcdniedersachsen\",\"url\":\"https:\\\/\\\/radioleinewelle.de\\\/\",\"logo\":{\"@type\":\"ImageObject\",\"inLanguage\":\"de\",\"@id\":\"https:\\\/\\\/radioleinewelle.de\\\/#\\\/schema\\\/logo\\\/image\\\/\",\"url\":\"https:\\\/\\\/radioleinewelle.de\\\/wp-content\\\/uploads\\\/2023\\\/11\\\/cropped-Leinewelle_Logo_weiss.png\",\"contentUrl\":\"https:\\\/\\\/radioleinewelle.de\\\/wp-content\\\/uploads\\\/2023\\\/11\\\/cropped-Leinewelle_Logo_weiss.png\",\"width\":854,\"height\":260,\"caption\":\"Radio Leinewelle\"},\"image\":{\"@id\":\"https:\\\/\\\/radioleinewelle.de\\\/#\\\/schema\\\/logo\\\/image\\\/\"},\"sameAs\":[\"https:\\\/\\\/www.facebook.com\\\/radioleinewelle\",\"https:\\\/\\\/x.com\\\/RLeinewelle\",\"https:\\\/\\\/www.instagram.com\\\/radioleinewelle\\\/?hl=de\"]},{\"@type\":\"Person\",\"@id\":\"https:\\\/\\\/radioleinewelle.de\\\/#\\\/schema\\\/person\\\/45606f348637df637192dc1b68399a63\",\"name\":\"Leinewelle\",\"image\":{\"@type\":\"ImageObject\",\"inLanguage\":\"de\",\"@id\":\"https:\\\/\\\/secure.gravatar.com\\\/avatar\\\/05c9a17bc973052ee5d91549bd32fb4dd0dc85b7b85ae94b2e2b4943476bbea5?s=96&d=blank&r=g\",\"url\":\"https:\\\/\\\/secure.gravatar.com\\\/avatar\\\/05c9a17bc973052ee5d91549bd32fb4dd0dc85b7b85ae94b2e2b4943476bbea5?s=96&d=blank&r=g\",\"contentUrl\":\"https:\\\/\\\/secure.gravatar.com\\\/avatar\\\/05c9a17bc973052ee5d91549bd32fb4dd0dc85b7b85ae94b2e2b4943476bbea5?s=96&d=blank&r=g\",\"caption\":\"Leinewelle\"},\"sameAs\":[\"http:\\\/\\\/localhost\\\/radio%20leinewelle\\\/wordpress\",\"https:\\\/\\\/www.facebook.com\\\/radioleinewelle\",\"https:\\\/\\\/www.instagram.com\\\/radioleinewelle\",\"https:\\\/\\\/x.com\\\/https:\\\/\\\/twitter.com\\\/RLeinewelle?ref_src=twsrcgoogletwcampserptwgrauthor\",\"https:\\\/\\\/soundcloud.com\\\/foerderverein-lokalradio?utm_source=clipboard&utm_medium=text&utm_campaign=social_sharing\"],\"url\":\"https:\\\/\\\/radioleinewelle.de\\\/index.php\\\/author\\\/leinewelle\\\/\"}]}<\/script>\n<!-- \/ Yoast SEO plugin. -->","yoast_head_json":{"title":"Stadt Osterode stellt \"Mission Stadtwaldrettung 2020\" vor - Radio Leinewelle","robots":{"index":"index","follow":"follow","max-snippet":"max-snippet:-1","max-image-preview":"max-image-preview:large","max-video-preview":"max-video-preview:-1"},"canonical":"https:\/\/radioleinewelle.de\/index.php\/2020\/08\/19\/stadt-osterode-stellt-mission-stadtwaldrettung-2020-vor\/","og_locale":"de_DE","og_type":"article","og_title":"Stadt Osterode stellt \"Mission Stadtwaldrettung 2020\" vor - Radio Leinewelle","og_description":"\u201eInfolge der Trockenheit und des damit zusammenh\u00e4ngenden massiven Borkenk\u00e4ferbefalls im Harz sind auch gro\u00dfe Teile des Osteroder Stadtwaldes abgestorben. Betroffen sind vor allem Fichten. &#8222;Die Situation unseres Stadtwaldes kann nur als dramatisch bezeichnet werden&#8220;, so B\u00fcrgermeister Jens Augat bei der Vorstellung der Aktion \u201eMission Stadtwaldrettung 2020\u201c. Unser Stadtwald dient als Wirtschaftswald der nachhaltigen Holzproduktion und [&hellip;]","og_url":"https:\/\/radioleinewelle.de\/index.php\/2020\/08\/19\/stadt-osterode-stellt-mission-stadtwaldrettung-2020-vor\/","og_site_name":"Radio Leinewelle","article_publisher":"https:\/\/www.facebook.com\/radioleinewelle","article_author":"https:\/\/www.facebook.com\/radioleinewelle","article_published_time":"2020-08-19T12:12:38+00:00","author":"Leinewelle","twitter_card":"summary_large_image","twitter_creator":"@https:\/\/twitter.com\/RLeinewelle?ref_src=twsrcgoogletwcampserptwgrauthor","twitter_site":"@RLeinewelle","twitter_misc":{"Verfasst von":"Leinewelle","Gesch\u00e4tzte Lesezeit":"1\u00a0Minute"},"schema":{"@context":"https:\/\/schema.org","@graph":[{"@type":"Article","@id":"https:\/\/radioleinewelle.de\/index.php\/2020\/08\/19\/stadt-osterode-stellt-mission-stadtwaldrettung-2020-vor\/#article","isPartOf":{"@id":"https:\/\/radioleinewelle.de\/index.php\/2020\/08\/19\/stadt-osterode-stellt-mission-stadtwaldrettung-2020-vor\/"},"author":{"name":"Leinewelle","@id":"https:\/\/radioleinewelle.de\/#\/schema\/person\/45606f348637df637192dc1b68399a63"},"headline":"Stadt Osterode stellt &#8222;Mission Stadtwaldrettung 2020&#8220; vor","datePublished":"2020-08-19T12:12:38+00:00","mainEntityOfPage":{"@id":"https:\/\/radioleinewelle.de\/index.php\/2020\/08\/19\/stadt-osterode-stellt-mission-stadtwaldrettung-2020-vor\/"},"wordCount":271,"publisher":{"@id":"https:\/\/radioleinewelle.de\/#organization"},"inLanguage":"de"},{"@type":"WebPage","@id":"https:\/\/radioleinewelle.de\/index.php\/2020\/08\/19\/stadt-osterode-stellt-mission-stadtwaldrettung-2020-vor\/","url":"https:\/\/radioleinewelle.de\/index.php\/2020\/08\/19\/stadt-osterode-stellt-mission-stadtwaldrettung-2020-vor\/","name":"Stadt Osterode stellt \"Mission Stadtwaldrettung 2020\" vor - Radio Leinewelle","isPartOf":{"@id":"https:\/\/radioleinewelle.de\/#website"},"datePublished":"2020-08-19T12:12:38+00:00","breadcrumb":{"@id":"https:\/\/radioleinewelle.de\/index.php\/2020\/08\/19\/stadt-osterode-stellt-mission-stadtwaldrettung-2020-vor\/#breadcrumb"},"inLanguage":"de","potentialAction":[{"@type":"ReadAction","target":["https:\/\/radioleinewelle.de\/index.php\/2020\/08\/19\/stadt-osterode-stellt-mission-stadtwaldrettung-2020-vor\/"]}]},{"@type":"BreadcrumbList","@id":"https:\/\/radioleinewelle.de\/index.php\/2020\/08\/19\/stadt-osterode-stellt-mission-stadtwaldrettung-2020-vor\/#breadcrumb","itemListElement":[{"@type":"ListItem","position":1,"name":"Startseite","item":"https:\/\/radioleinewelle.de\/"},{"@type":"ListItem","position":2,"name":"Stadt Osterode stellt &#8222;Mission Stadtwaldrettung 2020&#8220; vor"}]},{"@type":"WebSite","@id":"https:\/\/radioleinewelle.de\/#website","url":"https:\/\/radioleinewelle.de\/","name":"Radio Leinewelle","description":"","publisher":{"@id":"https:\/\/radioleinewelle.de\/#organization"},"potentialAction":[{"@type":"SearchAction","target":{"@type":"EntryPoint","urlTemplate":"https:\/\/radioleinewelle.de\/?s={search_term_string}"},"query-input":{"@type":"PropertyValueSpecification","valueRequired":true,"valueName":"search_term_string"}}],"inLanguage":"de"},{"@type":"Organization","@id":"https:\/\/radioleinewelle.de\/#organization","name":"Radio Leinewelle","alternateName":"Mein Radio f\u00fcr S\u00fcdniedersachsen","url":"https:\/\/radioleinewelle.de\/","logo":{"@type":"ImageObject","inLanguage":"de","@id":"https:\/\/radioleinewelle.de\/#\/schema\/logo\/image\/","url":"https:\/\/radioleinewelle.de\/wp-content\/uploads\/2023\/11\/cropped-Leinewelle_Logo_weiss.png","contentUrl":"https:\/\/radioleinewelle.de\/wp-content\/uploads\/2023\/11\/cropped-Leinewelle_Logo_weiss.png","width":854,"height":260,"caption":"Radio Leinewelle"},"image":{"@id":"https:\/\/radioleinewelle.de\/#\/schema\/logo\/image\/"},"sameAs":["https:\/\/www.facebook.com\/radioleinewelle","https:\/\/x.com\/RLeinewelle","https:\/\/www.instagram.com\/radioleinewelle\/?hl=de"]},{"@type":"Person","@id":"https:\/\/radioleinewelle.de\/#\/schema\/person\/45606f348637df637192dc1b68399a63","name":"Leinewelle","image":{"@type":"ImageObject","inLanguage":"de","@id":"https:\/\/secure.gravatar.com\/avatar\/05c9a17bc973052ee5d91549bd32fb4dd0dc85b7b85ae94b2e2b4943476bbea5?s=96&d=blank&r=g","url":"https:\/\/secure.gravatar.com\/avatar\/05c9a17bc973052ee5d91549bd32fb4dd0dc85b7b85ae94b2e2b4943476bbea5?s=96&d=blank&r=g","contentUrl":"https:\/\/secure.gravatar.com\/avatar\/05c9a17bc973052ee5d91549bd32fb4dd0dc85b7b85ae94b2e2b4943476bbea5?s=96&d=blank&r=g","caption":"Leinewelle"},"sameAs":["http:\/\/localhost\/radio%20leinewelle\/wordpress","https:\/\/www.facebook.com\/radioleinewelle","https:\/\/www.instagram.com\/radioleinewelle","https:\/\/x.com\/https:\/\/twitter.com\/RLeinewelle?ref_src=twsrcgoogletwcampserptwgrauthor","https:\/\/soundcloud.com\/foerderverein-lokalradio?utm_source=clipboard&utm_medium=text&utm_campaign=social_sharing"],"url":"https:\/\/radioleinewelle.de\/index.php\/author\/leinewelle\/"}]}},"_links":{"self":[{"href":"https:\/\/radioleinewelle.de\/index.php\/wp-json\/wp\/v2\/posts\/1222","targetHints":{"allow":["GET"]}}],"collection":[{"href":"https:\/\/radioleinewelle.de\/index.php\/wp-json\/wp\/v2\/posts"}],"about":[{"href":"https:\/\/radioleinewelle.de\/index.php\/wp-json\/wp\/v2\/types\/post"}],"author":[{"embeddable":true,"href":"https:\/\/radioleinewelle.de\/index.php\/wp-json\/wp\/v2\/users\/1"}],"replies":[{"embeddable":true,"href":"https:\/\/radioleinewelle.de\/index.php\/wp-json\/wp\/v2\/comments?post=1222"}],"version-history":[{"count":0,"href":"https:\/\/radioleinewelle.de\/index.php\/wp-json\/wp\/v2\/posts\/1222\/revisions"}],"wp:attachment":[{"href":"https:\/\/radioleinewelle.de\/index.php\/wp-json\/wp\/v2\/media?parent=1222"}],"wp:term":[{"taxonomy":"category","embeddable":true,"href":"https:\/\/radioleinewelle.de\/index.php\/wp-json\/wp\/v2\/categories?post=1222"},{"taxonomy":"post_tag","embeddable":true,"href":"https:\/\/radioleinewelle.de\/index.php\/wp-json\/wp\/v2\/tags?post=1222"}],"curies":[{"name":"wp","href":"https:\/\/api.w.org\/{rel}","templated":true}]}}