{"id":12233,"date":"2021-12-27T15:28:17","date_gmt":"2021-12-27T14:28:17","guid":{"rendered":"https:\/\/radioleinewelle.de\/?p=12233"},"modified":"2021-12-27T15:28:17","modified_gmt":"2021-12-27T14:28:17","slug":"bmw-kommt-am-ortseingang-von-hann-muenden-von-der-strasse-ab-fahrer-zunaechst-verschwunden","status":"publish","type":"post","link":"https:\/\/radioleinewelle.de\/index.php\/2021\/12\/27\/bmw-kommt-am-ortseingang-von-hann-muenden-von-der-strasse-ab-fahrer-zunaechst-verschwunden\/","title":{"rendered":"BMW kommt am Ortseingang von Hann. M\u00fcnden von der Stra\u00dfe ab &#8211; Fahrer zun\u00e4chst verschwunden"},"content":{"rendered":"\n<p>HANN. M\u00dcNDEN (jk) &#8211; Aus noch ungekl\u00e4rter Ursache ist Sonntagnacht (26.12.21) gegen 01.30 Uhr ein BMW-Fahrer aus Kassel (Hessen) auf der B 80 am Ortseingang von Hann. M\u00fcnden (Landkreis G\u00f6ttingen) nach rechts von der Stra\u00dfe abgekommen. Das Auto kollidierte mit einer Laterne und einem Baum und \u00fcberschlug sich in der Folge vermutlich mehrfach, bevor es auf der gegen\u00fcberliegenden Stra\u00dfenseite in Fahrtrichtung Hedem\u00fcnden zum Stehen kam. Der mutma\u00dfliche Fahrer des Wagens entfernte sich zun\u00e4chst von der Unfallstelle.<\/p>\n\n\n\n<p>Ein anderer Autofahrer kam auf das entstandene Tr\u00fcmmerfeld zu und w\u00e4hlte den Notruf.<\/p>\n\n\n\n<p>Von dem mutma\u00dflichen Fahrer fehlte zun\u00e4chst jede Spur. Nach ihm bzw. m\u00f6glichen Insassen eingeleitete Suchma\u00dfnahmen verliefen ergebnislos. Nach derzeitigem Stand der Ermittlungen geht die Polizei Hann. M\u00fcnden davon aus, dass es sich bei ihm um den Halter des Wagens handelt. Der 35-J\u00e4hrige aus Kassel meldete sich schlie\u00dflich bei der Polizei. Er wurde bei dem Unfall leicht verletzt. An seinem BMW entstand wirtschaftlicher Totalschaden in H\u00f6he von gesch\u00e4tzt 20.000 Euro.<\/p>\n\n\n\n<p>F\u00fcr die Dauer der Unfallaufnahme musste die B 80 bis etwa 04.30 Uhr gesperrt werden.<\/p>\n","protected":false},"excerpt":{"rendered":"<p>HANN. M\u00dcNDEN (jk) &#8211; Aus noch ungekl\u00e4rter Ursache ist Sonntagnacht (26.12.21) gegen 01.30 Uhr ein BMW-Fahrer aus Kassel (Hessen) auf der B 80 am Ortseingang von Hann. M\u00fcnden (Landkreis G\u00f6ttingen) nach rechts von der Stra\u00dfe abgekommen. Das Auto kollidierte mit einer Laterne und einem Baum und \u00fcberschlug sich in der Folge vermutlich mehrfach, bevor es [&hellip;]<\/p>\n","protected":false},"author":1,"featured_media":10261,"comment_status":"closed","ping_status":"closed","sticky":false,"template":"","format":"standard","meta":{"saved_in_kubio":false,"footnotes":""},"categories":[24],"tags":[2709,349],"class_list":["post-12233","post","type-post","status-publish","format-standard","has-post-thumbnail","hentry","category-news","tag-fahrerflucht-hann-muendn","tag-polizeiinspektion-goettingen"],"yoast_head":"<!-- This site is optimized with the Yoast SEO plugin v27.5 - https:\/\/yoast.com\/product\/yoast-seo-wordpress\/ -->\n<title>BMW kommt am Ortseingang von Hann. M\u00fcnden von der Stra\u00dfe ab - Fahrer zun\u00e4chst verschwunden - Radio Leinewelle<\/title>\n<meta name=\"robots\" content=\"index, follow, max-snippet:-1, max-image-preview:large, max-video-preview:-1\" \/>\n<link rel=\"canonical\" href=\"https:\/\/radioleinewelle.de\/index.php\/2021\/12\/27\/bmw-kommt-am-ortseingang-von-hann-muenden-von-der-strasse-ab-fahrer-zunaechst-verschwunden\/\" \/>\n<meta property=\"og:locale\" content=\"de_DE\" \/>\n<meta property=\"og:type\" content=\"article\" \/>\n<meta property=\"og:title\" content=\"BMW kommt am Ortseingang von Hann. M\u00fcnden von der Stra\u00dfe ab - Fahrer zun\u00e4chst verschwunden - Radio Leinewelle\" \/>\n<meta property=\"og:description\" content=\"HANN. M\u00dcNDEN (jk) &#8211; Aus noch ungekl\u00e4rter Ursache ist Sonntagnacht (26.12.21) gegen 01.30 Uhr ein BMW-Fahrer aus Kassel (Hessen) auf der B 80 am Ortseingang von Hann. M\u00fcnden (Landkreis G\u00f6ttingen) nach rechts von der Stra\u00dfe abgekommen. Das Auto kollidierte mit einer Laterne und einem Baum und \u00fcberschlug sich in der Folge vermutlich mehrfach, bevor es [&hellip;]\" \/>\n<meta property=\"og:url\" content=\"https:\/\/radioleinewelle.de\/index.php\/2021\/12\/27\/bmw-kommt-am-ortseingang-von-hann-muenden-von-der-strasse-ab-fahrer-zunaechst-verschwunden\/\" \/>\n<meta property=\"og:site_name\" content=\"Radio Leinewelle\" \/>\n<meta property=\"article:publisher\" content=\"https:\/\/www.facebook.com\/radioleinewelle\" \/>\n<meta property=\"article:author\" content=\"https:\/\/www.facebook.com\/radioleinewelle\" \/>\n<meta property=\"article:published_time\" content=\"2021-12-27T14:28:17+00:00\" \/>\n<meta property=\"og:image\" content=\"https:\/\/radioleinewelle.de\/wp-content\/uploads\/2021\/08\/police-2817132_640.jpg\" \/>\n\t<meta property=\"og:image:width\" content=\"640\" \/>\n\t<meta property=\"og:image:height\" content=\"360\" \/>\n\t<meta property=\"og:image:type\" content=\"image\/jpeg\" \/>\n<meta name=\"author\" content=\"Leinewelle\" \/>\n<meta name=\"twitter:card\" content=\"summary_large_image\" \/>\n<meta name=\"twitter:creator\" content=\"@https:\/\/twitter.com\/RLeinewelle?ref_src=twsrcgoogletwcampserptwgrauthor\" \/>\n<meta name=\"twitter:site\" content=\"@RLeinewelle\" \/>\n<meta name=\"twitter:label1\" content=\"Verfasst von\" \/>\n\t<meta name=\"twitter:data1\" content=\"Leinewelle\" \/>\n\t<meta name=\"twitter:label2\" content=\"Gesch\u00e4tzte Lesezeit\" \/>\n\t<meta name=\"twitter:data2\" content=\"1\u00a0Minute\" \/>\n<script type=\"application\/ld+json\" class=\"yoast-schema-graph\">{\"@context\":\"https:\\\/\\\/schema.org\",\"@graph\":[{\"@type\":\"Article\",\"@id\":\"https:\\\/\\\/radioleinewelle.de\\\/index.php\\\/2021\\\/12\\\/27\\\/bmw-kommt-am-ortseingang-von-hann-muenden-von-der-strasse-ab-fahrer-zunaechst-verschwunden\\\/#article\",\"isPartOf\":{\"@id\":\"https:\\\/\\\/radioleinewelle.de\\\/index.php\\\/2021\\\/12\\\/27\\\/bmw-kommt-am-ortseingang-von-hann-muenden-von-der-strasse-ab-fahrer-zunaechst-verschwunden\\\/\"},\"author\":{\"name\":\"Leinewelle\",\"@id\":\"https:\\\/\\\/radioleinewelle.de\\\/#\\\/schema\\\/person\\\/45606f348637df637192dc1b68399a63\"},\"headline\":\"BMW kommt am Ortseingang von Hann. M\u00fcnden von der Stra\u00dfe ab &#8211; Fahrer zun\u00e4chst verschwunden\",\"datePublished\":\"2021-12-27T14:28:17+00:00\",\"mainEntityOfPage\":{\"@id\":\"https:\\\/\\\/radioleinewelle.de\\\/index.php\\\/2021\\\/12\\\/27\\\/bmw-kommt-am-ortseingang-von-hann-muenden-von-der-strasse-ab-fahrer-zunaechst-verschwunden\\\/\"},\"wordCount\":207,\"publisher\":{\"@id\":\"https:\\\/\\\/radioleinewelle.de\\\/#organization\"},\"image\":{\"@id\":\"https:\\\/\\\/radioleinewelle.de\\\/index.php\\\/2021\\\/12\\\/27\\\/bmw-kommt-am-ortseingang-von-hann-muenden-von-der-strasse-ab-fahrer-zunaechst-verschwunden\\\/#primaryimage\"},\"thumbnailUrl\":\"https:\\\/\\\/radioleinewelle.de\\\/wp-content\\\/uploads\\\/2021\\\/08\\\/police-2817132_640.jpg\",\"keywords\":[\"Fahrerflucht Hann. m\u00fcndn\",\"Polizeiinspektion G\u00f6ttingen\"],\"articleSection\":[\"Aktuelle Nachrichten\"],\"inLanguage\":\"de\"},{\"@type\":\"WebPage\",\"@id\":\"https:\\\/\\\/radioleinewelle.de\\\/index.php\\\/2021\\\/12\\\/27\\\/bmw-kommt-am-ortseingang-von-hann-muenden-von-der-strasse-ab-fahrer-zunaechst-verschwunden\\\/\",\"url\":\"https:\\\/\\\/radioleinewelle.de\\\/index.php\\\/2021\\\/12\\\/27\\\/bmw-kommt-am-ortseingang-von-hann-muenden-von-der-strasse-ab-fahrer-zunaechst-verschwunden\\\/\",\"name\":\"BMW kommt am Ortseingang von Hann. M\u00fcnden von der Stra\u00dfe ab - Fahrer zun\u00e4chst verschwunden - Radio Leinewelle\",\"isPartOf\":{\"@id\":\"https:\\\/\\\/radioleinewelle.de\\\/#website\"},\"primaryImageOfPage\":{\"@id\":\"https:\\\/\\\/radioleinewelle.de\\\/index.php\\\/2021\\\/12\\\/27\\\/bmw-kommt-am-ortseingang-von-hann-muenden-von-der-strasse-ab-fahrer-zunaechst-verschwunden\\\/#primaryimage\"},\"image\":{\"@id\":\"https:\\\/\\\/radioleinewelle.de\\\/index.php\\\/2021\\\/12\\\/27\\\/bmw-kommt-am-ortseingang-von-hann-muenden-von-der-strasse-ab-fahrer-zunaechst-verschwunden\\\/#primaryimage\"},\"thumbnailUrl\":\"https:\\\/\\\/radioleinewelle.de\\\/wp-content\\\/uploads\\\/2021\\\/08\\\/police-2817132_640.jpg\",\"datePublished\":\"2021-12-27T14:28:17+00:00\",\"breadcrumb\":{\"@id\":\"https:\\\/\\\/radioleinewelle.de\\\/index.php\\\/2021\\\/12\\\/27\\\/bmw-kommt-am-ortseingang-von-hann-muenden-von-der-strasse-ab-fahrer-zunaechst-verschwunden\\\/#breadcrumb\"},\"inLanguage\":\"de\",\"potentialAction\":[{\"@type\":\"ReadAction\",\"target\":[\"https:\\\/\\\/radioleinewelle.de\\\/index.php\\\/2021\\\/12\\\/27\\\/bmw-kommt-am-ortseingang-von-hann-muenden-von-der-strasse-ab-fahrer-zunaechst-verschwunden\\\/\"]}]},{\"@type\":\"ImageObject\",\"inLanguage\":\"de\",\"@id\":\"https:\\\/\\\/radioleinewelle.de\\\/index.php\\\/2021\\\/12\\\/27\\\/bmw-kommt-am-ortseingang-von-hann-muenden-von-der-strasse-ab-fahrer-zunaechst-verschwunden\\\/#primaryimage\",\"url\":\"https:\\\/\\\/radioleinewelle.de\\\/wp-content\\\/uploads\\\/2021\\\/08\\\/police-2817132_640.jpg\",\"contentUrl\":\"https:\\\/\\\/radioleinewelle.de\\\/wp-content\\\/uploads\\\/2021\\\/08\\\/police-2817132_640.jpg\",\"width\":640,\"height\":360},{\"@type\":\"BreadcrumbList\",\"@id\":\"https:\\\/\\\/radioleinewelle.de\\\/index.php\\\/2021\\\/12\\\/27\\\/bmw-kommt-am-ortseingang-von-hann-muenden-von-der-strasse-ab-fahrer-zunaechst-verschwunden\\\/#breadcrumb\",\"itemListElement\":[{\"@type\":\"ListItem\",\"position\":1,\"name\":\"Startseite\",\"item\":\"https:\\\/\\\/radioleinewelle.de\\\/\"},{\"@type\":\"ListItem\",\"position\":2,\"name\":\"BMW kommt am Ortseingang von Hann. M\u00fcnden von der Stra\u00dfe ab &#8211; Fahrer zun\u00e4chst verschwunden\"}]},{\"@type\":\"WebSite\",\"@id\":\"https:\\\/\\\/radioleinewelle.de\\\/#website\",\"url\":\"https:\\\/\\\/radioleinewelle.de\\\/\",\"name\":\"Radio Leinewelle\",\"description\":\"\",\"publisher\":{\"@id\":\"https:\\\/\\\/radioleinewelle.de\\\/#organization\"},\"potentialAction\":[{\"@type\":\"SearchAction\",\"target\":{\"@type\":\"EntryPoint\",\"urlTemplate\":\"https:\\\/\\\/radioleinewelle.de\\\/?s={search_term_string}\"},\"query-input\":{\"@type\":\"PropertyValueSpecification\",\"valueRequired\":true,\"valueName\":\"search_term_string\"}}],\"inLanguage\":\"de\"},{\"@type\":\"Organization\",\"@id\":\"https:\\\/\\\/radioleinewelle.de\\\/#organization\",\"name\":\"Radio Leinewelle\",\"alternateName\":\"Mein Radio f\u00fcr S\u00fcdniedersachsen\",\"url\":\"https:\\\/\\\/radioleinewelle.de\\\/\",\"logo\":{\"@type\":\"ImageObject\",\"inLanguage\":\"de\",\"@id\":\"https:\\\/\\\/radioleinewelle.de\\\/#\\\/schema\\\/logo\\\/image\\\/\",\"url\":\"https:\\\/\\\/radioleinewelle.de\\\/wp-content\\\/uploads\\\/2023\\\/11\\\/cropped-Leinewelle_Logo_weiss.png\",\"contentUrl\":\"https:\\\/\\\/radioleinewelle.de\\\/wp-content\\\/uploads\\\/2023\\\/11\\\/cropped-Leinewelle_Logo_weiss.png\",\"width\":854,\"height\":260,\"caption\":\"Radio Leinewelle\"},\"image\":{\"@id\":\"https:\\\/\\\/radioleinewelle.de\\\/#\\\/schema\\\/logo\\\/image\\\/\"},\"sameAs\":[\"https:\\\/\\\/www.facebook.com\\\/radioleinewelle\",\"https:\\\/\\\/x.com\\\/RLeinewelle\",\"https:\\\/\\\/www.instagram.com\\\/radioleinewelle\\\/?hl=de\"]},{\"@type\":\"Person\",\"@id\":\"https:\\\/\\\/radioleinewelle.de\\\/#\\\/schema\\\/person\\\/45606f348637df637192dc1b68399a63\",\"name\":\"Leinewelle\",\"image\":{\"@type\":\"ImageObject\",\"inLanguage\":\"de\",\"@id\":\"https:\\\/\\\/secure.gravatar.com\\\/avatar\\\/05c9a17bc973052ee5d91549bd32fb4dd0dc85b7b85ae94b2e2b4943476bbea5?s=96&d=blank&r=g\",\"url\":\"https:\\\/\\\/secure.gravatar.com\\\/avatar\\\/05c9a17bc973052ee5d91549bd32fb4dd0dc85b7b85ae94b2e2b4943476bbea5?s=96&d=blank&r=g\",\"contentUrl\":\"https:\\\/\\\/secure.gravatar.com\\\/avatar\\\/05c9a17bc973052ee5d91549bd32fb4dd0dc85b7b85ae94b2e2b4943476bbea5?s=96&d=blank&r=g\",\"caption\":\"Leinewelle\"},\"sameAs\":[\"http:\\\/\\\/localhost\\\/radio%20leinewelle\\\/wordpress\",\"https:\\\/\\\/www.facebook.com\\\/radioleinewelle\",\"https:\\\/\\\/www.instagram.com\\\/radioleinewelle\",\"https:\\\/\\\/x.com\\\/https:\\\/\\\/twitter.com\\\/RLeinewelle?ref_src=twsrcgoogletwcampserptwgrauthor\",\"https:\\\/\\\/soundcloud.com\\\/foerderverein-lokalradio?utm_source=clipboard&utm_medium=text&utm_campaign=social_sharing\"],\"url\":\"https:\\\/\\\/radioleinewelle.de\\\/index.php\\\/author\\\/leinewelle\\\/\"}]}<\/script>\n<!-- \/ Yoast SEO plugin. -->","yoast_head_json":{"title":"BMW kommt am Ortseingang von Hann. M\u00fcnden von der Stra\u00dfe ab - Fahrer zun\u00e4chst verschwunden - Radio Leinewelle","robots":{"index":"index","follow":"follow","max-snippet":"max-snippet:-1","max-image-preview":"max-image-preview:large","max-video-preview":"max-video-preview:-1"},"canonical":"https:\/\/radioleinewelle.de\/index.php\/2021\/12\/27\/bmw-kommt-am-ortseingang-von-hann-muenden-von-der-strasse-ab-fahrer-zunaechst-verschwunden\/","og_locale":"de_DE","og_type":"article","og_title":"BMW kommt am Ortseingang von Hann. M\u00fcnden von der Stra\u00dfe ab - Fahrer zun\u00e4chst verschwunden - Radio Leinewelle","og_description":"HANN. M\u00dcNDEN (jk) &#8211; Aus noch ungekl\u00e4rter Ursache ist Sonntagnacht (26.12.21) gegen 01.30 Uhr ein BMW-Fahrer aus Kassel (Hessen) auf der B 80 am Ortseingang von Hann. M\u00fcnden (Landkreis G\u00f6ttingen) nach rechts von der Stra\u00dfe abgekommen. Das Auto kollidierte mit einer Laterne und einem Baum und \u00fcberschlug sich in der Folge vermutlich mehrfach, bevor es [&hellip;]","og_url":"https:\/\/radioleinewelle.de\/index.php\/2021\/12\/27\/bmw-kommt-am-ortseingang-von-hann-muenden-von-der-strasse-ab-fahrer-zunaechst-verschwunden\/","og_site_name":"Radio Leinewelle","article_publisher":"https:\/\/www.facebook.com\/radioleinewelle","article_author":"https:\/\/www.facebook.com\/radioleinewelle","article_published_time":"2021-12-27T14:28:17+00:00","og_image":[{"width":640,"height":360,"url":"https:\/\/radioleinewelle.de\/wp-content\/uploads\/2021\/08\/police-2817132_640.jpg","type":"image\/jpeg"}],"author":"Leinewelle","twitter_card":"summary_large_image","twitter_creator":"@https:\/\/twitter.com\/RLeinewelle?ref_src=twsrcgoogletwcampserptwgrauthor","twitter_site":"@RLeinewelle","twitter_misc":{"Verfasst von":"Leinewelle","Gesch\u00e4tzte Lesezeit":"1\u00a0Minute"},"schema":{"@context":"https:\/\/schema.org","@graph":[{"@type":"Article","@id":"https:\/\/radioleinewelle.de\/index.php\/2021\/12\/27\/bmw-kommt-am-ortseingang-von-hann-muenden-von-der-strasse-ab-fahrer-zunaechst-verschwunden\/#article","isPartOf":{"@id":"https:\/\/radioleinewelle.de\/index.php\/2021\/12\/27\/bmw-kommt-am-ortseingang-von-hann-muenden-von-der-strasse-ab-fahrer-zunaechst-verschwunden\/"},"author":{"name":"Leinewelle","@id":"https:\/\/radioleinewelle.de\/#\/schema\/person\/45606f348637df637192dc1b68399a63"},"headline":"BMW kommt am Ortseingang von Hann. M\u00fcnden von der Stra\u00dfe ab &#8211; Fahrer zun\u00e4chst verschwunden","datePublished":"2021-12-27T14:28:17+00:00","mainEntityOfPage":{"@id":"https:\/\/radioleinewelle.de\/index.php\/2021\/12\/27\/bmw-kommt-am-ortseingang-von-hann-muenden-von-der-strasse-ab-fahrer-zunaechst-verschwunden\/"},"wordCount":207,"publisher":{"@id":"https:\/\/radioleinewelle.de\/#organization"},"image":{"@id":"https:\/\/radioleinewelle.de\/index.php\/2021\/12\/27\/bmw-kommt-am-ortseingang-von-hann-muenden-von-der-strasse-ab-fahrer-zunaechst-verschwunden\/#primaryimage"},"thumbnailUrl":"https:\/\/radioleinewelle.de\/wp-content\/uploads\/2021\/08\/police-2817132_640.jpg","keywords":["Fahrerflucht Hann. m\u00fcndn","Polizeiinspektion G\u00f6ttingen"],"articleSection":["Aktuelle Nachrichten"],"inLanguage":"de"},{"@type":"WebPage","@id":"https:\/\/radioleinewelle.de\/index.php\/2021\/12\/27\/bmw-kommt-am-ortseingang-von-hann-muenden-von-der-strasse-ab-fahrer-zunaechst-verschwunden\/","url":"https:\/\/radioleinewelle.de\/index.php\/2021\/12\/27\/bmw-kommt-am-ortseingang-von-hann-muenden-von-der-strasse-ab-fahrer-zunaechst-verschwunden\/","name":"BMW kommt am Ortseingang von Hann. M\u00fcnden von der Stra\u00dfe ab - Fahrer zun\u00e4chst verschwunden - Radio Leinewelle","isPartOf":{"@id":"https:\/\/radioleinewelle.de\/#website"},"primaryImageOfPage":{"@id":"https:\/\/radioleinewelle.de\/index.php\/2021\/12\/27\/bmw-kommt-am-ortseingang-von-hann-muenden-von-der-strasse-ab-fahrer-zunaechst-verschwunden\/#primaryimage"},"image":{"@id":"https:\/\/radioleinewelle.de\/index.php\/2021\/12\/27\/bmw-kommt-am-ortseingang-von-hann-muenden-von-der-strasse-ab-fahrer-zunaechst-verschwunden\/#primaryimage"},"thumbnailUrl":"https:\/\/radioleinewelle.de\/wp-content\/uploads\/2021\/08\/police-2817132_640.jpg","datePublished":"2021-12-27T14:28:17+00:00","breadcrumb":{"@id":"https:\/\/radioleinewelle.de\/index.php\/2021\/12\/27\/bmw-kommt-am-ortseingang-von-hann-muenden-von-der-strasse-ab-fahrer-zunaechst-verschwunden\/#breadcrumb"},"inLanguage":"de","potentialAction":[{"@type":"ReadAction","target":["https:\/\/radioleinewelle.de\/index.php\/2021\/12\/27\/bmw-kommt-am-ortseingang-von-hann-muenden-von-der-strasse-ab-fahrer-zunaechst-verschwunden\/"]}]},{"@type":"ImageObject","inLanguage":"de","@id":"https:\/\/radioleinewelle.de\/index.php\/2021\/12\/27\/bmw-kommt-am-ortseingang-von-hann-muenden-von-der-strasse-ab-fahrer-zunaechst-verschwunden\/#primaryimage","url":"https:\/\/radioleinewelle.de\/wp-content\/uploads\/2021\/08\/police-2817132_640.jpg","contentUrl":"https:\/\/radioleinewelle.de\/wp-content\/uploads\/2021\/08\/police-2817132_640.jpg","width":640,"height":360},{"@type":"BreadcrumbList","@id":"https:\/\/radioleinewelle.de\/index.php\/2021\/12\/27\/bmw-kommt-am-ortseingang-von-hann-muenden-von-der-strasse-ab-fahrer-zunaechst-verschwunden\/#breadcrumb","itemListElement":[{"@type":"ListItem","position":1,"name":"Startseite","item":"https:\/\/radioleinewelle.de\/"},{"@type":"ListItem","position":2,"name":"BMW kommt am Ortseingang von Hann. M\u00fcnden von der Stra\u00dfe ab &#8211; Fahrer zun\u00e4chst verschwunden"}]},{"@type":"WebSite","@id":"https:\/\/radioleinewelle.de\/#website","url":"https:\/\/radioleinewelle.de\/","name":"Radio Leinewelle","description":"","publisher":{"@id":"https:\/\/radioleinewelle.de\/#organization"},"potentialAction":[{"@type":"SearchAction","target":{"@type":"EntryPoint","urlTemplate":"https:\/\/radioleinewelle.de\/?s={search_term_string}"},"query-input":{"@type":"PropertyValueSpecification","valueRequired":true,"valueName":"search_term_string"}}],"inLanguage":"de"},{"@type":"Organization","@id":"https:\/\/radioleinewelle.de\/#organization","name":"Radio Leinewelle","alternateName":"Mein Radio f\u00fcr S\u00fcdniedersachsen","url":"https:\/\/radioleinewelle.de\/","logo":{"@type":"ImageObject","inLanguage":"de","@id":"https:\/\/radioleinewelle.de\/#\/schema\/logo\/image\/","url":"https:\/\/radioleinewelle.de\/wp-content\/uploads\/2023\/11\/cropped-Leinewelle_Logo_weiss.png","contentUrl":"https:\/\/radioleinewelle.de\/wp-content\/uploads\/2023\/11\/cropped-Leinewelle_Logo_weiss.png","width":854,"height":260,"caption":"Radio Leinewelle"},"image":{"@id":"https:\/\/radioleinewelle.de\/#\/schema\/logo\/image\/"},"sameAs":["https:\/\/www.facebook.com\/radioleinewelle","https:\/\/x.com\/RLeinewelle","https:\/\/www.instagram.com\/radioleinewelle\/?hl=de"]},{"@type":"Person","@id":"https:\/\/radioleinewelle.de\/#\/schema\/person\/45606f348637df637192dc1b68399a63","name":"Leinewelle","image":{"@type":"ImageObject","inLanguage":"de","@id":"https:\/\/secure.gravatar.com\/avatar\/05c9a17bc973052ee5d91549bd32fb4dd0dc85b7b85ae94b2e2b4943476bbea5?s=96&d=blank&r=g","url":"https:\/\/secure.gravatar.com\/avatar\/05c9a17bc973052ee5d91549bd32fb4dd0dc85b7b85ae94b2e2b4943476bbea5?s=96&d=blank&r=g","contentUrl":"https:\/\/secure.gravatar.com\/avatar\/05c9a17bc973052ee5d91549bd32fb4dd0dc85b7b85ae94b2e2b4943476bbea5?s=96&d=blank&r=g","caption":"Leinewelle"},"sameAs":["http:\/\/localhost\/radio%20leinewelle\/wordpress","https:\/\/www.facebook.com\/radioleinewelle","https:\/\/www.instagram.com\/radioleinewelle","https:\/\/x.com\/https:\/\/twitter.com\/RLeinewelle?ref_src=twsrcgoogletwcampserptwgrauthor","https:\/\/soundcloud.com\/foerderverein-lokalradio?utm_source=clipboard&utm_medium=text&utm_campaign=social_sharing"],"url":"https:\/\/radioleinewelle.de\/index.php\/author\/leinewelle\/"}]}},"_links":{"self":[{"href":"https:\/\/radioleinewelle.de\/index.php\/wp-json\/wp\/v2\/posts\/12233","targetHints":{"allow":["GET"]}}],"collection":[{"href":"https:\/\/radioleinewelle.de\/index.php\/wp-json\/wp\/v2\/posts"}],"about":[{"href":"https:\/\/radioleinewelle.de\/index.php\/wp-json\/wp\/v2\/types\/post"}],"author":[{"embeddable":true,"href":"https:\/\/radioleinewelle.de\/index.php\/wp-json\/wp\/v2\/users\/1"}],"replies":[{"embeddable":true,"href":"https:\/\/radioleinewelle.de\/index.php\/wp-json\/wp\/v2\/comments?post=12233"}],"version-history":[{"count":0,"href":"https:\/\/radioleinewelle.de\/index.php\/wp-json\/wp\/v2\/posts\/12233\/revisions"}],"wp:featuredmedia":[{"embeddable":true,"href":"https:\/\/radioleinewelle.de\/index.php\/wp-json\/wp\/v2\/media\/10261"}],"wp:attachment":[{"href":"https:\/\/radioleinewelle.de\/index.php\/wp-json\/wp\/v2\/media?parent=12233"}],"wp:term":[{"taxonomy":"category","embeddable":true,"href":"https:\/\/radioleinewelle.de\/index.php\/wp-json\/wp\/v2\/categories?post=12233"},{"taxonomy":"post_tag","embeddable":true,"href":"https:\/\/radioleinewelle.de\/index.php\/wp-json\/wp\/v2\/tags?post=12233"}],"curies":[{"name":"wp","href":"https:\/\/api.w.org\/{rel}","templated":true}]}}