{"id":1225,"date":"2020-08-20T08:50:28","date_gmt":"2020-08-20T06:50:28","guid":{"rendered":"https:\/\/radioleinewelle.de\/?p=1225"},"modified":"2020-08-20T08:50:28","modified_gmt":"2020-08-20T06:50:28","slug":"jugendtag-mit-dj-und-kampfkunst-performance-open-air-aktion-auf-der-wiese-am-tanzwerder","status":"publish","type":"post","link":"https:\/\/radioleinewelle.de\/index.php\/2020\/08\/20\/jugendtag-mit-dj-und-kampfkunst-performance-open-air-aktion-auf-der-wiese-am-tanzwerder\/","title":{"rendered":"Jugendtag mit DJ und Kampfkunst-Performance Open-Air-Aktion auf der Wiese am Tanzwerder"},"content":{"rendered":"<p>Jugendtag mit DJ und Kampfkunst-Performance Open-Air-Aktion auf der Wiese am Tanzwerder Eine Open-Air-Aktion wird am kommenden Samstag, 22.08.2020, auf der Wiese am Tanzwerder in Hann. M\u00fcnden geboten. Beim Jugendtag sind neben einem B\u00fchnenprogramm mit DJ Jonas Graunitz eine Fitness &amp; Kampfkunst-Performance, Mitmachaktionen wie Drawing oder Siebdruck sowie ein Vortrag von Scientists for Future zu erleben. Zudem gibt es Informations- und Aktionsst\u00e4nde und St\u00e4nde mit Getr\u00e4nken, Waffeln und Eis. Zielgruppe sind Jugendliche im Alter von 14 bis 20 Jahren. Der Eintritt ist kostenfrei. Eine Anmeldung ist erforderlich unter www.rockfor-tolerance.de\/jugendtag.<br \/>\nStart ist um 14:00 Uhr, sowie um 16:00 und 18:00 Uhr. Aufgrund Beschr\u00e4nkungen zum Schutz vor einer Infektion mit dem Corona-Virus ist die Anzahl der Teilnehmenden auf 50 Personen beschr\u00e4nkt. Damit m\u00f6glichst viele die Open-Air-Aktion nutzen k\u00f6nnen, wird sie mit identischem Programm gleich drei Mal angeboten, jeweils f\u00fcr eineinhalb Stunden. Auf dem Gel\u00e4nde d\u00fcrfen sich alle Teilnehmenden frei bewegen, m\u00fcssen dabei aber eine Alltagsmaske tragen. Vor der B\u00fchne werden Decken platziert; wenn man darauf sitzt, darf die Maske abgenommen werden. Veranstaltet wird der Jugendtag vom Rock for Tolerance e. V., Stadtjugendring Hann. M\u00fcnden, Jugendb\u00fcro Stadt Hann. M\u00fcnden und Landkreis G\u00f6ttingen. Gef\u00f6rdert wird die Aktion vom Bundesministerium f\u00fcr Familie, Senioren, Frauen und Jugend im Rahmen des Bundesprogramms Demokratie leben!<\/p>\n","protected":false},"excerpt":{"rendered":"<p>Jugendtag mit DJ und Kampfkunst-Performance Open-Air-Aktion auf der Wiese am Tanzwerder Eine Open-Air-Aktion wird am kommenden Samstag, 22.08.2020, auf der Wiese am Tanzwerder in Hann. M\u00fcnden geboten. Beim Jugendtag sind neben einem B\u00fchnenprogramm mit DJ Jonas Graunitz eine Fitness &amp; Kampfkunst-Performance, Mitmachaktionen wie Drawing oder Siebdruck sowie ein Vortrag von Scientists for Future zu erleben. [&hellip;]<\/p>\n","protected":false},"author":1,"featured_media":1227,"comment_status":"closed","ping_status":"closed","sticky":false,"template":"","format":"standard","meta":{"saved_in_kubio":false,"footnotes":""},"categories":[1],"tags":[],"class_list":["post-1225","post","type-post","status-publish","format-standard","has-post-thumbnail","hentry","category-allgemein"],"yoast_head":"<!-- This site is optimized with the Yoast SEO plugin v27.5 - https:\/\/yoast.com\/product\/yoast-seo-wordpress\/ -->\n<title>Jugendtag mit DJ und Kampfkunst-Performance Open-Air-Aktion auf der Wiese am Tanzwerder - Radio Leinewelle<\/title>\n<meta name=\"robots\" content=\"index, follow, max-snippet:-1, max-image-preview:large, max-video-preview:-1\" \/>\n<link rel=\"canonical\" href=\"https:\/\/radioleinewelle.de\/index.php\/2020\/08\/20\/jugendtag-mit-dj-und-kampfkunst-performance-open-air-aktion-auf-der-wiese-am-tanzwerder\/\" \/>\n<meta property=\"og:locale\" content=\"de_DE\" \/>\n<meta property=\"og:type\" content=\"article\" \/>\n<meta property=\"og:title\" content=\"Jugendtag mit DJ und Kampfkunst-Performance Open-Air-Aktion auf der Wiese am Tanzwerder - Radio Leinewelle\" \/>\n<meta property=\"og:description\" content=\"Jugendtag mit DJ und Kampfkunst-Performance Open-Air-Aktion auf der Wiese am Tanzwerder Eine Open-Air-Aktion wird am kommenden Samstag, 22.08.2020, auf der Wiese am Tanzwerder in Hann. M\u00fcnden geboten. Beim Jugendtag sind neben einem B\u00fchnenprogramm mit DJ Jonas Graunitz eine Fitness &amp; Kampfkunst-Performance, Mitmachaktionen wie Drawing oder Siebdruck sowie ein Vortrag von Scientists for Future zu erleben. [&hellip;]\" \/>\n<meta property=\"og:url\" content=\"https:\/\/radioleinewelle.de\/index.php\/2020\/08\/20\/jugendtag-mit-dj-und-kampfkunst-performance-open-air-aktion-auf-der-wiese-am-tanzwerder\/\" \/>\n<meta property=\"og:site_name\" content=\"Radio Leinewelle\" \/>\n<meta property=\"article:publisher\" content=\"https:\/\/www.facebook.com\/radioleinewelle\" \/>\n<meta property=\"article:author\" content=\"https:\/\/www.facebook.com\/radioleinewelle\" \/>\n<meta property=\"article:published_time\" content=\"2020-08-20T06:50:28+00:00\" \/>\n<meta property=\"og:image\" content=\"https:\/\/radioleinewelle.de\/wp-content\/uploads\/2020\/08\/rock-for-tolerance_jugendtag.jpg\" \/>\n\t<meta property=\"og:image:width\" content=\"360\" \/>\n\t<meta property=\"og:image:height\" content=\"362\" \/>\n\t<meta property=\"og:image:type\" content=\"image\/jpeg\" \/>\n<meta name=\"author\" content=\"Leinewelle\" \/>\n<meta name=\"twitter:card\" content=\"summary_large_image\" \/>\n<meta name=\"twitter:creator\" content=\"@https:\/\/twitter.com\/RLeinewelle?ref_src=twsrcgoogletwcampserptwgrauthor\" \/>\n<meta name=\"twitter:site\" content=\"@RLeinewelle\" \/>\n<meta name=\"twitter:label1\" content=\"Verfasst von\" \/>\n\t<meta name=\"twitter:data1\" content=\"Leinewelle\" \/>\n\t<meta name=\"twitter:label2\" content=\"Gesch\u00e4tzte Lesezeit\" \/>\n\t<meta name=\"twitter:data2\" content=\"1\u00a0Minute\" \/>\n<script type=\"application\/ld+json\" class=\"yoast-schema-graph\">{\"@context\":\"https:\\\/\\\/schema.org\",\"@graph\":[{\"@type\":\"Article\",\"@id\":\"https:\\\/\\\/radioleinewelle.de\\\/index.php\\\/2020\\\/08\\\/20\\\/jugendtag-mit-dj-und-kampfkunst-performance-open-air-aktion-auf-der-wiese-am-tanzwerder\\\/#article\",\"isPartOf\":{\"@id\":\"https:\\\/\\\/radioleinewelle.de\\\/index.php\\\/2020\\\/08\\\/20\\\/jugendtag-mit-dj-und-kampfkunst-performance-open-air-aktion-auf-der-wiese-am-tanzwerder\\\/\"},\"author\":{\"name\":\"Leinewelle\",\"@id\":\"https:\\\/\\\/radioleinewelle.de\\\/#\\\/schema\\\/person\\\/45606f348637df637192dc1b68399a63\"},\"headline\":\"Jugendtag mit DJ und Kampfkunst-Performance Open-Air-Aktion auf der Wiese am Tanzwerder\",\"datePublished\":\"2020-08-20T06:50:28+00:00\",\"mainEntityOfPage\":{\"@id\":\"https:\\\/\\\/radioleinewelle.de\\\/index.php\\\/2020\\\/08\\\/20\\\/jugendtag-mit-dj-und-kampfkunst-performance-open-air-aktion-auf-der-wiese-am-tanzwerder\\\/\"},\"wordCount\":233,\"publisher\":{\"@id\":\"https:\\\/\\\/radioleinewelle.de\\\/#organization\"},\"image\":{\"@id\":\"https:\\\/\\\/radioleinewelle.de\\\/index.php\\\/2020\\\/08\\\/20\\\/jugendtag-mit-dj-und-kampfkunst-performance-open-air-aktion-auf-der-wiese-am-tanzwerder\\\/#primaryimage\"},\"thumbnailUrl\":\"https:\\\/\\\/radioleinewelle.de\\\/wp-content\\\/uploads\\\/2020\\\/08\\\/rock-for-tolerance_jugendtag.jpg\",\"inLanguage\":\"de\"},{\"@type\":\"WebPage\",\"@id\":\"https:\\\/\\\/radioleinewelle.de\\\/index.php\\\/2020\\\/08\\\/20\\\/jugendtag-mit-dj-und-kampfkunst-performance-open-air-aktion-auf-der-wiese-am-tanzwerder\\\/\",\"url\":\"https:\\\/\\\/radioleinewelle.de\\\/index.php\\\/2020\\\/08\\\/20\\\/jugendtag-mit-dj-und-kampfkunst-performance-open-air-aktion-auf-der-wiese-am-tanzwerder\\\/\",\"name\":\"Jugendtag mit DJ und Kampfkunst-Performance Open-Air-Aktion auf der Wiese am Tanzwerder - Radio Leinewelle\",\"isPartOf\":{\"@id\":\"https:\\\/\\\/radioleinewelle.de\\\/#website\"},\"primaryImageOfPage\":{\"@id\":\"https:\\\/\\\/radioleinewelle.de\\\/index.php\\\/2020\\\/08\\\/20\\\/jugendtag-mit-dj-und-kampfkunst-performance-open-air-aktion-auf-der-wiese-am-tanzwerder\\\/#primaryimage\"},\"image\":{\"@id\":\"https:\\\/\\\/radioleinewelle.de\\\/index.php\\\/2020\\\/08\\\/20\\\/jugendtag-mit-dj-und-kampfkunst-performance-open-air-aktion-auf-der-wiese-am-tanzwerder\\\/#primaryimage\"},\"thumbnailUrl\":\"https:\\\/\\\/radioleinewelle.de\\\/wp-content\\\/uploads\\\/2020\\\/08\\\/rock-for-tolerance_jugendtag.jpg\",\"datePublished\":\"2020-08-20T06:50:28+00:00\",\"breadcrumb\":{\"@id\":\"https:\\\/\\\/radioleinewelle.de\\\/index.php\\\/2020\\\/08\\\/20\\\/jugendtag-mit-dj-und-kampfkunst-performance-open-air-aktion-auf-der-wiese-am-tanzwerder\\\/#breadcrumb\"},\"inLanguage\":\"de\",\"potentialAction\":[{\"@type\":\"ReadAction\",\"target\":[\"https:\\\/\\\/radioleinewelle.de\\\/index.php\\\/2020\\\/08\\\/20\\\/jugendtag-mit-dj-und-kampfkunst-performance-open-air-aktion-auf-der-wiese-am-tanzwerder\\\/\"]}]},{\"@type\":\"ImageObject\",\"inLanguage\":\"de\",\"@id\":\"https:\\\/\\\/radioleinewelle.de\\\/index.php\\\/2020\\\/08\\\/20\\\/jugendtag-mit-dj-und-kampfkunst-performance-open-air-aktion-auf-der-wiese-am-tanzwerder\\\/#primaryimage\",\"url\":\"https:\\\/\\\/radioleinewelle.de\\\/wp-content\\\/uploads\\\/2020\\\/08\\\/rock-for-tolerance_jugendtag.jpg\",\"contentUrl\":\"https:\\\/\\\/radioleinewelle.de\\\/wp-content\\\/uploads\\\/2020\\\/08\\\/rock-for-tolerance_jugendtag.jpg\",\"width\":360,\"height\":362},{\"@type\":\"BreadcrumbList\",\"@id\":\"https:\\\/\\\/radioleinewelle.de\\\/index.php\\\/2020\\\/08\\\/20\\\/jugendtag-mit-dj-und-kampfkunst-performance-open-air-aktion-auf-der-wiese-am-tanzwerder\\\/#breadcrumb\",\"itemListElement\":[{\"@type\":\"ListItem\",\"position\":1,\"name\":\"Startseite\",\"item\":\"https:\\\/\\\/radioleinewelle.de\\\/\"},{\"@type\":\"ListItem\",\"position\":2,\"name\":\"Jugendtag mit DJ und Kampfkunst-Performance Open-Air-Aktion auf der Wiese am Tanzwerder\"}]},{\"@type\":\"WebSite\",\"@id\":\"https:\\\/\\\/radioleinewelle.de\\\/#website\",\"url\":\"https:\\\/\\\/radioleinewelle.de\\\/\",\"name\":\"Radio Leinewelle\",\"description\":\"\",\"publisher\":{\"@id\":\"https:\\\/\\\/radioleinewelle.de\\\/#organization\"},\"potentialAction\":[{\"@type\":\"SearchAction\",\"target\":{\"@type\":\"EntryPoint\",\"urlTemplate\":\"https:\\\/\\\/radioleinewelle.de\\\/?s={search_term_string}\"},\"query-input\":{\"@type\":\"PropertyValueSpecification\",\"valueRequired\":true,\"valueName\":\"search_term_string\"}}],\"inLanguage\":\"de\"},{\"@type\":\"Organization\",\"@id\":\"https:\\\/\\\/radioleinewelle.de\\\/#organization\",\"name\":\"Radio Leinewelle\",\"alternateName\":\"Mein Radio f\u00fcr S\u00fcdniedersachsen\",\"url\":\"https:\\\/\\\/radioleinewelle.de\\\/\",\"logo\":{\"@type\":\"ImageObject\",\"inLanguage\":\"de\",\"@id\":\"https:\\\/\\\/radioleinewelle.de\\\/#\\\/schema\\\/logo\\\/image\\\/\",\"url\":\"https:\\\/\\\/radioleinewelle.de\\\/wp-content\\\/uploads\\\/2023\\\/11\\\/cropped-Leinewelle_Logo_weiss.png\",\"contentUrl\":\"https:\\\/\\\/radioleinewelle.de\\\/wp-content\\\/uploads\\\/2023\\\/11\\\/cropped-Leinewelle_Logo_weiss.png\",\"width\":854,\"height\":260,\"caption\":\"Radio Leinewelle\"},\"image\":{\"@id\":\"https:\\\/\\\/radioleinewelle.de\\\/#\\\/schema\\\/logo\\\/image\\\/\"},\"sameAs\":[\"https:\\\/\\\/www.facebook.com\\\/radioleinewelle\",\"https:\\\/\\\/x.com\\\/RLeinewelle\",\"https:\\\/\\\/www.instagram.com\\\/radioleinewelle\\\/?hl=de\"]},{\"@type\":\"Person\",\"@id\":\"https:\\\/\\\/radioleinewelle.de\\\/#\\\/schema\\\/person\\\/45606f348637df637192dc1b68399a63\",\"name\":\"Leinewelle\",\"image\":{\"@type\":\"ImageObject\",\"inLanguage\":\"de\",\"@id\":\"https:\\\/\\\/secure.gravatar.com\\\/avatar\\\/05c9a17bc973052ee5d91549bd32fb4dd0dc85b7b85ae94b2e2b4943476bbea5?s=96&d=blank&r=g\",\"url\":\"https:\\\/\\\/secure.gravatar.com\\\/avatar\\\/05c9a17bc973052ee5d91549bd32fb4dd0dc85b7b85ae94b2e2b4943476bbea5?s=96&d=blank&r=g\",\"contentUrl\":\"https:\\\/\\\/secure.gravatar.com\\\/avatar\\\/05c9a17bc973052ee5d91549bd32fb4dd0dc85b7b85ae94b2e2b4943476bbea5?s=96&d=blank&r=g\",\"caption\":\"Leinewelle\"},\"sameAs\":[\"http:\\\/\\\/localhost\\\/radio%20leinewelle\\\/wordpress\",\"https:\\\/\\\/www.facebook.com\\\/radioleinewelle\",\"https:\\\/\\\/www.instagram.com\\\/radioleinewelle\",\"https:\\\/\\\/x.com\\\/https:\\\/\\\/twitter.com\\\/RLeinewelle?ref_src=twsrcgoogletwcampserptwgrauthor\",\"https:\\\/\\\/soundcloud.com\\\/foerderverein-lokalradio?utm_source=clipboard&utm_medium=text&utm_campaign=social_sharing\"],\"url\":\"https:\\\/\\\/radioleinewelle.de\\\/index.php\\\/author\\\/leinewelle\\\/\"}]}<\/script>\n<!-- \/ Yoast SEO plugin. -->","yoast_head_json":{"title":"Jugendtag mit DJ und Kampfkunst-Performance Open-Air-Aktion auf der Wiese am Tanzwerder - Radio Leinewelle","robots":{"index":"index","follow":"follow","max-snippet":"max-snippet:-1","max-image-preview":"max-image-preview:large","max-video-preview":"max-video-preview:-1"},"canonical":"https:\/\/radioleinewelle.de\/index.php\/2020\/08\/20\/jugendtag-mit-dj-und-kampfkunst-performance-open-air-aktion-auf-der-wiese-am-tanzwerder\/","og_locale":"de_DE","og_type":"article","og_title":"Jugendtag mit DJ und Kampfkunst-Performance Open-Air-Aktion auf der Wiese am Tanzwerder - Radio Leinewelle","og_description":"Jugendtag mit DJ und Kampfkunst-Performance Open-Air-Aktion auf der Wiese am Tanzwerder Eine Open-Air-Aktion wird am kommenden Samstag, 22.08.2020, auf der Wiese am Tanzwerder in Hann. M\u00fcnden geboten. Beim Jugendtag sind neben einem B\u00fchnenprogramm mit DJ Jonas Graunitz eine Fitness &amp; Kampfkunst-Performance, Mitmachaktionen wie Drawing oder Siebdruck sowie ein Vortrag von Scientists for Future zu erleben. [&hellip;]","og_url":"https:\/\/radioleinewelle.de\/index.php\/2020\/08\/20\/jugendtag-mit-dj-und-kampfkunst-performance-open-air-aktion-auf-der-wiese-am-tanzwerder\/","og_site_name":"Radio Leinewelle","article_publisher":"https:\/\/www.facebook.com\/radioleinewelle","article_author":"https:\/\/www.facebook.com\/radioleinewelle","article_published_time":"2020-08-20T06:50:28+00:00","og_image":[{"width":360,"height":362,"url":"https:\/\/radioleinewelle.de\/wp-content\/uploads\/2020\/08\/rock-for-tolerance_jugendtag.jpg","type":"image\/jpeg"}],"author":"Leinewelle","twitter_card":"summary_large_image","twitter_creator":"@https:\/\/twitter.com\/RLeinewelle?ref_src=twsrcgoogletwcampserptwgrauthor","twitter_site":"@RLeinewelle","twitter_misc":{"Verfasst von":"Leinewelle","Gesch\u00e4tzte Lesezeit":"1\u00a0Minute"},"schema":{"@context":"https:\/\/schema.org","@graph":[{"@type":"Article","@id":"https:\/\/radioleinewelle.de\/index.php\/2020\/08\/20\/jugendtag-mit-dj-und-kampfkunst-performance-open-air-aktion-auf-der-wiese-am-tanzwerder\/#article","isPartOf":{"@id":"https:\/\/radioleinewelle.de\/index.php\/2020\/08\/20\/jugendtag-mit-dj-und-kampfkunst-performance-open-air-aktion-auf-der-wiese-am-tanzwerder\/"},"author":{"name":"Leinewelle","@id":"https:\/\/radioleinewelle.de\/#\/schema\/person\/45606f348637df637192dc1b68399a63"},"headline":"Jugendtag mit DJ und Kampfkunst-Performance Open-Air-Aktion auf der Wiese am Tanzwerder","datePublished":"2020-08-20T06:50:28+00:00","mainEntityOfPage":{"@id":"https:\/\/radioleinewelle.de\/index.php\/2020\/08\/20\/jugendtag-mit-dj-und-kampfkunst-performance-open-air-aktion-auf-der-wiese-am-tanzwerder\/"},"wordCount":233,"publisher":{"@id":"https:\/\/radioleinewelle.de\/#organization"},"image":{"@id":"https:\/\/radioleinewelle.de\/index.php\/2020\/08\/20\/jugendtag-mit-dj-und-kampfkunst-performance-open-air-aktion-auf-der-wiese-am-tanzwerder\/#primaryimage"},"thumbnailUrl":"https:\/\/radioleinewelle.de\/wp-content\/uploads\/2020\/08\/rock-for-tolerance_jugendtag.jpg","inLanguage":"de"},{"@type":"WebPage","@id":"https:\/\/radioleinewelle.de\/index.php\/2020\/08\/20\/jugendtag-mit-dj-und-kampfkunst-performance-open-air-aktion-auf-der-wiese-am-tanzwerder\/","url":"https:\/\/radioleinewelle.de\/index.php\/2020\/08\/20\/jugendtag-mit-dj-und-kampfkunst-performance-open-air-aktion-auf-der-wiese-am-tanzwerder\/","name":"Jugendtag mit DJ und Kampfkunst-Performance Open-Air-Aktion auf der Wiese am Tanzwerder - Radio Leinewelle","isPartOf":{"@id":"https:\/\/radioleinewelle.de\/#website"},"primaryImageOfPage":{"@id":"https:\/\/radioleinewelle.de\/index.php\/2020\/08\/20\/jugendtag-mit-dj-und-kampfkunst-performance-open-air-aktion-auf-der-wiese-am-tanzwerder\/#primaryimage"},"image":{"@id":"https:\/\/radioleinewelle.de\/index.php\/2020\/08\/20\/jugendtag-mit-dj-und-kampfkunst-performance-open-air-aktion-auf-der-wiese-am-tanzwerder\/#primaryimage"},"thumbnailUrl":"https:\/\/radioleinewelle.de\/wp-content\/uploads\/2020\/08\/rock-for-tolerance_jugendtag.jpg","datePublished":"2020-08-20T06:50:28+00:00","breadcrumb":{"@id":"https:\/\/radioleinewelle.de\/index.php\/2020\/08\/20\/jugendtag-mit-dj-und-kampfkunst-performance-open-air-aktion-auf-der-wiese-am-tanzwerder\/#breadcrumb"},"inLanguage":"de","potentialAction":[{"@type":"ReadAction","target":["https:\/\/radioleinewelle.de\/index.php\/2020\/08\/20\/jugendtag-mit-dj-und-kampfkunst-performance-open-air-aktion-auf-der-wiese-am-tanzwerder\/"]}]},{"@type":"ImageObject","inLanguage":"de","@id":"https:\/\/radioleinewelle.de\/index.php\/2020\/08\/20\/jugendtag-mit-dj-und-kampfkunst-performance-open-air-aktion-auf-der-wiese-am-tanzwerder\/#primaryimage","url":"https:\/\/radioleinewelle.de\/wp-content\/uploads\/2020\/08\/rock-for-tolerance_jugendtag.jpg","contentUrl":"https:\/\/radioleinewelle.de\/wp-content\/uploads\/2020\/08\/rock-for-tolerance_jugendtag.jpg","width":360,"height":362},{"@type":"BreadcrumbList","@id":"https:\/\/radioleinewelle.de\/index.php\/2020\/08\/20\/jugendtag-mit-dj-und-kampfkunst-performance-open-air-aktion-auf-der-wiese-am-tanzwerder\/#breadcrumb","itemListElement":[{"@type":"ListItem","position":1,"name":"Startseite","item":"https:\/\/radioleinewelle.de\/"},{"@type":"ListItem","position":2,"name":"Jugendtag mit DJ und Kampfkunst-Performance Open-Air-Aktion auf der Wiese am Tanzwerder"}]},{"@type":"WebSite","@id":"https:\/\/radioleinewelle.de\/#website","url":"https:\/\/radioleinewelle.de\/","name":"Radio Leinewelle","description":"","publisher":{"@id":"https:\/\/radioleinewelle.de\/#organization"},"potentialAction":[{"@type":"SearchAction","target":{"@type":"EntryPoint","urlTemplate":"https:\/\/radioleinewelle.de\/?s={search_term_string}"},"query-input":{"@type":"PropertyValueSpecification","valueRequired":true,"valueName":"search_term_string"}}],"inLanguage":"de"},{"@type":"Organization","@id":"https:\/\/radioleinewelle.de\/#organization","name":"Radio Leinewelle","alternateName":"Mein Radio f\u00fcr S\u00fcdniedersachsen","url":"https:\/\/radioleinewelle.de\/","logo":{"@type":"ImageObject","inLanguage":"de","@id":"https:\/\/radioleinewelle.de\/#\/schema\/logo\/image\/","url":"https:\/\/radioleinewelle.de\/wp-content\/uploads\/2023\/11\/cropped-Leinewelle_Logo_weiss.png","contentUrl":"https:\/\/radioleinewelle.de\/wp-content\/uploads\/2023\/11\/cropped-Leinewelle_Logo_weiss.png","width":854,"height":260,"caption":"Radio Leinewelle"},"image":{"@id":"https:\/\/radioleinewelle.de\/#\/schema\/logo\/image\/"},"sameAs":["https:\/\/www.facebook.com\/radioleinewelle","https:\/\/x.com\/RLeinewelle","https:\/\/www.instagram.com\/radioleinewelle\/?hl=de"]},{"@type":"Person","@id":"https:\/\/radioleinewelle.de\/#\/schema\/person\/45606f348637df637192dc1b68399a63","name":"Leinewelle","image":{"@type":"ImageObject","inLanguage":"de","@id":"https:\/\/secure.gravatar.com\/avatar\/05c9a17bc973052ee5d91549bd32fb4dd0dc85b7b85ae94b2e2b4943476bbea5?s=96&d=blank&r=g","url":"https:\/\/secure.gravatar.com\/avatar\/05c9a17bc973052ee5d91549bd32fb4dd0dc85b7b85ae94b2e2b4943476bbea5?s=96&d=blank&r=g","contentUrl":"https:\/\/secure.gravatar.com\/avatar\/05c9a17bc973052ee5d91549bd32fb4dd0dc85b7b85ae94b2e2b4943476bbea5?s=96&d=blank&r=g","caption":"Leinewelle"},"sameAs":["http:\/\/localhost\/radio%20leinewelle\/wordpress","https:\/\/www.facebook.com\/radioleinewelle","https:\/\/www.instagram.com\/radioleinewelle","https:\/\/x.com\/https:\/\/twitter.com\/RLeinewelle?ref_src=twsrcgoogletwcampserptwgrauthor","https:\/\/soundcloud.com\/foerderverein-lokalradio?utm_source=clipboard&utm_medium=text&utm_campaign=social_sharing"],"url":"https:\/\/radioleinewelle.de\/index.php\/author\/leinewelle\/"}]}},"_links":{"self":[{"href":"https:\/\/radioleinewelle.de\/index.php\/wp-json\/wp\/v2\/posts\/1225","targetHints":{"allow":["GET"]}}],"collection":[{"href":"https:\/\/radioleinewelle.de\/index.php\/wp-json\/wp\/v2\/posts"}],"about":[{"href":"https:\/\/radioleinewelle.de\/index.php\/wp-json\/wp\/v2\/types\/post"}],"author":[{"embeddable":true,"href":"https:\/\/radioleinewelle.de\/index.php\/wp-json\/wp\/v2\/users\/1"}],"replies":[{"embeddable":true,"href":"https:\/\/radioleinewelle.de\/index.php\/wp-json\/wp\/v2\/comments?post=1225"}],"version-history":[{"count":0,"href":"https:\/\/radioleinewelle.de\/index.php\/wp-json\/wp\/v2\/posts\/1225\/revisions"}],"wp:featuredmedia":[{"embeddable":true,"href":"https:\/\/radioleinewelle.de\/index.php\/wp-json\/wp\/v2\/media\/1227"}],"wp:attachment":[{"href":"https:\/\/radioleinewelle.de\/index.php\/wp-json\/wp\/v2\/media?parent=1225"}],"wp:term":[{"taxonomy":"category","embeddable":true,"href":"https:\/\/radioleinewelle.de\/index.php\/wp-json\/wp\/v2\/categories?post=1225"},{"taxonomy":"post_tag","embeddable":true,"href":"https:\/\/radioleinewelle.de\/index.php\/wp-json\/wp\/v2\/tags?post=1225"}],"curies":[{"name":"wp","href":"https:\/\/api.w.org\/{rel}","templated":true}]}}