{"id":1231,"date":"2020-08-20T09:01:01","date_gmt":"2020-08-20T07:01:01","guid":{"rendered":"https:\/\/radioleinewelle.de\/?p=1231"},"modified":"2023-01-31T12:05:18","modified_gmt":"2023-01-31T11:05:18","slug":"umweltminister-lies-mahnt-lebensmittelverschwendung-stoppen","status":"publish","type":"post","link":"https:\/\/radioleinewelle.de\/index.php\/2020\/08\/20\/umweltminister-lies-mahnt-lebensmittelverschwendung-stoppen\/","title":{"rendered":"Umweltminister Lies mahnt: \u201eLebensmittelverschwendung stoppen!\u201c"},"content":{"rendered":"<p>In der Debatte um das Sammeln von Lebensmittel aus Abfallbeh\u00e4ltern von Lebensmittelm\u00e4rkten sieht Niedersachsens Umweltminister Olaf Lies dringenden Handlungsbedarf. \u201eDas Urteil des Bundesverfassungsgerichts, dass das sogenannte Containern verboten bleibt, l\u00f6st das grundlegende Problem nicht\u201c, betont Lies: \u201eIn Deutschland werden mindestens zehn Millionen Tonnen Lebensmittel in die M\u00fclltonne geworfen, rund eine Million Tonnen davon in Niedersachsen. Eine unglaubliche Verschwendung, die wir uns nicht leisten d\u00fcrfen: Die Lebensmittelverluste schlagen mit etwa 19,1 Milliarden Euro pro Jahr zu Buche. Die Anbaufl\u00e4che f\u00fcr diese Lebensmittel entspricht etwa der Gr\u00f6\u00dfe Niedersachsens. Rein theoretisch w\u00fcrden Landwirte auf dieser Fl\u00e4che Lebensmittel produzieren, ohne dass diese jemals verkauft werden und stattdessen in der Tonne landen. Ein Teil davon wird auch im Lebensmitteleinzelhandel weggeworfen. Auch die M\u00f6glichkeit, dass sich Menschen ihre Lebensmittel aus M\u00fcllcontainern legal h\u00e4tten nehmen d\u00fcrfen, passt nicht zu einem der reichsten Industriel\u00e4nder der Welt. F\u00fcr mich ist das Ganze der reinste Wahnsinn!\u201c<br \/>\nIn Europa h\u00e4tten Frankreich, Italien und Finnland das Wegwerfen von Lebensmitteln durch den Handel strikt verboten. Deshalb fordert Lies auch f\u00fcr Deutschland ein konsequentes Vorgehen: \u201eDie Lebensmittel d\u00fcrfen nicht weggeworfen werden, sondern m\u00fcssen gesondert zur Verf\u00fcgung gestellt, gespendet oder anders verwertet werden. Alternativ k\u00f6nnte man auch die Entsorgung von Lebensmitteln deutlich verteuern. Nur nichts zu tun, geht so nicht weiter.\u201c<br \/>\nDer Umweltminister wirbt daher erneut f\u00fcr einen \u201eRunden Tisch\u201c, der gemeinsam mit dem Landwirtschaftsministerium im Rahmen des \u201eNieders\u00e4chsischen Weges\u201c l\u00e4ngst geplant ist. \u201eWir wollen Handel, Industrie, Landwirte, Politik, Gastronomie, Kantinen und Verbraucher zusammenbringen. Und wir m\u00fcssen so schnell wie m\u00f6glich dar\u00fcber reden, wie mehr regionale Produkte in die L\u00e4den kommen, aber auch \u00fcber Mindesthaltbarkeit, zu fr\u00fches Wegwerfen, \u00fcber das Verbot von Preisdumping bei Lebensmitteln, und \u00fcber die Verhinderung von Vernichtung von wertvollen Lebensmittel\u201c. Die Landesregierung sei bereit, \u201ediesen Dialog mit den angesprochenen Partnern m\u00f6glichst bald zu starten\u201c, versichert Minister Lies.<\/p>\n","protected":false},"excerpt":{"rendered":"<p>In der Debatte um das Sammeln von Lebensmittel aus Abfallbeh\u00e4ltern von Lebensmittelm\u00e4rkten sieht Niedersachsens Umweltminister Olaf Lies dringenden Handlungsbedarf. \u201eDas Urteil des Bundesverfassungsgerichts, dass das sogenannte Containern verboten bleibt, l\u00f6st das grundlegende Problem nicht\u201c, betont Lies: \u201eIn Deutschland werden mindestens zehn Millionen Tonnen Lebensmittel in die M\u00fclltonne geworfen, rund eine Million Tonnen davon in Niedersachsen. [&hellip;]<\/p>\n","protected":false},"author":1,"featured_media":20875,"comment_status":"closed","ping_status":"closed","sticky":false,"template":"","format":"standard","meta":{"saved_in_kubio":false,"footnotes":""},"categories":[1],"tags":[],"class_list":["post-1231","post","type-post","status-publish","format-standard","has-post-thumbnail","hentry","category-allgemein"],"yoast_head":"<!-- This site is optimized with the Yoast SEO plugin v27.5 - https:\/\/yoast.com\/product\/yoast-seo-wordpress\/ -->\n<title>Umweltminister Lies mahnt: \u201eLebensmittelverschwendung stoppen!\u201c - Radio Leinewelle<\/title>\n<meta name=\"robots\" content=\"index, follow, max-snippet:-1, max-image-preview:large, max-video-preview:-1\" \/>\n<link rel=\"canonical\" href=\"https:\/\/radioleinewelle.de\/index.php\/2020\/08\/20\/umweltminister-lies-mahnt-lebensmittelverschwendung-stoppen\/\" \/>\n<meta property=\"og:locale\" content=\"de_DE\" \/>\n<meta property=\"og:type\" content=\"article\" \/>\n<meta property=\"og:title\" content=\"Umweltminister Lies mahnt: \u201eLebensmittelverschwendung stoppen!\u201c - Radio Leinewelle\" \/>\n<meta property=\"og:description\" content=\"In der Debatte um das Sammeln von Lebensmittel aus Abfallbeh\u00e4ltern von Lebensmittelm\u00e4rkten sieht Niedersachsens Umweltminister Olaf Lies dringenden Handlungsbedarf. \u201eDas Urteil des Bundesverfassungsgerichts, dass das sogenannte Containern verboten bleibt, l\u00f6st das grundlegende Problem nicht\u201c, betont Lies: \u201eIn Deutschland werden mindestens zehn Millionen Tonnen Lebensmittel in die M\u00fclltonne geworfen, rund eine Million Tonnen davon in Niedersachsen. [&hellip;]\" \/>\n<meta property=\"og:url\" content=\"https:\/\/radioleinewelle.de\/index.php\/2020\/08\/20\/umweltminister-lies-mahnt-lebensmittelverschwendung-stoppen\/\" \/>\n<meta property=\"og:site_name\" content=\"Radio Leinewelle\" \/>\n<meta property=\"article:publisher\" content=\"https:\/\/www.facebook.com\/radioleinewelle\" \/>\n<meta property=\"article:author\" content=\"https:\/\/www.facebook.com\/radioleinewelle\" \/>\n<meta property=\"article:published_time\" content=\"2020-08-20T07:01:01+00:00\" \/>\n<meta property=\"article:modified_time\" content=\"2023-01-31T11:05:18+00:00\" \/>\n<meta property=\"og:image\" content=\"https:\/\/radioleinewelle.de\/wp-content\/uploads\/2023\/01\/News.jpg\" \/>\n\t<meta property=\"og:image:width\" content=\"1024\" \/>\n\t<meta property=\"og:image:height\" content=\"1024\" \/>\n\t<meta property=\"og:image:type\" content=\"image\/jpeg\" \/>\n<meta name=\"author\" content=\"Leinewelle\" \/>\n<meta name=\"twitter:card\" content=\"summary_large_image\" \/>\n<meta name=\"twitter:creator\" content=\"@https:\/\/twitter.com\/RLeinewelle?ref_src=twsrcgoogletwcampserptwgrauthor\" \/>\n<meta name=\"twitter:site\" content=\"@RLeinewelle\" \/>\n<meta name=\"twitter:label1\" content=\"Verfasst von\" \/>\n\t<meta name=\"twitter:data1\" content=\"Leinewelle\" \/>\n\t<meta name=\"twitter:label2\" content=\"Gesch\u00e4tzte Lesezeit\" \/>\n\t<meta name=\"twitter:data2\" content=\"2\u00a0Minuten\" \/>\n<script type=\"application\/ld+json\" class=\"yoast-schema-graph\">{\"@context\":\"https:\\\/\\\/schema.org\",\"@graph\":[{\"@type\":\"Article\",\"@id\":\"https:\\\/\\\/radioleinewelle.de\\\/index.php\\\/2020\\\/08\\\/20\\\/umweltminister-lies-mahnt-lebensmittelverschwendung-stoppen\\\/#article\",\"isPartOf\":{\"@id\":\"https:\\\/\\\/radioleinewelle.de\\\/index.php\\\/2020\\\/08\\\/20\\\/umweltminister-lies-mahnt-lebensmittelverschwendung-stoppen\\\/\"},\"author\":{\"name\":\"Leinewelle\",\"@id\":\"https:\\\/\\\/radioleinewelle.de\\\/#\\\/schema\\\/person\\\/45606f348637df637192dc1b68399a63\"},\"headline\":\"Umweltminister Lies mahnt: \u201eLebensmittelverschwendung stoppen!\u201c\",\"datePublished\":\"2020-08-20T07:01:01+00:00\",\"dateModified\":\"2023-01-31T11:05:18+00:00\",\"mainEntityOfPage\":{\"@id\":\"https:\\\/\\\/radioleinewelle.de\\\/index.php\\\/2020\\\/08\\\/20\\\/umweltminister-lies-mahnt-lebensmittelverschwendung-stoppen\\\/\"},\"wordCount\":331,\"publisher\":{\"@id\":\"https:\\\/\\\/radioleinewelle.de\\\/#organization\"},\"image\":{\"@id\":\"https:\\\/\\\/radioleinewelle.de\\\/index.php\\\/2020\\\/08\\\/20\\\/umweltminister-lies-mahnt-lebensmittelverschwendung-stoppen\\\/#primaryimage\"},\"thumbnailUrl\":\"https:\\\/\\\/radioleinewelle.de\\\/wp-content\\\/uploads\\\/2023\\\/01\\\/News.jpg\",\"inLanguage\":\"de\"},{\"@type\":\"WebPage\",\"@id\":\"https:\\\/\\\/radioleinewelle.de\\\/index.php\\\/2020\\\/08\\\/20\\\/umweltminister-lies-mahnt-lebensmittelverschwendung-stoppen\\\/\",\"url\":\"https:\\\/\\\/radioleinewelle.de\\\/index.php\\\/2020\\\/08\\\/20\\\/umweltminister-lies-mahnt-lebensmittelverschwendung-stoppen\\\/\",\"name\":\"Umweltminister Lies mahnt: \u201eLebensmittelverschwendung stoppen!\u201c - Radio Leinewelle\",\"isPartOf\":{\"@id\":\"https:\\\/\\\/radioleinewelle.de\\\/#website\"},\"primaryImageOfPage\":{\"@id\":\"https:\\\/\\\/radioleinewelle.de\\\/index.php\\\/2020\\\/08\\\/20\\\/umweltminister-lies-mahnt-lebensmittelverschwendung-stoppen\\\/#primaryimage\"},\"image\":{\"@id\":\"https:\\\/\\\/radioleinewelle.de\\\/index.php\\\/2020\\\/08\\\/20\\\/umweltminister-lies-mahnt-lebensmittelverschwendung-stoppen\\\/#primaryimage\"},\"thumbnailUrl\":\"https:\\\/\\\/radioleinewelle.de\\\/wp-content\\\/uploads\\\/2023\\\/01\\\/News.jpg\",\"datePublished\":\"2020-08-20T07:01:01+00:00\",\"dateModified\":\"2023-01-31T11:05:18+00:00\",\"breadcrumb\":{\"@id\":\"https:\\\/\\\/radioleinewelle.de\\\/index.php\\\/2020\\\/08\\\/20\\\/umweltminister-lies-mahnt-lebensmittelverschwendung-stoppen\\\/#breadcrumb\"},\"inLanguage\":\"de\",\"potentialAction\":[{\"@type\":\"ReadAction\",\"target\":[\"https:\\\/\\\/radioleinewelle.de\\\/index.php\\\/2020\\\/08\\\/20\\\/umweltminister-lies-mahnt-lebensmittelverschwendung-stoppen\\\/\"]}]},{\"@type\":\"ImageObject\",\"inLanguage\":\"de\",\"@id\":\"https:\\\/\\\/radioleinewelle.de\\\/index.php\\\/2020\\\/08\\\/20\\\/umweltminister-lies-mahnt-lebensmittelverschwendung-stoppen\\\/#primaryimage\",\"url\":\"https:\\\/\\\/radioleinewelle.de\\\/wp-content\\\/uploads\\\/2023\\\/01\\\/News.jpg\",\"contentUrl\":\"https:\\\/\\\/radioleinewelle.de\\\/wp-content\\\/uploads\\\/2023\\\/01\\\/News.jpg\",\"width\":3709,\"height\":3709},{\"@type\":\"BreadcrumbList\",\"@id\":\"https:\\\/\\\/radioleinewelle.de\\\/index.php\\\/2020\\\/08\\\/20\\\/umweltminister-lies-mahnt-lebensmittelverschwendung-stoppen\\\/#breadcrumb\",\"itemListElement\":[{\"@type\":\"ListItem\",\"position\":1,\"name\":\"Startseite\",\"item\":\"https:\\\/\\\/radioleinewelle.de\\\/\"},{\"@type\":\"ListItem\",\"position\":2,\"name\":\"Umweltminister Lies mahnt: \u201eLebensmittelverschwendung stoppen!\u201c\"}]},{\"@type\":\"WebSite\",\"@id\":\"https:\\\/\\\/radioleinewelle.de\\\/#website\",\"url\":\"https:\\\/\\\/radioleinewelle.de\\\/\",\"name\":\"Radio Leinewelle\",\"description\":\"\",\"publisher\":{\"@id\":\"https:\\\/\\\/radioleinewelle.de\\\/#organization\"},\"potentialAction\":[{\"@type\":\"SearchAction\",\"target\":{\"@type\":\"EntryPoint\",\"urlTemplate\":\"https:\\\/\\\/radioleinewelle.de\\\/?s={search_term_string}\"},\"query-input\":{\"@type\":\"PropertyValueSpecification\",\"valueRequired\":true,\"valueName\":\"search_term_string\"}}],\"inLanguage\":\"de\"},{\"@type\":\"Organization\",\"@id\":\"https:\\\/\\\/radioleinewelle.de\\\/#organization\",\"name\":\"Radio Leinewelle\",\"alternateName\":\"Mein Radio f\u00fcr S\u00fcdniedersachsen\",\"url\":\"https:\\\/\\\/radioleinewelle.de\\\/\",\"logo\":{\"@type\":\"ImageObject\",\"inLanguage\":\"de\",\"@id\":\"https:\\\/\\\/radioleinewelle.de\\\/#\\\/schema\\\/logo\\\/image\\\/\",\"url\":\"https:\\\/\\\/radioleinewelle.de\\\/wp-content\\\/uploads\\\/2023\\\/11\\\/cropped-Leinewelle_Logo_weiss.png\",\"contentUrl\":\"https:\\\/\\\/radioleinewelle.de\\\/wp-content\\\/uploads\\\/2023\\\/11\\\/cropped-Leinewelle_Logo_weiss.png\",\"width\":854,\"height\":260,\"caption\":\"Radio Leinewelle\"},\"image\":{\"@id\":\"https:\\\/\\\/radioleinewelle.de\\\/#\\\/schema\\\/logo\\\/image\\\/\"},\"sameAs\":[\"https:\\\/\\\/www.facebook.com\\\/radioleinewelle\",\"https:\\\/\\\/x.com\\\/RLeinewelle\",\"https:\\\/\\\/www.instagram.com\\\/radioleinewelle\\\/?hl=de\"]},{\"@type\":\"Person\",\"@id\":\"https:\\\/\\\/radioleinewelle.de\\\/#\\\/schema\\\/person\\\/45606f348637df637192dc1b68399a63\",\"name\":\"Leinewelle\",\"image\":{\"@type\":\"ImageObject\",\"inLanguage\":\"de\",\"@id\":\"https:\\\/\\\/secure.gravatar.com\\\/avatar\\\/05c9a17bc973052ee5d91549bd32fb4dd0dc85b7b85ae94b2e2b4943476bbea5?s=96&d=blank&r=g\",\"url\":\"https:\\\/\\\/secure.gravatar.com\\\/avatar\\\/05c9a17bc973052ee5d91549bd32fb4dd0dc85b7b85ae94b2e2b4943476bbea5?s=96&d=blank&r=g\",\"contentUrl\":\"https:\\\/\\\/secure.gravatar.com\\\/avatar\\\/05c9a17bc973052ee5d91549bd32fb4dd0dc85b7b85ae94b2e2b4943476bbea5?s=96&d=blank&r=g\",\"caption\":\"Leinewelle\"},\"sameAs\":[\"http:\\\/\\\/localhost\\\/radio%20leinewelle\\\/wordpress\",\"https:\\\/\\\/www.facebook.com\\\/radioleinewelle\",\"https:\\\/\\\/www.instagram.com\\\/radioleinewelle\",\"https:\\\/\\\/x.com\\\/https:\\\/\\\/twitter.com\\\/RLeinewelle?ref_src=twsrcgoogletwcampserptwgrauthor\",\"https:\\\/\\\/soundcloud.com\\\/foerderverein-lokalradio?utm_source=clipboard&utm_medium=text&utm_campaign=social_sharing\"],\"url\":\"https:\\\/\\\/radioleinewelle.de\\\/index.php\\\/author\\\/leinewelle\\\/\"}]}<\/script>\n<!-- \/ Yoast SEO plugin. -->","yoast_head_json":{"title":"Umweltminister Lies mahnt: \u201eLebensmittelverschwendung stoppen!\u201c - Radio Leinewelle","robots":{"index":"index","follow":"follow","max-snippet":"max-snippet:-1","max-image-preview":"max-image-preview:large","max-video-preview":"max-video-preview:-1"},"canonical":"https:\/\/radioleinewelle.de\/index.php\/2020\/08\/20\/umweltminister-lies-mahnt-lebensmittelverschwendung-stoppen\/","og_locale":"de_DE","og_type":"article","og_title":"Umweltminister Lies mahnt: \u201eLebensmittelverschwendung stoppen!\u201c - Radio Leinewelle","og_description":"In der Debatte um das Sammeln von Lebensmittel aus Abfallbeh\u00e4ltern von Lebensmittelm\u00e4rkten sieht Niedersachsens Umweltminister Olaf Lies dringenden Handlungsbedarf. \u201eDas Urteil des Bundesverfassungsgerichts, dass das sogenannte Containern verboten bleibt, l\u00f6st das grundlegende Problem nicht\u201c, betont Lies: \u201eIn Deutschland werden mindestens zehn Millionen Tonnen Lebensmittel in die M\u00fclltonne geworfen, rund eine Million Tonnen davon in Niedersachsen. [&hellip;]","og_url":"https:\/\/radioleinewelle.de\/index.php\/2020\/08\/20\/umweltminister-lies-mahnt-lebensmittelverschwendung-stoppen\/","og_site_name":"Radio Leinewelle","article_publisher":"https:\/\/www.facebook.com\/radioleinewelle","article_author":"https:\/\/www.facebook.com\/radioleinewelle","article_published_time":"2020-08-20T07:01:01+00:00","article_modified_time":"2023-01-31T11:05:18+00:00","og_image":[{"url":"https:\/\/radioleinewelle.de\/wp-content\/uploads\/2023\/01\/News.jpg","width":1024,"height":1024,"type":"image\/jpeg"}],"author":"Leinewelle","twitter_card":"summary_large_image","twitter_creator":"@https:\/\/twitter.com\/RLeinewelle?ref_src=twsrcgoogletwcampserptwgrauthor","twitter_site":"@RLeinewelle","twitter_misc":{"Verfasst von":"Leinewelle","Gesch\u00e4tzte Lesezeit":"2\u00a0Minuten"},"schema":{"@context":"https:\/\/schema.org","@graph":[{"@type":"Article","@id":"https:\/\/radioleinewelle.de\/index.php\/2020\/08\/20\/umweltminister-lies-mahnt-lebensmittelverschwendung-stoppen\/#article","isPartOf":{"@id":"https:\/\/radioleinewelle.de\/index.php\/2020\/08\/20\/umweltminister-lies-mahnt-lebensmittelverschwendung-stoppen\/"},"author":{"name":"Leinewelle","@id":"https:\/\/radioleinewelle.de\/#\/schema\/person\/45606f348637df637192dc1b68399a63"},"headline":"Umweltminister Lies mahnt: \u201eLebensmittelverschwendung stoppen!\u201c","datePublished":"2020-08-20T07:01:01+00:00","dateModified":"2023-01-31T11:05:18+00:00","mainEntityOfPage":{"@id":"https:\/\/radioleinewelle.de\/index.php\/2020\/08\/20\/umweltminister-lies-mahnt-lebensmittelverschwendung-stoppen\/"},"wordCount":331,"publisher":{"@id":"https:\/\/radioleinewelle.de\/#organization"},"image":{"@id":"https:\/\/radioleinewelle.de\/index.php\/2020\/08\/20\/umweltminister-lies-mahnt-lebensmittelverschwendung-stoppen\/#primaryimage"},"thumbnailUrl":"https:\/\/radioleinewelle.de\/wp-content\/uploads\/2023\/01\/News.jpg","inLanguage":"de"},{"@type":"WebPage","@id":"https:\/\/radioleinewelle.de\/index.php\/2020\/08\/20\/umweltminister-lies-mahnt-lebensmittelverschwendung-stoppen\/","url":"https:\/\/radioleinewelle.de\/index.php\/2020\/08\/20\/umweltminister-lies-mahnt-lebensmittelverschwendung-stoppen\/","name":"Umweltminister Lies mahnt: \u201eLebensmittelverschwendung stoppen!\u201c - Radio Leinewelle","isPartOf":{"@id":"https:\/\/radioleinewelle.de\/#website"},"primaryImageOfPage":{"@id":"https:\/\/radioleinewelle.de\/index.php\/2020\/08\/20\/umweltminister-lies-mahnt-lebensmittelverschwendung-stoppen\/#primaryimage"},"image":{"@id":"https:\/\/radioleinewelle.de\/index.php\/2020\/08\/20\/umweltminister-lies-mahnt-lebensmittelverschwendung-stoppen\/#primaryimage"},"thumbnailUrl":"https:\/\/radioleinewelle.de\/wp-content\/uploads\/2023\/01\/News.jpg","datePublished":"2020-08-20T07:01:01+00:00","dateModified":"2023-01-31T11:05:18+00:00","breadcrumb":{"@id":"https:\/\/radioleinewelle.de\/index.php\/2020\/08\/20\/umweltminister-lies-mahnt-lebensmittelverschwendung-stoppen\/#breadcrumb"},"inLanguage":"de","potentialAction":[{"@type":"ReadAction","target":["https:\/\/radioleinewelle.de\/index.php\/2020\/08\/20\/umweltminister-lies-mahnt-lebensmittelverschwendung-stoppen\/"]}]},{"@type":"ImageObject","inLanguage":"de","@id":"https:\/\/radioleinewelle.de\/index.php\/2020\/08\/20\/umweltminister-lies-mahnt-lebensmittelverschwendung-stoppen\/#primaryimage","url":"https:\/\/radioleinewelle.de\/wp-content\/uploads\/2023\/01\/News.jpg","contentUrl":"https:\/\/radioleinewelle.de\/wp-content\/uploads\/2023\/01\/News.jpg","width":3709,"height":3709},{"@type":"BreadcrumbList","@id":"https:\/\/radioleinewelle.de\/index.php\/2020\/08\/20\/umweltminister-lies-mahnt-lebensmittelverschwendung-stoppen\/#breadcrumb","itemListElement":[{"@type":"ListItem","position":1,"name":"Startseite","item":"https:\/\/radioleinewelle.de\/"},{"@type":"ListItem","position":2,"name":"Umweltminister Lies mahnt: \u201eLebensmittelverschwendung stoppen!\u201c"}]},{"@type":"WebSite","@id":"https:\/\/radioleinewelle.de\/#website","url":"https:\/\/radioleinewelle.de\/","name":"Radio Leinewelle","description":"","publisher":{"@id":"https:\/\/radioleinewelle.de\/#organization"},"potentialAction":[{"@type":"SearchAction","target":{"@type":"EntryPoint","urlTemplate":"https:\/\/radioleinewelle.de\/?s={search_term_string}"},"query-input":{"@type":"PropertyValueSpecification","valueRequired":true,"valueName":"search_term_string"}}],"inLanguage":"de"},{"@type":"Organization","@id":"https:\/\/radioleinewelle.de\/#organization","name":"Radio Leinewelle","alternateName":"Mein Radio f\u00fcr S\u00fcdniedersachsen","url":"https:\/\/radioleinewelle.de\/","logo":{"@type":"ImageObject","inLanguage":"de","@id":"https:\/\/radioleinewelle.de\/#\/schema\/logo\/image\/","url":"https:\/\/radioleinewelle.de\/wp-content\/uploads\/2023\/11\/cropped-Leinewelle_Logo_weiss.png","contentUrl":"https:\/\/radioleinewelle.de\/wp-content\/uploads\/2023\/11\/cropped-Leinewelle_Logo_weiss.png","width":854,"height":260,"caption":"Radio Leinewelle"},"image":{"@id":"https:\/\/radioleinewelle.de\/#\/schema\/logo\/image\/"},"sameAs":["https:\/\/www.facebook.com\/radioleinewelle","https:\/\/x.com\/RLeinewelle","https:\/\/www.instagram.com\/radioleinewelle\/?hl=de"]},{"@type":"Person","@id":"https:\/\/radioleinewelle.de\/#\/schema\/person\/45606f348637df637192dc1b68399a63","name":"Leinewelle","image":{"@type":"ImageObject","inLanguage":"de","@id":"https:\/\/secure.gravatar.com\/avatar\/05c9a17bc973052ee5d91549bd32fb4dd0dc85b7b85ae94b2e2b4943476bbea5?s=96&d=blank&r=g","url":"https:\/\/secure.gravatar.com\/avatar\/05c9a17bc973052ee5d91549bd32fb4dd0dc85b7b85ae94b2e2b4943476bbea5?s=96&d=blank&r=g","contentUrl":"https:\/\/secure.gravatar.com\/avatar\/05c9a17bc973052ee5d91549bd32fb4dd0dc85b7b85ae94b2e2b4943476bbea5?s=96&d=blank&r=g","caption":"Leinewelle"},"sameAs":["http:\/\/localhost\/radio%20leinewelle\/wordpress","https:\/\/www.facebook.com\/radioleinewelle","https:\/\/www.instagram.com\/radioleinewelle","https:\/\/x.com\/https:\/\/twitter.com\/RLeinewelle?ref_src=twsrcgoogletwcampserptwgrauthor","https:\/\/soundcloud.com\/foerderverein-lokalradio?utm_source=clipboard&utm_medium=text&utm_campaign=social_sharing"],"url":"https:\/\/radioleinewelle.de\/index.php\/author\/leinewelle\/"}]}},"_links":{"self":[{"href":"https:\/\/radioleinewelle.de\/index.php\/wp-json\/wp\/v2\/posts\/1231","targetHints":{"allow":["GET"]}}],"collection":[{"href":"https:\/\/radioleinewelle.de\/index.php\/wp-json\/wp\/v2\/posts"}],"about":[{"href":"https:\/\/radioleinewelle.de\/index.php\/wp-json\/wp\/v2\/types\/post"}],"author":[{"embeddable":true,"href":"https:\/\/radioleinewelle.de\/index.php\/wp-json\/wp\/v2\/users\/1"}],"replies":[{"embeddable":true,"href":"https:\/\/radioleinewelle.de\/index.php\/wp-json\/wp\/v2\/comments?post=1231"}],"version-history":[{"count":1,"href":"https:\/\/radioleinewelle.de\/index.php\/wp-json\/wp\/v2\/posts\/1231\/revisions"}],"predecessor-version":[{"id":20919,"href":"https:\/\/radioleinewelle.de\/index.php\/wp-json\/wp\/v2\/posts\/1231\/revisions\/20919"}],"wp:featuredmedia":[{"embeddable":true,"href":"https:\/\/radioleinewelle.de\/index.php\/wp-json\/wp\/v2\/media\/20875"}],"wp:attachment":[{"href":"https:\/\/radioleinewelle.de\/index.php\/wp-json\/wp\/v2\/media?parent=1231"}],"wp:term":[{"taxonomy":"category","embeddable":true,"href":"https:\/\/radioleinewelle.de\/index.php\/wp-json\/wp\/v2\/categories?post=1231"},{"taxonomy":"post_tag","embeddable":true,"href":"https:\/\/radioleinewelle.de\/index.php\/wp-json\/wp\/v2\/tags?post=1231"}],"curies":[{"name":"wp","href":"https:\/\/api.w.org\/{rel}","templated":true}]}}