{"id":12330,"date":"2022-01-04T11:46:22","date_gmt":"2022-01-04T10:46:22","guid":{"rendered":"https:\/\/radioleinewelle.de\/?p=12330"},"modified":"2022-01-04T11:46:22","modified_gmt":"2022-01-04T10:46:22","slug":"duenne-plastiktuete-zum-abwiegen-weiter-erlaubt-verbrauch-stieg-in-den-letzten-jahren-an","status":"publish","type":"post","link":"https:\/\/radioleinewelle.de\/index.php\/2022\/01\/04\/duenne-plastiktuete-zum-abwiegen-weiter-erlaubt-verbrauch-stieg-in-den-letzten-jahren-an\/","title":{"rendered":"D\u00fcnne Plastikt\u00fcten zum Abwiegen weiter erlaubt &#8211; Verbrauch in Deutschland leicht r\u00fcckg\u00e4ngig"},"content":{"rendered":"\n<p><\/p>\n\n\n\n<p>Seit Januar gilt in Deutschland ein Plastikt\u00fcten-Verbot. Davon ausgenommen sind jedoch sehr leichte Kunststofftragetaschen mit einer Wandst\u00e4rke von weniger als 15 Mikrometern. Ihr Verbrauch sank hierzulande zwischen 2018 und 2019 von 3,75 Milliarden auf 3,65 Milliarden St\u00fcck, wie das Statistische Bundesamt (Destatis) auf Basis von Eurostat-Daten mitteilt. Damit verbrauchte 2019 jede Person in Deutschland im Schnitt 44 solcher T\u00fcten, in denen beispielsweise Obst und Gem\u00fcse abgewogen wird. 2018 waren es noch rund 45 gewesen.<\/p>\n\n\n\n<p>Ein Vergleich von 16 EU-Staaten zeigt, dass die sehr d\u00fcnnen Plastikt\u00fcten in Deutschland bereits vergleichsweise sparsam verwendet werden. So lag der Pro-Kopf-Verbrauch in Litauen 2019 bei 280 Plastikt\u00fcten, in Tschechien bei 235 und in Lettland bei 213. Belgien und Ungarn sind beim Plastikt\u00fctensparen schon deutlich weiter: Dort lag der Pro-Kopf-Verbrauch 2019 nur noch bei 7 beziehungsweise 20 Plastikt\u00fcten.<\/p>\n\n\n\n<p><strong>Verbotene T\u00fcten: 2019 hierzulande noch 878 Millionen Plastik-Tragebeutel verbraucht<\/strong><\/p>\n\n\n\n<p>Leichte Kunststofft\u00fcten mit einer Wandst\u00e4rke von 15 bis 49 Mikrometern d\u00fcrfen H\u00e4ndler in Deutschland seit Anfang 2021 nicht mehr verwenden. 2019 wurden hierzulande noch 878 Millionen dieser Tragebeutel verbraucht. Gegen\u00fcber dem Vorjahr war dies ein deutliches Minus von 11 % (2018: 991 Millionen). Umgerechnet auf den Verbrauch pro Person war der R\u00fcckgang weniger eindr\u00fccklich: 2018 lag der Pro-Kopf-Verbrauch in Deutschland bei durchschnittlich 12 T\u00fcten, 2019 immer noch bei rund 11.<\/p>\n\n\n\n<p>Auch diese Plastikt\u00fcten wurden in Deutschland bereits vergleichsweise sparsam verwendet, wie der EU-Vergleich zeigt. So lag der Pro-Kopf-Verbrauch in Schweden 2019 bei 74, in Lettland bei 71 und in Ungarn bei 66. In Irland und \u00d6sterreich wurden pro Person mit 5 beziehungsweise 8 Plastikt\u00fcten deutlich weniger verbraucht.<\/p>\n\n\n\n<p>Bild von&nbsp;<a href=\"https:\/\/pixabay.com\/de\/users\/hans-2\/?utm_source=link-attribution&amp;utm_medium=referral&amp;utm_campaign=image&amp;utm_content=231953\">Hans Braxmeier<\/a>&nbsp;auf&nbsp;<a href=\"https:\/\/pixabay.com\/de\/?utm_source=link-attribution&amp;utm_medium=referral&amp;utm_campaign=image&amp;utm_content=231953\">Pixabay<\/a><\/p>\n","protected":false},"excerpt":{"rendered":"<p>Seit Januar gilt in Deutschland ein Plastikt\u00fcten-Verbot. Davon ausgenommen sind jedoch sehr leichte Kunststofftragetaschen mit einer Wandst\u00e4rke von weniger als 15 Mikrometern. Ihr Verbrauch sank hierzulande zwischen 2018 und 2019 von 3,75 Milliarden auf 3,65 Milliarden St\u00fcck, wie das Statistische Bundesamt (Destatis) auf Basis von Eurostat-Daten mitteilt. Damit verbrauchte 2019 jede Person in Deutschland im [&hellip;]<\/p>\n","protected":false},"author":1,"featured_media":12338,"comment_status":"closed","ping_status":"closed","sticky":false,"template":"","format":"standard","meta":{"saved_in_kubio":false,"footnotes":""},"categories":[32],"tags":[2744,2745,2746],"class_list":["post-12330","post","type-post","status-publish","format-standard","has-post-thumbnail","hentry","category-natur-umwelt","tag-destatis","tag-leichte-plastiktueten","tag-plastiktueten-verbot"],"yoast_head":"<!-- This site is optimized with the Yoast SEO plugin v27.5 - https:\/\/yoast.com\/product\/yoast-seo-wordpress\/ -->\n<title>D\u00fcnne Plastikt\u00fcten zum Abwiegen weiter erlaubt - Verbrauch in Deutschland leicht r\u00fcckg\u00e4ngig - Radio Leinewelle<\/title>\n<meta name=\"robots\" content=\"index, follow, max-snippet:-1, max-image-preview:large, max-video-preview:-1\" \/>\n<link rel=\"canonical\" href=\"https:\/\/radioleinewelle.de\/index.php\/2022\/01\/04\/duenne-plastiktuete-zum-abwiegen-weiter-erlaubt-verbrauch-stieg-in-den-letzten-jahren-an\/\" \/>\n<meta property=\"og:locale\" content=\"de_DE\" \/>\n<meta property=\"og:type\" content=\"article\" \/>\n<meta property=\"og:title\" content=\"D\u00fcnne Plastikt\u00fcten zum Abwiegen weiter erlaubt - Verbrauch in Deutschland leicht r\u00fcckg\u00e4ngig - Radio Leinewelle\" \/>\n<meta property=\"og:description\" content=\"Seit Januar gilt in Deutschland ein Plastikt\u00fcten-Verbot. Davon ausgenommen sind jedoch sehr leichte Kunststofftragetaschen mit einer Wandst\u00e4rke von weniger als 15 Mikrometern. Ihr Verbrauch sank hierzulande zwischen 2018 und 2019 von 3,75 Milliarden auf 3,65 Milliarden St\u00fcck, wie das Statistische Bundesamt (Destatis) auf Basis von Eurostat-Daten mitteilt. Damit verbrauchte 2019 jede Person in Deutschland im [&hellip;]\" \/>\n<meta property=\"og:url\" content=\"https:\/\/radioleinewelle.de\/index.php\/2022\/01\/04\/duenne-plastiktuete-zum-abwiegen-weiter-erlaubt-verbrauch-stieg-in-den-letzten-jahren-an\/\" \/>\n<meta property=\"og:site_name\" content=\"Radio Leinewelle\" \/>\n<meta property=\"article:publisher\" content=\"https:\/\/www.facebook.com\/radioleinewelle\" \/>\n<meta property=\"article:author\" content=\"https:\/\/www.facebook.com\/radioleinewelle\" \/>\n<meta property=\"article:published_time\" content=\"2022-01-04T10:46:22+00:00\" \/>\n<meta property=\"og:image\" content=\"https:\/\/radioleinewelle.de\/wp-content\/uploads\/2022\/01\/shopping-bag-gae717859d_640.jpg\" \/>\n\t<meta property=\"og:image:width\" content=\"640\" \/>\n\t<meta property=\"og:image:height\" content=\"426\" \/>\n\t<meta property=\"og:image:type\" content=\"image\/jpeg\" \/>\n<meta name=\"author\" content=\"Leinewelle\" \/>\n<meta name=\"twitter:card\" content=\"summary_large_image\" \/>\n<meta name=\"twitter:creator\" content=\"@https:\/\/twitter.com\/RLeinewelle?ref_src=twsrcgoogletwcampserptwgrauthor\" \/>\n<meta name=\"twitter:site\" content=\"@RLeinewelle\" \/>\n<meta name=\"twitter:label1\" content=\"Verfasst von\" \/>\n\t<meta name=\"twitter:data1\" content=\"Leinewelle\" \/>\n\t<meta name=\"twitter:label2\" content=\"Gesch\u00e4tzte Lesezeit\" \/>\n\t<meta name=\"twitter:data2\" content=\"2\u00a0Minuten\" \/>\n<script type=\"application\/ld+json\" class=\"yoast-schema-graph\">{\"@context\":\"https:\\\/\\\/schema.org\",\"@graph\":[{\"@type\":\"Article\",\"@id\":\"https:\\\/\\\/radioleinewelle.de\\\/index.php\\\/2022\\\/01\\\/04\\\/duenne-plastiktuete-zum-abwiegen-weiter-erlaubt-verbrauch-stieg-in-den-letzten-jahren-an\\\/#article\",\"isPartOf\":{\"@id\":\"https:\\\/\\\/radioleinewelle.de\\\/index.php\\\/2022\\\/01\\\/04\\\/duenne-plastiktuete-zum-abwiegen-weiter-erlaubt-verbrauch-stieg-in-den-letzten-jahren-an\\\/\"},\"author\":{\"name\":\"Leinewelle\",\"@id\":\"https:\\\/\\\/radioleinewelle.de\\\/#\\\/schema\\\/person\\\/45606f348637df637192dc1b68399a63\"},\"headline\":\"D\u00fcnne Plastikt\u00fcten zum Abwiegen weiter erlaubt &#8211; Verbrauch in Deutschland leicht r\u00fcckg\u00e4ngig\",\"datePublished\":\"2022-01-04T10:46:22+00:00\",\"mainEntityOfPage\":{\"@id\":\"https:\\\/\\\/radioleinewelle.de\\\/index.php\\\/2022\\\/01\\\/04\\\/duenne-plastiktuete-zum-abwiegen-weiter-erlaubt-verbrauch-stieg-in-den-letzten-jahren-an\\\/\"},\"wordCount\":266,\"publisher\":{\"@id\":\"https:\\\/\\\/radioleinewelle.de\\\/#organization\"},\"image\":{\"@id\":\"https:\\\/\\\/radioleinewelle.de\\\/index.php\\\/2022\\\/01\\\/04\\\/duenne-plastiktuete-zum-abwiegen-weiter-erlaubt-verbrauch-stieg-in-den-letzten-jahren-an\\\/#primaryimage\"},\"thumbnailUrl\":\"https:\\\/\\\/radioleinewelle.de\\\/wp-content\\\/uploads\\\/2022\\\/01\\\/shopping-bag-gae717859d_640.jpg\",\"keywords\":[\"Destatis\",\"Leichte Plastikt\u00fcten\",\"Plastikt\u00fcten Verbot\"],\"articleSection\":[\"Natur &amp; Umwelt\"],\"inLanguage\":\"de\"},{\"@type\":\"WebPage\",\"@id\":\"https:\\\/\\\/radioleinewelle.de\\\/index.php\\\/2022\\\/01\\\/04\\\/duenne-plastiktuete-zum-abwiegen-weiter-erlaubt-verbrauch-stieg-in-den-letzten-jahren-an\\\/\",\"url\":\"https:\\\/\\\/radioleinewelle.de\\\/index.php\\\/2022\\\/01\\\/04\\\/duenne-plastiktuete-zum-abwiegen-weiter-erlaubt-verbrauch-stieg-in-den-letzten-jahren-an\\\/\",\"name\":\"D\u00fcnne Plastikt\u00fcten zum Abwiegen weiter erlaubt - Verbrauch in Deutschland leicht r\u00fcckg\u00e4ngig - Radio Leinewelle\",\"isPartOf\":{\"@id\":\"https:\\\/\\\/radioleinewelle.de\\\/#website\"},\"primaryImageOfPage\":{\"@id\":\"https:\\\/\\\/radioleinewelle.de\\\/index.php\\\/2022\\\/01\\\/04\\\/duenne-plastiktuete-zum-abwiegen-weiter-erlaubt-verbrauch-stieg-in-den-letzten-jahren-an\\\/#primaryimage\"},\"image\":{\"@id\":\"https:\\\/\\\/radioleinewelle.de\\\/index.php\\\/2022\\\/01\\\/04\\\/duenne-plastiktuete-zum-abwiegen-weiter-erlaubt-verbrauch-stieg-in-den-letzten-jahren-an\\\/#primaryimage\"},\"thumbnailUrl\":\"https:\\\/\\\/radioleinewelle.de\\\/wp-content\\\/uploads\\\/2022\\\/01\\\/shopping-bag-gae717859d_640.jpg\",\"datePublished\":\"2022-01-04T10:46:22+00:00\",\"breadcrumb\":{\"@id\":\"https:\\\/\\\/radioleinewelle.de\\\/index.php\\\/2022\\\/01\\\/04\\\/duenne-plastiktuete-zum-abwiegen-weiter-erlaubt-verbrauch-stieg-in-den-letzten-jahren-an\\\/#breadcrumb\"},\"inLanguage\":\"de\",\"potentialAction\":[{\"@type\":\"ReadAction\",\"target\":[\"https:\\\/\\\/radioleinewelle.de\\\/index.php\\\/2022\\\/01\\\/04\\\/duenne-plastiktuete-zum-abwiegen-weiter-erlaubt-verbrauch-stieg-in-den-letzten-jahren-an\\\/\"]}]},{\"@type\":\"ImageObject\",\"inLanguage\":\"de\",\"@id\":\"https:\\\/\\\/radioleinewelle.de\\\/index.php\\\/2022\\\/01\\\/04\\\/duenne-plastiktuete-zum-abwiegen-weiter-erlaubt-verbrauch-stieg-in-den-letzten-jahren-an\\\/#primaryimage\",\"url\":\"https:\\\/\\\/radioleinewelle.de\\\/wp-content\\\/uploads\\\/2022\\\/01\\\/shopping-bag-gae717859d_640.jpg\",\"contentUrl\":\"https:\\\/\\\/radioleinewelle.de\\\/wp-content\\\/uploads\\\/2022\\\/01\\\/shopping-bag-gae717859d_640.jpg\",\"width\":640,\"height\":426},{\"@type\":\"BreadcrumbList\",\"@id\":\"https:\\\/\\\/radioleinewelle.de\\\/index.php\\\/2022\\\/01\\\/04\\\/duenne-plastiktuete-zum-abwiegen-weiter-erlaubt-verbrauch-stieg-in-den-letzten-jahren-an\\\/#breadcrumb\",\"itemListElement\":[{\"@type\":\"ListItem\",\"position\":1,\"name\":\"Startseite\",\"item\":\"https:\\\/\\\/radioleinewelle.de\\\/\"},{\"@type\":\"ListItem\",\"position\":2,\"name\":\"D\u00fcnne Plastikt\u00fcten zum Abwiegen weiter erlaubt &#8211; Verbrauch in Deutschland leicht r\u00fcckg\u00e4ngig\"}]},{\"@type\":\"WebSite\",\"@id\":\"https:\\\/\\\/radioleinewelle.de\\\/#website\",\"url\":\"https:\\\/\\\/radioleinewelle.de\\\/\",\"name\":\"Radio Leinewelle\",\"description\":\"\",\"publisher\":{\"@id\":\"https:\\\/\\\/radioleinewelle.de\\\/#organization\"},\"potentialAction\":[{\"@type\":\"SearchAction\",\"target\":{\"@type\":\"EntryPoint\",\"urlTemplate\":\"https:\\\/\\\/radioleinewelle.de\\\/?s={search_term_string}\"},\"query-input\":{\"@type\":\"PropertyValueSpecification\",\"valueRequired\":true,\"valueName\":\"search_term_string\"}}],\"inLanguage\":\"de\"},{\"@type\":\"Organization\",\"@id\":\"https:\\\/\\\/radioleinewelle.de\\\/#organization\",\"name\":\"Radio Leinewelle\",\"alternateName\":\"Mein Radio f\u00fcr S\u00fcdniedersachsen\",\"url\":\"https:\\\/\\\/radioleinewelle.de\\\/\",\"logo\":{\"@type\":\"ImageObject\",\"inLanguage\":\"de\",\"@id\":\"https:\\\/\\\/radioleinewelle.de\\\/#\\\/schema\\\/logo\\\/image\\\/\",\"url\":\"https:\\\/\\\/radioleinewelle.de\\\/wp-content\\\/uploads\\\/2023\\\/11\\\/cropped-Leinewelle_Logo_weiss.png\",\"contentUrl\":\"https:\\\/\\\/radioleinewelle.de\\\/wp-content\\\/uploads\\\/2023\\\/11\\\/cropped-Leinewelle_Logo_weiss.png\",\"width\":854,\"height\":260,\"caption\":\"Radio Leinewelle\"},\"image\":{\"@id\":\"https:\\\/\\\/radioleinewelle.de\\\/#\\\/schema\\\/logo\\\/image\\\/\"},\"sameAs\":[\"https:\\\/\\\/www.facebook.com\\\/radioleinewelle\",\"https:\\\/\\\/x.com\\\/RLeinewelle\",\"https:\\\/\\\/www.instagram.com\\\/radioleinewelle\\\/?hl=de\"]},{\"@type\":\"Person\",\"@id\":\"https:\\\/\\\/radioleinewelle.de\\\/#\\\/schema\\\/person\\\/45606f348637df637192dc1b68399a63\",\"name\":\"Leinewelle\",\"image\":{\"@type\":\"ImageObject\",\"inLanguage\":\"de\",\"@id\":\"https:\\\/\\\/secure.gravatar.com\\\/avatar\\\/05c9a17bc973052ee5d91549bd32fb4dd0dc85b7b85ae94b2e2b4943476bbea5?s=96&d=blank&r=g\",\"url\":\"https:\\\/\\\/secure.gravatar.com\\\/avatar\\\/05c9a17bc973052ee5d91549bd32fb4dd0dc85b7b85ae94b2e2b4943476bbea5?s=96&d=blank&r=g\",\"contentUrl\":\"https:\\\/\\\/secure.gravatar.com\\\/avatar\\\/05c9a17bc973052ee5d91549bd32fb4dd0dc85b7b85ae94b2e2b4943476bbea5?s=96&d=blank&r=g\",\"caption\":\"Leinewelle\"},\"sameAs\":[\"http:\\\/\\\/localhost\\\/radio%20leinewelle\\\/wordpress\",\"https:\\\/\\\/www.facebook.com\\\/radioleinewelle\",\"https:\\\/\\\/www.instagram.com\\\/radioleinewelle\",\"https:\\\/\\\/x.com\\\/https:\\\/\\\/twitter.com\\\/RLeinewelle?ref_src=twsrcgoogletwcampserptwgrauthor\",\"https:\\\/\\\/soundcloud.com\\\/foerderverein-lokalradio?utm_source=clipboard&utm_medium=text&utm_campaign=social_sharing\"],\"url\":\"https:\\\/\\\/radioleinewelle.de\\\/index.php\\\/author\\\/leinewelle\\\/\"}]}<\/script>\n<!-- \/ Yoast SEO plugin. -->","yoast_head_json":{"title":"D\u00fcnne Plastikt\u00fcten zum Abwiegen weiter erlaubt - Verbrauch in Deutschland leicht r\u00fcckg\u00e4ngig - Radio Leinewelle","robots":{"index":"index","follow":"follow","max-snippet":"max-snippet:-1","max-image-preview":"max-image-preview:large","max-video-preview":"max-video-preview:-1"},"canonical":"https:\/\/radioleinewelle.de\/index.php\/2022\/01\/04\/duenne-plastiktuete-zum-abwiegen-weiter-erlaubt-verbrauch-stieg-in-den-letzten-jahren-an\/","og_locale":"de_DE","og_type":"article","og_title":"D\u00fcnne Plastikt\u00fcten zum Abwiegen weiter erlaubt - Verbrauch in Deutschland leicht r\u00fcckg\u00e4ngig - Radio Leinewelle","og_description":"Seit Januar gilt in Deutschland ein Plastikt\u00fcten-Verbot. Davon ausgenommen sind jedoch sehr leichte Kunststofftragetaschen mit einer Wandst\u00e4rke von weniger als 15 Mikrometern. Ihr Verbrauch sank hierzulande zwischen 2018 und 2019 von 3,75 Milliarden auf 3,65 Milliarden St\u00fcck, wie das Statistische Bundesamt (Destatis) auf Basis von Eurostat-Daten mitteilt. Damit verbrauchte 2019 jede Person in Deutschland im [&hellip;]","og_url":"https:\/\/radioleinewelle.de\/index.php\/2022\/01\/04\/duenne-plastiktuete-zum-abwiegen-weiter-erlaubt-verbrauch-stieg-in-den-letzten-jahren-an\/","og_site_name":"Radio Leinewelle","article_publisher":"https:\/\/www.facebook.com\/radioleinewelle","article_author":"https:\/\/www.facebook.com\/radioleinewelle","article_published_time":"2022-01-04T10:46:22+00:00","og_image":[{"width":640,"height":426,"url":"https:\/\/radioleinewelle.de\/wp-content\/uploads\/2022\/01\/shopping-bag-gae717859d_640.jpg","type":"image\/jpeg"}],"author":"Leinewelle","twitter_card":"summary_large_image","twitter_creator":"@https:\/\/twitter.com\/RLeinewelle?ref_src=twsrcgoogletwcampserptwgrauthor","twitter_site":"@RLeinewelle","twitter_misc":{"Verfasst von":"Leinewelle","Gesch\u00e4tzte Lesezeit":"2\u00a0Minuten"},"schema":{"@context":"https:\/\/schema.org","@graph":[{"@type":"Article","@id":"https:\/\/radioleinewelle.de\/index.php\/2022\/01\/04\/duenne-plastiktuete-zum-abwiegen-weiter-erlaubt-verbrauch-stieg-in-den-letzten-jahren-an\/#article","isPartOf":{"@id":"https:\/\/radioleinewelle.de\/index.php\/2022\/01\/04\/duenne-plastiktuete-zum-abwiegen-weiter-erlaubt-verbrauch-stieg-in-den-letzten-jahren-an\/"},"author":{"name":"Leinewelle","@id":"https:\/\/radioleinewelle.de\/#\/schema\/person\/45606f348637df637192dc1b68399a63"},"headline":"D\u00fcnne Plastikt\u00fcten zum Abwiegen weiter erlaubt &#8211; Verbrauch in Deutschland leicht r\u00fcckg\u00e4ngig","datePublished":"2022-01-04T10:46:22+00:00","mainEntityOfPage":{"@id":"https:\/\/radioleinewelle.de\/index.php\/2022\/01\/04\/duenne-plastiktuete-zum-abwiegen-weiter-erlaubt-verbrauch-stieg-in-den-letzten-jahren-an\/"},"wordCount":266,"publisher":{"@id":"https:\/\/radioleinewelle.de\/#organization"},"image":{"@id":"https:\/\/radioleinewelle.de\/index.php\/2022\/01\/04\/duenne-plastiktuete-zum-abwiegen-weiter-erlaubt-verbrauch-stieg-in-den-letzten-jahren-an\/#primaryimage"},"thumbnailUrl":"https:\/\/radioleinewelle.de\/wp-content\/uploads\/2022\/01\/shopping-bag-gae717859d_640.jpg","keywords":["Destatis","Leichte Plastikt\u00fcten","Plastikt\u00fcten Verbot"],"articleSection":["Natur &amp; Umwelt"],"inLanguage":"de"},{"@type":"WebPage","@id":"https:\/\/radioleinewelle.de\/index.php\/2022\/01\/04\/duenne-plastiktuete-zum-abwiegen-weiter-erlaubt-verbrauch-stieg-in-den-letzten-jahren-an\/","url":"https:\/\/radioleinewelle.de\/index.php\/2022\/01\/04\/duenne-plastiktuete-zum-abwiegen-weiter-erlaubt-verbrauch-stieg-in-den-letzten-jahren-an\/","name":"D\u00fcnne Plastikt\u00fcten zum Abwiegen weiter erlaubt - Verbrauch in Deutschland leicht r\u00fcckg\u00e4ngig - Radio Leinewelle","isPartOf":{"@id":"https:\/\/radioleinewelle.de\/#website"},"primaryImageOfPage":{"@id":"https:\/\/radioleinewelle.de\/index.php\/2022\/01\/04\/duenne-plastiktuete-zum-abwiegen-weiter-erlaubt-verbrauch-stieg-in-den-letzten-jahren-an\/#primaryimage"},"image":{"@id":"https:\/\/radioleinewelle.de\/index.php\/2022\/01\/04\/duenne-plastiktuete-zum-abwiegen-weiter-erlaubt-verbrauch-stieg-in-den-letzten-jahren-an\/#primaryimage"},"thumbnailUrl":"https:\/\/radioleinewelle.de\/wp-content\/uploads\/2022\/01\/shopping-bag-gae717859d_640.jpg","datePublished":"2022-01-04T10:46:22+00:00","breadcrumb":{"@id":"https:\/\/radioleinewelle.de\/index.php\/2022\/01\/04\/duenne-plastiktuete-zum-abwiegen-weiter-erlaubt-verbrauch-stieg-in-den-letzten-jahren-an\/#breadcrumb"},"inLanguage":"de","potentialAction":[{"@type":"ReadAction","target":["https:\/\/radioleinewelle.de\/index.php\/2022\/01\/04\/duenne-plastiktuete-zum-abwiegen-weiter-erlaubt-verbrauch-stieg-in-den-letzten-jahren-an\/"]}]},{"@type":"ImageObject","inLanguage":"de","@id":"https:\/\/radioleinewelle.de\/index.php\/2022\/01\/04\/duenne-plastiktuete-zum-abwiegen-weiter-erlaubt-verbrauch-stieg-in-den-letzten-jahren-an\/#primaryimage","url":"https:\/\/radioleinewelle.de\/wp-content\/uploads\/2022\/01\/shopping-bag-gae717859d_640.jpg","contentUrl":"https:\/\/radioleinewelle.de\/wp-content\/uploads\/2022\/01\/shopping-bag-gae717859d_640.jpg","width":640,"height":426},{"@type":"BreadcrumbList","@id":"https:\/\/radioleinewelle.de\/index.php\/2022\/01\/04\/duenne-plastiktuete-zum-abwiegen-weiter-erlaubt-verbrauch-stieg-in-den-letzten-jahren-an\/#breadcrumb","itemListElement":[{"@type":"ListItem","position":1,"name":"Startseite","item":"https:\/\/radioleinewelle.de\/"},{"@type":"ListItem","position":2,"name":"D\u00fcnne Plastikt\u00fcten zum Abwiegen weiter erlaubt &#8211; Verbrauch in Deutschland leicht r\u00fcckg\u00e4ngig"}]},{"@type":"WebSite","@id":"https:\/\/radioleinewelle.de\/#website","url":"https:\/\/radioleinewelle.de\/","name":"Radio Leinewelle","description":"","publisher":{"@id":"https:\/\/radioleinewelle.de\/#organization"},"potentialAction":[{"@type":"SearchAction","target":{"@type":"EntryPoint","urlTemplate":"https:\/\/radioleinewelle.de\/?s={search_term_string}"},"query-input":{"@type":"PropertyValueSpecification","valueRequired":true,"valueName":"search_term_string"}}],"inLanguage":"de"},{"@type":"Organization","@id":"https:\/\/radioleinewelle.de\/#organization","name":"Radio Leinewelle","alternateName":"Mein Radio f\u00fcr S\u00fcdniedersachsen","url":"https:\/\/radioleinewelle.de\/","logo":{"@type":"ImageObject","inLanguage":"de","@id":"https:\/\/radioleinewelle.de\/#\/schema\/logo\/image\/","url":"https:\/\/radioleinewelle.de\/wp-content\/uploads\/2023\/11\/cropped-Leinewelle_Logo_weiss.png","contentUrl":"https:\/\/radioleinewelle.de\/wp-content\/uploads\/2023\/11\/cropped-Leinewelle_Logo_weiss.png","width":854,"height":260,"caption":"Radio Leinewelle"},"image":{"@id":"https:\/\/radioleinewelle.de\/#\/schema\/logo\/image\/"},"sameAs":["https:\/\/www.facebook.com\/radioleinewelle","https:\/\/x.com\/RLeinewelle","https:\/\/www.instagram.com\/radioleinewelle\/?hl=de"]},{"@type":"Person","@id":"https:\/\/radioleinewelle.de\/#\/schema\/person\/45606f348637df637192dc1b68399a63","name":"Leinewelle","image":{"@type":"ImageObject","inLanguage":"de","@id":"https:\/\/secure.gravatar.com\/avatar\/05c9a17bc973052ee5d91549bd32fb4dd0dc85b7b85ae94b2e2b4943476bbea5?s=96&d=blank&r=g","url":"https:\/\/secure.gravatar.com\/avatar\/05c9a17bc973052ee5d91549bd32fb4dd0dc85b7b85ae94b2e2b4943476bbea5?s=96&d=blank&r=g","contentUrl":"https:\/\/secure.gravatar.com\/avatar\/05c9a17bc973052ee5d91549bd32fb4dd0dc85b7b85ae94b2e2b4943476bbea5?s=96&d=blank&r=g","caption":"Leinewelle"},"sameAs":["http:\/\/localhost\/radio%20leinewelle\/wordpress","https:\/\/www.facebook.com\/radioleinewelle","https:\/\/www.instagram.com\/radioleinewelle","https:\/\/x.com\/https:\/\/twitter.com\/RLeinewelle?ref_src=twsrcgoogletwcampserptwgrauthor","https:\/\/soundcloud.com\/foerderverein-lokalradio?utm_source=clipboard&utm_medium=text&utm_campaign=social_sharing"],"url":"https:\/\/radioleinewelle.de\/index.php\/author\/leinewelle\/"}]}},"_links":{"self":[{"href":"https:\/\/radioleinewelle.de\/index.php\/wp-json\/wp\/v2\/posts\/12330","targetHints":{"allow":["GET"]}}],"collection":[{"href":"https:\/\/radioleinewelle.de\/index.php\/wp-json\/wp\/v2\/posts"}],"about":[{"href":"https:\/\/radioleinewelle.de\/index.php\/wp-json\/wp\/v2\/types\/post"}],"author":[{"embeddable":true,"href":"https:\/\/radioleinewelle.de\/index.php\/wp-json\/wp\/v2\/users\/1"}],"replies":[{"embeddable":true,"href":"https:\/\/radioleinewelle.de\/index.php\/wp-json\/wp\/v2\/comments?post=12330"}],"version-history":[{"count":0,"href":"https:\/\/radioleinewelle.de\/index.php\/wp-json\/wp\/v2\/posts\/12330\/revisions"}],"wp:featuredmedia":[{"embeddable":true,"href":"https:\/\/radioleinewelle.de\/index.php\/wp-json\/wp\/v2\/media\/12338"}],"wp:attachment":[{"href":"https:\/\/radioleinewelle.de\/index.php\/wp-json\/wp\/v2\/media?parent=12330"}],"wp:term":[{"taxonomy":"category","embeddable":true,"href":"https:\/\/radioleinewelle.de\/index.php\/wp-json\/wp\/v2\/categories?post=12330"},{"taxonomy":"post_tag","embeddable":true,"href":"https:\/\/radioleinewelle.de\/index.php\/wp-json\/wp\/v2\/tags?post=12330"}],"curies":[{"name":"wp","href":"https:\/\/api.w.org\/{rel}","templated":true}]}}