{"id":12371,"date":"2022-01-08T07:44:49","date_gmt":"2022-01-08T06:44:49","guid":{"rendered":"https:\/\/radioleinewelle.de\/?p=12371"},"modified":"2022-01-08T07:44:49","modified_gmt":"2022-01-08T06:44:49","slug":"einbruch-in-goettinger-fachgeschaeft-fuer-kaesespezialitaeten","status":"publish","type":"post","link":"https:\/\/radioleinewelle.de\/index.php\/2022\/01\/08\/einbruch-in-goettinger-fachgeschaeft-fuer-kaesespezialitaeten\/","title":{"rendered":"Einbruch in G\u00f6ttinger Fachgesch\u00e4ft f\u00fcr K\u00e4sespezialit\u00e4ten"},"content":{"rendered":"\n<p>G\u00d6TTINGEN (jk) &#8211; Mit einem Gullideckel haben Unbekannte in der Nacht zum Freitag (07.01.22) die Glast\u00fcr eines Gesch\u00e4ftes f\u00fcr K\u00e4sespezialit\u00e4ten in der Kurzen Stra\u00dfe in G\u00f6ttingen eingeworfen.<\/p>\n\n\n\n<p>Anschie\u00dfend drangen die Einbrecher in die Verkaufsr\u00e4ume ein und stahlen Bargeld in noch unbekannter H\u00f6he. Die genaue Tatzeit ist bislang unklar.<\/p>\n\n\n\n<p>Anwohner oder sonstige Zeugen, die in der Nacht verd\u00e4chtige Ger\u00e4usche geh\u00f6rt oder anderweitige Beobachtungen gemacht haben, die f\u00fcr die weiteren Ermittlungen von Bedeutung sein k\u00f6nnen, werden gebeten, sich unter Telefon 0551\/491-2115 bei der Polizei G\u00f6ttingen zu melden.<\/p>\n","protected":false},"excerpt":{"rendered":"<p>G\u00d6TTINGEN (jk) &#8211; Mit einem Gullideckel haben Unbekannte in der Nacht zum Freitag (07.01.22) die Glast\u00fcr eines Gesch\u00e4ftes f\u00fcr K\u00e4sespezialit\u00e4ten in der Kurzen Stra\u00dfe in G\u00f6ttingen eingeworfen. Anschie\u00dfend drangen die Einbrecher in die Verkaufsr\u00e4ume ein und stahlen Bargeld in noch unbekannter H\u00f6he. Die genaue Tatzeit ist bislang unklar. Anwohner oder sonstige Zeugen, die in der [&hellip;]<\/p>\n","protected":false},"author":1,"featured_media":0,"comment_status":"closed","ping_status":"closed","sticky":false,"template":"","format":"standard","meta":{"saved_in_kubio":false,"footnotes":""},"categories":[24],"tags":[2757],"class_list":["post-12371","post","type-post","status-publish","format-standard","hentry","category-news","tag-einbruch-kaeseladen-goettingen"],"yoast_head":"<!-- This site is optimized with the Yoast SEO plugin v27.5 - https:\/\/yoast.com\/product\/yoast-seo-wordpress\/ -->\n<title>Einbruch in G\u00f6ttinger Fachgesch\u00e4ft f\u00fcr K\u00e4sespezialit\u00e4ten - Radio Leinewelle<\/title>\n<meta name=\"robots\" content=\"index, follow, max-snippet:-1, max-image-preview:large, max-video-preview:-1\" \/>\n<link rel=\"canonical\" href=\"https:\/\/radioleinewelle.de\/index.php\/2022\/01\/08\/einbruch-in-goettinger-fachgeschaeft-fuer-kaesespezialitaeten\/\" \/>\n<meta property=\"og:locale\" content=\"de_DE\" \/>\n<meta property=\"og:type\" content=\"article\" \/>\n<meta property=\"og:title\" content=\"Einbruch in G\u00f6ttinger Fachgesch\u00e4ft f\u00fcr K\u00e4sespezialit\u00e4ten - Radio Leinewelle\" \/>\n<meta property=\"og:description\" content=\"G\u00d6TTINGEN (jk) &#8211; Mit einem Gullideckel haben Unbekannte in der Nacht zum Freitag (07.01.22) die Glast\u00fcr eines Gesch\u00e4ftes f\u00fcr K\u00e4sespezialit\u00e4ten in der Kurzen Stra\u00dfe in G\u00f6ttingen eingeworfen. Anschie\u00dfend drangen die Einbrecher in die Verkaufsr\u00e4ume ein und stahlen Bargeld in noch unbekannter H\u00f6he. Die genaue Tatzeit ist bislang unklar. Anwohner oder sonstige Zeugen, die in der [&hellip;]\" \/>\n<meta property=\"og:url\" content=\"https:\/\/radioleinewelle.de\/index.php\/2022\/01\/08\/einbruch-in-goettinger-fachgeschaeft-fuer-kaesespezialitaeten\/\" \/>\n<meta property=\"og:site_name\" content=\"Radio Leinewelle\" \/>\n<meta property=\"article:publisher\" content=\"https:\/\/www.facebook.com\/radioleinewelle\" \/>\n<meta property=\"article:author\" content=\"https:\/\/www.facebook.com\/radioleinewelle\" \/>\n<meta property=\"article:published_time\" content=\"2022-01-08T06:44:49+00:00\" \/>\n<meta name=\"author\" content=\"Leinewelle\" \/>\n<meta name=\"twitter:card\" content=\"summary_large_image\" \/>\n<meta name=\"twitter:creator\" content=\"@https:\/\/twitter.com\/RLeinewelle?ref_src=twsrcgoogletwcampserptwgrauthor\" \/>\n<meta name=\"twitter:site\" content=\"@RLeinewelle\" \/>\n<meta name=\"twitter:label1\" content=\"Verfasst von\" \/>\n\t<meta name=\"twitter:data1\" content=\"Leinewelle\" \/>\n\t<meta name=\"twitter:label2\" content=\"Gesch\u00e4tzte Lesezeit\" \/>\n\t<meta name=\"twitter:data2\" content=\"1\u00a0Minute\" \/>\n<script type=\"application\/ld+json\" class=\"yoast-schema-graph\">{\"@context\":\"https:\\\/\\\/schema.org\",\"@graph\":[{\"@type\":\"Article\",\"@id\":\"https:\\\/\\\/radioleinewelle.de\\\/index.php\\\/2022\\\/01\\\/08\\\/einbruch-in-goettinger-fachgeschaeft-fuer-kaesespezialitaeten\\\/#article\",\"isPartOf\":{\"@id\":\"https:\\\/\\\/radioleinewelle.de\\\/index.php\\\/2022\\\/01\\\/08\\\/einbruch-in-goettinger-fachgeschaeft-fuer-kaesespezialitaeten\\\/\"},\"author\":{\"name\":\"Leinewelle\",\"@id\":\"https:\\\/\\\/radioleinewelle.de\\\/#\\\/schema\\\/person\\\/45606f348637df637192dc1b68399a63\"},\"headline\":\"Einbruch in G\u00f6ttinger Fachgesch\u00e4ft f\u00fcr K\u00e4sespezialit\u00e4ten\",\"datePublished\":\"2022-01-08T06:44:49+00:00\",\"mainEntityOfPage\":{\"@id\":\"https:\\\/\\\/radioleinewelle.de\\\/index.php\\\/2022\\\/01\\\/08\\\/einbruch-in-goettinger-fachgeschaeft-fuer-kaesespezialitaeten\\\/\"},\"wordCount\":112,\"publisher\":{\"@id\":\"https:\\\/\\\/radioleinewelle.de\\\/#organization\"},\"keywords\":[\"Einbruch K\u00e4seladen G\u00f6ttingen\"],\"articleSection\":[\"Aktuelle Nachrichten\"],\"inLanguage\":\"de\"},{\"@type\":\"WebPage\",\"@id\":\"https:\\\/\\\/radioleinewelle.de\\\/index.php\\\/2022\\\/01\\\/08\\\/einbruch-in-goettinger-fachgeschaeft-fuer-kaesespezialitaeten\\\/\",\"url\":\"https:\\\/\\\/radioleinewelle.de\\\/index.php\\\/2022\\\/01\\\/08\\\/einbruch-in-goettinger-fachgeschaeft-fuer-kaesespezialitaeten\\\/\",\"name\":\"Einbruch in G\u00f6ttinger Fachgesch\u00e4ft f\u00fcr K\u00e4sespezialit\u00e4ten - Radio Leinewelle\",\"isPartOf\":{\"@id\":\"https:\\\/\\\/radioleinewelle.de\\\/#website\"},\"datePublished\":\"2022-01-08T06:44:49+00:00\",\"breadcrumb\":{\"@id\":\"https:\\\/\\\/radioleinewelle.de\\\/index.php\\\/2022\\\/01\\\/08\\\/einbruch-in-goettinger-fachgeschaeft-fuer-kaesespezialitaeten\\\/#breadcrumb\"},\"inLanguage\":\"de\",\"potentialAction\":[{\"@type\":\"ReadAction\",\"target\":[\"https:\\\/\\\/radioleinewelle.de\\\/index.php\\\/2022\\\/01\\\/08\\\/einbruch-in-goettinger-fachgeschaeft-fuer-kaesespezialitaeten\\\/\"]}]},{\"@type\":\"BreadcrumbList\",\"@id\":\"https:\\\/\\\/radioleinewelle.de\\\/index.php\\\/2022\\\/01\\\/08\\\/einbruch-in-goettinger-fachgeschaeft-fuer-kaesespezialitaeten\\\/#breadcrumb\",\"itemListElement\":[{\"@type\":\"ListItem\",\"position\":1,\"name\":\"Startseite\",\"item\":\"https:\\\/\\\/radioleinewelle.de\\\/\"},{\"@type\":\"ListItem\",\"position\":2,\"name\":\"Einbruch in G\u00f6ttinger Fachgesch\u00e4ft f\u00fcr K\u00e4sespezialit\u00e4ten\"}]},{\"@type\":\"WebSite\",\"@id\":\"https:\\\/\\\/radioleinewelle.de\\\/#website\",\"url\":\"https:\\\/\\\/radioleinewelle.de\\\/\",\"name\":\"Radio Leinewelle\",\"description\":\"\",\"publisher\":{\"@id\":\"https:\\\/\\\/radioleinewelle.de\\\/#organization\"},\"potentialAction\":[{\"@type\":\"SearchAction\",\"target\":{\"@type\":\"EntryPoint\",\"urlTemplate\":\"https:\\\/\\\/radioleinewelle.de\\\/?s={search_term_string}\"},\"query-input\":{\"@type\":\"PropertyValueSpecification\",\"valueRequired\":true,\"valueName\":\"search_term_string\"}}],\"inLanguage\":\"de\"},{\"@type\":\"Organization\",\"@id\":\"https:\\\/\\\/radioleinewelle.de\\\/#organization\",\"name\":\"Radio Leinewelle\",\"alternateName\":\"Mein Radio f\u00fcr S\u00fcdniedersachsen\",\"url\":\"https:\\\/\\\/radioleinewelle.de\\\/\",\"logo\":{\"@type\":\"ImageObject\",\"inLanguage\":\"de\",\"@id\":\"https:\\\/\\\/radioleinewelle.de\\\/#\\\/schema\\\/logo\\\/image\\\/\",\"url\":\"https:\\\/\\\/radioleinewelle.de\\\/wp-content\\\/uploads\\\/2023\\\/11\\\/cropped-Leinewelle_Logo_weiss.png\",\"contentUrl\":\"https:\\\/\\\/radioleinewelle.de\\\/wp-content\\\/uploads\\\/2023\\\/11\\\/cropped-Leinewelle_Logo_weiss.png\",\"width\":854,\"height\":260,\"caption\":\"Radio Leinewelle\"},\"image\":{\"@id\":\"https:\\\/\\\/radioleinewelle.de\\\/#\\\/schema\\\/logo\\\/image\\\/\"},\"sameAs\":[\"https:\\\/\\\/www.facebook.com\\\/radioleinewelle\",\"https:\\\/\\\/x.com\\\/RLeinewelle\",\"https:\\\/\\\/www.instagram.com\\\/radioleinewelle\\\/?hl=de\"]},{\"@type\":\"Person\",\"@id\":\"https:\\\/\\\/radioleinewelle.de\\\/#\\\/schema\\\/person\\\/45606f348637df637192dc1b68399a63\",\"name\":\"Leinewelle\",\"image\":{\"@type\":\"ImageObject\",\"inLanguage\":\"de\",\"@id\":\"https:\\\/\\\/secure.gravatar.com\\\/avatar\\\/05c9a17bc973052ee5d91549bd32fb4dd0dc85b7b85ae94b2e2b4943476bbea5?s=96&d=blank&r=g\",\"url\":\"https:\\\/\\\/secure.gravatar.com\\\/avatar\\\/05c9a17bc973052ee5d91549bd32fb4dd0dc85b7b85ae94b2e2b4943476bbea5?s=96&d=blank&r=g\",\"contentUrl\":\"https:\\\/\\\/secure.gravatar.com\\\/avatar\\\/05c9a17bc973052ee5d91549bd32fb4dd0dc85b7b85ae94b2e2b4943476bbea5?s=96&d=blank&r=g\",\"caption\":\"Leinewelle\"},\"sameAs\":[\"http:\\\/\\\/localhost\\\/radio%20leinewelle\\\/wordpress\",\"https:\\\/\\\/www.facebook.com\\\/radioleinewelle\",\"https:\\\/\\\/www.instagram.com\\\/radioleinewelle\",\"https:\\\/\\\/x.com\\\/https:\\\/\\\/twitter.com\\\/RLeinewelle?ref_src=twsrcgoogletwcampserptwgrauthor\",\"https:\\\/\\\/soundcloud.com\\\/foerderverein-lokalradio?utm_source=clipboard&utm_medium=text&utm_campaign=social_sharing\"],\"url\":\"https:\\\/\\\/radioleinewelle.de\\\/index.php\\\/author\\\/leinewelle\\\/\"}]}<\/script>\n<!-- \/ Yoast SEO plugin. -->","yoast_head_json":{"title":"Einbruch in G\u00f6ttinger Fachgesch\u00e4ft f\u00fcr K\u00e4sespezialit\u00e4ten - Radio Leinewelle","robots":{"index":"index","follow":"follow","max-snippet":"max-snippet:-1","max-image-preview":"max-image-preview:large","max-video-preview":"max-video-preview:-1"},"canonical":"https:\/\/radioleinewelle.de\/index.php\/2022\/01\/08\/einbruch-in-goettinger-fachgeschaeft-fuer-kaesespezialitaeten\/","og_locale":"de_DE","og_type":"article","og_title":"Einbruch in G\u00f6ttinger Fachgesch\u00e4ft f\u00fcr K\u00e4sespezialit\u00e4ten - Radio Leinewelle","og_description":"G\u00d6TTINGEN (jk) &#8211; Mit einem Gullideckel haben Unbekannte in der Nacht zum Freitag (07.01.22) die Glast\u00fcr eines Gesch\u00e4ftes f\u00fcr K\u00e4sespezialit\u00e4ten in der Kurzen Stra\u00dfe in G\u00f6ttingen eingeworfen. Anschie\u00dfend drangen die Einbrecher in die Verkaufsr\u00e4ume ein und stahlen Bargeld in noch unbekannter H\u00f6he. Die genaue Tatzeit ist bislang unklar. Anwohner oder sonstige Zeugen, die in der [&hellip;]","og_url":"https:\/\/radioleinewelle.de\/index.php\/2022\/01\/08\/einbruch-in-goettinger-fachgeschaeft-fuer-kaesespezialitaeten\/","og_site_name":"Radio Leinewelle","article_publisher":"https:\/\/www.facebook.com\/radioleinewelle","article_author":"https:\/\/www.facebook.com\/radioleinewelle","article_published_time":"2022-01-08T06:44:49+00:00","author":"Leinewelle","twitter_card":"summary_large_image","twitter_creator":"@https:\/\/twitter.com\/RLeinewelle?ref_src=twsrcgoogletwcampserptwgrauthor","twitter_site":"@RLeinewelle","twitter_misc":{"Verfasst von":"Leinewelle","Gesch\u00e4tzte Lesezeit":"1\u00a0Minute"},"schema":{"@context":"https:\/\/schema.org","@graph":[{"@type":"Article","@id":"https:\/\/radioleinewelle.de\/index.php\/2022\/01\/08\/einbruch-in-goettinger-fachgeschaeft-fuer-kaesespezialitaeten\/#article","isPartOf":{"@id":"https:\/\/radioleinewelle.de\/index.php\/2022\/01\/08\/einbruch-in-goettinger-fachgeschaeft-fuer-kaesespezialitaeten\/"},"author":{"name":"Leinewelle","@id":"https:\/\/radioleinewelle.de\/#\/schema\/person\/45606f348637df637192dc1b68399a63"},"headline":"Einbruch in G\u00f6ttinger Fachgesch\u00e4ft f\u00fcr K\u00e4sespezialit\u00e4ten","datePublished":"2022-01-08T06:44:49+00:00","mainEntityOfPage":{"@id":"https:\/\/radioleinewelle.de\/index.php\/2022\/01\/08\/einbruch-in-goettinger-fachgeschaeft-fuer-kaesespezialitaeten\/"},"wordCount":112,"publisher":{"@id":"https:\/\/radioleinewelle.de\/#organization"},"keywords":["Einbruch K\u00e4seladen G\u00f6ttingen"],"articleSection":["Aktuelle Nachrichten"],"inLanguage":"de"},{"@type":"WebPage","@id":"https:\/\/radioleinewelle.de\/index.php\/2022\/01\/08\/einbruch-in-goettinger-fachgeschaeft-fuer-kaesespezialitaeten\/","url":"https:\/\/radioleinewelle.de\/index.php\/2022\/01\/08\/einbruch-in-goettinger-fachgeschaeft-fuer-kaesespezialitaeten\/","name":"Einbruch in G\u00f6ttinger Fachgesch\u00e4ft f\u00fcr K\u00e4sespezialit\u00e4ten - Radio Leinewelle","isPartOf":{"@id":"https:\/\/radioleinewelle.de\/#website"},"datePublished":"2022-01-08T06:44:49+00:00","breadcrumb":{"@id":"https:\/\/radioleinewelle.de\/index.php\/2022\/01\/08\/einbruch-in-goettinger-fachgeschaeft-fuer-kaesespezialitaeten\/#breadcrumb"},"inLanguage":"de","potentialAction":[{"@type":"ReadAction","target":["https:\/\/radioleinewelle.de\/index.php\/2022\/01\/08\/einbruch-in-goettinger-fachgeschaeft-fuer-kaesespezialitaeten\/"]}]},{"@type":"BreadcrumbList","@id":"https:\/\/radioleinewelle.de\/index.php\/2022\/01\/08\/einbruch-in-goettinger-fachgeschaeft-fuer-kaesespezialitaeten\/#breadcrumb","itemListElement":[{"@type":"ListItem","position":1,"name":"Startseite","item":"https:\/\/radioleinewelle.de\/"},{"@type":"ListItem","position":2,"name":"Einbruch in G\u00f6ttinger Fachgesch\u00e4ft f\u00fcr K\u00e4sespezialit\u00e4ten"}]},{"@type":"WebSite","@id":"https:\/\/radioleinewelle.de\/#website","url":"https:\/\/radioleinewelle.de\/","name":"Radio Leinewelle","description":"","publisher":{"@id":"https:\/\/radioleinewelle.de\/#organization"},"potentialAction":[{"@type":"SearchAction","target":{"@type":"EntryPoint","urlTemplate":"https:\/\/radioleinewelle.de\/?s={search_term_string}"},"query-input":{"@type":"PropertyValueSpecification","valueRequired":true,"valueName":"search_term_string"}}],"inLanguage":"de"},{"@type":"Organization","@id":"https:\/\/radioleinewelle.de\/#organization","name":"Radio Leinewelle","alternateName":"Mein Radio f\u00fcr S\u00fcdniedersachsen","url":"https:\/\/radioleinewelle.de\/","logo":{"@type":"ImageObject","inLanguage":"de","@id":"https:\/\/radioleinewelle.de\/#\/schema\/logo\/image\/","url":"https:\/\/radioleinewelle.de\/wp-content\/uploads\/2023\/11\/cropped-Leinewelle_Logo_weiss.png","contentUrl":"https:\/\/radioleinewelle.de\/wp-content\/uploads\/2023\/11\/cropped-Leinewelle_Logo_weiss.png","width":854,"height":260,"caption":"Radio Leinewelle"},"image":{"@id":"https:\/\/radioleinewelle.de\/#\/schema\/logo\/image\/"},"sameAs":["https:\/\/www.facebook.com\/radioleinewelle","https:\/\/x.com\/RLeinewelle","https:\/\/www.instagram.com\/radioleinewelle\/?hl=de"]},{"@type":"Person","@id":"https:\/\/radioleinewelle.de\/#\/schema\/person\/45606f348637df637192dc1b68399a63","name":"Leinewelle","image":{"@type":"ImageObject","inLanguage":"de","@id":"https:\/\/secure.gravatar.com\/avatar\/05c9a17bc973052ee5d91549bd32fb4dd0dc85b7b85ae94b2e2b4943476bbea5?s=96&d=blank&r=g","url":"https:\/\/secure.gravatar.com\/avatar\/05c9a17bc973052ee5d91549bd32fb4dd0dc85b7b85ae94b2e2b4943476bbea5?s=96&d=blank&r=g","contentUrl":"https:\/\/secure.gravatar.com\/avatar\/05c9a17bc973052ee5d91549bd32fb4dd0dc85b7b85ae94b2e2b4943476bbea5?s=96&d=blank&r=g","caption":"Leinewelle"},"sameAs":["http:\/\/localhost\/radio%20leinewelle\/wordpress","https:\/\/www.facebook.com\/radioleinewelle","https:\/\/www.instagram.com\/radioleinewelle","https:\/\/x.com\/https:\/\/twitter.com\/RLeinewelle?ref_src=twsrcgoogletwcampserptwgrauthor","https:\/\/soundcloud.com\/foerderverein-lokalradio?utm_source=clipboard&utm_medium=text&utm_campaign=social_sharing"],"url":"https:\/\/radioleinewelle.de\/index.php\/author\/leinewelle\/"}]}},"_links":{"self":[{"href":"https:\/\/radioleinewelle.de\/index.php\/wp-json\/wp\/v2\/posts\/12371","targetHints":{"allow":["GET"]}}],"collection":[{"href":"https:\/\/radioleinewelle.de\/index.php\/wp-json\/wp\/v2\/posts"}],"about":[{"href":"https:\/\/radioleinewelle.de\/index.php\/wp-json\/wp\/v2\/types\/post"}],"author":[{"embeddable":true,"href":"https:\/\/radioleinewelle.de\/index.php\/wp-json\/wp\/v2\/users\/1"}],"replies":[{"embeddable":true,"href":"https:\/\/radioleinewelle.de\/index.php\/wp-json\/wp\/v2\/comments?post=12371"}],"version-history":[{"count":0,"href":"https:\/\/radioleinewelle.de\/index.php\/wp-json\/wp\/v2\/posts\/12371\/revisions"}],"wp:attachment":[{"href":"https:\/\/radioleinewelle.de\/index.php\/wp-json\/wp\/v2\/media?parent=12371"}],"wp:term":[{"taxonomy":"category","embeddable":true,"href":"https:\/\/radioleinewelle.de\/index.php\/wp-json\/wp\/v2\/categories?post=12371"},{"taxonomy":"post_tag","embeddable":true,"href":"https:\/\/radioleinewelle.de\/index.php\/wp-json\/wp\/v2\/tags?post=12371"}],"curies":[{"name":"wp","href":"https:\/\/api.w.org\/{rel}","templated":true}]}}