{"id":12374,"date":"2022-01-09T07:48:00","date_gmt":"2022-01-09T06:48:00","guid":{"rendered":"https:\/\/radioleinewelle.de\/?p=12374"},"modified":"2022-01-09T07:48:00","modified_gmt":"2022-01-09T06:48:00","slug":"bad-sachsa-aufzug-von-corona-massnahmengegnern-mit-gegenprotest-verlaeuft-ohne-zwischenfaelle","status":"publish","type":"post","link":"https:\/\/radioleinewelle.de\/index.php\/2022\/01\/09\/bad-sachsa-aufzug-von-corona-massnahmengegnern-mit-gegenprotest-verlaeuft-ohne-zwischenfaelle\/","title":{"rendered":"G\u00f6ttingen: Aufzug von Corona-Ma\u00dfnahmengegnern mit Gegenprotest verl\u00e4uft ohne Zwischenf\u00e4lle"},"content":{"rendered":"\n<p>G\u00d6TTINGEN (jk) &#8211; Eine Kundgebung von Gegnern der aktuellen Corona-Ma\u00dfnahmen und eine damit einhergehende Gegendemonstration sind am Samstag (08.01.22) in der G\u00f6ttinger Innenstadt friedlich und ohne nennenswerte Zwischenf\u00e4lle verlaufen. Lediglich in einem Fall kam es zu verbalen Auseinandersetzungen zwischen einem Corona-Protestler und Teilnehmenden der Gegenkundgebung.<\/p>\n\n\n\n<p>Beide versammlungsrechtlichen Aktionen waren nicht bei der Versammlungsbeh\u00f6rde angezeigt.<\/p>\n\n\n\n<p>Der kleinen Gruppe von Corona-Kritikern stand nach polizeilicher Sch\u00e4tzung auf dem Markt eine aus etwa 100 Menschen bestehende Gegenkundgebung gegen\u00fcber.<\/p>\n\n\n\n<p>Die Einsatzleitung der Polizei wies die Teilnehmenden beider versammlungsrechtlicher Aktionen zu Beginn und danach wiederkehrend auf die Einhaltung des Abstandsgebotes und der Maskenpflicht hin. Verst\u00f6\u00dfe gegen die ausgesprochenen Beschr\u00e4nkungen wurden in der Folge nicht festgestellt.<\/p>\n\n\n\n<p>Beide Kundgebungen endeten gegen 18.00 Uhr.<\/p>\n","protected":false},"excerpt":{"rendered":"<p>G\u00d6TTINGEN (jk) &#8211; Eine Kundgebung von Gegnern der aktuellen Corona-Ma\u00dfnahmen und eine damit einhergehende Gegendemonstration sind am Samstag (08.01.22) in der G\u00f6ttinger Innenstadt friedlich und ohne nennenswerte Zwischenf\u00e4lle verlaufen. Lediglich in einem Fall kam es zu verbalen Auseinandersetzungen zwischen einem Corona-Protestler und Teilnehmenden der Gegenkundgebung. Beide versammlungsrechtlichen Aktionen waren nicht bei der Versammlungsbeh\u00f6rde angezeigt. Der [&hellip;]<\/p>\n","protected":false},"author":1,"featured_media":0,"comment_status":"closed","ping_status":"closed","sticky":false,"template":"","format":"standard","meta":{"saved_in_kubio":false,"footnotes":""},"categories":[24,23],"tags":[2758],"class_list":["post-12374","post","type-post","status-publish","format-standard","hentry","category-news","category-corona","tag-corona-gegner-goettingen"],"yoast_head":"<!-- This site is optimized with the Yoast SEO plugin v27.5 - https:\/\/yoast.com\/product\/yoast-seo-wordpress\/ -->\n<title>G\u00f6ttingen: Aufzug von Corona-Ma\u00dfnahmengegnern mit Gegenprotest verl\u00e4uft ohne Zwischenf\u00e4lle - Radio Leinewelle<\/title>\n<meta name=\"robots\" content=\"index, follow, max-snippet:-1, max-image-preview:large, max-video-preview:-1\" \/>\n<link rel=\"canonical\" href=\"https:\/\/radioleinewelle.de\/index.php\/2022\/01\/09\/bad-sachsa-aufzug-von-corona-massnahmengegnern-mit-gegenprotest-verlaeuft-ohne-zwischenfaelle\/\" \/>\n<meta property=\"og:locale\" content=\"de_DE\" \/>\n<meta property=\"og:type\" content=\"article\" \/>\n<meta property=\"og:title\" content=\"G\u00f6ttingen: Aufzug von Corona-Ma\u00dfnahmengegnern mit Gegenprotest verl\u00e4uft ohne Zwischenf\u00e4lle - Radio Leinewelle\" \/>\n<meta property=\"og:description\" content=\"G\u00d6TTINGEN (jk) &#8211; Eine Kundgebung von Gegnern der aktuellen Corona-Ma\u00dfnahmen und eine damit einhergehende Gegendemonstration sind am Samstag (08.01.22) in der G\u00f6ttinger Innenstadt friedlich und ohne nennenswerte Zwischenf\u00e4lle verlaufen. Lediglich in einem Fall kam es zu verbalen Auseinandersetzungen zwischen einem Corona-Protestler und Teilnehmenden der Gegenkundgebung. Beide versammlungsrechtlichen Aktionen waren nicht bei der Versammlungsbeh\u00f6rde angezeigt. Der [&hellip;]\" \/>\n<meta property=\"og:url\" content=\"https:\/\/radioleinewelle.de\/index.php\/2022\/01\/09\/bad-sachsa-aufzug-von-corona-massnahmengegnern-mit-gegenprotest-verlaeuft-ohne-zwischenfaelle\/\" \/>\n<meta property=\"og:site_name\" content=\"Radio Leinewelle\" \/>\n<meta property=\"article:publisher\" content=\"https:\/\/www.facebook.com\/radioleinewelle\" \/>\n<meta property=\"article:author\" content=\"https:\/\/www.facebook.com\/radioleinewelle\" \/>\n<meta property=\"article:published_time\" content=\"2022-01-09T06:48:00+00:00\" \/>\n<meta name=\"author\" content=\"Leinewelle\" \/>\n<meta name=\"twitter:card\" content=\"summary_large_image\" \/>\n<meta name=\"twitter:creator\" content=\"@https:\/\/twitter.com\/RLeinewelle?ref_src=twsrcgoogletwcampserptwgrauthor\" \/>\n<meta name=\"twitter:site\" content=\"@RLeinewelle\" \/>\n<meta name=\"twitter:label1\" content=\"Verfasst von\" \/>\n\t<meta name=\"twitter:data1\" content=\"Leinewelle\" \/>\n\t<meta name=\"twitter:label2\" content=\"Gesch\u00e4tzte Lesezeit\" \/>\n\t<meta name=\"twitter:data2\" content=\"1\u00a0Minute\" \/>\n<script type=\"application\/ld+json\" class=\"yoast-schema-graph\">{\"@context\":\"https:\\\/\\\/schema.org\",\"@graph\":[{\"@type\":\"Article\",\"@id\":\"https:\\\/\\\/radioleinewelle.de\\\/index.php\\\/2022\\\/01\\\/09\\\/bad-sachsa-aufzug-von-corona-massnahmengegnern-mit-gegenprotest-verlaeuft-ohne-zwischenfaelle\\\/#article\",\"isPartOf\":{\"@id\":\"https:\\\/\\\/radioleinewelle.de\\\/index.php\\\/2022\\\/01\\\/09\\\/bad-sachsa-aufzug-von-corona-massnahmengegnern-mit-gegenprotest-verlaeuft-ohne-zwischenfaelle\\\/\"},\"author\":{\"name\":\"Leinewelle\",\"@id\":\"https:\\\/\\\/radioleinewelle.de\\\/#\\\/schema\\\/person\\\/45606f348637df637192dc1b68399a63\"},\"headline\":\"G\u00f6ttingen: Aufzug von Corona-Ma\u00dfnahmengegnern mit Gegenprotest verl\u00e4uft ohne Zwischenf\u00e4lle\",\"datePublished\":\"2022-01-09T06:48:00+00:00\",\"mainEntityOfPage\":{\"@id\":\"https:\\\/\\\/radioleinewelle.de\\\/index.php\\\/2022\\\/01\\\/09\\\/bad-sachsa-aufzug-von-corona-massnahmengegnern-mit-gegenprotest-verlaeuft-ohne-zwischenfaelle\\\/\"},\"wordCount\":134,\"publisher\":{\"@id\":\"https:\\\/\\\/radioleinewelle.de\\\/#organization\"},\"keywords\":[\"Corona Gegner G\u00f6ttingen\"],\"articleSection\":[\"Aktuelle Nachrichten\",\"Corona\"],\"inLanguage\":\"de\"},{\"@type\":\"WebPage\",\"@id\":\"https:\\\/\\\/radioleinewelle.de\\\/index.php\\\/2022\\\/01\\\/09\\\/bad-sachsa-aufzug-von-corona-massnahmengegnern-mit-gegenprotest-verlaeuft-ohne-zwischenfaelle\\\/\",\"url\":\"https:\\\/\\\/radioleinewelle.de\\\/index.php\\\/2022\\\/01\\\/09\\\/bad-sachsa-aufzug-von-corona-massnahmengegnern-mit-gegenprotest-verlaeuft-ohne-zwischenfaelle\\\/\",\"name\":\"G\u00f6ttingen: Aufzug von Corona-Ma\u00dfnahmengegnern mit Gegenprotest verl\u00e4uft ohne Zwischenf\u00e4lle - Radio Leinewelle\",\"isPartOf\":{\"@id\":\"https:\\\/\\\/radioleinewelle.de\\\/#website\"},\"datePublished\":\"2022-01-09T06:48:00+00:00\",\"breadcrumb\":{\"@id\":\"https:\\\/\\\/radioleinewelle.de\\\/index.php\\\/2022\\\/01\\\/09\\\/bad-sachsa-aufzug-von-corona-massnahmengegnern-mit-gegenprotest-verlaeuft-ohne-zwischenfaelle\\\/#breadcrumb\"},\"inLanguage\":\"de\",\"potentialAction\":[{\"@type\":\"ReadAction\",\"target\":[\"https:\\\/\\\/radioleinewelle.de\\\/index.php\\\/2022\\\/01\\\/09\\\/bad-sachsa-aufzug-von-corona-massnahmengegnern-mit-gegenprotest-verlaeuft-ohne-zwischenfaelle\\\/\"]}]},{\"@type\":\"BreadcrumbList\",\"@id\":\"https:\\\/\\\/radioleinewelle.de\\\/index.php\\\/2022\\\/01\\\/09\\\/bad-sachsa-aufzug-von-corona-massnahmengegnern-mit-gegenprotest-verlaeuft-ohne-zwischenfaelle\\\/#breadcrumb\",\"itemListElement\":[{\"@type\":\"ListItem\",\"position\":1,\"name\":\"Startseite\",\"item\":\"https:\\\/\\\/radioleinewelle.de\\\/\"},{\"@type\":\"ListItem\",\"position\":2,\"name\":\"G\u00f6ttingen: Aufzug von Corona-Ma\u00dfnahmengegnern mit Gegenprotest verl\u00e4uft ohne Zwischenf\u00e4lle\"}]},{\"@type\":\"WebSite\",\"@id\":\"https:\\\/\\\/radioleinewelle.de\\\/#website\",\"url\":\"https:\\\/\\\/radioleinewelle.de\\\/\",\"name\":\"Radio Leinewelle\",\"description\":\"\",\"publisher\":{\"@id\":\"https:\\\/\\\/radioleinewelle.de\\\/#organization\"},\"potentialAction\":[{\"@type\":\"SearchAction\",\"target\":{\"@type\":\"EntryPoint\",\"urlTemplate\":\"https:\\\/\\\/radioleinewelle.de\\\/?s={search_term_string}\"},\"query-input\":{\"@type\":\"PropertyValueSpecification\",\"valueRequired\":true,\"valueName\":\"search_term_string\"}}],\"inLanguage\":\"de\"},{\"@type\":\"Organization\",\"@id\":\"https:\\\/\\\/radioleinewelle.de\\\/#organization\",\"name\":\"Radio Leinewelle\",\"alternateName\":\"Mein Radio f\u00fcr S\u00fcdniedersachsen\",\"url\":\"https:\\\/\\\/radioleinewelle.de\\\/\",\"logo\":{\"@type\":\"ImageObject\",\"inLanguage\":\"de\",\"@id\":\"https:\\\/\\\/radioleinewelle.de\\\/#\\\/schema\\\/logo\\\/image\\\/\",\"url\":\"https:\\\/\\\/radioleinewelle.de\\\/wp-content\\\/uploads\\\/2023\\\/11\\\/cropped-Leinewelle_Logo_weiss.png\",\"contentUrl\":\"https:\\\/\\\/radioleinewelle.de\\\/wp-content\\\/uploads\\\/2023\\\/11\\\/cropped-Leinewelle_Logo_weiss.png\",\"width\":854,\"height\":260,\"caption\":\"Radio Leinewelle\"},\"image\":{\"@id\":\"https:\\\/\\\/radioleinewelle.de\\\/#\\\/schema\\\/logo\\\/image\\\/\"},\"sameAs\":[\"https:\\\/\\\/www.facebook.com\\\/radioleinewelle\",\"https:\\\/\\\/x.com\\\/RLeinewelle\",\"https:\\\/\\\/www.instagram.com\\\/radioleinewelle\\\/?hl=de\"]},{\"@type\":\"Person\",\"@id\":\"https:\\\/\\\/radioleinewelle.de\\\/#\\\/schema\\\/person\\\/45606f348637df637192dc1b68399a63\",\"name\":\"Leinewelle\",\"image\":{\"@type\":\"ImageObject\",\"inLanguage\":\"de\",\"@id\":\"https:\\\/\\\/secure.gravatar.com\\\/avatar\\\/05c9a17bc973052ee5d91549bd32fb4dd0dc85b7b85ae94b2e2b4943476bbea5?s=96&d=blank&r=g\",\"url\":\"https:\\\/\\\/secure.gravatar.com\\\/avatar\\\/05c9a17bc973052ee5d91549bd32fb4dd0dc85b7b85ae94b2e2b4943476bbea5?s=96&d=blank&r=g\",\"contentUrl\":\"https:\\\/\\\/secure.gravatar.com\\\/avatar\\\/05c9a17bc973052ee5d91549bd32fb4dd0dc85b7b85ae94b2e2b4943476bbea5?s=96&d=blank&r=g\",\"caption\":\"Leinewelle\"},\"sameAs\":[\"http:\\\/\\\/localhost\\\/radio%20leinewelle\\\/wordpress\",\"https:\\\/\\\/www.facebook.com\\\/radioleinewelle\",\"https:\\\/\\\/www.instagram.com\\\/radioleinewelle\",\"https:\\\/\\\/x.com\\\/https:\\\/\\\/twitter.com\\\/RLeinewelle?ref_src=twsrcgoogletwcampserptwgrauthor\",\"https:\\\/\\\/soundcloud.com\\\/foerderverein-lokalradio?utm_source=clipboard&utm_medium=text&utm_campaign=social_sharing\"],\"url\":\"https:\\\/\\\/radioleinewelle.de\\\/index.php\\\/author\\\/leinewelle\\\/\"}]}<\/script>\n<!-- \/ Yoast SEO plugin. -->","yoast_head_json":{"title":"G\u00f6ttingen: Aufzug von Corona-Ma\u00dfnahmengegnern mit Gegenprotest verl\u00e4uft ohne Zwischenf\u00e4lle - Radio Leinewelle","robots":{"index":"index","follow":"follow","max-snippet":"max-snippet:-1","max-image-preview":"max-image-preview:large","max-video-preview":"max-video-preview:-1"},"canonical":"https:\/\/radioleinewelle.de\/index.php\/2022\/01\/09\/bad-sachsa-aufzug-von-corona-massnahmengegnern-mit-gegenprotest-verlaeuft-ohne-zwischenfaelle\/","og_locale":"de_DE","og_type":"article","og_title":"G\u00f6ttingen: Aufzug von Corona-Ma\u00dfnahmengegnern mit Gegenprotest verl\u00e4uft ohne Zwischenf\u00e4lle - Radio Leinewelle","og_description":"G\u00d6TTINGEN (jk) &#8211; Eine Kundgebung von Gegnern der aktuellen Corona-Ma\u00dfnahmen und eine damit einhergehende Gegendemonstration sind am Samstag (08.01.22) in der G\u00f6ttinger Innenstadt friedlich und ohne nennenswerte Zwischenf\u00e4lle verlaufen. Lediglich in einem Fall kam es zu verbalen Auseinandersetzungen zwischen einem Corona-Protestler und Teilnehmenden der Gegenkundgebung. Beide versammlungsrechtlichen Aktionen waren nicht bei der Versammlungsbeh\u00f6rde angezeigt. Der [&hellip;]","og_url":"https:\/\/radioleinewelle.de\/index.php\/2022\/01\/09\/bad-sachsa-aufzug-von-corona-massnahmengegnern-mit-gegenprotest-verlaeuft-ohne-zwischenfaelle\/","og_site_name":"Radio Leinewelle","article_publisher":"https:\/\/www.facebook.com\/radioleinewelle","article_author":"https:\/\/www.facebook.com\/radioleinewelle","article_published_time":"2022-01-09T06:48:00+00:00","author":"Leinewelle","twitter_card":"summary_large_image","twitter_creator":"@https:\/\/twitter.com\/RLeinewelle?ref_src=twsrcgoogletwcampserptwgrauthor","twitter_site":"@RLeinewelle","twitter_misc":{"Verfasst von":"Leinewelle","Gesch\u00e4tzte Lesezeit":"1\u00a0Minute"},"schema":{"@context":"https:\/\/schema.org","@graph":[{"@type":"Article","@id":"https:\/\/radioleinewelle.de\/index.php\/2022\/01\/09\/bad-sachsa-aufzug-von-corona-massnahmengegnern-mit-gegenprotest-verlaeuft-ohne-zwischenfaelle\/#article","isPartOf":{"@id":"https:\/\/radioleinewelle.de\/index.php\/2022\/01\/09\/bad-sachsa-aufzug-von-corona-massnahmengegnern-mit-gegenprotest-verlaeuft-ohne-zwischenfaelle\/"},"author":{"name":"Leinewelle","@id":"https:\/\/radioleinewelle.de\/#\/schema\/person\/45606f348637df637192dc1b68399a63"},"headline":"G\u00f6ttingen: Aufzug von Corona-Ma\u00dfnahmengegnern mit Gegenprotest verl\u00e4uft ohne Zwischenf\u00e4lle","datePublished":"2022-01-09T06:48:00+00:00","mainEntityOfPage":{"@id":"https:\/\/radioleinewelle.de\/index.php\/2022\/01\/09\/bad-sachsa-aufzug-von-corona-massnahmengegnern-mit-gegenprotest-verlaeuft-ohne-zwischenfaelle\/"},"wordCount":134,"publisher":{"@id":"https:\/\/radioleinewelle.de\/#organization"},"keywords":["Corona Gegner G\u00f6ttingen"],"articleSection":["Aktuelle Nachrichten","Corona"],"inLanguage":"de"},{"@type":"WebPage","@id":"https:\/\/radioleinewelle.de\/index.php\/2022\/01\/09\/bad-sachsa-aufzug-von-corona-massnahmengegnern-mit-gegenprotest-verlaeuft-ohne-zwischenfaelle\/","url":"https:\/\/radioleinewelle.de\/index.php\/2022\/01\/09\/bad-sachsa-aufzug-von-corona-massnahmengegnern-mit-gegenprotest-verlaeuft-ohne-zwischenfaelle\/","name":"G\u00f6ttingen: Aufzug von Corona-Ma\u00dfnahmengegnern mit Gegenprotest verl\u00e4uft ohne Zwischenf\u00e4lle - Radio Leinewelle","isPartOf":{"@id":"https:\/\/radioleinewelle.de\/#website"},"datePublished":"2022-01-09T06:48:00+00:00","breadcrumb":{"@id":"https:\/\/radioleinewelle.de\/index.php\/2022\/01\/09\/bad-sachsa-aufzug-von-corona-massnahmengegnern-mit-gegenprotest-verlaeuft-ohne-zwischenfaelle\/#breadcrumb"},"inLanguage":"de","potentialAction":[{"@type":"ReadAction","target":["https:\/\/radioleinewelle.de\/index.php\/2022\/01\/09\/bad-sachsa-aufzug-von-corona-massnahmengegnern-mit-gegenprotest-verlaeuft-ohne-zwischenfaelle\/"]}]},{"@type":"BreadcrumbList","@id":"https:\/\/radioleinewelle.de\/index.php\/2022\/01\/09\/bad-sachsa-aufzug-von-corona-massnahmengegnern-mit-gegenprotest-verlaeuft-ohne-zwischenfaelle\/#breadcrumb","itemListElement":[{"@type":"ListItem","position":1,"name":"Startseite","item":"https:\/\/radioleinewelle.de\/"},{"@type":"ListItem","position":2,"name":"G\u00f6ttingen: Aufzug von Corona-Ma\u00dfnahmengegnern mit Gegenprotest verl\u00e4uft ohne Zwischenf\u00e4lle"}]},{"@type":"WebSite","@id":"https:\/\/radioleinewelle.de\/#website","url":"https:\/\/radioleinewelle.de\/","name":"Radio Leinewelle","description":"","publisher":{"@id":"https:\/\/radioleinewelle.de\/#organization"},"potentialAction":[{"@type":"SearchAction","target":{"@type":"EntryPoint","urlTemplate":"https:\/\/radioleinewelle.de\/?s={search_term_string}"},"query-input":{"@type":"PropertyValueSpecification","valueRequired":true,"valueName":"search_term_string"}}],"inLanguage":"de"},{"@type":"Organization","@id":"https:\/\/radioleinewelle.de\/#organization","name":"Radio Leinewelle","alternateName":"Mein Radio f\u00fcr S\u00fcdniedersachsen","url":"https:\/\/radioleinewelle.de\/","logo":{"@type":"ImageObject","inLanguage":"de","@id":"https:\/\/radioleinewelle.de\/#\/schema\/logo\/image\/","url":"https:\/\/radioleinewelle.de\/wp-content\/uploads\/2023\/11\/cropped-Leinewelle_Logo_weiss.png","contentUrl":"https:\/\/radioleinewelle.de\/wp-content\/uploads\/2023\/11\/cropped-Leinewelle_Logo_weiss.png","width":854,"height":260,"caption":"Radio Leinewelle"},"image":{"@id":"https:\/\/radioleinewelle.de\/#\/schema\/logo\/image\/"},"sameAs":["https:\/\/www.facebook.com\/radioleinewelle","https:\/\/x.com\/RLeinewelle","https:\/\/www.instagram.com\/radioleinewelle\/?hl=de"]},{"@type":"Person","@id":"https:\/\/radioleinewelle.de\/#\/schema\/person\/45606f348637df637192dc1b68399a63","name":"Leinewelle","image":{"@type":"ImageObject","inLanguage":"de","@id":"https:\/\/secure.gravatar.com\/avatar\/05c9a17bc973052ee5d91549bd32fb4dd0dc85b7b85ae94b2e2b4943476bbea5?s=96&d=blank&r=g","url":"https:\/\/secure.gravatar.com\/avatar\/05c9a17bc973052ee5d91549bd32fb4dd0dc85b7b85ae94b2e2b4943476bbea5?s=96&d=blank&r=g","contentUrl":"https:\/\/secure.gravatar.com\/avatar\/05c9a17bc973052ee5d91549bd32fb4dd0dc85b7b85ae94b2e2b4943476bbea5?s=96&d=blank&r=g","caption":"Leinewelle"},"sameAs":["http:\/\/localhost\/radio%20leinewelle\/wordpress","https:\/\/www.facebook.com\/radioleinewelle","https:\/\/www.instagram.com\/radioleinewelle","https:\/\/x.com\/https:\/\/twitter.com\/RLeinewelle?ref_src=twsrcgoogletwcampserptwgrauthor","https:\/\/soundcloud.com\/foerderverein-lokalradio?utm_source=clipboard&utm_medium=text&utm_campaign=social_sharing"],"url":"https:\/\/radioleinewelle.de\/index.php\/author\/leinewelle\/"}]}},"_links":{"self":[{"href":"https:\/\/radioleinewelle.de\/index.php\/wp-json\/wp\/v2\/posts\/12374","targetHints":{"allow":["GET"]}}],"collection":[{"href":"https:\/\/radioleinewelle.de\/index.php\/wp-json\/wp\/v2\/posts"}],"about":[{"href":"https:\/\/radioleinewelle.de\/index.php\/wp-json\/wp\/v2\/types\/post"}],"author":[{"embeddable":true,"href":"https:\/\/radioleinewelle.de\/index.php\/wp-json\/wp\/v2\/users\/1"}],"replies":[{"embeddable":true,"href":"https:\/\/radioleinewelle.de\/index.php\/wp-json\/wp\/v2\/comments?post=12374"}],"version-history":[{"count":0,"href":"https:\/\/radioleinewelle.de\/index.php\/wp-json\/wp\/v2\/posts\/12374\/revisions"}],"wp:attachment":[{"href":"https:\/\/radioleinewelle.de\/index.php\/wp-json\/wp\/v2\/media?parent=12374"}],"wp:term":[{"taxonomy":"category","embeddable":true,"href":"https:\/\/radioleinewelle.de\/index.php\/wp-json\/wp\/v2\/categories?post=12374"},{"taxonomy":"post_tag","embeddable":true,"href":"https:\/\/radioleinewelle.de\/index.php\/wp-json\/wp\/v2\/tags?post=12374"}],"curies":[{"name":"wp","href":"https:\/\/api.w.org\/{rel}","templated":true}]}}