{"id":12390,"date":"2022-01-10T10:37:25","date_gmt":"2022-01-10T09:37:25","guid":{"rendered":"https:\/\/radioleinewelle.de\/?p=12390"},"modified":"2022-01-10T10:37:25","modified_gmt":"2022-01-10T09:37:25","slug":"bremsschlaeuche-an-geparktem-wagen-beschaedigt-polizei-hann-muenden-sucht-zeugen","status":"publish","type":"post","link":"https:\/\/radioleinewelle.de\/index.php\/2022\/01\/10\/bremsschlaeuche-an-geparktem-wagen-beschaedigt-polizei-hann-muenden-sucht-zeugen\/","title":{"rendered":"Bremsschl\u00e4uche an geparktem Wagen besch\u00e4digt &#8211; Polizei Hann. M\u00fcnden sucht Zeugen"},"content":{"rendered":"\n<p>HANN. M\u00dcNDEN (jk) &#8211; In Hann. M\u00fcnden (Landkreis G\u00f6ttingen) haben Unbekannte in der letzten Dezemberwoche (27. bis 30.12.21) die Bremsschl\u00e4uche eines geparkten Mercedes GLK offenbar mutwillig besch\u00e4digt. Der wei\u00dfe SUV stand am Ende der Pionierstra\u00dfe auf dem ehemaligen Parkplatz oberhalb des alten Krankenhauses.<\/p>\n\n\n\n<p>Eine Besch\u00e4digung durch Tiere wird nach Begutachtung durch eine Fachwerkstatt ausgeschlossen. Der Schaden betr\u00e4gt etwa 500 Euro. Das Motiv der Tat ist unklar. Die Polizei Hann. M\u00fcnden ermittelt.<\/p>\n\n\n\n<p>Zeugen, die innerhalb des genannten Zeitraumes verd\u00e4chtige Personen in der N\u00e4he des Wagens beobachtet haben, werden gebeten, sich unter Telefon 05541\/9510 beim Polizeikommissariat Hann. M\u00fcnden zu melden.<\/p>\n","protected":false},"excerpt":{"rendered":"<p>HANN. M\u00dcNDEN (jk) &#8211; In Hann. M\u00fcnden (Landkreis G\u00f6ttingen) haben Unbekannte in der letzten Dezemberwoche (27. bis 30.12.21) die Bremsschl\u00e4uche eines geparkten Mercedes GLK offenbar mutwillig besch\u00e4digt. Der wei\u00dfe SUV stand am Ende der Pionierstra\u00dfe auf dem ehemaligen Parkplatz oberhalb des alten Krankenhauses. Eine Besch\u00e4digung durch Tiere wird nach Begutachtung durch eine Fachwerkstatt ausgeschlossen. Der [&hellip;]<\/p>\n","protected":false},"author":1,"featured_media":0,"comment_status":"closed","ping_status":"closed","sticky":false,"template":"","format":"standard","meta":{"saved_in_kubio":false,"footnotes":""},"categories":[24],"tags":[2763,1191],"class_list":["post-12390","post","type-post","status-publish","format-standard","hentry","category-news","tag-beschaedigung-bremsschlaeuche","tag-polizei-hann-muenden"],"yoast_head":"<!-- This site is optimized with the Yoast SEO plugin v27.5 - https:\/\/yoast.com\/product\/yoast-seo-wordpress\/ -->\n<title>Bremsschl\u00e4uche an geparktem Wagen besch\u00e4digt - Polizei Hann. M\u00fcnden sucht Zeugen - Radio Leinewelle<\/title>\n<meta name=\"robots\" content=\"index, follow, max-snippet:-1, max-image-preview:large, max-video-preview:-1\" \/>\n<link rel=\"canonical\" href=\"https:\/\/radioleinewelle.de\/index.php\/2022\/01\/10\/bremsschlaeuche-an-geparktem-wagen-beschaedigt-polizei-hann-muenden-sucht-zeugen\/\" \/>\n<meta property=\"og:locale\" content=\"de_DE\" \/>\n<meta property=\"og:type\" content=\"article\" \/>\n<meta property=\"og:title\" content=\"Bremsschl\u00e4uche an geparktem Wagen besch\u00e4digt - Polizei Hann. M\u00fcnden sucht Zeugen - Radio Leinewelle\" \/>\n<meta property=\"og:description\" content=\"HANN. M\u00dcNDEN (jk) &#8211; In Hann. M\u00fcnden (Landkreis G\u00f6ttingen) haben Unbekannte in der letzten Dezemberwoche (27. bis 30.12.21) die Bremsschl\u00e4uche eines geparkten Mercedes GLK offenbar mutwillig besch\u00e4digt. Der wei\u00dfe SUV stand am Ende der Pionierstra\u00dfe auf dem ehemaligen Parkplatz oberhalb des alten Krankenhauses. Eine Besch\u00e4digung durch Tiere wird nach Begutachtung durch eine Fachwerkstatt ausgeschlossen. Der [&hellip;]\" \/>\n<meta property=\"og:url\" content=\"https:\/\/radioleinewelle.de\/index.php\/2022\/01\/10\/bremsschlaeuche-an-geparktem-wagen-beschaedigt-polizei-hann-muenden-sucht-zeugen\/\" \/>\n<meta property=\"og:site_name\" content=\"Radio Leinewelle\" \/>\n<meta property=\"article:publisher\" content=\"https:\/\/www.facebook.com\/radioleinewelle\" \/>\n<meta property=\"article:author\" content=\"https:\/\/www.facebook.com\/radioleinewelle\" \/>\n<meta property=\"article:published_time\" content=\"2022-01-10T09:37:25+00:00\" \/>\n<meta name=\"author\" content=\"Leinewelle\" \/>\n<meta name=\"twitter:card\" content=\"summary_large_image\" \/>\n<meta name=\"twitter:creator\" content=\"@https:\/\/twitter.com\/RLeinewelle?ref_src=twsrcgoogletwcampserptwgrauthor\" \/>\n<meta name=\"twitter:site\" content=\"@RLeinewelle\" \/>\n<meta name=\"twitter:label1\" content=\"Verfasst von\" \/>\n\t<meta name=\"twitter:data1\" content=\"Leinewelle\" \/>\n\t<meta name=\"twitter:label2\" content=\"Gesch\u00e4tzte Lesezeit\" \/>\n\t<meta name=\"twitter:data2\" content=\"1\u00a0Minute\" \/>\n<script type=\"application\/ld+json\" class=\"yoast-schema-graph\">{\"@context\":\"https:\\\/\\\/schema.org\",\"@graph\":[{\"@type\":\"Article\",\"@id\":\"https:\\\/\\\/radioleinewelle.de\\\/index.php\\\/2022\\\/01\\\/10\\\/bremsschlaeuche-an-geparktem-wagen-beschaedigt-polizei-hann-muenden-sucht-zeugen\\\/#article\",\"isPartOf\":{\"@id\":\"https:\\\/\\\/radioleinewelle.de\\\/index.php\\\/2022\\\/01\\\/10\\\/bremsschlaeuche-an-geparktem-wagen-beschaedigt-polizei-hann-muenden-sucht-zeugen\\\/\"},\"author\":{\"name\":\"Leinewelle\",\"@id\":\"https:\\\/\\\/radioleinewelle.de\\\/#\\\/schema\\\/person\\\/45606f348637df637192dc1b68399a63\"},\"headline\":\"Bremsschl\u00e4uche an geparktem Wagen besch\u00e4digt &#8211; Polizei Hann. M\u00fcnden sucht Zeugen\",\"datePublished\":\"2022-01-10T09:37:25+00:00\",\"mainEntityOfPage\":{\"@id\":\"https:\\\/\\\/radioleinewelle.de\\\/index.php\\\/2022\\\/01\\\/10\\\/bremsschlaeuche-an-geparktem-wagen-beschaedigt-polizei-hann-muenden-sucht-zeugen\\\/\"},\"wordCount\":121,\"publisher\":{\"@id\":\"https:\\\/\\\/radioleinewelle.de\\\/#organization\"},\"keywords\":[\"Besch\u00e4digung Bremsschl\u00e4uche\",\"Polizei Hann. M\u00fcnden\"],\"articleSection\":[\"Aktuelle Nachrichten\"],\"inLanguage\":\"de\"},{\"@type\":\"WebPage\",\"@id\":\"https:\\\/\\\/radioleinewelle.de\\\/index.php\\\/2022\\\/01\\\/10\\\/bremsschlaeuche-an-geparktem-wagen-beschaedigt-polizei-hann-muenden-sucht-zeugen\\\/\",\"url\":\"https:\\\/\\\/radioleinewelle.de\\\/index.php\\\/2022\\\/01\\\/10\\\/bremsschlaeuche-an-geparktem-wagen-beschaedigt-polizei-hann-muenden-sucht-zeugen\\\/\",\"name\":\"Bremsschl\u00e4uche an geparktem Wagen besch\u00e4digt - Polizei Hann. M\u00fcnden sucht Zeugen - Radio Leinewelle\",\"isPartOf\":{\"@id\":\"https:\\\/\\\/radioleinewelle.de\\\/#website\"},\"datePublished\":\"2022-01-10T09:37:25+00:00\",\"breadcrumb\":{\"@id\":\"https:\\\/\\\/radioleinewelle.de\\\/index.php\\\/2022\\\/01\\\/10\\\/bremsschlaeuche-an-geparktem-wagen-beschaedigt-polizei-hann-muenden-sucht-zeugen\\\/#breadcrumb\"},\"inLanguage\":\"de\",\"potentialAction\":[{\"@type\":\"ReadAction\",\"target\":[\"https:\\\/\\\/radioleinewelle.de\\\/index.php\\\/2022\\\/01\\\/10\\\/bremsschlaeuche-an-geparktem-wagen-beschaedigt-polizei-hann-muenden-sucht-zeugen\\\/\"]}]},{\"@type\":\"BreadcrumbList\",\"@id\":\"https:\\\/\\\/radioleinewelle.de\\\/index.php\\\/2022\\\/01\\\/10\\\/bremsschlaeuche-an-geparktem-wagen-beschaedigt-polizei-hann-muenden-sucht-zeugen\\\/#breadcrumb\",\"itemListElement\":[{\"@type\":\"ListItem\",\"position\":1,\"name\":\"Startseite\",\"item\":\"https:\\\/\\\/radioleinewelle.de\\\/\"},{\"@type\":\"ListItem\",\"position\":2,\"name\":\"Bremsschl\u00e4uche an geparktem Wagen besch\u00e4digt &#8211; Polizei Hann. M\u00fcnden sucht Zeugen\"}]},{\"@type\":\"WebSite\",\"@id\":\"https:\\\/\\\/radioleinewelle.de\\\/#website\",\"url\":\"https:\\\/\\\/radioleinewelle.de\\\/\",\"name\":\"Radio Leinewelle\",\"description\":\"\",\"publisher\":{\"@id\":\"https:\\\/\\\/radioleinewelle.de\\\/#organization\"},\"potentialAction\":[{\"@type\":\"SearchAction\",\"target\":{\"@type\":\"EntryPoint\",\"urlTemplate\":\"https:\\\/\\\/radioleinewelle.de\\\/?s={search_term_string}\"},\"query-input\":{\"@type\":\"PropertyValueSpecification\",\"valueRequired\":true,\"valueName\":\"search_term_string\"}}],\"inLanguage\":\"de\"},{\"@type\":\"Organization\",\"@id\":\"https:\\\/\\\/radioleinewelle.de\\\/#organization\",\"name\":\"Radio Leinewelle\",\"alternateName\":\"Mein Radio f\u00fcr S\u00fcdniedersachsen\",\"url\":\"https:\\\/\\\/radioleinewelle.de\\\/\",\"logo\":{\"@type\":\"ImageObject\",\"inLanguage\":\"de\",\"@id\":\"https:\\\/\\\/radioleinewelle.de\\\/#\\\/schema\\\/logo\\\/image\\\/\",\"url\":\"https:\\\/\\\/radioleinewelle.de\\\/wp-content\\\/uploads\\\/2023\\\/11\\\/cropped-Leinewelle_Logo_weiss.png\",\"contentUrl\":\"https:\\\/\\\/radioleinewelle.de\\\/wp-content\\\/uploads\\\/2023\\\/11\\\/cropped-Leinewelle_Logo_weiss.png\",\"width\":854,\"height\":260,\"caption\":\"Radio Leinewelle\"},\"image\":{\"@id\":\"https:\\\/\\\/radioleinewelle.de\\\/#\\\/schema\\\/logo\\\/image\\\/\"},\"sameAs\":[\"https:\\\/\\\/www.facebook.com\\\/radioleinewelle\",\"https:\\\/\\\/x.com\\\/RLeinewelle\",\"https:\\\/\\\/www.instagram.com\\\/radioleinewelle\\\/?hl=de\"]},{\"@type\":\"Person\",\"@id\":\"https:\\\/\\\/radioleinewelle.de\\\/#\\\/schema\\\/person\\\/45606f348637df637192dc1b68399a63\",\"name\":\"Leinewelle\",\"image\":{\"@type\":\"ImageObject\",\"inLanguage\":\"de\",\"@id\":\"https:\\\/\\\/secure.gravatar.com\\\/avatar\\\/05c9a17bc973052ee5d91549bd32fb4dd0dc85b7b85ae94b2e2b4943476bbea5?s=96&d=blank&r=g\",\"url\":\"https:\\\/\\\/secure.gravatar.com\\\/avatar\\\/05c9a17bc973052ee5d91549bd32fb4dd0dc85b7b85ae94b2e2b4943476bbea5?s=96&d=blank&r=g\",\"contentUrl\":\"https:\\\/\\\/secure.gravatar.com\\\/avatar\\\/05c9a17bc973052ee5d91549bd32fb4dd0dc85b7b85ae94b2e2b4943476bbea5?s=96&d=blank&r=g\",\"caption\":\"Leinewelle\"},\"sameAs\":[\"http:\\\/\\\/localhost\\\/radio%20leinewelle\\\/wordpress\",\"https:\\\/\\\/www.facebook.com\\\/radioleinewelle\",\"https:\\\/\\\/www.instagram.com\\\/radioleinewelle\",\"https:\\\/\\\/x.com\\\/https:\\\/\\\/twitter.com\\\/RLeinewelle?ref_src=twsrcgoogletwcampserptwgrauthor\",\"https:\\\/\\\/soundcloud.com\\\/foerderverein-lokalradio?utm_source=clipboard&utm_medium=text&utm_campaign=social_sharing\"],\"url\":\"https:\\\/\\\/radioleinewelle.de\\\/index.php\\\/author\\\/leinewelle\\\/\"}]}<\/script>\n<!-- \/ Yoast SEO plugin. -->","yoast_head_json":{"title":"Bremsschl\u00e4uche an geparktem Wagen besch\u00e4digt - Polizei Hann. M\u00fcnden sucht Zeugen - Radio Leinewelle","robots":{"index":"index","follow":"follow","max-snippet":"max-snippet:-1","max-image-preview":"max-image-preview:large","max-video-preview":"max-video-preview:-1"},"canonical":"https:\/\/radioleinewelle.de\/index.php\/2022\/01\/10\/bremsschlaeuche-an-geparktem-wagen-beschaedigt-polizei-hann-muenden-sucht-zeugen\/","og_locale":"de_DE","og_type":"article","og_title":"Bremsschl\u00e4uche an geparktem Wagen besch\u00e4digt - Polizei Hann. M\u00fcnden sucht Zeugen - Radio Leinewelle","og_description":"HANN. M\u00dcNDEN (jk) &#8211; In Hann. M\u00fcnden (Landkreis G\u00f6ttingen) haben Unbekannte in der letzten Dezemberwoche (27. bis 30.12.21) die Bremsschl\u00e4uche eines geparkten Mercedes GLK offenbar mutwillig besch\u00e4digt. Der wei\u00dfe SUV stand am Ende der Pionierstra\u00dfe auf dem ehemaligen Parkplatz oberhalb des alten Krankenhauses. Eine Besch\u00e4digung durch Tiere wird nach Begutachtung durch eine Fachwerkstatt ausgeschlossen. Der [&hellip;]","og_url":"https:\/\/radioleinewelle.de\/index.php\/2022\/01\/10\/bremsschlaeuche-an-geparktem-wagen-beschaedigt-polizei-hann-muenden-sucht-zeugen\/","og_site_name":"Radio Leinewelle","article_publisher":"https:\/\/www.facebook.com\/radioleinewelle","article_author":"https:\/\/www.facebook.com\/radioleinewelle","article_published_time":"2022-01-10T09:37:25+00:00","author":"Leinewelle","twitter_card":"summary_large_image","twitter_creator":"@https:\/\/twitter.com\/RLeinewelle?ref_src=twsrcgoogletwcampserptwgrauthor","twitter_site":"@RLeinewelle","twitter_misc":{"Verfasst von":"Leinewelle","Gesch\u00e4tzte Lesezeit":"1\u00a0Minute"},"schema":{"@context":"https:\/\/schema.org","@graph":[{"@type":"Article","@id":"https:\/\/radioleinewelle.de\/index.php\/2022\/01\/10\/bremsschlaeuche-an-geparktem-wagen-beschaedigt-polizei-hann-muenden-sucht-zeugen\/#article","isPartOf":{"@id":"https:\/\/radioleinewelle.de\/index.php\/2022\/01\/10\/bremsschlaeuche-an-geparktem-wagen-beschaedigt-polizei-hann-muenden-sucht-zeugen\/"},"author":{"name":"Leinewelle","@id":"https:\/\/radioleinewelle.de\/#\/schema\/person\/45606f348637df637192dc1b68399a63"},"headline":"Bremsschl\u00e4uche an geparktem Wagen besch\u00e4digt &#8211; Polizei Hann. M\u00fcnden sucht Zeugen","datePublished":"2022-01-10T09:37:25+00:00","mainEntityOfPage":{"@id":"https:\/\/radioleinewelle.de\/index.php\/2022\/01\/10\/bremsschlaeuche-an-geparktem-wagen-beschaedigt-polizei-hann-muenden-sucht-zeugen\/"},"wordCount":121,"publisher":{"@id":"https:\/\/radioleinewelle.de\/#organization"},"keywords":["Besch\u00e4digung Bremsschl\u00e4uche","Polizei Hann. M\u00fcnden"],"articleSection":["Aktuelle Nachrichten"],"inLanguage":"de"},{"@type":"WebPage","@id":"https:\/\/radioleinewelle.de\/index.php\/2022\/01\/10\/bremsschlaeuche-an-geparktem-wagen-beschaedigt-polizei-hann-muenden-sucht-zeugen\/","url":"https:\/\/radioleinewelle.de\/index.php\/2022\/01\/10\/bremsschlaeuche-an-geparktem-wagen-beschaedigt-polizei-hann-muenden-sucht-zeugen\/","name":"Bremsschl\u00e4uche an geparktem Wagen besch\u00e4digt - Polizei Hann. M\u00fcnden sucht Zeugen - Radio Leinewelle","isPartOf":{"@id":"https:\/\/radioleinewelle.de\/#website"},"datePublished":"2022-01-10T09:37:25+00:00","breadcrumb":{"@id":"https:\/\/radioleinewelle.de\/index.php\/2022\/01\/10\/bremsschlaeuche-an-geparktem-wagen-beschaedigt-polizei-hann-muenden-sucht-zeugen\/#breadcrumb"},"inLanguage":"de","potentialAction":[{"@type":"ReadAction","target":["https:\/\/radioleinewelle.de\/index.php\/2022\/01\/10\/bremsschlaeuche-an-geparktem-wagen-beschaedigt-polizei-hann-muenden-sucht-zeugen\/"]}]},{"@type":"BreadcrumbList","@id":"https:\/\/radioleinewelle.de\/index.php\/2022\/01\/10\/bremsschlaeuche-an-geparktem-wagen-beschaedigt-polizei-hann-muenden-sucht-zeugen\/#breadcrumb","itemListElement":[{"@type":"ListItem","position":1,"name":"Startseite","item":"https:\/\/radioleinewelle.de\/"},{"@type":"ListItem","position":2,"name":"Bremsschl\u00e4uche an geparktem Wagen besch\u00e4digt &#8211; Polizei Hann. M\u00fcnden sucht Zeugen"}]},{"@type":"WebSite","@id":"https:\/\/radioleinewelle.de\/#website","url":"https:\/\/radioleinewelle.de\/","name":"Radio Leinewelle","description":"","publisher":{"@id":"https:\/\/radioleinewelle.de\/#organization"},"potentialAction":[{"@type":"SearchAction","target":{"@type":"EntryPoint","urlTemplate":"https:\/\/radioleinewelle.de\/?s={search_term_string}"},"query-input":{"@type":"PropertyValueSpecification","valueRequired":true,"valueName":"search_term_string"}}],"inLanguage":"de"},{"@type":"Organization","@id":"https:\/\/radioleinewelle.de\/#organization","name":"Radio Leinewelle","alternateName":"Mein Radio f\u00fcr S\u00fcdniedersachsen","url":"https:\/\/radioleinewelle.de\/","logo":{"@type":"ImageObject","inLanguage":"de","@id":"https:\/\/radioleinewelle.de\/#\/schema\/logo\/image\/","url":"https:\/\/radioleinewelle.de\/wp-content\/uploads\/2023\/11\/cropped-Leinewelle_Logo_weiss.png","contentUrl":"https:\/\/radioleinewelle.de\/wp-content\/uploads\/2023\/11\/cropped-Leinewelle_Logo_weiss.png","width":854,"height":260,"caption":"Radio Leinewelle"},"image":{"@id":"https:\/\/radioleinewelle.de\/#\/schema\/logo\/image\/"},"sameAs":["https:\/\/www.facebook.com\/radioleinewelle","https:\/\/x.com\/RLeinewelle","https:\/\/www.instagram.com\/radioleinewelle\/?hl=de"]},{"@type":"Person","@id":"https:\/\/radioleinewelle.de\/#\/schema\/person\/45606f348637df637192dc1b68399a63","name":"Leinewelle","image":{"@type":"ImageObject","inLanguage":"de","@id":"https:\/\/secure.gravatar.com\/avatar\/05c9a17bc973052ee5d91549bd32fb4dd0dc85b7b85ae94b2e2b4943476bbea5?s=96&d=blank&r=g","url":"https:\/\/secure.gravatar.com\/avatar\/05c9a17bc973052ee5d91549bd32fb4dd0dc85b7b85ae94b2e2b4943476bbea5?s=96&d=blank&r=g","contentUrl":"https:\/\/secure.gravatar.com\/avatar\/05c9a17bc973052ee5d91549bd32fb4dd0dc85b7b85ae94b2e2b4943476bbea5?s=96&d=blank&r=g","caption":"Leinewelle"},"sameAs":["http:\/\/localhost\/radio%20leinewelle\/wordpress","https:\/\/www.facebook.com\/radioleinewelle","https:\/\/www.instagram.com\/radioleinewelle","https:\/\/x.com\/https:\/\/twitter.com\/RLeinewelle?ref_src=twsrcgoogletwcampserptwgrauthor","https:\/\/soundcloud.com\/foerderverein-lokalradio?utm_source=clipboard&utm_medium=text&utm_campaign=social_sharing"],"url":"https:\/\/radioleinewelle.de\/index.php\/author\/leinewelle\/"}]}},"_links":{"self":[{"href":"https:\/\/radioleinewelle.de\/index.php\/wp-json\/wp\/v2\/posts\/12390","targetHints":{"allow":["GET"]}}],"collection":[{"href":"https:\/\/radioleinewelle.de\/index.php\/wp-json\/wp\/v2\/posts"}],"about":[{"href":"https:\/\/radioleinewelle.de\/index.php\/wp-json\/wp\/v2\/types\/post"}],"author":[{"embeddable":true,"href":"https:\/\/radioleinewelle.de\/index.php\/wp-json\/wp\/v2\/users\/1"}],"replies":[{"embeddable":true,"href":"https:\/\/radioleinewelle.de\/index.php\/wp-json\/wp\/v2\/comments?post=12390"}],"version-history":[{"count":0,"href":"https:\/\/radioleinewelle.de\/index.php\/wp-json\/wp\/v2\/posts\/12390\/revisions"}],"wp:attachment":[{"href":"https:\/\/radioleinewelle.de\/index.php\/wp-json\/wp\/v2\/media?parent=12390"}],"wp:term":[{"taxonomy":"category","embeddable":true,"href":"https:\/\/radioleinewelle.de\/index.php\/wp-json\/wp\/v2\/categories?post=12390"},{"taxonomy":"post_tag","embeddable":true,"href":"https:\/\/radioleinewelle.de\/index.php\/wp-json\/wp\/v2\/tags?post=12390"}],"curies":[{"name":"wp","href":"https:\/\/api.w.org\/{rel}","templated":true}]}}