{"id":1244,"date":"2020-08-21T10:18:06","date_gmt":"2020-08-21T08:18:06","guid":{"rendered":"https:\/\/radioleinewelle.de\/?p=1244"},"modified":"2020-08-21T10:18:06","modified_gmt":"2020-08-21T08:18:06","slug":"corona-krise-kinder-in-seelischen-noeten-kinderaerzte-beobachten-zunahme-psychischer-beschwerden","status":"publish","type":"post","link":"https:\/\/radioleinewelle.de\/index.php\/2020\/08\/21\/corona-krise-kinder-in-seelischen-noeten-kinderaerzte-beobachten-zunahme-psychischer-beschwerden\/","title":{"rendered":"Corona-Krise: Kinder in seelischen N\u00f6ten &#8211; Kinder\u00e4rzte beobachten Zunahme psychischer Beschwerden"},"content":{"rendered":"<p><span class=\"b\">Kinder\u00e4rzte schlagen Alarm: In der Corona-Krise beobachten sie eine Zunahme k\u00f6rperlicher und vor allem seelischer Beschwerden. Schul- und Kitaschlie\u00dfungen sowie Kontaktbeschr\u00e4nkungen belasten besonders die Psyche ihrer jungen Patienten, so das Fazit der Mediziner: 89 Prozent beobachten vermehrt psychische Probleme. 37 Prozent diagnostizieren eine Zunahme k\u00f6rperlicher Beschwerden. Dies sind Ergebnisse der<strong> Studie &#8222;Homeschooling und Gesundheit 2020&#8220;<\/strong> der pronova BKK, f\u00fcr die 150 niedergelassene Kinder\u00e4rztinnen und Kinder\u00e4rzte befragt wurden.\u00a0<\/span>Besonders betroffen sind nach den Erfahrungen in den Sprechstunden Kinder und Jugendliche ab sechs Jahren. Eine Zunahme von Verhaltens\u00e4nderungen wie Antriebslosigkeit oder R\u00fcckzug aber auch Reizbarkeit und Angstst\u00f6rungen beobachtet jeder zweite P\u00e4diater. 46 Prozent berichten von vermehrt aggressivem Verhalten, 45 Prozent von Schlafst\u00f6rungen. Aber auch Bauchschmerzen, Depressionen, Kopfschmerzen und Konzentrationsschwierigkeiten seien h\u00e4ufiger geworden.<\/p>\n<p><span class=\"b\"><strong>Kinder litten unter Corona-Beschr\u00e4nkungen<br \/>\n<\/strong><\/span>Die Ursache f\u00fcr die Zunahme der Beschwerden sehen die P\u00e4diaterinnen und P\u00e4diater in den Einschr\u00e4nkungen im t\u00e4glichen Leben w\u00e4hrend der Corona-Krise. Kinder waren stark betroffen, die Einschnitte in ihren Alltag erheblich. Besonders folgenschwer waren aus Sicht einer Mehrheit der Mediziner die mangelnden Freizeitm\u00f6glichkeiten wie Sport im Verein (70 Prozent) und daf\u00fcr zu viel Zeit am Bildschirm von Handy und Computer (69 Prozent). Hinzukamen die fehlende Tagesstruktur (69 Prozent) infolge von Kita- und Schulschlie\u00dfungen und Konflikte in den Familien (67 Prozent). 66 Prozent der Kinder\u00e4rzte sprechen von Isolation ihrer jungen Patienten. Auch die Enge zu Hause in der Wohnung, fehlende R\u00fcckzugsm\u00f6glichkeiten sowie die \u00dcbertragung von \u00c4ngsten der Eltern auf das Kind machten dem Nachwuchs zu schaffen, wie mehr als jeder zweite Kinderarzt feststellte. &#8222;Erst die Wiederaufnahme der Routinetermine sowie die R\u00fcckkehr in Schulen und Kitas d\u00fcrfte den ganzen Umfang entstandener Probleme bei Kindern und Jugendlichen ans Licht bringen&#8220;, sagt Dr. Gerd Herold, Beratungsarzt bei der pronova BKK.\u00a0&#8222;Nicht nur die Erwachsenen, auch die Kinder haben die ersten Monate der Corona-Krise als eine Ausnahmesituation erlebt und vielfach als verst\u00f6rend oder gar bedrohlich empfunden. Es ist nun die Aufgabe der Erwachsenen, die Kinder bei der Bew\u00e4ltigung dieser Erlebnisse zu begleiten und zu unterst\u00fctzen&#8220;, sagt Herold.<\/p>\n<p><span class=\"b\"><strong>Anzeichen f\u00fcr Entwicklungsverz\u00f6gerungen bei Heranwachsenden<br \/>\n<\/strong><\/span>Die Auswirkungen der Corona-Einschr\u00e4nkungen auf Kinder k\u00f6nnten sogar noch tiefere Spuren hinterlassen: Knapp vier von zehn Kinder\u00e4rzten beobachten Anzeichen f\u00fcr Entwicklungsverz\u00f6gerungen bei ihren Patienten, die sie auf die Corona-Krise zur\u00fcckf\u00fchren. Bei motorischen F\u00e4higkeiten sind Kinder zwischen sechs und neun Jahren besonders betroffen, bei kognitiven F\u00e4higkeiten betreffen die Verz\u00f6gerungen Kinder zwischen drei und dreizehn Jahren. Ursachen f\u00fcr die Schwierigkeiten vermuten die Mediziner wiederum im zu hohen Medienkonsum, in der \u00dcberforderung der Eltern sowie fehlendem Kontakt zu Gleichaltrigen.\u00a0Das hat direkte Konsequenzen f\u00fcr die Praxen: 54 Prozent der Kinder\u00e4rzte rechnen damit, dass mehr Kinder Hilfe von Ergo- und Physiotherapeuten ben\u00f6tigen; 43 Prozent erwarten, dass sie h\u00e4ufiger an Psychotherapeuten \u00fcberweisen werden m\u00fcssen. &#8222;In den kommenden Monaten wird sich erst das gesamte Ausma\u00df der Corona-Folgen f\u00fcr die Kindergesundheit absch\u00e4tzen lassen&#8220;, sagt Herold. 57 Prozent der befragten Kinder\u00e4rzte sagen, dass viele Vorsorgeuntersuchungen und Impfungen in der Corona-Krise verschoben wurden. &#8222;Erst die Wiederaufnahme der Routinetermine, aber auch die R\u00fcckkehr in Schulen und Kitas d\u00fcrfte entstandene Probleme bei Kindern und Jugendlichen ans Licht bringen&#8220;, so Herold.<\/p>\n<p><strong><span class=\"b\">Zur Studie<br \/>\n<\/span><\/strong>Die Kinder\u00e4rztebefragung &#8222;Homeschooling und Gesundheit 2020&#8220; wurde im Juni und Juli 2020 im Auftrag der pronova BKK im Rahmen einer Online-Befragung durchgef\u00fchrt. Bundesweit nahmen 150 niedergelassene P\u00e4diaterinnen und P\u00e4diater daran teil.<\/p>\n<p><span class=\"b\">\u00dcber die pronova BKK :\u00a0<\/span>Die pronova BKK ist aus Zusammenschl\u00fcssen der Betriebskrankenkassen namhafter Weltkonzerne wie BASF, Bayer, Continental und Ford entstanden. Bundesweit f\u00fcr alle Interessenten ge\u00f6ffnet, vertrauen der Krankenkasse bereits \u00fcber 650.000 Versicherte ihre Gesundheit an. Ob per App, im Chat, \u00fcber das rund um die Uhr erreichbare Servicetelefon oder in den 60 Kundenservices vor Ort &#8211; die pronova BKK k\u00fcmmert sich jederzeit um die Anliegen ihrer Kundinnen und Kunden. Weitere Informationen auf pronovabkk.de.<\/p>\n","protected":false},"excerpt":{"rendered":"<p>Kinder\u00e4rzte schlagen Alarm: In der Corona-Krise beobachten sie eine Zunahme k\u00f6rperlicher und vor allem seelischer Beschwerden. Schul- und Kitaschlie\u00dfungen sowie Kontaktbeschr\u00e4nkungen belasten besonders die Psyche ihrer jungen Patienten, so das Fazit der Mediziner: 89 Prozent beobachten vermehrt psychische Probleme. 37 Prozent diagnostizieren eine Zunahme k\u00f6rperlicher Beschwerden. Dies sind Ergebnisse der Studie &#8222;Homeschooling und Gesundheit 2020&#8220; [&hellip;]<\/p>\n","protected":false},"author":1,"featured_media":1147,"comment_status":"closed","ping_status":"closed","sticky":false,"template":"","format":"standard","meta":{"saved_in_kubio":false,"footnotes":""},"categories":[1],"tags":[],"class_list":["post-1244","post","type-post","status-publish","format-standard","has-post-thumbnail","hentry","category-allgemein"],"yoast_head":"<!-- This site is optimized with the Yoast SEO plugin v27.5 - https:\/\/yoast.com\/product\/yoast-seo-wordpress\/ -->\n<title>Corona-Krise: Kinder in seelischen N\u00f6ten - Kinder\u00e4rzte beobachten Zunahme psychischer Beschwerden - Radio Leinewelle<\/title>\n<meta name=\"robots\" content=\"index, follow, max-snippet:-1, max-image-preview:large, max-video-preview:-1\" \/>\n<link rel=\"canonical\" href=\"https:\/\/radioleinewelle.de\/index.php\/2020\/08\/21\/corona-krise-kinder-in-seelischen-noeten-kinderaerzte-beobachten-zunahme-psychischer-beschwerden\/\" \/>\n<meta property=\"og:locale\" content=\"de_DE\" \/>\n<meta property=\"og:type\" content=\"article\" \/>\n<meta property=\"og:title\" content=\"Corona-Krise: Kinder in seelischen N\u00f6ten - Kinder\u00e4rzte beobachten Zunahme psychischer Beschwerden - Radio Leinewelle\" \/>\n<meta property=\"og:description\" content=\"Kinder\u00e4rzte schlagen Alarm: In der Corona-Krise beobachten sie eine Zunahme k\u00f6rperlicher und vor allem seelischer Beschwerden. Schul- und Kitaschlie\u00dfungen sowie Kontaktbeschr\u00e4nkungen belasten besonders die Psyche ihrer jungen Patienten, so das Fazit der Mediziner: 89 Prozent beobachten vermehrt psychische Probleme. 37 Prozent diagnostizieren eine Zunahme k\u00f6rperlicher Beschwerden. Dies sind Ergebnisse der Studie &#8222;Homeschooling und Gesundheit 2020&#8220; [&hellip;]\" \/>\n<meta property=\"og:url\" content=\"https:\/\/radioleinewelle.de\/index.php\/2020\/08\/21\/corona-krise-kinder-in-seelischen-noeten-kinderaerzte-beobachten-zunahme-psychischer-beschwerden\/\" \/>\n<meta property=\"og:site_name\" content=\"Radio Leinewelle\" \/>\n<meta property=\"article:publisher\" content=\"https:\/\/www.facebook.com\/radioleinewelle\" \/>\n<meta property=\"article:author\" content=\"https:\/\/www.facebook.com\/radioleinewelle\" \/>\n<meta property=\"article:published_time\" content=\"2020-08-21T08:18:06+00:00\" \/>\n<meta property=\"og:image\" content=\"https:\/\/radioleinewelle.de\/wp-content\/uploads\/2020\/08\/mobile-phone-5355431_1920.png\" \/>\n\t<meta property=\"og:image:width\" content=\"1920\" \/>\n\t<meta property=\"og:image:height\" content=\"945\" \/>\n\t<meta property=\"og:image:type\" content=\"image\/png\" \/>\n<meta name=\"author\" content=\"Leinewelle\" \/>\n<meta name=\"twitter:card\" content=\"summary_large_image\" \/>\n<meta name=\"twitter:creator\" content=\"@https:\/\/twitter.com\/RLeinewelle?ref_src=twsrcgoogletwcampserptwgrauthor\" \/>\n<meta name=\"twitter:site\" content=\"@RLeinewelle\" \/>\n<meta name=\"twitter:label1\" content=\"Verfasst von\" \/>\n\t<meta name=\"twitter:data1\" content=\"Leinewelle\" \/>\n\t<meta name=\"twitter:label2\" content=\"Gesch\u00e4tzte Lesezeit\" \/>\n\t<meta name=\"twitter:data2\" content=\"3\u00a0Minuten\" \/>\n<script type=\"application\/ld+json\" class=\"yoast-schema-graph\">{\"@context\":\"https:\\\/\\\/schema.org\",\"@graph\":[{\"@type\":\"Article\",\"@id\":\"https:\\\/\\\/radioleinewelle.de\\\/index.php\\\/2020\\\/08\\\/21\\\/corona-krise-kinder-in-seelischen-noeten-kinderaerzte-beobachten-zunahme-psychischer-beschwerden\\\/#article\",\"isPartOf\":{\"@id\":\"https:\\\/\\\/radioleinewelle.de\\\/index.php\\\/2020\\\/08\\\/21\\\/corona-krise-kinder-in-seelischen-noeten-kinderaerzte-beobachten-zunahme-psychischer-beschwerden\\\/\"},\"author\":{\"name\":\"Leinewelle\",\"@id\":\"https:\\\/\\\/radioleinewelle.de\\\/#\\\/schema\\\/person\\\/45606f348637df637192dc1b68399a63\"},\"headline\":\"Corona-Krise: Kinder in seelischen N\u00f6ten &#8211; Kinder\u00e4rzte beobachten Zunahme psychischer Beschwerden\",\"datePublished\":\"2020-08-21T08:18:06+00:00\",\"mainEntityOfPage\":{\"@id\":\"https:\\\/\\\/radioleinewelle.de\\\/index.php\\\/2020\\\/08\\\/21\\\/corona-krise-kinder-in-seelischen-noeten-kinderaerzte-beobachten-zunahme-psychischer-beschwerden\\\/\"},\"wordCount\":665,\"publisher\":{\"@id\":\"https:\\\/\\\/radioleinewelle.de\\\/#organization\"},\"image\":{\"@id\":\"https:\\\/\\\/radioleinewelle.de\\\/index.php\\\/2020\\\/08\\\/21\\\/corona-krise-kinder-in-seelischen-noeten-kinderaerzte-beobachten-zunahme-psychischer-beschwerden\\\/#primaryimage\"},\"thumbnailUrl\":\"https:\\\/\\\/radioleinewelle.de\\\/wp-content\\\/uploads\\\/2020\\\/08\\\/mobile-phone-5355431_1920.png\",\"inLanguage\":\"de\"},{\"@type\":\"WebPage\",\"@id\":\"https:\\\/\\\/radioleinewelle.de\\\/index.php\\\/2020\\\/08\\\/21\\\/corona-krise-kinder-in-seelischen-noeten-kinderaerzte-beobachten-zunahme-psychischer-beschwerden\\\/\",\"url\":\"https:\\\/\\\/radioleinewelle.de\\\/index.php\\\/2020\\\/08\\\/21\\\/corona-krise-kinder-in-seelischen-noeten-kinderaerzte-beobachten-zunahme-psychischer-beschwerden\\\/\",\"name\":\"Corona-Krise: Kinder in seelischen N\u00f6ten - Kinder\u00e4rzte beobachten Zunahme psychischer Beschwerden - Radio Leinewelle\",\"isPartOf\":{\"@id\":\"https:\\\/\\\/radioleinewelle.de\\\/#website\"},\"primaryImageOfPage\":{\"@id\":\"https:\\\/\\\/radioleinewelle.de\\\/index.php\\\/2020\\\/08\\\/21\\\/corona-krise-kinder-in-seelischen-noeten-kinderaerzte-beobachten-zunahme-psychischer-beschwerden\\\/#primaryimage\"},\"image\":{\"@id\":\"https:\\\/\\\/radioleinewelle.de\\\/index.php\\\/2020\\\/08\\\/21\\\/corona-krise-kinder-in-seelischen-noeten-kinderaerzte-beobachten-zunahme-psychischer-beschwerden\\\/#primaryimage\"},\"thumbnailUrl\":\"https:\\\/\\\/radioleinewelle.de\\\/wp-content\\\/uploads\\\/2020\\\/08\\\/mobile-phone-5355431_1920.png\",\"datePublished\":\"2020-08-21T08:18:06+00:00\",\"breadcrumb\":{\"@id\":\"https:\\\/\\\/radioleinewelle.de\\\/index.php\\\/2020\\\/08\\\/21\\\/corona-krise-kinder-in-seelischen-noeten-kinderaerzte-beobachten-zunahme-psychischer-beschwerden\\\/#breadcrumb\"},\"inLanguage\":\"de\",\"potentialAction\":[{\"@type\":\"ReadAction\",\"target\":[\"https:\\\/\\\/radioleinewelle.de\\\/index.php\\\/2020\\\/08\\\/21\\\/corona-krise-kinder-in-seelischen-noeten-kinderaerzte-beobachten-zunahme-psychischer-beschwerden\\\/\"]}]},{\"@type\":\"ImageObject\",\"inLanguage\":\"de\",\"@id\":\"https:\\\/\\\/radioleinewelle.de\\\/index.php\\\/2020\\\/08\\\/21\\\/corona-krise-kinder-in-seelischen-noeten-kinderaerzte-beobachten-zunahme-psychischer-beschwerden\\\/#primaryimage\",\"url\":\"https:\\\/\\\/radioleinewelle.de\\\/wp-content\\\/uploads\\\/2020\\\/08\\\/mobile-phone-5355431_1920.png\",\"contentUrl\":\"https:\\\/\\\/radioleinewelle.de\\\/wp-content\\\/uploads\\\/2020\\\/08\\\/mobile-phone-5355431_1920.png\",\"width\":1920,\"height\":945},{\"@type\":\"BreadcrumbList\",\"@id\":\"https:\\\/\\\/radioleinewelle.de\\\/index.php\\\/2020\\\/08\\\/21\\\/corona-krise-kinder-in-seelischen-noeten-kinderaerzte-beobachten-zunahme-psychischer-beschwerden\\\/#breadcrumb\",\"itemListElement\":[{\"@type\":\"ListItem\",\"position\":1,\"name\":\"Startseite\",\"item\":\"https:\\\/\\\/radioleinewelle.de\\\/\"},{\"@type\":\"ListItem\",\"position\":2,\"name\":\"Corona-Krise: Kinder in seelischen N\u00f6ten &#8211; Kinder\u00e4rzte beobachten Zunahme psychischer Beschwerden\"}]},{\"@type\":\"WebSite\",\"@id\":\"https:\\\/\\\/radioleinewelle.de\\\/#website\",\"url\":\"https:\\\/\\\/radioleinewelle.de\\\/\",\"name\":\"Radio Leinewelle\",\"description\":\"\",\"publisher\":{\"@id\":\"https:\\\/\\\/radioleinewelle.de\\\/#organization\"},\"potentialAction\":[{\"@type\":\"SearchAction\",\"target\":{\"@type\":\"EntryPoint\",\"urlTemplate\":\"https:\\\/\\\/radioleinewelle.de\\\/?s={search_term_string}\"},\"query-input\":{\"@type\":\"PropertyValueSpecification\",\"valueRequired\":true,\"valueName\":\"search_term_string\"}}],\"inLanguage\":\"de\"},{\"@type\":\"Organization\",\"@id\":\"https:\\\/\\\/radioleinewelle.de\\\/#organization\",\"name\":\"Radio Leinewelle\",\"alternateName\":\"Mein Radio f\u00fcr S\u00fcdniedersachsen\",\"url\":\"https:\\\/\\\/radioleinewelle.de\\\/\",\"logo\":{\"@type\":\"ImageObject\",\"inLanguage\":\"de\",\"@id\":\"https:\\\/\\\/radioleinewelle.de\\\/#\\\/schema\\\/logo\\\/image\\\/\",\"url\":\"https:\\\/\\\/radioleinewelle.de\\\/wp-content\\\/uploads\\\/2023\\\/11\\\/cropped-Leinewelle_Logo_weiss.png\",\"contentUrl\":\"https:\\\/\\\/radioleinewelle.de\\\/wp-content\\\/uploads\\\/2023\\\/11\\\/cropped-Leinewelle_Logo_weiss.png\",\"width\":854,\"height\":260,\"caption\":\"Radio Leinewelle\"},\"image\":{\"@id\":\"https:\\\/\\\/radioleinewelle.de\\\/#\\\/schema\\\/logo\\\/image\\\/\"},\"sameAs\":[\"https:\\\/\\\/www.facebook.com\\\/radioleinewelle\",\"https:\\\/\\\/x.com\\\/RLeinewelle\",\"https:\\\/\\\/www.instagram.com\\\/radioleinewelle\\\/?hl=de\"]},{\"@type\":\"Person\",\"@id\":\"https:\\\/\\\/radioleinewelle.de\\\/#\\\/schema\\\/person\\\/45606f348637df637192dc1b68399a63\",\"name\":\"Leinewelle\",\"image\":{\"@type\":\"ImageObject\",\"inLanguage\":\"de\",\"@id\":\"https:\\\/\\\/secure.gravatar.com\\\/avatar\\\/05c9a17bc973052ee5d91549bd32fb4dd0dc85b7b85ae94b2e2b4943476bbea5?s=96&d=blank&r=g\",\"url\":\"https:\\\/\\\/secure.gravatar.com\\\/avatar\\\/05c9a17bc973052ee5d91549bd32fb4dd0dc85b7b85ae94b2e2b4943476bbea5?s=96&d=blank&r=g\",\"contentUrl\":\"https:\\\/\\\/secure.gravatar.com\\\/avatar\\\/05c9a17bc973052ee5d91549bd32fb4dd0dc85b7b85ae94b2e2b4943476bbea5?s=96&d=blank&r=g\",\"caption\":\"Leinewelle\"},\"sameAs\":[\"http:\\\/\\\/localhost\\\/radio%20leinewelle\\\/wordpress\",\"https:\\\/\\\/www.facebook.com\\\/radioleinewelle\",\"https:\\\/\\\/www.instagram.com\\\/radioleinewelle\",\"https:\\\/\\\/x.com\\\/https:\\\/\\\/twitter.com\\\/RLeinewelle?ref_src=twsrcgoogletwcampserptwgrauthor\",\"https:\\\/\\\/soundcloud.com\\\/foerderverein-lokalradio?utm_source=clipboard&utm_medium=text&utm_campaign=social_sharing\"],\"url\":\"https:\\\/\\\/radioleinewelle.de\\\/index.php\\\/author\\\/leinewelle\\\/\"}]}<\/script>\n<!-- \/ Yoast SEO plugin. -->","yoast_head_json":{"title":"Corona-Krise: Kinder in seelischen N\u00f6ten - Kinder\u00e4rzte beobachten Zunahme psychischer Beschwerden - Radio Leinewelle","robots":{"index":"index","follow":"follow","max-snippet":"max-snippet:-1","max-image-preview":"max-image-preview:large","max-video-preview":"max-video-preview:-1"},"canonical":"https:\/\/radioleinewelle.de\/index.php\/2020\/08\/21\/corona-krise-kinder-in-seelischen-noeten-kinderaerzte-beobachten-zunahme-psychischer-beschwerden\/","og_locale":"de_DE","og_type":"article","og_title":"Corona-Krise: Kinder in seelischen N\u00f6ten - Kinder\u00e4rzte beobachten Zunahme psychischer Beschwerden - Radio Leinewelle","og_description":"Kinder\u00e4rzte schlagen Alarm: In der Corona-Krise beobachten sie eine Zunahme k\u00f6rperlicher und vor allem seelischer Beschwerden. Schul- und Kitaschlie\u00dfungen sowie Kontaktbeschr\u00e4nkungen belasten besonders die Psyche ihrer jungen Patienten, so das Fazit der Mediziner: 89 Prozent beobachten vermehrt psychische Probleme. 37 Prozent diagnostizieren eine Zunahme k\u00f6rperlicher Beschwerden. Dies sind Ergebnisse der Studie &#8222;Homeschooling und Gesundheit 2020&#8220; [&hellip;]","og_url":"https:\/\/radioleinewelle.de\/index.php\/2020\/08\/21\/corona-krise-kinder-in-seelischen-noeten-kinderaerzte-beobachten-zunahme-psychischer-beschwerden\/","og_site_name":"Radio Leinewelle","article_publisher":"https:\/\/www.facebook.com\/radioleinewelle","article_author":"https:\/\/www.facebook.com\/radioleinewelle","article_published_time":"2020-08-21T08:18:06+00:00","og_image":[{"width":1920,"height":945,"url":"https:\/\/radioleinewelle.de\/wp-content\/uploads\/2020\/08\/mobile-phone-5355431_1920.png","type":"image\/png"}],"author":"Leinewelle","twitter_card":"summary_large_image","twitter_creator":"@https:\/\/twitter.com\/RLeinewelle?ref_src=twsrcgoogletwcampserptwgrauthor","twitter_site":"@RLeinewelle","twitter_misc":{"Verfasst von":"Leinewelle","Gesch\u00e4tzte Lesezeit":"3\u00a0Minuten"},"schema":{"@context":"https:\/\/schema.org","@graph":[{"@type":"Article","@id":"https:\/\/radioleinewelle.de\/index.php\/2020\/08\/21\/corona-krise-kinder-in-seelischen-noeten-kinderaerzte-beobachten-zunahme-psychischer-beschwerden\/#article","isPartOf":{"@id":"https:\/\/radioleinewelle.de\/index.php\/2020\/08\/21\/corona-krise-kinder-in-seelischen-noeten-kinderaerzte-beobachten-zunahme-psychischer-beschwerden\/"},"author":{"name":"Leinewelle","@id":"https:\/\/radioleinewelle.de\/#\/schema\/person\/45606f348637df637192dc1b68399a63"},"headline":"Corona-Krise: Kinder in seelischen N\u00f6ten &#8211; Kinder\u00e4rzte beobachten Zunahme psychischer Beschwerden","datePublished":"2020-08-21T08:18:06+00:00","mainEntityOfPage":{"@id":"https:\/\/radioleinewelle.de\/index.php\/2020\/08\/21\/corona-krise-kinder-in-seelischen-noeten-kinderaerzte-beobachten-zunahme-psychischer-beschwerden\/"},"wordCount":665,"publisher":{"@id":"https:\/\/radioleinewelle.de\/#organization"},"image":{"@id":"https:\/\/radioleinewelle.de\/index.php\/2020\/08\/21\/corona-krise-kinder-in-seelischen-noeten-kinderaerzte-beobachten-zunahme-psychischer-beschwerden\/#primaryimage"},"thumbnailUrl":"https:\/\/radioleinewelle.de\/wp-content\/uploads\/2020\/08\/mobile-phone-5355431_1920.png","inLanguage":"de"},{"@type":"WebPage","@id":"https:\/\/radioleinewelle.de\/index.php\/2020\/08\/21\/corona-krise-kinder-in-seelischen-noeten-kinderaerzte-beobachten-zunahme-psychischer-beschwerden\/","url":"https:\/\/radioleinewelle.de\/index.php\/2020\/08\/21\/corona-krise-kinder-in-seelischen-noeten-kinderaerzte-beobachten-zunahme-psychischer-beschwerden\/","name":"Corona-Krise: Kinder in seelischen N\u00f6ten - Kinder\u00e4rzte beobachten Zunahme psychischer Beschwerden - Radio Leinewelle","isPartOf":{"@id":"https:\/\/radioleinewelle.de\/#website"},"primaryImageOfPage":{"@id":"https:\/\/radioleinewelle.de\/index.php\/2020\/08\/21\/corona-krise-kinder-in-seelischen-noeten-kinderaerzte-beobachten-zunahme-psychischer-beschwerden\/#primaryimage"},"image":{"@id":"https:\/\/radioleinewelle.de\/index.php\/2020\/08\/21\/corona-krise-kinder-in-seelischen-noeten-kinderaerzte-beobachten-zunahme-psychischer-beschwerden\/#primaryimage"},"thumbnailUrl":"https:\/\/radioleinewelle.de\/wp-content\/uploads\/2020\/08\/mobile-phone-5355431_1920.png","datePublished":"2020-08-21T08:18:06+00:00","breadcrumb":{"@id":"https:\/\/radioleinewelle.de\/index.php\/2020\/08\/21\/corona-krise-kinder-in-seelischen-noeten-kinderaerzte-beobachten-zunahme-psychischer-beschwerden\/#breadcrumb"},"inLanguage":"de","potentialAction":[{"@type":"ReadAction","target":["https:\/\/radioleinewelle.de\/index.php\/2020\/08\/21\/corona-krise-kinder-in-seelischen-noeten-kinderaerzte-beobachten-zunahme-psychischer-beschwerden\/"]}]},{"@type":"ImageObject","inLanguage":"de","@id":"https:\/\/radioleinewelle.de\/index.php\/2020\/08\/21\/corona-krise-kinder-in-seelischen-noeten-kinderaerzte-beobachten-zunahme-psychischer-beschwerden\/#primaryimage","url":"https:\/\/radioleinewelle.de\/wp-content\/uploads\/2020\/08\/mobile-phone-5355431_1920.png","contentUrl":"https:\/\/radioleinewelle.de\/wp-content\/uploads\/2020\/08\/mobile-phone-5355431_1920.png","width":1920,"height":945},{"@type":"BreadcrumbList","@id":"https:\/\/radioleinewelle.de\/index.php\/2020\/08\/21\/corona-krise-kinder-in-seelischen-noeten-kinderaerzte-beobachten-zunahme-psychischer-beschwerden\/#breadcrumb","itemListElement":[{"@type":"ListItem","position":1,"name":"Startseite","item":"https:\/\/radioleinewelle.de\/"},{"@type":"ListItem","position":2,"name":"Corona-Krise: Kinder in seelischen N\u00f6ten &#8211; Kinder\u00e4rzte beobachten Zunahme psychischer Beschwerden"}]},{"@type":"WebSite","@id":"https:\/\/radioleinewelle.de\/#website","url":"https:\/\/radioleinewelle.de\/","name":"Radio Leinewelle","description":"","publisher":{"@id":"https:\/\/radioleinewelle.de\/#organization"},"potentialAction":[{"@type":"SearchAction","target":{"@type":"EntryPoint","urlTemplate":"https:\/\/radioleinewelle.de\/?s={search_term_string}"},"query-input":{"@type":"PropertyValueSpecification","valueRequired":true,"valueName":"search_term_string"}}],"inLanguage":"de"},{"@type":"Organization","@id":"https:\/\/radioleinewelle.de\/#organization","name":"Radio Leinewelle","alternateName":"Mein Radio f\u00fcr S\u00fcdniedersachsen","url":"https:\/\/radioleinewelle.de\/","logo":{"@type":"ImageObject","inLanguage":"de","@id":"https:\/\/radioleinewelle.de\/#\/schema\/logo\/image\/","url":"https:\/\/radioleinewelle.de\/wp-content\/uploads\/2023\/11\/cropped-Leinewelle_Logo_weiss.png","contentUrl":"https:\/\/radioleinewelle.de\/wp-content\/uploads\/2023\/11\/cropped-Leinewelle_Logo_weiss.png","width":854,"height":260,"caption":"Radio Leinewelle"},"image":{"@id":"https:\/\/radioleinewelle.de\/#\/schema\/logo\/image\/"},"sameAs":["https:\/\/www.facebook.com\/radioleinewelle","https:\/\/x.com\/RLeinewelle","https:\/\/www.instagram.com\/radioleinewelle\/?hl=de"]},{"@type":"Person","@id":"https:\/\/radioleinewelle.de\/#\/schema\/person\/45606f348637df637192dc1b68399a63","name":"Leinewelle","image":{"@type":"ImageObject","inLanguage":"de","@id":"https:\/\/secure.gravatar.com\/avatar\/05c9a17bc973052ee5d91549bd32fb4dd0dc85b7b85ae94b2e2b4943476bbea5?s=96&d=blank&r=g","url":"https:\/\/secure.gravatar.com\/avatar\/05c9a17bc973052ee5d91549bd32fb4dd0dc85b7b85ae94b2e2b4943476bbea5?s=96&d=blank&r=g","contentUrl":"https:\/\/secure.gravatar.com\/avatar\/05c9a17bc973052ee5d91549bd32fb4dd0dc85b7b85ae94b2e2b4943476bbea5?s=96&d=blank&r=g","caption":"Leinewelle"},"sameAs":["http:\/\/localhost\/radio%20leinewelle\/wordpress","https:\/\/www.facebook.com\/radioleinewelle","https:\/\/www.instagram.com\/radioleinewelle","https:\/\/x.com\/https:\/\/twitter.com\/RLeinewelle?ref_src=twsrcgoogletwcampserptwgrauthor","https:\/\/soundcloud.com\/foerderverein-lokalradio?utm_source=clipboard&utm_medium=text&utm_campaign=social_sharing"],"url":"https:\/\/radioleinewelle.de\/index.php\/author\/leinewelle\/"}]}},"_links":{"self":[{"href":"https:\/\/radioleinewelle.de\/index.php\/wp-json\/wp\/v2\/posts\/1244","targetHints":{"allow":["GET"]}}],"collection":[{"href":"https:\/\/radioleinewelle.de\/index.php\/wp-json\/wp\/v2\/posts"}],"about":[{"href":"https:\/\/radioleinewelle.de\/index.php\/wp-json\/wp\/v2\/types\/post"}],"author":[{"embeddable":true,"href":"https:\/\/radioleinewelle.de\/index.php\/wp-json\/wp\/v2\/users\/1"}],"replies":[{"embeddable":true,"href":"https:\/\/radioleinewelle.de\/index.php\/wp-json\/wp\/v2\/comments?post=1244"}],"version-history":[{"count":0,"href":"https:\/\/radioleinewelle.de\/index.php\/wp-json\/wp\/v2\/posts\/1244\/revisions"}],"wp:featuredmedia":[{"embeddable":true,"href":"https:\/\/radioleinewelle.de\/index.php\/wp-json\/wp\/v2\/media\/1147"}],"wp:attachment":[{"href":"https:\/\/radioleinewelle.de\/index.php\/wp-json\/wp\/v2\/media?parent=1244"}],"wp:term":[{"taxonomy":"category","embeddable":true,"href":"https:\/\/radioleinewelle.de\/index.php\/wp-json\/wp\/v2\/categories?post=1244"},{"taxonomy":"post_tag","embeddable":true,"href":"https:\/\/radioleinewelle.de\/index.php\/wp-json\/wp\/v2\/tags?post=1244"}],"curies":[{"name":"wp","href":"https:\/\/api.w.org\/{rel}","templated":true}]}}