{"id":12445,"date":"2022-01-14T04:57:01","date_gmt":"2022-01-14T03:57:01","guid":{"rendered":"https:\/\/radioleinewelle.de\/?p=12445"},"modified":"2022-01-14T04:57:01","modified_gmt":"2022-01-14T03:57:01","slug":"dr-frank-uhlhorn-als-neuer-superintendent-des-kirchenkreises-goettingen-eingefuehrt","status":"publish","type":"post","link":"https:\/\/radioleinewelle.de\/index.php\/2022\/01\/14\/dr-frank-uhlhorn-als-neuer-superintendent-des-kirchenkreises-goettingen-eingefuehrt\/","title":{"rendered":"Dr. Frank Uhlhorn als neuer Superintendent des Kirchenkreises G\u00f6ttingen eingef\u00fchrt"},"content":{"rendered":"\n<p>G\u00f6ttingen. Mit einem Gottesdienst in der G\u00f6ttinger St. Johanniskirche hat Regionalbisch\u00f6fin Dr. Adelheid Ruck-Schr\u00f6der am 09.01. Dr. Frank Uhlhorn in sein Amt als Superintendent des Kirchenkreises G\u00f6ttingen eingef\u00fchrt. Der 55-J\u00e4hrige ist seit dem 1. November im Kirchenkreis t\u00e4tig.<\/p>\n\n\n\n<p>Aufbruch war das zentrale Thema des Gottesdienstes. In seiner Predigt zitierte Dr. Frank Uhlhorn sowohl aus Jesaja 42, 1-4, als auch den Kinderbuchautor Janosch mit seiner Geschichte \u201eDer Josa mit der Zauberfiedel\u201c: \u201eEiner, der klein werden lassen kann, was zu gro\u00df ist und stark machen, was sonst verloren ist. Der Arme reich und Reiche \u00e4rmer macht, ist es das, was der Prophet mit dem Knecht Gottes meint? Ist es das, was wir heute brauchen? Einer mit einer Zauberfidel?\u201c Um die Welt besser zu machen, brauche es immer wieder neue Ideen und Worte, sei es beim Klimawandel, der Integration oder dem demografischen Wandel. Er freue sich darauf, diese Themen zusammen mit den Menschen aus der Stadt und dem Landkreis G\u00f6ttingen anzugehen.<\/p>\n\n\n\n<p>Dass Dr. Frank Uhlhorn etwas bewegen will in seinem neuen Kirchenkreis, da ist sich auch Dr. Adelheid Ruck-Schr\u00f6der sicher. Neben Mitarbeitenden und Ehrenamtlichen des Kirchenkreises G\u00f6ttingen hie\u00dfen auch Dechant Wigbert Schwarze vom katholischen Dekanat G\u00f6ttingen, Michael Ebener, Pastor der Evangelisch-reformierten Gemeinde G\u00f6ttingen, Thomas Henning, Superintendent des Kirchenkreises M\u00fcnden, sowie G\u00f6ttingens Oberb\u00fcrgermeisterin Petra Broistedt und G\u00f6ttingens Landrat Marcel Riethig Dr. Frank Uhlhorn mit einem Gru\u00dfwort willkommen.<\/p>\n\n\n\n<p>Auf Grund der Corona-Situation fand der Gottesdienst im kleinen Kreis statt, wurde aber \u00fcber den YouTube-Kanal des Kirchenkreises gestreamt. \u00dcber 300 Aufrufe hatte das Video in den ersten 24 Stunden.<\/p>\n\n\n\n<p><strong>Foto v.l.:<\/strong> Dr. Frank Uhlhorn (Superintendent des Kirchenkreises G\u00f6ttingen)&nbsp;und Dr. Adelheid Ruck-Schr\u00f6der (Regionalbisch\u00f6fin des Sprengels Hildesheim-G\u00f6ttingen).&nbsp;(Bild: Jeanine Rudat)<\/p>\n","protected":false},"excerpt":{"rendered":"<p>G\u00f6ttingen. Mit einem Gottesdienst in der G\u00f6ttinger St. Johanniskirche hat Regionalbisch\u00f6fin Dr. Adelheid Ruck-Schr\u00f6der am 09.01. Dr. Frank Uhlhorn in sein Amt als Superintendent des Kirchenkreises G\u00f6ttingen eingef\u00fchrt. Der 55-J\u00e4hrige ist seit dem 1. November im Kirchenkreis t\u00e4tig. Aufbruch war das zentrale Thema des Gottesdienstes. In seiner Predigt zitierte Dr. Frank Uhlhorn sowohl aus Jesaja [&hellip;]<\/p>\n","protected":false},"author":1,"featured_media":12447,"comment_status":"closed","ping_status":"closed","sticky":false,"template":"","format":"standard","meta":{"saved_in_kubio":false,"footnotes":""},"categories":[698],"tags":[2776,1780,2777],"class_list":["post-12445","post","type-post","status-publish","format-standard","has-post-thumbnail","hentry","category-personalia","tag-dr-adelheid-ruck-schroeder","tag-dr-frank-uhlhorn","tag-goettinger-st-johanniskirche"],"yoast_head":"<!-- This site is optimized with the Yoast SEO plugin v27.5 - https:\/\/yoast.com\/product\/yoast-seo-wordpress\/ -->\n<title>Dr. Frank Uhlhorn als neuer Superintendent des Kirchenkreises G\u00f6ttingen eingef\u00fchrt - Radio Leinewelle<\/title>\n<meta name=\"robots\" content=\"index, follow, max-snippet:-1, max-image-preview:large, max-video-preview:-1\" \/>\n<link rel=\"canonical\" href=\"https:\/\/radioleinewelle.de\/index.php\/2022\/01\/14\/dr-frank-uhlhorn-als-neuer-superintendent-des-kirchenkreises-goettingen-eingefuehrt\/\" \/>\n<meta property=\"og:locale\" content=\"de_DE\" \/>\n<meta property=\"og:type\" content=\"article\" \/>\n<meta property=\"og:title\" content=\"Dr. Frank Uhlhorn als neuer Superintendent des Kirchenkreises G\u00f6ttingen eingef\u00fchrt - Radio Leinewelle\" \/>\n<meta property=\"og:description\" content=\"G\u00f6ttingen. Mit einem Gottesdienst in der G\u00f6ttinger St. Johanniskirche hat Regionalbisch\u00f6fin Dr. Adelheid Ruck-Schr\u00f6der am 09.01. Dr. Frank Uhlhorn in sein Amt als Superintendent des Kirchenkreises G\u00f6ttingen eingef\u00fchrt. Der 55-J\u00e4hrige ist seit dem 1. November im Kirchenkreis t\u00e4tig. Aufbruch war das zentrale Thema des Gottesdienstes. In seiner Predigt zitierte Dr. Frank Uhlhorn sowohl aus Jesaja [&hellip;]\" \/>\n<meta property=\"og:url\" content=\"https:\/\/radioleinewelle.de\/index.php\/2022\/01\/14\/dr-frank-uhlhorn-als-neuer-superintendent-des-kirchenkreises-goettingen-eingefuehrt\/\" \/>\n<meta property=\"og:site_name\" content=\"Radio Leinewelle\" \/>\n<meta property=\"article:publisher\" content=\"https:\/\/www.facebook.com\/radioleinewelle\" \/>\n<meta property=\"article:author\" content=\"https:\/\/www.facebook.com\/radioleinewelle\" \/>\n<meta property=\"article:published_time\" content=\"2022-01-14T03:57:01+00:00\" \/>\n<meta property=\"og:image\" content=\"https:\/\/radioleinewelle.de\/wp-content\/uploads\/2022\/01\/Dr.-Frank-Uhlhorn-scaled-e1642132780366.jpg\" \/>\n\t<meta property=\"og:image:width\" content=\"546\" \/>\n\t<meta property=\"og:image:height\" content=\"291\" \/>\n\t<meta property=\"og:image:type\" content=\"image\/jpeg\" \/>\n<meta name=\"author\" content=\"Leinewelle\" \/>\n<meta name=\"twitter:card\" content=\"summary_large_image\" \/>\n<meta name=\"twitter:creator\" content=\"@https:\/\/twitter.com\/RLeinewelle?ref_src=twsrcgoogletwcampserptwgrauthor\" \/>\n<meta name=\"twitter:site\" content=\"@RLeinewelle\" \/>\n<meta name=\"twitter:label1\" content=\"Verfasst von\" \/>\n\t<meta name=\"twitter:data1\" content=\"Leinewelle\" \/>\n\t<meta name=\"twitter:label2\" content=\"Gesch\u00e4tzte Lesezeit\" \/>\n\t<meta name=\"twitter:data2\" content=\"2\u00a0Minuten\" \/>\n<script type=\"application\/ld+json\" class=\"yoast-schema-graph\">{\"@context\":\"https:\\\/\\\/schema.org\",\"@graph\":[{\"@type\":\"Article\",\"@id\":\"https:\\\/\\\/radioleinewelle.de\\\/index.php\\\/2022\\\/01\\\/14\\\/dr-frank-uhlhorn-als-neuer-superintendent-des-kirchenkreises-goettingen-eingefuehrt\\\/#article\",\"isPartOf\":{\"@id\":\"https:\\\/\\\/radioleinewelle.de\\\/index.php\\\/2022\\\/01\\\/14\\\/dr-frank-uhlhorn-als-neuer-superintendent-des-kirchenkreises-goettingen-eingefuehrt\\\/\"},\"author\":{\"name\":\"Leinewelle\",\"@id\":\"https:\\\/\\\/radioleinewelle.de\\\/#\\\/schema\\\/person\\\/45606f348637df637192dc1b68399a63\"},\"headline\":\"Dr. Frank Uhlhorn als neuer Superintendent des Kirchenkreises G\u00f6ttingen eingef\u00fchrt\",\"datePublished\":\"2022-01-14T03:57:01+00:00\",\"mainEntityOfPage\":{\"@id\":\"https:\\\/\\\/radioleinewelle.de\\\/index.php\\\/2022\\\/01\\\/14\\\/dr-frank-uhlhorn-als-neuer-superintendent-des-kirchenkreises-goettingen-eingefuehrt\\\/\"},\"wordCount\":306,\"publisher\":{\"@id\":\"https:\\\/\\\/radioleinewelle.de\\\/#organization\"},\"image\":{\"@id\":\"https:\\\/\\\/radioleinewelle.de\\\/index.php\\\/2022\\\/01\\\/14\\\/dr-frank-uhlhorn-als-neuer-superintendent-des-kirchenkreises-goettingen-eingefuehrt\\\/#primaryimage\"},\"thumbnailUrl\":\"https:\\\/\\\/radioleinewelle.de\\\/wp-content\\\/uploads\\\/2022\\\/01\\\/Dr.-Frank-Uhlhorn-scaled-e1642132780366.jpg\",\"keywords\":[\"Dr. Adelheid Ruck-Schr\u00f6der\",\"Dr. Frank Uhlhorn\",\"G\u00f6ttinger St. Johanniskirche\"],\"articleSection\":[\"Personalia\"],\"inLanguage\":\"de\"},{\"@type\":\"WebPage\",\"@id\":\"https:\\\/\\\/radioleinewelle.de\\\/index.php\\\/2022\\\/01\\\/14\\\/dr-frank-uhlhorn-als-neuer-superintendent-des-kirchenkreises-goettingen-eingefuehrt\\\/\",\"url\":\"https:\\\/\\\/radioleinewelle.de\\\/index.php\\\/2022\\\/01\\\/14\\\/dr-frank-uhlhorn-als-neuer-superintendent-des-kirchenkreises-goettingen-eingefuehrt\\\/\",\"name\":\"Dr. Frank Uhlhorn als neuer Superintendent des Kirchenkreises G\u00f6ttingen eingef\u00fchrt - Radio Leinewelle\",\"isPartOf\":{\"@id\":\"https:\\\/\\\/radioleinewelle.de\\\/#website\"},\"primaryImageOfPage\":{\"@id\":\"https:\\\/\\\/radioleinewelle.de\\\/index.php\\\/2022\\\/01\\\/14\\\/dr-frank-uhlhorn-als-neuer-superintendent-des-kirchenkreises-goettingen-eingefuehrt\\\/#primaryimage\"},\"image\":{\"@id\":\"https:\\\/\\\/radioleinewelle.de\\\/index.php\\\/2022\\\/01\\\/14\\\/dr-frank-uhlhorn-als-neuer-superintendent-des-kirchenkreises-goettingen-eingefuehrt\\\/#primaryimage\"},\"thumbnailUrl\":\"https:\\\/\\\/radioleinewelle.de\\\/wp-content\\\/uploads\\\/2022\\\/01\\\/Dr.-Frank-Uhlhorn-scaled-e1642132780366.jpg\",\"datePublished\":\"2022-01-14T03:57:01+00:00\",\"breadcrumb\":{\"@id\":\"https:\\\/\\\/radioleinewelle.de\\\/index.php\\\/2022\\\/01\\\/14\\\/dr-frank-uhlhorn-als-neuer-superintendent-des-kirchenkreises-goettingen-eingefuehrt\\\/#breadcrumb\"},\"inLanguage\":\"de\",\"potentialAction\":[{\"@type\":\"ReadAction\",\"target\":[\"https:\\\/\\\/radioleinewelle.de\\\/index.php\\\/2022\\\/01\\\/14\\\/dr-frank-uhlhorn-als-neuer-superintendent-des-kirchenkreises-goettingen-eingefuehrt\\\/\"]}]},{\"@type\":\"ImageObject\",\"inLanguage\":\"de\",\"@id\":\"https:\\\/\\\/radioleinewelle.de\\\/index.php\\\/2022\\\/01\\\/14\\\/dr-frank-uhlhorn-als-neuer-superintendent-des-kirchenkreises-goettingen-eingefuehrt\\\/#primaryimage\",\"url\":\"https:\\\/\\\/radioleinewelle.de\\\/wp-content\\\/uploads\\\/2022\\\/01\\\/Dr.-Frank-Uhlhorn-scaled-e1642132780366.jpg\",\"contentUrl\":\"https:\\\/\\\/radioleinewelle.de\\\/wp-content\\\/uploads\\\/2022\\\/01\\\/Dr.-Frank-Uhlhorn-scaled-e1642132780366.jpg\",\"width\":546,\"height\":291},{\"@type\":\"BreadcrumbList\",\"@id\":\"https:\\\/\\\/radioleinewelle.de\\\/index.php\\\/2022\\\/01\\\/14\\\/dr-frank-uhlhorn-als-neuer-superintendent-des-kirchenkreises-goettingen-eingefuehrt\\\/#breadcrumb\",\"itemListElement\":[{\"@type\":\"ListItem\",\"position\":1,\"name\":\"Startseite\",\"item\":\"https:\\\/\\\/radioleinewelle.de\\\/\"},{\"@type\":\"ListItem\",\"position\":2,\"name\":\"Dr. Frank Uhlhorn als neuer Superintendent des Kirchenkreises G\u00f6ttingen eingef\u00fchrt\"}]},{\"@type\":\"WebSite\",\"@id\":\"https:\\\/\\\/radioleinewelle.de\\\/#website\",\"url\":\"https:\\\/\\\/radioleinewelle.de\\\/\",\"name\":\"Radio Leinewelle\",\"description\":\"\",\"publisher\":{\"@id\":\"https:\\\/\\\/radioleinewelle.de\\\/#organization\"},\"potentialAction\":[{\"@type\":\"SearchAction\",\"target\":{\"@type\":\"EntryPoint\",\"urlTemplate\":\"https:\\\/\\\/radioleinewelle.de\\\/?s={search_term_string}\"},\"query-input\":{\"@type\":\"PropertyValueSpecification\",\"valueRequired\":true,\"valueName\":\"search_term_string\"}}],\"inLanguage\":\"de\"},{\"@type\":\"Organization\",\"@id\":\"https:\\\/\\\/radioleinewelle.de\\\/#organization\",\"name\":\"Radio Leinewelle\",\"alternateName\":\"Mein Radio f\u00fcr S\u00fcdniedersachsen\",\"url\":\"https:\\\/\\\/radioleinewelle.de\\\/\",\"logo\":{\"@type\":\"ImageObject\",\"inLanguage\":\"de\",\"@id\":\"https:\\\/\\\/radioleinewelle.de\\\/#\\\/schema\\\/logo\\\/image\\\/\",\"url\":\"https:\\\/\\\/radioleinewelle.de\\\/wp-content\\\/uploads\\\/2023\\\/11\\\/cropped-Leinewelle_Logo_weiss.png\",\"contentUrl\":\"https:\\\/\\\/radioleinewelle.de\\\/wp-content\\\/uploads\\\/2023\\\/11\\\/cropped-Leinewelle_Logo_weiss.png\",\"width\":854,\"height\":260,\"caption\":\"Radio Leinewelle\"},\"image\":{\"@id\":\"https:\\\/\\\/radioleinewelle.de\\\/#\\\/schema\\\/logo\\\/image\\\/\"},\"sameAs\":[\"https:\\\/\\\/www.facebook.com\\\/radioleinewelle\",\"https:\\\/\\\/x.com\\\/RLeinewelle\",\"https:\\\/\\\/www.instagram.com\\\/radioleinewelle\\\/?hl=de\"]},{\"@type\":\"Person\",\"@id\":\"https:\\\/\\\/radioleinewelle.de\\\/#\\\/schema\\\/person\\\/45606f348637df637192dc1b68399a63\",\"name\":\"Leinewelle\",\"image\":{\"@type\":\"ImageObject\",\"inLanguage\":\"de\",\"@id\":\"https:\\\/\\\/secure.gravatar.com\\\/avatar\\\/05c9a17bc973052ee5d91549bd32fb4dd0dc85b7b85ae94b2e2b4943476bbea5?s=96&d=blank&r=g\",\"url\":\"https:\\\/\\\/secure.gravatar.com\\\/avatar\\\/05c9a17bc973052ee5d91549bd32fb4dd0dc85b7b85ae94b2e2b4943476bbea5?s=96&d=blank&r=g\",\"contentUrl\":\"https:\\\/\\\/secure.gravatar.com\\\/avatar\\\/05c9a17bc973052ee5d91549bd32fb4dd0dc85b7b85ae94b2e2b4943476bbea5?s=96&d=blank&r=g\",\"caption\":\"Leinewelle\"},\"sameAs\":[\"http:\\\/\\\/localhost\\\/radio%20leinewelle\\\/wordpress\",\"https:\\\/\\\/www.facebook.com\\\/radioleinewelle\",\"https:\\\/\\\/www.instagram.com\\\/radioleinewelle\",\"https:\\\/\\\/x.com\\\/https:\\\/\\\/twitter.com\\\/RLeinewelle?ref_src=twsrcgoogletwcampserptwgrauthor\",\"https:\\\/\\\/soundcloud.com\\\/foerderverein-lokalradio?utm_source=clipboard&utm_medium=text&utm_campaign=social_sharing\"],\"url\":\"https:\\\/\\\/radioleinewelle.de\\\/index.php\\\/author\\\/leinewelle\\\/\"}]}<\/script>\n<!-- \/ Yoast SEO plugin. -->","yoast_head_json":{"title":"Dr. Frank Uhlhorn als neuer Superintendent des Kirchenkreises G\u00f6ttingen eingef\u00fchrt - Radio Leinewelle","robots":{"index":"index","follow":"follow","max-snippet":"max-snippet:-1","max-image-preview":"max-image-preview:large","max-video-preview":"max-video-preview:-1"},"canonical":"https:\/\/radioleinewelle.de\/index.php\/2022\/01\/14\/dr-frank-uhlhorn-als-neuer-superintendent-des-kirchenkreises-goettingen-eingefuehrt\/","og_locale":"de_DE","og_type":"article","og_title":"Dr. Frank Uhlhorn als neuer Superintendent des Kirchenkreises G\u00f6ttingen eingef\u00fchrt - Radio Leinewelle","og_description":"G\u00f6ttingen. Mit einem Gottesdienst in der G\u00f6ttinger St. Johanniskirche hat Regionalbisch\u00f6fin Dr. Adelheid Ruck-Schr\u00f6der am 09.01. Dr. Frank Uhlhorn in sein Amt als Superintendent des Kirchenkreises G\u00f6ttingen eingef\u00fchrt. Der 55-J\u00e4hrige ist seit dem 1. November im Kirchenkreis t\u00e4tig. Aufbruch war das zentrale Thema des Gottesdienstes. In seiner Predigt zitierte Dr. Frank Uhlhorn sowohl aus Jesaja [&hellip;]","og_url":"https:\/\/radioleinewelle.de\/index.php\/2022\/01\/14\/dr-frank-uhlhorn-als-neuer-superintendent-des-kirchenkreises-goettingen-eingefuehrt\/","og_site_name":"Radio Leinewelle","article_publisher":"https:\/\/www.facebook.com\/radioleinewelle","article_author":"https:\/\/www.facebook.com\/radioleinewelle","article_published_time":"2022-01-14T03:57:01+00:00","og_image":[{"width":546,"height":291,"url":"https:\/\/radioleinewelle.de\/wp-content\/uploads\/2022\/01\/Dr.-Frank-Uhlhorn-scaled-e1642132780366.jpg","type":"image\/jpeg"}],"author":"Leinewelle","twitter_card":"summary_large_image","twitter_creator":"@https:\/\/twitter.com\/RLeinewelle?ref_src=twsrcgoogletwcampserptwgrauthor","twitter_site":"@RLeinewelle","twitter_misc":{"Verfasst von":"Leinewelle","Gesch\u00e4tzte Lesezeit":"2\u00a0Minuten"},"schema":{"@context":"https:\/\/schema.org","@graph":[{"@type":"Article","@id":"https:\/\/radioleinewelle.de\/index.php\/2022\/01\/14\/dr-frank-uhlhorn-als-neuer-superintendent-des-kirchenkreises-goettingen-eingefuehrt\/#article","isPartOf":{"@id":"https:\/\/radioleinewelle.de\/index.php\/2022\/01\/14\/dr-frank-uhlhorn-als-neuer-superintendent-des-kirchenkreises-goettingen-eingefuehrt\/"},"author":{"name":"Leinewelle","@id":"https:\/\/radioleinewelle.de\/#\/schema\/person\/45606f348637df637192dc1b68399a63"},"headline":"Dr. Frank Uhlhorn als neuer Superintendent des Kirchenkreises G\u00f6ttingen eingef\u00fchrt","datePublished":"2022-01-14T03:57:01+00:00","mainEntityOfPage":{"@id":"https:\/\/radioleinewelle.de\/index.php\/2022\/01\/14\/dr-frank-uhlhorn-als-neuer-superintendent-des-kirchenkreises-goettingen-eingefuehrt\/"},"wordCount":306,"publisher":{"@id":"https:\/\/radioleinewelle.de\/#organization"},"image":{"@id":"https:\/\/radioleinewelle.de\/index.php\/2022\/01\/14\/dr-frank-uhlhorn-als-neuer-superintendent-des-kirchenkreises-goettingen-eingefuehrt\/#primaryimage"},"thumbnailUrl":"https:\/\/radioleinewelle.de\/wp-content\/uploads\/2022\/01\/Dr.-Frank-Uhlhorn-scaled-e1642132780366.jpg","keywords":["Dr. Adelheid Ruck-Schr\u00f6der","Dr. Frank Uhlhorn","G\u00f6ttinger St. Johanniskirche"],"articleSection":["Personalia"],"inLanguage":"de"},{"@type":"WebPage","@id":"https:\/\/radioleinewelle.de\/index.php\/2022\/01\/14\/dr-frank-uhlhorn-als-neuer-superintendent-des-kirchenkreises-goettingen-eingefuehrt\/","url":"https:\/\/radioleinewelle.de\/index.php\/2022\/01\/14\/dr-frank-uhlhorn-als-neuer-superintendent-des-kirchenkreises-goettingen-eingefuehrt\/","name":"Dr. Frank Uhlhorn als neuer Superintendent des Kirchenkreises G\u00f6ttingen eingef\u00fchrt - Radio Leinewelle","isPartOf":{"@id":"https:\/\/radioleinewelle.de\/#website"},"primaryImageOfPage":{"@id":"https:\/\/radioleinewelle.de\/index.php\/2022\/01\/14\/dr-frank-uhlhorn-als-neuer-superintendent-des-kirchenkreises-goettingen-eingefuehrt\/#primaryimage"},"image":{"@id":"https:\/\/radioleinewelle.de\/index.php\/2022\/01\/14\/dr-frank-uhlhorn-als-neuer-superintendent-des-kirchenkreises-goettingen-eingefuehrt\/#primaryimage"},"thumbnailUrl":"https:\/\/radioleinewelle.de\/wp-content\/uploads\/2022\/01\/Dr.-Frank-Uhlhorn-scaled-e1642132780366.jpg","datePublished":"2022-01-14T03:57:01+00:00","breadcrumb":{"@id":"https:\/\/radioleinewelle.de\/index.php\/2022\/01\/14\/dr-frank-uhlhorn-als-neuer-superintendent-des-kirchenkreises-goettingen-eingefuehrt\/#breadcrumb"},"inLanguage":"de","potentialAction":[{"@type":"ReadAction","target":["https:\/\/radioleinewelle.de\/index.php\/2022\/01\/14\/dr-frank-uhlhorn-als-neuer-superintendent-des-kirchenkreises-goettingen-eingefuehrt\/"]}]},{"@type":"ImageObject","inLanguage":"de","@id":"https:\/\/radioleinewelle.de\/index.php\/2022\/01\/14\/dr-frank-uhlhorn-als-neuer-superintendent-des-kirchenkreises-goettingen-eingefuehrt\/#primaryimage","url":"https:\/\/radioleinewelle.de\/wp-content\/uploads\/2022\/01\/Dr.-Frank-Uhlhorn-scaled-e1642132780366.jpg","contentUrl":"https:\/\/radioleinewelle.de\/wp-content\/uploads\/2022\/01\/Dr.-Frank-Uhlhorn-scaled-e1642132780366.jpg","width":546,"height":291},{"@type":"BreadcrumbList","@id":"https:\/\/radioleinewelle.de\/index.php\/2022\/01\/14\/dr-frank-uhlhorn-als-neuer-superintendent-des-kirchenkreises-goettingen-eingefuehrt\/#breadcrumb","itemListElement":[{"@type":"ListItem","position":1,"name":"Startseite","item":"https:\/\/radioleinewelle.de\/"},{"@type":"ListItem","position":2,"name":"Dr. Frank Uhlhorn als neuer Superintendent des Kirchenkreises G\u00f6ttingen eingef\u00fchrt"}]},{"@type":"WebSite","@id":"https:\/\/radioleinewelle.de\/#website","url":"https:\/\/radioleinewelle.de\/","name":"Radio Leinewelle","description":"","publisher":{"@id":"https:\/\/radioleinewelle.de\/#organization"},"potentialAction":[{"@type":"SearchAction","target":{"@type":"EntryPoint","urlTemplate":"https:\/\/radioleinewelle.de\/?s={search_term_string}"},"query-input":{"@type":"PropertyValueSpecification","valueRequired":true,"valueName":"search_term_string"}}],"inLanguage":"de"},{"@type":"Organization","@id":"https:\/\/radioleinewelle.de\/#organization","name":"Radio Leinewelle","alternateName":"Mein Radio f\u00fcr S\u00fcdniedersachsen","url":"https:\/\/radioleinewelle.de\/","logo":{"@type":"ImageObject","inLanguage":"de","@id":"https:\/\/radioleinewelle.de\/#\/schema\/logo\/image\/","url":"https:\/\/radioleinewelle.de\/wp-content\/uploads\/2023\/11\/cropped-Leinewelle_Logo_weiss.png","contentUrl":"https:\/\/radioleinewelle.de\/wp-content\/uploads\/2023\/11\/cropped-Leinewelle_Logo_weiss.png","width":854,"height":260,"caption":"Radio Leinewelle"},"image":{"@id":"https:\/\/radioleinewelle.de\/#\/schema\/logo\/image\/"},"sameAs":["https:\/\/www.facebook.com\/radioleinewelle","https:\/\/x.com\/RLeinewelle","https:\/\/www.instagram.com\/radioleinewelle\/?hl=de"]},{"@type":"Person","@id":"https:\/\/radioleinewelle.de\/#\/schema\/person\/45606f348637df637192dc1b68399a63","name":"Leinewelle","image":{"@type":"ImageObject","inLanguage":"de","@id":"https:\/\/secure.gravatar.com\/avatar\/05c9a17bc973052ee5d91549bd32fb4dd0dc85b7b85ae94b2e2b4943476bbea5?s=96&d=blank&r=g","url":"https:\/\/secure.gravatar.com\/avatar\/05c9a17bc973052ee5d91549bd32fb4dd0dc85b7b85ae94b2e2b4943476bbea5?s=96&d=blank&r=g","contentUrl":"https:\/\/secure.gravatar.com\/avatar\/05c9a17bc973052ee5d91549bd32fb4dd0dc85b7b85ae94b2e2b4943476bbea5?s=96&d=blank&r=g","caption":"Leinewelle"},"sameAs":["http:\/\/localhost\/radio%20leinewelle\/wordpress","https:\/\/www.facebook.com\/radioleinewelle","https:\/\/www.instagram.com\/radioleinewelle","https:\/\/x.com\/https:\/\/twitter.com\/RLeinewelle?ref_src=twsrcgoogletwcampserptwgrauthor","https:\/\/soundcloud.com\/foerderverein-lokalradio?utm_source=clipboard&utm_medium=text&utm_campaign=social_sharing"],"url":"https:\/\/radioleinewelle.de\/index.php\/author\/leinewelle\/"}]}},"_links":{"self":[{"href":"https:\/\/radioleinewelle.de\/index.php\/wp-json\/wp\/v2\/posts\/12445","targetHints":{"allow":["GET"]}}],"collection":[{"href":"https:\/\/radioleinewelle.de\/index.php\/wp-json\/wp\/v2\/posts"}],"about":[{"href":"https:\/\/radioleinewelle.de\/index.php\/wp-json\/wp\/v2\/types\/post"}],"author":[{"embeddable":true,"href":"https:\/\/radioleinewelle.de\/index.php\/wp-json\/wp\/v2\/users\/1"}],"replies":[{"embeddable":true,"href":"https:\/\/radioleinewelle.de\/index.php\/wp-json\/wp\/v2\/comments?post=12445"}],"version-history":[{"count":0,"href":"https:\/\/radioleinewelle.de\/index.php\/wp-json\/wp\/v2\/posts\/12445\/revisions"}],"wp:featuredmedia":[{"embeddable":true,"href":"https:\/\/radioleinewelle.de\/index.php\/wp-json\/wp\/v2\/media\/12447"}],"wp:attachment":[{"href":"https:\/\/radioleinewelle.de\/index.php\/wp-json\/wp\/v2\/media?parent=12445"}],"wp:term":[{"taxonomy":"category","embeddable":true,"href":"https:\/\/radioleinewelle.de\/index.php\/wp-json\/wp\/v2\/categories?post=12445"},{"taxonomy":"post_tag","embeddable":true,"href":"https:\/\/radioleinewelle.de\/index.php\/wp-json\/wp\/v2\/tags?post=12445"}],"curies":[{"name":"wp","href":"https:\/\/api.w.org\/{rel}","templated":true}]}}