{"id":12458,"date":"2022-01-14T05:21:24","date_gmt":"2022-01-14T04:21:24","guid":{"rendered":"https:\/\/radioleinewelle.de\/?p=12458"},"modified":"2022-01-14T05:21:24","modified_gmt":"2022-01-14T04:21:24","slug":"heute-bundesweite-aktion-von-fridays-for-future","status":"publish","type":"post","link":"https:\/\/radioleinewelle.de\/index.php\/2022\/01\/14\/heute-bundesweite-aktion-von-fridays-for-future\/","title":{"rendered":"Heute bundesweite Aktion von Fridays for Future"},"content":{"rendered":"\n<p>Am heutigen Freitag wird Fridays for Future bundesweit Aktionen durchf\u00fchren, um die Pl\u00e4ne f\u00fcr die EU-Taxonomie erneut zu kritisieren und Druck auf die neue Bundesregierung auszu\u00fcben.Anlass sind die Pl\u00e4ne der EU, fossiles Erdgas und Atomkraft zumindest teilweise als nachhaltig einzustufen und somit finanziell zu unterst\u00fctzen. Daran \u00fcbt die Bewegung europaweit scharfe Kritik. F\u00fcr morgen sind daher in vielen St\u00e4dten coronakonforme Aktionen geplant. In G\u00f6ttingen beginnt die Aktion um 14:00 Uhr am G\u00e4nseliesel vor dem Alten Rathaus.Fridays for Future fordern von der Ampel-Regierung \u201eeine eindeutige Ablehnung des Vorschlags der EU Kommission und einen verbindlichen Gasausstieg bis sp\u00e4testens 2035.\u201c Die Bundesregierung m\u00fcsse \u201ebei ihrer ersten wichtigen internationalen Klima-Entscheidung zeigen, dass Klimaschutz mehr als nur ein leeres Versprechen im Koalitionsvertrag ist!&#8220; hei\u00dft es in einer Pressemitteilung.<\/p>\n","protected":false},"excerpt":{"rendered":"<p>Am heutigen Freitag wird Fridays for Future bundesweit Aktionen durchf\u00fchren, um die Pl\u00e4ne f\u00fcr die EU-Taxonomie erneut zu kritisieren und Druck auf die neue Bundesregierung auszu\u00fcben.Anlass sind die Pl\u00e4ne der EU, fossiles Erdgas und Atomkraft zumindest teilweise als nachhaltig einzustufen und somit finanziell zu unterst\u00fctzen. Daran \u00fcbt die Bewegung europaweit scharfe Kritik. F\u00fcr morgen sind [&hellip;]<\/p>\n","protected":false},"author":1,"featured_media":12459,"comment_status":"closed","ping_status":"closed","sticky":false,"template":"","format":"standard","meta":{"saved_in_kubio":false,"footnotes":""},"categories":[520],"tags":[2781,2782],"class_list":["post-12458","post","type-post","status-publish","format-standard","has-post-thumbnail","hentry","category-klimawandel","tag-eu-taxonomie","tag-fridays-for-future-goettingen"],"yoast_head":"<!-- This site is optimized with the Yoast SEO plugin v27.4 - https:\/\/yoast.com\/product\/yoast-seo-wordpress\/ -->\n<title>Heute bundesweite Aktion von Fridays for Future - Radio Leinewelle<\/title>\n<meta name=\"robots\" content=\"index, follow, max-snippet:-1, max-image-preview:large, max-video-preview:-1\" \/>\n<link rel=\"canonical\" href=\"https:\/\/radioleinewelle.de\/index.php\/2022\/01\/14\/heute-bundesweite-aktion-von-fridays-for-future\/\" \/>\n<meta property=\"og:locale\" content=\"de_DE\" \/>\n<meta property=\"og:type\" content=\"article\" \/>\n<meta property=\"og:title\" content=\"Heute bundesweite Aktion von Fridays for Future - Radio Leinewelle\" \/>\n<meta property=\"og:description\" content=\"Am heutigen Freitag wird Fridays for Future bundesweit Aktionen durchf\u00fchren, um die Pl\u00e4ne f\u00fcr die EU-Taxonomie erneut zu kritisieren und Druck auf die neue Bundesregierung auszu\u00fcben.Anlass sind die Pl\u00e4ne der EU, fossiles Erdgas und Atomkraft zumindest teilweise als nachhaltig einzustufen und somit finanziell zu unterst\u00fctzen. Daran \u00fcbt die Bewegung europaweit scharfe Kritik. F\u00fcr morgen sind [&hellip;]\" \/>\n<meta property=\"og:url\" content=\"https:\/\/radioleinewelle.de\/index.php\/2022\/01\/14\/heute-bundesweite-aktion-von-fridays-for-future\/\" \/>\n<meta property=\"og:site_name\" content=\"Radio Leinewelle\" \/>\n<meta property=\"article:publisher\" content=\"https:\/\/www.facebook.com\/radioleinewelle\" \/>\n<meta property=\"article:author\" content=\"https:\/\/www.facebook.com\/radioleinewelle\" \/>\n<meta property=\"article:published_time\" content=\"2022-01-14T04:21:24+00:00\" \/>\n<meta property=\"og:image\" content=\"https:\/\/radioleinewelle.de\/wp-content\/uploads\/2022\/01\/Fridays-For-Future-Goettingen-e1663912128306.jpg\" \/>\n\t<meta property=\"og:image:width\" content=\"600\" \/>\n\t<meta property=\"og:image:height\" content=\"379\" \/>\n\t<meta property=\"og:image:type\" content=\"image\/jpeg\" \/>\n<meta name=\"author\" content=\"Leinewelle\" \/>\n<meta name=\"twitter:card\" content=\"summary_large_image\" \/>\n<meta name=\"twitter:creator\" content=\"@https:\/\/twitter.com\/RLeinewelle?ref_src=twsrcgoogletwcampserptwgrauthor\" \/>\n<meta name=\"twitter:site\" content=\"@RLeinewelle\" \/>\n<meta name=\"twitter:label1\" content=\"Verfasst von\" \/>\n\t<meta name=\"twitter:data1\" content=\"Leinewelle\" \/>\n\t<meta name=\"twitter:label2\" content=\"Gesch\u00e4tzte Lesezeit\" \/>\n\t<meta name=\"twitter:data2\" content=\"1\u00a0Minute\" \/>\n<script type=\"application\/ld+json\" class=\"yoast-schema-graph\">{\"@context\":\"https:\\\/\\\/schema.org\",\"@graph\":[{\"@type\":\"Article\",\"@id\":\"https:\\\/\\\/radioleinewelle.de\\\/index.php\\\/2022\\\/01\\\/14\\\/heute-bundesweite-aktion-von-fridays-for-future\\\/#article\",\"isPartOf\":{\"@id\":\"https:\\\/\\\/radioleinewelle.de\\\/index.php\\\/2022\\\/01\\\/14\\\/heute-bundesweite-aktion-von-fridays-for-future\\\/\"},\"author\":{\"name\":\"Leinewelle\",\"@id\":\"https:\\\/\\\/radioleinewelle.de\\\/#\\\/schema\\\/person\\\/45606f348637df637192dc1b68399a63\"},\"headline\":\"Heute bundesweite Aktion von Fridays for Future\",\"datePublished\":\"2022-01-14T04:21:24+00:00\",\"mainEntityOfPage\":{\"@id\":\"https:\\\/\\\/radioleinewelle.de\\\/index.php\\\/2022\\\/01\\\/14\\\/heute-bundesweite-aktion-von-fridays-for-future\\\/\"},\"wordCount\":143,\"publisher\":{\"@id\":\"https:\\\/\\\/radioleinewelle.de\\\/#organization\"},\"image\":{\"@id\":\"https:\\\/\\\/radioleinewelle.de\\\/index.php\\\/2022\\\/01\\\/14\\\/heute-bundesweite-aktion-von-fridays-for-future\\\/#primaryimage\"},\"thumbnailUrl\":\"https:\\\/\\\/radioleinewelle.de\\\/wp-content\\\/uploads\\\/2022\\\/01\\\/Fridays-For-Future-Goettingen-e1663912128306.jpg\",\"keywords\":[\"EU Taxonomie\",\"Fridays For Future G\u00f6ttingen\"],\"articleSection\":[\"Klimawandel\"],\"inLanguage\":\"de\"},{\"@type\":\"WebPage\",\"@id\":\"https:\\\/\\\/radioleinewelle.de\\\/index.php\\\/2022\\\/01\\\/14\\\/heute-bundesweite-aktion-von-fridays-for-future\\\/\",\"url\":\"https:\\\/\\\/radioleinewelle.de\\\/index.php\\\/2022\\\/01\\\/14\\\/heute-bundesweite-aktion-von-fridays-for-future\\\/\",\"name\":\"Heute bundesweite Aktion von Fridays for Future - Radio Leinewelle\",\"isPartOf\":{\"@id\":\"https:\\\/\\\/radioleinewelle.de\\\/#website\"},\"primaryImageOfPage\":{\"@id\":\"https:\\\/\\\/radioleinewelle.de\\\/index.php\\\/2022\\\/01\\\/14\\\/heute-bundesweite-aktion-von-fridays-for-future\\\/#primaryimage\"},\"image\":{\"@id\":\"https:\\\/\\\/radioleinewelle.de\\\/index.php\\\/2022\\\/01\\\/14\\\/heute-bundesweite-aktion-von-fridays-for-future\\\/#primaryimage\"},\"thumbnailUrl\":\"https:\\\/\\\/radioleinewelle.de\\\/wp-content\\\/uploads\\\/2022\\\/01\\\/Fridays-For-Future-Goettingen-e1663912128306.jpg\",\"datePublished\":\"2022-01-14T04:21:24+00:00\",\"breadcrumb\":{\"@id\":\"https:\\\/\\\/radioleinewelle.de\\\/index.php\\\/2022\\\/01\\\/14\\\/heute-bundesweite-aktion-von-fridays-for-future\\\/#breadcrumb\"},\"inLanguage\":\"de\",\"potentialAction\":[{\"@type\":\"ReadAction\",\"target\":[\"https:\\\/\\\/radioleinewelle.de\\\/index.php\\\/2022\\\/01\\\/14\\\/heute-bundesweite-aktion-von-fridays-for-future\\\/\"]}]},{\"@type\":\"ImageObject\",\"inLanguage\":\"de\",\"@id\":\"https:\\\/\\\/radioleinewelle.de\\\/index.php\\\/2022\\\/01\\\/14\\\/heute-bundesweite-aktion-von-fridays-for-future\\\/#primaryimage\",\"url\":\"https:\\\/\\\/radioleinewelle.de\\\/wp-content\\\/uploads\\\/2022\\\/01\\\/Fridays-For-Future-Goettingen-e1663912128306.jpg\",\"contentUrl\":\"https:\\\/\\\/radioleinewelle.de\\\/wp-content\\\/uploads\\\/2022\\\/01\\\/Fridays-For-Future-Goettingen-e1663912128306.jpg\",\"width\":600,\"height\":379},{\"@type\":\"BreadcrumbList\",\"@id\":\"https:\\\/\\\/radioleinewelle.de\\\/index.php\\\/2022\\\/01\\\/14\\\/heute-bundesweite-aktion-von-fridays-for-future\\\/#breadcrumb\",\"itemListElement\":[{\"@type\":\"ListItem\",\"position\":1,\"name\":\"Startseite\",\"item\":\"https:\\\/\\\/radioleinewelle.de\\\/\"},{\"@type\":\"ListItem\",\"position\":2,\"name\":\"Heute bundesweite Aktion von Fridays for Future\"}]},{\"@type\":\"WebSite\",\"@id\":\"https:\\\/\\\/radioleinewelle.de\\\/#website\",\"url\":\"https:\\\/\\\/radioleinewelle.de\\\/\",\"name\":\"Radio Leinewelle\",\"description\":\"\",\"publisher\":{\"@id\":\"https:\\\/\\\/radioleinewelle.de\\\/#organization\"},\"potentialAction\":[{\"@type\":\"SearchAction\",\"target\":{\"@type\":\"EntryPoint\",\"urlTemplate\":\"https:\\\/\\\/radioleinewelle.de\\\/?s={search_term_string}\"},\"query-input\":{\"@type\":\"PropertyValueSpecification\",\"valueRequired\":true,\"valueName\":\"search_term_string\"}}],\"inLanguage\":\"de\"},{\"@type\":\"Organization\",\"@id\":\"https:\\\/\\\/radioleinewelle.de\\\/#organization\",\"name\":\"Radio Leinewelle\",\"alternateName\":\"Mein Radio f\u00fcr S\u00fcdniedersachsen\",\"url\":\"https:\\\/\\\/radioleinewelle.de\\\/\",\"logo\":{\"@type\":\"ImageObject\",\"inLanguage\":\"de\",\"@id\":\"https:\\\/\\\/radioleinewelle.de\\\/#\\\/schema\\\/logo\\\/image\\\/\",\"url\":\"https:\\\/\\\/radioleinewelle.de\\\/wp-content\\\/uploads\\\/2023\\\/11\\\/cropped-Leinewelle_Logo_weiss.png\",\"contentUrl\":\"https:\\\/\\\/radioleinewelle.de\\\/wp-content\\\/uploads\\\/2023\\\/11\\\/cropped-Leinewelle_Logo_weiss.png\",\"width\":854,\"height\":260,\"caption\":\"Radio Leinewelle\"},\"image\":{\"@id\":\"https:\\\/\\\/radioleinewelle.de\\\/#\\\/schema\\\/logo\\\/image\\\/\"},\"sameAs\":[\"https:\\\/\\\/www.facebook.com\\\/radioleinewelle\",\"https:\\\/\\\/x.com\\\/RLeinewelle\",\"https:\\\/\\\/www.instagram.com\\\/radioleinewelle\\\/?hl=de\"]},{\"@type\":\"Person\",\"@id\":\"https:\\\/\\\/radioleinewelle.de\\\/#\\\/schema\\\/person\\\/45606f348637df637192dc1b68399a63\",\"name\":\"Leinewelle\",\"image\":{\"@type\":\"ImageObject\",\"inLanguage\":\"de\",\"@id\":\"https:\\\/\\\/secure.gravatar.com\\\/avatar\\\/05c9a17bc973052ee5d91549bd32fb4dd0dc85b7b85ae94b2e2b4943476bbea5?s=96&d=blank&r=g\",\"url\":\"https:\\\/\\\/secure.gravatar.com\\\/avatar\\\/05c9a17bc973052ee5d91549bd32fb4dd0dc85b7b85ae94b2e2b4943476bbea5?s=96&d=blank&r=g\",\"contentUrl\":\"https:\\\/\\\/secure.gravatar.com\\\/avatar\\\/05c9a17bc973052ee5d91549bd32fb4dd0dc85b7b85ae94b2e2b4943476bbea5?s=96&d=blank&r=g\",\"caption\":\"Leinewelle\"},\"sameAs\":[\"http:\\\/\\\/localhost\\\/radio%20leinewelle\\\/wordpress\",\"https:\\\/\\\/www.facebook.com\\\/radioleinewelle\",\"https:\\\/\\\/www.instagram.com\\\/radioleinewelle\",\"https:\\\/\\\/x.com\\\/https:\\\/\\\/twitter.com\\\/RLeinewelle?ref_src=twsrcgoogletwcampserptwgrauthor\",\"https:\\\/\\\/soundcloud.com\\\/foerderverein-lokalradio?utm_source=clipboard&utm_medium=text&utm_campaign=social_sharing\"],\"url\":\"https:\\\/\\\/radioleinewelle.de\\\/index.php\\\/author\\\/leinewelle\\\/\"}]}<\/script>\n<!-- \/ Yoast SEO plugin. -->","yoast_head_json":{"title":"Heute bundesweite Aktion von Fridays for Future - Radio Leinewelle","robots":{"index":"index","follow":"follow","max-snippet":"max-snippet:-1","max-image-preview":"max-image-preview:large","max-video-preview":"max-video-preview:-1"},"canonical":"https:\/\/radioleinewelle.de\/index.php\/2022\/01\/14\/heute-bundesweite-aktion-von-fridays-for-future\/","og_locale":"de_DE","og_type":"article","og_title":"Heute bundesweite Aktion von Fridays for Future - Radio Leinewelle","og_description":"Am heutigen Freitag wird Fridays for Future bundesweit Aktionen durchf\u00fchren, um die Pl\u00e4ne f\u00fcr die EU-Taxonomie erneut zu kritisieren und Druck auf die neue Bundesregierung auszu\u00fcben.Anlass sind die Pl\u00e4ne der EU, fossiles Erdgas und Atomkraft zumindest teilweise als nachhaltig einzustufen und somit finanziell zu unterst\u00fctzen. Daran \u00fcbt die Bewegung europaweit scharfe Kritik. F\u00fcr morgen sind [&hellip;]","og_url":"https:\/\/radioleinewelle.de\/index.php\/2022\/01\/14\/heute-bundesweite-aktion-von-fridays-for-future\/","og_site_name":"Radio Leinewelle","article_publisher":"https:\/\/www.facebook.com\/radioleinewelle","article_author":"https:\/\/www.facebook.com\/radioleinewelle","article_published_time":"2022-01-14T04:21:24+00:00","og_image":[{"width":600,"height":379,"url":"https:\/\/radioleinewelle.de\/wp-content\/uploads\/2022\/01\/Fridays-For-Future-Goettingen-e1663912128306.jpg","type":"image\/jpeg"}],"author":"Leinewelle","twitter_card":"summary_large_image","twitter_creator":"@https:\/\/twitter.com\/RLeinewelle?ref_src=twsrcgoogletwcampserptwgrauthor","twitter_site":"@RLeinewelle","twitter_misc":{"Verfasst von":"Leinewelle","Gesch\u00e4tzte Lesezeit":"1\u00a0Minute"},"schema":{"@context":"https:\/\/schema.org","@graph":[{"@type":"Article","@id":"https:\/\/radioleinewelle.de\/index.php\/2022\/01\/14\/heute-bundesweite-aktion-von-fridays-for-future\/#article","isPartOf":{"@id":"https:\/\/radioleinewelle.de\/index.php\/2022\/01\/14\/heute-bundesweite-aktion-von-fridays-for-future\/"},"author":{"name":"Leinewelle","@id":"https:\/\/radioleinewelle.de\/#\/schema\/person\/45606f348637df637192dc1b68399a63"},"headline":"Heute bundesweite Aktion von Fridays for Future","datePublished":"2022-01-14T04:21:24+00:00","mainEntityOfPage":{"@id":"https:\/\/radioleinewelle.de\/index.php\/2022\/01\/14\/heute-bundesweite-aktion-von-fridays-for-future\/"},"wordCount":143,"publisher":{"@id":"https:\/\/radioleinewelle.de\/#organization"},"image":{"@id":"https:\/\/radioleinewelle.de\/index.php\/2022\/01\/14\/heute-bundesweite-aktion-von-fridays-for-future\/#primaryimage"},"thumbnailUrl":"https:\/\/radioleinewelle.de\/wp-content\/uploads\/2022\/01\/Fridays-For-Future-Goettingen-e1663912128306.jpg","keywords":["EU Taxonomie","Fridays For Future G\u00f6ttingen"],"articleSection":["Klimawandel"],"inLanguage":"de"},{"@type":"WebPage","@id":"https:\/\/radioleinewelle.de\/index.php\/2022\/01\/14\/heute-bundesweite-aktion-von-fridays-for-future\/","url":"https:\/\/radioleinewelle.de\/index.php\/2022\/01\/14\/heute-bundesweite-aktion-von-fridays-for-future\/","name":"Heute bundesweite Aktion von Fridays for Future - Radio Leinewelle","isPartOf":{"@id":"https:\/\/radioleinewelle.de\/#website"},"primaryImageOfPage":{"@id":"https:\/\/radioleinewelle.de\/index.php\/2022\/01\/14\/heute-bundesweite-aktion-von-fridays-for-future\/#primaryimage"},"image":{"@id":"https:\/\/radioleinewelle.de\/index.php\/2022\/01\/14\/heute-bundesweite-aktion-von-fridays-for-future\/#primaryimage"},"thumbnailUrl":"https:\/\/radioleinewelle.de\/wp-content\/uploads\/2022\/01\/Fridays-For-Future-Goettingen-e1663912128306.jpg","datePublished":"2022-01-14T04:21:24+00:00","breadcrumb":{"@id":"https:\/\/radioleinewelle.de\/index.php\/2022\/01\/14\/heute-bundesweite-aktion-von-fridays-for-future\/#breadcrumb"},"inLanguage":"de","potentialAction":[{"@type":"ReadAction","target":["https:\/\/radioleinewelle.de\/index.php\/2022\/01\/14\/heute-bundesweite-aktion-von-fridays-for-future\/"]}]},{"@type":"ImageObject","inLanguage":"de","@id":"https:\/\/radioleinewelle.de\/index.php\/2022\/01\/14\/heute-bundesweite-aktion-von-fridays-for-future\/#primaryimage","url":"https:\/\/radioleinewelle.de\/wp-content\/uploads\/2022\/01\/Fridays-For-Future-Goettingen-e1663912128306.jpg","contentUrl":"https:\/\/radioleinewelle.de\/wp-content\/uploads\/2022\/01\/Fridays-For-Future-Goettingen-e1663912128306.jpg","width":600,"height":379},{"@type":"BreadcrumbList","@id":"https:\/\/radioleinewelle.de\/index.php\/2022\/01\/14\/heute-bundesweite-aktion-von-fridays-for-future\/#breadcrumb","itemListElement":[{"@type":"ListItem","position":1,"name":"Startseite","item":"https:\/\/radioleinewelle.de\/"},{"@type":"ListItem","position":2,"name":"Heute bundesweite Aktion von Fridays for Future"}]},{"@type":"WebSite","@id":"https:\/\/radioleinewelle.de\/#website","url":"https:\/\/radioleinewelle.de\/","name":"Radio Leinewelle","description":"","publisher":{"@id":"https:\/\/radioleinewelle.de\/#organization"},"potentialAction":[{"@type":"SearchAction","target":{"@type":"EntryPoint","urlTemplate":"https:\/\/radioleinewelle.de\/?s={search_term_string}"},"query-input":{"@type":"PropertyValueSpecification","valueRequired":true,"valueName":"search_term_string"}}],"inLanguage":"de"},{"@type":"Organization","@id":"https:\/\/radioleinewelle.de\/#organization","name":"Radio Leinewelle","alternateName":"Mein Radio f\u00fcr S\u00fcdniedersachsen","url":"https:\/\/radioleinewelle.de\/","logo":{"@type":"ImageObject","inLanguage":"de","@id":"https:\/\/radioleinewelle.de\/#\/schema\/logo\/image\/","url":"https:\/\/radioleinewelle.de\/wp-content\/uploads\/2023\/11\/cropped-Leinewelle_Logo_weiss.png","contentUrl":"https:\/\/radioleinewelle.de\/wp-content\/uploads\/2023\/11\/cropped-Leinewelle_Logo_weiss.png","width":854,"height":260,"caption":"Radio Leinewelle"},"image":{"@id":"https:\/\/radioleinewelle.de\/#\/schema\/logo\/image\/"},"sameAs":["https:\/\/www.facebook.com\/radioleinewelle","https:\/\/x.com\/RLeinewelle","https:\/\/www.instagram.com\/radioleinewelle\/?hl=de"]},{"@type":"Person","@id":"https:\/\/radioleinewelle.de\/#\/schema\/person\/45606f348637df637192dc1b68399a63","name":"Leinewelle","image":{"@type":"ImageObject","inLanguage":"de","@id":"https:\/\/secure.gravatar.com\/avatar\/05c9a17bc973052ee5d91549bd32fb4dd0dc85b7b85ae94b2e2b4943476bbea5?s=96&d=blank&r=g","url":"https:\/\/secure.gravatar.com\/avatar\/05c9a17bc973052ee5d91549bd32fb4dd0dc85b7b85ae94b2e2b4943476bbea5?s=96&d=blank&r=g","contentUrl":"https:\/\/secure.gravatar.com\/avatar\/05c9a17bc973052ee5d91549bd32fb4dd0dc85b7b85ae94b2e2b4943476bbea5?s=96&d=blank&r=g","caption":"Leinewelle"},"sameAs":["http:\/\/localhost\/radio%20leinewelle\/wordpress","https:\/\/www.facebook.com\/radioleinewelle","https:\/\/www.instagram.com\/radioleinewelle","https:\/\/x.com\/https:\/\/twitter.com\/RLeinewelle?ref_src=twsrcgoogletwcampserptwgrauthor","https:\/\/soundcloud.com\/foerderverein-lokalradio?utm_source=clipboard&utm_medium=text&utm_campaign=social_sharing"],"url":"https:\/\/radioleinewelle.de\/index.php\/author\/leinewelle\/"}]}},"_links":{"self":[{"href":"https:\/\/radioleinewelle.de\/index.php\/wp-json\/wp\/v2\/posts\/12458","targetHints":{"allow":["GET"]}}],"collection":[{"href":"https:\/\/radioleinewelle.de\/index.php\/wp-json\/wp\/v2\/posts"}],"about":[{"href":"https:\/\/radioleinewelle.de\/index.php\/wp-json\/wp\/v2\/types\/post"}],"author":[{"embeddable":true,"href":"https:\/\/radioleinewelle.de\/index.php\/wp-json\/wp\/v2\/users\/1"}],"replies":[{"embeddable":true,"href":"https:\/\/radioleinewelle.de\/index.php\/wp-json\/wp\/v2\/comments?post=12458"}],"version-history":[{"count":0,"href":"https:\/\/radioleinewelle.de\/index.php\/wp-json\/wp\/v2\/posts\/12458\/revisions"}],"wp:featuredmedia":[{"embeddable":true,"href":"https:\/\/radioleinewelle.de\/index.php\/wp-json\/wp\/v2\/media\/12459"}],"wp:attachment":[{"href":"https:\/\/radioleinewelle.de\/index.php\/wp-json\/wp\/v2\/media?parent=12458"}],"wp:term":[{"taxonomy":"category","embeddable":true,"href":"https:\/\/radioleinewelle.de\/index.php\/wp-json\/wp\/v2\/categories?post=12458"},{"taxonomy":"post_tag","embeddable":true,"href":"https:\/\/radioleinewelle.de\/index.php\/wp-json\/wp\/v2\/tags?post=12458"}],"curies":[{"name":"wp","href":"https:\/\/api.w.org\/{rel}","templated":true}]}}