{"id":1246,"date":"2020-08-24T09:37:28","date_gmt":"2020-08-24T07:37:28","guid":{"rendered":"https:\/\/radioleinewelle.de\/?p=1246"},"modified":"2023-01-31T12:11:40","modified_gmt":"2023-01-31T11:11:40","slug":"mein-goettingen-neues-online-magazin-von-goettingen-tourismus","status":"publish","type":"post","link":"https:\/\/radioleinewelle.de\/index.php\/2020\/08\/24\/mein-goettingen-neues-online-magazin-von-goettingen-tourismus\/","title":{"rendered":"&#8222;Mein G\u00f6ttingen&#8220; \u2013 Neues Online-Magazin von G\u00f6ttingen Tourismus"},"content":{"rendered":"<p><span class=\"b\">Der G\u00f6ttingen Tourismus blickt nicht ohne Stolz auf die 100 unterhaltsamen und informativen G\u00f6ttingen-Beitr\u00e4ge zur\u00fcck, die in den letzten 3 Jahren in seinem Blog erschienen sind. Der bunte Themen-Mix pr\u00e4sentiert Wissenswertes aus den Bereichen Stadt, Kunst &amp; Kultur, Gastronomie, Einkaufen und Freizeit. Zum 100. Artikel erh\u00e4lt die Seite jetzt einen neuen Namen: \u201eMein G\u00f6ttingen Magazin\u201c.&nbsp;<\/span>\u201eWir haben stets viel positives Feedback auf unsere Beitr\u00e4ge bekommen und h\u00e4ufig hie\u00df es, dass unsere Seite eigentlich mehr ist als ein Blog\u201c, sagt Angelika Daamen, Gesch\u00e4ftsf\u00fchrerin des G\u00f6ttingen Tourismus. Dieser Tatsache tr\u00e4gt sowohl die Umbenennung als auch ein inhaltlicher Relaunch Rechnung: Die Seite ist nun unter <a class=\"uri-ext outbound event-trigger\" href=\"http:\/\/www.mein-goettingen.de\/\" target=\"_blank\" data-category=\"story-outlink\" data-label=\"4683877\" data-action=\"click\" data-callback=\"link\" rel=\"noopener\">www.mein-goettingen.de<\/a> erreichbar. Zuk\u00fcnftig gibt es neben den gewohnten ausf\u00fchrlichen Artikeln auch k\u00fcrzere Beitr\u00e4ge. Au\u00dferdem wird der Inhalt durch neue, multimediale Elemente, wie zum Beispiel Videos und Bildergalerien, erg\u00e4nzt. \u201eWir m\u00f6chten hierdurch die M\u00f6glichkeiten, die speziell ein Online-Magazin bietet, optimal nutzen, um die Vielfalt G\u00f6ttingens noch besser abzubilden\u201c, so Angelika Daamen.<\/p>\n<p>Viel Wert legt das \u201e<a class=\"uri-ext outbound event-trigger\" href=\"https:\/\/www.mein-goettingen.de\/\" target=\"_blank\" data-category=\"story-outlink\" data-label=\"4683877\" data-action=\"click\" data-callback=\"link\" rel=\"noopener\">Mein G\u00f6ttingen Magazin<\/a>\u201c darauf, dass der Content auch weiterhin von Autorinnen und Autoren verfasst wird, die ihre ganz eigene Sicht auf G\u00f6ttingen pr\u00e4sentieren und entsprechend authentisch und mit Herzblut \u00fcber die Besonderheiten der Stadt berichten.<\/p>\n<p>Dabei setzt die Redaktion in Zukunft verst\u00e4rkt auch auf die G\u00f6ttingerinnen und G\u00f6ttinger: Themen und Geschichten die direkt aus der Community stammen, werden gerne aufgegriffen. Aktuell schreiben 13 Personen f\u00fcr das Magazin. Wer auch ein Teil davon werden m\u00f6chte, kann sich per Mail an <a class=\"uri-ext outbound event-trigger\" href=\"mailto:redaktion@goettingen.de\" target=\"_blank\" data-category=\"story-outlink\" data-label=\"4683877\" data-action=\"click\" data-callback=\"link\" rel=\"noopener\">redaktion@goettingen.de<\/a> wenden.<\/p>\n","protected":false},"excerpt":{"rendered":"<p>Der G\u00f6ttingen Tourismus blickt nicht ohne Stolz auf die 100 unterhaltsamen und informativen G\u00f6ttingen-Beitr\u00e4ge zur\u00fcck, die in den letzten 3 Jahren in seinem Blog erschienen sind. Der bunte Themen-Mix pr\u00e4sentiert Wissenswertes aus den Bereichen Stadt, Kunst &amp; Kultur, Gastronomie, Einkaufen und Freizeit. Zum 100. Artikel erh\u00e4lt die Seite jetzt einen neuen Namen: \u201eMein G\u00f6ttingen Magazin\u201c.&nbsp;\u201eWir [&hellip;]<\/p>\n","protected":false},"author":1,"featured_media":20912,"comment_status":"closed","ping_status":"closed","sticky":false,"template":"","format":"standard","meta":{"saved_in_kubio":false,"footnotes":""},"categories":[1],"tags":[],"class_list":["post-1246","post","type-post","status-publish","format-standard","has-post-thumbnail","hentry","category-allgemein"],"yoast_head":"<!-- This site is optimized with the Yoast SEO plugin v27.5 - https:\/\/yoast.com\/product\/yoast-seo-wordpress\/ -->\n<title>&quot;Mein G\u00f6ttingen&quot; \u2013 Neues Online-Magazin von G\u00f6ttingen Tourismus - Radio Leinewelle<\/title>\n<meta name=\"robots\" content=\"index, follow, max-snippet:-1, max-image-preview:large, max-video-preview:-1\" \/>\n<link rel=\"canonical\" href=\"https:\/\/radioleinewelle.de\/index.php\/2020\/08\/24\/mein-goettingen-neues-online-magazin-von-goettingen-tourismus\/\" \/>\n<meta property=\"og:locale\" content=\"de_DE\" \/>\n<meta property=\"og:type\" content=\"article\" \/>\n<meta property=\"og:title\" content=\"&quot;Mein G\u00f6ttingen&quot; \u2013 Neues Online-Magazin von G\u00f6ttingen Tourismus - Radio Leinewelle\" \/>\n<meta property=\"og:description\" content=\"Der G\u00f6ttingen Tourismus blickt nicht ohne Stolz auf die 100 unterhaltsamen und informativen G\u00f6ttingen-Beitr\u00e4ge zur\u00fcck, die in den letzten 3 Jahren in seinem Blog erschienen sind. Der bunte Themen-Mix pr\u00e4sentiert Wissenswertes aus den Bereichen Stadt, Kunst &amp; Kultur, Gastronomie, Einkaufen und Freizeit. Zum 100. Artikel erh\u00e4lt die Seite jetzt einen neuen Namen: \u201eMein G\u00f6ttingen Magazin\u201c.&nbsp;\u201eWir [&hellip;]\" \/>\n<meta property=\"og:url\" content=\"https:\/\/radioleinewelle.de\/index.php\/2020\/08\/24\/mein-goettingen-neues-online-magazin-von-goettingen-tourismus\/\" \/>\n<meta property=\"og:site_name\" content=\"Radio Leinewelle\" \/>\n<meta property=\"article:publisher\" content=\"https:\/\/www.facebook.com\/radioleinewelle\" \/>\n<meta property=\"article:author\" content=\"https:\/\/www.facebook.com\/radioleinewelle\" \/>\n<meta property=\"article:published_time\" content=\"2020-08-24T07:37:28+00:00\" \/>\n<meta property=\"article:modified_time\" content=\"2023-01-31T11:11:40+00:00\" \/>\n<meta property=\"og:image\" content=\"https:\/\/radioleinewelle.de\/wp-content\/uploads\/2020\/06\/Info.jpg\" \/>\n\t<meta property=\"og:image:width\" content=\"1024\" \/>\n\t<meta property=\"og:image:height\" content=\"1024\" \/>\n\t<meta property=\"og:image:type\" content=\"image\/jpeg\" \/>\n<meta name=\"author\" content=\"Leinewelle\" \/>\n<meta name=\"twitter:card\" content=\"summary_large_image\" \/>\n<meta name=\"twitter:creator\" content=\"@https:\/\/twitter.com\/RLeinewelle?ref_src=twsrcgoogletwcampserptwgrauthor\" \/>\n<meta name=\"twitter:site\" content=\"@RLeinewelle\" \/>\n<meta name=\"twitter:label1\" content=\"Verfasst von\" \/>\n\t<meta name=\"twitter:data1\" content=\"Leinewelle\" \/>\n\t<meta name=\"twitter:label2\" content=\"Gesch\u00e4tzte Lesezeit\" \/>\n\t<meta name=\"twitter:data2\" content=\"1\u00a0Minute\" \/>\n<script type=\"application\/ld+json\" class=\"yoast-schema-graph\">{\"@context\":\"https:\\\/\\\/schema.org\",\"@graph\":[{\"@type\":\"Article\",\"@id\":\"https:\\\/\\\/radioleinewelle.de\\\/index.php\\\/2020\\\/08\\\/24\\\/mein-goettingen-neues-online-magazin-von-goettingen-tourismus\\\/#article\",\"isPartOf\":{\"@id\":\"https:\\\/\\\/radioleinewelle.de\\\/index.php\\\/2020\\\/08\\\/24\\\/mein-goettingen-neues-online-magazin-von-goettingen-tourismus\\\/\"},\"author\":{\"name\":\"Leinewelle\",\"@id\":\"https:\\\/\\\/radioleinewelle.de\\\/#\\\/schema\\\/person\\\/45606f348637df637192dc1b68399a63\"},\"headline\":\"&#8222;Mein G\u00f6ttingen&#8220; \u2013 Neues Online-Magazin von G\u00f6ttingen Tourismus\",\"datePublished\":\"2020-08-24T07:37:28+00:00\",\"dateModified\":\"2023-01-31T11:11:40+00:00\",\"mainEntityOfPage\":{\"@id\":\"https:\\\/\\\/radioleinewelle.de\\\/index.php\\\/2020\\\/08\\\/24\\\/mein-goettingen-neues-online-magazin-von-goettingen-tourismus\\\/\"},\"wordCount\":277,\"publisher\":{\"@id\":\"https:\\\/\\\/radioleinewelle.de\\\/#organization\"},\"image\":{\"@id\":\"https:\\\/\\\/radioleinewelle.de\\\/index.php\\\/2020\\\/08\\\/24\\\/mein-goettingen-neues-online-magazin-von-goettingen-tourismus\\\/#primaryimage\"},\"thumbnailUrl\":\"https:\\\/\\\/radioleinewelle.de\\\/wp-content\\\/uploads\\\/2020\\\/06\\\/Info-scaled.jpg\",\"inLanguage\":\"de\"},{\"@type\":\"WebPage\",\"@id\":\"https:\\\/\\\/radioleinewelle.de\\\/index.php\\\/2020\\\/08\\\/24\\\/mein-goettingen-neues-online-magazin-von-goettingen-tourismus\\\/\",\"url\":\"https:\\\/\\\/radioleinewelle.de\\\/index.php\\\/2020\\\/08\\\/24\\\/mein-goettingen-neues-online-magazin-von-goettingen-tourismus\\\/\",\"name\":\"\\\"Mein G\u00f6ttingen\\\" \u2013 Neues Online-Magazin von G\u00f6ttingen Tourismus - Radio Leinewelle\",\"isPartOf\":{\"@id\":\"https:\\\/\\\/radioleinewelle.de\\\/#website\"},\"primaryImageOfPage\":{\"@id\":\"https:\\\/\\\/radioleinewelle.de\\\/index.php\\\/2020\\\/08\\\/24\\\/mein-goettingen-neues-online-magazin-von-goettingen-tourismus\\\/#primaryimage\"},\"image\":{\"@id\":\"https:\\\/\\\/radioleinewelle.de\\\/index.php\\\/2020\\\/08\\\/24\\\/mein-goettingen-neues-online-magazin-von-goettingen-tourismus\\\/#primaryimage\"},\"thumbnailUrl\":\"https:\\\/\\\/radioleinewelle.de\\\/wp-content\\\/uploads\\\/2020\\\/06\\\/Info-scaled.jpg\",\"datePublished\":\"2020-08-24T07:37:28+00:00\",\"dateModified\":\"2023-01-31T11:11:40+00:00\",\"breadcrumb\":{\"@id\":\"https:\\\/\\\/radioleinewelle.de\\\/index.php\\\/2020\\\/08\\\/24\\\/mein-goettingen-neues-online-magazin-von-goettingen-tourismus\\\/#breadcrumb\"},\"inLanguage\":\"de\",\"potentialAction\":[{\"@type\":\"ReadAction\",\"target\":[\"https:\\\/\\\/radioleinewelle.de\\\/index.php\\\/2020\\\/08\\\/24\\\/mein-goettingen-neues-online-magazin-von-goettingen-tourismus\\\/\"]}]},{\"@type\":\"ImageObject\",\"inLanguage\":\"de\",\"@id\":\"https:\\\/\\\/radioleinewelle.de\\\/index.php\\\/2020\\\/08\\\/24\\\/mein-goettingen-neues-online-magazin-von-goettingen-tourismus\\\/#primaryimage\",\"url\":\"https:\\\/\\\/radioleinewelle.de\\\/wp-content\\\/uploads\\\/2020\\\/06\\\/Info-scaled.jpg\",\"contentUrl\":\"https:\\\/\\\/radioleinewelle.de\\\/wp-content\\\/uploads\\\/2020\\\/06\\\/Info-scaled.jpg\",\"width\":2560,\"height\":2560},{\"@type\":\"BreadcrumbList\",\"@id\":\"https:\\\/\\\/radioleinewelle.de\\\/index.php\\\/2020\\\/08\\\/24\\\/mein-goettingen-neues-online-magazin-von-goettingen-tourismus\\\/#breadcrumb\",\"itemListElement\":[{\"@type\":\"ListItem\",\"position\":1,\"name\":\"Startseite\",\"item\":\"https:\\\/\\\/radioleinewelle.de\\\/\"},{\"@type\":\"ListItem\",\"position\":2,\"name\":\"&#8222;Mein G\u00f6ttingen&#8220; \u2013 Neues Online-Magazin von G\u00f6ttingen Tourismus\"}]},{\"@type\":\"WebSite\",\"@id\":\"https:\\\/\\\/radioleinewelle.de\\\/#website\",\"url\":\"https:\\\/\\\/radioleinewelle.de\\\/\",\"name\":\"Radio Leinewelle\",\"description\":\"\",\"publisher\":{\"@id\":\"https:\\\/\\\/radioleinewelle.de\\\/#organization\"},\"potentialAction\":[{\"@type\":\"SearchAction\",\"target\":{\"@type\":\"EntryPoint\",\"urlTemplate\":\"https:\\\/\\\/radioleinewelle.de\\\/?s={search_term_string}\"},\"query-input\":{\"@type\":\"PropertyValueSpecification\",\"valueRequired\":true,\"valueName\":\"search_term_string\"}}],\"inLanguage\":\"de\"},{\"@type\":\"Organization\",\"@id\":\"https:\\\/\\\/radioleinewelle.de\\\/#organization\",\"name\":\"Radio Leinewelle\",\"alternateName\":\"Mein Radio f\u00fcr S\u00fcdniedersachsen\",\"url\":\"https:\\\/\\\/radioleinewelle.de\\\/\",\"logo\":{\"@type\":\"ImageObject\",\"inLanguage\":\"de\",\"@id\":\"https:\\\/\\\/radioleinewelle.de\\\/#\\\/schema\\\/logo\\\/image\\\/\",\"url\":\"https:\\\/\\\/radioleinewelle.de\\\/wp-content\\\/uploads\\\/2023\\\/11\\\/cropped-Leinewelle_Logo_weiss.png\",\"contentUrl\":\"https:\\\/\\\/radioleinewelle.de\\\/wp-content\\\/uploads\\\/2023\\\/11\\\/cropped-Leinewelle_Logo_weiss.png\",\"width\":854,\"height\":260,\"caption\":\"Radio Leinewelle\"},\"image\":{\"@id\":\"https:\\\/\\\/radioleinewelle.de\\\/#\\\/schema\\\/logo\\\/image\\\/\"},\"sameAs\":[\"https:\\\/\\\/www.facebook.com\\\/radioleinewelle\",\"https:\\\/\\\/x.com\\\/RLeinewelle\",\"https:\\\/\\\/www.instagram.com\\\/radioleinewelle\\\/?hl=de\"]},{\"@type\":\"Person\",\"@id\":\"https:\\\/\\\/radioleinewelle.de\\\/#\\\/schema\\\/person\\\/45606f348637df637192dc1b68399a63\",\"name\":\"Leinewelle\",\"image\":{\"@type\":\"ImageObject\",\"inLanguage\":\"de\",\"@id\":\"https:\\\/\\\/secure.gravatar.com\\\/avatar\\\/05c9a17bc973052ee5d91549bd32fb4dd0dc85b7b85ae94b2e2b4943476bbea5?s=96&d=blank&r=g\",\"url\":\"https:\\\/\\\/secure.gravatar.com\\\/avatar\\\/05c9a17bc973052ee5d91549bd32fb4dd0dc85b7b85ae94b2e2b4943476bbea5?s=96&d=blank&r=g\",\"contentUrl\":\"https:\\\/\\\/secure.gravatar.com\\\/avatar\\\/05c9a17bc973052ee5d91549bd32fb4dd0dc85b7b85ae94b2e2b4943476bbea5?s=96&d=blank&r=g\",\"caption\":\"Leinewelle\"},\"sameAs\":[\"http:\\\/\\\/localhost\\\/radio%20leinewelle\\\/wordpress\",\"https:\\\/\\\/www.facebook.com\\\/radioleinewelle\",\"https:\\\/\\\/www.instagram.com\\\/radioleinewelle\",\"https:\\\/\\\/x.com\\\/https:\\\/\\\/twitter.com\\\/RLeinewelle?ref_src=twsrcgoogletwcampserptwgrauthor\",\"https:\\\/\\\/soundcloud.com\\\/foerderverein-lokalradio?utm_source=clipboard&utm_medium=text&utm_campaign=social_sharing\"],\"url\":\"https:\\\/\\\/radioleinewelle.de\\\/index.php\\\/author\\\/leinewelle\\\/\"}]}<\/script>\n<!-- \/ Yoast SEO plugin. -->","yoast_head_json":{"title":"\"Mein G\u00f6ttingen\" \u2013 Neues Online-Magazin von G\u00f6ttingen Tourismus - Radio Leinewelle","robots":{"index":"index","follow":"follow","max-snippet":"max-snippet:-1","max-image-preview":"max-image-preview:large","max-video-preview":"max-video-preview:-1"},"canonical":"https:\/\/radioleinewelle.de\/index.php\/2020\/08\/24\/mein-goettingen-neues-online-magazin-von-goettingen-tourismus\/","og_locale":"de_DE","og_type":"article","og_title":"\"Mein G\u00f6ttingen\" \u2013 Neues Online-Magazin von G\u00f6ttingen Tourismus - Radio Leinewelle","og_description":"Der G\u00f6ttingen Tourismus blickt nicht ohne Stolz auf die 100 unterhaltsamen und informativen G\u00f6ttingen-Beitr\u00e4ge zur\u00fcck, die in den letzten 3 Jahren in seinem Blog erschienen sind. Der bunte Themen-Mix pr\u00e4sentiert Wissenswertes aus den Bereichen Stadt, Kunst &amp; Kultur, Gastronomie, Einkaufen und Freizeit. Zum 100. Artikel erh\u00e4lt die Seite jetzt einen neuen Namen: \u201eMein G\u00f6ttingen Magazin\u201c.&nbsp;\u201eWir [&hellip;]","og_url":"https:\/\/radioleinewelle.de\/index.php\/2020\/08\/24\/mein-goettingen-neues-online-magazin-von-goettingen-tourismus\/","og_site_name":"Radio Leinewelle","article_publisher":"https:\/\/www.facebook.com\/radioleinewelle","article_author":"https:\/\/www.facebook.com\/radioleinewelle","article_published_time":"2020-08-24T07:37:28+00:00","article_modified_time":"2023-01-31T11:11:40+00:00","og_image":[{"url":"https:\/\/radioleinewelle.de\/wp-content\/uploads\/2020\/06\/Info.jpg","width":1024,"height":1024,"type":"image\/jpeg"}],"author":"Leinewelle","twitter_card":"summary_large_image","twitter_creator":"@https:\/\/twitter.com\/RLeinewelle?ref_src=twsrcgoogletwcampserptwgrauthor","twitter_site":"@RLeinewelle","twitter_misc":{"Verfasst von":"Leinewelle","Gesch\u00e4tzte Lesezeit":"1\u00a0Minute"},"schema":{"@context":"https:\/\/schema.org","@graph":[{"@type":"Article","@id":"https:\/\/radioleinewelle.de\/index.php\/2020\/08\/24\/mein-goettingen-neues-online-magazin-von-goettingen-tourismus\/#article","isPartOf":{"@id":"https:\/\/radioleinewelle.de\/index.php\/2020\/08\/24\/mein-goettingen-neues-online-magazin-von-goettingen-tourismus\/"},"author":{"name":"Leinewelle","@id":"https:\/\/radioleinewelle.de\/#\/schema\/person\/45606f348637df637192dc1b68399a63"},"headline":"&#8222;Mein G\u00f6ttingen&#8220; \u2013 Neues Online-Magazin von G\u00f6ttingen Tourismus","datePublished":"2020-08-24T07:37:28+00:00","dateModified":"2023-01-31T11:11:40+00:00","mainEntityOfPage":{"@id":"https:\/\/radioleinewelle.de\/index.php\/2020\/08\/24\/mein-goettingen-neues-online-magazin-von-goettingen-tourismus\/"},"wordCount":277,"publisher":{"@id":"https:\/\/radioleinewelle.de\/#organization"},"image":{"@id":"https:\/\/radioleinewelle.de\/index.php\/2020\/08\/24\/mein-goettingen-neues-online-magazin-von-goettingen-tourismus\/#primaryimage"},"thumbnailUrl":"https:\/\/radioleinewelle.de\/wp-content\/uploads\/2020\/06\/Info-scaled.jpg","inLanguage":"de"},{"@type":"WebPage","@id":"https:\/\/radioleinewelle.de\/index.php\/2020\/08\/24\/mein-goettingen-neues-online-magazin-von-goettingen-tourismus\/","url":"https:\/\/radioleinewelle.de\/index.php\/2020\/08\/24\/mein-goettingen-neues-online-magazin-von-goettingen-tourismus\/","name":"\"Mein G\u00f6ttingen\" \u2013 Neues Online-Magazin von G\u00f6ttingen Tourismus - Radio Leinewelle","isPartOf":{"@id":"https:\/\/radioleinewelle.de\/#website"},"primaryImageOfPage":{"@id":"https:\/\/radioleinewelle.de\/index.php\/2020\/08\/24\/mein-goettingen-neues-online-magazin-von-goettingen-tourismus\/#primaryimage"},"image":{"@id":"https:\/\/radioleinewelle.de\/index.php\/2020\/08\/24\/mein-goettingen-neues-online-magazin-von-goettingen-tourismus\/#primaryimage"},"thumbnailUrl":"https:\/\/radioleinewelle.de\/wp-content\/uploads\/2020\/06\/Info-scaled.jpg","datePublished":"2020-08-24T07:37:28+00:00","dateModified":"2023-01-31T11:11:40+00:00","breadcrumb":{"@id":"https:\/\/radioleinewelle.de\/index.php\/2020\/08\/24\/mein-goettingen-neues-online-magazin-von-goettingen-tourismus\/#breadcrumb"},"inLanguage":"de","potentialAction":[{"@type":"ReadAction","target":["https:\/\/radioleinewelle.de\/index.php\/2020\/08\/24\/mein-goettingen-neues-online-magazin-von-goettingen-tourismus\/"]}]},{"@type":"ImageObject","inLanguage":"de","@id":"https:\/\/radioleinewelle.de\/index.php\/2020\/08\/24\/mein-goettingen-neues-online-magazin-von-goettingen-tourismus\/#primaryimage","url":"https:\/\/radioleinewelle.de\/wp-content\/uploads\/2020\/06\/Info-scaled.jpg","contentUrl":"https:\/\/radioleinewelle.de\/wp-content\/uploads\/2020\/06\/Info-scaled.jpg","width":2560,"height":2560},{"@type":"BreadcrumbList","@id":"https:\/\/radioleinewelle.de\/index.php\/2020\/08\/24\/mein-goettingen-neues-online-magazin-von-goettingen-tourismus\/#breadcrumb","itemListElement":[{"@type":"ListItem","position":1,"name":"Startseite","item":"https:\/\/radioleinewelle.de\/"},{"@type":"ListItem","position":2,"name":"&#8222;Mein G\u00f6ttingen&#8220; \u2013 Neues Online-Magazin von G\u00f6ttingen Tourismus"}]},{"@type":"WebSite","@id":"https:\/\/radioleinewelle.de\/#website","url":"https:\/\/radioleinewelle.de\/","name":"Radio Leinewelle","description":"","publisher":{"@id":"https:\/\/radioleinewelle.de\/#organization"},"potentialAction":[{"@type":"SearchAction","target":{"@type":"EntryPoint","urlTemplate":"https:\/\/radioleinewelle.de\/?s={search_term_string}"},"query-input":{"@type":"PropertyValueSpecification","valueRequired":true,"valueName":"search_term_string"}}],"inLanguage":"de"},{"@type":"Organization","@id":"https:\/\/radioleinewelle.de\/#organization","name":"Radio Leinewelle","alternateName":"Mein Radio f\u00fcr S\u00fcdniedersachsen","url":"https:\/\/radioleinewelle.de\/","logo":{"@type":"ImageObject","inLanguage":"de","@id":"https:\/\/radioleinewelle.de\/#\/schema\/logo\/image\/","url":"https:\/\/radioleinewelle.de\/wp-content\/uploads\/2023\/11\/cropped-Leinewelle_Logo_weiss.png","contentUrl":"https:\/\/radioleinewelle.de\/wp-content\/uploads\/2023\/11\/cropped-Leinewelle_Logo_weiss.png","width":854,"height":260,"caption":"Radio Leinewelle"},"image":{"@id":"https:\/\/radioleinewelle.de\/#\/schema\/logo\/image\/"},"sameAs":["https:\/\/www.facebook.com\/radioleinewelle","https:\/\/x.com\/RLeinewelle","https:\/\/www.instagram.com\/radioleinewelle\/?hl=de"]},{"@type":"Person","@id":"https:\/\/radioleinewelle.de\/#\/schema\/person\/45606f348637df637192dc1b68399a63","name":"Leinewelle","image":{"@type":"ImageObject","inLanguage":"de","@id":"https:\/\/secure.gravatar.com\/avatar\/05c9a17bc973052ee5d91549bd32fb4dd0dc85b7b85ae94b2e2b4943476bbea5?s=96&d=blank&r=g","url":"https:\/\/secure.gravatar.com\/avatar\/05c9a17bc973052ee5d91549bd32fb4dd0dc85b7b85ae94b2e2b4943476bbea5?s=96&d=blank&r=g","contentUrl":"https:\/\/secure.gravatar.com\/avatar\/05c9a17bc973052ee5d91549bd32fb4dd0dc85b7b85ae94b2e2b4943476bbea5?s=96&d=blank&r=g","caption":"Leinewelle"},"sameAs":["http:\/\/localhost\/radio%20leinewelle\/wordpress","https:\/\/www.facebook.com\/radioleinewelle","https:\/\/www.instagram.com\/radioleinewelle","https:\/\/x.com\/https:\/\/twitter.com\/RLeinewelle?ref_src=twsrcgoogletwcampserptwgrauthor","https:\/\/soundcloud.com\/foerderverein-lokalradio?utm_source=clipboard&utm_medium=text&utm_campaign=social_sharing"],"url":"https:\/\/radioleinewelle.de\/index.php\/author\/leinewelle\/"}]}},"_links":{"self":[{"href":"https:\/\/radioleinewelle.de\/index.php\/wp-json\/wp\/v2\/posts\/1246","targetHints":{"allow":["GET"]}}],"collection":[{"href":"https:\/\/radioleinewelle.de\/index.php\/wp-json\/wp\/v2\/posts"}],"about":[{"href":"https:\/\/radioleinewelle.de\/index.php\/wp-json\/wp\/v2\/types\/post"}],"author":[{"embeddable":true,"href":"https:\/\/radioleinewelle.de\/index.php\/wp-json\/wp\/v2\/users\/1"}],"replies":[{"embeddable":true,"href":"https:\/\/radioleinewelle.de\/index.php\/wp-json\/wp\/v2\/comments?post=1246"}],"version-history":[{"count":1,"href":"https:\/\/radioleinewelle.de\/index.php\/wp-json\/wp\/v2\/posts\/1246\/revisions"}],"predecessor-version":[{"id":20920,"href":"https:\/\/radioleinewelle.de\/index.php\/wp-json\/wp\/v2\/posts\/1246\/revisions\/20920"}],"wp:featuredmedia":[{"embeddable":true,"href":"https:\/\/radioleinewelle.de\/index.php\/wp-json\/wp\/v2\/media\/20912"}],"wp:attachment":[{"href":"https:\/\/radioleinewelle.de\/index.php\/wp-json\/wp\/v2\/media?parent=1246"}],"wp:term":[{"taxonomy":"category","embeddable":true,"href":"https:\/\/radioleinewelle.de\/index.php\/wp-json\/wp\/v2\/categories?post=1246"},{"taxonomy":"post_tag","embeddable":true,"href":"https:\/\/radioleinewelle.de\/index.php\/wp-json\/wp\/v2\/tags?post=1246"}],"curies":[{"name":"wp","href":"https:\/\/api.w.org\/{rel}","templated":true}]}}