{"id":1250,"date":"2020-08-24T09:42:15","date_gmt":"2020-08-24T07:42:15","guid":{"rendered":"https:\/\/radioleinewelle.de\/?p=1250"},"modified":"2023-01-31T12:11:59","modified_gmt":"2023-01-31T11:11:59","slug":"vollsperrung-walkemuehlenweg-im-bereich-ab-reinhaeuser-landstrasse","status":"publish","type":"post","link":"https:\/\/radioleinewelle.de\/index.php\/2020\/08\/24\/vollsperrung-walkemuehlenweg-im-bereich-ab-reinhaeuser-landstrasse\/","title":{"rendered":"Vollsperrung Walkem\u00fchlenweg im Bereich ab Reinh\u00e4user Landstra\u00dfe"},"content":{"rendered":"<div class=\"page\" title=\"Page 1\">\n<div class=\"layoutArea\">\n<div class=\"column\">\n<p>Der Walkem\u00fchlenweg wird ab Montag, 24.08.2020, im Bereich ab Reinh\u00e4user Landstra\u00dfe voll gesperrt. Die Hauptzufahrt zum Parkplatz Kreishaus G\u00f6ttingen ist dann nicht mehr erreichbar. Besucher*innen des Kreishauses erreichen die Stellpl\u00e4tze am Kasinoweg w\u00e4hrend der Sperrung nur aus westlicher Richtung \u2013 \u00fcber Lotzestra\u00dfe beziehungsweise Stegem\u00fchlenweg.&nbsp;Grund der Sperrung ist die Erneuerung der Stromtrasse in diesem Bereich. Dies wird zugleich f\u00fcr Arbeiten an der Fernw\u00e4rmeversorgung des Kreishauses G\u00f6ttingen und das Verlegen von Glasfaserleitungen genutzt. Um die Arbeitssicherheit der Besch\u00e4ftigten auf der Baustelle und einen m\u00f6glichst z\u00fcgigen Bauablauf zu gew\u00e4hrleisten, ist die Vollsperrung erforderlich. Die Arbeiten dauern im ersten Bauabschnitt voraussichtlich acht Wochen.<\/p>\n<p>Anschlie\u00dfend folgt ein zweiter Bauabschnitt, in dem der Walkem\u00fchlenweg ab Kasinoweg bis auf H\u00f6he des Hauses Walkem\u00fchlenweg 8 voll gesperrt wird. Daf\u00fcr sind ebenfalls acht Wochen vorgesehen. Der Parkplatz am Kreishaus wird dann wieder \u00fcber die Hauptzufahrt, jedoch nur von der Reinh\u00e4user Landstra\u00dfe aus erreichbar sein. Stellfl\u00e4chen f\u00fcr Besucher*innen werden gesondert ausgewiesen.Durch die Bauarbeiten wird es w\u00e4hrend der gesamten Bauzeit zu erheblichen Einschr\u00e4nkungen beim Parken am Kreishaus G\u00f6ttingen kommen. Die Kreisverwaltung bittet um Verst\u00e4ndnis und R\u00fccksichtnahme. Die Stellfl\u00e4chen f\u00fcr Besucher*innen sollten nur bei dringendem Bedarf und ausschlie\u00dflich w\u00e4hrend des Besuchs im Kreishaus genutzt werden.<\/p>\n<\/div>\n<\/div>\n<\/div>\n","protected":false},"excerpt":{"rendered":"<p>Der Walkem\u00fchlenweg wird ab Montag, 24.08.2020, im Bereich ab Reinh\u00e4user Landstra\u00dfe voll gesperrt. Die Hauptzufahrt zum Parkplatz Kreishaus G\u00f6ttingen ist dann nicht mehr erreichbar. Besucher*innen des Kreishauses erreichen die Stellpl\u00e4tze am Kasinoweg w\u00e4hrend der Sperrung nur aus westlicher Richtung \u2013 \u00fcber Lotzestra\u00dfe beziehungsweise Stegem\u00fchlenweg.&nbsp;Grund der Sperrung ist die Erneuerung der Stromtrasse in diesem Bereich. Dies [&hellip;]<\/p>\n","protected":false},"author":1,"featured_media":20912,"comment_status":"closed","ping_status":"closed","sticky":false,"template":"","format":"standard","meta":{"saved_in_kubio":false,"footnotes":""},"categories":[1],"tags":[],"class_list":["post-1250","post","type-post","status-publish","format-standard","has-post-thumbnail","hentry","category-allgemein"],"yoast_head":"<!-- This site is optimized with the Yoast SEO plugin v27.5 - https:\/\/yoast.com\/product\/yoast-seo-wordpress\/ -->\n<title>Vollsperrung Walkem\u00fchlenweg im Bereich ab Reinh\u00e4user Landstra\u00dfe - Radio Leinewelle<\/title>\n<meta name=\"robots\" content=\"index, follow, max-snippet:-1, max-image-preview:large, max-video-preview:-1\" \/>\n<link rel=\"canonical\" href=\"https:\/\/radioleinewelle.de\/index.php\/2020\/08\/24\/vollsperrung-walkemuehlenweg-im-bereich-ab-reinhaeuser-landstrasse\/\" \/>\n<meta property=\"og:locale\" content=\"de_DE\" \/>\n<meta property=\"og:type\" content=\"article\" \/>\n<meta property=\"og:title\" content=\"Vollsperrung Walkem\u00fchlenweg im Bereich ab Reinh\u00e4user Landstra\u00dfe - Radio Leinewelle\" \/>\n<meta property=\"og:description\" content=\"Der Walkem\u00fchlenweg wird ab Montag, 24.08.2020, im Bereich ab Reinh\u00e4user Landstra\u00dfe voll gesperrt. Die Hauptzufahrt zum Parkplatz Kreishaus G\u00f6ttingen ist dann nicht mehr erreichbar. Besucher*innen des Kreishauses erreichen die Stellpl\u00e4tze am Kasinoweg w\u00e4hrend der Sperrung nur aus westlicher Richtung \u2013 \u00fcber Lotzestra\u00dfe beziehungsweise Stegem\u00fchlenweg.&nbsp;Grund der Sperrung ist die Erneuerung der Stromtrasse in diesem Bereich. Dies [&hellip;]\" \/>\n<meta property=\"og:url\" content=\"https:\/\/radioleinewelle.de\/index.php\/2020\/08\/24\/vollsperrung-walkemuehlenweg-im-bereich-ab-reinhaeuser-landstrasse\/\" \/>\n<meta property=\"og:site_name\" content=\"Radio Leinewelle\" \/>\n<meta property=\"article:publisher\" content=\"https:\/\/www.facebook.com\/radioleinewelle\" \/>\n<meta property=\"article:author\" content=\"https:\/\/www.facebook.com\/radioleinewelle\" \/>\n<meta property=\"article:published_time\" content=\"2020-08-24T07:42:15+00:00\" \/>\n<meta property=\"article:modified_time\" content=\"2023-01-31T11:11:59+00:00\" \/>\n<meta property=\"og:image\" content=\"https:\/\/radioleinewelle.de\/wp-content\/uploads\/2020\/06\/Info.jpg\" \/>\n\t<meta property=\"og:image:width\" content=\"1024\" \/>\n\t<meta property=\"og:image:height\" content=\"1024\" \/>\n\t<meta property=\"og:image:type\" content=\"image\/jpeg\" \/>\n<meta name=\"author\" content=\"Leinewelle\" \/>\n<meta name=\"twitter:card\" content=\"summary_large_image\" \/>\n<meta name=\"twitter:creator\" content=\"@https:\/\/twitter.com\/RLeinewelle?ref_src=twsrcgoogletwcampserptwgrauthor\" \/>\n<meta name=\"twitter:site\" content=\"@RLeinewelle\" \/>\n<meta name=\"twitter:label1\" content=\"Verfasst von\" \/>\n\t<meta name=\"twitter:data1\" content=\"Leinewelle\" \/>\n\t<meta name=\"twitter:label2\" content=\"Gesch\u00e4tzte Lesezeit\" \/>\n\t<meta name=\"twitter:data2\" content=\"1\u00a0Minute\" \/>\n<script type=\"application\/ld+json\" class=\"yoast-schema-graph\">{\"@context\":\"https:\\\/\\\/schema.org\",\"@graph\":[{\"@type\":\"Article\",\"@id\":\"https:\\\/\\\/radioleinewelle.de\\\/index.php\\\/2020\\\/08\\\/24\\\/vollsperrung-walkemuehlenweg-im-bereich-ab-reinhaeuser-landstrasse\\\/#article\",\"isPartOf\":{\"@id\":\"https:\\\/\\\/radioleinewelle.de\\\/index.php\\\/2020\\\/08\\\/24\\\/vollsperrung-walkemuehlenweg-im-bereich-ab-reinhaeuser-landstrasse\\\/\"},\"author\":{\"name\":\"Leinewelle\",\"@id\":\"https:\\\/\\\/radioleinewelle.de\\\/#\\\/schema\\\/person\\\/45606f348637df637192dc1b68399a63\"},\"headline\":\"Vollsperrung Walkem\u00fchlenweg im Bereich ab Reinh\u00e4user Landstra\u00dfe\",\"datePublished\":\"2020-08-24T07:42:15+00:00\",\"dateModified\":\"2023-01-31T11:11:59+00:00\",\"mainEntityOfPage\":{\"@id\":\"https:\\\/\\\/radioleinewelle.de\\\/index.php\\\/2020\\\/08\\\/24\\\/vollsperrung-walkemuehlenweg-im-bereich-ab-reinhaeuser-landstrasse\\\/\"},\"wordCount\":239,\"publisher\":{\"@id\":\"https:\\\/\\\/radioleinewelle.de\\\/#organization\"},\"image\":{\"@id\":\"https:\\\/\\\/radioleinewelle.de\\\/index.php\\\/2020\\\/08\\\/24\\\/vollsperrung-walkemuehlenweg-im-bereich-ab-reinhaeuser-landstrasse\\\/#primaryimage\"},\"thumbnailUrl\":\"https:\\\/\\\/radioleinewelle.de\\\/wp-content\\\/uploads\\\/2020\\\/06\\\/Info-scaled.jpg\",\"inLanguage\":\"de\"},{\"@type\":\"WebPage\",\"@id\":\"https:\\\/\\\/radioleinewelle.de\\\/index.php\\\/2020\\\/08\\\/24\\\/vollsperrung-walkemuehlenweg-im-bereich-ab-reinhaeuser-landstrasse\\\/\",\"url\":\"https:\\\/\\\/radioleinewelle.de\\\/index.php\\\/2020\\\/08\\\/24\\\/vollsperrung-walkemuehlenweg-im-bereich-ab-reinhaeuser-landstrasse\\\/\",\"name\":\"Vollsperrung Walkem\u00fchlenweg im Bereich ab Reinh\u00e4user Landstra\u00dfe - Radio Leinewelle\",\"isPartOf\":{\"@id\":\"https:\\\/\\\/radioleinewelle.de\\\/#website\"},\"primaryImageOfPage\":{\"@id\":\"https:\\\/\\\/radioleinewelle.de\\\/index.php\\\/2020\\\/08\\\/24\\\/vollsperrung-walkemuehlenweg-im-bereich-ab-reinhaeuser-landstrasse\\\/#primaryimage\"},\"image\":{\"@id\":\"https:\\\/\\\/radioleinewelle.de\\\/index.php\\\/2020\\\/08\\\/24\\\/vollsperrung-walkemuehlenweg-im-bereich-ab-reinhaeuser-landstrasse\\\/#primaryimage\"},\"thumbnailUrl\":\"https:\\\/\\\/radioleinewelle.de\\\/wp-content\\\/uploads\\\/2020\\\/06\\\/Info-scaled.jpg\",\"datePublished\":\"2020-08-24T07:42:15+00:00\",\"dateModified\":\"2023-01-31T11:11:59+00:00\",\"breadcrumb\":{\"@id\":\"https:\\\/\\\/radioleinewelle.de\\\/index.php\\\/2020\\\/08\\\/24\\\/vollsperrung-walkemuehlenweg-im-bereich-ab-reinhaeuser-landstrasse\\\/#breadcrumb\"},\"inLanguage\":\"de\",\"potentialAction\":[{\"@type\":\"ReadAction\",\"target\":[\"https:\\\/\\\/radioleinewelle.de\\\/index.php\\\/2020\\\/08\\\/24\\\/vollsperrung-walkemuehlenweg-im-bereich-ab-reinhaeuser-landstrasse\\\/\"]}]},{\"@type\":\"ImageObject\",\"inLanguage\":\"de\",\"@id\":\"https:\\\/\\\/radioleinewelle.de\\\/index.php\\\/2020\\\/08\\\/24\\\/vollsperrung-walkemuehlenweg-im-bereich-ab-reinhaeuser-landstrasse\\\/#primaryimage\",\"url\":\"https:\\\/\\\/radioleinewelle.de\\\/wp-content\\\/uploads\\\/2020\\\/06\\\/Info-scaled.jpg\",\"contentUrl\":\"https:\\\/\\\/radioleinewelle.de\\\/wp-content\\\/uploads\\\/2020\\\/06\\\/Info-scaled.jpg\",\"width\":2560,\"height\":2560},{\"@type\":\"BreadcrumbList\",\"@id\":\"https:\\\/\\\/radioleinewelle.de\\\/index.php\\\/2020\\\/08\\\/24\\\/vollsperrung-walkemuehlenweg-im-bereich-ab-reinhaeuser-landstrasse\\\/#breadcrumb\",\"itemListElement\":[{\"@type\":\"ListItem\",\"position\":1,\"name\":\"Startseite\",\"item\":\"https:\\\/\\\/radioleinewelle.de\\\/\"},{\"@type\":\"ListItem\",\"position\":2,\"name\":\"Vollsperrung Walkem\u00fchlenweg im Bereich ab Reinh\u00e4user Landstra\u00dfe\"}]},{\"@type\":\"WebSite\",\"@id\":\"https:\\\/\\\/radioleinewelle.de\\\/#website\",\"url\":\"https:\\\/\\\/radioleinewelle.de\\\/\",\"name\":\"Radio Leinewelle\",\"description\":\"\",\"publisher\":{\"@id\":\"https:\\\/\\\/radioleinewelle.de\\\/#organization\"},\"potentialAction\":[{\"@type\":\"SearchAction\",\"target\":{\"@type\":\"EntryPoint\",\"urlTemplate\":\"https:\\\/\\\/radioleinewelle.de\\\/?s={search_term_string}\"},\"query-input\":{\"@type\":\"PropertyValueSpecification\",\"valueRequired\":true,\"valueName\":\"search_term_string\"}}],\"inLanguage\":\"de\"},{\"@type\":\"Organization\",\"@id\":\"https:\\\/\\\/radioleinewelle.de\\\/#organization\",\"name\":\"Radio Leinewelle\",\"alternateName\":\"Mein Radio f\u00fcr S\u00fcdniedersachsen\",\"url\":\"https:\\\/\\\/radioleinewelle.de\\\/\",\"logo\":{\"@type\":\"ImageObject\",\"inLanguage\":\"de\",\"@id\":\"https:\\\/\\\/radioleinewelle.de\\\/#\\\/schema\\\/logo\\\/image\\\/\",\"url\":\"https:\\\/\\\/radioleinewelle.de\\\/wp-content\\\/uploads\\\/2023\\\/11\\\/cropped-Leinewelle_Logo_weiss.png\",\"contentUrl\":\"https:\\\/\\\/radioleinewelle.de\\\/wp-content\\\/uploads\\\/2023\\\/11\\\/cropped-Leinewelle_Logo_weiss.png\",\"width\":854,\"height\":260,\"caption\":\"Radio Leinewelle\"},\"image\":{\"@id\":\"https:\\\/\\\/radioleinewelle.de\\\/#\\\/schema\\\/logo\\\/image\\\/\"},\"sameAs\":[\"https:\\\/\\\/www.facebook.com\\\/radioleinewelle\",\"https:\\\/\\\/x.com\\\/RLeinewelle\",\"https:\\\/\\\/www.instagram.com\\\/radioleinewelle\\\/?hl=de\"]},{\"@type\":\"Person\",\"@id\":\"https:\\\/\\\/radioleinewelle.de\\\/#\\\/schema\\\/person\\\/45606f348637df637192dc1b68399a63\",\"name\":\"Leinewelle\",\"image\":{\"@type\":\"ImageObject\",\"inLanguage\":\"de\",\"@id\":\"https:\\\/\\\/secure.gravatar.com\\\/avatar\\\/05c9a17bc973052ee5d91549bd32fb4dd0dc85b7b85ae94b2e2b4943476bbea5?s=96&d=blank&r=g\",\"url\":\"https:\\\/\\\/secure.gravatar.com\\\/avatar\\\/05c9a17bc973052ee5d91549bd32fb4dd0dc85b7b85ae94b2e2b4943476bbea5?s=96&d=blank&r=g\",\"contentUrl\":\"https:\\\/\\\/secure.gravatar.com\\\/avatar\\\/05c9a17bc973052ee5d91549bd32fb4dd0dc85b7b85ae94b2e2b4943476bbea5?s=96&d=blank&r=g\",\"caption\":\"Leinewelle\"},\"sameAs\":[\"http:\\\/\\\/localhost\\\/radio%20leinewelle\\\/wordpress\",\"https:\\\/\\\/www.facebook.com\\\/radioleinewelle\",\"https:\\\/\\\/www.instagram.com\\\/radioleinewelle\",\"https:\\\/\\\/x.com\\\/https:\\\/\\\/twitter.com\\\/RLeinewelle?ref_src=twsrcgoogletwcampserptwgrauthor\",\"https:\\\/\\\/soundcloud.com\\\/foerderverein-lokalradio?utm_source=clipboard&utm_medium=text&utm_campaign=social_sharing\"],\"url\":\"https:\\\/\\\/radioleinewelle.de\\\/index.php\\\/author\\\/leinewelle\\\/\"}]}<\/script>\n<!-- \/ Yoast SEO plugin. -->","yoast_head_json":{"title":"Vollsperrung Walkem\u00fchlenweg im Bereich ab Reinh\u00e4user Landstra\u00dfe - Radio Leinewelle","robots":{"index":"index","follow":"follow","max-snippet":"max-snippet:-1","max-image-preview":"max-image-preview:large","max-video-preview":"max-video-preview:-1"},"canonical":"https:\/\/radioleinewelle.de\/index.php\/2020\/08\/24\/vollsperrung-walkemuehlenweg-im-bereich-ab-reinhaeuser-landstrasse\/","og_locale":"de_DE","og_type":"article","og_title":"Vollsperrung Walkem\u00fchlenweg im Bereich ab Reinh\u00e4user Landstra\u00dfe - Radio Leinewelle","og_description":"Der Walkem\u00fchlenweg wird ab Montag, 24.08.2020, im Bereich ab Reinh\u00e4user Landstra\u00dfe voll gesperrt. Die Hauptzufahrt zum Parkplatz Kreishaus G\u00f6ttingen ist dann nicht mehr erreichbar. Besucher*innen des Kreishauses erreichen die Stellpl\u00e4tze am Kasinoweg w\u00e4hrend der Sperrung nur aus westlicher Richtung \u2013 \u00fcber Lotzestra\u00dfe beziehungsweise Stegem\u00fchlenweg.&nbsp;Grund der Sperrung ist die Erneuerung der Stromtrasse in diesem Bereich. Dies [&hellip;]","og_url":"https:\/\/radioleinewelle.de\/index.php\/2020\/08\/24\/vollsperrung-walkemuehlenweg-im-bereich-ab-reinhaeuser-landstrasse\/","og_site_name":"Radio Leinewelle","article_publisher":"https:\/\/www.facebook.com\/radioleinewelle","article_author":"https:\/\/www.facebook.com\/radioleinewelle","article_published_time":"2020-08-24T07:42:15+00:00","article_modified_time":"2023-01-31T11:11:59+00:00","og_image":[{"url":"https:\/\/radioleinewelle.de\/wp-content\/uploads\/2020\/06\/Info.jpg","width":1024,"height":1024,"type":"image\/jpeg"}],"author":"Leinewelle","twitter_card":"summary_large_image","twitter_creator":"@https:\/\/twitter.com\/RLeinewelle?ref_src=twsrcgoogletwcampserptwgrauthor","twitter_site":"@RLeinewelle","twitter_misc":{"Verfasst von":"Leinewelle","Gesch\u00e4tzte Lesezeit":"1\u00a0Minute"},"schema":{"@context":"https:\/\/schema.org","@graph":[{"@type":"Article","@id":"https:\/\/radioleinewelle.de\/index.php\/2020\/08\/24\/vollsperrung-walkemuehlenweg-im-bereich-ab-reinhaeuser-landstrasse\/#article","isPartOf":{"@id":"https:\/\/radioleinewelle.de\/index.php\/2020\/08\/24\/vollsperrung-walkemuehlenweg-im-bereich-ab-reinhaeuser-landstrasse\/"},"author":{"name":"Leinewelle","@id":"https:\/\/radioleinewelle.de\/#\/schema\/person\/45606f348637df637192dc1b68399a63"},"headline":"Vollsperrung Walkem\u00fchlenweg im Bereich ab Reinh\u00e4user Landstra\u00dfe","datePublished":"2020-08-24T07:42:15+00:00","dateModified":"2023-01-31T11:11:59+00:00","mainEntityOfPage":{"@id":"https:\/\/radioleinewelle.de\/index.php\/2020\/08\/24\/vollsperrung-walkemuehlenweg-im-bereich-ab-reinhaeuser-landstrasse\/"},"wordCount":239,"publisher":{"@id":"https:\/\/radioleinewelle.de\/#organization"},"image":{"@id":"https:\/\/radioleinewelle.de\/index.php\/2020\/08\/24\/vollsperrung-walkemuehlenweg-im-bereich-ab-reinhaeuser-landstrasse\/#primaryimage"},"thumbnailUrl":"https:\/\/radioleinewelle.de\/wp-content\/uploads\/2020\/06\/Info-scaled.jpg","inLanguage":"de"},{"@type":"WebPage","@id":"https:\/\/radioleinewelle.de\/index.php\/2020\/08\/24\/vollsperrung-walkemuehlenweg-im-bereich-ab-reinhaeuser-landstrasse\/","url":"https:\/\/radioleinewelle.de\/index.php\/2020\/08\/24\/vollsperrung-walkemuehlenweg-im-bereich-ab-reinhaeuser-landstrasse\/","name":"Vollsperrung Walkem\u00fchlenweg im Bereich ab Reinh\u00e4user Landstra\u00dfe - Radio Leinewelle","isPartOf":{"@id":"https:\/\/radioleinewelle.de\/#website"},"primaryImageOfPage":{"@id":"https:\/\/radioleinewelle.de\/index.php\/2020\/08\/24\/vollsperrung-walkemuehlenweg-im-bereich-ab-reinhaeuser-landstrasse\/#primaryimage"},"image":{"@id":"https:\/\/radioleinewelle.de\/index.php\/2020\/08\/24\/vollsperrung-walkemuehlenweg-im-bereich-ab-reinhaeuser-landstrasse\/#primaryimage"},"thumbnailUrl":"https:\/\/radioleinewelle.de\/wp-content\/uploads\/2020\/06\/Info-scaled.jpg","datePublished":"2020-08-24T07:42:15+00:00","dateModified":"2023-01-31T11:11:59+00:00","breadcrumb":{"@id":"https:\/\/radioleinewelle.de\/index.php\/2020\/08\/24\/vollsperrung-walkemuehlenweg-im-bereich-ab-reinhaeuser-landstrasse\/#breadcrumb"},"inLanguage":"de","potentialAction":[{"@type":"ReadAction","target":["https:\/\/radioleinewelle.de\/index.php\/2020\/08\/24\/vollsperrung-walkemuehlenweg-im-bereich-ab-reinhaeuser-landstrasse\/"]}]},{"@type":"ImageObject","inLanguage":"de","@id":"https:\/\/radioleinewelle.de\/index.php\/2020\/08\/24\/vollsperrung-walkemuehlenweg-im-bereich-ab-reinhaeuser-landstrasse\/#primaryimage","url":"https:\/\/radioleinewelle.de\/wp-content\/uploads\/2020\/06\/Info-scaled.jpg","contentUrl":"https:\/\/radioleinewelle.de\/wp-content\/uploads\/2020\/06\/Info-scaled.jpg","width":2560,"height":2560},{"@type":"BreadcrumbList","@id":"https:\/\/radioleinewelle.de\/index.php\/2020\/08\/24\/vollsperrung-walkemuehlenweg-im-bereich-ab-reinhaeuser-landstrasse\/#breadcrumb","itemListElement":[{"@type":"ListItem","position":1,"name":"Startseite","item":"https:\/\/radioleinewelle.de\/"},{"@type":"ListItem","position":2,"name":"Vollsperrung Walkem\u00fchlenweg im Bereich ab Reinh\u00e4user Landstra\u00dfe"}]},{"@type":"WebSite","@id":"https:\/\/radioleinewelle.de\/#website","url":"https:\/\/radioleinewelle.de\/","name":"Radio Leinewelle","description":"","publisher":{"@id":"https:\/\/radioleinewelle.de\/#organization"},"potentialAction":[{"@type":"SearchAction","target":{"@type":"EntryPoint","urlTemplate":"https:\/\/radioleinewelle.de\/?s={search_term_string}"},"query-input":{"@type":"PropertyValueSpecification","valueRequired":true,"valueName":"search_term_string"}}],"inLanguage":"de"},{"@type":"Organization","@id":"https:\/\/radioleinewelle.de\/#organization","name":"Radio Leinewelle","alternateName":"Mein Radio f\u00fcr S\u00fcdniedersachsen","url":"https:\/\/radioleinewelle.de\/","logo":{"@type":"ImageObject","inLanguage":"de","@id":"https:\/\/radioleinewelle.de\/#\/schema\/logo\/image\/","url":"https:\/\/radioleinewelle.de\/wp-content\/uploads\/2023\/11\/cropped-Leinewelle_Logo_weiss.png","contentUrl":"https:\/\/radioleinewelle.de\/wp-content\/uploads\/2023\/11\/cropped-Leinewelle_Logo_weiss.png","width":854,"height":260,"caption":"Radio Leinewelle"},"image":{"@id":"https:\/\/radioleinewelle.de\/#\/schema\/logo\/image\/"},"sameAs":["https:\/\/www.facebook.com\/radioleinewelle","https:\/\/x.com\/RLeinewelle","https:\/\/www.instagram.com\/radioleinewelle\/?hl=de"]},{"@type":"Person","@id":"https:\/\/radioleinewelle.de\/#\/schema\/person\/45606f348637df637192dc1b68399a63","name":"Leinewelle","image":{"@type":"ImageObject","inLanguage":"de","@id":"https:\/\/secure.gravatar.com\/avatar\/05c9a17bc973052ee5d91549bd32fb4dd0dc85b7b85ae94b2e2b4943476bbea5?s=96&d=blank&r=g","url":"https:\/\/secure.gravatar.com\/avatar\/05c9a17bc973052ee5d91549bd32fb4dd0dc85b7b85ae94b2e2b4943476bbea5?s=96&d=blank&r=g","contentUrl":"https:\/\/secure.gravatar.com\/avatar\/05c9a17bc973052ee5d91549bd32fb4dd0dc85b7b85ae94b2e2b4943476bbea5?s=96&d=blank&r=g","caption":"Leinewelle"},"sameAs":["http:\/\/localhost\/radio%20leinewelle\/wordpress","https:\/\/www.facebook.com\/radioleinewelle","https:\/\/www.instagram.com\/radioleinewelle","https:\/\/x.com\/https:\/\/twitter.com\/RLeinewelle?ref_src=twsrcgoogletwcampserptwgrauthor","https:\/\/soundcloud.com\/foerderverein-lokalradio?utm_source=clipboard&utm_medium=text&utm_campaign=social_sharing"],"url":"https:\/\/radioleinewelle.de\/index.php\/author\/leinewelle\/"}]}},"_links":{"self":[{"href":"https:\/\/radioleinewelle.de\/index.php\/wp-json\/wp\/v2\/posts\/1250","targetHints":{"allow":["GET"]}}],"collection":[{"href":"https:\/\/radioleinewelle.de\/index.php\/wp-json\/wp\/v2\/posts"}],"about":[{"href":"https:\/\/radioleinewelle.de\/index.php\/wp-json\/wp\/v2\/types\/post"}],"author":[{"embeddable":true,"href":"https:\/\/radioleinewelle.de\/index.php\/wp-json\/wp\/v2\/users\/1"}],"replies":[{"embeddable":true,"href":"https:\/\/radioleinewelle.de\/index.php\/wp-json\/wp\/v2\/comments?post=1250"}],"version-history":[{"count":1,"href":"https:\/\/radioleinewelle.de\/index.php\/wp-json\/wp\/v2\/posts\/1250\/revisions"}],"predecessor-version":[{"id":20921,"href":"https:\/\/radioleinewelle.de\/index.php\/wp-json\/wp\/v2\/posts\/1250\/revisions\/20921"}],"wp:featuredmedia":[{"embeddable":true,"href":"https:\/\/radioleinewelle.de\/index.php\/wp-json\/wp\/v2\/media\/20912"}],"wp:attachment":[{"href":"https:\/\/radioleinewelle.de\/index.php\/wp-json\/wp\/v2\/media?parent=1250"}],"wp:term":[{"taxonomy":"category","embeddable":true,"href":"https:\/\/radioleinewelle.de\/index.php\/wp-json\/wp\/v2\/categories?post=1250"},{"taxonomy":"post_tag","embeddable":true,"href":"https:\/\/radioleinewelle.de\/index.php\/wp-json\/wp\/v2\/tags?post=1250"}],"curies":[{"name":"wp","href":"https:\/\/api.w.org\/{rel}","templated":true}]}}