{"id":1254,"date":"2020-08-25T09:15:44","date_gmt":"2020-08-25T07:15:44","guid":{"rendered":"https:\/\/radioleinewelle.de\/?p=1254"},"modified":"2023-01-31T12:12:50","modified_gmt":"2023-01-31T11:12:50","slug":"northeim-fahrtkosten-fuer-elterntaxis-ist-weiterhin-moeglich","status":"publish","type":"post","link":"https:\/\/radioleinewelle.de\/index.php\/2020\/08\/25\/northeim-fahrtkosten-fuer-elterntaxis-ist-weiterhin-moeglich\/","title":{"rendered":"Northeim: Fahrtkosten f\u00fcr Elterntaxis ist weiterhin m\u00f6glich"},"content":{"rendered":"<p class=\"anreisser_detail\">Am Mittwoch, 26. August enden die Sommerferien in Niedersachsen. Eltern, die ihre Kinder selber zur Schule fahren, k\u00f6nnen bis zum Beginn der Herbstferien am 10. Oktober eine Erstattung ihrer Fahrkosten erhalten. Das gilt f\u00fcr alle Eltern von Kindern, die bereits jetzt den Anspruch auf eine Sammelsch\u00fclerzeitkarte haben. Nach der aktuell geltenden Sch\u00fclerbef\u00f6rderungssatzung gibt es pro Schultag 0,20 Euro je Kilometer f\u00fcr eine Hin- und eine R\u00fcckfahrt.&nbsp;Der Landkreis Northeim wird damit die seit Ausbruch der Corona-Pandemie geltende Regelung zun\u00e4chst fortsetzen, um die Situation in den \u00f6ffentlichen Verkehrsmitteln zu entspannen.<\/p>\n<div class=\"print_href print_abbr\">\n<div class=\"template1\">\n<div class=\"platz platz1\">\n<div class=\"rahmen\">\n<div class=\"innen\">\n<p>Der Vordruck f\u00fcr die Antragstellung wird in der n\u00e4chsten Woche \u00fcber die <a href=\"http:\/\/www.landkreis-northeim.de\">Internetseite des Landkreises Northeim<\/a> abrufbar sein.&nbsp;Zur Vermeidung von Verkehrsproblemen werden die Eltern aufgerufen, nur kurz f\u00fcr das Aussteigen zu stoppen und auf langwierige Abschiedsrituale zu verzichten.<\/p>\n<p>&nbsp;<\/p>\n<\/div>\n<\/div>\n<\/div>\n<\/div>\n<\/div>\n","protected":false},"excerpt":{"rendered":"<p>Am Mittwoch, 26. August enden die Sommerferien in Niedersachsen. Eltern, die ihre Kinder selber zur Schule fahren, k\u00f6nnen bis zum Beginn der Herbstferien am 10. Oktober eine Erstattung ihrer Fahrkosten erhalten. Das gilt f\u00fcr alle Eltern von Kindern, die bereits jetzt den Anspruch auf eine Sammelsch\u00fclerzeitkarte haben. Nach der aktuell geltenden Sch\u00fclerbef\u00f6rderungssatzung gibt es pro [&hellip;]<\/p>\n","protected":false},"author":1,"featured_media":20912,"comment_status":"closed","ping_status":"closed","sticky":false,"template":"","format":"standard","meta":{"saved_in_kubio":false,"footnotes":""},"categories":[24],"tags":[],"class_list":["post-1254","post","type-post","status-publish","format-standard","has-post-thumbnail","hentry","category-news"],"yoast_head":"<!-- This site is optimized with the Yoast SEO plugin v27.5 - https:\/\/yoast.com\/product\/yoast-seo-wordpress\/ -->\n<title>Northeim: Fahrtkosten f\u00fcr Elterntaxis ist weiterhin m\u00f6glich - Radio Leinewelle<\/title>\n<meta name=\"robots\" content=\"index, follow, max-snippet:-1, max-image-preview:large, max-video-preview:-1\" \/>\n<link rel=\"canonical\" href=\"https:\/\/radioleinewelle.de\/index.php\/2020\/08\/25\/northeim-fahrtkosten-fuer-elterntaxis-ist-weiterhin-moeglich\/\" \/>\n<meta property=\"og:locale\" content=\"de_DE\" \/>\n<meta property=\"og:type\" content=\"article\" \/>\n<meta property=\"og:title\" content=\"Northeim: Fahrtkosten f\u00fcr Elterntaxis ist weiterhin m\u00f6glich - Radio Leinewelle\" \/>\n<meta property=\"og:description\" content=\"Am Mittwoch, 26. August enden die Sommerferien in Niedersachsen. Eltern, die ihre Kinder selber zur Schule fahren, k\u00f6nnen bis zum Beginn der Herbstferien am 10. Oktober eine Erstattung ihrer Fahrkosten erhalten. Das gilt f\u00fcr alle Eltern von Kindern, die bereits jetzt den Anspruch auf eine Sammelsch\u00fclerzeitkarte haben. Nach der aktuell geltenden Sch\u00fclerbef\u00f6rderungssatzung gibt es pro [&hellip;]\" \/>\n<meta property=\"og:url\" content=\"https:\/\/radioleinewelle.de\/index.php\/2020\/08\/25\/northeim-fahrtkosten-fuer-elterntaxis-ist-weiterhin-moeglich\/\" \/>\n<meta property=\"og:site_name\" content=\"Radio Leinewelle\" \/>\n<meta property=\"article:publisher\" content=\"https:\/\/www.facebook.com\/radioleinewelle\" \/>\n<meta property=\"article:author\" content=\"https:\/\/www.facebook.com\/radioleinewelle\" \/>\n<meta property=\"article:published_time\" content=\"2020-08-25T07:15:44+00:00\" \/>\n<meta property=\"article:modified_time\" content=\"2023-01-31T11:12:50+00:00\" \/>\n<meta property=\"og:image\" content=\"https:\/\/radioleinewelle.de\/wp-content\/uploads\/2020\/06\/Info.jpg\" \/>\n\t<meta property=\"og:image:width\" content=\"1024\" \/>\n\t<meta property=\"og:image:height\" content=\"1024\" \/>\n\t<meta property=\"og:image:type\" content=\"image\/jpeg\" \/>\n<meta name=\"author\" content=\"Leinewelle\" \/>\n<meta name=\"twitter:card\" content=\"summary_large_image\" \/>\n<meta name=\"twitter:creator\" content=\"@https:\/\/twitter.com\/RLeinewelle?ref_src=twsrcgoogletwcampserptwgrauthor\" \/>\n<meta name=\"twitter:site\" content=\"@RLeinewelle\" \/>\n<meta name=\"twitter:label1\" content=\"Verfasst von\" \/>\n\t<meta name=\"twitter:data1\" content=\"Leinewelle\" \/>\n\t<meta name=\"twitter:label2\" content=\"Gesch\u00e4tzte Lesezeit\" \/>\n\t<meta name=\"twitter:data2\" content=\"1\u00a0Minute\" \/>\n<script type=\"application\/ld+json\" class=\"yoast-schema-graph\">{\"@context\":\"https:\\\/\\\/schema.org\",\"@graph\":[{\"@type\":\"Article\",\"@id\":\"https:\\\/\\\/radioleinewelle.de\\\/index.php\\\/2020\\\/08\\\/25\\\/northeim-fahrtkosten-fuer-elterntaxis-ist-weiterhin-moeglich\\\/#article\",\"isPartOf\":{\"@id\":\"https:\\\/\\\/radioleinewelle.de\\\/index.php\\\/2020\\\/08\\\/25\\\/northeim-fahrtkosten-fuer-elterntaxis-ist-weiterhin-moeglich\\\/\"},\"author\":{\"name\":\"Leinewelle\",\"@id\":\"https:\\\/\\\/radioleinewelle.de\\\/#\\\/schema\\\/person\\\/45606f348637df637192dc1b68399a63\"},\"headline\":\"Northeim: Fahrtkosten f\u00fcr Elterntaxis ist weiterhin m\u00f6glich\",\"datePublished\":\"2020-08-25T07:15:44+00:00\",\"dateModified\":\"2023-01-31T11:12:50+00:00\",\"mainEntityOfPage\":{\"@id\":\"https:\\\/\\\/radioleinewelle.de\\\/index.php\\\/2020\\\/08\\\/25\\\/northeim-fahrtkosten-fuer-elterntaxis-ist-weiterhin-moeglich\\\/\"},\"wordCount\":148,\"publisher\":{\"@id\":\"https:\\\/\\\/radioleinewelle.de\\\/#organization\"},\"image\":{\"@id\":\"https:\\\/\\\/radioleinewelle.de\\\/index.php\\\/2020\\\/08\\\/25\\\/northeim-fahrtkosten-fuer-elterntaxis-ist-weiterhin-moeglich\\\/#primaryimage\"},\"thumbnailUrl\":\"https:\\\/\\\/radioleinewelle.de\\\/wp-content\\\/uploads\\\/2020\\\/06\\\/Info-scaled.jpg\",\"articleSection\":[\"Aktuelle Nachrichten\"],\"inLanguage\":\"de\"},{\"@type\":\"WebPage\",\"@id\":\"https:\\\/\\\/radioleinewelle.de\\\/index.php\\\/2020\\\/08\\\/25\\\/northeim-fahrtkosten-fuer-elterntaxis-ist-weiterhin-moeglich\\\/\",\"url\":\"https:\\\/\\\/radioleinewelle.de\\\/index.php\\\/2020\\\/08\\\/25\\\/northeim-fahrtkosten-fuer-elterntaxis-ist-weiterhin-moeglich\\\/\",\"name\":\"Northeim: Fahrtkosten f\u00fcr Elterntaxis ist weiterhin m\u00f6glich - Radio Leinewelle\",\"isPartOf\":{\"@id\":\"https:\\\/\\\/radioleinewelle.de\\\/#website\"},\"primaryImageOfPage\":{\"@id\":\"https:\\\/\\\/radioleinewelle.de\\\/index.php\\\/2020\\\/08\\\/25\\\/northeim-fahrtkosten-fuer-elterntaxis-ist-weiterhin-moeglich\\\/#primaryimage\"},\"image\":{\"@id\":\"https:\\\/\\\/radioleinewelle.de\\\/index.php\\\/2020\\\/08\\\/25\\\/northeim-fahrtkosten-fuer-elterntaxis-ist-weiterhin-moeglich\\\/#primaryimage\"},\"thumbnailUrl\":\"https:\\\/\\\/radioleinewelle.de\\\/wp-content\\\/uploads\\\/2020\\\/06\\\/Info-scaled.jpg\",\"datePublished\":\"2020-08-25T07:15:44+00:00\",\"dateModified\":\"2023-01-31T11:12:50+00:00\",\"breadcrumb\":{\"@id\":\"https:\\\/\\\/radioleinewelle.de\\\/index.php\\\/2020\\\/08\\\/25\\\/northeim-fahrtkosten-fuer-elterntaxis-ist-weiterhin-moeglich\\\/#breadcrumb\"},\"inLanguage\":\"de\",\"potentialAction\":[{\"@type\":\"ReadAction\",\"target\":[\"https:\\\/\\\/radioleinewelle.de\\\/index.php\\\/2020\\\/08\\\/25\\\/northeim-fahrtkosten-fuer-elterntaxis-ist-weiterhin-moeglich\\\/\"]}]},{\"@type\":\"ImageObject\",\"inLanguage\":\"de\",\"@id\":\"https:\\\/\\\/radioleinewelle.de\\\/index.php\\\/2020\\\/08\\\/25\\\/northeim-fahrtkosten-fuer-elterntaxis-ist-weiterhin-moeglich\\\/#primaryimage\",\"url\":\"https:\\\/\\\/radioleinewelle.de\\\/wp-content\\\/uploads\\\/2020\\\/06\\\/Info-scaled.jpg\",\"contentUrl\":\"https:\\\/\\\/radioleinewelle.de\\\/wp-content\\\/uploads\\\/2020\\\/06\\\/Info-scaled.jpg\",\"width\":2560,\"height\":2560},{\"@type\":\"BreadcrumbList\",\"@id\":\"https:\\\/\\\/radioleinewelle.de\\\/index.php\\\/2020\\\/08\\\/25\\\/northeim-fahrtkosten-fuer-elterntaxis-ist-weiterhin-moeglich\\\/#breadcrumb\",\"itemListElement\":[{\"@type\":\"ListItem\",\"position\":1,\"name\":\"Startseite\",\"item\":\"https:\\\/\\\/radioleinewelle.de\\\/\"},{\"@type\":\"ListItem\",\"position\":2,\"name\":\"Northeim: Fahrtkosten f\u00fcr Elterntaxis ist weiterhin m\u00f6glich\"}]},{\"@type\":\"WebSite\",\"@id\":\"https:\\\/\\\/radioleinewelle.de\\\/#website\",\"url\":\"https:\\\/\\\/radioleinewelle.de\\\/\",\"name\":\"Radio Leinewelle\",\"description\":\"\",\"publisher\":{\"@id\":\"https:\\\/\\\/radioleinewelle.de\\\/#organization\"},\"potentialAction\":[{\"@type\":\"SearchAction\",\"target\":{\"@type\":\"EntryPoint\",\"urlTemplate\":\"https:\\\/\\\/radioleinewelle.de\\\/?s={search_term_string}\"},\"query-input\":{\"@type\":\"PropertyValueSpecification\",\"valueRequired\":true,\"valueName\":\"search_term_string\"}}],\"inLanguage\":\"de\"},{\"@type\":\"Organization\",\"@id\":\"https:\\\/\\\/radioleinewelle.de\\\/#organization\",\"name\":\"Radio Leinewelle\",\"alternateName\":\"Mein Radio f\u00fcr S\u00fcdniedersachsen\",\"url\":\"https:\\\/\\\/radioleinewelle.de\\\/\",\"logo\":{\"@type\":\"ImageObject\",\"inLanguage\":\"de\",\"@id\":\"https:\\\/\\\/radioleinewelle.de\\\/#\\\/schema\\\/logo\\\/image\\\/\",\"url\":\"https:\\\/\\\/radioleinewelle.de\\\/wp-content\\\/uploads\\\/2023\\\/11\\\/cropped-Leinewelle_Logo_weiss.png\",\"contentUrl\":\"https:\\\/\\\/radioleinewelle.de\\\/wp-content\\\/uploads\\\/2023\\\/11\\\/cropped-Leinewelle_Logo_weiss.png\",\"width\":854,\"height\":260,\"caption\":\"Radio Leinewelle\"},\"image\":{\"@id\":\"https:\\\/\\\/radioleinewelle.de\\\/#\\\/schema\\\/logo\\\/image\\\/\"},\"sameAs\":[\"https:\\\/\\\/www.facebook.com\\\/radioleinewelle\",\"https:\\\/\\\/x.com\\\/RLeinewelle\",\"https:\\\/\\\/www.instagram.com\\\/radioleinewelle\\\/?hl=de\"]},{\"@type\":\"Person\",\"@id\":\"https:\\\/\\\/radioleinewelle.de\\\/#\\\/schema\\\/person\\\/45606f348637df637192dc1b68399a63\",\"name\":\"Leinewelle\",\"image\":{\"@type\":\"ImageObject\",\"inLanguage\":\"de\",\"@id\":\"https:\\\/\\\/secure.gravatar.com\\\/avatar\\\/05c9a17bc973052ee5d91549bd32fb4dd0dc85b7b85ae94b2e2b4943476bbea5?s=96&d=blank&r=g\",\"url\":\"https:\\\/\\\/secure.gravatar.com\\\/avatar\\\/05c9a17bc973052ee5d91549bd32fb4dd0dc85b7b85ae94b2e2b4943476bbea5?s=96&d=blank&r=g\",\"contentUrl\":\"https:\\\/\\\/secure.gravatar.com\\\/avatar\\\/05c9a17bc973052ee5d91549bd32fb4dd0dc85b7b85ae94b2e2b4943476bbea5?s=96&d=blank&r=g\",\"caption\":\"Leinewelle\"},\"sameAs\":[\"http:\\\/\\\/localhost\\\/radio%20leinewelle\\\/wordpress\",\"https:\\\/\\\/www.facebook.com\\\/radioleinewelle\",\"https:\\\/\\\/www.instagram.com\\\/radioleinewelle\",\"https:\\\/\\\/x.com\\\/https:\\\/\\\/twitter.com\\\/RLeinewelle?ref_src=twsrcgoogletwcampserptwgrauthor\",\"https:\\\/\\\/soundcloud.com\\\/foerderverein-lokalradio?utm_source=clipboard&utm_medium=text&utm_campaign=social_sharing\"],\"url\":\"https:\\\/\\\/radioleinewelle.de\\\/index.php\\\/author\\\/leinewelle\\\/\"}]}<\/script>\n<!-- \/ Yoast SEO plugin. -->","yoast_head_json":{"title":"Northeim: Fahrtkosten f\u00fcr Elterntaxis ist weiterhin m\u00f6glich - Radio Leinewelle","robots":{"index":"index","follow":"follow","max-snippet":"max-snippet:-1","max-image-preview":"max-image-preview:large","max-video-preview":"max-video-preview:-1"},"canonical":"https:\/\/radioleinewelle.de\/index.php\/2020\/08\/25\/northeim-fahrtkosten-fuer-elterntaxis-ist-weiterhin-moeglich\/","og_locale":"de_DE","og_type":"article","og_title":"Northeim: Fahrtkosten f\u00fcr Elterntaxis ist weiterhin m\u00f6glich - Radio Leinewelle","og_description":"Am Mittwoch, 26. August enden die Sommerferien in Niedersachsen. Eltern, die ihre Kinder selber zur Schule fahren, k\u00f6nnen bis zum Beginn der Herbstferien am 10. Oktober eine Erstattung ihrer Fahrkosten erhalten. Das gilt f\u00fcr alle Eltern von Kindern, die bereits jetzt den Anspruch auf eine Sammelsch\u00fclerzeitkarte haben. Nach der aktuell geltenden Sch\u00fclerbef\u00f6rderungssatzung gibt es pro [&hellip;]","og_url":"https:\/\/radioleinewelle.de\/index.php\/2020\/08\/25\/northeim-fahrtkosten-fuer-elterntaxis-ist-weiterhin-moeglich\/","og_site_name":"Radio Leinewelle","article_publisher":"https:\/\/www.facebook.com\/radioleinewelle","article_author":"https:\/\/www.facebook.com\/radioleinewelle","article_published_time":"2020-08-25T07:15:44+00:00","article_modified_time":"2023-01-31T11:12:50+00:00","og_image":[{"url":"https:\/\/radioleinewelle.de\/wp-content\/uploads\/2020\/06\/Info.jpg","width":1024,"height":1024,"type":"image\/jpeg"}],"author":"Leinewelle","twitter_card":"summary_large_image","twitter_creator":"@https:\/\/twitter.com\/RLeinewelle?ref_src=twsrcgoogletwcampserptwgrauthor","twitter_site":"@RLeinewelle","twitter_misc":{"Verfasst von":"Leinewelle","Gesch\u00e4tzte Lesezeit":"1\u00a0Minute"},"schema":{"@context":"https:\/\/schema.org","@graph":[{"@type":"Article","@id":"https:\/\/radioleinewelle.de\/index.php\/2020\/08\/25\/northeim-fahrtkosten-fuer-elterntaxis-ist-weiterhin-moeglich\/#article","isPartOf":{"@id":"https:\/\/radioleinewelle.de\/index.php\/2020\/08\/25\/northeim-fahrtkosten-fuer-elterntaxis-ist-weiterhin-moeglich\/"},"author":{"name":"Leinewelle","@id":"https:\/\/radioleinewelle.de\/#\/schema\/person\/45606f348637df637192dc1b68399a63"},"headline":"Northeim: Fahrtkosten f\u00fcr Elterntaxis ist weiterhin m\u00f6glich","datePublished":"2020-08-25T07:15:44+00:00","dateModified":"2023-01-31T11:12:50+00:00","mainEntityOfPage":{"@id":"https:\/\/radioleinewelle.de\/index.php\/2020\/08\/25\/northeim-fahrtkosten-fuer-elterntaxis-ist-weiterhin-moeglich\/"},"wordCount":148,"publisher":{"@id":"https:\/\/radioleinewelle.de\/#organization"},"image":{"@id":"https:\/\/radioleinewelle.de\/index.php\/2020\/08\/25\/northeim-fahrtkosten-fuer-elterntaxis-ist-weiterhin-moeglich\/#primaryimage"},"thumbnailUrl":"https:\/\/radioleinewelle.de\/wp-content\/uploads\/2020\/06\/Info-scaled.jpg","articleSection":["Aktuelle Nachrichten"],"inLanguage":"de"},{"@type":"WebPage","@id":"https:\/\/radioleinewelle.de\/index.php\/2020\/08\/25\/northeim-fahrtkosten-fuer-elterntaxis-ist-weiterhin-moeglich\/","url":"https:\/\/radioleinewelle.de\/index.php\/2020\/08\/25\/northeim-fahrtkosten-fuer-elterntaxis-ist-weiterhin-moeglich\/","name":"Northeim: Fahrtkosten f\u00fcr Elterntaxis ist weiterhin m\u00f6glich - Radio Leinewelle","isPartOf":{"@id":"https:\/\/radioleinewelle.de\/#website"},"primaryImageOfPage":{"@id":"https:\/\/radioleinewelle.de\/index.php\/2020\/08\/25\/northeim-fahrtkosten-fuer-elterntaxis-ist-weiterhin-moeglich\/#primaryimage"},"image":{"@id":"https:\/\/radioleinewelle.de\/index.php\/2020\/08\/25\/northeim-fahrtkosten-fuer-elterntaxis-ist-weiterhin-moeglich\/#primaryimage"},"thumbnailUrl":"https:\/\/radioleinewelle.de\/wp-content\/uploads\/2020\/06\/Info-scaled.jpg","datePublished":"2020-08-25T07:15:44+00:00","dateModified":"2023-01-31T11:12:50+00:00","breadcrumb":{"@id":"https:\/\/radioleinewelle.de\/index.php\/2020\/08\/25\/northeim-fahrtkosten-fuer-elterntaxis-ist-weiterhin-moeglich\/#breadcrumb"},"inLanguage":"de","potentialAction":[{"@type":"ReadAction","target":["https:\/\/radioleinewelle.de\/index.php\/2020\/08\/25\/northeim-fahrtkosten-fuer-elterntaxis-ist-weiterhin-moeglich\/"]}]},{"@type":"ImageObject","inLanguage":"de","@id":"https:\/\/radioleinewelle.de\/index.php\/2020\/08\/25\/northeim-fahrtkosten-fuer-elterntaxis-ist-weiterhin-moeglich\/#primaryimage","url":"https:\/\/radioleinewelle.de\/wp-content\/uploads\/2020\/06\/Info-scaled.jpg","contentUrl":"https:\/\/radioleinewelle.de\/wp-content\/uploads\/2020\/06\/Info-scaled.jpg","width":2560,"height":2560},{"@type":"BreadcrumbList","@id":"https:\/\/radioleinewelle.de\/index.php\/2020\/08\/25\/northeim-fahrtkosten-fuer-elterntaxis-ist-weiterhin-moeglich\/#breadcrumb","itemListElement":[{"@type":"ListItem","position":1,"name":"Startseite","item":"https:\/\/radioleinewelle.de\/"},{"@type":"ListItem","position":2,"name":"Northeim: Fahrtkosten f\u00fcr Elterntaxis ist weiterhin m\u00f6glich"}]},{"@type":"WebSite","@id":"https:\/\/radioleinewelle.de\/#website","url":"https:\/\/radioleinewelle.de\/","name":"Radio Leinewelle","description":"","publisher":{"@id":"https:\/\/radioleinewelle.de\/#organization"},"potentialAction":[{"@type":"SearchAction","target":{"@type":"EntryPoint","urlTemplate":"https:\/\/radioleinewelle.de\/?s={search_term_string}"},"query-input":{"@type":"PropertyValueSpecification","valueRequired":true,"valueName":"search_term_string"}}],"inLanguage":"de"},{"@type":"Organization","@id":"https:\/\/radioleinewelle.de\/#organization","name":"Radio Leinewelle","alternateName":"Mein Radio f\u00fcr S\u00fcdniedersachsen","url":"https:\/\/radioleinewelle.de\/","logo":{"@type":"ImageObject","inLanguage":"de","@id":"https:\/\/radioleinewelle.de\/#\/schema\/logo\/image\/","url":"https:\/\/radioleinewelle.de\/wp-content\/uploads\/2023\/11\/cropped-Leinewelle_Logo_weiss.png","contentUrl":"https:\/\/radioleinewelle.de\/wp-content\/uploads\/2023\/11\/cropped-Leinewelle_Logo_weiss.png","width":854,"height":260,"caption":"Radio Leinewelle"},"image":{"@id":"https:\/\/radioleinewelle.de\/#\/schema\/logo\/image\/"},"sameAs":["https:\/\/www.facebook.com\/radioleinewelle","https:\/\/x.com\/RLeinewelle","https:\/\/www.instagram.com\/radioleinewelle\/?hl=de"]},{"@type":"Person","@id":"https:\/\/radioleinewelle.de\/#\/schema\/person\/45606f348637df637192dc1b68399a63","name":"Leinewelle","image":{"@type":"ImageObject","inLanguage":"de","@id":"https:\/\/secure.gravatar.com\/avatar\/05c9a17bc973052ee5d91549bd32fb4dd0dc85b7b85ae94b2e2b4943476bbea5?s=96&d=blank&r=g","url":"https:\/\/secure.gravatar.com\/avatar\/05c9a17bc973052ee5d91549bd32fb4dd0dc85b7b85ae94b2e2b4943476bbea5?s=96&d=blank&r=g","contentUrl":"https:\/\/secure.gravatar.com\/avatar\/05c9a17bc973052ee5d91549bd32fb4dd0dc85b7b85ae94b2e2b4943476bbea5?s=96&d=blank&r=g","caption":"Leinewelle"},"sameAs":["http:\/\/localhost\/radio%20leinewelle\/wordpress","https:\/\/www.facebook.com\/radioleinewelle","https:\/\/www.instagram.com\/radioleinewelle","https:\/\/x.com\/https:\/\/twitter.com\/RLeinewelle?ref_src=twsrcgoogletwcampserptwgrauthor","https:\/\/soundcloud.com\/foerderverein-lokalradio?utm_source=clipboard&utm_medium=text&utm_campaign=social_sharing"],"url":"https:\/\/radioleinewelle.de\/index.php\/author\/leinewelle\/"}]}},"_links":{"self":[{"href":"https:\/\/radioleinewelle.de\/index.php\/wp-json\/wp\/v2\/posts\/1254","targetHints":{"allow":["GET"]}}],"collection":[{"href":"https:\/\/radioleinewelle.de\/index.php\/wp-json\/wp\/v2\/posts"}],"about":[{"href":"https:\/\/radioleinewelle.de\/index.php\/wp-json\/wp\/v2\/types\/post"}],"author":[{"embeddable":true,"href":"https:\/\/radioleinewelle.de\/index.php\/wp-json\/wp\/v2\/users\/1"}],"replies":[{"embeddable":true,"href":"https:\/\/radioleinewelle.de\/index.php\/wp-json\/wp\/v2\/comments?post=1254"}],"version-history":[{"count":1,"href":"https:\/\/radioleinewelle.de\/index.php\/wp-json\/wp\/v2\/posts\/1254\/revisions"}],"predecessor-version":[{"id":20922,"href":"https:\/\/radioleinewelle.de\/index.php\/wp-json\/wp\/v2\/posts\/1254\/revisions\/20922"}],"wp:featuredmedia":[{"embeddable":true,"href":"https:\/\/radioleinewelle.de\/index.php\/wp-json\/wp\/v2\/media\/20912"}],"wp:attachment":[{"href":"https:\/\/radioleinewelle.de\/index.php\/wp-json\/wp\/v2\/media?parent=1254"}],"wp:term":[{"taxonomy":"category","embeddable":true,"href":"https:\/\/radioleinewelle.de\/index.php\/wp-json\/wp\/v2\/categories?post=1254"},{"taxonomy":"post_tag","embeddable":true,"href":"https:\/\/radioleinewelle.de\/index.php\/wp-json\/wp\/v2\/tags?post=1254"}],"curies":[{"name":"wp","href":"https:\/\/api.w.org\/{rel}","templated":true}]}}