{"id":1262,"date":"2020-08-25T09:30:19","date_gmt":"2020-08-25T07:30:19","guid":{"rendered":"https:\/\/radioleinewelle.de\/?p=1262"},"modified":"2023-01-31T12:18:13","modified_gmt":"2023-01-31T11:18:13","slug":"kassel-wer-verdient-den-naturschutzpreis-2020","status":"publish","type":"post","link":"https:\/\/radioleinewelle.de\/index.php\/2020\/08\/25\/kassel-wer-verdient-den-naturschutzpreis-2020\/","title":{"rendered":"Kassel: Wer verdient den Naturschutzpreis 2020?"},"content":{"rendered":"<p><strong>Landkreis Kassel.<\/strong> Der Landkreis Kassel vergibt auch in diesem Jahr zwei Naturschutzpreise. Ziel ist es, das ehrenamtliche Engagement von Gruppen oder Einzelpersonen f\u00fcr den praktischen Naturschutz, f\u00fcr die Landschaftspflege oder im Bereich der Umweltp\u00e4dagogik zu w\u00fcrdigen. &nbsp;\u201eDas Corona-Virus hat das gesellschaftliche Leben in diesem Jahr stark durcheinandergewirbelt und auch die Vergabe des Naturschutzpreises stand zun\u00e4chst in Frage\u201c, berichtet Vizelandrat Andreas Siebert. \u201eDa aber auch in diesem Jahr ehrenamtliche Naturschutzarbeit durch viele engagierte Menschen stattgefunden hat, haben wir uns entschieden den Naturschutzpreis wie in den vorangegangenen Jahren zu vergeben.&nbsp;Die bisherigen Preistr\u00e4ger h\u00e4tten gezeigt, so Siebert weiter, dass es viele Wege gebe, sich auf lokaler und regionaler Ebene f\u00fcr Naturschutz einzusetzen. Diese will der Landkreis gerne unterst\u00fctzen und auch in der \u00d6ffentlichkeit bekannter machen.<\/p>\n<p>Der Naturschutzpreis wird in zwei Kategorien vergeben:<br \/>\n&#8211; &nbsp; &nbsp; &nbsp; Einzelpersonen, Organisationen oder auch Unternehmen k\u00f6nnen mit einem Preisgeld von 1.500 Euro pr\u00e4miert werden;<br \/>\n&#8211; &nbsp; &nbsp; &nbsp; weitere 500 Euro sind f\u00fcr einen Preis f\u00fcr Kinder- und Jugendliche bis 18 Jahre oder f\u00fcr Institutionen aus dem Bereich Kinder- oder Jugendarbeit vorbehalten.<\/p>\n<p>Grunds\u00e4tzlich gilt: Der Einsatz muss auf ehrenamtlicher Basis erfolgen. Ausgeschlossen sind hauptamtliche Verbandsaktivit\u00e4ten, Personen, die sich von Berufs wegen mit Naturschutz befassen, wie auch die Mitglieder des Naturschutzbeirates.&nbsp;Vorschl\u00e4ge k\u00f6nnen <strong>bis zum 31. Oktober 2020<\/strong> an den Landkreis Kassel, Untere Naturschutzbeh\u00f6rde, Ritterstra\u00dfe 1, 34466 Wolfhagen, gesandt werden oder per Email an <a class=\"SP-encrypted-email\" href=\"mailto:unb%E2%9A%B9landkreiskassel%E2%97%A6de\" data-sp-email=\"\" data-sp-email-bootstrapped=\"sp-19\"><span class=\"SP-Paragraph__linkText\">unb<i>landkreiskassel<\/i>de<\/span><\/a>. Auch eigene Projekte oder Aktivit\u00e4ten k\u00f6nnen eingereicht werden. Die Vorschl\u00e4ge sollten die jeweiligen Leistungen des Vorgeschlagenen oder der vorgeschlagenen Organisation darstellen.&nbsp;\u00dcber die Preisvergabe entscheidet eine Fachjury, die sich aus drei Vertretern des Kreisausschusses, drei Vertretern des Naturschutzbeirates und einem Vertreter der Unteren Naturschutzbeh\u00f6rde zusammensetzt. Die Preisverleihung selbst ist f\u00fcr den Dezember geplant.<\/p>\n","protected":false},"excerpt":{"rendered":"<p>Landkreis Kassel. Der Landkreis Kassel vergibt auch in diesem Jahr zwei Naturschutzpreise. Ziel ist es, das ehrenamtliche Engagement von Gruppen oder Einzelpersonen f\u00fcr den praktischen Naturschutz, f\u00fcr die Landschaftspflege oder im Bereich der Umweltp\u00e4dagogik zu w\u00fcrdigen. &nbsp;\u201eDas Corona-Virus hat das gesellschaftliche Leben in diesem Jahr stark durcheinandergewirbelt und auch die Vergabe des Naturschutzpreises stand zun\u00e4chst [&hellip;]<\/p>\n","protected":false},"author":1,"featured_media":20875,"comment_status":"closed","ping_status":"closed","sticky":false,"template":"","format":"standard","meta":{"saved_in_kubio":false,"footnotes":""},"categories":[1],"tags":[],"class_list":["post-1262","post","type-post","status-publish","format-standard","has-post-thumbnail","hentry","category-allgemein"],"yoast_head":"<!-- This site is optimized with the Yoast SEO plugin v27.5 - https:\/\/yoast.com\/product\/yoast-seo-wordpress\/ -->\n<title>Kassel: Wer verdient den Naturschutzpreis 2020? - Radio Leinewelle<\/title>\n<meta name=\"robots\" content=\"index, follow, max-snippet:-1, max-image-preview:large, max-video-preview:-1\" \/>\n<link rel=\"canonical\" href=\"https:\/\/radioleinewelle.de\/index.php\/2020\/08\/25\/kassel-wer-verdient-den-naturschutzpreis-2020\/\" \/>\n<meta property=\"og:locale\" content=\"de_DE\" \/>\n<meta property=\"og:type\" content=\"article\" \/>\n<meta property=\"og:title\" content=\"Kassel: Wer verdient den Naturschutzpreis 2020? - Radio Leinewelle\" \/>\n<meta property=\"og:description\" content=\"Landkreis Kassel. Der Landkreis Kassel vergibt auch in diesem Jahr zwei Naturschutzpreise. Ziel ist es, das ehrenamtliche Engagement von Gruppen oder Einzelpersonen f\u00fcr den praktischen Naturschutz, f\u00fcr die Landschaftspflege oder im Bereich der Umweltp\u00e4dagogik zu w\u00fcrdigen. &nbsp;\u201eDas Corona-Virus hat das gesellschaftliche Leben in diesem Jahr stark durcheinandergewirbelt und auch die Vergabe des Naturschutzpreises stand zun\u00e4chst [&hellip;]\" \/>\n<meta property=\"og:url\" content=\"https:\/\/radioleinewelle.de\/index.php\/2020\/08\/25\/kassel-wer-verdient-den-naturschutzpreis-2020\/\" \/>\n<meta property=\"og:site_name\" content=\"Radio Leinewelle\" \/>\n<meta property=\"article:publisher\" content=\"https:\/\/www.facebook.com\/radioleinewelle\" \/>\n<meta property=\"article:author\" content=\"https:\/\/www.facebook.com\/radioleinewelle\" \/>\n<meta property=\"article:published_time\" content=\"2020-08-25T07:30:19+00:00\" \/>\n<meta property=\"article:modified_time\" content=\"2023-01-31T11:18:13+00:00\" \/>\n<meta property=\"og:image\" content=\"https:\/\/radioleinewelle.de\/wp-content\/uploads\/2023\/01\/News.jpg\" \/>\n\t<meta property=\"og:image:width\" content=\"1024\" \/>\n\t<meta property=\"og:image:height\" content=\"1024\" \/>\n\t<meta property=\"og:image:type\" content=\"image\/jpeg\" \/>\n<meta name=\"author\" content=\"Leinewelle\" \/>\n<meta name=\"twitter:card\" content=\"summary_large_image\" \/>\n<meta name=\"twitter:creator\" content=\"@https:\/\/twitter.com\/RLeinewelle?ref_src=twsrcgoogletwcampserptwgrauthor\" \/>\n<meta name=\"twitter:site\" content=\"@RLeinewelle\" \/>\n<meta name=\"twitter:label1\" content=\"Verfasst von\" \/>\n\t<meta name=\"twitter:data1\" content=\"Leinewelle\" \/>\n\t<meta name=\"twitter:label2\" content=\"Gesch\u00e4tzte Lesezeit\" \/>\n\t<meta name=\"twitter:data2\" content=\"2\u00a0Minuten\" \/>\n<script type=\"application\/ld+json\" class=\"yoast-schema-graph\">{\"@context\":\"https:\\\/\\\/schema.org\",\"@graph\":[{\"@type\":\"Article\",\"@id\":\"https:\\\/\\\/radioleinewelle.de\\\/index.php\\\/2020\\\/08\\\/25\\\/kassel-wer-verdient-den-naturschutzpreis-2020\\\/#article\",\"isPartOf\":{\"@id\":\"https:\\\/\\\/radioleinewelle.de\\\/index.php\\\/2020\\\/08\\\/25\\\/kassel-wer-verdient-den-naturschutzpreis-2020\\\/\"},\"author\":{\"name\":\"Leinewelle\",\"@id\":\"https:\\\/\\\/radioleinewelle.de\\\/#\\\/schema\\\/person\\\/45606f348637df637192dc1b68399a63\"},\"headline\":\"Kassel: Wer verdient den Naturschutzpreis 2020?\",\"datePublished\":\"2020-08-25T07:30:19+00:00\",\"dateModified\":\"2023-01-31T11:18:13+00:00\",\"mainEntityOfPage\":{\"@id\":\"https:\\\/\\\/radioleinewelle.de\\\/index.php\\\/2020\\\/08\\\/25\\\/kassel-wer-verdient-den-naturschutzpreis-2020\\\/\"},\"wordCount\":308,\"publisher\":{\"@id\":\"https:\\\/\\\/radioleinewelle.de\\\/#organization\"},\"image\":{\"@id\":\"https:\\\/\\\/radioleinewelle.de\\\/index.php\\\/2020\\\/08\\\/25\\\/kassel-wer-verdient-den-naturschutzpreis-2020\\\/#primaryimage\"},\"thumbnailUrl\":\"https:\\\/\\\/radioleinewelle.de\\\/wp-content\\\/uploads\\\/2023\\\/01\\\/News.jpg\",\"inLanguage\":\"de\"},{\"@type\":\"WebPage\",\"@id\":\"https:\\\/\\\/radioleinewelle.de\\\/index.php\\\/2020\\\/08\\\/25\\\/kassel-wer-verdient-den-naturschutzpreis-2020\\\/\",\"url\":\"https:\\\/\\\/radioleinewelle.de\\\/index.php\\\/2020\\\/08\\\/25\\\/kassel-wer-verdient-den-naturschutzpreis-2020\\\/\",\"name\":\"Kassel: Wer verdient den Naturschutzpreis 2020? - Radio Leinewelle\",\"isPartOf\":{\"@id\":\"https:\\\/\\\/radioleinewelle.de\\\/#website\"},\"primaryImageOfPage\":{\"@id\":\"https:\\\/\\\/radioleinewelle.de\\\/index.php\\\/2020\\\/08\\\/25\\\/kassel-wer-verdient-den-naturschutzpreis-2020\\\/#primaryimage\"},\"image\":{\"@id\":\"https:\\\/\\\/radioleinewelle.de\\\/index.php\\\/2020\\\/08\\\/25\\\/kassel-wer-verdient-den-naturschutzpreis-2020\\\/#primaryimage\"},\"thumbnailUrl\":\"https:\\\/\\\/radioleinewelle.de\\\/wp-content\\\/uploads\\\/2023\\\/01\\\/News.jpg\",\"datePublished\":\"2020-08-25T07:30:19+00:00\",\"dateModified\":\"2023-01-31T11:18:13+00:00\",\"breadcrumb\":{\"@id\":\"https:\\\/\\\/radioleinewelle.de\\\/index.php\\\/2020\\\/08\\\/25\\\/kassel-wer-verdient-den-naturschutzpreis-2020\\\/#breadcrumb\"},\"inLanguage\":\"de\",\"potentialAction\":[{\"@type\":\"ReadAction\",\"target\":[\"https:\\\/\\\/radioleinewelle.de\\\/index.php\\\/2020\\\/08\\\/25\\\/kassel-wer-verdient-den-naturschutzpreis-2020\\\/\"]}]},{\"@type\":\"ImageObject\",\"inLanguage\":\"de\",\"@id\":\"https:\\\/\\\/radioleinewelle.de\\\/index.php\\\/2020\\\/08\\\/25\\\/kassel-wer-verdient-den-naturschutzpreis-2020\\\/#primaryimage\",\"url\":\"https:\\\/\\\/radioleinewelle.de\\\/wp-content\\\/uploads\\\/2023\\\/01\\\/News.jpg\",\"contentUrl\":\"https:\\\/\\\/radioleinewelle.de\\\/wp-content\\\/uploads\\\/2023\\\/01\\\/News.jpg\",\"width\":3709,\"height\":3709},{\"@type\":\"BreadcrumbList\",\"@id\":\"https:\\\/\\\/radioleinewelle.de\\\/index.php\\\/2020\\\/08\\\/25\\\/kassel-wer-verdient-den-naturschutzpreis-2020\\\/#breadcrumb\",\"itemListElement\":[{\"@type\":\"ListItem\",\"position\":1,\"name\":\"Startseite\",\"item\":\"https:\\\/\\\/radioleinewelle.de\\\/\"},{\"@type\":\"ListItem\",\"position\":2,\"name\":\"Kassel: Wer verdient den Naturschutzpreis 2020?\"}]},{\"@type\":\"WebSite\",\"@id\":\"https:\\\/\\\/radioleinewelle.de\\\/#website\",\"url\":\"https:\\\/\\\/radioleinewelle.de\\\/\",\"name\":\"Radio Leinewelle\",\"description\":\"\",\"publisher\":{\"@id\":\"https:\\\/\\\/radioleinewelle.de\\\/#organization\"},\"potentialAction\":[{\"@type\":\"SearchAction\",\"target\":{\"@type\":\"EntryPoint\",\"urlTemplate\":\"https:\\\/\\\/radioleinewelle.de\\\/?s={search_term_string}\"},\"query-input\":{\"@type\":\"PropertyValueSpecification\",\"valueRequired\":true,\"valueName\":\"search_term_string\"}}],\"inLanguage\":\"de\"},{\"@type\":\"Organization\",\"@id\":\"https:\\\/\\\/radioleinewelle.de\\\/#organization\",\"name\":\"Radio Leinewelle\",\"alternateName\":\"Mein Radio f\u00fcr S\u00fcdniedersachsen\",\"url\":\"https:\\\/\\\/radioleinewelle.de\\\/\",\"logo\":{\"@type\":\"ImageObject\",\"inLanguage\":\"de\",\"@id\":\"https:\\\/\\\/radioleinewelle.de\\\/#\\\/schema\\\/logo\\\/image\\\/\",\"url\":\"https:\\\/\\\/radioleinewelle.de\\\/wp-content\\\/uploads\\\/2023\\\/11\\\/cropped-Leinewelle_Logo_weiss.png\",\"contentUrl\":\"https:\\\/\\\/radioleinewelle.de\\\/wp-content\\\/uploads\\\/2023\\\/11\\\/cropped-Leinewelle_Logo_weiss.png\",\"width\":854,\"height\":260,\"caption\":\"Radio Leinewelle\"},\"image\":{\"@id\":\"https:\\\/\\\/radioleinewelle.de\\\/#\\\/schema\\\/logo\\\/image\\\/\"},\"sameAs\":[\"https:\\\/\\\/www.facebook.com\\\/radioleinewelle\",\"https:\\\/\\\/x.com\\\/RLeinewelle\",\"https:\\\/\\\/www.instagram.com\\\/radioleinewelle\\\/?hl=de\"]},{\"@type\":\"Person\",\"@id\":\"https:\\\/\\\/radioleinewelle.de\\\/#\\\/schema\\\/person\\\/45606f348637df637192dc1b68399a63\",\"name\":\"Leinewelle\",\"image\":{\"@type\":\"ImageObject\",\"inLanguage\":\"de\",\"@id\":\"https:\\\/\\\/secure.gravatar.com\\\/avatar\\\/05c9a17bc973052ee5d91549bd32fb4dd0dc85b7b85ae94b2e2b4943476bbea5?s=96&d=blank&r=g\",\"url\":\"https:\\\/\\\/secure.gravatar.com\\\/avatar\\\/05c9a17bc973052ee5d91549bd32fb4dd0dc85b7b85ae94b2e2b4943476bbea5?s=96&d=blank&r=g\",\"contentUrl\":\"https:\\\/\\\/secure.gravatar.com\\\/avatar\\\/05c9a17bc973052ee5d91549bd32fb4dd0dc85b7b85ae94b2e2b4943476bbea5?s=96&d=blank&r=g\",\"caption\":\"Leinewelle\"},\"sameAs\":[\"http:\\\/\\\/localhost\\\/radio%20leinewelle\\\/wordpress\",\"https:\\\/\\\/www.facebook.com\\\/radioleinewelle\",\"https:\\\/\\\/www.instagram.com\\\/radioleinewelle\",\"https:\\\/\\\/x.com\\\/https:\\\/\\\/twitter.com\\\/RLeinewelle?ref_src=twsrcgoogletwcampserptwgrauthor\",\"https:\\\/\\\/soundcloud.com\\\/foerderverein-lokalradio?utm_source=clipboard&utm_medium=text&utm_campaign=social_sharing\"],\"url\":\"https:\\\/\\\/radioleinewelle.de\\\/index.php\\\/author\\\/leinewelle\\\/\"}]}<\/script>\n<!-- \/ Yoast SEO plugin. -->","yoast_head_json":{"title":"Kassel: Wer verdient den Naturschutzpreis 2020? - Radio Leinewelle","robots":{"index":"index","follow":"follow","max-snippet":"max-snippet:-1","max-image-preview":"max-image-preview:large","max-video-preview":"max-video-preview:-1"},"canonical":"https:\/\/radioleinewelle.de\/index.php\/2020\/08\/25\/kassel-wer-verdient-den-naturschutzpreis-2020\/","og_locale":"de_DE","og_type":"article","og_title":"Kassel: Wer verdient den Naturschutzpreis 2020? - Radio Leinewelle","og_description":"Landkreis Kassel. Der Landkreis Kassel vergibt auch in diesem Jahr zwei Naturschutzpreise. Ziel ist es, das ehrenamtliche Engagement von Gruppen oder Einzelpersonen f\u00fcr den praktischen Naturschutz, f\u00fcr die Landschaftspflege oder im Bereich der Umweltp\u00e4dagogik zu w\u00fcrdigen. &nbsp;\u201eDas Corona-Virus hat das gesellschaftliche Leben in diesem Jahr stark durcheinandergewirbelt und auch die Vergabe des Naturschutzpreises stand zun\u00e4chst [&hellip;]","og_url":"https:\/\/radioleinewelle.de\/index.php\/2020\/08\/25\/kassel-wer-verdient-den-naturschutzpreis-2020\/","og_site_name":"Radio Leinewelle","article_publisher":"https:\/\/www.facebook.com\/radioleinewelle","article_author":"https:\/\/www.facebook.com\/radioleinewelle","article_published_time":"2020-08-25T07:30:19+00:00","article_modified_time":"2023-01-31T11:18:13+00:00","og_image":[{"url":"https:\/\/radioleinewelle.de\/wp-content\/uploads\/2023\/01\/News.jpg","width":1024,"height":1024,"type":"image\/jpeg"}],"author":"Leinewelle","twitter_card":"summary_large_image","twitter_creator":"@https:\/\/twitter.com\/RLeinewelle?ref_src=twsrcgoogletwcampserptwgrauthor","twitter_site":"@RLeinewelle","twitter_misc":{"Verfasst von":"Leinewelle","Gesch\u00e4tzte Lesezeit":"2\u00a0Minuten"},"schema":{"@context":"https:\/\/schema.org","@graph":[{"@type":"Article","@id":"https:\/\/radioleinewelle.de\/index.php\/2020\/08\/25\/kassel-wer-verdient-den-naturschutzpreis-2020\/#article","isPartOf":{"@id":"https:\/\/radioleinewelle.de\/index.php\/2020\/08\/25\/kassel-wer-verdient-den-naturschutzpreis-2020\/"},"author":{"name":"Leinewelle","@id":"https:\/\/radioleinewelle.de\/#\/schema\/person\/45606f348637df637192dc1b68399a63"},"headline":"Kassel: Wer verdient den Naturschutzpreis 2020?","datePublished":"2020-08-25T07:30:19+00:00","dateModified":"2023-01-31T11:18:13+00:00","mainEntityOfPage":{"@id":"https:\/\/radioleinewelle.de\/index.php\/2020\/08\/25\/kassel-wer-verdient-den-naturschutzpreis-2020\/"},"wordCount":308,"publisher":{"@id":"https:\/\/radioleinewelle.de\/#organization"},"image":{"@id":"https:\/\/radioleinewelle.de\/index.php\/2020\/08\/25\/kassel-wer-verdient-den-naturschutzpreis-2020\/#primaryimage"},"thumbnailUrl":"https:\/\/radioleinewelle.de\/wp-content\/uploads\/2023\/01\/News.jpg","inLanguage":"de"},{"@type":"WebPage","@id":"https:\/\/radioleinewelle.de\/index.php\/2020\/08\/25\/kassel-wer-verdient-den-naturschutzpreis-2020\/","url":"https:\/\/radioleinewelle.de\/index.php\/2020\/08\/25\/kassel-wer-verdient-den-naturschutzpreis-2020\/","name":"Kassel: Wer verdient den Naturschutzpreis 2020? - Radio Leinewelle","isPartOf":{"@id":"https:\/\/radioleinewelle.de\/#website"},"primaryImageOfPage":{"@id":"https:\/\/radioleinewelle.de\/index.php\/2020\/08\/25\/kassel-wer-verdient-den-naturschutzpreis-2020\/#primaryimage"},"image":{"@id":"https:\/\/radioleinewelle.de\/index.php\/2020\/08\/25\/kassel-wer-verdient-den-naturschutzpreis-2020\/#primaryimage"},"thumbnailUrl":"https:\/\/radioleinewelle.de\/wp-content\/uploads\/2023\/01\/News.jpg","datePublished":"2020-08-25T07:30:19+00:00","dateModified":"2023-01-31T11:18:13+00:00","breadcrumb":{"@id":"https:\/\/radioleinewelle.de\/index.php\/2020\/08\/25\/kassel-wer-verdient-den-naturschutzpreis-2020\/#breadcrumb"},"inLanguage":"de","potentialAction":[{"@type":"ReadAction","target":["https:\/\/radioleinewelle.de\/index.php\/2020\/08\/25\/kassel-wer-verdient-den-naturschutzpreis-2020\/"]}]},{"@type":"ImageObject","inLanguage":"de","@id":"https:\/\/radioleinewelle.de\/index.php\/2020\/08\/25\/kassel-wer-verdient-den-naturschutzpreis-2020\/#primaryimage","url":"https:\/\/radioleinewelle.de\/wp-content\/uploads\/2023\/01\/News.jpg","contentUrl":"https:\/\/radioleinewelle.de\/wp-content\/uploads\/2023\/01\/News.jpg","width":3709,"height":3709},{"@type":"BreadcrumbList","@id":"https:\/\/radioleinewelle.de\/index.php\/2020\/08\/25\/kassel-wer-verdient-den-naturschutzpreis-2020\/#breadcrumb","itemListElement":[{"@type":"ListItem","position":1,"name":"Startseite","item":"https:\/\/radioleinewelle.de\/"},{"@type":"ListItem","position":2,"name":"Kassel: Wer verdient den Naturschutzpreis 2020?"}]},{"@type":"WebSite","@id":"https:\/\/radioleinewelle.de\/#website","url":"https:\/\/radioleinewelle.de\/","name":"Radio Leinewelle","description":"","publisher":{"@id":"https:\/\/radioleinewelle.de\/#organization"},"potentialAction":[{"@type":"SearchAction","target":{"@type":"EntryPoint","urlTemplate":"https:\/\/radioleinewelle.de\/?s={search_term_string}"},"query-input":{"@type":"PropertyValueSpecification","valueRequired":true,"valueName":"search_term_string"}}],"inLanguage":"de"},{"@type":"Organization","@id":"https:\/\/radioleinewelle.de\/#organization","name":"Radio Leinewelle","alternateName":"Mein Radio f\u00fcr S\u00fcdniedersachsen","url":"https:\/\/radioleinewelle.de\/","logo":{"@type":"ImageObject","inLanguage":"de","@id":"https:\/\/radioleinewelle.de\/#\/schema\/logo\/image\/","url":"https:\/\/radioleinewelle.de\/wp-content\/uploads\/2023\/11\/cropped-Leinewelle_Logo_weiss.png","contentUrl":"https:\/\/radioleinewelle.de\/wp-content\/uploads\/2023\/11\/cropped-Leinewelle_Logo_weiss.png","width":854,"height":260,"caption":"Radio Leinewelle"},"image":{"@id":"https:\/\/radioleinewelle.de\/#\/schema\/logo\/image\/"},"sameAs":["https:\/\/www.facebook.com\/radioleinewelle","https:\/\/x.com\/RLeinewelle","https:\/\/www.instagram.com\/radioleinewelle\/?hl=de"]},{"@type":"Person","@id":"https:\/\/radioleinewelle.de\/#\/schema\/person\/45606f348637df637192dc1b68399a63","name":"Leinewelle","image":{"@type":"ImageObject","inLanguage":"de","@id":"https:\/\/secure.gravatar.com\/avatar\/05c9a17bc973052ee5d91549bd32fb4dd0dc85b7b85ae94b2e2b4943476bbea5?s=96&d=blank&r=g","url":"https:\/\/secure.gravatar.com\/avatar\/05c9a17bc973052ee5d91549bd32fb4dd0dc85b7b85ae94b2e2b4943476bbea5?s=96&d=blank&r=g","contentUrl":"https:\/\/secure.gravatar.com\/avatar\/05c9a17bc973052ee5d91549bd32fb4dd0dc85b7b85ae94b2e2b4943476bbea5?s=96&d=blank&r=g","caption":"Leinewelle"},"sameAs":["http:\/\/localhost\/radio%20leinewelle\/wordpress","https:\/\/www.facebook.com\/radioleinewelle","https:\/\/www.instagram.com\/radioleinewelle","https:\/\/x.com\/https:\/\/twitter.com\/RLeinewelle?ref_src=twsrcgoogletwcampserptwgrauthor","https:\/\/soundcloud.com\/foerderverein-lokalradio?utm_source=clipboard&utm_medium=text&utm_campaign=social_sharing"],"url":"https:\/\/radioleinewelle.de\/index.php\/author\/leinewelle\/"}]}},"_links":{"self":[{"href":"https:\/\/radioleinewelle.de\/index.php\/wp-json\/wp\/v2\/posts\/1262","targetHints":{"allow":["GET"]}}],"collection":[{"href":"https:\/\/radioleinewelle.de\/index.php\/wp-json\/wp\/v2\/posts"}],"about":[{"href":"https:\/\/radioleinewelle.de\/index.php\/wp-json\/wp\/v2\/types\/post"}],"author":[{"embeddable":true,"href":"https:\/\/radioleinewelle.de\/index.php\/wp-json\/wp\/v2\/users\/1"}],"replies":[{"embeddable":true,"href":"https:\/\/radioleinewelle.de\/index.php\/wp-json\/wp\/v2\/comments?post=1262"}],"version-history":[{"count":1,"href":"https:\/\/radioleinewelle.de\/index.php\/wp-json\/wp\/v2\/posts\/1262\/revisions"}],"predecessor-version":[{"id":20923,"href":"https:\/\/radioleinewelle.de\/index.php\/wp-json\/wp\/v2\/posts\/1262\/revisions\/20923"}],"wp:featuredmedia":[{"embeddable":true,"href":"https:\/\/radioleinewelle.de\/index.php\/wp-json\/wp\/v2\/media\/20875"}],"wp:attachment":[{"href":"https:\/\/radioleinewelle.de\/index.php\/wp-json\/wp\/v2\/media?parent=1262"}],"wp:term":[{"taxonomy":"category","embeddable":true,"href":"https:\/\/radioleinewelle.de\/index.php\/wp-json\/wp\/v2\/categories?post=1262"},{"taxonomy":"post_tag","embeddable":true,"href":"https:\/\/radioleinewelle.de\/index.php\/wp-json\/wp\/v2\/tags?post=1262"}],"curies":[{"name":"wp","href":"https:\/\/api.w.org\/{rel}","templated":true}]}}