{"id":13038,"date":"2022-02-28T04:06:00","date_gmt":"2022-02-28T03:06:00","guid":{"rendered":"https:\/\/radioleinewelle.de\/?p=13038"},"modified":"2022-02-28T04:06:00","modified_gmt":"2022-02-28T03:06:00","slug":"online-petition-zum-gartetalradweg","status":"publish","type":"post","link":"https:\/\/radioleinewelle.de\/index.php\/2022\/02\/28\/online-petition-zum-gartetalradweg\/","title":{"rendered":"Online Petition zum Gartetalradweg"},"content":{"rendered":"\n<p>Die Diskussion um den Ausbau des Gartetalradwegs ging in den letzten Wochen durch die lokalen Medien. Jetzt hat sich eine B\u00fcrgerinitiative mit einer Petition f\u00fcr den schonenden Erhalt bestimmter Abschnitte des aktuellen Radwegs eingesetzt.<\/p>\n\n\n\n<p>In einem Auszug aus der Petition hei\u00dft es: Der Fu\u00df- und Radweg durch das Gartetal zwischen Diemarden und G\u00f6ttingen soll auf einer Strecke von 1,7 km ausgebaut werden. Wir sind nicht gegen den Ausbau, sondern f\u00fcr eine Umgestaltung, die die Einmaligkeit des Weges erh\u00e4lt und gleichzeitig die n\u00f6tige Optimierung in Punkto Sicherheit gew\u00e4hrleistet.Den Erhalt des Gr\u00fcntunnels im mittleren (zweiten) Abschnitt des Weges. Um dies zu erreichen, fordern wir dort eine Begrenzung auf 2 Meter Breite vom Ende des geplanten 3m breiten Wirtschaftsweges in Diemarden bis auf H\u00f6he der Garte-Br\u00fccke (insgesamt ca. 600 m).Die Beibehaltung des engen Abstands von ca. 2,80 m zwischen den Gr\u00fcntunnelw\u00e4nden, da dieser enge Abstand die Ausbildung des niedrigen bogenf\u00f6rmigen Tunneldachs erst erm\u00f6glicht hat. W\u00fcrde der Abstand zwischen den Tunnelw\u00e4nden verbreitert, k\u00f6nnte sich ein Tunneldachbogen nicht mehr in dieser niedrigen H\u00f6he schlie\u00dfen und die Wirkung w\u00e4re f\u00fcr immer verloren.<\/p>\n\n\n\n<p><a href=\"https:\/\/www.openpetition.de\/petition\/online\/petition-fuer-einen-schonenden-ausbau-des-gartetalweges-mit-erhalt-des-gruentunnels?fbclid=IwAR2fnVWSRPUjcXP0MMZCtBrhVvctgaRTU37QCPpjalsOlFBAWW3FIy6D7tg\"><strong>Mehr \u00fcber die Petition:<\/strong><\/a><\/p>\n","protected":false},"excerpt":{"rendered":"<p>Die Diskussion um den Ausbau des Gartetalradwegs ging in den letzten Wochen durch die lokalen Medien. Jetzt hat sich eine B\u00fcrgerinitiative mit einer Petition f\u00fcr den schonenden Erhalt bestimmter Abschnitte des aktuellen Radwegs eingesetzt. In einem Auszug aus der Petition hei\u00dft es: Der Fu\u00df- und Radweg durch das Gartetal zwischen Diemarden und G\u00f6ttingen soll auf [&hellip;]<\/p>\n","protected":false},"author":1,"featured_media":13040,"comment_status":"closed","ping_status":"closed","sticky":false,"template":"","format":"standard","meta":{"saved_in_kubio":false,"footnotes":""},"categories":[32],"tags":[],"class_list":["post-13038","post","type-post","status-publish","format-standard","has-post-thumbnail","hentry","category-natur-umwelt"],"yoast_head":"<!-- This site is optimized with the Yoast SEO plugin v27.5 - https:\/\/yoast.com\/product\/yoast-seo-wordpress\/ -->\n<title>Online Petition zum Gartetalradweg - Radio Leinewelle<\/title>\n<meta name=\"robots\" content=\"index, follow, max-snippet:-1, max-image-preview:large, max-video-preview:-1\" \/>\n<link rel=\"canonical\" href=\"https:\/\/radioleinewelle.de\/index.php\/2022\/02\/28\/online-petition-zum-gartetalradweg\/\" \/>\n<meta property=\"og:locale\" content=\"de_DE\" \/>\n<meta property=\"og:type\" content=\"article\" \/>\n<meta property=\"og:title\" content=\"Online Petition zum Gartetalradweg - Radio Leinewelle\" \/>\n<meta property=\"og:description\" content=\"Die Diskussion um den Ausbau des Gartetalradwegs ging in den letzten Wochen durch die lokalen Medien. Jetzt hat sich eine B\u00fcrgerinitiative mit einer Petition f\u00fcr den schonenden Erhalt bestimmter Abschnitte des aktuellen Radwegs eingesetzt. In einem Auszug aus der Petition hei\u00dft es: Der Fu\u00df- und Radweg durch das Gartetal zwischen Diemarden und G\u00f6ttingen soll auf [&hellip;]\" \/>\n<meta property=\"og:url\" content=\"https:\/\/radioleinewelle.de\/index.php\/2022\/02\/28\/online-petition-zum-gartetalradweg\/\" \/>\n<meta property=\"og:site_name\" content=\"Radio Leinewelle\" \/>\n<meta property=\"article:publisher\" content=\"https:\/\/www.facebook.com\/radioleinewelle\" \/>\n<meta property=\"article:author\" content=\"https:\/\/www.facebook.com\/radioleinewelle\" \/>\n<meta property=\"article:published_time\" content=\"2022-02-28T03:06:00+00:00\" \/>\n<meta property=\"og:image\" content=\"https:\/\/radioleinewelle.de\/wp-content\/uploads\/2022\/02\/274587726_1227093447696512_6025927709398000509_n-e1645689997819.jpg\" \/>\n\t<meta property=\"og:image:width\" content=\"600\" \/>\n\t<meta property=\"og:image:height\" content=\"418\" \/>\n\t<meta property=\"og:image:type\" content=\"image\/jpeg\" \/>\n<meta name=\"author\" content=\"Leinewelle\" \/>\n<meta name=\"twitter:card\" content=\"summary_large_image\" \/>\n<meta name=\"twitter:creator\" content=\"@https:\/\/twitter.com\/RLeinewelle?ref_src=twsrcgoogletwcampserptwgrauthor\" \/>\n<meta name=\"twitter:site\" content=\"@RLeinewelle\" \/>\n<meta name=\"twitter:label1\" content=\"Verfasst von\" \/>\n\t<meta name=\"twitter:data1\" content=\"Leinewelle\" \/>\n\t<meta name=\"twitter:label2\" content=\"Gesch\u00e4tzte Lesezeit\" \/>\n\t<meta name=\"twitter:data2\" content=\"2\u00a0Minuten\" \/>\n<script type=\"application\/ld+json\" class=\"yoast-schema-graph\">{\"@context\":\"https:\\\/\\\/schema.org\",\"@graph\":[{\"@type\":\"Article\",\"@id\":\"https:\\\/\\\/radioleinewelle.de\\\/index.php\\\/2022\\\/02\\\/28\\\/online-petition-zum-gartetalradweg\\\/#article\",\"isPartOf\":{\"@id\":\"https:\\\/\\\/radioleinewelle.de\\\/index.php\\\/2022\\\/02\\\/28\\\/online-petition-zum-gartetalradweg\\\/\"},\"author\":{\"name\":\"Leinewelle\",\"@id\":\"https:\\\/\\\/radioleinewelle.de\\\/#\\\/schema\\\/person\\\/45606f348637df637192dc1b68399a63\"},\"headline\":\"Online Petition zum Gartetalradweg\",\"datePublished\":\"2022-02-28T03:06:00+00:00\",\"mainEntityOfPage\":{\"@id\":\"https:\\\/\\\/radioleinewelle.de\\\/index.php\\\/2022\\\/02\\\/28\\\/online-petition-zum-gartetalradweg\\\/\"},\"wordCount\":205,\"publisher\":{\"@id\":\"https:\\\/\\\/radioleinewelle.de\\\/#organization\"},\"image\":{\"@id\":\"https:\\\/\\\/radioleinewelle.de\\\/index.php\\\/2022\\\/02\\\/28\\\/online-petition-zum-gartetalradweg\\\/#primaryimage\"},\"thumbnailUrl\":\"https:\\\/\\\/radioleinewelle.de\\\/wp-content\\\/uploads\\\/2022\\\/02\\\/274587726_1227093447696512_6025927709398000509_n-e1645689997819.jpg\",\"articleSection\":[\"Natur &amp; Umwelt\"],\"inLanguage\":\"de\"},{\"@type\":\"WebPage\",\"@id\":\"https:\\\/\\\/radioleinewelle.de\\\/index.php\\\/2022\\\/02\\\/28\\\/online-petition-zum-gartetalradweg\\\/\",\"url\":\"https:\\\/\\\/radioleinewelle.de\\\/index.php\\\/2022\\\/02\\\/28\\\/online-petition-zum-gartetalradweg\\\/\",\"name\":\"Online Petition zum Gartetalradweg - Radio Leinewelle\",\"isPartOf\":{\"@id\":\"https:\\\/\\\/radioleinewelle.de\\\/#website\"},\"primaryImageOfPage\":{\"@id\":\"https:\\\/\\\/radioleinewelle.de\\\/index.php\\\/2022\\\/02\\\/28\\\/online-petition-zum-gartetalradweg\\\/#primaryimage\"},\"image\":{\"@id\":\"https:\\\/\\\/radioleinewelle.de\\\/index.php\\\/2022\\\/02\\\/28\\\/online-petition-zum-gartetalradweg\\\/#primaryimage\"},\"thumbnailUrl\":\"https:\\\/\\\/radioleinewelle.de\\\/wp-content\\\/uploads\\\/2022\\\/02\\\/274587726_1227093447696512_6025927709398000509_n-e1645689997819.jpg\",\"datePublished\":\"2022-02-28T03:06:00+00:00\",\"breadcrumb\":{\"@id\":\"https:\\\/\\\/radioleinewelle.de\\\/index.php\\\/2022\\\/02\\\/28\\\/online-petition-zum-gartetalradweg\\\/#breadcrumb\"},\"inLanguage\":\"de\",\"potentialAction\":[{\"@type\":\"ReadAction\",\"target\":[\"https:\\\/\\\/radioleinewelle.de\\\/index.php\\\/2022\\\/02\\\/28\\\/online-petition-zum-gartetalradweg\\\/\"]}]},{\"@type\":\"ImageObject\",\"inLanguage\":\"de\",\"@id\":\"https:\\\/\\\/radioleinewelle.de\\\/index.php\\\/2022\\\/02\\\/28\\\/online-petition-zum-gartetalradweg\\\/#primaryimage\",\"url\":\"https:\\\/\\\/radioleinewelle.de\\\/wp-content\\\/uploads\\\/2022\\\/02\\\/274587726_1227093447696512_6025927709398000509_n-e1645689997819.jpg\",\"contentUrl\":\"https:\\\/\\\/radioleinewelle.de\\\/wp-content\\\/uploads\\\/2022\\\/02\\\/274587726_1227093447696512_6025927709398000509_n-e1645689997819.jpg\",\"width\":600,\"height\":418},{\"@type\":\"BreadcrumbList\",\"@id\":\"https:\\\/\\\/radioleinewelle.de\\\/index.php\\\/2022\\\/02\\\/28\\\/online-petition-zum-gartetalradweg\\\/#breadcrumb\",\"itemListElement\":[{\"@type\":\"ListItem\",\"position\":1,\"name\":\"Startseite\",\"item\":\"https:\\\/\\\/radioleinewelle.de\\\/\"},{\"@type\":\"ListItem\",\"position\":2,\"name\":\"Online Petition zum Gartetalradweg\"}]},{\"@type\":\"WebSite\",\"@id\":\"https:\\\/\\\/radioleinewelle.de\\\/#website\",\"url\":\"https:\\\/\\\/radioleinewelle.de\\\/\",\"name\":\"Radio Leinewelle\",\"description\":\"\",\"publisher\":{\"@id\":\"https:\\\/\\\/radioleinewelle.de\\\/#organization\"},\"potentialAction\":[{\"@type\":\"SearchAction\",\"target\":{\"@type\":\"EntryPoint\",\"urlTemplate\":\"https:\\\/\\\/radioleinewelle.de\\\/?s={search_term_string}\"},\"query-input\":{\"@type\":\"PropertyValueSpecification\",\"valueRequired\":true,\"valueName\":\"search_term_string\"}}],\"inLanguage\":\"de\"},{\"@type\":\"Organization\",\"@id\":\"https:\\\/\\\/radioleinewelle.de\\\/#organization\",\"name\":\"Radio Leinewelle\",\"alternateName\":\"Mein Radio f\u00fcr S\u00fcdniedersachsen\",\"url\":\"https:\\\/\\\/radioleinewelle.de\\\/\",\"logo\":{\"@type\":\"ImageObject\",\"inLanguage\":\"de\",\"@id\":\"https:\\\/\\\/radioleinewelle.de\\\/#\\\/schema\\\/logo\\\/image\\\/\",\"url\":\"https:\\\/\\\/radioleinewelle.de\\\/wp-content\\\/uploads\\\/2023\\\/11\\\/cropped-Leinewelle_Logo_weiss.png\",\"contentUrl\":\"https:\\\/\\\/radioleinewelle.de\\\/wp-content\\\/uploads\\\/2023\\\/11\\\/cropped-Leinewelle_Logo_weiss.png\",\"width\":854,\"height\":260,\"caption\":\"Radio Leinewelle\"},\"image\":{\"@id\":\"https:\\\/\\\/radioleinewelle.de\\\/#\\\/schema\\\/logo\\\/image\\\/\"},\"sameAs\":[\"https:\\\/\\\/www.facebook.com\\\/radioleinewelle\",\"https:\\\/\\\/x.com\\\/RLeinewelle\",\"https:\\\/\\\/www.instagram.com\\\/radioleinewelle\\\/?hl=de\"]},{\"@type\":\"Person\",\"@id\":\"https:\\\/\\\/radioleinewelle.de\\\/#\\\/schema\\\/person\\\/45606f348637df637192dc1b68399a63\",\"name\":\"Leinewelle\",\"image\":{\"@type\":\"ImageObject\",\"inLanguage\":\"de\",\"@id\":\"https:\\\/\\\/secure.gravatar.com\\\/avatar\\\/05c9a17bc973052ee5d91549bd32fb4dd0dc85b7b85ae94b2e2b4943476bbea5?s=96&d=blank&r=g\",\"url\":\"https:\\\/\\\/secure.gravatar.com\\\/avatar\\\/05c9a17bc973052ee5d91549bd32fb4dd0dc85b7b85ae94b2e2b4943476bbea5?s=96&d=blank&r=g\",\"contentUrl\":\"https:\\\/\\\/secure.gravatar.com\\\/avatar\\\/05c9a17bc973052ee5d91549bd32fb4dd0dc85b7b85ae94b2e2b4943476bbea5?s=96&d=blank&r=g\",\"caption\":\"Leinewelle\"},\"sameAs\":[\"http:\\\/\\\/localhost\\\/radio%20leinewelle\\\/wordpress\",\"https:\\\/\\\/www.facebook.com\\\/radioleinewelle\",\"https:\\\/\\\/www.instagram.com\\\/radioleinewelle\",\"https:\\\/\\\/x.com\\\/https:\\\/\\\/twitter.com\\\/RLeinewelle?ref_src=twsrcgoogletwcampserptwgrauthor\",\"https:\\\/\\\/soundcloud.com\\\/foerderverein-lokalradio?utm_source=clipboard&utm_medium=text&utm_campaign=social_sharing\"],\"url\":\"https:\\\/\\\/radioleinewelle.de\\\/index.php\\\/author\\\/leinewelle\\\/\"}]}<\/script>\n<!-- \/ Yoast SEO plugin. -->","yoast_head_json":{"title":"Online Petition zum Gartetalradweg - Radio Leinewelle","robots":{"index":"index","follow":"follow","max-snippet":"max-snippet:-1","max-image-preview":"max-image-preview:large","max-video-preview":"max-video-preview:-1"},"canonical":"https:\/\/radioleinewelle.de\/index.php\/2022\/02\/28\/online-petition-zum-gartetalradweg\/","og_locale":"de_DE","og_type":"article","og_title":"Online Petition zum Gartetalradweg - Radio Leinewelle","og_description":"Die Diskussion um den Ausbau des Gartetalradwegs ging in den letzten Wochen durch die lokalen Medien. Jetzt hat sich eine B\u00fcrgerinitiative mit einer Petition f\u00fcr den schonenden Erhalt bestimmter Abschnitte des aktuellen Radwegs eingesetzt. In einem Auszug aus der Petition hei\u00dft es: Der Fu\u00df- und Radweg durch das Gartetal zwischen Diemarden und G\u00f6ttingen soll auf [&hellip;]","og_url":"https:\/\/radioleinewelle.de\/index.php\/2022\/02\/28\/online-petition-zum-gartetalradweg\/","og_site_name":"Radio Leinewelle","article_publisher":"https:\/\/www.facebook.com\/radioleinewelle","article_author":"https:\/\/www.facebook.com\/radioleinewelle","article_published_time":"2022-02-28T03:06:00+00:00","og_image":[{"width":600,"height":418,"url":"https:\/\/radioleinewelle.de\/wp-content\/uploads\/2022\/02\/274587726_1227093447696512_6025927709398000509_n-e1645689997819.jpg","type":"image\/jpeg"}],"author":"Leinewelle","twitter_card":"summary_large_image","twitter_creator":"@https:\/\/twitter.com\/RLeinewelle?ref_src=twsrcgoogletwcampserptwgrauthor","twitter_site":"@RLeinewelle","twitter_misc":{"Verfasst von":"Leinewelle","Gesch\u00e4tzte Lesezeit":"2\u00a0Minuten"},"schema":{"@context":"https:\/\/schema.org","@graph":[{"@type":"Article","@id":"https:\/\/radioleinewelle.de\/index.php\/2022\/02\/28\/online-petition-zum-gartetalradweg\/#article","isPartOf":{"@id":"https:\/\/radioleinewelle.de\/index.php\/2022\/02\/28\/online-petition-zum-gartetalradweg\/"},"author":{"name":"Leinewelle","@id":"https:\/\/radioleinewelle.de\/#\/schema\/person\/45606f348637df637192dc1b68399a63"},"headline":"Online Petition zum Gartetalradweg","datePublished":"2022-02-28T03:06:00+00:00","mainEntityOfPage":{"@id":"https:\/\/radioleinewelle.de\/index.php\/2022\/02\/28\/online-petition-zum-gartetalradweg\/"},"wordCount":205,"publisher":{"@id":"https:\/\/radioleinewelle.de\/#organization"},"image":{"@id":"https:\/\/radioleinewelle.de\/index.php\/2022\/02\/28\/online-petition-zum-gartetalradweg\/#primaryimage"},"thumbnailUrl":"https:\/\/radioleinewelle.de\/wp-content\/uploads\/2022\/02\/274587726_1227093447696512_6025927709398000509_n-e1645689997819.jpg","articleSection":["Natur &amp; Umwelt"],"inLanguage":"de"},{"@type":"WebPage","@id":"https:\/\/radioleinewelle.de\/index.php\/2022\/02\/28\/online-petition-zum-gartetalradweg\/","url":"https:\/\/radioleinewelle.de\/index.php\/2022\/02\/28\/online-petition-zum-gartetalradweg\/","name":"Online Petition zum Gartetalradweg - Radio Leinewelle","isPartOf":{"@id":"https:\/\/radioleinewelle.de\/#website"},"primaryImageOfPage":{"@id":"https:\/\/radioleinewelle.de\/index.php\/2022\/02\/28\/online-petition-zum-gartetalradweg\/#primaryimage"},"image":{"@id":"https:\/\/radioleinewelle.de\/index.php\/2022\/02\/28\/online-petition-zum-gartetalradweg\/#primaryimage"},"thumbnailUrl":"https:\/\/radioleinewelle.de\/wp-content\/uploads\/2022\/02\/274587726_1227093447696512_6025927709398000509_n-e1645689997819.jpg","datePublished":"2022-02-28T03:06:00+00:00","breadcrumb":{"@id":"https:\/\/radioleinewelle.de\/index.php\/2022\/02\/28\/online-petition-zum-gartetalradweg\/#breadcrumb"},"inLanguage":"de","potentialAction":[{"@type":"ReadAction","target":["https:\/\/radioleinewelle.de\/index.php\/2022\/02\/28\/online-petition-zum-gartetalradweg\/"]}]},{"@type":"ImageObject","inLanguage":"de","@id":"https:\/\/radioleinewelle.de\/index.php\/2022\/02\/28\/online-petition-zum-gartetalradweg\/#primaryimage","url":"https:\/\/radioleinewelle.de\/wp-content\/uploads\/2022\/02\/274587726_1227093447696512_6025927709398000509_n-e1645689997819.jpg","contentUrl":"https:\/\/radioleinewelle.de\/wp-content\/uploads\/2022\/02\/274587726_1227093447696512_6025927709398000509_n-e1645689997819.jpg","width":600,"height":418},{"@type":"BreadcrumbList","@id":"https:\/\/radioleinewelle.de\/index.php\/2022\/02\/28\/online-petition-zum-gartetalradweg\/#breadcrumb","itemListElement":[{"@type":"ListItem","position":1,"name":"Startseite","item":"https:\/\/radioleinewelle.de\/"},{"@type":"ListItem","position":2,"name":"Online Petition zum Gartetalradweg"}]},{"@type":"WebSite","@id":"https:\/\/radioleinewelle.de\/#website","url":"https:\/\/radioleinewelle.de\/","name":"Radio Leinewelle","description":"","publisher":{"@id":"https:\/\/radioleinewelle.de\/#organization"},"potentialAction":[{"@type":"SearchAction","target":{"@type":"EntryPoint","urlTemplate":"https:\/\/radioleinewelle.de\/?s={search_term_string}"},"query-input":{"@type":"PropertyValueSpecification","valueRequired":true,"valueName":"search_term_string"}}],"inLanguage":"de"},{"@type":"Organization","@id":"https:\/\/radioleinewelle.de\/#organization","name":"Radio Leinewelle","alternateName":"Mein Radio f\u00fcr S\u00fcdniedersachsen","url":"https:\/\/radioleinewelle.de\/","logo":{"@type":"ImageObject","inLanguage":"de","@id":"https:\/\/radioleinewelle.de\/#\/schema\/logo\/image\/","url":"https:\/\/radioleinewelle.de\/wp-content\/uploads\/2023\/11\/cropped-Leinewelle_Logo_weiss.png","contentUrl":"https:\/\/radioleinewelle.de\/wp-content\/uploads\/2023\/11\/cropped-Leinewelle_Logo_weiss.png","width":854,"height":260,"caption":"Radio Leinewelle"},"image":{"@id":"https:\/\/radioleinewelle.de\/#\/schema\/logo\/image\/"},"sameAs":["https:\/\/www.facebook.com\/radioleinewelle","https:\/\/x.com\/RLeinewelle","https:\/\/www.instagram.com\/radioleinewelle\/?hl=de"]},{"@type":"Person","@id":"https:\/\/radioleinewelle.de\/#\/schema\/person\/45606f348637df637192dc1b68399a63","name":"Leinewelle","image":{"@type":"ImageObject","inLanguage":"de","@id":"https:\/\/secure.gravatar.com\/avatar\/05c9a17bc973052ee5d91549bd32fb4dd0dc85b7b85ae94b2e2b4943476bbea5?s=96&d=blank&r=g","url":"https:\/\/secure.gravatar.com\/avatar\/05c9a17bc973052ee5d91549bd32fb4dd0dc85b7b85ae94b2e2b4943476bbea5?s=96&d=blank&r=g","contentUrl":"https:\/\/secure.gravatar.com\/avatar\/05c9a17bc973052ee5d91549bd32fb4dd0dc85b7b85ae94b2e2b4943476bbea5?s=96&d=blank&r=g","caption":"Leinewelle"},"sameAs":["http:\/\/localhost\/radio%20leinewelle\/wordpress","https:\/\/www.facebook.com\/radioleinewelle","https:\/\/www.instagram.com\/radioleinewelle","https:\/\/x.com\/https:\/\/twitter.com\/RLeinewelle?ref_src=twsrcgoogletwcampserptwgrauthor","https:\/\/soundcloud.com\/foerderverein-lokalradio?utm_source=clipboard&utm_medium=text&utm_campaign=social_sharing"],"url":"https:\/\/radioleinewelle.de\/index.php\/author\/leinewelle\/"}]}},"_links":{"self":[{"href":"https:\/\/radioleinewelle.de\/index.php\/wp-json\/wp\/v2\/posts\/13038","targetHints":{"allow":["GET"]}}],"collection":[{"href":"https:\/\/radioleinewelle.de\/index.php\/wp-json\/wp\/v2\/posts"}],"about":[{"href":"https:\/\/radioleinewelle.de\/index.php\/wp-json\/wp\/v2\/types\/post"}],"author":[{"embeddable":true,"href":"https:\/\/radioleinewelle.de\/index.php\/wp-json\/wp\/v2\/users\/1"}],"replies":[{"embeddable":true,"href":"https:\/\/radioleinewelle.de\/index.php\/wp-json\/wp\/v2\/comments?post=13038"}],"version-history":[{"count":0,"href":"https:\/\/radioleinewelle.de\/index.php\/wp-json\/wp\/v2\/posts\/13038\/revisions"}],"wp:featuredmedia":[{"embeddable":true,"href":"https:\/\/radioleinewelle.de\/index.php\/wp-json\/wp\/v2\/media\/13040"}],"wp:attachment":[{"href":"https:\/\/radioleinewelle.de\/index.php\/wp-json\/wp\/v2\/media?parent=13038"}],"wp:term":[{"taxonomy":"category","embeddable":true,"href":"https:\/\/radioleinewelle.de\/index.php\/wp-json\/wp\/v2\/categories?post=13038"},{"taxonomy":"post_tag","embeddable":true,"href":"https:\/\/radioleinewelle.de\/index.php\/wp-json\/wp\/v2\/tags?post=13038"}],"curies":[{"name":"wp","href":"https:\/\/api.w.org\/{rel}","templated":true}]}}