{"id":13046,"date":"2022-02-24T14:52:27","date_gmt":"2022-02-24T13:52:27","guid":{"rendered":"https:\/\/radioleinewelle.de\/?p=13046"},"modified":"2022-02-24T14:52:27","modified_gmt":"2022-02-24T13:52:27","slug":"erklaerung-der-goettingen-gruenen-zum-russischen-einmarsch-in-der-ukraine","status":"publish","type":"post","link":"https:\/\/radioleinewelle.de\/index.php\/2022\/02\/24\/erklaerung-der-goettingen-gruenen-zum-russischen-einmarsch-in-der-ukraine\/","title":{"rendered":"Erkl\u00e4rung der G\u00f6ttinger Gr\u00fcnen zum russischen Einmarsch in der Ukraine"},"content":{"rendered":"\n<p>Angesichts des russischen Einmarschs in die Ukraine \u00e4u\u00dfern sich der Kreisvorstand von B\u00dcNDNIS 90\/DIE GR\u00dcNEN G\u00f6ttingen sowie die G\u00f6ttinger Landtagsabgeordnete Marie Kollenrott und rufen zur Teilnahme an der Eildemonstration der Gr\u00fcnen Jugend, Jusos und der Linksjugend unter dem Motto &#8222;Auf die Stra\u00dfe f\u00fcr den Frieden!&#8220; auf, die um 17:00 Uhr am G\u00e4nseliesel startet.<\/p>\n\n\n\n<p>Marie Kollenrott, MdL: \u201ePutins Aggressionen und Einmarsch in die Ukraine brechen nicht nur mit den Grundlagen des V\u00f6lkerrechts, sie bringen insbesondere Millionen von Menschen in akute Gefahr! Aus deutscher und europ\u00e4ischer Perspektive m\u00fcssen wir alles daransetzen, die Menschen in der Ukraine in Sicherheit zu bringen und gleicherma\u00dfen gemeinsam mit unseren europ\u00e4ischen und internationalen Partnern Putin die volle H\u00e4rte unserer Sanktionen sp\u00fcren zu lassen.\u201c<\/p>\n\n\n\n<p>Dirk-Claas Ulrich, Kreisvorstandssprecher: &#8222;Die Grenzen dessen, was in Europa vorstellbar ist, wurden in den letzten Tagen komplett eingerissen. Dieser geplante Angriff auf unseren europ\u00e4ischen Nachbar Ukraine ist eine Jahrhundert-Z\u00e4sur. Wer von \u201aDemilitarisierung\u2018 der Ukraine spricht und Krieg meint, verliert seinen Platz in der Weltgemeinschaft. Gleichzeitig gilt: F\u00fcr Frieden ist es nie zu sp\u00e4t! Krieg f\u00fchrt immer zu Leid und Vertreibungen. Gefl\u00fcchteten m\u00fcssen wir Zuflucht und umfassenden Schutz gew\u00e4hren. G\u00f6ttingen ist ein Sicherer Hafen und wir sollten alles vorbereiten, um unkompliziert denjenigen Menschen zu helfen, die alles verloren haben. Solidarit\u00e4t und Mitmenschlichkeit ist das, was wir hier vor Ort leben. Diese Haltung zeichnet uns im Kreis und in der Stadt G\u00f6ttingen aus.&#8220;<\/p>\n\n\n\n<p>Birgit* Montag, Kreisvorstandssprecherin, erg\u00e4nzt mit Blick auf die von der Oberb\u00fcrgermeisterin angek\u00fcndigten Friedensaktion am Samstag, den 26.02.: &#8222;Das, was wir jetzt in G\u00f6ttingen tun k\u00f6nnen, ist deutlich Flagge zu zeigen. Wir fordern sichtbare Solidarit\u00e4t mit der Ukraine und fordern daher die Oberb\u00fcrgermeisterin auf, ihr Neutralit\u00e4tsgebot f\u00fcr die Friedenskundgebung am Samstag zur\u00fcckzunehmen.\u201d<\/p>\n\n\n\n<p>***<\/p>\n\n\n\n<p><strong>Demonstrationshinweis heute:&nbsp;Die Gr\u00fcne Jugend G\u00f6ttingen, die Jusos und die Linksjugend rufen zu einer Demonstration auf. Beginn ist um 17:00 Uhr am G\u00e4nseliesel.&nbsp;<\/strong><br \/><br \/>Friedenskundgebung am Samstag: Die G\u00f6ttinger Oberb\u00fcrgermeisterin hatte angesichts des Konflikts zwischen Russland und der Ukraine am 18.02.2022 zu einer Friedensaktion aufgerufen. Am Sonnabend, 26. Februar 2022, sollen um 18.00 Uhr am Neuen Rathaus, Hiroshimaplatz 1 &#8211; 4, \u201eLichter f\u00fcr den Frieden\u201c entz\u00fcndet werden. In der Erkl\u00e4rung der Oberb\u00fcrgermeisterin hei\u00dft es &#8222;W\u00e4hrend der Aktion soll keine Partei f\u00fcr ein bestimmtes Land ergriffen werden. Nationalsymbole wie Flaggen sind deshalb nicht erw\u00fcnscht.&#8220; Eine Nachfrage bei der Stadt ergab, dass auch angesichts der aktuellen Entwicklungen keine \u00c4nderung dieser Vorgabe geplant ist.<\/p>\n\n\n\n<p><strong><a href=\"https:\/\/radioleinewelle.de\/2022\/02\/24\/ob-petra-broistedt-waffen-schaffen-keinen-frieden-menschen-schaffen-frieden\/\">Siehe auch Stellungnahme OB Petra Broistedt<\/a><\/strong><\/p>\n\n\n\n<p>Bild von&nbsp;<a href=\"https:\/\/pixabay.com\/de\/users\/jorono-1966666\/?utm_source=link-attribution&amp;utm_medium=referral&amp;utm_campaign=image&amp;utm_content=2684771\">jorono<\/a>&nbsp;auf&nbsp;<a href=\"https:\/\/pixabay.com\/de\/?utm_source=link-attribution&amp;utm_medium=referral&amp;utm_campaign=image&amp;utm_content=2684771\">Pixabay<\/a><\/p>\n","protected":false},"excerpt":{"rendered":"<p>Angesichts des russischen Einmarschs in die Ukraine \u00e4u\u00dfern sich der Kreisvorstand von B\u00dcNDNIS 90\/DIE GR\u00dcNEN G\u00f6ttingen sowie die G\u00f6ttinger Landtagsabgeordnete Marie Kollenrott und rufen zur Teilnahme an der Eildemonstration der Gr\u00fcnen Jugend, Jusos und der Linksjugend unter dem Motto &#8222;Auf die Stra\u00dfe f\u00fcr den Frieden!&#8220; auf, die um 17:00 Uhr am G\u00e4nseliesel startet. Marie Kollenrott, [&hellip;]<\/p>\n","protected":false},"author":1,"featured_media":0,"comment_status":"closed","ping_status":"closed","sticky":false,"template":"","format":"standard","meta":{"saved_in_kubio":false,"footnotes":""},"categories":[24],"tags":[],"class_list":["post-13046","post","type-post","status-publish","format-standard","hentry","category-news"],"yoast_head":"<!-- This site is optimized with the Yoast SEO plugin v27.4 - https:\/\/yoast.com\/product\/yoast-seo-wordpress\/ -->\n<title>Erkl\u00e4rung der G\u00f6ttinger Gr\u00fcnen zum russischen Einmarsch in der Ukraine - Radio Leinewelle<\/title>\n<meta name=\"robots\" content=\"index, follow, max-snippet:-1, max-image-preview:large, max-video-preview:-1\" \/>\n<link rel=\"canonical\" href=\"https:\/\/radioleinewelle.de\/index.php\/2022\/02\/24\/erklaerung-der-goettingen-gruenen-zum-russischen-einmarsch-in-der-ukraine\/\" \/>\n<meta property=\"og:locale\" content=\"de_DE\" \/>\n<meta property=\"og:type\" content=\"article\" \/>\n<meta property=\"og:title\" content=\"Erkl\u00e4rung der G\u00f6ttinger Gr\u00fcnen zum russischen Einmarsch in der Ukraine - Radio Leinewelle\" \/>\n<meta property=\"og:description\" content=\"Angesichts des russischen Einmarschs in die Ukraine \u00e4u\u00dfern sich der Kreisvorstand von B\u00dcNDNIS 90\/DIE GR\u00dcNEN G\u00f6ttingen sowie die G\u00f6ttinger Landtagsabgeordnete Marie Kollenrott und rufen zur Teilnahme an der Eildemonstration der Gr\u00fcnen Jugend, Jusos und der Linksjugend unter dem Motto &#8222;Auf die Stra\u00dfe f\u00fcr den Frieden!&#8220; auf, die um 17:00 Uhr am G\u00e4nseliesel startet. Marie Kollenrott, [&hellip;]\" \/>\n<meta property=\"og:url\" content=\"https:\/\/radioleinewelle.de\/index.php\/2022\/02\/24\/erklaerung-der-goettingen-gruenen-zum-russischen-einmarsch-in-der-ukraine\/\" \/>\n<meta property=\"og:site_name\" content=\"Radio Leinewelle\" \/>\n<meta property=\"article:publisher\" content=\"https:\/\/www.facebook.com\/radioleinewelle\" \/>\n<meta property=\"article:author\" content=\"https:\/\/www.facebook.com\/radioleinewelle\" \/>\n<meta property=\"article:published_time\" content=\"2022-02-24T13:52:27+00:00\" \/>\n<meta name=\"author\" content=\"Leinewelle\" \/>\n<meta name=\"twitter:card\" content=\"summary_large_image\" \/>\n<meta name=\"twitter:creator\" content=\"@https:\/\/twitter.com\/RLeinewelle?ref_src=twsrcgoogletwcampserptwgrauthor\" \/>\n<meta name=\"twitter:site\" content=\"@RLeinewelle\" \/>\n<meta name=\"twitter:label1\" content=\"Verfasst von\" \/>\n\t<meta name=\"twitter:data1\" content=\"Leinewelle\" \/>\n\t<meta name=\"twitter:label2\" content=\"Gesch\u00e4tzte Lesezeit\" \/>\n\t<meta name=\"twitter:data2\" content=\"3\u00a0Minuten\" \/>\n<script type=\"application\/ld+json\" class=\"yoast-schema-graph\">{\"@context\":\"https:\\\/\\\/schema.org\",\"@graph\":[{\"@type\":\"Article\",\"@id\":\"https:\\\/\\\/radioleinewelle.de\\\/index.php\\\/2022\\\/02\\\/24\\\/erklaerung-der-goettingen-gruenen-zum-russischen-einmarsch-in-der-ukraine\\\/#article\",\"isPartOf\":{\"@id\":\"https:\\\/\\\/radioleinewelle.de\\\/index.php\\\/2022\\\/02\\\/24\\\/erklaerung-der-goettingen-gruenen-zum-russischen-einmarsch-in-der-ukraine\\\/\"},\"author\":{\"name\":\"Leinewelle\",\"@id\":\"https:\\\/\\\/radioleinewelle.de\\\/#\\\/schema\\\/person\\\/45606f348637df637192dc1b68399a63\"},\"headline\":\"Erkl\u00e4rung der G\u00f6ttinger Gr\u00fcnen zum russischen Einmarsch in der Ukraine\",\"datePublished\":\"2022-02-24T13:52:27+00:00\",\"mainEntityOfPage\":{\"@id\":\"https:\\\/\\\/radioleinewelle.de\\\/index.php\\\/2022\\\/02\\\/24\\\/erklaerung-der-goettingen-gruenen-zum-russischen-einmarsch-in-der-ukraine\\\/\"},\"wordCount\":458,\"publisher\":{\"@id\":\"https:\\\/\\\/radioleinewelle.de\\\/#organization\"},\"articleSection\":[\"Aktuelle Nachrichten\"],\"inLanguage\":\"de\"},{\"@type\":\"WebPage\",\"@id\":\"https:\\\/\\\/radioleinewelle.de\\\/index.php\\\/2022\\\/02\\\/24\\\/erklaerung-der-goettingen-gruenen-zum-russischen-einmarsch-in-der-ukraine\\\/\",\"url\":\"https:\\\/\\\/radioleinewelle.de\\\/index.php\\\/2022\\\/02\\\/24\\\/erklaerung-der-goettingen-gruenen-zum-russischen-einmarsch-in-der-ukraine\\\/\",\"name\":\"Erkl\u00e4rung der G\u00f6ttinger Gr\u00fcnen zum russischen Einmarsch in der Ukraine - Radio Leinewelle\",\"isPartOf\":{\"@id\":\"https:\\\/\\\/radioleinewelle.de\\\/#website\"},\"datePublished\":\"2022-02-24T13:52:27+00:00\",\"breadcrumb\":{\"@id\":\"https:\\\/\\\/radioleinewelle.de\\\/index.php\\\/2022\\\/02\\\/24\\\/erklaerung-der-goettingen-gruenen-zum-russischen-einmarsch-in-der-ukraine\\\/#breadcrumb\"},\"inLanguage\":\"de\",\"potentialAction\":[{\"@type\":\"ReadAction\",\"target\":[\"https:\\\/\\\/radioleinewelle.de\\\/index.php\\\/2022\\\/02\\\/24\\\/erklaerung-der-goettingen-gruenen-zum-russischen-einmarsch-in-der-ukraine\\\/\"]}]},{\"@type\":\"BreadcrumbList\",\"@id\":\"https:\\\/\\\/radioleinewelle.de\\\/index.php\\\/2022\\\/02\\\/24\\\/erklaerung-der-goettingen-gruenen-zum-russischen-einmarsch-in-der-ukraine\\\/#breadcrumb\",\"itemListElement\":[{\"@type\":\"ListItem\",\"position\":1,\"name\":\"Startseite\",\"item\":\"https:\\\/\\\/radioleinewelle.de\\\/\"},{\"@type\":\"ListItem\",\"position\":2,\"name\":\"Erkl\u00e4rung der G\u00f6ttinger Gr\u00fcnen zum russischen Einmarsch in der Ukraine\"}]},{\"@type\":\"WebSite\",\"@id\":\"https:\\\/\\\/radioleinewelle.de\\\/#website\",\"url\":\"https:\\\/\\\/radioleinewelle.de\\\/\",\"name\":\"Radio Leinewelle\",\"description\":\"\",\"publisher\":{\"@id\":\"https:\\\/\\\/radioleinewelle.de\\\/#organization\"},\"potentialAction\":[{\"@type\":\"SearchAction\",\"target\":{\"@type\":\"EntryPoint\",\"urlTemplate\":\"https:\\\/\\\/radioleinewelle.de\\\/?s={search_term_string}\"},\"query-input\":{\"@type\":\"PropertyValueSpecification\",\"valueRequired\":true,\"valueName\":\"search_term_string\"}}],\"inLanguage\":\"de\"},{\"@type\":\"Organization\",\"@id\":\"https:\\\/\\\/radioleinewelle.de\\\/#organization\",\"name\":\"Radio Leinewelle\",\"alternateName\":\"Mein Radio f\u00fcr S\u00fcdniedersachsen\",\"url\":\"https:\\\/\\\/radioleinewelle.de\\\/\",\"logo\":{\"@type\":\"ImageObject\",\"inLanguage\":\"de\",\"@id\":\"https:\\\/\\\/radioleinewelle.de\\\/#\\\/schema\\\/logo\\\/image\\\/\",\"url\":\"https:\\\/\\\/radioleinewelle.de\\\/wp-content\\\/uploads\\\/2023\\\/11\\\/cropped-Leinewelle_Logo_weiss.png\",\"contentUrl\":\"https:\\\/\\\/radioleinewelle.de\\\/wp-content\\\/uploads\\\/2023\\\/11\\\/cropped-Leinewelle_Logo_weiss.png\",\"width\":854,\"height\":260,\"caption\":\"Radio Leinewelle\"},\"image\":{\"@id\":\"https:\\\/\\\/radioleinewelle.de\\\/#\\\/schema\\\/logo\\\/image\\\/\"},\"sameAs\":[\"https:\\\/\\\/www.facebook.com\\\/radioleinewelle\",\"https:\\\/\\\/x.com\\\/RLeinewelle\",\"https:\\\/\\\/www.instagram.com\\\/radioleinewelle\\\/?hl=de\"]},{\"@type\":\"Person\",\"@id\":\"https:\\\/\\\/radioleinewelle.de\\\/#\\\/schema\\\/person\\\/45606f348637df637192dc1b68399a63\",\"name\":\"Leinewelle\",\"image\":{\"@type\":\"ImageObject\",\"inLanguage\":\"de\",\"@id\":\"https:\\\/\\\/secure.gravatar.com\\\/avatar\\\/05c9a17bc973052ee5d91549bd32fb4dd0dc85b7b85ae94b2e2b4943476bbea5?s=96&d=blank&r=g\",\"url\":\"https:\\\/\\\/secure.gravatar.com\\\/avatar\\\/05c9a17bc973052ee5d91549bd32fb4dd0dc85b7b85ae94b2e2b4943476bbea5?s=96&d=blank&r=g\",\"contentUrl\":\"https:\\\/\\\/secure.gravatar.com\\\/avatar\\\/05c9a17bc973052ee5d91549bd32fb4dd0dc85b7b85ae94b2e2b4943476bbea5?s=96&d=blank&r=g\",\"caption\":\"Leinewelle\"},\"sameAs\":[\"http:\\\/\\\/localhost\\\/radio%20leinewelle\\\/wordpress\",\"https:\\\/\\\/www.facebook.com\\\/radioleinewelle\",\"https:\\\/\\\/www.instagram.com\\\/radioleinewelle\",\"https:\\\/\\\/x.com\\\/https:\\\/\\\/twitter.com\\\/RLeinewelle?ref_src=twsrcgoogletwcampserptwgrauthor\",\"https:\\\/\\\/soundcloud.com\\\/foerderverein-lokalradio?utm_source=clipboard&utm_medium=text&utm_campaign=social_sharing\"],\"url\":\"https:\\\/\\\/radioleinewelle.de\\\/index.php\\\/author\\\/leinewelle\\\/\"}]}<\/script>\n<!-- \/ Yoast SEO plugin. -->","yoast_head_json":{"title":"Erkl\u00e4rung der G\u00f6ttinger Gr\u00fcnen zum russischen Einmarsch in der Ukraine - Radio Leinewelle","robots":{"index":"index","follow":"follow","max-snippet":"max-snippet:-1","max-image-preview":"max-image-preview:large","max-video-preview":"max-video-preview:-1"},"canonical":"https:\/\/radioleinewelle.de\/index.php\/2022\/02\/24\/erklaerung-der-goettingen-gruenen-zum-russischen-einmarsch-in-der-ukraine\/","og_locale":"de_DE","og_type":"article","og_title":"Erkl\u00e4rung der G\u00f6ttinger Gr\u00fcnen zum russischen Einmarsch in der Ukraine - Radio Leinewelle","og_description":"Angesichts des russischen Einmarschs in die Ukraine \u00e4u\u00dfern sich der Kreisvorstand von B\u00dcNDNIS 90\/DIE GR\u00dcNEN G\u00f6ttingen sowie die G\u00f6ttinger Landtagsabgeordnete Marie Kollenrott und rufen zur Teilnahme an der Eildemonstration der Gr\u00fcnen Jugend, Jusos und der Linksjugend unter dem Motto &#8222;Auf die Stra\u00dfe f\u00fcr den Frieden!&#8220; auf, die um 17:00 Uhr am G\u00e4nseliesel startet. Marie Kollenrott, [&hellip;]","og_url":"https:\/\/radioleinewelle.de\/index.php\/2022\/02\/24\/erklaerung-der-goettingen-gruenen-zum-russischen-einmarsch-in-der-ukraine\/","og_site_name":"Radio Leinewelle","article_publisher":"https:\/\/www.facebook.com\/radioleinewelle","article_author":"https:\/\/www.facebook.com\/radioleinewelle","article_published_time":"2022-02-24T13:52:27+00:00","author":"Leinewelle","twitter_card":"summary_large_image","twitter_creator":"@https:\/\/twitter.com\/RLeinewelle?ref_src=twsrcgoogletwcampserptwgrauthor","twitter_site":"@RLeinewelle","twitter_misc":{"Verfasst von":"Leinewelle","Gesch\u00e4tzte Lesezeit":"3\u00a0Minuten"},"schema":{"@context":"https:\/\/schema.org","@graph":[{"@type":"Article","@id":"https:\/\/radioleinewelle.de\/index.php\/2022\/02\/24\/erklaerung-der-goettingen-gruenen-zum-russischen-einmarsch-in-der-ukraine\/#article","isPartOf":{"@id":"https:\/\/radioleinewelle.de\/index.php\/2022\/02\/24\/erklaerung-der-goettingen-gruenen-zum-russischen-einmarsch-in-der-ukraine\/"},"author":{"name":"Leinewelle","@id":"https:\/\/radioleinewelle.de\/#\/schema\/person\/45606f348637df637192dc1b68399a63"},"headline":"Erkl\u00e4rung der G\u00f6ttinger Gr\u00fcnen zum russischen Einmarsch in der Ukraine","datePublished":"2022-02-24T13:52:27+00:00","mainEntityOfPage":{"@id":"https:\/\/radioleinewelle.de\/index.php\/2022\/02\/24\/erklaerung-der-goettingen-gruenen-zum-russischen-einmarsch-in-der-ukraine\/"},"wordCount":458,"publisher":{"@id":"https:\/\/radioleinewelle.de\/#organization"},"articleSection":["Aktuelle Nachrichten"],"inLanguage":"de"},{"@type":"WebPage","@id":"https:\/\/radioleinewelle.de\/index.php\/2022\/02\/24\/erklaerung-der-goettingen-gruenen-zum-russischen-einmarsch-in-der-ukraine\/","url":"https:\/\/radioleinewelle.de\/index.php\/2022\/02\/24\/erklaerung-der-goettingen-gruenen-zum-russischen-einmarsch-in-der-ukraine\/","name":"Erkl\u00e4rung der G\u00f6ttinger Gr\u00fcnen zum russischen Einmarsch in der Ukraine - Radio Leinewelle","isPartOf":{"@id":"https:\/\/radioleinewelle.de\/#website"},"datePublished":"2022-02-24T13:52:27+00:00","breadcrumb":{"@id":"https:\/\/radioleinewelle.de\/index.php\/2022\/02\/24\/erklaerung-der-goettingen-gruenen-zum-russischen-einmarsch-in-der-ukraine\/#breadcrumb"},"inLanguage":"de","potentialAction":[{"@type":"ReadAction","target":["https:\/\/radioleinewelle.de\/index.php\/2022\/02\/24\/erklaerung-der-goettingen-gruenen-zum-russischen-einmarsch-in-der-ukraine\/"]}]},{"@type":"BreadcrumbList","@id":"https:\/\/radioleinewelle.de\/index.php\/2022\/02\/24\/erklaerung-der-goettingen-gruenen-zum-russischen-einmarsch-in-der-ukraine\/#breadcrumb","itemListElement":[{"@type":"ListItem","position":1,"name":"Startseite","item":"https:\/\/radioleinewelle.de\/"},{"@type":"ListItem","position":2,"name":"Erkl\u00e4rung der G\u00f6ttinger Gr\u00fcnen zum russischen Einmarsch in der Ukraine"}]},{"@type":"WebSite","@id":"https:\/\/radioleinewelle.de\/#website","url":"https:\/\/radioleinewelle.de\/","name":"Radio Leinewelle","description":"","publisher":{"@id":"https:\/\/radioleinewelle.de\/#organization"},"potentialAction":[{"@type":"SearchAction","target":{"@type":"EntryPoint","urlTemplate":"https:\/\/radioleinewelle.de\/?s={search_term_string}"},"query-input":{"@type":"PropertyValueSpecification","valueRequired":true,"valueName":"search_term_string"}}],"inLanguage":"de"},{"@type":"Organization","@id":"https:\/\/radioleinewelle.de\/#organization","name":"Radio Leinewelle","alternateName":"Mein Radio f\u00fcr S\u00fcdniedersachsen","url":"https:\/\/radioleinewelle.de\/","logo":{"@type":"ImageObject","inLanguage":"de","@id":"https:\/\/radioleinewelle.de\/#\/schema\/logo\/image\/","url":"https:\/\/radioleinewelle.de\/wp-content\/uploads\/2023\/11\/cropped-Leinewelle_Logo_weiss.png","contentUrl":"https:\/\/radioleinewelle.de\/wp-content\/uploads\/2023\/11\/cropped-Leinewelle_Logo_weiss.png","width":854,"height":260,"caption":"Radio Leinewelle"},"image":{"@id":"https:\/\/radioleinewelle.de\/#\/schema\/logo\/image\/"},"sameAs":["https:\/\/www.facebook.com\/radioleinewelle","https:\/\/x.com\/RLeinewelle","https:\/\/www.instagram.com\/radioleinewelle\/?hl=de"]},{"@type":"Person","@id":"https:\/\/radioleinewelle.de\/#\/schema\/person\/45606f348637df637192dc1b68399a63","name":"Leinewelle","image":{"@type":"ImageObject","inLanguage":"de","@id":"https:\/\/secure.gravatar.com\/avatar\/05c9a17bc973052ee5d91549bd32fb4dd0dc85b7b85ae94b2e2b4943476bbea5?s=96&d=blank&r=g","url":"https:\/\/secure.gravatar.com\/avatar\/05c9a17bc973052ee5d91549bd32fb4dd0dc85b7b85ae94b2e2b4943476bbea5?s=96&d=blank&r=g","contentUrl":"https:\/\/secure.gravatar.com\/avatar\/05c9a17bc973052ee5d91549bd32fb4dd0dc85b7b85ae94b2e2b4943476bbea5?s=96&d=blank&r=g","caption":"Leinewelle"},"sameAs":["http:\/\/localhost\/radio%20leinewelle\/wordpress","https:\/\/www.facebook.com\/radioleinewelle","https:\/\/www.instagram.com\/radioleinewelle","https:\/\/x.com\/https:\/\/twitter.com\/RLeinewelle?ref_src=twsrcgoogletwcampserptwgrauthor","https:\/\/soundcloud.com\/foerderverein-lokalradio?utm_source=clipboard&utm_medium=text&utm_campaign=social_sharing"],"url":"https:\/\/radioleinewelle.de\/index.php\/author\/leinewelle\/"}]}},"_links":{"self":[{"href":"https:\/\/radioleinewelle.de\/index.php\/wp-json\/wp\/v2\/posts\/13046","targetHints":{"allow":["GET"]}}],"collection":[{"href":"https:\/\/radioleinewelle.de\/index.php\/wp-json\/wp\/v2\/posts"}],"about":[{"href":"https:\/\/radioleinewelle.de\/index.php\/wp-json\/wp\/v2\/types\/post"}],"author":[{"embeddable":true,"href":"https:\/\/radioleinewelle.de\/index.php\/wp-json\/wp\/v2\/users\/1"}],"replies":[{"embeddable":true,"href":"https:\/\/radioleinewelle.de\/index.php\/wp-json\/wp\/v2\/comments?post=13046"}],"version-history":[{"count":0,"href":"https:\/\/radioleinewelle.de\/index.php\/wp-json\/wp\/v2\/posts\/13046\/revisions"}],"wp:attachment":[{"href":"https:\/\/radioleinewelle.de\/index.php\/wp-json\/wp\/v2\/media?parent=13046"}],"wp:term":[{"taxonomy":"category","embeddable":true,"href":"https:\/\/radioleinewelle.de\/index.php\/wp-json\/wp\/v2\/categories?post=13046"},{"taxonomy":"post_tag","embeddable":true,"href":"https:\/\/radioleinewelle.de\/index.php\/wp-json\/wp\/v2\/tags?post=13046"}],"curies":[{"name":"wp","href":"https:\/\/api.w.org\/{rel}","templated":true}]}}