{"id":1305,"date":"2020-08-27T06:30:47","date_gmt":"2020-08-27T04:30:47","guid":{"rendered":"https:\/\/radioleinewelle.de\/?p=1305"},"modified":"2020-08-27T06:30:47","modified_gmt":"2020-08-27T04:30:47","slug":"naturschutzbund-hat-ueber-45000-unterschriften-fuer-ein-artenschutz-volksbegehren-gesammelt","status":"publish","type":"post","link":"https:\/\/radioleinewelle.de\/index.php\/2020\/08\/27\/naturschutzbund-hat-ueber-45000-unterschriften-fuer-ein-artenschutz-volksbegehren-gesammelt\/","title":{"rendered":"Naturschutzbund hat \u00fcber 45000 Unterschriften f\u00fcr ein Artenschutz Volksbegehren gesammelt"},"content":{"rendered":"<p class=\"western\"><b>S\u00fcdost-Niedersachsen <\/b>&#8211; \u201eIn den vergangenen knapp acht Wochen seit Beginn des Unterschriftensammelns haben bereits rund doppelt so viele Menschen das Volksbegehren unterschrieben, wie es in der ersten Runde erforderlich ist: Das ist gro\u00dfartig und wir danken allen, die dazu beigetragen haben!\u201c sagt Volksbegehren-Initiator Klaus Ahrens. 45.412 g\u00fcltige Unterschriften hat die Landeswahlleiterin bis zum 1. August gemeldet. 25.000 Unterschriften braucht es, um den Antrag auf Feststellung der Zul\u00e4ssigkeit zu stellen. \u201eDas Landesgesetz gibt uns hierf\u00fcr Zeit bis zum 13. November. Diese Zeit nehmen wir uns, schlie\u00dflich haben wir gerade erst angefangen und sind durch Corona beim Sammeln eingeschr\u00e4nkt. Hunderte ehrenamtlich Aktive in ganz Niedersachsen setzen sich dennoch jeden Tag sehr engagiert f\u00fcr das Volksbegehren ein: auf Marktpl\u00e4tzen und in Fu\u00dfg\u00e4ngerzonen, in St\u00e4dten und auf dem Land. Jetzt geht es mit Volldampf in die zweite Runde: Wir sammeln weiter Unterschriften f\u00fcr ein erfolgreiches Volksbegehren und f\u00fcr besseren Artenschutz in Niedersachsen\u201c, so Ahrens, der zugleich Vizepr\u00e4sident der Deutschen Berufs und Erwerbsimker ist. <em>\u201eDenn n<\/em>ur mit dem Volksbegehren k\u00f6nnen wir echte Verbesserungen f\u00fcr den Artenschutz in Niedersachsen erreichen.\u201c<\/p>\n<p class=\"western\"><em>Wem die Natur und ein besserer Tier- und Pflanzenschutz in Niedersachsen am Herzen liege und wer noch nicht unterschrieben habe, k\u00f6nne sich jetzt mit der Unterschrift unter das Volksbegehren ganz konkret f\u00fcr mehr Artenschutz einsetzen: \u201eF\u00fcr mehr Lebensraum und Nahrung f\u00fcr Insekten wie Bienen und Schmetterlinge, f\u00fcr das \u00dcberleben der Wiesenv\u00f6gel wie Kiebitz und Feldlerche und daf\u00fcr, dass Naturschutzgebiete pestizidfrei und Uferzonen an Gew\u00e4ssern besser gesch\u00fctzt werden\u201c, sagt Ahrens. <\/em>Damit es zu einer Abstimmung im nieders\u00e4chsischen Landtag \u00fcber das Gesetz kommt, braucht es insgesamt rund 610.000 Unterschriften f\u00fcr das Volksbegehren, die bislang gesammelten Unterschriften z\u00e4hlen dabei mit. Lehnt der Landtag das Gesetz ab, folgt ein Volksentscheid.<\/p>\n","protected":false},"excerpt":{"rendered":"<p>S\u00fcdost-Niedersachsen &#8211; \u201eIn den vergangenen knapp acht Wochen seit Beginn des Unterschriftensammelns haben bereits rund doppelt so viele Menschen das Volksbegehren unterschrieben, wie es in der ersten Runde erforderlich ist: Das ist gro\u00dfartig und wir danken allen, die dazu beigetragen haben!\u201c sagt Volksbegehren-Initiator Klaus Ahrens. 45.412 g\u00fcltige Unterschriften hat die Landeswahlleiterin bis zum 1. August [&hellip;]<\/p>\n","protected":false},"author":1,"featured_media":0,"comment_status":"closed","ping_status":"closed","sticky":false,"template":"","format":"standard","meta":{"saved_in_kubio":false,"footnotes":""},"categories":[1],"tags":[],"class_list":["post-1305","post","type-post","status-publish","format-standard","hentry","category-allgemein"],"yoast_head":"<!-- This site is optimized with the Yoast SEO plugin v27.5 - https:\/\/yoast.com\/product\/yoast-seo-wordpress\/ -->\n<title>Naturschutzbund hat \u00fcber 45000 Unterschriften f\u00fcr ein Artenschutz Volksbegehren gesammelt - Radio Leinewelle<\/title>\n<meta name=\"robots\" content=\"index, follow, max-snippet:-1, max-image-preview:large, max-video-preview:-1\" \/>\n<link rel=\"canonical\" href=\"https:\/\/radioleinewelle.de\/index.php\/2020\/08\/27\/naturschutzbund-hat-ueber-45000-unterschriften-fuer-ein-artenschutz-volksbegehren-gesammelt\/\" \/>\n<meta property=\"og:locale\" content=\"de_DE\" \/>\n<meta property=\"og:type\" content=\"article\" \/>\n<meta property=\"og:title\" content=\"Naturschutzbund hat \u00fcber 45000 Unterschriften f\u00fcr ein Artenschutz Volksbegehren gesammelt - Radio Leinewelle\" \/>\n<meta property=\"og:description\" content=\"S\u00fcdost-Niedersachsen &#8211; \u201eIn den vergangenen knapp acht Wochen seit Beginn des Unterschriftensammelns haben bereits rund doppelt so viele Menschen das Volksbegehren unterschrieben, wie es in der ersten Runde erforderlich ist: Das ist gro\u00dfartig und wir danken allen, die dazu beigetragen haben!\u201c sagt Volksbegehren-Initiator Klaus Ahrens. 45.412 g\u00fcltige Unterschriften hat die Landeswahlleiterin bis zum 1. August [&hellip;]\" \/>\n<meta property=\"og:url\" content=\"https:\/\/radioleinewelle.de\/index.php\/2020\/08\/27\/naturschutzbund-hat-ueber-45000-unterschriften-fuer-ein-artenschutz-volksbegehren-gesammelt\/\" \/>\n<meta property=\"og:site_name\" content=\"Radio Leinewelle\" \/>\n<meta property=\"article:publisher\" content=\"https:\/\/www.facebook.com\/radioleinewelle\" \/>\n<meta property=\"article:author\" content=\"https:\/\/www.facebook.com\/radioleinewelle\" \/>\n<meta property=\"article:published_time\" content=\"2020-08-27T04:30:47+00:00\" \/>\n<meta name=\"author\" content=\"Leinewelle\" \/>\n<meta name=\"twitter:card\" content=\"summary_large_image\" \/>\n<meta name=\"twitter:creator\" content=\"@https:\/\/twitter.com\/RLeinewelle?ref_src=twsrcgoogletwcampserptwgrauthor\" \/>\n<meta name=\"twitter:site\" content=\"@RLeinewelle\" \/>\n<meta name=\"twitter:label1\" content=\"Verfasst von\" \/>\n\t<meta name=\"twitter:data1\" content=\"Leinewelle\" \/>\n\t<meta name=\"twitter:label2\" content=\"Gesch\u00e4tzte Lesezeit\" \/>\n\t<meta name=\"twitter:data2\" content=\"2\u00a0Minuten\" \/>\n<script type=\"application\/ld+json\" class=\"yoast-schema-graph\">{\"@context\":\"https:\\\/\\\/schema.org\",\"@graph\":[{\"@type\":\"Article\",\"@id\":\"https:\\\/\\\/radioleinewelle.de\\\/index.php\\\/2020\\\/08\\\/27\\\/naturschutzbund-hat-ueber-45000-unterschriften-fuer-ein-artenschutz-volksbegehren-gesammelt\\\/#article\",\"isPartOf\":{\"@id\":\"https:\\\/\\\/radioleinewelle.de\\\/index.php\\\/2020\\\/08\\\/27\\\/naturschutzbund-hat-ueber-45000-unterschriften-fuer-ein-artenschutz-volksbegehren-gesammelt\\\/\"},\"author\":{\"name\":\"Leinewelle\",\"@id\":\"https:\\\/\\\/radioleinewelle.de\\\/#\\\/schema\\\/person\\\/45606f348637df637192dc1b68399a63\"},\"headline\":\"Naturschutzbund hat \u00fcber 45000 Unterschriften f\u00fcr ein Artenschutz Volksbegehren gesammelt\",\"datePublished\":\"2020-08-27T04:30:47+00:00\",\"mainEntityOfPage\":{\"@id\":\"https:\\\/\\\/radioleinewelle.de\\\/index.php\\\/2020\\\/08\\\/27\\\/naturschutzbund-hat-ueber-45000-unterschriften-fuer-ein-artenschutz-volksbegehren-gesammelt\\\/\"},\"wordCount\":314,\"publisher\":{\"@id\":\"https:\\\/\\\/radioleinewelle.de\\\/#organization\"},\"inLanguage\":\"de\"},{\"@type\":\"WebPage\",\"@id\":\"https:\\\/\\\/radioleinewelle.de\\\/index.php\\\/2020\\\/08\\\/27\\\/naturschutzbund-hat-ueber-45000-unterschriften-fuer-ein-artenschutz-volksbegehren-gesammelt\\\/\",\"url\":\"https:\\\/\\\/radioleinewelle.de\\\/index.php\\\/2020\\\/08\\\/27\\\/naturschutzbund-hat-ueber-45000-unterschriften-fuer-ein-artenschutz-volksbegehren-gesammelt\\\/\",\"name\":\"Naturschutzbund hat \u00fcber 45000 Unterschriften f\u00fcr ein Artenschutz Volksbegehren gesammelt - Radio Leinewelle\",\"isPartOf\":{\"@id\":\"https:\\\/\\\/radioleinewelle.de\\\/#website\"},\"datePublished\":\"2020-08-27T04:30:47+00:00\",\"breadcrumb\":{\"@id\":\"https:\\\/\\\/radioleinewelle.de\\\/index.php\\\/2020\\\/08\\\/27\\\/naturschutzbund-hat-ueber-45000-unterschriften-fuer-ein-artenschutz-volksbegehren-gesammelt\\\/#breadcrumb\"},\"inLanguage\":\"de\",\"potentialAction\":[{\"@type\":\"ReadAction\",\"target\":[\"https:\\\/\\\/radioleinewelle.de\\\/index.php\\\/2020\\\/08\\\/27\\\/naturschutzbund-hat-ueber-45000-unterschriften-fuer-ein-artenschutz-volksbegehren-gesammelt\\\/\"]}]},{\"@type\":\"BreadcrumbList\",\"@id\":\"https:\\\/\\\/radioleinewelle.de\\\/index.php\\\/2020\\\/08\\\/27\\\/naturschutzbund-hat-ueber-45000-unterschriften-fuer-ein-artenschutz-volksbegehren-gesammelt\\\/#breadcrumb\",\"itemListElement\":[{\"@type\":\"ListItem\",\"position\":1,\"name\":\"Startseite\",\"item\":\"https:\\\/\\\/radioleinewelle.de\\\/\"},{\"@type\":\"ListItem\",\"position\":2,\"name\":\"Naturschutzbund hat \u00fcber 45000 Unterschriften f\u00fcr ein Artenschutz Volksbegehren gesammelt\"}]},{\"@type\":\"WebSite\",\"@id\":\"https:\\\/\\\/radioleinewelle.de\\\/#website\",\"url\":\"https:\\\/\\\/radioleinewelle.de\\\/\",\"name\":\"Radio Leinewelle\",\"description\":\"\",\"publisher\":{\"@id\":\"https:\\\/\\\/radioleinewelle.de\\\/#organization\"},\"potentialAction\":[{\"@type\":\"SearchAction\",\"target\":{\"@type\":\"EntryPoint\",\"urlTemplate\":\"https:\\\/\\\/radioleinewelle.de\\\/?s={search_term_string}\"},\"query-input\":{\"@type\":\"PropertyValueSpecification\",\"valueRequired\":true,\"valueName\":\"search_term_string\"}}],\"inLanguage\":\"de\"},{\"@type\":\"Organization\",\"@id\":\"https:\\\/\\\/radioleinewelle.de\\\/#organization\",\"name\":\"Radio Leinewelle\",\"alternateName\":\"Mein Radio f\u00fcr S\u00fcdniedersachsen\",\"url\":\"https:\\\/\\\/radioleinewelle.de\\\/\",\"logo\":{\"@type\":\"ImageObject\",\"inLanguage\":\"de\",\"@id\":\"https:\\\/\\\/radioleinewelle.de\\\/#\\\/schema\\\/logo\\\/image\\\/\",\"url\":\"https:\\\/\\\/radioleinewelle.de\\\/wp-content\\\/uploads\\\/2023\\\/11\\\/cropped-Leinewelle_Logo_weiss.png\",\"contentUrl\":\"https:\\\/\\\/radioleinewelle.de\\\/wp-content\\\/uploads\\\/2023\\\/11\\\/cropped-Leinewelle_Logo_weiss.png\",\"width\":854,\"height\":260,\"caption\":\"Radio Leinewelle\"},\"image\":{\"@id\":\"https:\\\/\\\/radioleinewelle.de\\\/#\\\/schema\\\/logo\\\/image\\\/\"},\"sameAs\":[\"https:\\\/\\\/www.facebook.com\\\/radioleinewelle\",\"https:\\\/\\\/x.com\\\/RLeinewelle\",\"https:\\\/\\\/www.instagram.com\\\/radioleinewelle\\\/?hl=de\"]},{\"@type\":\"Person\",\"@id\":\"https:\\\/\\\/radioleinewelle.de\\\/#\\\/schema\\\/person\\\/45606f348637df637192dc1b68399a63\",\"name\":\"Leinewelle\",\"image\":{\"@type\":\"ImageObject\",\"inLanguage\":\"de\",\"@id\":\"https:\\\/\\\/secure.gravatar.com\\\/avatar\\\/05c9a17bc973052ee5d91549bd32fb4dd0dc85b7b85ae94b2e2b4943476bbea5?s=96&d=blank&r=g\",\"url\":\"https:\\\/\\\/secure.gravatar.com\\\/avatar\\\/05c9a17bc973052ee5d91549bd32fb4dd0dc85b7b85ae94b2e2b4943476bbea5?s=96&d=blank&r=g\",\"contentUrl\":\"https:\\\/\\\/secure.gravatar.com\\\/avatar\\\/05c9a17bc973052ee5d91549bd32fb4dd0dc85b7b85ae94b2e2b4943476bbea5?s=96&d=blank&r=g\",\"caption\":\"Leinewelle\"},\"sameAs\":[\"http:\\\/\\\/localhost\\\/radio%20leinewelle\\\/wordpress\",\"https:\\\/\\\/www.facebook.com\\\/radioleinewelle\",\"https:\\\/\\\/www.instagram.com\\\/radioleinewelle\",\"https:\\\/\\\/x.com\\\/https:\\\/\\\/twitter.com\\\/RLeinewelle?ref_src=twsrcgoogletwcampserptwgrauthor\",\"https:\\\/\\\/soundcloud.com\\\/foerderverein-lokalradio?utm_source=clipboard&utm_medium=text&utm_campaign=social_sharing\"],\"url\":\"https:\\\/\\\/radioleinewelle.de\\\/index.php\\\/author\\\/leinewelle\\\/\"}]}<\/script>\n<!-- \/ Yoast SEO plugin. -->","yoast_head_json":{"title":"Naturschutzbund hat \u00fcber 45000 Unterschriften f\u00fcr ein Artenschutz Volksbegehren gesammelt - Radio Leinewelle","robots":{"index":"index","follow":"follow","max-snippet":"max-snippet:-1","max-image-preview":"max-image-preview:large","max-video-preview":"max-video-preview:-1"},"canonical":"https:\/\/radioleinewelle.de\/index.php\/2020\/08\/27\/naturschutzbund-hat-ueber-45000-unterschriften-fuer-ein-artenschutz-volksbegehren-gesammelt\/","og_locale":"de_DE","og_type":"article","og_title":"Naturschutzbund hat \u00fcber 45000 Unterschriften f\u00fcr ein Artenschutz Volksbegehren gesammelt - Radio Leinewelle","og_description":"S\u00fcdost-Niedersachsen &#8211; \u201eIn den vergangenen knapp acht Wochen seit Beginn des Unterschriftensammelns haben bereits rund doppelt so viele Menschen das Volksbegehren unterschrieben, wie es in der ersten Runde erforderlich ist: Das ist gro\u00dfartig und wir danken allen, die dazu beigetragen haben!\u201c sagt Volksbegehren-Initiator Klaus Ahrens. 45.412 g\u00fcltige Unterschriften hat die Landeswahlleiterin bis zum 1. August [&hellip;]","og_url":"https:\/\/radioleinewelle.de\/index.php\/2020\/08\/27\/naturschutzbund-hat-ueber-45000-unterschriften-fuer-ein-artenschutz-volksbegehren-gesammelt\/","og_site_name":"Radio Leinewelle","article_publisher":"https:\/\/www.facebook.com\/radioleinewelle","article_author":"https:\/\/www.facebook.com\/radioleinewelle","article_published_time":"2020-08-27T04:30:47+00:00","author":"Leinewelle","twitter_card":"summary_large_image","twitter_creator":"@https:\/\/twitter.com\/RLeinewelle?ref_src=twsrcgoogletwcampserptwgrauthor","twitter_site":"@RLeinewelle","twitter_misc":{"Verfasst von":"Leinewelle","Gesch\u00e4tzte Lesezeit":"2\u00a0Minuten"},"schema":{"@context":"https:\/\/schema.org","@graph":[{"@type":"Article","@id":"https:\/\/radioleinewelle.de\/index.php\/2020\/08\/27\/naturschutzbund-hat-ueber-45000-unterschriften-fuer-ein-artenschutz-volksbegehren-gesammelt\/#article","isPartOf":{"@id":"https:\/\/radioleinewelle.de\/index.php\/2020\/08\/27\/naturschutzbund-hat-ueber-45000-unterschriften-fuer-ein-artenschutz-volksbegehren-gesammelt\/"},"author":{"name":"Leinewelle","@id":"https:\/\/radioleinewelle.de\/#\/schema\/person\/45606f348637df637192dc1b68399a63"},"headline":"Naturschutzbund hat \u00fcber 45000 Unterschriften f\u00fcr ein Artenschutz Volksbegehren gesammelt","datePublished":"2020-08-27T04:30:47+00:00","mainEntityOfPage":{"@id":"https:\/\/radioleinewelle.de\/index.php\/2020\/08\/27\/naturschutzbund-hat-ueber-45000-unterschriften-fuer-ein-artenschutz-volksbegehren-gesammelt\/"},"wordCount":314,"publisher":{"@id":"https:\/\/radioleinewelle.de\/#organization"},"inLanguage":"de"},{"@type":"WebPage","@id":"https:\/\/radioleinewelle.de\/index.php\/2020\/08\/27\/naturschutzbund-hat-ueber-45000-unterschriften-fuer-ein-artenschutz-volksbegehren-gesammelt\/","url":"https:\/\/radioleinewelle.de\/index.php\/2020\/08\/27\/naturschutzbund-hat-ueber-45000-unterschriften-fuer-ein-artenschutz-volksbegehren-gesammelt\/","name":"Naturschutzbund hat \u00fcber 45000 Unterschriften f\u00fcr ein Artenschutz Volksbegehren gesammelt - Radio Leinewelle","isPartOf":{"@id":"https:\/\/radioleinewelle.de\/#website"},"datePublished":"2020-08-27T04:30:47+00:00","breadcrumb":{"@id":"https:\/\/radioleinewelle.de\/index.php\/2020\/08\/27\/naturschutzbund-hat-ueber-45000-unterschriften-fuer-ein-artenschutz-volksbegehren-gesammelt\/#breadcrumb"},"inLanguage":"de","potentialAction":[{"@type":"ReadAction","target":["https:\/\/radioleinewelle.de\/index.php\/2020\/08\/27\/naturschutzbund-hat-ueber-45000-unterschriften-fuer-ein-artenschutz-volksbegehren-gesammelt\/"]}]},{"@type":"BreadcrumbList","@id":"https:\/\/radioleinewelle.de\/index.php\/2020\/08\/27\/naturschutzbund-hat-ueber-45000-unterschriften-fuer-ein-artenschutz-volksbegehren-gesammelt\/#breadcrumb","itemListElement":[{"@type":"ListItem","position":1,"name":"Startseite","item":"https:\/\/radioleinewelle.de\/"},{"@type":"ListItem","position":2,"name":"Naturschutzbund hat \u00fcber 45000 Unterschriften f\u00fcr ein Artenschutz Volksbegehren gesammelt"}]},{"@type":"WebSite","@id":"https:\/\/radioleinewelle.de\/#website","url":"https:\/\/radioleinewelle.de\/","name":"Radio Leinewelle","description":"","publisher":{"@id":"https:\/\/radioleinewelle.de\/#organization"},"potentialAction":[{"@type":"SearchAction","target":{"@type":"EntryPoint","urlTemplate":"https:\/\/radioleinewelle.de\/?s={search_term_string}"},"query-input":{"@type":"PropertyValueSpecification","valueRequired":true,"valueName":"search_term_string"}}],"inLanguage":"de"},{"@type":"Organization","@id":"https:\/\/radioleinewelle.de\/#organization","name":"Radio Leinewelle","alternateName":"Mein Radio f\u00fcr S\u00fcdniedersachsen","url":"https:\/\/radioleinewelle.de\/","logo":{"@type":"ImageObject","inLanguage":"de","@id":"https:\/\/radioleinewelle.de\/#\/schema\/logo\/image\/","url":"https:\/\/radioleinewelle.de\/wp-content\/uploads\/2023\/11\/cropped-Leinewelle_Logo_weiss.png","contentUrl":"https:\/\/radioleinewelle.de\/wp-content\/uploads\/2023\/11\/cropped-Leinewelle_Logo_weiss.png","width":854,"height":260,"caption":"Radio Leinewelle"},"image":{"@id":"https:\/\/radioleinewelle.de\/#\/schema\/logo\/image\/"},"sameAs":["https:\/\/www.facebook.com\/radioleinewelle","https:\/\/x.com\/RLeinewelle","https:\/\/www.instagram.com\/radioleinewelle\/?hl=de"]},{"@type":"Person","@id":"https:\/\/radioleinewelle.de\/#\/schema\/person\/45606f348637df637192dc1b68399a63","name":"Leinewelle","image":{"@type":"ImageObject","inLanguage":"de","@id":"https:\/\/secure.gravatar.com\/avatar\/05c9a17bc973052ee5d91549bd32fb4dd0dc85b7b85ae94b2e2b4943476bbea5?s=96&d=blank&r=g","url":"https:\/\/secure.gravatar.com\/avatar\/05c9a17bc973052ee5d91549bd32fb4dd0dc85b7b85ae94b2e2b4943476bbea5?s=96&d=blank&r=g","contentUrl":"https:\/\/secure.gravatar.com\/avatar\/05c9a17bc973052ee5d91549bd32fb4dd0dc85b7b85ae94b2e2b4943476bbea5?s=96&d=blank&r=g","caption":"Leinewelle"},"sameAs":["http:\/\/localhost\/radio%20leinewelle\/wordpress","https:\/\/www.facebook.com\/radioleinewelle","https:\/\/www.instagram.com\/radioleinewelle","https:\/\/x.com\/https:\/\/twitter.com\/RLeinewelle?ref_src=twsrcgoogletwcampserptwgrauthor","https:\/\/soundcloud.com\/foerderverein-lokalradio?utm_source=clipboard&utm_medium=text&utm_campaign=social_sharing"],"url":"https:\/\/radioleinewelle.de\/index.php\/author\/leinewelle\/"}]}},"_links":{"self":[{"href":"https:\/\/radioleinewelle.de\/index.php\/wp-json\/wp\/v2\/posts\/1305","targetHints":{"allow":["GET"]}}],"collection":[{"href":"https:\/\/radioleinewelle.de\/index.php\/wp-json\/wp\/v2\/posts"}],"about":[{"href":"https:\/\/radioleinewelle.de\/index.php\/wp-json\/wp\/v2\/types\/post"}],"author":[{"embeddable":true,"href":"https:\/\/radioleinewelle.de\/index.php\/wp-json\/wp\/v2\/users\/1"}],"replies":[{"embeddable":true,"href":"https:\/\/radioleinewelle.de\/index.php\/wp-json\/wp\/v2\/comments?post=1305"}],"version-history":[{"count":0,"href":"https:\/\/radioleinewelle.de\/index.php\/wp-json\/wp\/v2\/posts\/1305\/revisions"}],"wp:attachment":[{"href":"https:\/\/radioleinewelle.de\/index.php\/wp-json\/wp\/v2\/media?parent=1305"}],"wp:term":[{"taxonomy":"category","embeddable":true,"href":"https:\/\/radioleinewelle.de\/index.php\/wp-json\/wp\/v2\/categories?post=1305"},{"taxonomy":"post_tag","embeddable":true,"href":"https:\/\/radioleinewelle.de\/index.php\/wp-json\/wp\/v2\/tags?post=1305"}],"curies":[{"name":"wp","href":"https:\/\/api.w.org\/{rel}","templated":true}]}}