{"id":13059,"date":"2022-02-25T05:29:35","date_gmt":"2022-02-25T04:29:35","guid":{"rendered":"https:\/\/radioleinewelle.de\/?p=13059"},"modified":"2022-02-25T05:29:35","modified_gmt":"2022-02-25T04:29:35","slug":"parkscheinautomat-gesprengt-zwei-sachbeschaedigungen-in-der-nacht-zu-freitag-in-bad-lauterberg","status":"publish","type":"post","link":"https:\/\/radioleinewelle.de\/index.php\/2022\/02\/25\/parkscheinautomat-gesprengt-zwei-sachbeschaedigungen-in-der-nacht-zu-freitag-in-bad-lauterberg\/","title":{"rendered":"Parkscheinautomat gesprengt &#8211; Zwei Sachbesch\u00e4digungen in der Nacht zu Freitag in Bad Lauterberg"},"content":{"rendered":"\n<p>BAD LAUTERBERG (jk) &#8211; Auf noch unbekannte Weise haben Unbekannte in der Nacht zu Freitag (17.02.22) auf der Hauptstra\u00dfe in Bad Lauterberg (Landkreis G\u00f6ttingen) einen Parkscheinautomaten gesprengt. Das Ger\u00e4t war anschlie\u00dfend nicht mehr funktionsf\u00e4hig. An der vorhandenen Geldkassette machten sich die T\u00e4ter nicht zu schaffen. Der verursachte Sachschaden bel\u00e4uft sich auf rund 5.000 Euro.<\/p>\n\n\n\n<p>Die Tat h\u00e4ngt m\u00f6glicherweise mit einer weiteren Sachbesch\u00e4digung im Bereich der Kreuzung B 27\/Scharzfelder Stra\u00dfe zusammen.<\/p>\n\n\n\n<p>Hier rissen Unbekannte in derselben Nacht an einer Ampel auf der Mittelinsel das komplette &#8222;Gr\u00fcnlicht&#8220; heraus. Kontrastblende, Streuscheibe und Streuscheibenhalter wurden auf dem Boden vor der Ampel gefunden. Die Schadensh\u00f6he ist unbekannt.<\/p>\n\n\n\n<p>Sachdienliche Hinweise zu beiden F\u00e4llen nimmt das Polizeikommissariat Bad Lauterberg unter Telefon 05524\/9630 entgegen.<\/p>\n","protected":false},"excerpt":{"rendered":"<p>BAD LAUTERBERG (jk) &#8211; Auf noch unbekannte Weise haben Unbekannte in der Nacht zu Freitag (17.02.22) auf der Hauptstra\u00dfe in Bad Lauterberg (Landkreis G\u00f6ttingen) einen Parkscheinautomaten gesprengt. Das Ger\u00e4t war anschlie\u00dfend nicht mehr funktionsf\u00e4hig. An der vorhandenen Geldkassette machten sich die T\u00e4ter nicht zu schaffen. Der verursachte Sachschaden bel\u00e4uft sich auf rund 5.000 Euro. Die [&hellip;]<\/p>\n","protected":false},"author":1,"featured_media":10261,"comment_status":"closed","ping_status":"closed","sticky":false,"template":"","format":"standard","meta":{"saved_in_kubio":false,"footnotes":""},"categories":[24],"tags":[595,2925,349],"class_list":["post-13059","post","type-post","status-publish","format-standard","has-post-thumbnail","hentry","category-news","tag-bad-lauterberg","tag-parkscheinautomat","tag-polizeiinspektion-goettingen"],"yoast_head":"<!-- This site is optimized with the Yoast SEO plugin v27.5 - https:\/\/yoast.com\/product\/yoast-seo-wordpress\/ -->\n<title>Parkscheinautomat gesprengt - Zwei Sachbesch\u00e4digungen in der Nacht zu Freitag in Bad Lauterberg - Radio Leinewelle<\/title>\n<meta name=\"robots\" content=\"index, follow, max-snippet:-1, max-image-preview:large, max-video-preview:-1\" \/>\n<link rel=\"canonical\" href=\"https:\/\/radioleinewelle.de\/index.php\/2022\/02\/25\/parkscheinautomat-gesprengt-zwei-sachbeschaedigungen-in-der-nacht-zu-freitag-in-bad-lauterberg\/\" \/>\n<meta property=\"og:locale\" content=\"de_DE\" \/>\n<meta property=\"og:type\" content=\"article\" \/>\n<meta property=\"og:title\" content=\"Parkscheinautomat gesprengt - Zwei Sachbesch\u00e4digungen in der Nacht zu Freitag in Bad Lauterberg - Radio Leinewelle\" \/>\n<meta property=\"og:description\" content=\"BAD LAUTERBERG (jk) &#8211; Auf noch unbekannte Weise haben Unbekannte in der Nacht zu Freitag (17.02.22) auf der Hauptstra\u00dfe in Bad Lauterberg (Landkreis G\u00f6ttingen) einen Parkscheinautomaten gesprengt. Das Ger\u00e4t war anschlie\u00dfend nicht mehr funktionsf\u00e4hig. An der vorhandenen Geldkassette machten sich die T\u00e4ter nicht zu schaffen. Der verursachte Sachschaden bel\u00e4uft sich auf rund 5.000 Euro. Die [&hellip;]\" \/>\n<meta property=\"og:url\" content=\"https:\/\/radioleinewelle.de\/index.php\/2022\/02\/25\/parkscheinautomat-gesprengt-zwei-sachbeschaedigungen-in-der-nacht-zu-freitag-in-bad-lauterberg\/\" \/>\n<meta property=\"og:site_name\" content=\"Radio Leinewelle\" \/>\n<meta property=\"article:publisher\" content=\"https:\/\/www.facebook.com\/radioleinewelle\" \/>\n<meta property=\"article:author\" content=\"https:\/\/www.facebook.com\/radioleinewelle\" \/>\n<meta property=\"article:published_time\" content=\"2022-02-25T04:29:35+00:00\" \/>\n<meta property=\"og:image\" content=\"https:\/\/radioleinewelle.de\/wp-content\/uploads\/2021\/08\/police-2817132_640.jpg\" \/>\n\t<meta property=\"og:image:width\" content=\"640\" \/>\n\t<meta property=\"og:image:height\" content=\"360\" \/>\n\t<meta property=\"og:image:type\" content=\"image\/jpeg\" \/>\n<meta name=\"author\" content=\"Leinewelle\" \/>\n<meta name=\"twitter:card\" content=\"summary_large_image\" \/>\n<meta name=\"twitter:creator\" content=\"@https:\/\/twitter.com\/RLeinewelle?ref_src=twsrcgoogletwcampserptwgrauthor\" \/>\n<meta name=\"twitter:site\" content=\"@RLeinewelle\" \/>\n<meta name=\"twitter:label1\" content=\"Verfasst von\" \/>\n\t<meta name=\"twitter:data1\" content=\"Leinewelle\" \/>\n\t<meta name=\"twitter:label2\" content=\"Gesch\u00e4tzte Lesezeit\" \/>\n\t<meta name=\"twitter:data2\" content=\"1\u00a0Minute\" \/>\n<script type=\"application\/ld+json\" class=\"yoast-schema-graph\">{\"@context\":\"https:\\\/\\\/schema.org\",\"@graph\":[{\"@type\":\"Article\",\"@id\":\"https:\\\/\\\/radioleinewelle.de\\\/index.php\\\/2022\\\/02\\\/25\\\/parkscheinautomat-gesprengt-zwei-sachbeschaedigungen-in-der-nacht-zu-freitag-in-bad-lauterberg\\\/#article\",\"isPartOf\":{\"@id\":\"https:\\\/\\\/radioleinewelle.de\\\/index.php\\\/2022\\\/02\\\/25\\\/parkscheinautomat-gesprengt-zwei-sachbeschaedigungen-in-der-nacht-zu-freitag-in-bad-lauterberg\\\/\"},\"author\":{\"name\":\"Leinewelle\",\"@id\":\"https:\\\/\\\/radioleinewelle.de\\\/#\\\/schema\\\/person\\\/45606f348637df637192dc1b68399a63\"},\"headline\":\"Parkscheinautomat gesprengt &#8211; Zwei Sachbesch\u00e4digungen in der Nacht zu Freitag in Bad Lauterberg\",\"datePublished\":\"2022-02-25T04:29:35+00:00\",\"mainEntityOfPage\":{\"@id\":\"https:\\\/\\\/radioleinewelle.de\\\/index.php\\\/2022\\\/02\\\/25\\\/parkscheinautomat-gesprengt-zwei-sachbeschaedigungen-in-der-nacht-zu-freitag-in-bad-lauterberg\\\/\"},\"wordCount\":141,\"publisher\":{\"@id\":\"https:\\\/\\\/radioleinewelle.de\\\/#organization\"},\"image\":{\"@id\":\"https:\\\/\\\/radioleinewelle.de\\\/index.php\\\/2022\\\/02\\\/25\\\/parkscheinautomat-gesprengt-zwei-sachbeschaedigungen-in-der-nacht-zu-freitag-in-bad-lauterberg\\\/#primaryimage\"},\"thumbnailUrl\":\"https:\\\/\\\/radioleinewelle.de\\\/wp-content\\\/uploads\\\/2021\\\/08\\\/police-2817132_640.jpg\",\"keywords\":[\"Bad Lauterberg\",\"Parkscheinautomat\",\"Polizeiinspektion G\u00f6ttingen\"],\"articleSection\":[\"Aktuelle Nachrichten\"],\"inLanguage\":\"de\"},{\"@type\":\"WebPage\",\"@id\":\"https:\\\/\\\/radioleinewelle.de\\\/index.php\\\/2022\\\/02\\\/25\\\/parkscheinautomat-gesprengt-zwei-sachbeschaedigungen-in-der-nacht-zu-freitag-in-bad-lauterberg\\\/\",\"url\":\"https:\\\/\\\/radioleinewelle.de\\\/index.php\\\/2022\\\/02\\\/25\\\/parkscheinautomat-gesprengt-zwei-sachbeschaedigungen-in-der-nacht-zu-freitag-in-bad-lauterberg\\\/\",\"name\":\"Parkscheinautomat gesprengt - Zwei Sachbesch\u00e4digungen in der Nacht zu Freitag in Bad Lauterberg - Radio Leinewelle\",\"isPartOf\":{\"@id\":\"https:\\\/\\\/radioleinewelle.de\\\/#website\"},\"primaryImageOfPage\":{\"@id\":\"https:\\\/\\\/radioleinewelle.de\\\/index.php\\\/2022\\\/02\\\/25\\\/parkscheinautomat-gesprengt-zwei-sachbeschaedigungen-in-der-nacht-zu-freitag-in-bad-lauterberg\\\/#primaryimage\"},\"image\":{\"@id\":\"https:\\\/\\\/radioleinewelle.de\\\/index.php\\\/2022\\\/02\\\/25\\\/parkscheinautomat-gesprengt-zwei-sachbeschaedigungen-in-der-nacht-zu-freitag-in-bad-lauterberg\\\/#primaryimage\"},\"thumbnailUrl\":\"https:\\\/\\\/radioleinewelle.de\\\/wp-content\\\/uploads\\\/2021\\\/08\\\/police-2817132_640.jpg\",\"datePublished\":\"2022-02-25T04:29:35+00:00\",\"breadcrumb\":{\"@id\":\"https:\\\/\\\/radioleinewelle.de\\\/index.php\\\/2022\\\/02\\\/25\\\/parkscheinautomat-gesprengt-zwei-sachbeschaedigungen-in-der-nacht-zu-freitag-in-bad-lauterberg\\\/#breadcrumb\"},\"inLanguage\":\"de\",\"potentialAction\":[{\"@type\":\"ReadAction\",\"target\":[\"https:\\\/\\\/radioleinewelle.de\\\/index.php\\\/2022\\\/02\\\/25\\\/parkscheinautomat-gesprengt-zwei-sachbeschaedigungen-in-der-nacht-zu-freitag-in-bad-lauterberg\\\/\"]}]},{\"@type\":\"ImageObject\",\"inLanguage\":\"de\",\"@id\":\"https:\\\/\\\/radioleinewelle.de\\\/index.php\\\/2022\\\/02\\\/25\\\/parkscheinautomat-gesprengt-zwei-sachbeschaedigungen-in-der-nacht-zu-freitag-in-bad-lauterberg\\\/#primaryimage\",\"url\":\"https:\\\/\\\/radioleinewelle.de\\\/wp-content\\\/uploads\\\/2021\\\/08\\\/police-2817132_640.jpg\",\"contentUrl\":\"https:\\\/\\\/radioleinewelle.de\\\/wp-content\\\/uploads\\\/2021\\\/08\\\/police-2817132_640.jpg\",\"width\":640,\"height\":360},{\"@type\":\"BreadcrumbList\",\"@id\":\"https:\\\/\\\/radioleinewelle.de\\\/index.php\\\/2022\\\/02\\\/25\\\/parkscheinautomat-gesprengt-zwei-sachbeschaedigungen-in-der-nacht-zu-freitag-in-bad-lauterberg\\\/#breadcrumb\",\"itemListElement\":[{\"@type\":\"ListItem\",\"position\":1,\"name\":\"Startseite\",\"item\":\"https:\\\/\\\/radioleinewelle.de\\\/\"},{\"@type\":\"ListItem\",\"position\":2,\"name\":\"Parkscheinautomat gesprengt &#8211; Zwei Sachbesch\u00e4digungen in der Nacht zu Freitag in Bad Lauterberg\"}]},{\"@type\":\"WebSite\",\"@id\":\"https:\\\/\\\/radioleinewelle.de\\\/#website\",\"url\":\"https:\\\/\\\/radioleinewelle.de\\\/\",\"name\":\"Radio Leinewelle\",\"description\":\"\",\"publisher\":{\"@id\":\"https:\\\/\\\/radioleinewelle.de\\\/#organization\"},\"potentialAction\":[{\"@type\":\"SearchAction\",\"target\":{\"@type\":\"EntryPoint\",\"urlTemplate\":\"https:\\\/\\\/radioleinewelle.de\\\/?s={search_term_string}\"},\"query-input\":{\"@type\":\"PropertyValueSpecification\",\"valueRequired\":true,\"valueName\":\"search_term_string\"}}],\"inLanguage\":\"de\"},{\"@type\":\"Organization\",\"@id\":\"https:\\\/\\\/radioleinewelle.de\\\/#organization\",\"name\":\"Radio Leinewelle\",\"alternateName\":\"Mein Radio f\u00fcr S\u00fcdniedersachsen\",\"url\":\"https:\\\/\\\/radioleinewelle.de\\\/\",\"logo\":{\"@type\":\"ImageObject\",\"inLanguage\":\"de\",\"@id\":\"https:\\\/\\\/radioleinewelle.de\\\/#\\\/schema\\\/logo\\\/image\\\/\",\"url\":\"https:\\\/\\\/radioleinewelle.de\\\/wp-content\\\/uploads\\\/2023\\\/11\\\/cropped-Leinewelle_Logo_weiss.png\",\"contentUrl\":\"https:\\\/\\\/radioleinewelle.de\\\/wp-content\\\/uploads\\\/2023\\\/11\\\/cropped-Leinewelle_Logo_weiss.png\",\"width\":854,\"height\":260,\"caption\":\"Radio Leinewelle\"},\"image\":{\"@id\":\"https:\\\/\\\/radioleinewelle.de\\\/#\\\/schema\\\/logo\\\/image\\\/\"},\"sameAs\":[\"https:\\\/\\\/www.facebook.com\\\/radioleinewelle\",\"https:\\\/\\\/x.com\\\/RLeinewelle\",\"https:\\\/\\\/www.instagram.com\\\/radioleinewelle\\\/?hl=de\"]},{\"@type\":\"Person\",\"@id\":\"https:\\\/\\\/radioleinewelle.de\\\/#\\\/schema\\\/person\\\/45606f348637df637192dc1b68399a63\",\"name\":\"Leinewelle\",\"image\":{\"@type\":\"ImageObject\",\"inLanguage\":\"de\",\"@id\":\"https:\\\/\\\/secure.gravatar.com\\\/avatar\\\/05c9a17bc973052ee5d91549bd32fb4dd0dc85b7b85ae94b2e2b4943476bbea5?s=96&d=blank&r=g\",\"url\":\"https:\\\/\\\/secure.gravatar.com\\\/avatar\\\/05c9a17bc973052ee5d91549bd32fb4dd0dc85b7b85ae94b2e2b4943476bbea5?s=96&d=blank&r=g\",\"contentUrl\":\"https:\\\/\\\/secure.gravatar.com\\\/avatar\\\/05c9a17bc973052ee5d91549bd32fb4dd0dc85b7b85ae94b2e2b4943476bbea5?s=96&d=blank&r=g\",\"caption\":\"Leinewelle\"},\"sameAs\":[\"http:\\\/\\\/localhost\\\/radio%20leinewelle\\\/wordpress\",\"https:\\\/\\\/www.facebook.com\\\/radioleinewelle\",\"https:\\\/\\\/www.instagram.com\\\/radioleinewelle\",\"https:\\\/\\\/x.com\\\/https:\\\/\\\/twitter.com\\\/RLeinewelle?ref_src=twsrcgoogletwcampserptwgrauthor\",\"https:\\\/\\\/soundcloud.com\\\/foerderverein-lokalradio?utm_source=clipboard&utm_medium=text&utm_campaign=social_sharing\"],\"url\":\"https:\\\/\\\/radioleinewelle.de\\\/index.php\\\/author\\\/leinewelle\\\/\"}]}<\/script>\n<!-- \/ Yoast SEO plugin. -->","yoast_head_json":{"title":"Parkscheinautomat gesprengt - Zwei Sachbesch\u00e4digungen in der Nacht zu Freitag in Bad Lauterberg - Radio Leinewelle","robots":{"index":"index","follow":"follow","max-snippet":"max-snippet:-1","max-image-preview":"max-image-preview:large","max-video-preview":"max-video-preview:-1"},"canonical":"https:\/\/radioleinewelle.de\/index.php\/2022\/02\/25\/parkscheinautomat-gesprengt-zwei-sachbeschaedigungen-in-der-nacht-zu-freitag-in-bad-lauterberg\/","og_locale":"de_DE","og_type":"article","og_title":"Parkscheinautomat gesprengt - Zwei Sachbesch\u00e4digungen in der Nacht zu Freitag in Bad Lauterberg - Radio Leinewelle","og_description":"BAD LAUTERBERG (jk) &#8211; Auf noch unbekannte Weise haben Unbekannte in der Nacht zu Freitag (17.02.22) auf der Hauptstra\u00dfe in Bad Lauterberg (Landkreis G\u00f6ttingen) einen Parkscheinautomaten gesprengt. Das Ger\u00e4t war anschlie\u00dfend nicht mehr funktionsf\u00e4hig. An der vorhandenen Geldkassette machten sich die T\u00e4ter nicht zu schaffen. Der verursachte Sachschaden bel\u00e4uft sich auf rund 5.000 Euro. Die [&hellip;]","og_url":"https:\/\/radioleinewelle.de\/index.php\/2022\/02\/25\/parkscheinautomat-gesprengt-zwei-sachbeschaedigungen-in-der-nacht-zu-freitag-in-bad-lauterberg\/","og_site_name":"Radio Leinewelle","article_publisher":"https:\/\/www.facebook.com\/radioleinewelle","article_author":"https:\/\/www.facebook.com\/radioleinewelle","article_published_time":"2022-02-25T04:29:35+00:00","og_image":[{"width":640,"height":360,"url":"https:\/\/radioleinewelle.de\/wp-content\/uploads\/2021\/08\/police-2817132_640.jpg","type":"image\/jpeg"}],"author":"Leinewelle","twitter_card":"summary_large_image","twitter_creator":"@https:\/\/twitter.com\/RLeinewelle?ref_src=twsrcgoogletwcampserptwgrauthor","twitter_site":"@RLeinewelle","twitter_misc":{"Verfasst von":"Leinewelle","Gesch\u00e4tzte Lesezeit":"1\u00a0Minute"},"schema":{"@context":"https:\/\/schema.org","@graph":[{"@type":"Article","@id":"https:\/\/radioleinewelle.de\/index.php\/2022\/02\/25\/parkscheinautomat-gesprengt-zwei-sachbeschaedigungen-in-der-nacht-zu-freitag-in-bad-lauterberg\/#article","isPartOf":{"@id":"https:\/\/radioleinewelle.de\/index.php\/2022\/02\/25\/parkscheinautomat-gesprengt-zwei-sachbeschaedigungen-in-der-nacht-zu-freitag-in-bad-lauterberg\/"},"author":{"name":"Leinewelle","@id":"https:\/\/radioleinewelle.de\/#\/schema\/person\/45606f348637df637192dc1b68399a63"},"headline":"Parkscheinautomat gesprengt &#8211; Zwei Sachbesch\u00e4digungen in der Nacht zu Freitag in Bad Lauterberg","datePublished":"2022-02-25T04:29:35+00:00","mainEntityOfPage":{"@id":"https:\/\/radioleinewelle.de\/index.php\/2022\/02\/25\/parkscheinautomat-gesprengt-zwei-sachbeschaedigungen-in-der-nacht-zu-freitag-in-bad-lauterberg\/"},"wordCount":141,"publisher":{"@id":"https:\/\/radioleinewelle.de\/#organization"},"image":{"@id":"https:\/\/radioleinewelle.de\/index.php\/2022\/02\/25\/parkscheinautomat-gesprengt-zwei-sachbeschaedigungen-in-der-nacht-zu-freitag-in-bad-lauterberg\/#primaryimage"},"thumbnailUrl":"https:\/\/radioleinewelle.de\/wp-content\/uploads\/2021\/08\/police-2817132_640.jpg","keywords":["Bad Lauterberg","Parkscheinautomat","Polizeiinspektion G\u00f6ttingen"],"articleSection":["Aktuelle Nachrichten"],"inLanguage":"de"},{"@type":"WebPage","@id":"https:\/\/radioleinewelle.de\/index.php\/2022\/02\/25\/parkscheinautomat-gesprengt-zwei-sachbeschaedigungen-in-der-nacht-zu-freitag-in-bad-lauterberg\/","url":"https:\/\/radioleinewelle.de\/index.php\/2022\/02\/25\/parkscheinautomat-gesprengt-zwei-sachbeschaedigungen-in-der-nacht-zu-freitag-in-bad-lauterberg\/","name":"Parkscheinautomat gesprengt - Zwei Sachbesch\u00e4digungen in der Nacht zu Freitag in Bad Lauterberg - Radio Leinewelle","isPartOf":{"@id":"https:\/\/radioleinewelle.de\/#website"},"primaryImageOfPage":{"@id":"https:\/\/radioleinewelle.de\/index.php\/2022\/02\/25\/parkscheinautomat-gesprengt-zwei-sachbeschaedigungen-in-der-nacht-zu-freitag-in-bad-lauterberg\/#primaryimage"},"image":{"@id":"https:\/\/radioleinewelle.de\/index.php\/2022\/02\/25\/parkscheinautomat-gesprengt-zwei-sachbeschaedigungen-in-der-nacht-zu-freitag-in-bad-lauterberg\/#primaryimage"},"thumbnailUrl":"https:\/\/radioleinewelle.de\/wp-content\/uploads\/2021\/08\/police-2817132_640.jpg","datePublished":"2022-02-25T04:29:35+00:00","breadcrumb":{"@id":"https:\/\/radioleinewelle.de\/index.php\/2022\/02\/25\/parkscheinautomat-gesprengt-zwei-sachbeschaedigungen-in-der-nacht-zu-freitag-in-bad-lauterberg\/#breadcrumb"},"inLanguage":"de","potentialAction":[{"@type":"ReadAction","target":["https:\/\/radioleinewelle.de\/index.php\/2022\/02\/25\/parkscheinautomat-gesprengt-zwei-sachbeschaedigungen-in-der-nacht-zu-freitag-in-bad-lauterberg\/"]}]},{"@type":"ImageObject","inLanguage":"de","@id":"https:\/\/radioleinewelle.de\/index.php\/2022\/02\/25\/parkscheinautomat-gesprengt-zwei-sachbeschaedigungen-in-der-nacht-zu-freitag-in-bad-lauterberg\/#primaryimage","url":"https:\/\/radioleinewelle.de\/wp-content\/uploads\/2021\/08\/police-2817132_640.jpg","contentUrl":"https:\/\/radioleinewelle.de\/wp-content\/uploads\/2021\/08\/police-2817132_640.jpg","width":640,"height":360},{"@type":"BreadcrumbList","@id":"https:\/\/radioleinewelle.de\/index.php\/2022\/02\/25\/parkscheinautomat-gesprengt-zwei-sachbeschaedigungen-in-der-nacht-zu-freitag-in-bad-lauterberg\/#breadcrumb","itemListElement":[{"@type":"ListItem","position":1,"name":"Startseite","item":"https:\/\/radioleinewelle.de\/"},{"@type":"ListItem","position":2,"name":"Parkscheinautomat gesprengt &#8211; Zwei Sachbesch\u00e4digungen in der Nacht zu Freitag in Bad Lauterberg"}]},{"@type":"WebSite","@id":"https:\/\/radioleinewelle.de\/#website","url":"https:\/\/radioleinewelle.de\/","name":"Radio Leinewelle","description":"","publisher":{"@id":"https:\/\/radioleinewelle.de\/#organization"},"potentialAction":[{"@type":"SearchAction","target":{"@type":"EntryPoint","urlTemplate":"https:\/\/radioleinewelle.de\/?s={search_term_string}"},"query-input":{"@type":"PropertyValueSpecification","valueRequired":true,"valueName":"search_term_string"}}],"inLanguage":"de"},{"@type":"Organization","@id":"https:\/\/radioleinewelle.de\/#organization","name":"Radio Leinewelle","alternateName":"Mein Radio f\u00fcr S\u00fcdniedersachsen","url":"https:\/\/radioleinewelle.de\/","logo":{"@type":"ImageObject","inLanguage":"de","@id":"https:\/\/radioleinewelle.de\/#\/schema\/logo\/image\/","url":"https:\/\/radioleinewelle.de\/wp-content\/uploads\/2023\/11\/cropped-Leinewelle_Logo_weiss.png","contentUrl":"https:\/\/radioleinewelle.de\/wp-content\/uploads\/2023\/11\/cropped-Leinewelle_Logo_weiss.png","width":854,"height":260,"caption":"Radio Leinewelle"},"image":{"@id":"https:\/\/radioleinewelle.de\/#\/schema\/logo\/image\/"},"sameAs":["https:\/\/www.facebook.com\/radioleinewelle","https:\/\/x.com\/RLeinewelle","https:\/\/www.instagram.com\/radioleinewelle\/?hl=de"]},{"@type":"Person","@id":"https:\/\/radioleinewelle.de\/#\/schema\/person\/45606f348637df637192dc1b68399a63","name":"Leinewelle","image":{"@type":"ImageObject","inLanguage":"de","@id":"https:\/\/secure.gravatar.com\/avatar\/05c9a17bc973052ee5d91549bd32fb4dd0dc85b7b85ae94b2e2b4943476bbea5?s=96&d=blank&r=g","url":"https:\/\/secure.gravatar.com\/avatar\/05c9a17bc973052ee5d91549bd32fb4dd0dc85b7b85ae94b2e2b4943476bbea5?s=96&d=blank&r=g","contentUrl":"https:\/\/secure.gravatar.com\/avatar\/05c9a17bc973052ee5d91549bd32fb4dd0dc85b7b85ae94b2e2b4943476bbea5?s=96&d=blank&r=g","caption":"Leinewelle"},"sameAs":["http:\/\/localhost\/radio%20leinewelle\/wordpress","https:\/\/www.facebook.com\/radioleinewelle","https:\/\/www.instagram.com\/radioleinewelle","https:\/\/x.com\/https:\/\/twitter.com\/RLeinewelle?ref_src=twsrcgoogletwcampserptwgrauthor","https:\/\/soundcloud.com\/foerderverein-lokalradio?utm_source=clipboard&utm_medium=text&utm_campaign=social_sharing"],"url":"https:\/\/radioleinewelle.de\/index.php\/author\/leinewelle\/"}]}},"_links":{"self":[{"href":"https:\/\/radioleinewelle.de\/index.php\/wp-json\/wp\/v2\/posts\/13059","targetHints":{"allow":["GET"]}}],"collection":[{"href":"https:\/\/radioleinewelle.de\/index.php\/wp-json\/wp\/v2\/posts"}],"about":[{"href":"https:\/\/radioleinewelle.de\/index.php\/wp-json\/wp\/v2\/types\/post"}],"author":[{"embeddable":true,"href":"https:\/\/radioleinewelle.de\/index.php\/wp-json\/wp\/v2\/users\/1"}],"replies":[{"embeddable":true,"href":"https:\/\/radioleinewelle.de\/index.php\/wp-json\/wp\/v2\/comments?post=13059"}],"version-history":[{"count":0,"href":"https:\/\/radioleinewelle.de\/index.php\/wp-json\/wp\/v2\/posts\/13059\/revisions"}],"wp:featuredmedia":[{"embeddable":true,"href":"https:\/\/radioleinewelle.de\/index.php\/wp-json\/wp\/v2\/media\/10261"}],"wp:attachment":[{"href":"https:\/\/radioleinewelle.de\/index.php\/wp-json\/wp\/v2\/media?parent=13059"}],"wp:term":[{"taxonomy":"category","embeddable":true,"href":"https:\/\/radioleinewelle.de\/index.php\/wp-json\/wp\/v2\/categories?post=13059"},{"taxonomy":"post_tag","embeddable":true,"href":"https:\/\/radioleinewelle.de\/index.php\/wp-json\/wp\/v2\/tags?post=13059"}],"curies":[{"name":"wp","href":"https:\/\/api.w.org\/{rel}","templated":true}]}}