{"id":1309,"date":"2020-08-27T05:49:35","date_gmt":"2020-08-27T03:49:35","guid":{"rendered":"https:\/\/radioleinewelle.de\/?p=1309"},"modified":"2020-08-27T05:49:35","modified_gmt":"2020-08-27T03:49:35","slug":"linkepiratenpartei-wollen-keinen-kommerz-im-landschaftsschutzgebiet","status":"publish","type":"post","link":"https:\/\/radioleinewelle.de\/index.php\/2020\/08\/27\/linkepiratenpartei-wollen-keinen-kommerz-im-landschaftsschutzgebiet\/","title":{"rendered":"LINKE\/PIRATEN\/PARTEI+ wollen keinen Kommerz im Landschaftsschutzgebiet"},"content":{"rendered":"<p class=\"entry-title\">Die Gruppe LINKE\/PIRATEN\/PARTEI+ lehnt die bisherigen Planungen f\u00fcr einen Freizeitpark beim Gau\u00dfpark in Dransfeld ab. Auf der Kreistagssitzung am 8. Juli hatte die Gruppe eine Vorlage der Verwaltung abgelehnt, die eine Herausnahme einer 22 ha gro\u00dfen Fl\u00e4che im Bereich des Hohen Hagen aus dem Landschaftsschutzgebiet vorsieht. Diese liegt in unmittelbarer N\u00e4he eines besonders sch\u00fctzenswertes FFH-Gebietes.<br \/>\nGruppenvorsitzender Dr. Eckhard Fascher: \u201eWir unterst\u00fctzen die Haltung der Umweltverb\u00e4nde, deren Bedenken sind in den bisherigen Planungen komplett ignoriert worden. Die Ausma\u00dfe des geplanten Freizeitparks sind v\u00f6llig \u00fcberdimensioniert. Die Auswirkungen auf die Natur sind nicht absehbar und auch nicht ausreichend untersucht worden. Es fehlt bisher sowohl eine wirtschaftliche Pr\u00fcfung als auch eine Umweltvertr\u00e4glichkeitspr\u00fcfung, die der Gesetzgeber ab einer Gr\u00f6\u00dfe von 10 Hektar vorschreibt. Kommerz darf nicht Vorrang vor Erholung und Natur haben.\u201c<br \/>\nUmweltausschussmitglied Rieke Wolters erg\u00e4nzt: \u201eVern\u00fcnftig w\u00e4re es, die Planungen auf das Umfeld des Gau\u00dfturms und des Schullandheims zu beschr\u00e4nken wie es die Umweltverb\u00e4nde fordern. So w\u00e4re immer noch die Einrichtung eines Kletterparks m\u00f6glich, zumal andere Projekte des potenziellen Betreibers mit deutlich weniger Fl\u00e4che auskommen.\u201c<\/p>\n","protected":false},"excerpt":{"rendered":"<p>Die Gruppe LINKE\/PIRATEN\/PARTEI+ lehnt die bisherigen Planungen f\u00fcr einen Freizeitpark beim Gau\u00dfpark in Dransfeld ab. Auf der Kreistagssitzung am 8. Juli hatte die Gruppe eine Vorlage der Verwaltung abgelehnt, die eine Herausnahme einer 22 ha gro\u00dfen Fl\u00e4che im Bereich des Hohen Hagen aus dem Landschaftsschutzgebiet vorsieht. Diese liegt in unmittelbarer N\u00e4he eines besonders sch\u00fctzenswertes FFH-Gebietes. [&hellip;]<\/p>\n","protected":false},"author":1,"featured_media":1316,"comment_status":"closed","ping_status":"closed","sticky":false,"template":"","format":"standard","meta":{"saved_in_kubio":false,"footnotes":""},"categories":[24],"tags":[],"class_list":["post-1309","post","type-post","status-publish","format-standard","has-post-thumbnail","hentry","category-news"],"yoast_head":"<!-- This site is optimized with the Yoast SEO plugin v27.5 - https:\/\/yoast.com\/product\/yoast-seo-wordpress\/ -->\n<title>LINKE\/PIRATEN\/PARTEI+ wollen keinen Kommerz im Landschaftsschutzgebiet - Radio Leinewelle<\/title>\n<meta name=\"robots\" content=\"index, follow, max-snippet:-1, max-image-preview:large, max-video-preview:-1\" \/>\n<link rel=\"canonical\" href=\"https:\/\/radioleinewelle.de\/index.php\/2020\/08\/27\/linkepiratenpartei-wollen-keinen-kommerz-im-landschaftsschutzgebiet\/\" \/>\n<meta property=\"og:locale\" content=\"de_DE\" \/>\n<meta property=\"og:type\" content=\"article\" \/>\n<meta property=\"og:title\" content=\"LINKE\/PIRATEN\/PARTEI+ wollen keinen Kommerz im Landschaftsschutzgebiet - Radio Leinewelle\" \/>\n<meta property=\"og:description\" content=\"Die Gruppe LINKE\/PIRATEN\/PARTEI+ lehnt die bisherigen Planungen f\u00fcr einen Freizeitpark beim Gau\u00dfpark in Dransfeld ab. Auf der Kreistagssitzung am 8. Juli hatte die Gruppe eine Vorlage der Verwaltung abgelehnt, die eine Herausnahme einer 22 ha gro\u00dfen Fl\u00e4che im Bereich des Hohen Hagen aus dem Landschaftsschutzgebiet vorsieht. Diese liegt in unmittelbarer N\u00e4he eines besonders sch\u00fctzenswertes FFH-Gebietes. [&hellip;]\" \/>\n<meta property=\"og:url\" content=\"https:\/\/radioleinewelle.de\/index.php\/2020\/08\/27\/linkepiratenpartei-wollen-keinen-kommerz-im-landschaftsschutzgebiet\/\" \/>\n<meta property=\"og:site_name\" content=\"Radio Leinewelle\" \/>\n<meta property=\"article:publisher\" content=\"https:\/\/www.facebook.com\/radioleinewelle\" \/>\n<meta property=\"article:author\" content=\"https:\/\/www.facebook.com\/radioleinewelle\" \/>\n<meta property=\"article:published_time\" content=\"2020-08-27T03:49:35+00:00\" \/>\n<meta property=\"og:image\" content=\"https:\/\/radioleinewelle.de\/wp-content\/uploads\/2020\/08\/Blick-vom-Gaussturm-e1598469190410.jpg\" \/>\n\t<meta property=\"og:image:width\" content=\"300\" \/>\n\t<meta property=\"og:image:height\" content=\"169\" \/>\n\t<meta property=\"og:image:type\" content=\"image\/jpeg\" \/>\n<meta name=\"author\" content=\"Leinewelle\" \/>\n<meta name=\"twitter:card\" content=\"summary_large_image\" \/>\n<meta name=\"twitter:creator\" content=\"@https:\/\/twitter.com\/RLeinewelle?ref_src=twsrcgoogletwcampserptwgrauthor\" \/>\n<meta name=\"twitter:site\" content=\"@RLeinewelle\" \/>\n<meta name=\"twitter:label1\" content=\"Verfasst von\" \/>\n\t<meta name=\"twitter:data1\" content=\"Leinewelle\" \/>\n\t<meta name=\"twitter:label2\" content=\"Gesch\u00e4tzte Lesezeit\" \/>\n\t<meta name=\"twitter:data2\" content=\"1\u00a0Minute\" \/>\n<script type=\"application\/ld+json\" class=\"yoast-schema-graph\">{\"@context\":\"https:\\\/\\\/schema.org\",\"@graph\":[{\"@type\":\"Article\",\"@id\":\"https:\\\/\\\/radioleinewelle.de\\\/index.php\\\/2020\\\/08\\\/27\\\/linkepiratenpartei-wollen-keinen-kommerz-im-landschaftsschutzgebiet\\\/#article\",\"isPartOf\":{\"@id\":\"https:\\\/\\\/radioleinewelle.de\\\/index.php\\\/2020\\\/08\\\/27\\\/linkepiratenpartei-wollen-keinen-kommerz-im-landschaftsschutzgebiet\\\/\"},\"author\":{\"name\":\"Leinewelle\",\"@id\":\"https:\\\/\\\/radioleinewelle.de\\\/#\\\/schema\\\/person\\\/45606f348637df637192dc1b68399a63\"},\"headline\":\"LINKE\\\/PIRATEN\\\/PARTEI+ wollen keinen Kommerz im Landschaftsschutzgebiet\",\"datePublished\":\"2020-08-27T03:49:35+00:00\",\"mainEntityOfPage\":{\"@id\":\"https:\\\/\\\/radioleinewelle.de\\\/index.php\\\/2020\\\/08\\\/27\\\/linkepiratenpartei-wollen-keinen-kommerz-im-landschaftsschutzgebiet\\\/\"},\"wordCount\":201,\"publisher\":{\"@id\":\"https:\\\/\\\/radioleinewelle.de\\\/#organization\"},\"image\":{\"@id\":\"https:\\\/\\\/radioleinewelle.de\\\/index.php\\\/2020\\\/08\\\/27\\\/linkepiratenpartei-wollen-keinen-kommerz-im-landschaftsschutzgebiet\\\/#primaryimage\"},\"thumbnailUrl\":\"https:\\\/\\\/radioleinewelle.de\\\/wp-content\\\/uploads\\\/2020\\\/08\\\/Blick-vom-Gaussturm-e1598469190410.jpg\",\"articleSection\":[\"Aktuelle Nachrichten\"],\"inLanguage\":\"de\"},{\"@type\":\"WebPage\",\"@id\":\"https:\\\/\\\/radioleinewelle.de\\\/index.php\\\/2020\\\/08\\\/27\\\/linkepiratenpartei-wollen-keinen-kommerz-im-landschaftsschutzgebiet\\\/\",\"url\":\"https:\\\/\\\/radioleinewelle.de\\\/index.php\\\/2020\\\/08\\\/27\\\/linkepiratenpartei-wollen-keinen-kommerz-im-landschaftsschutzgebiet\\\/\",\"name\":\"LINKE\\\/PIRATEN\\\/PARTEI+ wollen keinen Kommerz im Landschaftsschutzgebiet - Radio Leinewelle\",\"isPartOf\":{\"@id\":\"https:\\\/\\\/radioleinewelle.de\\\/#website\"},\"primaryImageOfPage\":{\"@id\":\"https:\\\/\\\/radioleinewelle.de\\\/index.php\\\/2020\\\/08\\\/27\\\/linkepiratenpartei-wollen-keinen-kommerz-im-landschaftsschutzgebiet\\\/#primaryimage\"},\"image\":{\"@id\":\"https:\\\/\\\/radioleinewelle.de\\\/index.php\\\/2020\\\/08\\\/27\\\/linkepiratenpartei-wollen-keinen-kommerz-im-landschaftsschutzgebiet\\\/#primaryimage\"},\"thumbnailUrl\":\"https:\\\/\\\/radioleinewelle.de\\\/wp-content\\\/uploads\\\/2020\\\/08\\\/Blick-vom-Gaussturm-e1598469190410.jpg\",\"datePublished\":\"2020-08-27T03:49:35+00:00\",\"breadcrumb\":{\"@id\":\"https:\\\/\\\/radioleinewelle.de\\\/index.php\\\/2020\\\/08\\\/27\\\/linkepiratenpartei-wollen-keinen-kommerz-im-landschaftsschutzgebiet\\\/#breadcrumb\"},\"inLanguage\":\"de\",\"potentialAction\":[{\"@type\":\"ReadAction\",\"target\":[\"https:\\\/\\\/radioleinewelle.de\\\/index.php\\\/2020\\\/08\\\/27\\\/linkepiratenpartei-wollen-keinen-kommerz-im-landschaftsschutzgebiet\\\/\"]}]},{\"@type\":\"ImageObject\",\"inLanguage\":\"de\",\"@id\":\"https:\\\/\\\/radioleinewelle.de\\\/index.php\\\/2020\\\/08\\\/27\\\/linkepiratenpartei-wollen-keinen-kommerz-im-landschaftsschutzgebiet\\\/#primaryimage\",\"url\":\"https:\\\/\\\/radioleinewelle.de\\\/wp-content\\\/uploads\\\/2020\\\/08\\\/Blick-vom-Gaussturm-e1598469190410.jpg\",\"contentUrl\":\"https:\\\/\\\/radioleinewelle.de\\\/wp-content\\\/uploads\\\/2020\\\/08\\\/Blick-vom-Gaussturm-e1598469190410.jpg\",\"width\":300,\"height\":169},{\"@type\":\"BreadcrumbList\",\"@id\":\"https:\\\/\\\/radioleinewelle.de\\\/index.php\\\/2020\\\/08\\\/27\\\/linkepiratenpartei-wollen-keinen-kommerz-im-landschaftsschutzgebiet\\\/#breadcrumb\",\"itemListElement\":[{\"@type\":\"ListItem\",\"position\":1,\"name\":\"Startseite\",\"item\":\"https:\\\/\\\/radioleinewelle.de\\\/\"},{\"@type\":\"ListItem\",\"position\":2,\"name\":\"LINKE\\\/PIRATEN\\\/PARTEI+ wollen keinen Kommerz im Landschaftsschutzgebiet\"}]},{\"@type\":\"WebSite\",\"@id\":\"https:\\\/\\\/radioleinewelle.de\\\/#website\",\"url\":\"https:\\\/\\\/radioleinewelle.de\\\/\",\"name\":\"Radio Leinewelle\",\"description\":\"\",\"publisher\":{\"@id\":\"https:\\\/\\\/radioleinewelle.de\\\/#organization\"},\"potentialAction\":[{\"@type\":\"SearchAction\",\"target\":{\"@type\":\"EntryPoint\",\"urlTemplate\":\"https:\\\/\\\/radioleinewelle.de\\\/?s={search_term_string}\"},\"query-input\":{\"@type\":\"PropertyValueSpecification\",\"valueRequired\":true,\"valueName\":\"search_term_string\"}}],\"inLanguage\":\"de\"},{\"@type\":\"Organization\",\"@id\":\"https:\\\/\\\/radioleinewelle.de\\\/#organization\",\"name\":\"Radio Leinewelle\",\"alternateName\":\"Mein Radio f\u00fcr S\u00fcdniedersachsen\",\"url\":\"https:\\\/\\\/radioleinewelle.de\\\/\",\"logo\":{\"@type\":\"ImageObject\",\"inLanguage\":\"de\",\"@id\":\"https:\\\/\\\/radioleinewelle.de\\\/#\\\/schema\\\/logo\\\/image\\\/\",\"url\":\"https:\\\/\\\/radioleinewelle.de\\\/wp-content\\\/uploads\\\/2023\\\/11\\\/cropped-Leinewelle_Logo_weiss.png\",\"contentUrl\":\"https:\\\/\\\/radioleinewelle.de\\\/wp-content\\\/uploads\\\/2023\\\/11\\\/cropped-Leinewelle_Logo_weiss.png\",\"width\":854,\"height\":260,\"caption\":\"Radio Leinewelle\"},\"image\":{\"@id\":\"https:\\\/\\\/radioleinewelle.de\\\/#\\\/schema\\\/logo\\\/image\\\/\"},\"sameAs\":[\"https:\\\/\\\/www.facebook.com\\\/radioleinewelle\",\"https:\\\/\\\/x.com\\\/RLeinewelle\",\"https:\\\/\\\/www.instagram.com\\\/radioleinewelle\\\/?hl=de\"]},{\"@type\":\"Person\",\"@id\":\"https:\\\/\\\/radioleinewelle.de\\\/#\\\/schema\\\/person\\\/45606f348637df637192dc1b68399a63\",\"name\":\"Leinewelle\",\"image\":{\"@type\":\"ImageObject\",\"inLanguage\":\"de\",\"@id\":\"https:\\\/\\\/secure.gravatar.com\\\/avatar\\\/05c9a17bc973052ee5d91549bd32fb4dd0dc85b7b85ae94b2e2b4943476bbea5?s=96&d=blank&r=g\",\"url\":\"https:\\\/\\\/secure.gravatar.com\\\/avatar\\\/05c9a17bc973052ee5d91549bd32fb4dd0dc85b7b85ae94b2e2b4943476bbea5?s=96&d=blank&r=g\",\"contentUrl\":\"https:\\\/\\\/secure.gravatar.com\\\/avatar\\\/05c9a17bc973052ee5d91549bd32fb4dd0dc85b7b85ae94b2e2b4943476bbea5?s=96&d=blank&r=g\",\"caption\":\"Leinewelle\"},\"sameAs\":[\"http:\\\/\\\/localhost\\\/radio%20leinewelle\\\/wordpress\",\"https:\\\/\\\/www.facebook.com\\\/radioleinewelle\",\"https:\\\/\\\/www.instagram.com\\\/radioleinewelle\",\"https:\\\/\\\/x.com\\\/https:\\\/\\\/twitter.com\\\/RLeinewelle?ref_src=twsrcgoogletwcampserptwgrauthor\",\"https:\\\/\\\/soundcloud.com\\\/foerderverein-lokalradio?utm_source=clipboard&utm_medium=text&utm_campaign=social_sharing\"],\"url\":\"https:\\\/\\\/radioleinewelle.de\\\/index.php\\\/author\\\/leinewelle\\\/\"}]}<\/script>\n<!-- \/ Yoast SEO plugin. -->","yoast_head_json":{"title":"LINKE\/PIRATEN\/PARTEI+ wollen keinen Kommerz im Landschaftsschutzgebiet - Radio Leinewelle","robots":{"index":"index","follow":"follow","max-snippet":"max-snippet:-1","max-image-preview":"max-image-preview:large","max-video-preview":"max-video-preview:-1"},"canonical":"https:\/\/radioleinewelle.de\/index.php\/2020\/08\/27\/linkepiratenpartei-wollen-keinen-kommerz-im-landschaftsschutzgebiet\/","og_locale":"de_DE","og_type":"article","og_title":"LINKE\/PIRATEN\/PARTEI+ wollen keinen Kommerz im Landschaftsschutzgebiet - Radio Leinewelle","og_description":"Die Gruppe LINKE\/PIRATEN\/PARTEI+ lehnt die bisherigen Planungen f\u00fcr einen Freizeitpark beim Gau\u00dfpark in Dransfeld ab. Auf der Kreistagssitzung am 8. Juli hatte die Gruppe eine Vorlage der Verwaltung abgelehnt, die eine Herausnahme einer 22 ha gro\u00dfen Fl\u00e4che im Bereich des Hohen Hagen aus dem Landschaftsschutzgebiet vorsieht. Diese liegt in unmittelbarer N\u00e4he eines besonders sch\u00fctzenswertes FFH-Gebietes. [&hellip;]","og_url":"https:\/\/radioleinewelle.de\/index.php\/2020\/08\/27\/linkepiratenpartei-wollen-keinen-kommerz-im-landschaftsschutzgebiet\/","og_site_name":"Radio Leinewelle","article_publisher":"https:\/\/www.facebook.com\/radioleinewelle","article_author":"https:\/\/www.facebook.com\/radioleinewelle","article_published_time":"2020-08-27T03:49:35+00:00","og_image":[{"width":300,"height":169,"url":"https:\/\/radioleinewelle.de\/wp-content\/uploads\/2020\/08\/Blick-vom-Gaussturm-e1598469190410.jpg","type":"image\/jpeg"}],"author":"Leinewelle","twitter_card":"summary_large_image","twitter_creator":"@https:\/\/twitter.com\/RLeinewelle?ref_src=twsrcgoogletwcampserptwgrauthor","twitter_site":"@RLeinewelle","twitter_misc":{"Verfasst von":"Leinewelle","Gesch\u00e4tzte Lesezeit":"1\u00a0Minute"},"schema":{"@context":"https:\/\/schema.org","@graph":[{"@type":"Article","@id":"https:\/\/radioleinewelle.de\/index.php\/2020\/08\/27\/linkepiratenpartei-wollen-keinen-kommerz-im-landschaftsschutzgebiet\/#article","isPartOf":{"@id":"https:\/\/radioleinewelle.de\/index.php\/2020\/08\/27\/linkepiratenpartei-wollen-keinen-kommerz-im-landschaftsschutzgebiet\/"},"author":{"name":"Leinewelle","@id":"https:\/\/radioleinewelle.de\/#\/schema\/person\/45606f348637df637192dc1b68399a63"},"headline":"LINKE\/PIRATEN\/PARTEI+ wollen keinen Kommerz im Landschaftsschutzgebiet","datePublished":"2020-08-27T03:49:35+00:00","mainEntityOfPage":{"@id":"https:\/\/radioleinewelle.de\/index.php\/2020\/08\/27\/linkepiratenpartei-wollen-keinen-kommerz-im-landschaftsschutzgebiet\/"},"wordCount":201,"publisher":{"@id":"https:\/\/radioleinewelle.de\/#organization"},"image":{"@id":"https:\/\/radioleinewelle.de\/index.php\/2020\/08\/27\/linkepiratenpartei-wollen-keinen-kommerz-im-landschaftsschutzgebiet\/#primaryimage"},"thumbnailUrl":"https:\/\/radioleinewelle.de\/wp-content\/uploads\/2020\/08\/Blick-vom-Gaussturm-e1598469190410.jpg","articleSection":["Aktuelle Nachrichten"],"inLanguage":"de"},{"@type":"WebPage","@id":"https:\/\/radioleinewelle.de\/index.php\/2020\/08\/27\/linkepiratenpartei-wollen-keinen-kommerz-im-landschaftsschutzgebiet\/","url":"https:\/\/radioleinewelle.de\/index.php\/2020\/08\/27\/linkepiratenpartei-wollen-keinen-kommerz-im-landschaftsschutzgebiet\/","name":"LINKE\/PIRATEN\/PARTEI+ wollen keinen Kommerz im Landschaftsschutzgebiet - Radio Leinewelle","isPartOf":{"@id":"https:\/\/radioleinewelle.de\/#website"},"primaryImageOfPage":{"@id":"https:\/\/radioleinewelle.de\/index.php\/2020\/08\/27\/linkepiratenpartei-wollen-keinen-kommerz-im-landschaftsschutzgebiet\/#primaryimage"},"image":{"@id":"https:\/\/radioleinewelle.de\/index.php\/2020\/08\/27\/linkepiratenpartei-wollen-keinen-kommerz-im-landschaftsschutzgebiet\/#primaryimage"},"thumbnailUrl":"https:\/\/radioleinewelle.de\/wp-content\/uploads\/2020\/08\/Blick-vom-Gaussturm-e1598469190410.jpg","datePublished":"2020-08-27T03:49:35+00:00","breadcrumb":{"@id":"https:\/\/radioleinewelle.de\/index.php\/2020\/08\/27\/linkepiratenpartei-wollen-keinen-kommerz-im-landschaftsschutzgebiet\/#breadcrumb"},"inLanguage":"de","potentialAction":[{"@type":"ReadAction","target":["https:\/\/radioleinewelle.de\/index.php\/2020\/08\/27\/linkepiratenpartei-wollen-keinen-kommerz-im-landschaftsschutzgebiet\/"]}]},{"@type":"ImageObject","inLanguage":"de","@id":"https:\/\/radioleinewelle.de\/index.php\/2020\/08\/27\/linkepiratenpartei-wollen-keinen-kommerz-im-landschaftsschutzgebiet\/#primaryimage","url":"https:\/\/radioleinewelle.de\/wp-content\/uploads\/2020\/08\/Blick-vom-Gaussturm-e1598469190410.jpg","contentUrl":"https:\/\/radioleinewelle.de\/wp-content\/uploads\/2020\/08\/Blick-vom-Gaussturm-e1598469190410.jpg","width":300,"height":169},{"@type":"BreadcrumbList","@id":"https:\/\/radioleinewelle.de\/index.php\/2020\/08\/27\/linkepiratenpartei-wollen-keinen-kommerz-im-landschaftsschutzgebiet\/#breadcrumb","itemListElement":[{"@type":"ListItem","position":1,"name":"Startseite","item":"https:\/\/radioleinewelle.de\/"},{"@type":"ListItem","position":2,"name":"LINKE\/PIRATEN\/PARTEI+ wollen keinen Kommerz im Landschaftsschutzgebiet"}]},{"@type":"WebSite","@id":"https:\/\/radioleinewelle.de\/#website","url":"https:\/\/radioleinewelle.de\/","name":"Radio Leinewelle","description":"","publisher":{"@id":"https:\/\/radioleinewelle.de\/#organization"},"potentialAction":[{"@type":"SearchAction","target":{"@type":"EntryPoint","urlTemplate":"https:\/\/radioleinewelle.de\/?s={search_term_string}"},"query-input":{"@type":"PropertyValueSpecification","valueRequired":true,"valueName":"search_term_string"}}],"inLanguage":"de"},{"@type":"Organization","@id":"https:\/\/radioleinewelle.de\/#organization","name":"Radio Leinewelle","alternateName":"Mein Radio f\u00fcr S\u00fcdniedersachsen","url":"https:\/\/radioleinewelle.de\/","logo":{"@type":"ImageObject","inLanguage":"de","@id":"https:\/\/radioleinewelle.de\/#\/schema\/logo\/image\/","url":"https:\/\/radioleinewelle.de\/wp-content\/uploads\/2023\/11\/cropped-Leinewelle_Logo_weiss.png","contentUrl":"https:\/\/radioleinewelle.de\/wp-content\/uploads\/2023\/11\/cropped-Leinewelle_Logo_weiss.png","width":854,"height":260,"caption":"Radio Leinewelle"},"image":{"@id":"https:\/\/radioleinewelle.de\/#\/schema\/logo\/image\/"},"sameAs":["https:\/\/www.facebook.com\/radioleinewelle","https:\/\/x.com\/RLeinewelle","https:\/\/www.instagram.com\/radioleinewelle\/?hl=de"]},{"@type":"Person","@id":"https:\/\/radioleinewelle.de\/#\/schema\/person\/45606f348637df637192dc1b68399a63","name":"Leinewelle","image":{"@type":"ImageObject","inLanguage":"de","@id":"https:\/\/secure.gravatar.com\/avatar\/05c9a17bc973052ee5d91549bd32fb4dd0dc85b7b85ae94b2e2b4943476bbea5?s=96&d=blank&r=g","url":"https:\/\/secure.gravatar.com\/avatar\/05c9a17bc973052ee5d91549bd32fb4dd0dc85b7b85ae94b2e2b4943476bbea5?s=96&d=blank&r=g","contentUrl":"https:\/\/secure.gravatar.com\/avatar\/05c9a17bc973052ee5d91549bd32fb4dd0dc85b7b85ae94b2e2b4943476bbea5?s=96&d=blank&r=g","caption":"Leinewelle"},"sameAs":["http:\/\/localhost\/radio%20leinewelle\/wordpress","https:\/\/www.facebook.com\/radioleinewelle","https:\/\/www.instagram.com\/radioleinewelle","https:\/\/x.com\/https:\/\/twitter.com\/RLeinewelle?ref_src=twsrcgoogletwcampserptwgrauthor","https:\/\/soundcloud.com\/foerderverein-lokalradio?utm_source=clipboard&utm_medium=text&utm_campaign=social_sharing"],"url":"https:\/\/radioleinewelle.de\/index.php\/author\/leinewelle\/"}]}},"_links":{"self":[{"href":"https:\/\/radioleinewelle.de\/index.php\/wp-json\/wp\/v2\/posts\/1309","targetHints":{"allow":["GET"]}}],"collection":[{"href":"https:\/\/radioleinewelle.de\/index.php\/wp-json\/wp\/v2\/posts"}],"about":[{"href":"https:\/\/radioleinewelle.de\/index.php\/wp-json\/wp\/v2\/types\/post"}],"author":[{"embeddable":true,"href":"https:\/\/radioleinewelle.de\/index.php\/wp-json\/wp\/v2\/users\/1"}],"replies":[{"embeddable":true,"href":"https:\/\/radioleinewelle.de\/index.php\/wp-json\/wp\/v2\/comments?post=1309"}],"version-history":[{"count":0,"href":"https:\/\/radioleinewelle.de\/index.php\/wp-json\/wp\/v2\/posts\/1309\/revisions"}],"wp:featuredmedia":[{"embeddable":true,"href":"https:\/\/radioleinewelle.de\/index.php\/wp-json\/wp\/v2\/media\/1316"}],"wp:attachment":[{"href":"https:\/\/radioleinewelle.de\/index.php\/wp-json\/wp\/v2\/media?parent=1309"}],"wp:term":[{"taxonomy":"category","embeddable":true,"href":"https:\/\/radioleinewelle.de\/index.php\/wp-json\/wp\/v2\/categories?post=1309"},{"taxonomy":"post_tag","embeddable":true,"href":"https:\/\/radioleinewelle.de\/index.php\/wp-json\/wp\/v2\/tags?post=1309"}],"curies":[{"name":"wp","href":"https:\/\/api.w.org\/{rel}","templated":true}]}}