{"id":13097,"date":"2022-02-28T05:29:26","date_gmt":"2022-02-28T04:29:26","guid":{"rendered":"https:\/\/radioleinewelle.de\/?p=13097"},"modified":"2022-02-28T05:29:26","modified_gmt":"2022-02-28T04:29:26","slug":"schlaegereien-in-goettingen-und-bad-grund","status":"publish","type":"post","link":"https:\/\/radioleinewelle.de\/index.php\/2022\/02\/28\/schlaegereien-in-goettingen-und-bad-grund\/","title":{"rendered":"Schl\u00e4gereien in G\u00f6ttingen und Bad Grund"},"content":{"rendered":"\n<p>In G\u00f6ttingen und in Bad Grund ist es am Wochenende zu Schl\u00e4gereien mit mehreren Verletzten gekommen. Dazu teilt die Polizei folgendes mit:<\/p>\n\n\n\n<p>Bei einer k\u00f6rperlichen Auseinandersetzung vor dem Auditorium a<strong>m Weender Tor in G\u00f6ttingen<\/strong> ist am Samstag ) gegen 18.20 Uhr ein Heranwachsender schwer im Gesicht verletzt worden. Der 18-j\u00e4hrige G\u00f6ttinger wurde mit dem Rettungswagen in eine Klinik gebracht.<\/p>\n\n\n\n<p>Die Ermittlungen zum Motiv sowie zum genauen Tathergang dauern an. Unbekannt ist bislang auch, wie viele Personen genau in die Auseinandersetzung verwickelt waren. Die Polizei bittet Zeugen, sich unter Telefon 0551\/491-2115 zu melden<\/p>\n\n\n\n<p><strong>In Bad Grund (Landkreis G\u00f6ttingen)<\/strong> ist am Samstagabend (26.02.22) ein Streit zwischen mehreren Beteiligten eskaliert. In der Folge wurde ein 21-J\u00e4hriger mutma\u00dflich mit einem spitzen Gegenstand angegriffen und schwer verletzt. Zwei weitere Personen erlitten leichte Verletzungen. Alle wurden in umliegende Kliniken eingeliefert.<\/p>\n\n\n\n<p>Die Hintergr\u00fcnde der Auseinandersetzung sind bislang unklar. Die Polizei Osterode konnte noch in der Nacht im Rahmen der sofort eingeleiteten, intensiven Ermittlungen zwei 18 und 20 Jahre alte mutma\u00dfliche Tatverd\u00e4chtige aus dem Altkreis Osterode ergreifen und festnehmen.<\/p>\n","protected":false},"excerpt":{"rendered":"<p>In G\u00f6ttingen und in Bad Grund ist es am Wochenende zu Schl\u00e4gereien mit mehreren Verletzten gekommen. Dazu teilt die Polizei folgendes mit: Bei einer k\u00f6rperlichen Auseinandersetzung vor dem Auditorium am Weender Tor in G\u00f6ttingen ist am Samstag ) gegen 18.20 Uhr ein Heranwachsender schwer im Gesicht verletzt worden. Der 18-j\u00e4hrige G\u00f6ttinger wurde mit dem Rettungswagen [&hellip;]<\/p>\n","protected":false},"author":1,"featured_media":10261,"comment_status":"closed","ping_status":"closed","sticky":false,"template":"","format":"standard","meta":{"saved_in_kubio":false,"footnotes":""},"categories":[24],"tags":[349,2938],"class_list":["post-13097","post","type-post","status-publish","format-standard","has-post-thumbnail","hentry","category-news","tag-polizeiinspektion-goettingen","tag-schlaegereien-in-goettingen-und-bad-grund"],"yoast_head":"<!-- This site is optimized with the Yoast SEO plugin v27.5 - https:\/\/yoast.com\/product\/yoast-seo-wordpress\/ -->\n<title>Schl\u00e4gereien in G\u00f6ttingen und Bad Grund - Radio Leinewelle<\/title>\n<meta name=\"robots\" content=\"index, follow, max-snippet:-1, max-image-preview:large, max-video-preview:-1\" \/>\n<link rel=\"canonical\" href=\"https:\/\/radioleinewelle.de\/index.php\/2022\/02\/28\/schlaegereien-in-goettingen-und-bad-grund\/\" \/>\n<meta property=\"og:locale\" content=\"de_DE\" \/>\n<meta property=\"og:type\" content=\"article\" \/>\n<meta property=\"og:title\" content=\"Schl\u00e4gereien in G\u00f6ttingen und Bad Grund - Radio Leinewelle\" \/>\n<meta property=\"og:description\" content=\"In G\u00f6ttingen und in Bad Grund ist es am Wochenende zu Schl\u00e4gereien mit mehreren Verletzten gekommen. Dazu teilt die Polizei folgendes mit: Bei einer k\u00f6rperlichen Auseinandersetzung vor dem Auditorium am Weender Tor in G\u00f6ttingen ist am Samstag ) gegen 18.20 Uhr ein Heranwachsender schwer im Gesicht verletzt worden. Der 18-j\u00e4hrige G\u00f6ttinger wurde mit dem Rettungswagen [&hellip;]\" \/>\n<meta property=\"og:url\" content=\"https:\/\/radioleinewelle.de\/index.php\/2022\/02\/28\/schlaegereien-in-goettingen-und-bad-grund\/\" \/>\n<meta property=\"og:site_name\" content=\"Radio Leinewelle\" \/>\n<meta property=\"article:publisher\" content=\"https:\/\/www.facebook.com\/radioleinewelle\" \/>\n<meta property=\"article:author\" content=\"https:\/\/www.facebook.com\/radioleinewelle\" \/>\n<meta property=\"article:published_time\" content=\"2022-02-28T04:29:26+00:00\" \/>\n<meta property=\"og:image\" content=\"https:\/\/radioleinewelle.de\/wp-content\/uploads\/2021\/08\/police-2817132_640.jpg\" \/>\n\t<meta property=\"og:image:width\" content=\"640\" \/>\n\t<meta property=\"og:image:height\" content=\"360\" \/>\n\t<meta property=\"og:image:type\" content=\"image\/jpeg\" \/>\n<meta name=\"author\" content=\"Leinewelle\" \/>\n<meta name=\"twitter:card\" content=\"summary_large_image\" \/>\n<meta name=\"twitter:creator\" content=\"@https:\/\/twitter.com\/RLeinewelle?ref_src=twsrcgoogletwcampserptwgrauthor\" \/>\n<meta name=\"twitter:site\" content=\"@RLeinewelle\" \/>\n<meta name=\"twitter:label1\" content=\"Verfasst von\" \/>\n\t<meta name=\"twitter:data1\" content=\"Leinewelle\" \/>\n\t<meta name=\"twitter:label2\" content=\"Gesch\u00e4tzte Lesezeit\" \/>\n\t<meta name=\"twitter:data2\" content=\"1\u00a0Minute\" \/>\n<script type=\"application\/ld+json\" class=\"yoast-schema-graph\">{\"@context\":\"https:\\\/\\\/schema.org\",\"@graph\":[{\"@type\":\"Article\",\"@id\":\"https:\\\/\\\/radioleinewelle.de\\\/index.php\\\/2022\\\/02\\\/28\\\/schlaegereien-in-goettingen-und-bad-grund\\\/#article\",\"isPartOf\":{\"@id\":\"https:\\\/\\\/radioleinewelle.de\\\/index.php\\\/2022\\\/02\\\/28\\\/schlaegereien-in-goettingen-und-bad-grund\\\/\"},\"author\":{\"name\":\"Leinewelle\",\"@id\":\"https:\\\/\\\/radioleinewelle.de\\\/#\\\/schema\\\/person\\\/45606f348637df637192dc1b68399a63\"},\"headline\":\"Schl\u00e4gereien in G\u00f6ttingen und Bad Grund\",\"datePublished\":\"2022-02-28T04:29:26+00:00\",\"mainEntityOfPage\":{\"@id\":\"https:\\\/\\\/radioleinewelle.de\\\/index.php\\\/2022\\\/02\\\/28\\\/schlaegereien-in-goettingen-und-bad-grund\\\/\"},\"wordCount\":186,\"publisher\":{\"@id\":\"https:\\\/\\\/radioleinewelle.de\\\/#organization\"},\"image\":{\"@id\":\"https:\\\/\\\/radioleinewelle.de\\\/index.php\\\/2022\\\/02\\\/28\\\/schlaegereien-in-goettingen-und-bad-grund\\\/#primaryimage\"},\"thumbnailUrl\":\"https:\\\/\\\/radioleinewelle.de\\\/wp-content\\\/uploads\\\/2021\\\/08\\\/police-2817132_640.jpg\",\"keywords\":[\"Polizeiinspektion G\u00f6ttingen\",\"Schl\u00e4gereien in G\u00f6ttingen und Bad Grund\"],\"articleSection\":[\"Aktuelle Nachrichten\"],\"inLanguage\":\"de\"},{\"@type\":\"WebPage\",\"@id\":\"https:\\\/\\\/radioleinewelle.de\\\/index.php\\\/2022\\\/02\\\/28\\\/schlaegereien-in-goettingen-und-bad-grund\\\/\",\"url\":\"https:\\\/\\\/radioleinewelle.de\\\/index.php\\\/2022\\\/02\\\/28\\\/schlaegereien-in-goettingen-und-bad-grund\\\/\",\"name\":\"Schl\u00e4gereien in G\u00f6ttingen und Bad Grund - Radio Leinewelle\",\"isPartOf\":{\"@id\":\"https:\\\/\\\/radioleinewelle.de\\\/#website\"},\"primaryImageOfPage\":{\"@id\":\"https:\\\/\\\/radioleinewelle.de\\\/index.php\\\/2022\\\/02\\\/28\\\/schlaegereien-in-goettingen-und-bad-grund\\\/#primaryimage\"},\"image\":{\"@id\":\"https:\\\/\\\/radioleinewelle.de\\\/index.php\\\/2022\\\/02\\\/28\\\/schlaegereien-in-goettingen-und-bad-grund\\\/#primaryimage\"},\"thumbnailUrl\":\"https:\\\/\\\/radioleinewelle.de\\\/wp-content\\\/uploads\\\/2021\\\/08\\\/police-2817132_640.jpg\",\"datePublished\":\"2022-02-28T04:29:26+00:00\",\"breadcrumb\":{\"@id\":\"https:\\\/\\\/radioleinewelle.de\\\/index.php\\\/2022\\\/02\\\/28\\\/schlaegereien-in-goettingen-und-bad-grund\\\/#breadcrumb\"},\"inLanguage\":\"de\",\"potentialAction\":[{\"@type\":\"ReadAction\",\"target\":[\"https:\\\/\\\/radioleinewelle.de\\\/index.php\\\/2022\\\/02\\\/28\\\/schlaegereien-in-goettingen-und-bad-grund\\\/\"]}]},{\"@type\":\"ImageObject\",\"inLanguage\":\"de\",\"@id\":\"https:\\\/\\\/radioleinewelle.de\\\/index.php\\\/2022\\\/02\\\/28\\\/schlaegereien-in-goettingen-und-bad-grund\\\/#primaryimage\",\"url\":\"https:\\\/\\\/radioleinewelle.de\\\/wp-content\\\/uploads\\\/2021\\\/08\\\/police-2817132_640.jpg\",\"contentUrl\":\"https:\\\/\\\/radioleinewelle.de\\\/wp-content\\\/uploads\\\/2021\\\/08\\\/police-2817132_640.jpg\",\"width\":640,\"height\":360},{\"@type\":\"BreadcrumbList\",\"@id\":\"https:\\\/\\\/radioleinewelle.de\\\/index.php\\\/2022\\\/02\\\/28\\\/schlaegereien-in-goettingen-und-bad-grund\\\/#breadcrumb\",\"itemListElement\":[{\"@type\":\"ListItem\",\"position\":1,\"name\":\"Startseite\",\"item\":\"https:\\\/\\\/radioleinewelle.de\\\/\"},{\"@type\":\"ListItem\",\"position\":2,\"name\":\"Schl\u00e4gereien in G\u00f6ttingen und Bad Grund\"}]},{\"@type\":\"WebSite\",\"@id\":\"https:\\\/\\\/radioleinewelle.de\\\/#website\",\"url\":\"https:\\\/\\\/radioleinewelle.de\\\/\",\"name\":\"Radio Leinewelle\",\"description\":\"\",\"publisher\":{\"@id\":\"https:\\\/\\\/radioleinewelle.de\\\/#organization\"},\"potentialAction\":[{\"@type\":\"SearchAction\",\"target\":{\"@type\":\"EntryPoint\",\"urlTemplate\":\"https:\\\/\\\/radioleinewelle.de\\\/?s={search_term_string}\"},\"query-input\":{\"@type\":\"PropertyValueSpecification\",\"valueRequired\":true,\"valueName\":\"search_term_string\"}}],\"inLanguage\":\"de\"},{\"@type\":\"Organization\",\"@id\":\"https:\\\/\\\/radioleinewelle.de\\\/#organization\",\"name\":\"Radio Leinewelle\",\"alternateName\":\"Mein Radio f\u00fcr S\u00fcdniedersachsen\",\"url\":\"https:\\\/\\\/radioleinewelle.de\\\/\",\"logo\":{\"@type\":\"ImageObject\",\"inLanguage\":\"de\",\"@id\":\"https:\\\/\\\/radioleinewelle.de\\\/#\\\/schema\\\/logo\\\/image\\\/\",\"url\":\"https:\\\/\\\/radioleinewelle.de\\\/wp-content\\\/uploads\\\/2023\\\/11\\\/cropped-Leinewelle_Logo_weiss.png\",\"contentUrl\":\"https:\\\/\\\/radioleinewelle.de\\\/wp-content\\\/uploads\\\/2023\\\/11\\\/cropped-Leinewelle_Logo_weiss.png\",\"width\":854,\"height\":260,\"caption\":\"Radio Leinewelle\"},\"image\":{\"@id\":\"https:\\\/\\\/radioleinewelle.de\\\/#\\\/schema\\\/logo\\\/image\\\/\"},\"sameAs\":[\"https:\\\/\\\/www.facebook.com\\\/radioleinewelle\",\"https:\\\/\\\/x.com\\\/RLeinewelle\",\"https:\\\/\\\/www.instagram.com\\\/radioleinewelle\\\/?hl=de\"]},{\"@type\":\"Person\",\"@id\":\"https:\\\/\\\/radioleinewelle.de\\\/#\\\/schema\\\/person\\\/45606f348637df637192dc1b68399a63\",\"name\":\"Leinewelle\",\"image\":{\"@type\":\"ImageObject\",\"inLanguage\":\"de\",\"@id\":\"https:\\\/\\\/secure.gravatar.com\\\/avatar\\\/05c9a17bc973052ee5d91549bd32fb4dd0dc85b7b85ae94b2e2b4943476bbea5?s=96&d=blank&r=g\",\"url\":\"https:\\\/\\\/secure.gravatar.com\\\/avatar\\\/05c9a17bc973052ee5d91549bd32fb4dd0dc85b7b85ae94b2e2b4943476bbea5?s=96&d=blank&r=g\",\"contentUrl\":\"https:\\\/\\\/secure.gravatar.com\\\/avatar\\\/05c9a17bc973052ee5d91549bd32fb4dd0dc85b7b85ae94b2e2b4943476bbea5?s=96&d=blank&r=g\",\"caption\":\"Leinewelle\"},\"sameAs\":[\"http:\\\/\\\/localhost\\\/radio%20leinewelle\\\/wordpress\",\"https:\\\/\\\/www.facebook.com\\\/radioleinewelle\",\"https:\\\/\\\/www.instagram.com\\\/radioleinewelle\",\"https:\\\/\\\/x.com\\\/https:\\\/\\\/twitter.com\\\/RLeinewelle?ref_src=twsrcgoogletwcampserptwgrauthor\",\"https:\\\/\\\/soundcloud.com\\\/foerderverein-lokalradio?utm_source=clipboard&utm_medium=text&utm_campaign=social_sharing\"],\"url\":\"https:\\\/\\\/radioleinewelle.de\\\/index.php\\\/author\\\/leinewelle\\\/\"}]}<\/script>\n<!-- \/ Yoast SEO plugin. -->","yoast_head_json":{"title":"Schl\u00e4gereien in G\u00f6ttingen und Bad Grund - Radio Leinewelle","robots":{"index":"index","follow":"follow","max-snippet":"max-snippet:-1","max-image-preview":"max-image-preview:large","max-video-preview":"max-video-preview:-1"},"canonical":"https:\/\/radioleinewelle.de\/index.php\/2022\/02\/28\/schlaegereien-in-goettingen-und-bad-grund\/","og_locale":"de_DE","og_type":"article","og_title":"Schl\u00e4gereien in G\u00f6ttingen und Bad Grund - Radio Leinewelle","og_description":"In G\u00f6ttingen und in Bad Grund ist es am Wochenende zu Schl\u00e4gereien mit mehreren Verletzten gekommen. Dazu teilt die Polizei folgendes mit: Bei einer k\u00f6rperlichen Auseinandersetzung vor dem Auditorium am Weender Tor in G\u00f6ttingen ist am Samstag ) gegen 18.20 Uhr ein Heranwachsender schwer im Gesicht verletzt worden. Der 18-j\u00e4hrige G\u00f6ttinger wurde mit dem Rettungswagen [&hellip;]","og_url":"https:\/\/radioleinewelle.de\/index.php\/2022\/02\/28\/schlaegereien-in-goettingen-und-bad-grund\/","og_site_name":"Radio Leinewelle","article_publisher":"https:\/\/www.facebook.com\/radioleinewelle","article_author":"https:\/\/www.facebook.com\/radioleinewelle","article_published_time":"2022-02-28T04:29:26+00:00","og_image":[{"width":640,"height":360,"url":"https:\/\/radioleinewelle.de\/wp-content\/uploads\/2021\/08\/police-2817132_640.jpg","type":"image\/jpeg"}],"author":"Leinewelle","twitter_card":"summary_large_image","twitter_creator":"@https:\/\/twitter.com\/RLeinewelle?ref_src=twsrcgoogletwcampserptwgrauthor","twitter_site":"@RLeinewelle","twitter_misc":{"Verfasst von":"Leinewelle","Gesch\u00e4tzte Lesezeit":"1\u00a0Minute"},"schema":{"@context":"https:\/\/schema.org","@graph":[{"@type":"Article","@id":"https:\/\/radioleinewelle.de\/index.php\/2022\/02\/28\/schlaegereien-in-goettingen-und-bad-grund\/#article","isPartOf":{"@id":"https:\/\/radioleinewelle.de\/index.php\/2022\/02\/28\/schlaegereien-in-goettingen-und-bad-grund\/"},"author":{"name":"Leinewelle","@id":"https:\/\/radioleinewelle.de\/#\/schema\/person\/45606f348637df637192dc1b68399a63"},"headline":"Schl\u00e4gereien in G\u00f6ttingen und Bad Grund","datePublished":"2022-02-28T04:29:26+00:00","mainEntityOfPage":{"@id":"https:\/\/radioleinewelle.de\/index.php\/2022\/02\/28\/schlaegereien-in-goettingen-und-bad-grund\/"},"wordCount":186,"publisher":{"@id":"https:\/\/radioleinewelle.de\/#organization"},"image":{"@id":"https:\/\/radioleinewelle.de\/index.php\/2022\/02\/28\/schlaegereien-in-goettingen-und-bad-grund\/#primaryimage"},"thumbnailUrl":"https:\/\/radioleinewelle.de\/wp-content\/uploads\/2021\/08\/police-2817132_640.jpg","keywords":["Polizeiinspektion G\u00f6ttingen","Schl\u00e4gereien in G\u00f6ttingen und Bad Grund"],"articleSection":["Aktuelle Nachrichten"],"inLanguage":"de"},{"@type":"WebPage","@id":"https:\/\/radioleinewelle.de\/index.php\/2022\/02\/28\/schlaegereien-in-goettingen-und-bad-grund\/","url":"https:\/\/radioleinewelle.de\/index.php\/2022\/02\/28\/schlaegereien-in-goettingen-und-bad-grund\/","name":"Schl\u00e4gereien in G\u00f6ttingen und Bad Grund - Radio Leinewelle","isPartOf":{"@id":"https:\/\/radioleinewelle.de\/#website"},"primaryImageOfPage":{"@id":"https:\/\/radioleinewelle.de\/index.php\/2022\/02\/28\/schlaegereien-in-goettingen-und-bad-grund\/#primaryimage"},"image":{"@id":"https:\/\/radioleinewelle.de\/index.php\/2022\/02\/28\/schlaegereien-in-goettingen-und-bad-grund\/#primaryimage"},"thumbnailUrl":"https:\/\/radioleinewelle.de\/wp-content\/uploads\/2021\/08\/police-2817132_640.jpg","datePublished":"2022-02-28T04:29:26+00:00","breadcrumb":{"@id":"https:\/\/radioleinewelle.de\/index.php\/2022\/02\/28\/schlaegereien-in-goettingen-und-bad-grund\/#breadcrumb"},"inLanguage":"de","potentialAction":[{"@type":"ReadAction","target":["https:\/\/radioleinewelle.de\/index.php\/2022\/02\/28\/schlaegereien-in-goettingen-und-bad-grund\/"]}]},{"@type":"ImageObject","inLanguage":"de","@id":"https:\/\/radioleinewelle.de\/index.php\/2022\/02\/28\/schlaegereien-in-goettingen-und-bad-grund\/#primaryimage","url":"https:\/\/radioleinewelle.de\/wp-content\/uploads\/2021\/08\/police-2817132_640.jpg","contentUrl":"https:\/\/radioleinewelle.de\/wp-content\/uploads\/2021\/08\/police-2817132_640.jpg","width":640,"height":360},{"@type":"BreadcrumbList","@id":"https:\/\/radioleinewelle.de\/index.php\/2022\/02\/28\/schlaegereien-in-goettingen-und-bad-grund\/#breadcrumb","itemListElement":[{"@type":"ListItem","position":1,"name":"Startseite","item":"https:\/\/radioleinewelle.de\/"},{"@type":"ListItem","position":2,"name":"Schl\u00e4gereien in G\u00f6ttingen und Bad Grund"}]},{"@type":"WebSite","@id":"https:\/\/radioleinewelle.de\/#website","url":"https:\/\/radioleinewelle.de\/","name":"Radio Leinewelle","description":"","publisher":{"@id":"https:\/\/radioleinewelle.de\/#organization"},"potentialAction":[{"@type":"SearchAction","target":{"@type":"EntryPoint","urlTemplate":"https:\/\/radioleinewelle.de\/?s={search_term_string}"},"query-input":{"@type":"PropertyValueSpecification","valueRequired":true,"valueName":"search_term_string"}}],"inLanguage":"de"},{"@type":"Organization","@id":"https:\/\/radioleinewelle.de\/#organization","name":"Radio Leinewelle","alternateName":"Mein Radio f\u00fcr S\u00fcdniedersachsen","url":"https:\/\/radioleinewelle.de\/","logo":{"@type":"ImageObject","inLanguage":"de","@id":"https:\/\/radioleinewelle.de\/#\/schema\/logo\/image\/","url":"https:\/\/radioleinewelle.de\/wp-content\/uploads\/2023\/11\/cropped-Leinewelle_Logo_weiss.png","contentUrl":"https:\/\/radioleinewelle.de\/wp-content\/uploads\/2023\/11\/cropped-Leinewelle_Logo_weiss.png","width":854,"height":260,"caption":"Radio Leinewelle"},"image":{"@id":"https:\/\/radioleinewelle.de\/#\/schema\/logo\/image\/"},"sameAs":["https:\/\/www.facebook.com\/radioleinewelle","https:\/\/x.com\/RLeinewelle","https:\/\/www.instagram.com\/radioleinewelle\/?hl=de"]},{"@type":"Person","@id":"https:\/\/radioleinewelle.de\/#\/schema\/person\/45606f348637df637192dc1b68399a63","name":"Leinewelle","image":{"@type":"ImageObject","inLanguage":"de","@id":"https:\/\/secure.gravatar.com\/avatar\/05c9a17bc973052ee5d91549bd32fb4dd0dc85b7b85ae94b2e2b4943476bbea5?s=96&d=blank&r=g","url":"https:\/\/secure.gravatar.com\/avatar\/05c9a17bc973052ee5d91549bd32fb4dd0dc85b7b85ae94b2e2b4943476bbea5?s=96&d=blank&r=g","contentUrl":"https:\/\/secure.gravatar.com\/avatar\/05c9a17bc973052ee5d91549bd32fb4dd0dc85b7b85ae94b2e2b4943476bbea5?s=96&d=blank&r=g","caption":"Leinewelle"},"sameAs":["http:\/\/localhost\/radio%20leinewelle\/wordpress","https:\/\/www.facebook.com\/radioleinewelle","https:\/\/www.instagram.com\/radioleinewelle","https:\/\/x.com\/https:\/\/twitter.com\/RLeinewelle?ref_src=twsrcgoogletwcampserptwgrauthor","https:\/\/soundcloud.com\/foerderverein-lokalradio?utm_source=clipboard&utm_medium=text&utm_campaign=social_sharing"],"url":"https:\/\/radioleinewelle.de\/index.php\/author\/leinewelle\/"}]}},"_links":{"self":[{"href":"https:\/\/radioleinewelle.de\/index.php\/wp-json\/wp\/v2\/posts\/13097","targetHints":{"allow":["GET"]}}],"collection":[{"href":"https:\/\/radioleinewelle.de\/index.php\/wp-json\/wp\/v2\/posts"}],"about":[{"href":"https:\/\/radioleinewelle.de\/index.php\/wp-json\/wp\/v2\/types\/post"}],"author":[{"embeddable":true,"href":"https:\/\/radioleinewelle.de\/index.php\/wp-json\/wp\/v2\/users\/1"}],"replies":[{"embeddable":true,"href":"https:\/\/radioleinewelle.de\/index.php\/wp-json\/wp\/v2\/comments?post=13097"}],"version-history":[{"count":0,"href":"https:\/\/radioleinewelle.de\/index.php\/wp-json\/wp\/v2\/posts\/13097\/revisions"}],"wp:featuredmedia":[{"embeddable":true,"href":"https:\/\/radioleinewelle.de\/index.php\/wp-json\/wp\/v2\/media\/10261"}],"wp:attachment":[{"href":"https:\/\/radioleinewelle.de\/index.php\/wp-json\/wp\/v2\/media?parent=13097"}],"wp:term":[{"taxonomy":"category","embeddable":true,"href":"https:\/\/radioleinewelle.de\/index.php\/wp-json\/wp\/v2\/categories?post=13097"},{"taxonomy":"post_tag","embeddable":true,"href":"https:\/\/radioleinewelle.de\/index.php\/wp-json\/wp\/v2\/tags?post=13097"}],"curies":[{"name":"wp","href":"https:\/\/api.w.org\/{rel}","templated":true}]}}